{"id":110476,"date":"2020-09-30T13:58:32","date_gmt":"2020-09-30T12:58:32","guid":{"rendered":"http:\/\/newsestlyonnais.fr\/site\/?p=110476"},"modified":"2020-10-05T05:06:55","modified_gmt":"2020-10-05T04:06:55","slug":"vaulx-en-velin-4-festival-arta-sacra","status":"publish","type":"post","link":"https:\/\/newsestlyonnais.fr\/site\/2020\/09\/30\/vaulx-en-velin-4-festival-arta-sacra\/","title":{"rendered":"VAULX-EN-VELIN | Festival Arta Sacra (22\/9 au 3\/10)"},"content":{"rendered":"<p><strong>En participant \u00e0 ce festival d&rsquo;arts sacr\u00e9s de la Ville de Vaulx-en-Velin, d\u00e9couvrez des artistes et disciplines qui perp\u00e9tuent et subliment des arts ancestraux.<\/strong><\/p>\n<hr \/>\n<p><b><span style=\"text-decoration: underline;\">Au programme<\/span> :<\/b><\/p>\n<div>\n<p class=\"text-build-content\" data-testid=\"bvgxeDI9i\"><b><span style=\"text-decoration: underline;\">LES INITIATIONS ET D\u00c9COUVERTES<\/span> (<\/b><i><b>Sur r\u00e9servation aupr\u00e8s de l&rsquo;Espace Carco).<\/b><\/i><\/p>\n<ul>\n<li style=\"list-style-type: none;\">\n<ul>\n<li data-testid=\"bvgxeDI9i\"><b>Mardi 22 septembre, \u00e0 18 h 30 : <\/b>Conte <b>\u00ab NASREDINE : LES PAS SAGES D&rsquo;UN FOU \u00bb <\/b>Par Kamel Zouaoui. (<i>Centre social L\u00e9vy, <\/i><i>Place Andr\u00e9 Bollier).<br \/>\n<\/i><\/li>\n<li data-testid=\"bvgxeDI9i\">\n<p class=\"text-build-content\" data-testid=\"Nd-lQgo3w\"><b>Jeudi 24 septembre, \u00e0 12 h : <\/b>Concert repas <b>BALKANES. <\/b>Pas de vente de restauration sur place pour respecter les consignes sanitaires. Vous pouvez venir avec votre d\u00e9jeuner. (<i>Parc Fran\u00e7ois-Mitterrand) &amp; <\/i><b> \u00e0 17 h : <\/b>Initiation <b>CALLIGRAPHIE ARABE <\/b>Par Salah Al Moussawy. (<i>Centre Social et Culturel J. J. Peyri, <\/i><i>Rue Joseph Blein).<\/i><\/p>\n<\/li>\n<li data-testid=\"bvgxeDI9i\">\n<p class=\"text-build-content\" data-testid=\"Nd-lQgo3w\"><i><\/i><b>Lundi 28 septembre, \u00e0 14 h 30 : <\/b>Initiation <b>HATHA YOGA <\/b>Par Aurelita Nogueira. (<i>MJC de Vaulx-en-Velin,13 avenue Henri Barbusse).<\/i><\/p>\n<\/li>\n<li data-testid=\"bvgxeDI9i\">\n<p class=\"text-build-content\" data-testid=\"wViDX2hmqX\"><b>Mardi 29 septembre, \u00e0 18 h 30 : <\/b>Spectacle <b>CONTE D&rsquo;ABIDJAN <\/b>Par Flopy. (<i>Centre Social Grand Vire, <\/i><i>23 rue Jules Romain).<\/i><\/p>\n<\/li>\n<\/ul>\n<\/li>\n<li>\n<div>\n<p class=\"text-build-content\" data-testid=\"vC0sY5Jax\"><i>Spectacles et initiations gratuits, sur r\u00e9servation aupr\u00e8s de l\u2019Espace Carco :<\/i><\/p>\n<ul>\n<li><i>par mail \u00e0 accueilcarco@mairie-vaulxenvelin.fr\u00a0<\/i><\/li>\n<li><i>ou par t\u00e9l\u00e9phone au 04 78 80 22 61<\/i><\/li>\n<\/ul>\n<p class=\"text-build-content\" data-testid=\"vC0sY5Jax\"><i><b>Le port du masque est obligatoire sur l&rsquo;ensemble des \u00e9v\u00e9nements.<\/b><\/i><\/p>\n<hr \/>\n<\/div>\n<\/li>\n<\/ul>\n<div>\n<p class=\"text-build-content\" data-testid=\"p04wnmn1gq\"><b><span style=\"text-decoration: underline;\">LES SOIR\u00c9ES AU TH\u00c9\u00c2TRE DE VERDURE<\/span> (<\/b><i><b>Sur r\u00e9servation) :<br \/>\n<\/b><\/i><\/p>\n<ul>\n<li data-testid=\"p04wnmn1gq\"><strong><strong>Vendredi 2 octobre, \u00e0 20 h : <\/strong><\/strong>Concert <strong><strong>LES ESPOIRS DE CORONTHIE . <\/strong><\/strong>Premi\u00e8re partie \/ Spectacle <strong>DANSE MAHORAISE <\/strong>par les associations 7 semaines et Nourania.<\/li>\n<li data-testid=\"p04wnmn1gq\"><strong>Samedi 3 octobre, \u00e0 20 h : <\/strong>Concert<strong> GA\u00c2DA DIWANE DE B\u00c9CHAR.<\/strong><\/li>\n<\/ul>\n<hr \/>\n<p><span style=\"color: #0000ff;\"><em><strong><a style=\"color: #0000ff;\" href=\"http:\/\/o76g.mj.am\/nl2\/o76g\/mhqvx.html?m=AUYAAA4Rym0AAcmbFyQAAGOsOgIAAP-H360AGe0nAATlvQBfZcwgC2BeDkwZTb6mS7uwYlk7ywADZfo&amp;b=6ae659e8&amp;e=4c921d32&amp;x=bOMydZwjStJq-u-FXH0VeGpIlEAfw1H--qm_HnERAlQ\">Plus d&rsquo;infos sur le festival<\/a><\/strong><\/em>\u00a0<\/span><\/p>\n<hr \/>\n<p>&nbsp;<\/p>\n<\/div>\n<\/div>\n","protected":false},"excerpt":{"rendered":"<p>Durant deux semaines, assistez \u00e0 des ateliers d&rsquo;initiation, spectacles et concerts et laissez-vous embarquer dans un envo\u00fbtant voyage !<\/p>\n","protected":false},"author":4,"featured_media":110475,"comment_status":"open","ping_status":"open","sticky":false,"template":"","format":"standard","meta":{"footnotes":""},"categories":[3006,28],"tags":[],"class_list":["post-110476","post","type-post","status-publish","format-standard","has-post-thumbnail","hentry","category-musique-danse-humour","category-vaulx-en-velin"],"yoast_head":"<!-- This site is optimized with the Yoast SEO plugin v27.2 - https:\/\/yoast.com\/product\/yoast-seo-wordpress\/ -->\n<title>VAULX-EN-VELIN | Festival Arta Sacra (22\/9 au 3\/10) - News Est Lyonnais<\/title>\n<meta name=\"description\" content=\"VAULX-EN-VELIN | 4\u00b0 festival Arta Sacra\" \/>\n<meta name=\"robots\" content=\"index, follow, max-snippet:-1, max-image-preview:large, max-video-preview:-1\" \/>\n<link rel=\"canonical\" href=\"https:\/\/newsestlyonnais.fr\/site\/2020\/09\/30\/vaulx-en-velin-4-festival-arta-sacra\/\" \/>\n<meta property=\"og:locale\" content=\"fr_FR\" \/>\n<meta property=\"og:type\" content=\"article\" \/>\n<meta property=\"og:title\" content=\"VAULX-EN-VELIN | Festival Arta Sacra (22\/9 au 3\/10) - News Est Lyonnais\" \/>\n<meta property=\"og:description\" content=\"VAULX-EN-VELIN | 4\u00b0 festival Arta Sacra\" \/>\n<meta property=\"og:url\" content=\"https:\/\/newsestlyonnais.fr\/site\/2020\/09\/30\/vaulx-en-velin-4-festival-arta-sacra\/\" \/>\n<meta property=\"og:site_name\" content=\"News Est Lyonnais\" \/>\n<meta property=\"article:author\" content=\"https:\/\/www.facebook.com\/pascal.oberson.1?fref=ts\" \/>\n<meta property=\"article:published_time\" content=\"2020-09-30T12:58:32+00:00\" \/>\n<meta property=\"article:modified_time\" content=\"2020-10-05T04:06:55+00:00\" \/>\n<meta property=\"og:image\" content=\"https:\/\/i0.wp.com\/newsestlyonnais.fr\/site\/wp-content\/uploads\/2020\/09\/h1v2v.jpg?fit=800%2C250&ssl=1\" \/>\n\t<meta property=\"og:image:width\" content=\"800\" \/>\n\t<meta property=\"og:image:height\" content=\"250\" \/>\n\t<meta property=\"og:image:type\" content=\"image\/jpeg\" \/>\n<meta name=\"author\" content=\"R\u00e9dac. NEWS\" \/>\n<meta name=\"twitter:card\" content=\"summary_large_image\" \/>\n<meta name=\"twitter:label1\" content=\"\u00c9crit par\" \/>\n\t<meta name=\"twitter:data1\" content=\"R\u00e9dac. NEWS\" \/>\n\t<meta name=\"twitter:label2\" content=\"Dur\u00e9e de lecture estim\u00e9e\" \/>\n\t<meta name=\"twitter:data2\" content=\"1 minute\" \/>\n<script type=\"application\/ld+json\" class=\"yoast-schema-graph\">{\"@context\":\"https:\/\/schema.org\",\"@graph\":[{\"@type\":\"Article\",\"@id\":\"https:\/\/newsestlyonnais.fr\/site\/2020\/09\/30\/vaulx-en-velin-4-festival-arta-sacra\/#article\",\"isPartOf\":{\"@id\":\"https:\/\/newsestlyonnais.fr\/site\/2020\/09\/30\/vaulx-en-velin-4-festival-arta-sacra\/\"},\"author\":{\"name\":\"R\u00e9dac. NEWS\",\"@id\":\"https:\/\/newsestlyonnais.fr\/site\/#\/schema\/person\/3230d5615f390bb808365d673001e887\"},\"headline\":\"VAULX-EN-VELIN | Festival Arta Sacra (22\/9 au 3\/10)\",\"datePublished\":\"2020-09-30T12:58:32+00:00\",\"dateModified\":\"2020-10-05T04:06:55+00:00\",\"mainEntityOfPage\":{\"@id\":\"https:\/\/newsestlyonnais.fr\/site\/2020\/09\/30\/vaulx-en-velin-4-festival-arta-sacra\/\"},\"wordCount\":231,\"commentCount\":0,\"publisher\":{\"@id\":\"https:\/\/newsestlyonnais.fr\/site\/#organization\"},\"image\":{\"@id\":\"https:\/\/newsestlyonnais.fr\/site\/2020\/09\/30\/vaulx-en-velin-4-festival-arta-sacra\/#primaryimage\"},\"thumbnailUrl\":\"https:\/\/newsestlyonnais.fr\/site\/wp-content\/uploads\/2020\/09\/h1v2v.jpg\",\"articleSection\":[\"Musique | Danse | Humour\",\"Vaulx-en-Velin\"],\"inLanguage\":\"fr-FR\",\"potentialAction\":[{\"@type\":\"CommentAction\",\"name\":\"Comment\",\"target\":[\"https:\/\/newsestlyonnais.fr\/site\/2020\/09\/30\/vaulx-en-velin-4-festival-arta-sacra\/#respond\"]}]},{\"@type\":\"WebPage\",\"@id\":\"https:\/\/newsestlyonnais.fr\/site\/2020\/09\/30\/vaulx-en-velin-4-festival-arta-sacra\/\",\"url\":\"https:\/\/newsestlyonnais.fr\/site\/2020\/09\/30\/vaulx-en-velin-4-festival-arta-sacra\/\",\"name\":\"VAULX-EN-VELIN | Festival Arta Sacra (22\/9 au 3\/10) - News Est Lyonnais\",\"isPartOf\":{\"@id\":\"https:\/\/newsestlyonnais.fr\/site\/#website\"},\"primaryImageOfPage\":{\"@id\":\"https:\/\/newsestlyonnais.fr\/site\/2020\/09\/30\/vaulx-en-velin-4-festival-arta-sacra\/#primaryimage\"},\"image\":{\"@id\":\"https:\/\/newsestlyonnais.fr\/site\/2020\/09\/30\/vaulx-en-velin-4-festival-arta-sacra\/#primaryimage\"},\"thumbnailUrl\":\"https:\/\/newsestlyonnais.fr\/site\/wp-content\/uploads\/2020\/09\/h1v2v.jpg\",\"datePublished\":\"2020-09-30T12:58:32+00:00\",\"dateModified\":\"2020-10-05T04:06:55+00:00\",\"description\":\"VAULX-EN-VELIN | 4\u00b0 festival Arta Sacra\",\"breadcrumb\":{\"@id\":\"https:\/\/newsestlyonnais.fr\/site\/2020\/09\/30\/vaulx-en-velin-4-festival-arta-sacra\/#breadcrumb\"},\"inLanguage\":\"fr-FR\",\"potentialAction\":[{\"@type\":\"ReadAction\",\"target\":[\"https:\/\/newsestlyonnais.fr\/site\/2020\/09\/30\/vaulx-en-velin-4-festival-arta-sacra\/\"]}]},{\"@type\":\"ImageObject\",\"inLanguage\":\"fr-FR\",\"@id\":\"https:\/\/newsestlyonnais.fr\/site\/2020\/09\/30\/vaulx-en-velin-4-festival-arta-sacra\/#primaryimage\",\"url\":\"https:\/\/newsestlyonnais.fr\/site\/wp-content\/uploads\/2020\/09\/h1v2v.jpg\",\"contentUrl\":\"https:\/\/newsestlyonnais.fr\/site\/wp-content\/uploads\/2020\/09\/h1v2v.jpg\",\"width\":800,\"height\":250},{\"@type\":\"BreadcrumbList\",\"@id\":\"https:\/\/newsestlyonnais.fr\/site\/2020\/09\/30\/vaulx-en-velin-4-festival-arta-sacra\/#breadcrumb\",\"itemListElement\":[{\"@type\":\"ListItem\",\"position\":1,\"name\":\"Accueil\",\"item\":\"https:\/\/newsestlyonnais.fr\/site\/\"},{\"@type\":\"ListItem\",\"position\":2,\"name\":\"VAULX-EN-VELIN | Festival Arta Sacra (22\/9 au 3\/10)\"}]},{\"@type\":\"WebSite\",\"@id\":\"https:\/\/newsestlyonnais.fr\/site\/#website\",\"url\":\"https:\/\/newsestlyonnais.fr\/site\/\",\"name\":\"News Est Lyonnais\",\"description\":\"L&#039;actualit\u00e9 au plus pr\u00e8s\",\"publisher\":{\"@id\":\"https:\/\/newsestlyonnais.fr\/site\/#organization\"},\"potentialAction\":[{\"@type\":\"SearchAction\",\"target\":{\"@type\":\"EntryPoint\",\"urlTemplate\":\"https:\/\/newsestlyonnais.fr\/site\/?s={search_term_string}\"},\"query-input\":{\"@type\":\"PropertyValueSpecification\",\"valueRequired\":true,\"valueName\":\"search_term_string\"}}],\"inLanguage\":\"fr-FR\"},{\"@type\":\"Organization\",\"@id\":\"https:\/\/newsestlyonnais.fr\/site\/#organization\",\"name\":\"News EST LYONNAIS\",\"url\":\"https:\/\/newsestlyonnais.fr\/site\/\",\"logo\":{\"@type\":\"ImageObject\",\"inLanguage\":\"fr-FR\",\"@id\":\"https:\/\/newsestlyonnais.fr\/site\/#\/schema\/logo\/image\/\",\"url\":\"\",\"contentUrl\":\"\",\"caption\":\"News EST LYONNAIS\"},\"image\":{\"@id\":\"https:\/\/newsestlyonnais.fr\/site\/#\/schema\/logo\/image\/\"}},{\"@type\":\"Person\",\"@id\":\"https:\/\/newsestlyonnais.fr\/site\/#\/schema\/person\/3230d5615f390bb808365d673001e887\",\"name\":\"R\u00e9dac. NEWS\",\"sameAs\":[\"http:\/\/www.newsestlyonnais.fr\",\"https:\/\/www.facebook.com\/pascal.oberson.1?fref=ts\",\"https:\/\/fr.linkedin.com\/in\/pascal-oberson-b17045113\"],\"url\":\"https:\/\/newsestlyonnais.fr\/site\/author\/nel\/\"}]}<\/script>\n<!-- \/ Yoast SEO plugin. -->","yoast_head_json":{"title":"VAULX-EN-VELIN | Festival Arta Sacra (22\/9 au 3\/10) - News Est Lyonnais","description":"VAULX-EN-VELIN | 4\u00b0 festival Arta Sacra","robots":{"index":"index","follow":"follow","max-snippet":"max-snippet:-1","max-image-preview":"max-image-preview:large","max-video-preview":"max-video-preview:-1"},"canonical":"https:\/\/newsestlyonnais.fr\/site\/2020\/09\/30\/vaulx-en-velin-4-festival-arta-sacra\/","og_locale":"fr_FR","og_type":"article","og_title":"VAULX-EN-VELIN | Festival Arta Sacra (22\/9 au 3\/10) - News Est Lyonnais","og_description":"VAULX-EN-VELIN | 4\u00b0 festival Arta Sacra","og_url":"https:\/\/newsestlyonnais.fr\/site\/2020\/09\/30\/vaulx-en-velin-4-festival-arta-sacra\/","og_site_name":"News Est Lyonnais","article_author":"https:\/\/www.facebook.com\/pascal.oberson.1?fref=ts","article_published_time":"2020-09-30T12:58:32+00:00","article_modified_time":"2020-10-05T04:06:55+00:00","og_image":[{"width":800,"height":250,"url":"https:\/\/i0.wp.com\/newsestlyonnais.fr\/site\/wp-content\/uploads\/2020\/09\/h1v2v.jpg?fit=800%2C250&ssl=1","type":"image\/jpeg"}],"author":"R\u00e9dac. NEWS","twitter_card":"summary_large_image","twitter_misc":{"\u00c9crit par":"R\u00e9dac. NEWS","Dur\u00e9e de lecture estim\u00e9e":"1 minute"},"schema":{"@context":"https:\/\/schema.org","@graph":[{"@type":"Article","@id":"https:\/\/newsestlyonnais.fr\/site\/2020\/09\/30\/vaulx-en-velin-4-festival-arta-sacra\/#article","isPartOf":{"@id":"https:\/\/newsestlyonnais.fr\/site\/2020\/09\/30\/vaulx-en-velin-4-festival-arta-sacra\/"},"author":{"name":"R\u00e9dac. NEWS","@id":"https:\/\/newsestlyonnais.fr\/site\/#\/schema\/person\/3230d5615f390bb808365d673001e887"},"headline":"VAULX-EN-VELIN | Festival Arta Sacra (22\/9 au 3\/10)","datePublished":"2020-09-30T12:58:32+00:00","dateModified":"2020-10-05T04:06:55+00:00","mainEntityOfPage":{"@id":"https:\/\/newsestlyonnais.fr\/site\/2020\/09\/30\/vaulx-en-velin-4-festival-arta-sacra\/"},"wordCount":231,"commentCount":0,"publisher":{"@id":"https:\/\/newsestlyonnais.fr\/site\/#organization"},"image":{"@id":"https:\/\/newsestlyonnais.fr\/site\/2020\/09\/30\/vaulx-en-velin-4-festival-arta-sacra\/#primaryimage"},"thumbnailUrl":"https:\/\/newsestlyonnais.fr\/site\/wp-content\/uploads\/2020\/09\/h1v2v.jpg","articleSection":["Musique | Danse | Humour","Vaulx-en-Velin"],"inLanguage":"fr-FR","potentialAction":[{"@type":"CommentAction","name":"Comment","target":["https:\/\/newsestlyonnais.fr\/site\/2020\/09\/30\/vaulx-en-velin-4-festival-arta-sacra\/#respond"]}]},{"@type":"WebPage","@id":"https:\/\/newsestlyonnais.fr\/site\/2020\/09\/30\/vaulx-en-velin-4-festival-arta-sacra\/","url":"https:\/\/newsestlyonnais.fr\/site\/2020\/09\/30\/vaulx-en-velin-4-festival-arta-sacra\/","name":"VAULX-EN-VELIN | Festival Arta Sacra (22\/9 au 3\/10) - News Est Lyonnais","isPartOf":{"@id":"https:\/\/newsestlyonnais.fr\/site\/#website"},"primaryImageOfPage":{"@id":"https:\/\/newsestlyonnais.fr\/site\/2020\/09\/30\/vaulx-en-velin-4-festival-arta-sacra\/#primaryimage"},"image":{"@id":"https:\/\/newsestlyonnais.fr\/site\/2020\/09\/30\/vaulx-en-velin-4-festival-arta-sacra\/#primaryimage"},"thumbnailUrl":"https:\/\/newsestlyonnais.fr\/site\/wp-content\/uploads\/2020\/09\/h1v2v.jpg","datePublished":"2020-09-30T12:58:32+00:00","dateModified":"2020-10-05T04:06:55+00:00","description":"VAULX-EN-VELIN | 4\u00b0 festival Arta Sacra","breadcrumb":{"@id":"https:\/\/newsestlyonnais.fr\/site\/2020\/09\/30\/vaulx-en-velin-4-festival-arta-sacra\/#breadcrumb"},"inLanguage":"fr-FR","potentialAction":[{"@type":"ReadAction","target":["https:\/\/newsestlyonnais.fr\/site\/2020\/09\/30\/vaulx-en-velin-4-festival-arta-sacra\/"]}]},{"@type":"ImageObject","inLanguage":"fr-FR","@id":"https:\/\/newsestlyonnais.fr\/site\/2020\/09\/30\/vaulx-en-velin-4-festival-arta-sacra\/#primaryimage","url":"https:\/\/newsestlyonnais.fr\/site\/wp-content\/uploads\/2020\/09\/h1v2v.jpg","contentUrl":"https:\/\/newsestlyonnais.fr\/site\/wp-content\/uploads\/2020\/09\/h1v2v.jpg","width":800,"height":250},{"@type":"BreadcrumbList","@id":"https:\/\/newsestlyonnais.fr\/site\/2020\/09\/30\/vaulx-en-velin-4-festival-arta-sacra\/#breadcrumb","itemListElement":[{"@type":"ListItem","position":1,"name":"Accueil","item":"https:\/\/newsestlyonnais.fr\/site\/"},{"@type":"ListItem","position":2,"name":"VAULX-EN-VELIN | Festival Arta Sacra (22\/9 au 3\/10)"}]},{"@type":"WebSite","@id":"https:\/\/newsestlyonnais.fr\/site\/#website","url":"https:\/\/newsestlyonnais.fr\/site\/","name":"News Est Lyonnais","description":"L&#039;actualit\u00e9 au plus pr\u00e8s","publisher":{"@id":"https:\/\/newsestlyonnais.fr\/site\/#organization"},"potentialAction":[{"@type":"SearchAction","target":{"@type":"EntryPoint","urlTemplate":"https:\/\/newsestlyonnais.fr\/site\/?s={search_term_string}"},"query-input":{"@type":"PropertyValueSpecification","valueRequired":true,"valueName":"search_term_string"}}],"inLanguage":"fr-FR"},{"@type":"Organization","@id":"https:\/\/newsestlyonnais.fr\/site\/#organization","name":"News EST LYONNAIS","url":"https:\/\/newsestlyonnais.fr\/site\/","logo":{"@type":"ImageObject","inLanguage":"fr-FR","@id":"https:\/\/newsestlyonnais.fr\/site\/#\/schema\/logo\/image\/","url":"","contentUrl":"","caption":"News EST LYONNAIS"},"image":{"@id":"https:\/\/newsestlyonnais.fr\/site\/#\/schema\/logo\/image\/"}},{"@type":"Person","@id":"https:\/\/newsestlyonnais.fr\/site\/#\/schema\/person\/3230d5615f390bb808365d673001e887","name":"R\u00e9dac. NEWS","sameAs":["http:\/\/www.newsestlyonnais.fr","https:\/\/www.facebook.com\/pascal.oberson.1?fref=ts","https:\/\/fr.linkedin.com\/in\/pascal-oberson-b17045113"],"url":"https:\/\/newsestlyonnais.fr\/site\/author\/nel\/"}]}},"_links":{"self":[{"href":"https:\/\/newsestlyonnais.fr\/site\/wp-json\/wp\/v2\/posts\/110476","targetHints":{"allow":["GET"]}}],"collection":[{"href":"https:\/\/newsestlyonnais.fr\/site\/wp-json\/wp\/v2\/posts"}],"about":[{"href":"https:\/\/newsestlyonnais.fr\/site\/wp-json\/wp\/v2\/types\/post"}],"author":[{"embeddable":true,"href":"https:\/\/newsestlyonnais.fr\/site\/wp-json\/wp\/v2\/users\/4"}],"replies":[{"embeddable":true,"href":"https:\/\/newsestlyonnais.fr\/site\/wp-json\/wp\/v2\/comments?post=110476"}],"version-history":[{"count":0,"href":"https:\/\/newsestlyonnais.fr\/site\/wp-json\/wp\/v2\/posts\/110476\/revisions"}],"wp:featuredmedia":[{"embeddable":true,"href":"https:\/\/newsestlyonnais.fr\/site\/wp-json\/wp\/v2\/media\/110475"}],"wp:attachment":[{"href":"https:\/\/newsestlyonnais.fr\/site\/wp-json\/wp\/v2\/media?parent=110476"}],"wp:term":[{"taxonomy":"category","embeddable":true,"href":"https:\/\/newsestlyonnais.fr\/site\/wp-json\/wp\/v2\/categories?post=110476"},{"taxonomy":"post_tag","embeddable":true,"href":"https:\/\/newsestlyonnais.fr\/site\/wp-json\/wp\/v2\/tags?post=110476"}],"curies":[{"name":"wp","href":"https:\/\/api.w.org\/{rel}","templated":true}]}}