{"id":110704,"date":"2020-09-22T15:39:17","date_gmt":"2020-09-22T14:39:17","guid":{"rendered":"http:\/\/newsestlyonnais.fr\/site\/?p=110704"},"modified":"2020-09-22T18:13:30","modified_gmt":"2020-09-22T17:13:30","slug":"foire-de-lyon-pas-dedition-2020-de-cette-manifestation-qui-devait-feter-ses-104-ans","status":"publish","type":"post","link":"https:\/\/newsestlyonnais.fr\/site\/2020\/09\/22\/foire-de-lyon-pas-dedition-2020-de-cette-manifestation-qui-devait-feter-ses-104-ans\/","title":{"rendered":"FOIRE DE LYON | Pas d&rsquo;\u00e9dition 2020 de cette manifestation qui devait f\u00eater ses 104 ans"},"content":{"rendered":"<div class=\"cke-Content clearfix text-formatted field field--name-body field--type-text-with-summary field--label-hidden field__item\">\n<p><b>Retrouvez le communiqu\u00e9 de l<span lang=\"fr\" xml:lang=\"fr\">\u2019\u00e9quipe de la Foire de Lyon : <\/span><br \/>\n<\/b><\/p>\n<p><b>\u00a0\u00bb Au vu du contexte actuel et du renforcement des mesures sanitaires annonc\u00e9 ce jour par le Pr\u00e9fet du Rh\u00f4ne, c\u2019est avec grand regret que l&rsquo;\u00e9quipe de la Foire confirme l\u2019annulation de l\u2019\u00e9dition in\u00e9dite de Foire de Lyon, pr\u00e9vue du 8 au 12 octobre 2020<\/b>.<\/p>\n<p>Nous avons travaill\u00e9 sur cette \u00e9dition in\u00e9dite jusqu\u2019\u00e0 la derni\u00e8re minute sur la base des recommandations des autorit\u00e9s sanitaires et en concertation avec la Pr\u00e9fecture. Cependant, la d\u00e9gradation rapide et pr\u00e9occupante de la situation \u00e0 Lyon a conduit le Pr\u00e9fet \u00e0 prendre de nouvelles dispositions incompatibles avec la tenue d\u2019un \u00e9v\u00e9nement de l\u2019ampleur de la Foire de Lyon.<\/p>\n<p>Nous souhaitons sinc\u00e8rement remercier tous nos exposants, visiteurs, institutionnels et partenaires pour toute la confiance et le soutien qu\u2019ils nous ont t\u00e9moign\u00e9s ces derniers mois.<\/p>\n<p><strong>Rendez-vous en 2021 (du 27 Mars au 5 Avril)<\/strong> pour un moment festif, convivial et plus que jamais plac\u00e9 sous le signe de la <b>solidarit\u00e9<\/b> \u00ab\u00a0.<i>\u00a0<\/i><\/p>\n<p>&nbsp;<\/p>\n<p>&nbsp;<\/p>\n<\/div>\n","protected":false},"excerpt":{"rendered":"<p>Initialement pr\u00e9vue en mars puis en mai et du 8 au 12 octobre, elle a finalement \u00e9t\u00e9 annul\u00e9e par les organisateurs.<\/p>\n","protected":false},"author":4,"featured_media":107461,"comment_status":"open","ping_status":"open","sticky":false,"template":"","format":"standard","meta":{"footnotes":""},"categories":[2217,3329,1625],"tags":[],"class_list":["post-110704","post","type-post","status-publish","format-standard","has-post-thumbnail","hentry","category-breves-de-lest-lyonnais","category-expos-foires-musees-salons","category-lyon"],"yoast_head":"<!-- This site is optimized with the Yoast SEO plugin v27.2 - https:\/\/yoast.com\/product\/yoast-seo-wordpress\/ -->\n<title>FOIRE DE LYON | Pas d&#039;\u00e9dition 2020 de cette manifestation qui devait f\u00eater ses 104 ans - News Est Lyonnais<\/title>\n<meta name=\"description\" content=\"FOIRE DE LYON | Pas d&#039;\u00e9dition 2020 de cette manifestation qui devait f\u00eater ses 104 ans\" \/>\n<meta name=\"robots\" content=\"index, follow, max-snippet:-1, max-image-preview:large, max-video-preview:-1\" \/>\n<link rel=\"canonical\" href=\"https:\/\/newsestlyonnais.fr\/site\/2020\/09\/22\/foire-de-lyon-pas-dedition-2020-de-cette-manifestation-qui-devait-feter-ses-104-ans\/\" \/>\n<meta property=\"og:locale\" content=\"fr_FR\" \/>\n<meta property=\"og:type\" content=\"article\" \/>\n<meta property=\"og:title\" content=\"FOIRE DE LYON | Pas d&#039;\u00e9dition 2020 de cette manifestation qui devait f\u00eater ses 104 ans - News Est Lyonnais\" \/>\n<meta property=\"og:description\" content=\"FOIRE DE LYON | Pas d&#039;\u00e9dition 2020 de cette manifestation qui devait f\u00eater ses 104 ans\" \/>\n<meta property=\"og:url\" content=\"https:\/\/newsestlyonnais.fr\/site\/2020\/09\/22\/foire-de-lyon-pas-dedition-2020-de-cette-manifestation-qui-devait-feter-ses-104-ans\/\" \/>\n<meta property=\"og:site_name\" content=\"News Est Lyonnais\" \/>\n<meta property=\"article:author\" content=\"https:\/\/www.facebook.com\/pascal.oberson.1?fref=ts\" \/>\n<meta property=\"article:published_time\" content=\"2020-09-22T14:39:17+00:00\" \/>\n<meta property=\"article:modified_time\" content=\"2020-09-22T17:13:30+00:00\" \/>\n<meta property=\"og:image\" content=\"https:\/\/i1.wp.com\/newsestlyonnais.fr\/site\/wp-content\/uploads\/2020\/07\/NEWSESTLYONNAIS-FOIRELYON-OCT2020.jpg?fit=960%2C731&ssl=1\" \/>\n\t<meta property=\"og:image:width\" content=\"960\" \/>\n\t<meta property=\"og:image:height\" content=\"731\" \/>\n\t<meta property=\"og:image:type\" content=\"image\/jpeg\" \/>\n<meta name=\"author\" content=\"R\u00e9dac. NEWS\" \/>\n<meta name=\"twitter:card\" content=\"summary_large_image\" \/>\n<meta name=\"twitter:label1\" content=\"\u00c9crit par\" \/>\n\t<meta name=\"twitter:data1\" content=\"R\u00e9dac. NEWS\" \/>\n\t<meta name=\"twitter:label2\" content=\"Dur\u00e9e de lecture estim\u00e9e\" \/>\n\t<meta name=\"twitter:data2\" content=\"1 minute\" \/>\n<script type=\"application\/ld+json\" class=\"yoast-schema-graph\">{\"@context\":\"https:\/\/schema.org\",\"@graph\":[{\"@type\":\"Article\",\"@id\":\"https:\/\/newsestlyonnais.fr\/site\/2020\/09\/22\/foire-de-lyon-pas-dedition-2020-de-cette-manifestation-qui-devait-feter-ses-104-ans\/#article\",\"isPartOf\":{\"@id\":\"https:\/\/newsestlyonnais.fr\/site\/2020\/09\/22\/foire-de-lyon-pas-dedition-2020-de-cette-manifestation-qui-devait-feter-ses-104-ans\/\"},\"author\":{\"name\":\"R\u00e9dac. NEWS\",\"@id\":\"https:\/\/newsestlyonnais.fr\/site\/#\/schema\/person\/3230d5615f390bb808365d673001e887\"},\"headline\":\"FOIRE DE LYON | Pas d&rsquo;\u00e9dition 2020 de cette manifestation qui devait f\u00eater ses 104 ans\",\"datePublished\":\"2020-09-22T14:39:17+00:00\",\"dateModified\":\"2020-09-22T17:13:30+00:00\",\"mainEntityOfPage\":{\"@id\":\"https:\/\/newsestlyonnais.fr\/site\/2020\/09\/22\/foire-de-lyon-pas-dedition-2020-de-cette-manifestation-qui-devait-feter-ses-104-ans\/\"},\"wordCount\":194,\"commentCount\":0,\"publisher\":{\"@id\":\"https:\/\/newsestlyonnais.fr\/site\/#organization\"},\"image\":{\"@id\":\"https:\/\/newsestlyonnais.fr\/site\/2020\/09\/22\/foire-de-lyon-pas-dedition-2020-de-cette-manifestation-qui-devait-feter-ses-104-ans\/#primaryimage\"},\"thumbnailUrl\":\"https:\/\/newsestlyonnais.fr\/site\/wp-content\/uploads\/2020\/07\/NEWSESTLYONNAIS-FOIRELYON-OCT2020.jpg\",\"articleSection\":[\"Br\u00e8ves de l'Est lyonnais\",\"Expos | Foires | Mus\u00e9es | Salons\",\"Lyon\"],\"inLanguage\":\"fr-FR\",\"potentialAction\":[{\"@type\":\"CommentAction\",\"name\":\"Comment\",\"target\":[\"https:\/\/newsestlyonnais.fr\/site\/2020\/09\/22\/foire-de-lyon-pas-dedition-2020-de-cette-manifestation-qui-devait-feter-ses-104-ans\/#respond\"]}]},{\"@type\":\"WebPage\",\"@id\":\"https:\/\/newsestlyonnais.fr\/site\/2020\/09\/22\/foire-de-lyon-pas-dedition-2020-de-cette-manifestation-qui-devait-feter-ses-104-ans\/\",\"url\":\"https:\/\/newsestlyonnais.fr\/site\/2020\/09\/22\/foire-de-lyon-pas-dedition-2020-de-cette-manifestation-qui-devait-feter-ses-104-ans\/\",\"name\":\"FOIRE DE LYON | Pas d'\u00e9dition 2020 de cette manifestation qui devait f\u00eater ses 104 ans - News Est Lyonnais\",\"isPartOf\":{\"@id\":\"https:\/\/newsestlyonnais.fr\/site\/#website\"},\"primaryImageOfPage\":{\"@id\":\"https:\/\/newsestlyonnais.fr\/site\/2020\/09\/22\/foire-de-lyon-pas-dedition-2020-de-cette-manifestation-qui-devait-feter-ses-104-ans\/#primaryimage\"},\"image\":{\"@id\":\"https:\/\/newsestlyonnais.fr\/site\/2020\/09\/22\/foire-de-lyon-pas-dedition-2020-de-cette-manifestation-qui-devait-feter-ses-104-ans\/#primaryimage\"},\"thumbnailUrl\":\"https:\/\/newsestlyonnais.fr\/site\/wp-content\/uploads\/2020\/07\/NEWSESTLYONNAIS-FOIRELYON-OCT2020.jpg\",\"datePublished\":\"2020-09-22T14:39:17+00:00\",\"dateModified\":\"2020-09-22T17:13:30+00:00\",\"description\":\"FOIRE DE LYON | Pas d'\u00e9dition 2020 de cette manifestation qui devait f\u00eater ses 104 ans\",\"breadcrumb\":{\"@id\":\"https:\/\/newsestlyonnais.fr\/site\/2020\/09\/22\/foire-de-lyon-pas-dedition-2020-de-cette-manifestation-qui-devait-feter-ses-104-ans\/#breadcrumb\"},\"inLanguage\":\"fr-FR\",\"potentialAction\":[{\"@type\":\"ReadAction\",\"target\":[\"https:\/\/newsestlyonnais.fr\/site\/2020\/09\/22\/foire-de-lyon-pas-dedition-2020-de-cette-manifestation-qui-devait-feter-ses-104-ans\/\"]}]},{\"@type\":\"ImageObject\",\"inLanguage\":\"fr-FR\",\"@id\":\"https:\/\/newsestlyonnais.fr\/site\/2020\/09\/22\/foire-de-lyon-pas-dedition-2020-de-cette-manifestation-qui-devait-feter-ses-104-ans\/#primaryimage\",\"url\":\"https:\/\/newsestlyonnais.fr\/site\/wp-content\/uploads\/2020\/07\/NEWSESTLYONNAIS-FOIRELYON-OCT2020.jpg\",\"contentUrl\":\"https:\/\/newsestlyonnais.fr\/site\/wp-content\/uploads\/2020\/07\/NEWSESTLYONNAIS-FOIRELYON-OCT2020.jpg\",\"width\":960,\"height\":731},{\"@type\":\"BreadcrumbList\",\"@id\":\"https:\/\/newsestlyonnais.fr\/site\/2020\/09\/22\/foire-de-lyon-pas-dedition-2020-de-cette-manifestation-qui-devait-feter-ses-104-ans\/#breadcrumb\",\"itemListElement\":[{\"@type\":\"ListItem\",\"position\":1,\"name\":\"Accueil\",\"item\":\"https:\/\/newsestlyonnais.fr\/site\/\"},{\"@type\":\"ListItem\",\"position\":2,\"name\":\"FOIRE DE LYON | Pas d&rsquo;\u00e9dition 2020 de cette manifestation qui devait f\u00eater ses 104 ans\"}]},{\"@type\":\"WebSite\",\"@id\":\"https:\/\/newsestlyonnais.fr\/site\/#website\",\"url\":\"https:\/\/newsestlyonnais.fr\/site\/\",\"name\":\"News Est Lyonnais\",\"description\":\"L&#039;actualit\u00e9 au plus pr\u00e8s\",\"publisher\":{\"@id\":\"https:\/\/newsestlyonnais.fr\/site\/#organization\"},\"potentialAction\":[{\"@type\":\"SearchAction\",\"target\":{\"@type\":\"EntryPoint\",\"urlTemplate\":\"https:\/\/newsestlyonnais.fr\/site\/?s={search_term_string}\"},\"query-input\":{\"@type\":\"PropertyValueSpecification\",\"valueRequired\":true,\"valueName\":\"search_term_string\"}}],\"inLanguage\":\"fr-FR\"},{\"@type\":\"Organization\",\"@id\":\"https:\/\/newsestlyonnais.fr\/site\/#organization\",\"name\":\"News EST LYONNAIS\",\"url\":\"https:\/\/newsestlyonnais.fr\/site\/\",\"logo\":{\"@type\":\"ImageObject\",\"inLanguage\":\"fr-FR\",\"@id\":\"https:\/\/newsestlyonnais.fr\/site\/#\/schema\/logo\/image\/\",\"url\":\"\",\"contentUrl\":\"\",\"caption\":\"News EST LYONNAIS\"},\"image\":{\"@id\":\"https:\/\/newsestlyonnais.fr\/site\/#\/schema\/logo\/image\/\"}},{\"@type\":\"Person\",\"@id\":\"https:\/\/newsestlyonnais.fr\/site\/#\/schema\/person\/3230d5615f390bb808365d673001e887\",\"name\":\"R\u00e9dac. NEWS\",\"sameAs\":[\"http:\/\/www.newsestlyonnais.fr\",\"https:\/\/www.facebook.com\/pascal.oberson.1?fref=ts\",\"https:\/\/fr.linkedin.com\/in\/pascal-oberson-b17045113\"],\"url\":\"https:\/\/newsestlyonnais.fr\/site\/author\/nel\/\"}]}<\/script>\n<!-- \/ Yoast SEO plugin. -->","yoast_head_json":{"title":"FOIRE DE LYON | Pas d'\u00e9dition 2020 de cette manifestation qui devait f\u00eater ses 104 ans - News Est Lyonnais","description":"FOIRE DE LYON | Pas d'\u00e9dition 2020 de cette manifestation qui devait f\u00eater ses 104 ans","robots":{"index":"index","follow":"follow","max-snippet":"max-snippet:-1","max-image-preview":"max-image-preview:large","max-video-preview":"max-video-preview:-1"},"canonical":"https:\/\/newsestlyonnais.fr\/site\/2020\/09\/22\/foire-de-lyon-pas-dedition-2020-de-cette-manifestation-qui-devait-feter-ses-104-ans\/","og_locale":"fr_FR","og_type":"article","og_title":"FOIRE DE LYON | Pas d'\u00e9dition 2020 de cette manifestation qui devait f\u00eater ses 104 ans - News Est Lyonnais","og_description":"FOIRE DE LYON | Pas d'\u00e9dition 2020 de cette manifestation qui devait f\u00eater ses 104 ans","og_url":"https:\/\/newsestlyonnais.fr\/site\/2020\/09\/22\/foire-de-lyon-pas-dedition-2020-de-cette-manifestation-qui-devait-feter-ses-104-ans\/","og_site_name":"News Est Lyonnais","article_author":"https:\/\/www.facebook.com\/pascal.oberson.1?fref=ts","article_published_time":"2020-09-22T14:39:17+00:00","article_modified_time":"2020-09-22T17:13:30+00:00","og_image":[{"width":960,"height":731,"url":"https:\/\/i1.wp.com\/newsestlyonnais.fr\/site\/wp-content\/uploads\/2020\/07\/NEWSESTLYONNAIS-FOIRELYON-OCT2020.jpg?fit=960%2C731&ssl=1","type":"image\/jpeg"}],"author":"R\u00e9dac. NEWS","twitter_card":"summary_large_image","twitter_misc":{"\u00c9crit par":"R\u00e9dac. NEWS","Dur\u00e9e de lecture estim\u00e9e":"1 minute"},"schema":{"@context":"https:\/\/schema.org","@graph":[{"@type":"Article","@id":"https:\/\/newsestlyonnais.fr\/site\/2020\/09\/22\/foire-de-lyon-pas-dedition-2020-de-cette-manifestation-qui-devait-feter-ses-104-ans\/#article","isPartOf":{"@id":"https:\/\/newsestlyonnais.fr\/site\/2020\/09\/22\/foire-de-lyon-pas-dedition-2020-de-cette-manifestation-qui-devait-feter-ses-104-ans\/"},"author":{"name":"R\u00e9dac. NEWS","@id":"https:\/\/newsestlyonnais.fr\/site\/#\/schema\/person\/3230d5615f390bb808365d673001e887"},"headline":"FOIRE DE LYON | Pas d&rsquo;\u00e9dition 2020 de cette manifestation qui devait f\u00eater ses 104 ans","datePublished":"2020-09-22T14:39:17+00:00","dateModified":"2020-09-22T17:13:30+00:00","mainEntityOfPage":{"@id":"https:\/\/newsestlyonnais.fr\/site\/2020\/09\/22\/foire-de-lyon-pas-dedition-2020-de-cette-manifestation-qui-devait-feter-ses-104-ans\/"},"wordCount":194,"commentCount":0,"publisher":{"@id":"https:\/\/newsestlyonnais.fr\/site\/#organization"},"image":{"@id":"https:\/\/newsestlyonnais.fr\/site\/2020\/09\/22\/foire-de-lyon-pas-dedition-2020-de-cette-manifestation-qui-devait-feter-ses-104-ans\/#primaryimage"},"thumbnailUrl":"https:\/\/newsestlyonnais.fr\/site\/wp-content\/uploads\/2020\/07\/NEWSESTLYONNAIS-FOIRELYON-OCT2020.jpg","articleSection":["Br\u00e8ves de l'Est lyonnais","Expos | Foires | Mus\u00e9es | Salons","Lyon"],"inLanguage":"fr-FR","potentialAction":[{"@type":"CommentAction","name":"Comment","target":["https:\/\/newsestlyonnais.fr\/site\/2020\/09\/22\/foire-de-lyon-pas-dedition-2020-de-cette-manifestation-qui-devait-feter-ses-104-ans\/#respond"]}]},{"@type":"WebPage","@id":"https:\/\/newsestlyonnais.fr\/site\/2020\/09\/22\/foire-de-lyon-pas-dedition-2020-de-cette-manifestation-qui-devait-feter-ses-104-ans\/","url":"https:\/\/newsestlyonnais.fr\/site\/2020\/09\/22\/foire-de-lyon-pas-dedition-2020-de-cette-manifestation-qui-devait-feter-ses-104-ans\/","name":"FOIRE DE LYON | Pas d'\u00e9dition 2020 de cette manifestation qui devait f\u00eater ses 104 ans - News Est Lyonnais","isPartOf":{"@id":"https:\/\/newsestlyonnais.fr\/site\/#website"},"primaryImageOfPage":{"@id":"https:\/\/newsestlyonnais.fr\/site\/2020\/09\/22\/foire-de-lyon-pas-dedition-2020-de-cette-manifestation-qui-devait-feter-ses-104-ans\/#primaryimage"},"image":{"@id":"https:\/\/newsestlyonnais.fr\/site\/2020\/09\/22\/foire-de-lyon-pas-dedition-2020-de-cette-manifestation-qui-devait-feter-ses-104-ans\/#primaryimage"},"thumbnailUrl":"https:\/\/newsestlyonnais.fr\/site\/wp-content\/uploads\/2020\/07\/NEWSESTLYONNAIS-FOIRELYON-OCT2020.jpg","datePublished":"2020-09-22T14:39:17+00:00","dateModified":"2020-09-22T17:13:30+00:00","description":"FOIRE DE LYON | Pas d'\u00e9dition 2020 de cette manifestation qui devait f\u00eater ses 104 ans","breadcrumb":{"@id":"https:\/\/newsestlyonnais.fr\/site\/2020\/09\/22\/foire-de-lyon-pas-dedition-2020-de-cette-manifestation-qui-devait-feter-ses-104-ans\/#breadcrumb"},"inLanguage":"fr-FR","potentialAction":[{"@type":"ReadAction","target":["https:\/\/newsestlyonnais.fr\/site\/2020\/09\/22\/foire-de-lyon-pas-dedition-2020-de-cette-manifestation-qui-devait-feter-ses-104-ans\/"]}]},{"@type":"ImageObject","inLanguage":"fr-FR","@id":"https:\/\/newsestlyonnais.fr\/site\/2020\/09\/22\/foire-de-lyon-pas-dedition-2020-de-cette-manifestation-qui-devait-feter-ses-104-ans\/#primaryimage","url":"https:\/\/newsestlyonnais.fr\/site\/wp-content\/uploads\/2020\/07\/NEWSESTLYONNAIS-FOIRELYON-OCT2020.jpg","contentUrl":"https:\/\/newsestlyonnais.fr\/site\/wp-content\/uploads\/2020\/07\/NEWSESTLYONNAIS-FOIRELYON-OCT2020.jpg","width":960,"height":731},{"@type":"BreadcrumbList","@id":"https:\/\/newsestlyonnais.fr\/site\/2020\/09\/22\/foire-de-lyon-pas-dedition-2020-de-cette-manifestation-qui-devait-feter-ses-104-ans\/#breadcrumb","itemListElement":[{"@type":"ListItem","position":1,"name":"Accueil","item":"https:\/\/newsestlyonnais.fr\/site\/"},{"@type":"ListItem","position":2,"name":"FOIRE DE LYON | Pas d&rsquo;\u00e9dition 2020 de cette manifestation qui devait f\u00eater ses 104 ans"}]},{"@type":"WebSite","@id":"https:\/\/newsestlyonnais.fr\/site\/#website","url":"https:\/\/newsestlyonnais.fr\/site\/","name":"News Est Lyonnais","description":"L&#039;actualit\u00e9 au plus pr\u00e8s","publisher":{"@id":"https:\/\/newsestlyonnais.fr\/site\/#organization"},"potentialAction":[{"@type":"SearchAction","target":{"@type":"EntryPoint","urlTemplate":"https:\/\/newsestlyonnais.fr\/site\/?s={search_term_string}"},"query-input":{"@type":"PropertyValueSpecification","valueRequired":true,"valueName":"search_term_string"}}],"inLanguage":"fr-FR"},{"@type":"Organization","@id":"https:\/\/newsestlyonnais.fr\/site\/#organization","name":"News EST LYONNAIS","url":"https:\/\/newsestlyonnais.fr\/site\/","logo":{"@type":"ImageObject","inLanguage":"fr-FR","@id":"https:\/\/newsestlyonnais.fr\/site\/#\/schema\/logo\/image\/","url":"","contentUrl":"","caption":"News EST LYONNAIS"},"image":{"@id":"https:\/\/newsestlyonnais.fr\/site\/#\/schema\/logo\/image\/"}},{"@type":"Person","@id":"https:\/\/newsestlyonnais.fr\/site\/#\/schema\/person\/3230d5615f390bb808365d673001e887","name":"R\u00e9dac. NEWS","sameAs":["http:\/\/www.newsestlyonnais.fr","https:\/\/www.facebook.com\/pascal.oberson.1?fref=ts","https:\/\/fr.linkedin.com\/in\/pascal-oberson-b17045113"],"url":"https:\/\/newsestlyonnais.fr\/site\/author\/nel\/"}]}},"_links":{"self":[{"href":"https:\/\/newsestlyonnais.fr\/site\/wp-json\/wp\/v2\/posts\/110704","targetHints":{"allow":["GET"]}}],"collection":[{"href":"https:\/\/newsestlyonnais.fr\/site\/wp-json\/wp\/v2\/posts"}],"about":[{"href":"https:\/\/newsestlyonnais.fr\/site\/wp-json\/wp\/v2\/types\/post"}],"author":[{"embeddable":true,"href":"https:\/\/newsestlyonnais.fr\/site\/wp-json\/wp\/v2\/users\/4"}],"replies":[{"embeddable":true,"href":"https:\/\/newsestlyonnais.fr\/site\/wp-json\/wp\/v2\/comments?post=110704"}],"version-history":[{"count":0,"href":"https:\/\/newsestlyonnais.fr\/site\/wp-json\/wp\/v2\/posts\/110704\/revisions"}],"wp:featuredmedia":[{"embeddable":true,"href":"https:\/\/newsestlyonnais.fr\/site\/wp-json\/wp\/v2\/media\/107461"}],"wp:attachment":[{"href":"https:\/\/newsestlyonnais.fr\/site\/wp-json\/wp\/v2\/media?parent=110704"}],"wp:term":[{"taxonomy":"category","embeddable":true,"href":"https:\/\/newsestlyonnais.fr\/site\/wp-json\/wp\/v2\/categories?post=110704"},{"taxonomy":"post_tag","embeddable":true,"href":"https:\/\/newsestlyonnais.fr\/site\/wp-json\/wp\/v2\/tags?post=110704"}],"curies":[{"name":"wp","href":"https:\/\/api.w.org\/{rel}","templated":true}]}}