{"id":110741,"date":"2020-09-23T07:11:30","date_gmt":"2020-09-23T06:11:30","guid":{"rendered":"http:\/\/newsestlyonnais.fr\/site\/?p=110741"},"modified":"2020-10-22T07:14:08","modified_gmt":"2020-10-22T06:14:08","slug":"genas-annulation-de-linauguration-espace-museal-de-gandil","status":"publish","type":"post","link":"https:\/\/newsestlyonnais.fr\/site\/2020\/09\/23\/genas-annulation-de-linauguration-espace-museal-de-gandil\/","title":{"rendered":"GENAS | Annulation de l\u2019inauguration espace mus\u00e9al de Gandil"},"content":{"rendered":"<p>En raison de mauvaises pr\u00e9visions m\u00e9t\u00e9orologiques et en l\u2019absence de solutions de repli permettant de r\u00e9pondre de fa\u00e7on optimale aux mesures sanitaires actuellement en vigueur, la Ville de Genas se voit contrainte d\u2019annuler l\u2019inauguration de l\u2019espace mus\u00e9al de Gandil.<\/p>\n<p>Initialement pr\u00e9vu ce samedi 26 septembre apr\u00e8s-midi, l\u2019\u00e9v\u00e9nement est ainsi report\u00e9. Nous remercions les habitants de leur compr\u00e9hension et esp\u00e9rons leur faire d\u00e9couvrir la \u00abre-naissance\u00bb de cet espace au printemps prochain.<\/p>\n<hr \/>\n<p><strong><em>Source : communiqu\u00e9 de la Ville de Genas du 22 septembre 2020.<\/em> <\/strong><\/p>\n","protected":false},"excerpt":{"rendered":"<p>Initialement pr\u00e9vu ce samedi 26 septembre apr\u00e8s-midi, l\u2019\u00e9v\u00e9nement est ainsi report\u00e9.<\/p>\n","protected":false},"author":4,"featured_media":104048,"comment_status":"open","ping_status":"open","sticky":false,"template":"","format":"standard","meta":{"footnotes":""},"categories":[270,1598,3010],"tags":[],"class_list":["post-110741","post","type-post","status-publish","format-standard","has-post-thumbnail","hentry","category-cte-de-communes-c-c-e-l","category-genas","category-nature-environnement-culture-et-loisirs"],"yoast_head":"<!-- This site is optimized with the Yoast SEO plugin v27.2 - https:\/\/yoast.com\/product\/yoast-seo-wordpress\/ -->\n<title>GENAS | Annulation de l\u2019inauguration espace mus\u00e9al de Gandil - News Est Lyonnais<\/title>\n<meta name=\"description\" content=\"GENAS | Annulation de l\u2019inauguration de l\u2019espace mus\u00e9al de Gandil\" \/>\n<meta name=\"robots\" content=\"index, follow, max-snippet:-1, max-image-preview:large, max-video-preview:-1\" \/>\n<link rel=\"canonical\" href=\"https:\/\/newsestlyonnais.fr\/site\/2020\/09\/23\/genas-annulation-de-linauguration-espace-museal-de-gandil\/\" \/>\n<meta property=\"og:locale\" content=\"fr_FR\" \/>\n<meta property=\"og:type\" content=\"article\" \/>\n<meta property=\"og:title\" content=\"GENAS | Annulation de l\u2019inauguration espace mus\u00e9al de Gandil - News Est Lyonnais\" \/>\n<meta property=\"og:description\" content=\"GENAS | Annulation de l\u2019inauguration de l\u2019espace mus\u00e9al de Gandil\" \/>\n<meta property=\"og:url\" content=\"https:\/\/newsestlyonnais.fr\/site\/2020\/09\/23\/genas-annulation-de-linauguration-espace-museal-de-gandil\/\" \/>\n<meta property=\"og:site_name\" content=\"News Est Lyonnais\" \/>\n<meta property=\"article:author\" content=\"https:\/\/www.facebook.com\/pascal.oberson.1?fref=ts\" \/>\n<meta property=\"article:published_time\" content=\"2020-09-23T06:11:30+00:00\" \/>\n<meta property=\"article:modified_time\" content=\"2020-10-22T06:14:08+00:00\" \/>\n<meta property=\"og:image\" content=\"https:\/\/i2.wp.com\/newsestlyonnais.fr\/site\/wp-content\/uploads\/2020\/06\/Projet-espace-mus\u00e9al-Gandil.png?fit=928%2C522&ssl=1\" \/>\n\t<meta property=\"og:image:width\" content=\"928\" \/>\n\t<meta property=\"og:image:height\" content=\"522\" \/>\n\t<meta property=\"og:image:type\" content=\"image\/png\" \/>\n<meta name=\"author\" content=\"R\u00e9dac. NEWS\" \/>\n<meta name=\"twitter:card\" content=\"summary_large_image\" \/>\n<meta name=\"twitter:label1\" content=\"\u00c9crit par\" \/>\n\t<meta name=\"twitter:data1\" content=\"R\u00e9dac. NEWS\" \/>\n<script type=\"application\/ld+json\" class=\"yoast-schema-graph\">{\"@context\":\"https:\/\/schema.org\",\"@graph\":[{\"@type\":\"Article\",\"@id\":\"https:\/\/newsestlyonnais.fr\/site\/2020\/09\/23\/genas-annulation-de-linauguration-espace-museal-de-gandil\/#article\",\"isPartOf\":{\"@id\":\"https:\/\/newsestlyonnais.fr\/site\/2020\/09\/23\/genas-annulation-de-linauguration-espace-museal-de-gandil\/\"},\"author\":{\"name\":\"R\u00e9dac. NEWS\",\"@id\":\"https:\/\/newsestlyonnais.fr\/site\/#\/schema\/person\/3230d5615f390bb808365d673001e887\"},\"headline\":\"GENAS | Annulation de l\u2019inauguration espace mus\u00e9al de Gandil\",\"datePublished\":\"2020-09-23T06:11:30+00:00\",\"dateModified\":\"2020-10-22T06:14:08+00:00\",\"mainEntityOfPage\":{\"@id\":\"https:\/\/newsestlyonnais.fr\/site\/2020\/09\/23\/genas-annulation-de-linauguration-espace-museal-de-gandil\/\"},\"wordCount\":105,\"commentCount\":0,\"publisher\":{\"@id\":\"https:\/\/newsestlyonnais.fr\/site\/#organization\"},\"image\":{\"@id\":\"https:\/\/newsestlyonnais.fr\/site\/2020\/09\/23\/genas-annulation-de-linauguration-espace-museal-de-gandil\/#primaryimage\"},\"thumbnailUrl\":\"https:\/\/newsestlyonnais.fr\/site\/wp-content\/uploads\/2020\/06\/Projet-espace-mus\u00e9al-Gandil.png\",\"articleSection\":[\"CCEL | Communes\",\"Genas\",\"Nature | Environnement | Chasse\"],\"inLanguage\":\"fr-FR\",\"potentialAction\":[{\"@type\":\"CommentAction\",\"name\":\"Comment\",\"target\":[\"https:\/\/newsestlyonnais.fr\/site\/2020\/09\/23\/genas-annulation-de-linauguration-espace-museal-de-gandil\/#respond\"]}]},{\"@type\":\"WebPage\",\"@id\":\"https:\/\/newsestlyonnais.fr\/site\/2020\/09\/23\/genas-annulation-de-linauguration-espace-museal-de-gandil\/\",\"url\":\"https:\/\/newsestlyonnais.fr\/site\/2020\/09\/23\/genas-annulation-de-linauguration-espace-museal-de-gandil\/\",\"name\":\"GENAS | Annulation de l\u2019inauguration espace mus\u00e9al de Gandil - News Est Lyonnais\",\"isPartOf\":{\"@id\":\"https:\/\/newsestlyonnais.fr\/site\/#website\"},\"primaryImageOfPage\":{\"@id\":\"https:\/\/newsestlyonnais.fr\/site\/2020\/09\/23\/genas-annulation-de-linauguration-espace-museal-de-gandil\/#primaryimage\"},\"image\":{\"@id\":\"https:\/\/newsestlyonnais.fr\/site\/2020\/09\/23\/genas-annulation-de-linauguration-espace-museal-de-gandil\/#primaryimage\"},\"thumbnailUrl\":\"https:\/\/newsestlyonnais.fr\/site\/wp-content\/uploads\/2020\/06\/Projet-espace-mus\u00e9al-Gandil.png\",\"datePublished\":\"2020-09-23T06:11:30+00:00\",\"dateModified\":\"2020-10-22T06:14:08+00:00\",\"description\":\"GENAS | Annulation de l\u2019inauguration de l\u2019espace mus\u00e9al de Gandil\",\"breadcrumb\":{\"@id\":\"https:\/\/newsestlyonnais.fr\/site\/2020\/09\/23\/genas-annulation-de-linauguration-espace-museal-de-gandil\/#breadcrumb\"},\"inLanguage\":\"fr-FR\",\"potentialAction\":[{\"@type\":\"ReadAction\",\"target\":[\"https:\/\/newsestlyonnais.fr\/site\/2020\/09\/23\/genas-annulation-de-linauguration-espace-museal-de-gandil\/\"]}]},{\"@type\":\"ImageObject\",\"inLanguage\":\"fr-FR\",\"@id\":\"https:\/\/newsestlyonnais.fr\/site\/2020\/09\/23\/genas-annulation-de-linauguration-espace-museal-de-gandil\/#primaryimage\",\"url\":\"https:\/\/newsestlyonnais.fr\/site\/wp-content\/uploads\/2020\/06\/Projet-espace-mus\u00e9al-Gandil.png\",\"contentUrl\":\"https:\/\/newsestlyonnais.fr\/site\/wp-content\/uploads\/2020\/06\/Projet-espace-mus\u00e9al-Gandil.png\",\"width\":928,\"height\":522},{\"@type\":\"BreadcrumbList\",\"@id\":\"https:\/\/newsestlyonnais.fr\/site\/2020\/09\/23\/genas-annulation-de-linauguration-espace-museal-de-gandil\/#breadcrumb\",\"itemListElement\":[{\"@type\":\"ListItem\",\"position\":1,\"name\":\"Accueil\",\"item\":\"https:\/\/newsestlyonnais.fr\/site\/\"},{\"@type\":\"ListItem\",\"position\":2,\"name\":\"GENAS | Annulation de l\u2019inauguration espace mus\u00e9al de Gandil\"}]},{\"@type\":\"WebSite\",\"@id\":\"https:\/\/newsestlyonnais.fr\/site\/#website\",\"url\":\"https:\/\/newsestlyonnais.fr\/site\/\",\"name\":\"News Est Lyonnais\",\"description\":\"L&#039;actualit\u00e9 au plus pr\u00e8s\",\"publisher\":{\"@id\":\"https:\/\/newsestlyonnais.fr\/site\/#organization\"},\"potentialAction\":[{\"@type\":\"SearchAction\",\"target\":{\"@type\":\"EntryPoint\",\"urlTemplate\":\"https:\/\/newsestlyonnais.fr\/site\/?s={search_term_string}\"},\"query-input\":{\"@type\":\"PropertyValueSpecification\",\"valueRequired\":true,\"valueName\":\"search_term_string\"}}],\"inLanguage\":\"fr-FR\"},{\"@type\":\"Organization\",\"@id\":\"https:\/\/newsestlyonnais.fr\/site\/#organization\",\"name\":\"News EST LYONNAIS\",\"url\":\"https:\/\/newsestlyonnais.fr\/site\/\",\"logo\":{\"@type\":\"ImageObject\",\"inLanguage\":\"fr-FR\",\"@id\":\"https:\/\/newsestlyonnais.fr\/site\/#\/schema\/logo\/image\/\",\"url\":\"\",\"contentUrl\":\"\",\"caption\":\"News EST LYONNAIS\"},\"image\":{\"@id\":\"https:\/\/newsestlyonnais.fr\/site\/#\/schema\/logo\/image\/\"}},{\"@type\":\"Person\",\"@id\":\"https:\/\/newsestlyonnais.fr\/site\/#\/schema\/person\/3230d5615f390bb808365d673001e887\",\"name\":\"R\u00e9dac. NEWS\",\"sameAs\":[\"http:\/\/www.newsestlyonnais.fr\",\"https:\/\/www.facebook.com\/pascal.oberson.1?fref=ts\",\"https:\/\/fr.linkedin.com\/in\/pascal-oberson-b17045113\"],\"url\":\"https:\/\/newsestlyonnais.fr\/site\/author\/nel\/\"}]}<\/script>\n<!-- \/ Yoast SEO plugin. -->","yoast_head_json":{"title":"GENAS | Annulation de l\u2019inauguration espace mus\u00e9al de Gandil - News Est Lyonnais","description":"GENAS | Annulation de l\u2019inauguration de l\u2019espace mus\u00e9al de Gandil","robots":{"index":"index","follow":"follow","max-snippet":"max-snippet:-1","max-image-preview":"max-image-preview:large","max-video-preview":"max-video-preview:-1"},"canonical":"https:\/\/newsestlyonnais.fr\/site\/2020\/09\/23\/genas-annulation-de-linauguration-espace-museal-de-gandil\/","og_locale":"fr_FR","og_type":"article","og_title":"GENAS | Annulation de l\u2019inauguration espace mus\u00e9al de Gandil - News Est Lyonnais","og_description":"GENAS | Annulation de l\u2019inauguration de l\u2019espace mus\u00e9al de Gandil","og_url":"https:\/\/newsestlyonnais.fr\/site\/2020\/09\/23\/genas-annulation-de-linauguration-espace-museal-de-gandil\/","og_site_name":"News Est Lyonnais","article_author":"https:\/\/www.facebook.com\/pascal.oberson.1?fref=ts","article_published_time":"2020-09-23T06:11:30+00:00","article_modified_time":"2020-10-22T06:14:08+00:00","og_image":[{"width":928,"height":522,"url":"https:\/\/i2.wp.com\/newsestlyonnais.fr\/site\/wp-content\/uploads\/2020\/06\/Projet-espace-mus\u00e9al-Gandil.png?fit=928%2C522&ssl=1","type":"image\/png"}],"author":"R\u00e9dac. NEWS","twitter_card":"summary_large_image","twitter_misc":{"\u00c9crit par":"R\u00e9dac. NEWS"},"schema":{"@context":"https:\/\/schema.org","@graph":[{"@type":"Article","@id":"https:\/\/newsestlyonnais.fr\/site\/2020\/09\/23\/genas-annulation-de-linauguration-espace-museal-de-gandil\/#article","isPartOf":{"@id":"https:\/\/newsestlyonnais.fr\/site\/2020\/09\/23\/genas-annulation-de-linauguration-espace-museal-de-gandil\/"},"author":{"name":"R\u00e9dac. NEWS","@id":"https:\/\/newsestlyonnais.fr\/site\/#\/schema\/person\/3230d5615f390bb808365d673001e887"},"headline":"GENAS | Annulation de l\u2019inauguration espace mus\u00e9al de Gandil","datePublished":"2020-09-23T06:11:30+00:00","dateModified":"2020-10-22T06:14:08+00:00","mainEntityOfPage":{"@id":"https:\/\/newsestlyonnais.fr\/site\/2020\/09\/23\/genas-annulation-de-linauguration-espace-museal-de-gandil\/"},"wordCount":105,"commentCount":0,"publisher":{"@id":"https:\/\/newsestlyonnais.fr\/site\/#organization"},"image":{"@id":"https:\/\/newsestlyonnais.fr\/site\/2020\/09\/23\/genas-annulation-de-linauguration-espace-museal-de-gandil\/#primaryimage"},"thumbnailUrl":"https:\/\/newsestlyonnais.fr\/site\/wp-content\/uploads\/2020\/06\/Projet-espace-mus\u00e9al-Gandil.png","articleSection":["CCEL | Communes","Genas","Nature | Environnement | Chasse"],"inLanguage":"fr-FR","potentialAction":[{"@type":"CommentAction","name":"Comment","target":["https:\/\/newsestlyonnais.fr\/site\/2020\/09\/23\/genas-annulation-de-linauguration-espace-museal-de-gandil\/#respond"]}]},{"@type":"WebPage","@id":"https:\/\/newsestlyonnais.fr\/site\/2020\/09\/23\/genas-annulation-de-linauguration-espace-museal-de-gandil\/","url":"https:\/\/newsestlyonnais.fr\/site\/2020\/09\/23\/genas-annulation-de-linauguration-espace-museal-de-gandil\/","name":"GENAS | Annulation de l\u2019inauguration espace mus\u00e9al de Gandil - News Est Lyonnais","isPartOf":{"@id":"https:\/\/newsestlyonnais.fr\/site\/#website"},"primaryImageOfPage":{"@id":"https:\/\/newsestlyonnais.fr\/site\/2020\/09\/23\/genas-annulation-de-linauguration-espace-museal-de-gandil\/#primaryimage"},"image":{"@id":"https:\/\/newsestlyonnais.fr\/site\/2020\/09\/23\/genas-annulation-de-linauguration-espace-museal-de-gandil\/#primaryimage"},"thumbnailUrl":"https:\/\/newsestlyonnais.fr\/site\/wp-content\/uploads\/2020\/06\/Projet-espace-mus\u00e9al-Gandil.png","datePublished":"2020-09-23T06:11:30+00:00","dateModified":"2020-10-22T06:14:08+00:00","description":"GENAS | Annulation de l\u2019inauguration de l\u2019espace mus\u00e9al de Gandil","breadcrumb":{"@id":"https:\/\/newsestlyonnais.fr\/site\/2020\/09\/23\/genas-annulation-de-linauguration-espace-museal-de-gandil\/#breadcrumb"},"inLanguage":"fr-FR","potentialAction":[{"@type":"ReadAction","target":["https:\/\/newsestlyonnais.fr\/site\/2020\/09\/23\/genas-annulation-de-linauguration-espace-museal-de-gandil\/"]}]},{"@type":"ImageObject","inLanguage":"fr-FR","@id":"https:\/\/newsestlyonnais.fr\/site\/2020\/09\/23\/genas-annulation-de-linauguration-espace-museal-de-gandil\/#primaryimage","url":"https:\/\/newsestlyonnais.fr\/site\/wp-content\/uploads\/2020\/06\/Projet-espace-mus\u00e9al-Gandil.png","contentUrl":"https:\/\/newsestlyonnais.fr\/site\/wp-content\/uploads\/2020\/06\/Projet-espace-mus\u00e9al-Gandil.png","width":928,"height":522},{"@type":"BreadcrumbList","@id":"https:\/\/newsestlyonnais.fr\/site\/2020\/09\/23\/genas-annulation-de-linauguration-espace-museal-de-gandil\/#breadcrumb","itemListElement":[{"@type":"ListItem","position":1,"name":"Accueil","item":"https:\/\/newsestlyonnais.fr\/site\/"},{"@type":"ListItem","position":2,"name":"GENAS | Annulation de l\u2019inauguration espace mus\u00e9al de Gandil"}]},{"@type":"WebSite","@id":"https:\/\/newsestlyonnais.fr\/site\/#website","url":"https:\/\/newsestlyonnais.fr\/site\/","name":"News Est Lyonnais","description":"L&#039;actualit\u00e9 au plus pr\u00e8s","publisher":{"@id":"https:\/\/newsestlyonnais.fr\/site\/#organization"},"potentialAction":[{"@type":"SearchAction","target":{"@type":"EntryPoint","urlTemplate":"https:\/\/newsestlyonnais.fr\/site\/?s={search_term_string}"},"query-input":{"@type":"PropertyValueSpecification","valueRequired":true,"valueName":"search_term_string"}}],"inLanguage":"fr-FR"},{"@type":"Organization","@id":"https:\/\/newsestlyonnais.fr\/site\/#organization","name":"News EST LYONNAIS","url":"https:\/\/newsestlyonnais.fr\/site\/","logo":{"@type":"ImageObject","inLanguage":"fr-FR","@id":"https:\/\/newsestlyonnais.fr\/site\/#\/schema\/logo\/image\/","url":"","contentUrl":"","caption":"News EST LYONNAIS"},"image":{"@id":"https:\/\/newsestlyonnais.fr\/site\/#\/schema\/logo\/image\/"}},{"@type":"Person","@id":"https:\/\/newsestlyonnais.fr\/site\/#\/schema\/person\/3230d5615f390bb808365d673001e887","name":"R\u00e9dac. NEWS","sameAs":["http:\/\/www.newsestlyonnais.fr","https:\/\/www.facebook.com\/pascal.oberson.1?fref=ts","https:\/\/fr.linkedin.com\/in\/pascal-oberson-b17045113"],"url":"https:\/\/newsestlyonnais.fr\/site\/author\/nel\/"}]}},"_links":{"self":[{"href":"https:\/\/newsestlyonnais.fr\/site\/wp-json\/wp\/v2\/posts\/110741","targetHints":{"allow":["GET"]}}],"collection":[{"href":"https:\/\/newsestlyonnais.fr\/site\/wp-json\/wp\/v2\/posts"}],"about":[{"href":"https:\/\/newsestlyonnais.fr\/site\/wp-json\/wp\/v2\/types\/post"}],"author":[{"embeddable":true,"href":"https:\/\/newsestlyonnais.fr\/site\/wp-json\/wp\/v2\/users\/4"}],"replies":[{"embeddable":true,"href":"https:\/\/newsestlyonnais.fr\/site\/wp-json\/wp\/v2\/comments?post=110741"}],"version-history":[{"count":0,"href":"https:\/\/newsestlyonnais.fr\/site\/wp-json\/wp\/v2\/posts\/110741\/revisions"}],"wp:featuredmedia":[{"embeddable":true,"href":"https:\/\/newsestlyonnais.fr\/site\/wp-json\/wp\/v2\/media\/104048"}],"wp:attachment":[{"href":"https:\/\/newsestlyonnais.fr\/site\/wp-json\/wp\/v2\/media?parent=110741"}],"wp:term":[{"taxonomy":"category","embeddable":true,"href":"https:\/\/newsestlyonnais.fr\/site\/wp-json\/wp\/v2\/categories?post=110741"},{"taxonomy":"post_tag","embeddable":true,"href":"https:\/\/newsestlyonnais.fr\/site\/wp-json\/wp\/v2\/tags?post=110741"}],"curies":[{"name":"wp","href":"https:\/\/api.w.org\/{rel}","templated":true}]}}