{"id":110819,"date":"2020-09-23T13:29:28","date_gmt":"2020-09-23T12:29:28","guid":{"rendered":"http:\/\/newsestlyonnais.fr\/site\/?p=110819"},"modified":"2020-09-24T08:38:59","modified_gmt":"2020-09-24T07:38:59","slug":"pusignan-le-tournoi-jeunes-de-tennis-a-pris-fin","status":"publish","type":"post","link":"https:\/\/newsestlyonnais.fr\/site\/2020\/09\/23\/pusignan-le-tournoi-jeunes-de-tennis-a-pris-fin\/","title":{"rendered":"PUSIGNAN | Le tournoi jeunes de tennis a pris fin"},"content":{"rendered":"<p>Une comp\u00e9tition organis\u00e9e par le club local de l&rsquo;Association Tennis Pusignan d\u00e9marr\u00e9e le samedi 5 septembre et qui a rassembl\u00e9 110 joueurs dont 20 filles.<\/p>\n<hr \/>\n<p><span style=\"text-decoration: underline;\"><em><strong>Les r\u00e9sultats dans les 5 tableaux<\/strong><\/em><\/span> :<\/p>\n<p><span style=\"text-decoration: underline;\"><strong>Filles <\/strong><\/span><\/p>\n<ul>\n<li><span style=\"text-decoration: underline;\"><strong>11\/14 ans<\/strong><\/span> : <strong>Victoria Watine<\/strong> (TC AS Caluire) bat Camille Viot (TC Murois). <span style=\"text-decoration: underline;\">Demi-finalistes<\/span> : Capucine Charcosset (FCL Tennis) &amp; Fanny Gregnac (RC Montluel).<\/li>\n<li><span style=\"text-decoration: underline;\"><strong>17\/18 ans<\/strong><\/span> : <strong>Massilya Zouaoui<\/strong> (Stade Auto Lyonnais) bat Carla Pomade (TC Dardilly-Champagne). <span style=\"text-decoration: underline;\">Demi-finalistes<\/span> : Karleen Geubbels (TC Dardilly-Champagne) &amp; Nina Mkrtichyan (Meyzieu Tennis).<\/li>\n<\/ul>\n<p><span style=\"text-decoration: underline;\"><strong>Gar\u00e7ons<\/strong><\/span> :<\/p>\n<ul>\n<li><span style=\"text-decoration: underline;\"><strong>11\/12 ans<\/strong><\/span><strong> : Raphael Chabert<\/strong> (FCL Tennis) bat Jules Cornut-Chauvin (TC Tr\u00e9voux). <span style=\"text-decoration: underline;\">Demi-finalistes<\/span> : Tristan Ducros (TC Lagnieu) &amp; Arthur Rivoire (TC Jonage).<\/li>\n<li><span style=\"text-decoration: underline;\"><strong>13\/14 ans<\/strong><\/span><strong> : Ibrahim Bouanani <\/strong>(TC St Priest) bat Mathis Dodane (TC D\u00e9cines). <span style=\"text-decoration: underline;\">Demi-finalistes<\/span> : Benjamin Liu (FCL Tennis) &amp; Thomas Basso (Chassieu Tennis).<strong>\u00a0<\/strong><\/li>\n<li><strong><span style=\"text-decoration: underline;\">17\/18 ans<\/span> : Nathan De Gregorj <\/strong>(TC Jonage) bat Tom Portejoie (Chassieu Tennis). <span style=\"text-decoration: underline;\">Demi-finalistes<\/span> : Louis Duchene (TC Jonage) &amp; Th\u00e9o Avedissian (TC Bourgoin-Jallieu).<strong><span style=\"text-decoration: underline;\"><br \/>\n<\/span><\/strong><\/li>\n<\/ul>\n<hr \/>\n<p><span style=\"text-decoration: underline;\"><strong>PHOTO A LA UNE<\/strong><\/span> : Finalistes tableaux masculins (13\/14 &amp; 17\/18 ans) &amp; organisateurs.<\/p>\n<ul>\n<li>Toute l&rsquo;ACTU du club est sur : <a href=\"https:\/\/www.facebook.com\/atpusignan\">https:\/\/www.facebook.com\/atpusignan<\/a><\/li>\n<\/ul>\n<hr \/>\n<div id='gallery-1' class='gallery galleryid-110819 gallery-columns-3 gallery-size-thumbnail'><figure class='gallery-item'>\n\t\t\t<div class='gallery-icon landscape'>\n\t\t\t\t<a href='https:\/\/newsestlyonnais.fr\/site\/2020\/09\/23\/pusignan-le-tournoi-jeunes-de-tennis-a-pris-fin\/p1440937\/'><img loading=\"lazy\" decoding=\"async\" width=\"150\" height=\"113\" src=\"https:\/\/newsestlyonnais.fr\/site\/wp-content\/uploads\/2020\/09\/P1440937-250x188.jpg\" class=\"attachment-thumbnail size-thumbnail\" alt=\"\" aria-describedby=\"gallery-1-110856\" srcset=\"https:\/\/newsestlyonnais.fr\/site\/wp-content\/uploads\/2020\/09\/P1440937-250x188.jpg 250w, https:\/\/newsestlyonnais.fr\/site\/wp-content\/uploads\/2020\/09\/P1440937-400x300.jpg 400w, https:\/\/newsestlyonnais.fr\/site\/wp-content\/uploads\/2020\/09\/P1440937-650x488.jpg 650w, https:\/\/newsestlyonnais.fr\/site\/wp-content\/uploads\/2020\/09\/P1440937-768x576.jpg 768w, https:\/\/newsestlyonnais.fr\/site\/wp-content\/uploads\/2020\/09\/P1440937-150x113.jpg 150w, https:\/\/newsestlyonnais.fr\/site\/wp-content\/uploads\/2020\/09\/P1440937-50x38.jpg 50w, https:\/\/newsestlyonnais.fr\/site\/wp-content\/uploads\/2020\/09\/P1440937-100x75.jpg 100w, https:\/\/newsestlyonnais.fr\/site\/wp-content\/uploads\/2020\/09\/P1440937-200x150.jpg 200w, https:\/\/newsestlyonnais.fr\/site\/wp-content\/uploads\/2020\/09\/P1440937-300x225.jpg 300w, https:\/\/newsestlyonnais.fr\/site\/wp-content\/uploads\/2020\/09\/P1440937-350x263.jpg 350w, https:\/\/newsestlyonnais.fr\/site\/wp-content\/uploads\/2020\/09\/P1440937-450x338.jpg 450w, https:\/\/newsestlyonnais.fr\/site\/wp-content\/uploads\/2020\/09\/P1440937-500x375.jpg 500w, https:\/\/newsestlyonnais.fr\/site\/wp-content\/uploads\/2020\/09\/P1440937-550x413.jpg 550w, https:\/\/newsestlyonnais.fr\/site\/wp-content\/uploads\/2020\/09\/P1440937-800x600.jpg 800w, https:\/\/newsestlyonnais.fr\/site\/wp-content\/uploads\/2020\/09\/P1440937.jpg 1200w\" sizes=\"auto, (max-width: 150px) 100vw, 150px\" \/><\/a>\n\t\t\t<\/div>\n\t\t\t\t<figcaption class='wp-caption-text gallery-caption' id='gallery-1-110856'>\n\t\t\t\tFinalistes du tableau F 11\/14 ans.\n\t\t\t\t<\/figcaption><\/figure><figure class='gallery-item'>\n\t\t\t<div class='gallery-icon portrait'>\n\t\t\t\t<a href='https:\/\/newsestlyonnais.fr\/site\/2020\/09\/23\/pusignan-le-tournoi-jeunes-de-tennis-a-pris-fin\/119898148_3666314776712741_9150083919855376254_n\/'><img loading=\"lazy\" decoding=\"async\" width=\"97\" height=\"150\" src=\"https:\/\/newsestlyonnais.fr\/site\/wp-content\/uploads\/2020\/09\/119898148_3666314776712741_9150083919855376254_n-250x386.jpg\" class=\"attachment-thumbnail size-thumbnail\" alt=\"\" aria-describedby=\"gallery-1-110854\" srcset=\"https:\/\/newsestlyonnais.fr\/site\/wp-content\/uploads\/2020\/09\/119898148_3666314776712741_9150083919855376254_n-250x386.jpg 250w, https:\/\/newsestlyonnais.fr\/site\/wp-content\/uploads\/2020\/09\/119898148_3666314776712741_9150083919855376254_n-400x618.jpg 400w, https:\/\/newsestlyonnais.fr\/site\/wp-content\/uploads\/2020\/09\/119898148_3666314776712741_9150083919855376254_n-650x1004.jpg 650w, https:\/\/newsestlyonnais.fr\/site\/wp-content\/uploads\/2020\/09\/119898148_3666314776712741_9150083919855376254_n-768x1186.jpg 768w, https:\/\/newsestlyonnais.fr\/site\/wp-content\/uploads\/2020\/09\/119898148_3666314776712741_9150083919855376254_n-150x232.jpg 150w, https:\/\/newsestlyonnais.fr\/site\/wp-content\/uploads\/2020\/09\/119898148_3666314776712741_9150083919855376254_n-50x77.jpg 50w, https:\/\/newsestlyonnais.fr\/site\/wp-content\/uploads\/2020\/09\/119898148_3666314776712741_9150083919855376254_n-100x154.jpg 100w, https:\/\/newsestlyonnais.fr\/site\/wp-content\/uploads\/2020\/09\/119898148_3666314776712741_9150083919855376254_n-200x309.jpg 200w, https:\/\/newsestlyonnais.fr\/site\/wp-content\/uploads\/2020\/09\/119898148_3666314776712741_9150083919855376254_n-300x463.jpg 300w, https:\/\/newsestlyonnais.fr\/site\/wp-content\/uploads\/2020\/09\/119898148_3666314776712741_9150083919855376254_n-350x541.jpg 350w, https:\/\/newsestlyonnais.fr\/site\/wp-content\/uploads\/2020\/09\/119898148_3666314776712741_9150083919855376254_n-450x695.jpg 450w, https:\/\/newsestlyonnais.fr\/site\/wp-content\/uploads\/2020\/09\/119898148_3666314776712741_9150083919855376254_n-500x772.jpg 500w, https:\/\/newsestlyonnais.fr\/site\/wp-content\/uploads\/2020\/09\/119898148_3666314776712741_9150083919855376254_n-550x849.jpg 550w, https:\/\/newsestlyonnais.fr\/site\/wp-content\/uploads\/2020\/09\/119898148_3666314776712741_9150083919855376254_n.jpg 777w\" sizes=\"auto, (max-width: 97px) 100vw, 97px\" \/><\/a>\n\t\t\t<\/div>\n\t\t\t\t<figcaption class='wp-caption-text gallery-caption' id='gallery-1-110854'>\n\t\t\t\tFinalistes tableau F 17\/18 ans.\n\t\t\t\t<\/figcaption><\/figure><figure class='gallery-item'>\n\t\t\t<div class='gallery-icon portrait'>\n\t\t\t\t<a href='https:\/\/newsestlyonnais.fr\/site\/2020\/09\/23\/pusignan-le-tournoi-jeunes-de-tennis-a-pris-fin\/119973419_370989437607752_1370196441542225430_n\/'><img loading=\"lazy\" decoding=\"async\" width=\"99\" height=\"150\" src=\"https:\/\/newsestlyonnais.fr\/site\/wp-content\/uploads\/2020\/09\/119973419_370989437607752_1370196441542225430_n-250x377.jpg\" class=\"attachment-thumbnail size-thumbnail\" alt=\"\" aria-describedby=\"gallery-1-110851\" srcset=\"https:\/\/newsestlyonnais.fr\/site\/wp-content\/uploads\/2020\/09\/119973419_370989437607752_1370196441542225430_n-250x377.jpg 250w, https:\/\/newsestlyonnais.fr\/site\/wp-content\/uploads\/2020\/09\/119973419_370989437607752_1370196441542225430_n-400x604.jpg 400w, https:\/\/newsestlyonnais.fr\/site\/wp-content\/uploads\/2020\/09\/119973419_370989437607752_1370196441542225430_n-650x981.jpg 650w, https:\/\/newsestlyonnais.fr\/site\/wp-content\/uploads\/2020\/09\/119973419_370989437607752_1370196441542225430_n-150x226.jpg 150w, https:\/\/newsestlyonnais.fr\/site\/wp-content\/uploads\/2020\/09\/119973419_370989437607752_1370196441542225430_n-50x75.jpg 50w, https:\/\/newsestlyonnais.fr\/site\/wp-content\/uploads\/2020\/09\/119973419_370989437607752_1370196441542225430_n-100x151.jpg 100w, https:\/\/newsestlyonnais.fr\/site\/wp-content\/uploads\/2020\/09\/119973419_370989437607752_1370196441542225430_n-200x302.jpg 200w, https:\/\/newsestlyonnais.fr\/site\/wp-content\/uploads\/2020\/09\/119973419_370989437607752_1370196441542225430_n-300x453.jpg 300w, https:\/\/newsestlyonnais.fr\/site\/wp-content\/uploads\/2020\/09\/119973419_370989437607752_1370196441542225430_n-350x528.jpg 350w, https:\/\/newsestlyonnais.fr\/site\/wp-content\/uploads\/2020\/09\/119973419_370989437607752_1370196441542225430_n-450x679.jpg 450w, https:\/\/newsestlyonnais.fr\/site\/wp-content\/uploads\/2020\/09\/119973419_370989437607752_1370196441542225430_n-500x755.jpg 500w, https:\/\/newsestlyonnais.fr\/site\/wp-content\/uploads\/2020\/09\/119973419_370989437607752_1370196441542225430_n-550x830.jpg 550w, https:\/\/newsestlyonnais.fr\/site\/wp-content\/uploads\/2020\/09\/119973419_370989437607752_1370196441542225430_n.jpg 711w\" sizes=\"auto, (max-width: 99px) 100vw, 99px\" \/><\/a>\n\t\t\t<\/div>\n\t\t\t\t<figcaption class='wp-caption-text gallery-caption' id='gallery-1-110851'>\n\t\t\t\tFinalistes tableau M 11\/12 ans.\n\t\t\t\t<\/figcaption><\/figure><figure class='gallery-item'>\n\t\t\t<div class='gallery-icon landscape'>\n\t\t\t\t<a href='https:\/\/newsestlyonnais.fr\/site\/2020\/09\/23\/pusignan-le-tournoi-jeunes-de-tennis-a-pris-fin\/p1440945\/'><img loading=\"lazy\" decoding=\"async\" width=\"150\" height=\"113\" src=\"https:\/\/newsestlyonnais.fr\/site\/wp-content\/uploads\/2020\/09\/P1440945-250x188.jpg\" class=\"attachment-thumbnail size-thumbnail\" alt=\"\" aria-describedby=\"gallery-1-110847\" srcset=\"https:\/\/newsestlyonnais.fr\/site\/wp-content\/uploads\/2020\/09\/P1440945-250x188.jpg 250w, https:\/\/newsestlyonnais.fr\/site\/wp-content\/uploads\/2020\/09\/P1440945-400x300.jpg 400w, https:\/\/newsestlyonnais.fr\/site\/wp-content\/uploads\/2020\/09\/P1440945-650x488.jpg 650w, https:\/\/newsestlyonnais.fr\/site\/wp-content\/uploads\/2020\/09\/P1440945-768x576.jpg 768w, https:\/\/newsestlyonnais.fr\/site\/wp-content\/uploads\/2020\/09\/P1440945-150x113.jpg 150w, https:\/\/newsestlyonnais.fr\/site\/wp-content\/uploads\/2020\/09\/P1440945-50x38.jpg 50w, https:\/\/newsestlyonnais.fr\/site\/wp-content\/uploads\/2020\/09\/P1440945-100x75.jpg 100w, https:\/\/newsestlyonnais.fr\/site\/wp-content\/uploads\/2020\/09\/P1440945-200x150.jpg 200w, https:\/\/newsestlyonnais.fr\/site\/wp-content\/uploads\/2020\/09\/P1440945-300x225.jpg 300w, https:\/\/newsestlyonnais.fr\/site\/wp-content\/uploads\/2020\/09\/P1440945-350x263.jpg 350w, https:\/\/newsestlyonnais.fr\/site\/wp-content\/uploads\/2020\/09\/P1440945-450x338.jpg 450w, https:\/\/newsestlyonnais.fr\/site\/wp-content\/uploads\/2020\/09\/P1440945-500x375.jpg 500w, https:\/\/newsestlyonnais.fr\/site\/wp-content\/uploads\/2020\/09\/P1440945-550x413.jpg 550w, https:\/\/newsestlyonnais.fr\/site\/wp-content\/uploads\/2020\/09\/P1440945-800x600.jpg 800w, https:\/\/newsestlyonnais.fr\/site\/wp-content\/uploads\/2020\/09\/P1440945.jpg 1200w\" sizes=\"auto, (max-width: 150px) 100vw, 150px\" \/><\/a>\n\t\t\t<\/div>\n\t\t\t\t<figcaption class='wp-caption-text gallery-caption' id='gallery-1-110847'>\n\t\t\t\tFinalistes tableau M 13\/14 ans \n\t\t\t\t<\/figcaption><\/figure><figure class='gallery-item'>\n\t\t\t<div class='gallery-icon landscape'>\n\t\t\t\t<a href='https:\/\/newsestlyonnais.fr\/site\/2020\/09\/23\/pusignan-le-tournoi-jeunes-de-tennis-a-pris-fin\/p1440947\/'><img loading=\"lazy\" decoding=\"async\" width=\"150\" height=\"113\" src=\"https:\/\/newsestlyonnais.fr\/site\/wp-content\/uploads\/2020\/09\/P1440947-250x188.jpg\" class=\"attachment-thumbnail size-thumbnail\" alt=\"\" aria-describedby=\"gallery-1-110852\" srcset=\"https:\/\/newsestlyonnais.fr\/site\/wp-content\/uploads\/2020\/09\/P1440947-250x188.jpg 250w, https:\/\/newsestlyonnais.fr\/site\/wp-content\/uploads\/2020\/09\/P1440947-400x300.jpg 400w, https:\/\/newsestlyonnais.fr\/site\/wp-content\/uploads\/2020\/09\/P1440947-650x488.jpg 650w, https:\/\/newsestlyonnais.fr\/site\/wp-content\/uploads\/2020\/09\/P1440947-768x576.jpg 768w, https:\/\/newsestlyonnais.fr\/site\/wp-content\/uploads\/2020\/09\/P1440947-150x113.jpg 150w, https:\/\/newsestlyonnais.fr\/site\/wp-content\/uploads\/2020\/09\/P1440947-50x38.jpg 50w, https:\/\/newsestlyonnais.fr\/site\/wp-content\/uploads\/2020\/09\/P1440947-100x75.jpg 100w, https:\/\/newsestlyonnais.fr\/site\/wp-content\/uploads\/2020\/09\/P1440947-200x150.jpg 200w, https:\/\/newsestlyonnais.fr\/site\/wp-content\/uploads\/2020\/09\/P1440947-300x225.jpg 300w, https:\/\/newsestlyonnais.fr\/site\/wp-content\/uploads\/2020\/09\/P1440947-350x263.jpg 350w, https:\/\/newsestlyonnais.fr\/site\/wp-content\/uploads\/2020\/09\/P1440947-450x338.jpg 450w, https:\/\/newsestlyonnais.fr\/site\/wp-content\/uploads\/2020\/09\/P1440947-500x375.jpg 500w, https:\/\/newsestlyonnais.fr\/site\/wp-content\/uploads\/2020\/09\/P1440947-550x413.jpg 550w, https:\/\/newsestlyonnais.fr\/site\/wp-content\/uploads\/2020\/09\/P1440947-800x600.jpg 800w, https:\/\/newsestlyonnais.fr\/site\/wp-content\/uploads\/2020\/09\/P1440947.jpg 1200w\" sizes=\"auto, (max-width: 150px) 100vw, 150px\" \/><\/a>\n\t\t\t<\/div>\n\t\t\t\t<figcaption class='wp-caption-text gallery-caption' id='gallery-1-110852'>\n\t\t\t\tFinalistes tableau M 17\/18 ans\n\t\t\t\t<\/figcaption><\/figure>\n\t\t<\/div>\n\n","protected":false},"excerpt":{"rendered":"<p>Les 5 finales ont eu lieu dimanche apr\u00e8s-midi en ext\u00e9rieur puis \u00e0 l&rsquo;int\u00e9rieur suite aux fortes pluies tomb\u00e9es.<\/p>\n","protected":false},"author":4,"featured_media":110845,"comment_status":"open","ping_status":"open","sticky":false,"template":"","format":"standard","meta":{"footnotes":""},"categories":[270,1279,2,2992,2991],"tags":[],"class_list":["post-110819","post","type-post","status-publish","format-standard","has-post-thumbnail","hentry","category-cte-de-communes-c-c-e-l","category-jons-pusignan","category-sports","category-tennis-padel","category-tennis-tennis-table-sports"],"yoast_head":"<!-- This site is optimized with the Yoast SEO plugin v27.2 - https:\/\/yoast.com\/product\/yoast-seo-wordpress\/ -->\n<title>PUSIGNAN | Le tournoi jeunes de tennis a pris fin - News Est Lyonnais<\/title>\n<meta name=\"description\" content=\"PUSIGNAN | Le tournoi jeunes de tennis a pris fin\" \/>\n<meta name=\"robots\" content=\"index, follow, max-snippet:-1, max-image-preview:large, max-video-preview:-1\" \/>\n<link rel=\"canonical\" href=\"https:\/\/newsestlyonnais.fr\/site\/2020\/09\/23\/pusignan-le-tournoi-jeunes-de-tennis-a-pris-fin\/\" \/>\n<meta property=\"og:locale\" content=\"fr_FR\" \/>\n<meta property=\"og:type\" content=\"article\" \/>\n<meta property=\"og:title\" content=\"PUSIGNAN | Le tournoi jeunes de tennis a pris fin - News Est Lyonnais\" \/>\n<meta property=\"og:description\" content=\"PUSIGNAN | Le tournoi jeunes de tennis a pris fin\" \/>\n<meta property=\"og:url\" content=\"https:\/\/newsestlyonnais.fr\/site\/2020\/09\/23\/pusignan-le-tournoi-jeunes-de-tennis-a-pris-fin\/\" \/>\n<meta property=\"og:site_name\" content=\"News Est Lyonnais\" \/>\n<meta property=\"article:author\" content=\"https:\/\/www.facebook.com\/pascal.oberson.1?fref=ts\" \/>\n<meta property=\"article:published_time\" content=\"2020-09-23T12:29:28+00:00\" \/>\n<meta property=\"article:modified_time\" content=\"2020-09-24T07:38:59+00:00\" \/>\n<meta property=\"og:image\" content=\"https:\/\/i0.wp.com\/newsestlyonnais.fr\/site\/wp-content\/uploads\/2020\/09\/NEWSESTLYONNAIS-FINALES-JEU-PUSIGNAN-01.jpg?fit=1200%2C900&ssl=1\" \/>\n\t<meta property=\"og:image:width\" content=\"1200\" \/>\n\t<meta property=\"og:image:height\" content=\"900\" \/>\n\t<meta property=\"og:image:type\" content=\"image\/jpeg\" \/>\n<meta name=\"author\" content=\"R\u00e9dac. NEWS\" \/>\n<meta name=\"twitter:card\" content=\"summary_large_image\" \/>\n<meta name=\"twitter:label1\" content=\"\u00c9crit par\" \/>\n\t<meta name=\"twitter:data1\" content=\"R\u00e9dac. NEWS\" \/>\n\t<meta name=\"twitter:label2\" content=\"Dur\u00e9e de lecture estim\u00e9e\" \/>\n\t<meta name=\"twitter:data2\" content=\"1 minute\" \/>\n<script type=\"application\/ld+json\" class=\"yoast-schema-graph\">{\"@context\":\"https:\/\/schema.org\",\"@graph\":[{\"@type\":\"Article\",\"@id\":\"https:\/\/newsestlyonnais.fr\/site\/2020\/09\/23\/pusignan-le-tournoi-jeunes-de-tennis-a-pris-fin\/#article\",\"isPartOf\":{\"@id\":\"https:\/\/newsestlyonnais.fr\/site\/2020\/09\/23\/pusignan-le-tournoi-jeunes-de-tennis-a-pris-fin\/\"},\"author\":{\"name\":\"R\u00e9dac. NEWS\",\"@id\":\"https:\/\/newsestlyonnais.fr\/site\/#\/schema\/person\/3230d5615f390bb808365d673001e887\"},\"headline\":\"PUSIGNAN | Le tournoi jeunes de tennis a pris fin\",\"datePublished\":\"2020-09-23T12:29:28+00:00\",\"dateModified\":\"2020-09-24T07:38:59+00:00\",\"mainEntityOfPage\":{\"@id\":\"https:\/\/newsestlyonnais.fr\/site\/2020\/09\/23\/pusignan-le-tournoi-jeunes-de-tennis-a-pris-fin\/\"},\"wordCount\":179,\"commentCount\":0,\"publisher\":{\"@id\":\"https:\/\/newsestlyonnais.fr\/site\/#organization\"},\"image\":{\"@id\":\"https:\/\/newsestlyonnais.fr\/site\/2020\/09\/23\/pusignan-le-tournoi-jeunes-de-tennis-a-pris-fin\/#primaryimage\"},\"thumbnailUrl\":\"https:\/\/newsestlyonnais.fr\/site\/wp-content\/uploads\/2020\/09\/NEWSESTLYONNAIS-FINALES-JEU-PUSIGNAN-01.jpg\",\"articleSection\":[\"CCEL | Communes\",\"Jons | Pusignan\",\"Sports\",\"Tennis | Padel\",\"Tennis | Tennis de table\"],\"inLanguage\":\"fr-FR\",\"potentialAction\":[{\"@type\":\"CommentAction\",\"name\":\"Comment\",\"target\":[\"https:\/\/newsestlyonnais.fr\/site\/2020\/09\/23\/pusignan-le-tournoi-jeunes-de-tennis-a-pris-fin\/#respond\"]}]},{\"@type\":\"WebPage\",\"@id\":\"https:\/\/newsestlyonnais.fr\/site\/2020\/09\/23\/pusignan-le-tournoi-jeunes-de-tennis-a-pris-fin\/\",\"url\":\"https:\/\/newsestlyonnais.fr\/site\/2020\/09\/23\/pusignan-le-tournoi-jeunes-de-tennis-a-pris-fin\/\",\"name\":\"PUSIGNAN | Le tournoi jeunes de tennis a pris fin - News Est Lyonnais\",\"isPartOf\":{\"@id\":\"https:\/\/newsestlyonnais.fr\/site\/#website\"},\"primaryImageOfPage\":{\"@id\":\"https:\/\/newsestlyonnais.fr\/site\/2020\/09\/23\/pusignan-le-tournoi-jeunes-de-tennis-a-pris-fin\/#primaryimage\"},\"image\":{\"@id\":\"https:\/\/newsestlyonnais.fr\/site\/2020\/09\/23\/pusignan-le-tournoi-jeunes-de-tennis-a-pris-fin\/#primaryimage\"},\"thumbnailUrl\":\"https:\/\/newsestlyonnais.fr\/site\/wp-content\/uploads\/2020\/09\/NEWSESTLYONNAIS-FINALES-JEU-PUSIGNAN-01.jpg\",\"datePublished\":\"2020-09-23T12:29:28+00:00\",\"dateModified\":\"2020-09-24T07:38:59+00:00\",\"description\":\"PUSIGNAN | Le tournoi jeunes de tennis a pris fin\",\"breadcrumb\":{\"@id\":\"https:\/\/newsestlyonnais.fr\/site\/2020\/09\/23\/pusignan-le-tournoi-jeunes-de-tennis-a-pris-fin\/#breadcrumb\"},\"inLanguage\":\"fr-FR\",\"potentialAction\":[{\"@type\":\"ReadAction\",\"target\":[\"https:\/\/newsestlyonnais.fr\/site\/2020\/09\/23\/pusignan-le-tournoi-jeunes-de-tennis-a-pris-fin\/\"]}]},{\"@type\":\"ImageObject\",\"inLanguage\":\"fr-FR\",\"@id\":\"https:\/\/newsestlyonnais.fr\/site\/2020\/09\/23\/pusignan-le-tournoi-jeunes-de-tennis-a-pris-fin\/#primaryimage\",\"url\":\"https:\/\/newsestlyonnais.fr\/site\/wp-content\/uploads\/2020\/09\/NEWSESTLYONNAIS-FINALES-JEU-PUSIGNAN-01.jpg\",\"contentUrl\":\"https:\/\/newsestlyonnais.fr\/site\/wp-content\/uploads\/2020\/09\/NEWSESTLYONNAIS-FINALES-JEU-PUSIGNAN-01.jpg\",\"width\":1200,\"height\":900},{\"@type\":\"BreadcrumbList\",\"@id\":\"https:\/\/newsestlyonnais.fr\/site\/2020\/09\/23\/pusignan-le-tournoi-jeunes-de-tennis-a-pris-fin\/#breadcrumb\",\"itemListElement\":[{\"@type\":\"ListItem\",\"position\":1,\"name\":\"Accueil\",\"item\":\"https:\/\/newsestlyonnais.fr\/site\/\"},{\"@type\":\"ListItem\",\"position\":2,\"name\":\"PUSIGNAN | Le tournoi jeunes de tennis a pris fin\"}]},{\"@type\":\"WebSite\",\"@id\":\"https:\/\/newsestlyonnais.fr\/site\/#website\",\"url\":\"https:\/\/newsestlyonnais.fr\/site\/\",\"name\":\"News Est Lyonnais\",\"description\":\"L&#039;actualit\u00e9 au plus pr\u00e8s\",\"publisher\":{\"@id\":\"https:\/\/newsestlyonnais.fr\/site\/#organization\"},\"potentialAction\":[{\"@type\":\"SearchAction\",\"target\":{\"@type\":\"EntryPoint\",\"urlTemplate\":\"https:\/\/newsestlyonnais.fr\/site\/?s={search_term_string}\"},\"query-input\":{\"@type\":\"PropertyValueSpecification\",\"valueRequired\":true,\"valueName\":\"search_term_string\"}}],\"inLanguage\":\"fr-FR\"},{\"@type\":\"Organization\",\"@id\":\"https:\/\/newsestlyonnais.fr\/site\/#organization\",\"name\":\"News EST LYONNAIS\",\"url\":\"https:\/\/newsestlyonnais.fr\/site\/\",\"logo\":{\"@type\":\"ImageObject\",\"inLanguage\":\"fr-FR\",\"@id\":\"https:\/\/newsestlyonnais.fr\/site\/#\/schema\/logo\/image\/\",\"url\":\"\",\"contentUrl\":\"\",\"caption\":\"News EST LYONNAIS\"},\"image\":{\"@id\":\"https:\/\/newsestlyonnais.fr\/site\/#\/schema\/logo\/image\/\"}},{\"@type\":\"Person\",\"@id\":\"https:\/\/newsestlyonnais.fr\/site\/#\/schema\/person\/3230d5615f390bb808365d673001e887\",\"name\":\"R\u00e9dac. NEWS\",\"sameAs\":[\"http:\/\/www.newsestlyonnais.fr\",\"https:\/\/www.facebook.com\/pascal.oberson.1?fref=ts\",\"https:\/\/fr.linkedin.com\/in\/pascal-oberson-b17045113\"],\"url\":\"https:\/\/newsestlyonnais.fr\/site\/author\/nel\/\"}]}<\/script>\n<!-- \/ Yoast SEO plugin. -->","yoast_head_json":{"title":"PUSIGNAN | Le tournoi jeunes de tennis a pris fin - News Est Lyonnais","description":"PUSIGNAN | Le tournoi jeunes de tennis a pris fin","robots":{"index":"index","follow":"follow","max-snippet":"max-snippet:-1","max-image-preview":"max-image-preview:large","max-video-preview":"max-video-preview:-1"},"canonical":"https:\/\/newsestlyonnais.fr\/site\/2020\/09\/23\/pusignan-le-tournoi-jeunes-de-tennis-a-pris-fin\/","og_locale":"fr_FR","og_type":"article","og_title":"PUSIGNAN | Le tournoi jeunes de tennis a pris fin - News Est Lyonnais","og_description":"PUSIGNAN | Le tournoi jeunes de tennis a pris fin","og_url":"https:\/\/newsestlyonnais.fr\/site\/2020\/09\/23\/pusignan-le-tournoi-jeunes-de-tennis-a-pris-fin\/","og_site_name":"News Est Lyonnais","article_author":"https:\/\/www.facebook.com\/pascal.oberson.1?fref=ts","article_published_time":"2020-09-23T12:29:28+00:00","article_modified_time":"2020-09-24T07:38:59+00:00","og_image":[{"width":1200,"height":900,"url":"https:\/\/i0.wp.com\/newsestlyonnais.fr\/site\/wp-content\/uploads\/2020\/09\/NEWSESTLYONNAIS-FINALES-JEU-PUSIGNAN-01.jpg?fit=1200%2C900&ssl=1","type":"image\/jpeg"}],"author":"R\u00e9dac. NEWS","twitter_card":"summary_large_image","twitter_misc":{"\u00c9crit par":"R\u00e9dac. NEWS","Dur\u00e9e de lecture estim\u00e9e":"1 minute"},"schema":{"@context":"https:\/\/schema.org","@graph":[{"@type":"Article","@id":"https:\/\/newsestlyonnais.fr\/site\/2020\/09\/23\/pusignan-le-tournoi-jeunes-de-tennis-a-pris-fin\/#article","isPartOf":{"@id":"https:\/\/newsestlyonnais.fr\/site\/2020\/09\/23\/pusignan-le-tournoi-jeunes-de-tennis-a-pris-fin\/"},"author":{"name":"R\u00e9dac. NEWS","@id":"https:\/\/newsestlyonnais.fr\/site\/#\/schema\/person\/3230d5615f390bb808365d673001e887"},"headline":"PUSIGNAN | Le tournoi jeunes de tennis a pris fin","datePublished":"2020-09-23T12:29:28+00:00","dateModified":"2020-09-24T07:38:59+00:00","mainEntityOfPage":{"@id":"https:\/\/newsestlyonnais.fr\/site\/2020\/09\/23\/pusignan-le-tournoi-jeunes-de-tennis-a-pris-fin\/"},"wordCount":179,"commentCount":0,"publisher":{"@id":"https:\/\/newsestlyonnais.fr\/site\/#organization"},"image":{"@id":"https:\/\/newsestlyonnais.fr\/site\/2020\/09\/23\/pusignan-le-tournoi-jeunes-de-tennis-a-pris-fin\/#primaryimage"},"thumbnailUrl":"https:\/\/newsestlyonnais.fr\/site\/wp-content\/uploads\/2020\/09\/NEWSESTLYONNAIS-FINALES-JEU-PUSIGNAN-01.jpg","articleSection":["CCEL | Communes","Jons | Pusignan","Sports","Tennis | Padel","Tennis | Tennis de table"],"inLanguage":"fr-FR","potentialAction":[{"@type":"CommentAction","name":"Comment","target":["https:\/\/newsestlyonnais.fr\/site\/2020\/09\/23\/pusignan-le-tournoi-jeunes-de-tennis-a-pris-fin\/#respond"]}]},{"@type":"WebPage","@id":"https:\/\/newsestlyonnais.fr\/site\/2020\/09\/23\/pusignan-le-tournoi-jeunes-de-tennis-a-pris-fin\/","url":"https:\/\/newsestlyonnais.fr\/site\/2020\/09\/23\/pusignan-le-tournoi-jeunes-de-tennis-a-pris-fin\/","name":"PUSIGNAN | Le tournoi jeunes de tennis a pris fin - News Est Lyonnais","isPartOf":{"@id":"https:\/\/newsestlyonnais.fr\/site\/#website"},"primaryImageOfPage":{"@id":"https:\/\/newsestlyonnais.fr\/site\/2020\/09\/23\/pusignan-le-tournoi-jeunes-de-tennis-a-pris-fin\/#primaryimage"},"image":{"@id":"https:\/\/newsestlyonnais.fr\/site\/2020\/09\/23\/pusignan-le-tournoi-jeunes-de-tennis-a-pris-fin\/#primaryimage"},"thumbnailUrl":"https:\/\/newsestlyonnais.fr\/site\/wp-content\/uploads\/2020\/09\/NEWSESTLYONNAIS-FINALES-JEU-PUSIGNAN-01.jpg","datePublished":"2020-09-23T12:29:28+00:00","dateModified":"2020-09-24T07:38:59+00:00","description":"PUSIGNAN | Le tournoi jeunes de tennis a pris fin","breadcrumb":{"@id":"https:\/\/newsestlyonnais.fr\/site\/2020\/09\/23\/pusignan-le-tournoi-jeunes-de-tennis-a-pris-fin\/#breadcrumb"},"inLanguage":"fr-FR","potentialAction":[{"@type":"ReadAction","target":["https:\/\/newsestlyonnais.fr\/site\/2020\/09\/23\/pusignan-le-tournoi-jeunes-de-tennis-a-pris-fin\/"]}]},{"@type":"ImageObject","inLanguage":"fr-FR","@id":"https:\/\/newsestlyonnais.fr\/site\/2020\/09\/23\/pusignan-le-tournoi-jeunes-de-tennis-a-pris-fin\/#primaryimage","url":"https:\/\/newsestlyonnais.fr\/site\/wp-content\/uploads\/2020\/09\/NEWSESTLYONNAIS-FINALES-JEU-PUSIGNAN-01.jpg","contentUrl":"https:\/\/newsestlyonnais.fr\/site\/wp-content\/uploads\/2020\/09\/NEWSESTLYONNAIS-FINALES-JEU-PUSIGNAN-01.jpg","width":1200,"height":900},{"@type":"BreadcrumbList","@id":"https:\/\/newsestlyonnais.fr\/site\/2020\/09\/23\/pusignan-le-tournoi-jeunes-de-tennis-a-pris-fin\/#breadcrumb","itemListElement":[{"@type":"ListItem","position":1,"name":"Accueil","item":"https:\/\/newsestlyonnais.fr\/site\/"},{"@type":"ListItem","position":2,"name":"PUSIGNAN | Le tournoi jeunes de tennis a pris fin"}]},{"@type":"WebSite","@id":"https:\/\/newsestlyonnais.fr\/site\/#website","url":"https:\/\/newsestlyonnais.fr\/site\/","name":"News Est Lyonnais","description":"L&#039;actualit\u00e9 au plus pr\u00e8s","publisher":{"@id":"https:\/\/newsestlyonnais.fr\/site\/#organization"},"potentialAction":[{"@type":"SearchAction","target":{"@type":"EntryPoint","urlTemplate":"https:\/\/newsestlyonnais.fr\/site\/?s={search_term_string}"},"query-input":{"@type":"PropertyValueSpecification","valueRequired":true,"valueName":"search_term_string"}}],"inLanguage":"fr-FR"},{"@type":"Organization","@id":"https:\/\/newsestlyonnais.fr\/site\/#organization","name":"News EST LYONNAIS","url":"https:\/\/newsestlyonnais.fr\/site\/","logo":{"@type":"ImageObject","inLanguage":"fr-FR","@id":"https:\/\/newsestlyonnais.fr\/site\/#\/schema\/logo\/image\/","url":"","contentUrl":"","caption":"News EST LYONNAIS"},"image":{"@id":"https:\/\/newsestlyonnais.fr\/site\/#\/schema\/logo\/image\/"}},{"@type":"Person","@id":"https:\/\/newsestlyonnais.fr\/site\/#\/schema\/person\/3230d5615f390bb808365d673001e887","name":"R\u00e9dac. NEWS","sameAs":["http:\/\/www.newsestlyonnais.fr","https:\/\/www.facebook.com\/pascal.oberson.1?fref=ts","https:\/\/fr.linkedin.com\/in\/pascal-oberson-b17045113"],"url":"https:\/\/newsestlyonnais.fr\/site\/author\/nel\/"}]}},"_links":{"self":[{"href":"https:\/\/newsestlyonnais.fr\/site\/wp-json\/wp\/v2\/posts\/110819","targetHints":{"allow":["GET"]}}],"collection":[{"href":"https:\/\/newsestlyonnais.fr\/site\/wp-json\/wp\/v2\/posts"}],"about":[{"href":"https:\/\/newsestlyonnais.fr\/site\/wp-json\/wp\/v2\/types\/post"}],"author":[{"embeddable":true,"href":"https:\/\/newsestlyonnais.fr\/site\/wp-json\/wp\/v2\/users\/4"}],"replies":[{"embeddable":true,"href":"https:\/\/newsestlyonnais.fr\/site\/wp-json\/wp\/v2\/comments?post=110819"}],"version-history":[{"count":0,"href":"https:\/\/newsestlyonnais.fr\/site\/wp-json\/wp\/v2\/posts\/110819\/revisions"}],"wp:featuredmedia":[{"embeddable":true,"href":"https:\/\/newsestlyonnais.fr\/site\/wp-json\/wp\/v2\/media\/110845"}],"wp:attachment":[{"href":"https:\/\/newsestlyonnais.fr\/site\/wp-json\/wp\/v2\/media?parent=110819"}],"wp:term":[{"taxonomy":"category","embeddable":true,"href":"https:\/\/newsestlyonnais.fr\/site\/wp-json\/wp\/v2\/categories?post=110819"},{"taxonomy":"post_tag","embeddable":true,"href":"https:\/\/newsestlyonnais.fr\/site\/wp-json\/wp\/v2\/tags?post=110819"}],"curies":[{"name":"wp","href":"https:\/\/api.w.org\/{rel}","templated":true}]}}