{"id":111678,"date":"2020-10-01T04:47:34","date_gmt":"2020-10-01T03:47:34","guid":{"rendered":"http:\/\/newsestlyonnais.fr\/site\/?p=111678"},"modified":"2020-10-01T04:47:34","modified_gmt":"2020-10-01T03:47:34","slug":"saint-priest-les-evenements-au-10-octobre","status":"publish","type":"post","link":"https:\/\/newsestlyonnais.fr\/site\/2020\/10\/01\/saint-priest-les-evenements-au-10-octobre\/","title":{"rendered":"SAINT-PRIEST | Les \u00e9v\u00e8nements au 10 octobre"},"content":{"rendered":"<ul>\n<li><strong><span style=\"text-decoration: underline;\">Jeudi 1 octobre<\/span> de 9 h 30 \u00e0 12 h 30 : Permanence du bus les Restos du c\u0153ur<\/strong> (Contre all\u00e9e Salle Mosa\u00efque) <strong>\u00e0 20 h : Th\u00e9atre \u00ab\u00a0L&rsquo;ascenseur\u00a0\u00bb<\/strong>. Pi\u00e8ce de th\u00e9\u00e2tre citoyen par le Lien Th\u00e9\u00e2tre. \u00c0 partir de 14 ans. Gratuit. R\u00e9servation obligatoire au 04 78 20 07 89. (MJC Jean Cocteau) <strong>&amp; \u00e0 20 h : Chanson fran\u00e7aise \u00ab\u00a0Tim Dup\u00a0\u00bb<\/strong> Billetterie : 04 81 92 22 30. (Ferme Berliet 8 avenue C).<\/li>\n<li><strong><span style=\"text-decoration: underline;\">Samedi 3 octobre<\/span> \u00e0 partir de 10 h 30 : Auditions de chant \u00ab\u00a0The Voice only 3\u00a0\u00bb<\/strong> Auditions de chant, avec Les Nouvelles Stars De Demain, en pr\u00e9sence de Laurence Guillet (directrice casting).(MJC Jean Cocteau), <strong>de 10 h \u00e0 18 h : Op\u00e9ration d\u00e9clic propret\u00e9<\/strong>. Objectif : encourager les habitants \u00e0 pr\u00e9server leur cadre de vie et de d\u00e9velopper chez les habitants un esprit civique. (Place Bruno Polga &#8211; place Spielberg &#8211; place Salengro &#8211; Parc Mandela (cot\u00e9 Bel Air) &#8211; parking du Fort &#8211; place Annie Debard &#8211; Chemin des Carres &#8211; place de Manissieux), <strong>\u00e0 19 h 30 : Concert \u00ab\u00a0Musique Klezmer<\/strong>, musiques du monde, musique classique, cr\u00e9ation, compositions originales. Entr\u00e9e sur r\u00e9servation au secr\u00e9tariat du Conservatoire 04 78 20 03 22. (Ferme Berliet), \u00e0 19 h : Match de foot ESSP V\u00e9t\u00e9rans. Le club de l&rsquo;Entente de Saint-Priest organise la finale de la Coupe DLR V\u00e9t\u00e9rans 100 ans. ESSP VETERANS 5 \/ MENIVAL FC5. (stade Pierre Mend\u00e8s France).<\/li>\n<li><strong><span style=\"text-decoration: underline;\">Dimanche 4 octobre<\/span> \u00e0 14 h 30 : Concert des 5 voix<\/strong>. 100% chansons fran\u00e7aises, avec Les Nouvelles Stars De Demain : de jeunes artistes reprennent les grands titres de Goldman, Balavoine, Hallyday, Gall et Dion. Tarif : 10 \u20ac. (MJC Jean Cocteau).<\/li>\n<li><strong><span style=\"text-decoration: underline;\">Mardi 6 octobre<\/span> \u00e0 20 h : Cin\u00e9 Concert au cin\u00e9ma<\/strong> \u00ab 30 minutes de concert avec \u00ab La sonate pour fl\u00fbte, alto et harpe \u00bb de Claude Debussy, puis projection film \u00ab Renoir \u00bb de Gilles Bourdos. Entr\u00e9e 5 \u20ac. (Cin\u00e9ma le Sc\u00e9nario) <strong>\u00e0 20 h : Cin\u00e9 Concert. <\/strong>Autour de la sonate de Debussy, pour fl\u00fbte, alto et harpe, avec Cl\u00e9mentine Charlot, fl\u00fbte traversi\u00e8re, suivi de la projection du film Renoir, de Gilles Bourdos. Tarif : 5 \u20ac. (Cin\u00e9ma le Sc\u00e9nario).<\/li>\n<li><strong><span style=\"text-decoration: underline;\">Mercredi 7 octobre<\/span> de 10 h 15 \u00e0 10 h 30 : Heure du conte<\/strong> (Enfants de 3 &#8211; 5 ans) <strong>de 10 h 45 \u00e0 11 h 15 : Heure du conte<\/strong> (5 &#8211; 8 ans) sur inscription. Gratuit. (M\u00e9diath\u00e8que secteur jeunesse) <strong>&amp; \u00e0 18 h 30 : Sc\u00e8ne Ouverte.<\/strong> \u00ab Les \u00e9l\u00e8ves sont invit\u00e9s \u00e0 exp\u00e9rimenter la sc\u00e8ne, sous les feux de la rampe, pour le plaisir du partage musical. Entr\u00e9e libre. (Conservatoire).<\/li>\n<li><strong><span style=\"text-decoration: underline;\">Jeudi 8 octobr<\/span>e \u00e0 20 h : Cin\u00e9 Colletion<\/strong>.\u00a0 Projection du film su\u00e9dois de Andrei Tarkovski, Le sacrifice (1986). (Cin\u00e9ma le Sc\u00e9nario) <strong>&amp; \u00e0 20 h : Spectacle d&rsquo;humour \u00ab\u00a0Karim Duval\u00a0\u00bb<\/strong> . Spectacle d\u2019humour r\u00e9servation au 04 81 92 22 30. (Ferme Berliet 8 avenue C.<\/li>\n<li><strong><span style=\"text-decoration: underline;\">Samedi 10 octobre<\/span> de 10 h \u00e0 17 h : La f\u00eate de la science<\/strong>. \u00c9v\u00e9nement national qui a pour but la promotion et la d\u00e9couverte des sciences sous toutes ses formes. (Artoth\u00e8que et P\u00f4le m\u00e9diath\u00e8que) <strong>&amp; \u00e0 10 h &#8211; 11 h &#8211; 12 h &#8211; 14 h &#8211; 15 h et 16 h. F\u00eate de la science<\/strong> &#8211; la machine \u00e0 images anim\u00e9es &#8211; Sur inscription. Gratuit. Jeunes \u00e0 partir de 11 ans. (Cyber-base) <strong>&amp; \u00e0 10 h et 11 h 30, 14 h et 15 h 30 : F\u00eate de la science<\/strong> &#8211; Plan\u00e8te science BA BA de la programmation. Sur inscription. Gratuit. Enfants 6 \u00e0 10 ans. (M\u00e9diath\u00e8que secteur jeunesse) <strong>&amp; \u00e0 10h &#8211; 11 h 30 &#8211; 14 h et 15 h 30 : F\u00eate de la science<\/strong> &#8211; Plan\u00e8te science G\u00e9om\u00e9tric&rsquo;Bot Sur inscription &#8211; Gratuit &#8211; Jeunes 10 \u00e0 15 ans. (M\u00e9diath\u00e8que) <strong>&amp; de 14 h \u00e0 18 h : Rencontre \u00e0 Diderot<\/strong>. L\u2019\u00e9quipe de la maison de quartier Diderot pr\u00e9sentera sa saison d\u2019activit\u00e9s en musique aux habitants du secteur. (Maison de quartier Diderot) <strong>&amp; \u00e0 20 h : Spectacle music-hall \u00ab\u00a0Les mangeurs de lapin\u00a0\u00bb<\/strong> . Spectacle de music-hall. Billetterie au 04 81 92 22 30. (Ferme Berliet 8 avenue C) <strong>&amp; \u00e0 20 h 30 : Concert \u00ab\u00a0T\u00e2che et M\u00e9tonymie\u00a0\u00bb<\/strong>.\u00a0 Concert de rock ind\u00e9 et \u00e9lectro rock alternatif. 5 \u20ac. R\u00e9servation au 04 78 20 07 89. ( MJC Jean Cocteau).<\/li>\n<\/ul>\n<hr \/>\n<p><strong>L\u2019ACTU de la commune : <a href=\"http:\/\/www.ville-saint-priest.fr\/accueil.547.0.html\" target=\"_blank\" rel=\"noreferrer noopener\">http:\/\/www.ville-saint-priest.fr\/accueil.547.0.html<\/a><\/strong><\/p>\n","protected":false},"excerpt":{"rendered":"<p>Des programmations susceptibles d\u2019\u00eatre annul\u00e9es en fonction du contexte sanitaire.<\/p>\n","protected":false},"author":4,"featured_media":95577,"comment_status":"open","ping_status":"open","sticky":false,"template":"","format":"standard","meta":{"footnotes":""},"categories":[30,1296],"tags":[],"class_list":["post-111678","post","type-post","status-publish","format-standard","has-post-thumbnail","hentry","category-a-la-une","category-sain-priest"],"yoast_head":"<!-- This site is optimized with the Yoast SEO plugin v27.2 - https:\/\/yoast.com\/product\/yoast-seo-wordpress\/ -->\n<title>SAINT-PRIEST | Les \u00e9v\u00e8nements au 10 octobre - News Est Lyonnais<\/title>\n<meta name=\"description\" content=\"SAINT-PRIEST | Les \u00e9v\u00e8nements au 10 octobre\" \/>\n<meta name=\"robots\" content=\"index, follow, max-snippet:-1, max-image-preview:large, max-video-preview:-1\" \/>\n<link rel=\"canonical\" href=\"https:\/\/newsestlyonnais.fr\/site\/2020\/10\/01\/saint-priest-les-evenements-au-10-octobre\/\" \/>\n<meta property=\"og:locale\" content=\"fr_FR\" \/>\n<meta property=\"og:type\" content=\"article\" \/>\n<meta property=\"og:title\" content=\"SAINT-PRIEST | Les \u00e9v\u00e8nements au 10 octobre - News Est Lyonnais\" \/>\n<meta property=\"og:description\" content=\"SAINT-PRIEST | Les \u00e9v\u00e8nements au 10 octobre\" \/>\n<meta property=\"og:url\" content=\"https:\/\/newsestlyonnais.fr\/site\/2020\/10\/01\/saint-priest-les-evenements-au-10-octobre\/\" \/>\n<meta property=\"og:site_name\" content=\"News Est Lyonnais\" \/>\n<meta property=\"article:author\" content=\"https:\/\/www.facebook.com\/pascal.oberson.1?fref=ts\" \/>\n<meta property=\"article:published_time\" content=\"2020-10-01T03:47:34+00:00\" \/>\n<meta property=\"og:image\" content=\"https:\/\/i0.wp.com\/newsestlyonnais.fr\/site\/wp-content\/uploads\/2020\/02\/NEWSESTLYONNAIS-ST-PRIEST01.jpg?fit=1200%2C800&ssl=1\" \/>\n\t<meta property=\"og:image:width\" content=\"1200\" \/>\n\t<meta property=\"og:image:height\" content=\"800\" \/>\n\t<meta property=\"og:image:type\" content=\"image\/jpeg\" \/>\n<meta name=\"author\" content=\"R\u00e9dac. NEWS\" \/>\n<meta name=\"twitter:card\" content=\"summary_large_image\" \/>\n<meta name=\"twitter:label1\" content=\"\u00c9crit par\" \/>\n\t<meta name=\"twitter:data1\" content=\"R\u00e9dac. NEWS\" \/>\n\t<meta name=\"twitter:label2\" content=\"Dur\u00e9e de lecture estim\u00e9e\" \/>\n\t<meta name=\"twitter:data2\" content=\"3 minutes\" \/>\n<script type=\"application\/ld+json\" class=\"yoast-schema-graph\">{\"@context\":\"https:\/\/schema.org\",\"@graph\":[{\"@type\":\"Article\",\"@id\":\"https:\/\/newsestlyonnais.fr\/site\/2020\/10\/01\/saint-priest-les-evenements-au-10-octobre\/#article\",\"isPartOf\":{\"@id\":\"https:\/\/newsestlyonnais.fr\/site\/2020\/10\/01\/saint-priest-les-evenements-au-10-octobre\/\"},\"author\":{\"name\":\"R\u00e9dac. NEWS\",\"@id\":\"https:\/\/newsestlyonnais.fr\/site\/#\/schema\/person\/3230d5615f390bb808365d673001e887\"},\"headline\":\"SAINT-PRIEST | Les \u00e9v\u00e8nements au 10 octobre\",\"datePublished\":\"2020-10-01T03:47:34+00:00\",\"mainEntityOfPage\":{\"@id\":\"https:\/\/newsestlyonnais.fr\/site\/2020\/10\/01\/saint-priest-les-evenements-au-10-octobre\/\"},\"wordCount\":633,\"commentCount\":0,\"publisher\":{\"@id\":\"https:\/\/newsestlyonnais.fr\/site\/#organization\"},\"image\":{\"@id\":\"https:\/\/newsestlyonnais.fr\/site\/2020\/10\/01\/saint-priest-les-evenements-au-10-octobre\/#primaryimage\"},\"thumbnailUrl\":\"https:\/\/newsestlyonnais.fr\/site\/wp-content\/uploads\/2020\/02\/NEWSESTLYONNAIS-ST-PRIEST01.jpg\",\"articleSection\":[\"\u00e0 la une\",\"Saint-Priest\"],\"inLanguage\":\"fr-FR\",\"potentialAction\":[{\"@type\":\"CommentAction\",\"name\":\"Comment\",\"target\":[\"https:\/\/newsestlyonnais.fr\/site\/2020\/10\/01\/saint-priest-les-evenements-au-10-octobre\/#respond\"]}]},{\"@type\":\"WebPage\",\"@id\":\"https:\/\/newsestlyonnais.fr\/site\/2020\/10\/01\/saint-priest-les-evenements-au-10-octobre\/\",\"url\":\"https:\/\/newsestlyonnais.fr\/site\/2020\/10\/01\/saint-priest-les-evenements-au-10-octobre\/\",\"name\":\"SAINT-PRIEST | Les \u00e9v\u00e8nements au 10 octobre - News Est Lyonnais\",\"isPartOf\":{\"@id\":\"https:\/\/newsestlyonnais.fr\/site\/#website\"},\"primaryImageOfPage\":{\"@id\":\"https:\/\/newsestlyonnais.fr\/site\/2020\/10\/01\/saint-priest-les-evenements-au-10-octobre\/#primaryimage\"},\"image\":{\"@id\":\"https:\/\/newsestlyonnais.fr\/site\/2020\/10\/01\/saint-priest-les-evenements-au-10-octobre\/#primaryimage\"},\"thumbnailUrl\":\"https:\/\/newsestlyonnais.fr\/site\/wp-content\/uploads\/2020\/02\/NEWSESTLYONNAIS-ST-PRIEST01.jpg\",\"datePublished\":\"2020-10-01T03:47:34+00:00\",\"description\":\"SAINT-PRIEST | Les \u00e9v\u00e8nements au 10 octobre\",\"breadcrumb\":{\"@id\":\"https:\/\/newsestlyonnais.fr\/site\/2020\/10\/01\/saint-priest-les-evenements-au-10-octobre\/#breadcrumb\"},\"inLanguage\":\"fr-FR\",\"potentialAction\":[{\"@type\":\"ReadAction\",\"target\":[\"https:\/\/newsestlyonnais.fr\/site\/2020\/10\/01\/saint-priest-les-evenements-au-10-octobre\/\"]}]},{\"@type\":\"ImageObject\",\"inLanguage\":\"fr-FR\",\"@id\":\"https:\/\/newsestlyonnais.fr\/site\/2020\/10\/01\/saint-priest-les-evenements-au-10-octobre\/#primaryimage\",\"url\":\"https:\/\/newsestlyonnais.fr\/site\/wp-content\/uploads\/2020\/02\/NEWSESTLYONNAIS-ST-PRIEST01.jpg\",\"contentUrl\":\"https:\/\/newsestlyonnais.fr\/site\/wp-content\/uploads\/2020\/02\/NEWSESTLYONNAIS-ST-PRIEST01.jpg\",\"width\":1200,\"height\":800},{\"@type\":\"BreadcrumbList\",\"@id\":\"https:\/\/newsestlyonnais.fr\/site\/2020\/10\/01\/saint-priest-les-evenements-au-10-octobre\/#breadcrumb\",\"itemListElement\":[{\"@type\":\"ListItem\",\"position\":1,\"name\":\"Accueil\",\"item\":\"https:\/\/newsestlyonnais.fr\/site\/\"},{\"@type\":\"ListItem\",\"position\":2,\"name\":\"SAINT-PRIEST | Les \u00e9v\u00e8nements au 10 octobre\"}]},{\"@type\":\"WebSite\",\"@id\":\"https:\/\/newsestlyonnais.fr\/site\/#website\",\"url\":\"https:\/\/newsestlyonnais.fr\/site\/\",\"name\":\"News Est Lyonnais\",\"description\":\"L&#039;actualit\u00e9 au plus pr\u00e8s\",\"publisher\":{\"@id\":\"https:\/\/newsestlyonnais.fr\/site\/#organization\"},\"potentialAction\":[{\"@type\":\"SearchAction\",\"target\":{\"@type\":\"EntryPoint\",\"urlTemplate\":\"https:\/\/newsestlyonnais.fr\/site\/?s={search_term_string}\"},\"query-input\":{\"@type\":\"PropertyValueSpecification\",\"valueRequired\":true,\"valueName\":\"search_term_string\"}}],\"inLanguage\":\"fr-FR\"},{\"@type\":\"Organization\",\"@id\":\"https:\/\/newsestlyonnais.fr\/site\/#organization\",\"name\":\"News EST LYONNAIS\",\"url\":\"https:\/\/newsestlyonnais.fr\/site\/\",\"logo\":{\"@type\":\"ImageObject\",\"inLanguage\":\"fr-FR\",\"@id\":\"https:\/\/newsestlyonnais.fr\/site\/#\/schema\/logo\/image\/\",\"url\":\"\",\"contentUrl\":\"\",\"caption\":\"News EST LYONNAIS\"},\"image\":{\"@id\":\"https:\/\/newsestlyonnais.fr\/site\/#\/schema\/logo\/image\/\"}},{\"@type\":\"Person\",\"@id\":\"https:\/\/newsestlyonnais.fr\/site\/#\/schema\/person\/3230d5615f390bb808365d673001e887\",\"name\":\"R\u00e9dac. NEWS\",\"sameAs\":[\"http:\/\/www.newsestlyonnais.fr\",\"https:\/\/www.facebook.com\/pascal.oberson.1?fref=ts\",\"https:\/\/fr.linkedin.com\/in\/pascal-oberson-b17045113\"],\"url\":\"https:\/\/newsestlyonnais.fr\/site\/author\/nel\/\"}]}<\/script>\n<!-- \/ Yoast SEO plugin. -->","yoast_head_json":{"title":"SAINT-PRIEST | Les \u00e9v\u00e8nements au 10 octobre - News Est Lyonnais","description":"SAINT-PRIEST | Les \u00e9v\u00e8nements au 10 octobre","robots":{"index":"index","follow":"follow","max-snippet":"max-snippet:-1","max-image-preview":"max-image-preview:large","max-video-preview":"max-video-preview:-1"},"canonical":"https:\/\/newsestlyonnais.fr\/site\/2020\/10\/01\/saint-priest-les-evenements-au-10-octobre\/","og_locale":"fr_FR","og_type":"article","og_title":"SAINT-PRIEST | Les \u00e9v\u00e8nements au 10 octobre - News Est Lyonnais","og_description":"SAINT-PRIEST | Les \u00e9v\u00e8nements au 10 octobre","og_url":"https:\/\/newsestlyonnais.fr\/site\/2020\/10\/01\/saint-priest-les-evenements-au-10-octobre\/","og_site_name":"News Est Lyonnais","article_author":"https:\/\/www.facebook.com\/pascal.oberson.1?fref=ts","article_published_time":"2020-10-01T03:47:34+00:00","og_image":[{"width":1200,"height":800,"url":"https:\/\/i0.wp.com\/newsestlyonnais.fr\/site\/wp-content\/uploads\/2020\/02\/NEWSESTLYONNAIS-ST-PRIEST01.jpg?fit=1200%2C800&ssl=1","type":"image\/jpeg"}],"author":"R\u00e9dac. NEWS","twitter_card":"summary_large_image","twitter_misc":{"\u00c9crit par":"R\u00e9dac. NEWS","Dur\u00e9e de lecture estim\u00e9e":"3 minutes"},"schema":{"@context":"https:\/\/schema.org","@graph":[{"@type":"Article","@id":"https:\/\/newsestlyonnais.fr\/site\/2020\/10\/01\/saint-priest-les-evenements-au-10-octobre\/#article","isPartOf":{"@id":"https:\/\/newsestlyonnais.fr\/site\/2020\/10\/01\/saint-priest-les-evenements-au-10-octobre\/"},"author":{"name":"R\u00e9dac. NEWS","@id":"https:\/\/newsestlyonnais.fr\/site\/#\/schema\/person\/3230d5615f390bb808365d673001e887"},"headline":"SAINT-PRIEST | Les \u00e9v\u00e8nements au 10 octobre","datePublished":"2020-10-01T03:47:34+00:00","mainEntityOfPage":{"@id":"https:\/\/newsestlyonnais.fr\/site\/2020\/10\/01\/saint-priest-les-evenements-au-10-octobre\/"},"wordCount":633,"commentCount":0,"publisher":{"@id":"https:\/\/newsestlyonnais.fr\/site\/#organization"},"image":{"@id":"https:\/\/newsestlyonnais.fr\/site\/2020\/10\/01\/saint-priest-les-evenements-au-10-octobre\/#primaryimage"},"thumbnailUrl":"https:\/\/newsestlyonnais.fr\/site\/wp-content\/uploads\/2020\/02\/NEWSESTLYONNAIS-ST-PRIEST01.jpg","articleSection":["\u00e0 la une","Saint-Priest"],"inLanguage":"fr-FR","potentialAction":[{"@type":"CommentAction","name":"Comment","target":["https:\/\/newsestlyonnais.fr\/site\/2020\/10\/01\/saint-priest-les-evenements-au-10-octobre\/#respond"]}]},{"@type":"WebPage","@id":"https:\/\/newsestlyonnais.fr\/site\/2020\/10\/01\/saint-priest-les-evenements-au-10-octobre\/","url":"https:\/\/newsestlyonnais.fr\/site\/2020\/10\/01\/saint-priest-les-evenements-au-10-octobre\/","name":"SAINT-PRIEST | Les \u00e9v\u00e8nements au 10 octobre - News Est Lyonnais","isPartOf":{"@id":"https:\/\/newsestlyonnais.fr\/site\/#website"},"primaryImageOfPage":{"@id":"https:\/\/newsestlyonnais.fr\/site\/2020\/10\/01\/saint-priest-les-evenements-au-10-octobre\/#primaryimage"},"image":{"@id":"https:\/\/newsestlyonnais.fr\/site\/2020\/10\/01\/saint-priest-les-evenements-au-10-octobre\/#primaryimage"},"thumbnailUrl":"https:\/\/newsestlyonnais.fr\/site\/wp-content\/uploads\/2020\/02\/NEWSESTLYONNAIS-ST-PRIEST01.jpg","datePublished":"2020-10-01T03:47:34+00:00","description":"SAINT-PRIEST | Les \u00e9v\u00e8nements au 10 octobre","breadcrumb":{"@id":"https:\/\/newsestlyonnais.fr\/site\/2020\/10\/01\/saint-priest-les-evenements-au-10-octobre\/#breadcrumb"},"inLanguage":"fr-FR","potentialAction":[{"@type":"ReadAction","target":["https:\/\/newsestlyonnais.fr\/site\/2020\/10\/01\/saint-priest-les-evenements-au-10-octobre\/"]}]},{"@type":"ImageObject","inLanguage":"fr-FR","@id":"https:\/\/newsestlyonnais.fr\/site\/2020\/10\/01\/saint-priest-les-evenements-au-10-octobre\/#primaryimage","url":"https:\/\/newsestlyonnais.fr\/site\/wp-content\/uploads\/2020\/02\/NEWSESTLYONNAIS-ST-PRIEST01.jpg","contentUrl":"https:\/\/newsestlyonnais.fr\/site\/wp-content\/uploads\/2020\/02\/NEWSESTLYONNAIS-ST-PRIEST01.jpg","width":1200,"height":800},{"@type":"BreadcrumbList","@id":"https:\/\/newsestlyonnais.fr\/site\/2020\/10\/01\/saint-priest-les-evenements-au-10-octobre\/#breadcrumb","itemListElement":[{"@type":"ListItem","position":1,"name":"Accueil","item":"https:\/\/newsestlyonnais.fr\/site\/"},{"@type":"ListItem","position":2,"name":"SAINT-PRIEST | Les \u00e9v\u00e8nements au 10 octobre"}]},{"@type":"WebSite","@id":"https:\/\/newsestlyonnais.fr\/site\/#website","url":"https:\/\/newsestlyonnais.fr\/site\/","name":"News Est Lyonnais","description":"L&#039;actualit\u00e9 au plus pr\u00e8s","publisher":{"@id":"https:\/\/newsestlyonnais.fr\/site\/#organization"},"potentialAction":[{"@type":"SearchAction","target":{"@type":"EntryPoint","urlTemplate":"https:\/\/newsestlyonnais.fr\/site\/?s={search_term_string}"},"query-input":{"@type":"PropertyValueSpecification","valueRequired":true,"valueName":"search_term_string"}}],"inLanguage":"fr-FR"},{"@type":"Organization","@id":"https:\/\/newsestlyonnais.fr\/site\/#organization","name":"News EST LYONNAIS","url":"https:\/\/newsestlyonnais.fr\/site\/","logo":{"@type":"ImageObject","inLanguage":"fr-FR","@id":"https:\/\/newsestlyonnais.fr\/site\/#\/schema\/logo\/image\/","url":"","contentUrl":"","caption":"News EST LYONNAIS"},"image":{"@id":"https:\/\/newsestlyonnais.fr\/site\/#\/schema\/logo\/image\/"}},{"@type":"Person","@id":"https:\/\/newsestlyonnais.fr\/site\/#\/schema\/person\/3230d5615f390bb808365d673001e887","name":"R\u00e9dac. NEWS","sameAs":["http:\/\/www.newsestlyonnais.fr","https:\/\/www.facebook.com\/pascal.oberson.1?fref=ts","https:\/\/fr.linkedin.com\/in\/pascal-oberson-b17045113"],"url":"https:\/\/newsestlyonnais.fr\/site\/author\/nel\/"}]}},"_links":{"self":[{"href":"https:\/\/newsestlyonnais.fr\/site\/wp-json\/wp\/v2\/posts\/111678","targetHints":{"allow":["GET"]}}],"collection":[{"href":"https:\/\/newsestlyonnais.fr\/site\/wp-json\/wp\/v2\/posts"}],"about":[{"href":"https:\/\/newsestlyonnais.fr\/site\/wp-json\/wp\/v2\/types\/post"}],"author":[{"embeddable":true,"href":"https:\/\/newsestlyonnais.fr\/site\/wp-json\/wp\/v2\/users\/4"}],"replies":[{"embeddable":true,"href":"https:\/\/newsestlyonnais.fr\/site\/wp-json\/wp\/v2\/comments?post=111678"}],"version-history":[{"count":0,"href":"https:\/\/newsestlyonnais.fr\/site\/wp-json\/wp\/v2\/posts\/111678\/revisions"}],"wp:featuredmedia":[{"embeddable":true,"href":"https:\/\/newsestlyonnais.fr\/site\/wp-json\/wp\/v2\/media\/95577"}],"wp:attachment":[{"href":"https:\/\/newsestlyonnais.fr\/site\/wp-json\/wp\/v2\/media?parent=111678"}],"wp:term":[{"taxonomy":"category","embeddable":true,"href":"https:\/\/newsestlyonnais.fr\/site\/wp-json\/wp\/v2\/categories?post=111678"},{"taxonomy":"post_tag","embeddable":true,"href":"https:\/\/newsestlyonnais.fr\/site\/wp-json\/wp\/v2\/tags?post=111678"}],"curies":[{"name":"wp","href":"https:\/\/api.w.org\/{rel}","templated":true}]}}