{"id":111730,"date":"2020-10-01T10:29:52","date_gmt":"2020-10-01T09:29:52","guid":{"rendered":"http:\/\/newsestlyonnais.fr\/site\/?p=111730"},"modified":"2020-10-22T07:13:31","modified_gmt":"2020-10-22T06:13:31","slug":"venissieux-marche-des-minguettes-experimentation-de-tri-des-dechets-des-forains","status":"publish","type":"post","link":"https:\/\/newsestlyonnais.fr\/site\/2020\/10\/01\/venissieux-marche-des-minguettes-experimentation-de-tri-des-dechets-des-forains\/","title":{"rendered":"VENISSIEUX | March\u00e9 des Minguettes > exp\u00e9rimentation de tri des d\u00e9chets des forains"},"content":{"rendered":"<p class=\" text-justify\"><b>A l&rsquo;issue d&rsquo;un diagnostic fait sur le march\u00e9\u00a0des Minguettes accueillant 300 forains qui g\u00e9n\u00e8re 5 tonnes de d\u00e9chets par march\u00e9, 5 principaux flux seront valoris\u00e9s: cartons, cagettes en bois, bio-d\u00e9chets et autres (m\u00e9tal, plastique et verre).<\/b><\/p>\n<p>Le tri se mat\u00e9rialisera par la <strong>mise \u00e0 disposition d&rsquo;une trentaine de conteneurs roulants<\/strong> pour la collecte des bio-d\u00e9chets et de <strong>compacteurs monobloc de 6 m<sup>3<\/sup> ou 15 m<sup>3<\/sup><\/strong> pour chacun des autre types de d\u00e9chets retenus (cagettes en bois, cartons et autres).<\/p>\n<hr \/>\n<p class=\" text-justify\">Pendant toute la dur\u00e9e du march\u00e9, les forains devront rassembler leurs d\u00e9chets dans des cartons ou sacs ferm\u00e9s, afin d\u2019\u00e9viter leur dispersion. En fin de march\u00e9, ils proc\u00e9deront \u00e0 leur tri et \u00e9vacuation dans les trois compacteurs d\u00e9di\u00e9s et dans le bac bio-d\u00e9chets. Des agents de la M\u00e9tropole de Lyon assureront une sensibilisation aupr\u00e8s des placiers et forains pendant 3 mois.<\/p>\n<p class=\" text-justify\"><strong>Les trois compacteurs seront pos\u00e9s et d\u00e9pos\u00e9s \u00e0 chaque march\u00e9<\/strong> et g\u00e9r\u00e9s par un agent de la M\u00e9tropole de Lyon. La M\u00e9tropole de Lyon financera cette exp\u00e9rimentation \u00e0 hauteur d&rsquo;un co\u00fbt estim\u00e9 \u00e0 243 300 \u20ac HT\/an. Des \u00e9valuations qualitatives sont pr\u00e9vues avec un premier bilan, 6 mois apr\u00e8s le d\u00e9marrage.<\/p>\n<hr \/>\n<p><strong><em>PHOTO A LA UNE \/ Droits r\u00e9serv\u00e9s Ville de V\u00e9nissieux.<\/em> <\/strong><\/p>\n","protected":false},"excerpt":{"rendered":"<p>A compter de ce jour, le tri des d\u00e9chets est mis en place dans le cadre de l&rsquo;exp\u00e9rimentation men\u00e9e par la M\u00e9tropole de Lyon sur 10 communes dont V\u00e9nissieux.<\/p>\n","protected":false},"author":4,"featured_media":111956,"comment_status":"open","ping_status":"open","sticky":false,"template":"","format":"standard","meta":{"footnotes":""},"categories":[2217,3010,1298],"tags":[],"class_list":["post-111730","post","type-post","status-publish","format-standard","has-post-thumbnail","hentry","category-breves-de-lest-lyonnais","category-nature-environnement-culture-et-loisirs","category-venissieux"],"yoast_head":"<!-- This site is optimized with the Yoast SEO plugin v27.2 - https:\/\/yoast.com\/product\/yoast-seo-wordpress\/ -->\n<title>VENISSIEUX | March\u00e9 des Minguettes &gt; exp\u00e9rimentation de tri des d\u00e9chets des forains - News Est Lyonnais<\/title>\n<meta name=\"description\" content=\"VENISSIEUX | March\u00e9 des Minguettes &gt; exp\u00e9rimentation de tri des d\u00e9chets des forains\" \/>\n<meta name=\"robots\" content=\"index, follow, max-snippet:-1, max-image-preview:large, max-video-preview:-1\" \/>\n<link rel=\"canonical\" href=\"https:\/\/newsestlyonnais.fr\/site\/2020\/10\/01\/venissieux-marche-des-minguettes-experimentation-de-tri-des-dechets-des-forains\/\" \/>\n<meta property=\"og:locale\" content=\"fr_FR\" \/>\n<meta property=\"og:type\" content=\"article\" \/>\n<meta property=\"og:title\" content=\"VENISSIEUX | March\u00e9 des Minguettes &gt; exp\u00e9rimentation de tri des d\u00e9chets des forains - News Est Lyonnais\" \/>\n<meta property=\"og:description\" content=\"VENISSIEUX | March\u00e9 des Minguettes &gt; exp\u00e9rimentation de tri des d\u00e9chets des forains\" \/>\n<meta property=\"og:url\" content=\"https:\/\/newsestlyonnais.fr\/site\/2020\/10\/01\/venissieux-marche-des-minguettes-experimentation-de-tri-des-dechets-des-forains\/\" \/>\n<meta property=\"og:site_name\" content=\"News Est Lyonnais\" \/>\n<meta property=\"article:author\" content=\"https:\/\/www.facebook.com\/pascal.oberson.1?fref=ts\" \/>\n<meta property=\"article:published_time\" content=\"2020-10-01T09:29:52+00:00\" \/>\n<meta property=\"article:modified_time\" content=\"2020-10-22T06:13:31+00:00\" \/>\n<meta property=\"og:image\" content=\"https:\/\/i0.wp.com\/newsestlyonnais.fr\/site\/wp-content\/uploads\/2020\/10\/Marche-des-Minguettes-Experimentation-de-tri-des-dechets-des-forains_pressrelease.jpg?fit=642%2C428&ssl=1\" \/>\n\t<meta property=\"og:image:width\" content=\"642\" \/>\n\t<meta property=\"og:image:height\" content=\"428\" \/>\n\t<meta property=\"og:image:type\" content=\"image\/jpeg\" \/>\n<meta name=\"author\" content=\"R\u00e9dac. NEWS\" \/>\n<meta name=\"twitter:card\" content=\"summary_large_image\" \/>\n<meta name=\"twitter:label1\" content=\"\u00c9crit par\" \/>\n\t<meta name=\"twitter:data1\" content=\"R\u00e9dac. NEWS\" \/>\n\t<meta name=\"twitter:label2\" content=\"Dur\u00e9e de lecture estim\u00e9e\" \/>\n\t<meta name=\"twitter:data2\" content=\"1 minute\" \/>\n<script type=\"application\/ld+json\" class=\"yoast-schema-graph\">{\"@context\":\"https:\/\/schema.org\",\"@graph\":[{\"@type\":\"Article\",\"@id\":\"https:\/\/newsestlyonnais.fr\/site\/2020\/10\/01\/venissieux-marche-des-minguettes-experimentation-de-tri-des-dechets-des-forains\/#article\",\"isPartOf\":{\"@id\":\"https:\/\/newsestlyonnais.fr\/site\/2020\/10\/01\/venissieux-marche-des-minguettes-experimentation-de-tri-des-dechets-des-forains\/\"},\"author\":{\"name\":\"R\u00e9dac. NEWS\",\"@id\":\"https:\/\/newsestlyonnais.fr\/site\/#\/schema\/person\/3230d5615f390bb808365d673001e887\"},\"headline\":\"VENISSIEUX | March\u00e9 des Minguettes > exp\u00e9rimentation de tri des d\u00e9chets des forains\",\"datePublished\":\"2020-10-01T09:29:52+00:00\",\"dateModified\":\"2020-10-22T06:13:31+00:00\",\"mainEntityOfPage\":{\"@id\":\"https:\/\/newsestlyonnais.fr\/site\/2020\/10\/01\/venissieux-marche-des-minguettes-experimentation-de-tri-des-dechets-des-forains\/\"},\"wordCount\":238,\"commentCount\":0,\"publisher\":{\"@id\":\"https:\/\/newsestlyonnais.fr\/site\/#organization\"},\"image\":{\"@id\":\"https:\/\/newsestlyonnais.fr\/site\/2020\/10\/01\/venissieux-marche-des-minguettes-experimentation-de-tri-des-dechets-des-forains\/#primaryimage\"},\"thumbnailUrl\":\"https:\/\/newsestlyonnais.fr\/site\/wp-content\/uploads\/2020\/10\/Marche-des-Minguettes-Experimentation-de-tri-des-dechets-des-forains_pressrelease.jpg\",\"articleSection\":[\"Br\u00e8ves de l'Est lyonnais\",\"Nature | Environnement | Chasse\",\"V\u00e9nissieux\"],\"inLanguage\":\"fr-FR\",\"potentialAction\":[{\"@type\":\"CommentAction\",\"name\":\"Comment\",\"target\":[\"https:\/\/newsestlyonnais.fr\/site\/2020\/10\/01\/venissieux-marche-des-minguettes-experimentation-de-tri-des-dechets-des-forains\/#respond\"]}]},{\"@type\":\"WebPage\",\"@id\":\"https:\/\/newsestlyonnais.fr\/site\/2020\/10\/01\/venissieux-marche-des-minguettes-experimentation-de-tri-des-dechets-des-forains\/\",\"url\":\"https:\/\/newsestlyonnais.fr\/site\/2020\/10\/01\/venissieux-marche-des-minguettes-experimentation-de-tri-des-dechets-des-forains\/\",\"name\":\"VENISSIEUX | March\u00e9 des Minguettes > exp\u00e9rimentation de tri des d\u00e9chets des forains - News Est Lyonnais\",\"isPartOf\":{\"@id\":\"https:\/\/newsestlyonnais.fr\/site\/#website\"},\"primaryImageOfPage\":{\"@id\":\"https:\/\/newsestlyonnais.fr\/site\/2020\/10\/01\/venissieux-marche-des-minguettes-experimentation-de-tri-des-dechets-des-forains\/#primaryimage\"},\"image\":{\"@id\":\"https:\/\/newsestlyonnais.fr\/site\/2020\/10\/01\/venissieux-marche-des-minguettes-experimentation-de-tri-des-dechets-des-forains\/#primaryimage\"},\"thumbnailUrl\":\"https:\/\/newsestlyonnais.fr\/site\/wp-content\/uploads\/2020\/10\/Marche-des-Minguettes-Experimentation-de-tri-des-dechets-des-forains_pressrelease.jpg\",\"datePublished\":\"2020-10-01T09:29:52+00:00\",\"dateModified\":\"2020-10-22T06:13:31+00:00\",\"description\":\"VENISSIEUX | March\u00e9 des Minguettes > exp\u00e9rimentation de tri des d\u00e9chets des forains\",\"breadcrumb\":{\"@id\":\"https:\/\/newsestlyonnais.fr\/site\/2020\/10\/01\/venissieux-marche-des-minguettes-experimentation-de-tri-des-dechets-des-forains\/#breadcrumb\"},\"inLanguage\":\"fr-FR\",\"potentialAction\":[{\"@type\":\"ReadAction\",\"target\":[\"https:\/\/newsestlyonnais.fr\/site\/2020\/10\/01\/venissieux-marche-des-minguettes-experimentation-de-tri-des-dechets-des-forains\/\"]}]},{\"@type\":\"ImageObject\",\"inLanguage\":\"fr-FR\",\"@id\":\"https:\/\/newsestlyonnais.fr\/site\/2020\/10\/01\/venissieux-marche-des-minguettes-experimentation-de-tri-des-dechets-des-forains\/#primaryimage\",\"url\":\"https:\/\/newsestlyonnais.fr\/site\/wp-content\/uploads\/2020\/10\/Marche-des-Minguettes-Experimentation-de-tri-des-dechets-des-forains_pressrelease.jpg\",\"contentUrl\":\"https:\/\/newsestlyonnais.fr\/site\/wp-content\/uploads\/2020\/10\/Marche-des-Minguettes-Experimentation-de-tri-des-dechets-des-forains_pressrelease.jpg\",\"width\":642,\"height\":428,\"caption\":\"March\u00e9 des Minguettes\"},{\"@type\":\"BreadcrumbList\",\"@id\":\"https:\/\/newsestlyonnais.fr\/site\/2020\/10\/01\/venissieux-marche-des-minguettes-experimentation-de-tri-des-dechets-des-forains\/#breadcrumb\",\"itemListElement\":[{\"@type\":\"ListItem\",\"position\":1,\"name\":\"Accueil\",\"item\":\"https:\/\/newsestlyonnais.fr\/site\/\"},{\"@type\":\"ListItem\",\"position\":2,\"name\":\"VENISSIEUX | March\u00e9 des Minguettes > exp\u00e9rimentation de tri des d\u00e9chets des forains\"}]},{\"@type\":\"WebSite\",\"@id\":\"https:\/\/newsestlyonnais.fr\/site\/#website\",\"url\":\"https:\/\/newsestlyonnais.fr\/site\/\",\"name\":\"News Est Lyonnais\",\"description\":\"L&#039;actualit\u00e9 au plus pr\u00e8s\",\"publisher\":{\"@id\":\"https:\/\/newsestlyonnais.fr\/site\/#organization\"},\"potentialAction\":[{\"@type\":\"SearchAction\",\"target\":{\"@type\":\"EntryPoint\",\"urlTemplate\":\"https:\/\/newsestlyonnais.fr\/site\/?s={search_term_string}\"},\"query-input\":{\"@type\":\"PropertyValueSpecification\",\"valueRequired\":true,\"valueName\":\"search_term_string\"}}],\"inLanguage\":\"fr-FR\"},{\"@type\":\"Organization\",\"@id\":\"https:\/\/newsestlyonnais.fr\/site\/#organization\",\"name\":\"News EST LYONNAIS\",\"url\":\"https:\/\/newsestlyonnais.fr\/site\/\",\"logo\":{\"@type\":\"ImageObject\",\"inLanguage\":\"fr-FR\",\"@id\":\"https:\/\/newsestlyonnais.fr\/site\/#\/schema\/logo\/image\/\",\"url\":\"\",\"contentUrl\":\"\",\"caption\":\"News EST LYONNAIS\"},\"image\":{\"@id\":\"https:\/\/newsestlyonnais.fr\/site\/#\/schema\/logo\/image\/\"}},{\"@type\":\"Person\",\"@id\":\"https:\/\/newsestlyonnais.fr\/site\/#\/schema\/person\/3230d5615f390bb808365d673001e887\",\"name\":\"R\u00e9dac. NEWS\",\"sameAs\":[\"http:\/\/www.newsestlyonnais.fr\",\"https:\/\/www.facebook.com\/pascal.oberson.1?fref=ts\",\"https:\/\/fr.linkedin.com\/in\/pascal-oberson-b17045113\"],\"url\":\"https:\/\/newsestlyonnais.fr\/site\/author\/nel\/\"}]}<\/script>\n<!-- \/ Yoast SEO plugin. -->","yoast_head_json":{"title":"VENISSIEUX | March\u00e9 des Minguettes > exp\u00e9rimentation de tri des d\u00e9chets des forains - News Est Lyonnais","description":"VENISSIEUX | March\u00e9 des Minguettes > exp\u00e9rimentation de tri des d\u00e9chets des forains","robots":{"index":"index","follow":"follow","max-snippet":"max-snippet:-1","max-image-preview":"max-image-preview:large","max-video-preview":"max-video-preview:-1"},"canonical":"https:\/\/newsestlyonnais.fr\/site\/2020\/10\/01\/venissieux-marche-des-minguettes-experimentation-de-tri-des-dechets-des-forains\/","og_locale":"fr_FR","og_type":"article","og_title":"VENISSIEUX | March\u00e9 des Minguettes > exp\u00e9rimentation de tri des d\u00e9chets des forains - News Est Lyonnais","og_description":"VENISSIEUX | March\u00e9 des Minguettes > exp\u00e9rimentation de tri des d\u00e9chets des forains","og_url":"https:\/\/newsestlyonnais.fr\/site\/2020\/10\/01\/venissieux-marche-des-minguettes-experimentation-de-tri-des-dechets-des-forains\/","og_site_name":"News Est Lyonnais","article_author":"https:\/\/www.facebook.com\/pascal.oberson.1?fref=ts","article_published_time":"2020-10-01T09:29:52+00:00","article_modified_time":"2020-10-22T06:13:31+00:00","og_image":[{"width":642,"height":428,"url":"https:\/\/i0.wp.com\/newsestlyonnais.fr\/site\/wp-content\/uploads\/2020\/10\/Marche-des-Minguettes-Experimentation-de-tri-des-dechets-des-forains_pressrelease.jpg?fit=642%2C428&ssl=1","type":"image\/jpeg"}],"author":"R\u00e9dac. NEWS","twitter_card":"summary_large_image","twitter_misc":{"\u00c9crit par":"R\u00e9dac. NEWS","Dur\u00e9e de lecture estim\u00e9e":"1 minute"},"schema":{"@context":"https:\/\/schema.org","@graph":[{"@type":"Article","@id":"https:\/\/newsestlyonnais.fr\/site\/2020\/10\/01\/venissieux-marche-des-minguettes-experimentation-de-tri-des-dechets-des-forains\/#article","isPartOf":{"@id":"https:\/\/newsestlyonnais.fr\/site\/2020\/10\/01\/venissieux-marche-des-minguettes-experimentation-de-tri-des-dechets-des-forains\/"},"author":{"name":"R\u00e9dac. NEWS","@id":"https:\/\/newsestlyonnais.fr\/site\/#\/schema\/person\/3230d5615f390bb808365d673001e887"},"headline":"VENISSIEUX | March\u00e9 des Minguettes > exp\u00e9rimentation de tri des d\u00e9chets des forains","datePublished":"2020-10-01T09:29:52+00:00","dateModified":"2020-10-22T06:13:31+00:00","mainEntityOfPage":{"@id":"https:\/\/newsestlyonnais.fr\/site\/2020\/10\/01\/venissieux-marche-des-minguettes-experimentation-de-tri-des-dechets-des-forains\/"},"wordCount":238,"commentCount":0,"publisher":{"@id":"https:\/\/newsestlyonnais.fr\/site\/#organization"},"image":{"@id":"https:\/\/newsestlyonnais.fr\/site\/2020\/10\/01\/venissieux-marche-des-minguettes-experimentation-de-tri-des-dechets-des-forains\/#primaryimage"},"thumbnailUrl":"https:\/\/newsestlyonnais.fr\/site\/wp-content\/uploads\/2020\/10\/Marche-des-Minguettes-Experimentation-de-tri-des-dechets-des-forains_pressrelease.jpg","articleSection":["Br\u00e8ves de l'Est lyonnais","Nature | Environnement | Chasse","V\u00e9nissieux"],"inLanguage":"fr-FR","potentialAction":[{"@type":"CommentAction","name":"Comment","target":["https:\/\/newsestlyonnais.fr\/site\/2020\/10\/01\/venissieux-marche-des-minguettes-experimentation-de-tri-des-dechets-des-forains\/#respond"]}]},{"@type":"WebPage","@id":"https:\/\/newsestlyonnais.fr\/site\/2020\/10\/01\/venissieux-marche-des-minguettes-experimentation-de-tri-des-dechets-des-forains\/","url":"https:\/\/newsestlyonnais.fr\/site\/2020\/10\/01\/venissieux-marche-des-minguettes-experimentation-de-tri-des-dechets-des-forains\/","name":"VENISSIEUX | March\u00e9 des Minguettes > exp\u00e9rimentation de tri des d\u00e9chets des forains - News Est Lyonnais","isPartOf":{"@id":"https:\/\/newsestlyonnais.fr\/site\/#website"},"primaryImageOfPage":{"@id":"https:\/\/newsestlyonnais.fr\/site\/2020\/10\/01\/venissieux-marche-des-minguettes-experimentation-de-tri-des-dechets-des-forains\/#primaryimage"},"image":{"@id":"https:\/\/newsestlyonnais.fr\/site\/2020\/10\/01\/venissieux-marche-des-minguettes-experimentation-de-tri-des-dechets-des-forains\/#primaryimage"},"thumbnailUrl":"https:\/\/newsestlyonnais.fr\/site\/wp-content\/uploads\/2020\/10\/Marche-des-Minguettes-Experimentation-de-tri-des-dechets-des-forains_pressrelease.jpg","datePublished":"2020-10-01T09:29:52+00:00","dateModified":"2020-10-22T06:13:31+00:00","description":"VENISSIEUX | March\u00e9 des Minguettes > exp\u00e9rimentation de tri des d\u00e9chets des forains","breadcrumb":{"@id":"https:\/\/newsestlyonnais.fr\/site\/2020\/10\/01\/venissieux-marche-des-minguettes-experimentation-de-tri-des-dechets-des-forains\/#breadcrumb"},"inLanguage":"fr-FR","potentialAction":[{"@type":"ReadAction","target":["https:\/\/newsestlyonnais.fr\/site\/2020\/10\/01\/venissieux-marche-des-minguettes-experimentation-de-tri-des-dechets-des-forains\/"]}]},{"@type":"ImageObject","inLanguage":"fr-FR","@id":"https:\/\/newsestlyonnais.fr\/site\/2020\/10\/01\/venissieux-marche-des-minguettes-experimentation-de-tri-des-dechets-des-forains\/#primaryimage","url":"https:\/\/newsestlyonnais.fr\/site\/wp-content\/uploads\/2020\/10\/Marche-des-Minguettes-Experimentation-de-tri-des-dechets-des-forains_pressrelease.jpg","contentUrl":"https:\/\/newsestlyonnais.fr\/site\/wp-content\/uploads\/2020\/10\/Marche-des-Minguettes-Experimentation-de-tri-des-dechets-des-forains_pressrelease.jpg","width":642,"height":428,"caption":"March\u00e9 des Minguettes"},{"@type":"BreadcrumbList","@id":"https:\/\/newsestlyonnais.fr\/site\/2020\/10\/01\/venissieux-marche-des-minguettes-experimentation-de-tri-des-dechets-des-forains\/#breadcrumb","itemListElement":[{"@type":"ListItem","position":1,"name":"Accueil","item":"https:\/\/newsestlyonnais.fr\/site\/"},{"@type":"ListItem","position":2,"name":"VENISSIEUX | March\u00e9 des Minguettes > exp\u00e9rimentation de tri des d\u00e9chets des forains"}]},{"@type":"WebSite","@id":"https:\/\/newsestlyonnais.fr\/site\/#website","url":"https:\/\/newsestlyonnais.fr\/site\/","name":"News Est Lyonnais","description":"L&#039;actualit\u00e9 au plus pr\u00e8s","publisher":{"@id":"https:\/\/newsestlyonnais.fr\/site\/#organization"},"potentialAction":[{"@type":"SearchAction","target":{"@type":"EntryPoint","urlTemplate":"https:\/\/newsestlyonnais.fr\/site\/?s={search_term_string}"},"query-input":{"@type":"PropertyValueSpecification","valueRequired":true,"valueName":"search_term_string"}}],"inLanguage":"fr-FR"},{"@type":"Organization","@id":"https:\/\/newsestlyonnais.fr\/site\/#organization","name":"News EST LYONNAIS","url":"https:\/\/newsestlyonnais.fr\/site\/","logo":{"@type":"ImageObject","inLanguage":"fr-FR","@id":"https:\/\/newsestlyonnais.fr\/site\/#\/schema\/logo\/image\/","url":"","contentUrl":"","caption":"News EST LYONNAIS"},"image":{"@id":"https:\/\/newsestlyonnais.fr\/site\/#\/schema\/logo\/image\/"}},{"@type":"Person","@id":"https:\/\/newsestlyonnais.fr\/site\/#\/schema\/person\/3230d5615f390bb808365d673001e887","name":"R\u00e9dac. NEWS","sameAs":["http:\/\/www.newsestlyonnais.fr","https:\/\/www.facebook.com\/pascal.oberson.1?fref=ts","https:\/\/fr.linkedin.com\/in\/pascal-oberson-b17045113"],"url":"https:\/\/newsestlyonnais.fr\/site\/author\/nel\/"}]}},"_links":{"self":[{"href":"https:\/\/newsestlyonnais.fr\/site\/wp-json\/wp\/v2\/posts\/111730","targetHints":{"allow":["GET"]}}],"collection":[{"href":"https:\/\/newsestlyonnais.fr\/site\/wp-json\/wp\/v2\/posts"}],"about":[{"href":"https:\/\/newsestlyonnais.fr\/site\/wp-json\/wp\/v2\/types\/post"}],"author":[{"embeddable":true,"href":"https:\/\/newsestlyonnais.fr\/site\/wp-json\/wp\/v2\/users\/4"}],"replies":[{"embeddable":true,"href":"https:\/\/newsestlyonnais.fr\/site\/wp-json\/wp\/v2\/comments?post=111730"}],"version-history":[{"count":0,"href":"https:\/\/newsestlyonnais.fr\/site\/wp-json\/wp\/v2\/posts\/111730\/revisions"}],"wp:featuredmedia":[{"embeddable":true,"href":"https:\/\/newsestlyonnais.fr\/site\/wp-json\/wp\/v2\/media\/111956"}],"wp:attachment":[{"href":"https:\/\/newsestlyonnais.fr\/site\/wp-json\/wp\/v2\/media?parent=111730"}],"wp:term":[{"taxonomy":"category","embeddable":true,"href":"https:\/\/newsestlyonnais.fr\/site\/wp-json\/wp\/v2\/categories?post=111730"},{"taxonomy":"post_tag","embeddable":true,"href":"https:\/\/newsestlyonnais.fr\/site\/wp-json\/wp\/v2\/tags?post=111730"}],"curies":[{"name":"wp","href":"https:\/\/api.w.org\/{rel}","templated":true}]}}