{"id":111797,"date":"2020-10-02T05:15:58","date_gmt":"2020-10-02T04:15:58","guid":{"rendered":"http:\/\/newsestlyonnais.fr\/site\/?p=111797"},"modified":"2020-10-02T05:15:58","modified_gmt":"2020-10-02T04:15:58","slug":"service-allo-tcl-desormais-accessible-aux-personnes-sourdes-et-malentendantes","status":"publish","type":"post","link":"https:\/\/newsestlyonnais.fr\/site\/2020\/10\/02\/service-allo-tcl-desormais-accessible-aux-personnes-sourdes-et-malentendantes\/","title":{"rendered":"Service ALL\u00d4 TCL > d\u00e9sormais accessible aux personnes sourdes et malentendantes"},"content":{"rendered":"<p>Du renouvellement du mat\u00e9riel roulant \u00e0 la mise en accessibilit\u00e9 des arr\u00eats, en passant par l\u2019information voyageurs ou encore la mise en place de services sp\u00e9cifiques, le SYTRAL travaille depuis pr\u00e8s de 30 ans afin de rendre le r\u00e9seau de transports en commun lyonnais accessible \u00e0 tous.<\/p>\n<p><strong>Initi\u00e9 depuis plus de 15 ans, le dispositif d\u2019information voyageurs<\/strong> \u00e9volue r\u00e9guli\u00e8rement, s\u2019appuyant sur l\u2019innovation, au c\u0153ur de l\u2019action du SYTRAL. De nombreux outils performants sont ainsi d\u00e9ploy\u00e9s afin d\u2019offrir aux voyageurs des d\u00e9placements simplifi\u00e9s et optimis\u00e9s, favorisant l\u2019intermodalit\u00e9.Depuis le 1\u00b0 octobre, <strong>le SYTRAL adapte le centre d\u2019appels All\u00f4 TCL en le rendant accessible aux personnes sourdes et malentendantes.<\/strong><\/p>\n<p>Ce dispositif de mise en relation permet de contacter le centre d\u2019appels All\u00f4 TCL via <strong>une connexion internet \u00e0 une plate-forme de visio-conf\u00e9rence<\/strong>. Accessible depuis la rubrique \u00abnous contacter\u00bbdu site <span style=\"color: #0000ff;\"><a style=\"color: #0000ff;\" href=\"http:\/\/www.tcl.fr\">www.tcl.fr<\/a><\/span>, <strong>ce service est disponible du lundi au vendredi de 8 h 30 \u00e0 19 het le samedi de 9 h \u00e0 12 h.<\/strong><\/p>\n<p>Cette <strong>solution d\u2019accessibilit\u00e9 innovante propos\u00e9e par Elioz permet la mise en relation avec un conseiller via une webcam et un micro haut-parleur<\/strong>. L\u2019usager peut ensuite communiquer autravers de la Langue des Signes Fran\u00e7aise (LSF), la Transcription en Temps R\u00e9el de la Parole (TTRP) ou la Langue fran\u00e7aise Parl\u00e9e Compl\u00e9t\u00e9e (LPC) afin d\u2019obtenir des informations sur les horaires, les itin\u00e9raires, et toute autre indication li\u00e9e au r\u00e9seau.<\/p>\n<hr \/>\n<p>Depuis 2008, le SYTRAL a engag\u00e9 plus de 100 M\u20ac dans le d\u00e9veloppement et la mise en place d\u2019actions en faveur de l\u2019accessibilit\u00e9 du r\u00e9seau lyonnais, qui s\u2019inscrivent dans une d\u00e9marche g\u00e9n\u00e9rale de confort \u00e0 destination de l\u2019ensemble des voyages quotidiens. Aujourd\u2019hui, le r\u00e9seau TCL offre un excellent niveau d\u2019accessibilit\u00e9 \u00e0 ses clients et est reconnu en France comme l\u2019un des plus adapt\u00e9s.<\/p>\n<hr \/>\n<p><em><strong>Source : communiqu\u00e9 du Sytral d&rsquo;Octobre 2020.<\/strong> <\/em><\/p>\n","protected":false},"excerpt":{"rendered":"<p>Le Sytral, en lien avec ses  partenaires, travaille depuis pr\u00e8s de 30 ans afin de rendre le r\u00e9seau de transports en commun lyonnais accessible \u00e0 tous.<\/p>\n","protected":false},"author":4,"featured_media":15454,"comment_status":"open","ping_status":"open","sticky":false,"template":"","format":"standard","meta":{"footnotes":""},"categories":[2217,18,13],"tags":[],"class_list":["post-111797","post","type-post","status-publish","format-standard","has-post-thumbnail","hentry","category-breves-de-lest-lyonnais","category-sante-bien-etre-solidarite","category-transports-circulation"],"yoast_head":"<!-- This site is optimized with the Yoast SEO plugin v27.2 - https:\/\/yoast.com\/product\/yoast-seo-wordpress\/ -->\n<title>Service ALL\u00d4 TCL &gt; d\u00e9sormais accessible aux personnes sourdes et malentendantes - News Est Lyonnais<\/title>\n<meta name=\"description\" content=\"Service ALL\u00d4 TCL &gt; d\u00e9sormais accessible aux personnes sourdes et malentendantes\" \/>\n<meta name=\"robots\" content=\"index, follow, max-snippet:-1, max-image-preview:large, max-video-preview:-1\" \/>\n<link rel=\"canonical\" href=\"https:\/\/newsestlyonnais.fr\/site\/2020\/10\/02\/service-allo-tcl-desormais-accessible-aux-personnes-sourdes-et-malentendantes\/\" \/>\n<meta property=\"og:locale\" content=\"fr_FR\" \/>\n<meta property=\"og:type\" content=\"article\" \/>\n<meta property=\"og:title\" content=\"Service ALL\u00d4 TCL &gt; d\u00e9sormais accessible aux personnes sourdes et malentendantes - News Est Lyonnais\" \/>\n<meta property=\"og:description\" content=\"Service ALL\u00d4 TCL &gt; d\u00e9sormais accessible aux personnes sourdes et malentendantes\" \/>\n<meta property=\"og:url\" content=\"https:\/\/newsestlyonnais.fr\/site\/2020\/10\/02\/service-allo-tcl-desormais-accessible-aux-personnes-sourdes-et-malentendantes\/\" \/>\n<meta property=\"og:site_name\" content=\"News Est Lyonnais\" \/>\n<meta property=\"article:author\" content=\"https:\/\/www.facebook.com\/pascal.oberson.1?fref=ts\" \/>\n<meta property=\"article:published_time\" content=\"2020-10-02T04:15:58+00:00\" \/>\n<meta property=\"og:image\" content=\"https:\/\/i2.wp.com\/newsestlyonnais.fr\/site\/wp-content\/uploads\/2016\/11\/NEWSESTLYONNAIS-TCL-GBLANCHE.jpg?fit=1000%2C750&ssl=1\" \/>\n\t<meta property=\"og:image:width\" content=\"1000\" \/>\n\t<meta property=\"og:image:height\" content=\"750\" \/>\n\t<meta property=\"og:image:type\" content=\"image\/jpeg\" \/>\n<meta name=\"author\" content=\"R\u00e9dac. NEWS\" \/>\n<meta name=\"twitter:card\" content=\"summary_large_image\" \/>\n<meta name=\"twitter:label1\" content=\"\u00c9crit par\" \/>\n\t<meta name=\"twitter:data1\" content=\"R\u00e9dac. NEWS\" \/>\n\t<meta name=\"twitter:label2\" content=\"Dur\u00e9e de lecture estim\u00e9e\" \/>\n\t<meta name=\"twitter:data2\" content=\"2 minutes\" \/>\n<script type=\"application\/ld+json\" class=\"yoast-schema-graph\">{\"@context\":\"https:\/\/schema.org\",\"@graph\":[{\"@type\":\"Article\",\"@id\":\"https:\/\/newsestlyonnais.fr\/site\/2020\/10\/02\/service-allo-tcl-desormais-accessible-aux-personnes-sourdes-et-malentendantes\/#article\",\"isPartOf\":{\"@id\":\"https:\/\/newsestlyonnais.fr\/site\/2020\/10\/02\/service-allo-tcl-desormais-accessible-aux-personnes-sourdes-et-malentendantes\/\"},\"author\":{\"name\":\"R\u00e9dac. NEWS\",\"@id\":\"https:\/\/newsestlyonnais.fr\/site\/#\/schema\/person\/3230d5615f390bb808365d673001e887\"},\"headline\":\"Service ALL\u00d4 TCL > d\u00e9sormais accessible aux personnes sourdes et malentendantes\",\"datePublished\":\"2020-10-02T04:15:58+00:00\",\"mainEntityOfPage\":{\"@id\":\"https:\/\/newsestlyonnais.fr\/site\/2020\/10\/02\/service-allo-tcl-desormais-accessible-aux-personnes-sourdes-et-malentendantes\/\"},\"wordCount\":343,\"commentCount\":0,\"publisher\":{\"@id\":\"https:\/\/newsestlyonnais.fr\/site\/#organization\"},\"image\":{\"@id\":\"https:\/\/newsestlyonnais.fr\/site\/2020\/10\/02\/service-allo-tcl-desormais-accessible-aux-personnes-sourdes-et-malentendantes\/#primaryimage\"},\"thumbnailUrl\":\"https:\/\/newsestlyonnais.fr\/site\/wp-content\/uploads\/2016\/11\/NEWSESTLYONNAIS-TCL-GBLANCHE.jpg\",\"articleSection\":[\"Br\u00e8ves de l'Est lyonnais\",\"Sant\u00e9 | Bien Etre | Solidarit\u00e9\",\"Transports | Circulation\"],\"inLanguage\":\"fr-FR\",\"potentialAction\":[{\"@type\":\"CommentAction\",\"name\":\"Comment\",\"target\":[\"https:\/\/newsestlyonnais.fr\/site\/2020\/10\/02\/service-allo-tcl-desormais-accessible-aux-personnes-sourdes-et-malentendantes\/#respond\"]}]},{\"@type\":\"WebPage\",\"@id\":\"https:\/\/newsestlyonnais.fr\/site\/2020\/10\/02\/service-allo-tcl-desormais-accessible-aux-personnes-sourdes-et-malentendantes\/\",\"url\":\"https:\/\/newsestlyonnais.fr\/site\/2020\/10\/02\/service-allo-tcl-desormais-accessible-aux-personnes-sourdes-et-malentendantes\/\",\"name\":\"Service ALL\u00d4 TCL > d\u00e9sormais accessible aux personnes sourdes et malentendantes - News Est Lyonnais\",\"isPartOf\":{\"@id\":\"https:\/\/newsestlyonnais.fr\/site\/#website\"},\"primaryImageOfPage\":{\"@id\":\"https:\/\/newsestlyonnais.fr\/site\/2020\/10\/02\/service-allo-tcl-desormais-accessible-aux-personnes-sourdes-et-malentendantes\/#primaryimage\"},\"image\":{\"@id\":\"https:\/\/newsestlyonnais.fr\/site\/2020\/10\/02\/service-allo-tcl-desormais-accessible-aux-personnes-sourdes-et-malentendantes\/#primaryimage\"},\"thumbnailUrl\":\"https:\/\/newsestlyonnais.fr\/site\/wp-content\/uploads\/2016\/11\/NEWSESTLYONNAIS-TCL-GBLANCHE.jpg\",\"datePublished\":\"2020-10-02T04:15:58+00:00\",\"description\":\"Service ALL\u00d4 TCL > d\u00e9sormais accessible aux personnes sourdes et malentendantes\",\"breadcrumb\":{\"@id\":\"https:\/\/newsestlyonnais.fr\/site\/2020\/10\/02\/service-allo-tcl-desormais-accessible-aux-personnes-sourdes-et-malentendantes\/#breadcrumb\"},\"inLanguage\":\"fr-FR\",\"potentialAction\":[{\"@type\":\"ReadAction\",\"target\":[\"https:\/\/newsestlyonnais.fr\/site\/2020\/10\/02\/service-allo-tcl-desormais-accessible-aux-personnes-sourdes-et-malentendantes\/\"]}]},{\"@type\":\"ImageObject\",\"inLanguage\":\"fr-FR\",\"@id\":\"https:\/\/newsestlyonnais.fr\/site\/2020\/10\/02\/service-allo-tcl-desormais-accessible-aux-personnes-sourdes-et-malentendantes\/#primaryimage\",\"url\":\"https:\/\/newsestlyonnais.fr\/site\/wp-content\/uploads\/2016\/11\/NEWSESTLYONNAIS-TCL-GBLANCHE.jpg\",\"contentUrl\":\"https:\/\/newsestlyonnais.fr\/site\/wp-content\/uploads\/2016\/11\/NEWSESTLYONNAIS-TCL-GBLANCHE.jpg\",\"width\":1000,\"height\":750},{\"@type\":\"BreadcrumbList\",\"@id\":\"https:\/\/newsestlyonnais.fr\/site\/2020\/10\/02\/service-allo-tcl-desormais-accessible-aux-personnes-sourdes-et-malentendantes\/#breadcrumb\",\"itemListElement\":[{\"@type\":\"ListItem\",\"position\":1,\"name\":\"Accueil\",\"item\":\"https:\/\/newsestlyonnais.fr\/site\/\"},{\"@type\":\"ListItem\",\"position\":2,\"name\":\"Service ALL\u00d4 TCL > d\u00e9sormais accessible aux personnes sourdes et malentendantes\"}]},{\"@type\":\"WebSite\",\"@id\":\"https:\/\/newsestlyonnais.fr\/site\/#website\",\"url\":\"https:\/\/newsestlyonnais.fr\/site\/\",\"name\":\"News Est Lyonnais\",\"description\":\"L&#039;actualit\u00e9 au plus pr\u00e8s\",\"publisher\":{\"@id\":\"https:\/\/newsestlyonnais.fr\/site\/#organization\"},\"potentialAction\":[{\"@type\":\"SearchAction\",\"target\":{\"@type\":\"EntryPoint\",\"urlTemplate\":\"https:\/\/newsestlyonnais.fr\/site\/?s={search_term_string}\"},\"query-input\":{\"@type\":\"PropertyValueSpecification\",\"valueRequired\":true,\"valueName\":\"search_term_string\"}}],\"inLanguage\":\"fr-FR\"},{\"@type\":\"Organization\",\"@id\":\"https:\/\/newsestlyonnais.fr\/site\/#organization\",\"name\":\"News EST LYONNAIS\",\"url\":\"https:\/\/newsestlyonnais.fr\/site\/\",\"logo\":{\"@type\":\"ImageObject\",\"inLanguage\":\"fr-FR\",\"@id\":\"https:\/\/newsestlyonnais.fr\/site\/#\/schema\/logo\/image\/\",\"url\":\"\",\"contentUrl\":\"\",\"caption\":\"News EST LYONNAIS\"},\"image\":{\"@id\":\"https:\/\/newsestlyonnais.fr\/site\/#\/schema\/logo\/image\/\"}},{\"@type\":\"Person\",\"@id\":\"https:\/\/newsestlyonnais.fr\/site\/#\/schema\/person\/3230d5615f390bb808365d673001e887\",\"name\":\"R\u00e9dac. NEWS\",\"sameAs\":[\"http:\/\/www.newsestlyonnais.fr\",\"https:\/\/www.facebook.com\/pascal.oberson.1?fref=ts\",\"https:\/\/fr.linkedin.com\/in\/pascal-oberson-b17045113\"],\"url\":\"https:\/\/newsestlyonnais.fr\/site\/author\/nel\/\"}]}<\/script>\n<!-- \/ Yoast SEO plugin. -->","yoast_head_json":{"title":"Service ALL\u00d4 TCL > d\u00e9sormais accessible aux personnes sourdes et malentendantes - News Est Lyonnais","description":"Service ALL\u00d4 TCL > d\u00e9sormais accessible aux personnes sourdes et malentendantes","robots":{"index":"index","follow":"follow","max-snippet":"max-snippet:-1","max-image-preview":"max-image-preview:large","max-video-preview":"max-video-preview:-1"},"canonical":"https:\/\/newsestlyonnais.fr\/site\/2020\/10\/02\/service-allo-tcl-desormais-accessible-aux-personnes-sourdes-et-malentendantes\/","og_locale":"fr_FR","og_type":"article","og_title":"Service ALL\u00d4 TCL > d\u00e9sormais accessible aux personnes sourdes et malentendantes - News Est Lyonnais","og_description":"Service ALL\u00d4 TCL > d\u00e9sormais accessible aux personnes sourdes et malentendantes","og_url":"https:\/\/newsestlyonnais.fr\/site\/2020\/10\/02\/service-allo-tcl-desormais-accessible-aux-personnes-sourdes-et-malentendantes\/","og_site_name":"News Est Lyonnais","article_author":"https:\/\/www.facebook.com\/pascal.oberson.1?fref=ts","article_published_time":"2020-10-02T04:15:58+00:00","og_image":[{"width":1000,"height":750,"url":"https:\/\/i2.wp.com\/newsestlyonnais.fr\/site\/wp-content\/uploads\/2016\/11\/NEWSESTLYONNAIS-TCL-GBLANCHE.jpg?fit=1000%2C750&ssl=1","type":"image\/jpeg"}],"author":"R\u00e9dac. NEWS","twitter_card":"summary_large_image","twitter_misc":{"\u00c9crit par":"R\u00e9dac. NEWS","Dur\u00e9e de lecture estim\u00e9e":"2 minutes"},"schema":{"@context":"https:\/\/schema.org","@graph":[{"@type":"Article","@id":"https:\/\/newsestlyonnais.fr\/site\/2020\/10\/02\/service-allo-tcl-desormais-accessible-aux-personnes-sourdes-et-malentendantes\/#article","isPartOf":{"@id":"https:\/\/newsestlyonnais.fr\/site\/2020\/10\/02\/service-allo-tcl-desormais-accessible-aux-personnes-sourdes-et-malentendantes\/"},"author":{"name":"R\u00e9dac. NEWS","@id":"https:\/\/newsestlyonnais.fr\/site\/#\/schema\/person\/3230d5615f390bb808365d673001e887"},"headline":"Service ALL\u00d4 TCL > d\u00e9sormais accessible aux personnes sourdes et malentendantes","datePublished":"2020-10-02T04:15:58+00:00","mainEntityOfPage":{"@id":"https:\/\/newsestlyonnais.fr\/site\/2020\/10\/02\/service-allo-tcl-desormais-accessible-aux-personnes-sourdes-et-malentendantes\/"},"wordCount":343,"commentCount":0,"publisher":{"@id":"https:\/\/newsestlyonnais.fr\/site\/#organization"},"image":{"@id":"https:\/\/newsestlyonnais.fr\/site\/2020\/10\/02\/service-allo-tcl-desormais-accessible-aux-personnes-sourdes-et-malentendantes\/#primaryimage"},"thumbnailUrl":"https:\/\/newsestlyonnais.fr\/site\/wp-content\/uploads\/2016\/11\/NEWSESTLYONNAIS-TCL-GBLANCHE.jpg","articleSection":["Br\u00e8ves de l'Est lyonnais","Sant\u00e9 | Bien Etre | Solidarit\u00e9","Transports | Circulation"],"inLanguage":"fr-FR","potentialAction":[{"@type":"CommentAction","name":"Comment","target":["https:\/\/newsestlyonnais.fr\/site\/2020\/10\/02\/service-allo-tcl-desormais-accessible-aux-personnes-sourdes-et-malentendantes\/#respond"]}]},{"@type":"WebPage","@id":"https:\/\/newsestlyonnais.fr\/site\/2020\/10\/02\/service-allo-tcl-desormais-accessible-aux-personnes-sourdes-et-malentendantes\/","url":"https:\/\/newsestlyonnais.fr\/site\/2020\/10\/02\/service-allo-tcl-desormais-accessible-aux-personnes-sourdes-et-malentendantes\/","name":"Service ALL\u00d4 TCL > d\u00e9sormais accessible aux personnes sourdes et malentendantes - News Est Lyonnais","isPartOf":{"@id":"https:\/\/newsestlyonnais.fr\/site\/#website"},"primaryImageOfPage":{"@id":"https:\/\/newsestlyonnais.fr\/site\/2020\/10\/02\/service-allo-tcl-desormais-accessible-aux-personnes-sourdes-et-malentendantes\/#primaryimage"},"image":{"@id":"https:\/\/newsestlyonnais.fr\/site\/2020\/10\/02\/service-allo-tcl-desormais-accessible-aux-personnes-sourdes-et-malentendantes\/#primaryimage"},"thumbnailUrl":"https:\/\/newsestlyonnais.fr\/site\/wp-content\/uploads\/2016\/11\/NEWSESTLYONNAIS-TCL-GBLANCHE.jpg","datePublished":"2020-10-02T04:15:58+00:00","description":"Service ALL\u00d4 TCL > d\u00e9sormais accessible aux personnes sourdes et malentendantes","breadcrumb":{"@id":"https:\/\/newsestlyonnais.fr\/site\/2020\/10\/02\/service-allo-tcl-desormais-accessible-aux-personnes-sourdes-et-malentendantes\/#breadcrumb"},"inLanguage":"fr-FR","potentialAction":[{"@type":"ReadAction","target":["https:\/\/newsestlyonnais.fr\/site\/2020\/10\/02\/service-allo-tcl-desormais-accessible-aux-personnes-sourdes-et-malentendantes\/"]}]},{"@type":"ImageObject","inLanguage":"fr-FR","@id":"https:\/\/newsestlyonnais.fr\/site\/2020\/10\/02\/service-allo-tcl-desormais-accessible-aux-personnes-sourdes-et-malentendantes\/#primaryimage","url":"https:\/\/newsestlyonnais.fr\/site\/wp-content\/uploads\/2016\/11\/NEWSESTLYONNAIS-TCL-GBLANCHE.jpg","contentUrl":"https:\/\/newsestlyonnais.fr\/site\/wp-content\/uploads\/2016\/11\/NEWSESTLYONNAIS-TCL-GBLANCHE.jpg","width":1000,"height":750},{"@type":"BreadcrumbList","@id":"https:\/\/newsestlyonnais.fr\/site\/2020\/10\/02\/service-allo-tcl-desormais-accessible-aux-personnes-sourdes-et-malentendantes\/#breadcrumb","itemListElement":[{"@type":"ListItem","position":1,"name":"Accueil","item":"https:\/\/newsestlyonnais.fr\/site\/"},{"@type":"ListItem","position":2,"name":"Service ALL\u00d4 TCL > d\u00e9sormais accessible aux personnes sourdes et malentendantes"}]},{"@type":"WebSite","@id":"https:\/\/newsestlyonnais.fr\/site\/#website","url":"https:\/\/newsestlyonnais.fr\/site\/","name":"News Est Lyonnais","description":"L&#039;actualit\u00e9 au plus pr\u00e8s","publisher":{"@id":"https:\/\/newsestlyonnais.fr\/site\/#organization"},"potentialAction":[{"@type":"SearchAction","target":{"@type":"EntryPoint","urlTemplate":"https:\/\/newsestlyonnais.fr\/site\/?s={search_term_string}"},"query-input":{"@type":"PropertyValueSpecification","valueRequired":true,"valueName":"search_term_string"}}],"inLanguage":"fr-FR"},{"@type":"Organization","@id":"https:\/\/newsestlyonnais.fr\/site\/#organization","name":"News EST LYONNAIS","url":"https:\/\/newsestlyonnais.fr\/site\/","logo":{"@type":"ImageObject","inLanguage":"fr-FR","@id":"https:\/\/newsestlyonnais.fr\/site\/#\/schema\/logo\/image\/","url":"","contentUrl":"","caption":"News EST LYONNAIS"},"image":{"@id":"https:\/\/newsestlyonnais.fr\/site\/#\/schema\/logo\/image\/"}},{"@type":"Person","@id":"https:\/\/newsestlyonnais.fr\/site\/#\/schema\/person\/3230d5615f390bb808365d673001e887","name":"R\u00e9dac. NEWS","sameAs":["http:\/\/www.newsestlyonnais.fr","https:\/\/www.facebook.com\/pascal.oberson.1?fref=ts","https:\/\/fr.linkedin.com\/in\/pascal-oberson-b17045113"],"url":"https:\/\/newsestlyonnais.fr\/site\/author\/nel\/"}]}},"_links":{"self":[{"href":"https:\/\/newsestlyonnais.fr\/site\/wp-json\/wp\/v2\/posts\/111797","targetHints":{"allow":["GET"]}}],"collection":[{"href":"https:\/\/newsestlyonnais.fr\/site\/wp-json\/wp\/v2\/posts"}],"about":[{"href":"https:\/\/newsestlyonnais.fr\/site\/wp-json\/wp\/v2\/types\/post"}],"author":[{"embeddable":true,"href":"https:\/\/newsestlyonnais.fr\/site\/wp-json\/wp\/v2\/users\/4"}],"replies":[{"embeddable":true,"href":"https:\/\/newsestlyonnais.fr\/site\/wp-json\/wp\/v2\/comments?post=111797"}],"version-history":[{"count":0,"href":"https:\/\/newsestlyonnais.fr\/site\/wp-json\/wp\/v2\/posts\/111797\/revisions"}],"wp:featuredmedia":[{"embeddable":true,"href":"https:\/\/newsestlyonnais.fr\/site\/wp-json\/wp\/v2\/media\/15454"}],"wp:attachment":[{"href":"https:\/\/newsestlyonnais.fr\/site\/wp-json\/wp\/v2\/media?parent=111797"}],"wp:term":[{"taxonomy":"category","embeddable":true,"href":"https:\/\/newsestlyonnais.fr\/site\/wp-json\/wp\/v2\/categories?post=111797"},{"taxonomy":"post_tag","embeddable":true,"href":"https:\/\/newsestlyonnais.fr\/site\/wp-json\/wp\/v2\/tags?post=111797"}],"curies":[{"name":"wp","href":"https:\/\/api.w.org\/{rel}","templated":true}]}}