{"id":112044,"date":"2020-10-12T09:27:59","date_gmt":"2020-10-12T08:27:59","guid":{"rendered":"http:\/\/newsestlyonnais.fr\/site\/?p=112044"},"modified":"2020-12-11T15:57:31","modified_gmt":"2020-12-11T14:57:31","slug":"vaulx-en-velin-abc-renov-se-sentir-bien-chez-soi","status":"publish","type":"post","link":"https:\/\/newsestlyonnais.fr\/site\/2020\/10\/12\/vaulx-en-velin-abc-renov-se-sentir-bien-chez-soi\/","title":{"rendered":"VAULX-EN-VELIN | Abc Renov + > se sentir bien chez soi"},"content":{"rendered":"<p>Lanc\u00e9e par Joris, \u00e9ducateur sp\u00e9cialis\u00e9 en chantier d&rsquo;insertion pour les jeunes, elle \u00e9tait \u00e0 la base uniquement destin\u00e9e \u00e0 la r\u00e9novation (second oeuvre et tout corps d&rsquo;\u00e9tat). Un an plus tard, l&rsquo;entrepreneur fondateur a \u00e9t\u00e9 rejoint par Gary, \u00e9lectricien de formation pour constituer cette soci\u00e9t\u00e9 familiale qui travaille avec des sous-traitants locaux.<\/p>\n<hr \/>\n<p><strong><img loading=\"lazy\" decoding=\"async\" class=\"alignleft wp-image-112087\" src=\"https:\/\/newsestlyonnais.fr\/site\/medias\/2020\/10\/P1440963-250x188.jpg\" alt=\"\" width=\"160\" height=\"120\" srcset=\"https:\/\/newsestlyonnais.fr\/site\/wp-content\/uploads\/2020\/10\/P1440963-250x188.jpg 250w, https:\/\/newsestlyonnais.fr\/site\/wp-content\/uploads\/2020\/10\/P1440963-400x300.jpg 400w, https:\/\/newsestlyonnais.fr\/site\/wp-content\/uploads\/2020\/10\/P1440963-650x488.jpg 650w, https:\/\/newsestlyonnais.fr\/site\/wp-content\/uploads\/2020\/10\/P1440963-768x576.jpg 768w, https:\/\/newsestlyonnais.fr\/site\/wp-content\/uploads\/2020\/10\/P1440963-150x113.jpg 150w, https:\/\/newsestlyonnais.fr\/site\/wp-content\/uploads\/2020\/10\/P1440963-50x38.jpg 50w, https:\/\/newsestlyonnais.fr\/site\/wp-content\/uploads\/2020\/10\/P1440963-100x75.jpg 100w, https:\/\/newsestlyonnais.fr\/site\/wp-content\/uploads\/2020\/10\/P1440963-200x150.jpg 200w, https:\/\/newsestlyonnais.fr\/site\/wp-content\/uploads\/2020\/10\/P1440963-300x225.jpg 300w, https:\/\/newsestlyonnais.fr\/site\/wp-content\/uploads\/2020\/10\/P1440963-350x263.jpg 350w, https:\/\/newsestlyonnais.fr\/site\/wp-content\/uploads\/2020\/10\/P1440963-450x338.jpg 450w, https:\/\/newsestlyonnais.fr\/site\/wp-content\/uploads\/2020\/10\/P1440963-500x375.jpg 500w, https:\/\/newsestlyonnais.fr\/site\/wp-content\/uploads\/2020\/10\/P1440963-550x413.jpg 550w, https:\/\/newsestlyonnais.fr\/site\/wp-content\/uploads\/2020\/10\/P1440963-800x600.jpg 800w, https:\/\/newsestlyonnais.fr\/site\/wp-content\/uploads\/2020\/10\/P1440963.jpg 1200w\" sizes=\"auto, (max-width: 160px) 100vw, 160px\" \/><\/strong><\/p>\n<p><span style=\"font-size: 14pt;\"><strong>Deux fr\u00e8res passionn\u00e9s par la r\u00e9novation et de plus tr\u00e8s compl\u00e9mentaires, chacun apportant sa comp\u00e9tence professionnelle en \u00e9lectricit\u00e9, climatisation, domotique (Gary) et plomberie, salle de bains, sanitaire (Joris).<\/strong><\/span><\/p>\n<hr \/>\n<p>Nouveau virage pour l&rsquo;entreprise en 2018, qui en int\u00e9grant des locaux vaudais de la SCI La Soie, a <strong>souhait\u00e9 d\u00e9velopper 2 secteurs : <\/strong><\/p>\n<ul>\n<li><strong>la climatisation : <\/strong>en neuf ou r\u00e9novation, avec des installations qui durent et un aspect qualitatif. En proposant des produits haut de gamme et reconnus avec un fournisseur japonais Daikin, un des leaders du secteur. Avec comme devise de l&rsquo;entreprise \u00a0\u00bb acheter mieux, de meilleure qualit\u00e9 et plus cher \u00ab\u00a0.<strong><br \/>\n<\/strong><\/li>\n<li><strong>la domotique : <\/strong>suite \u00e0 une probl\u00e9matique des particuliers et d&rsquo;un r\u00e9el besoin, avec l&rsquo;id\u00e9e de pouvoir r\u00e9aliser une \u00e9conomie d&rsquo;\u00e9nergie et assurer une meilleure gestion du chauffage. Ils travaillent avec le groupe Rexel qui a mis en place une box domotique qui permet une communication des appareils entre eux. Cr\u00e9ation de sc\u00e9narios, automatisation des fonctions, possibilit\u00e9 de prendre la main \u00e0 distance, gestion par secteur (volet roulant, chauffage, \u00e9lectricit\u00e9) et ses nombreux avantages (confort, gadget, gestion \u00e9conomie d&rsquo;\u00e9nergie, facilitation, s\u00e9curit\u00e9).<\/li>\n<\/ul>\n<p>Avec une <strong>approche \u00e9coresponsable<\/strong> (v\u00e9hicules aux normes du Grand Lyon, tri des d\u00e9chets, fournisseurs dans un rayon maximum de 10 kilom\u00e8tres) et la <strong>notion de services (qualit\u00e9 et satisfaction) au client<\/strong>.<\/p>\n<hr \/>\n<p><span style=\"text-decoration: underline;\"><strong>Interventions chez les particuliers mais aussi en entreprises dans l&rsquo;Est Lyonnais<\/strong><\/span> : Bron \/ D\u00e9cines \/ Meyzieu \/ Vaulx-en-Velin, mais aussi sur Lyon et tout le d\u00e9partement du Rh\u00f4ne \/ <strong>Devis gratuits sous 15 jours \/ Vraie mise en service \/ Suivi des installations et chantiers \/ Plus-value en terme de consommation.<br \/>\n<\/strong><\/p>\n<hr \/>\n<p><strong><span class=\"color_16\"><img loading=\"lazy\" decoding=\"async\" class=\"alignleft size-full wp-image-112048\" src=\"https:\/\/newsestlyonnais.fr\/site\/medias\/2020\/10\/Maquette-site-internet-copie.001.jpeg\" alt=\"\" width=\"170\" height=\"127\" srcset=\"https:\/\/newsestlyonnais.fr\/site\/wp-content\/uploads\/2020\/10\/Maquette-site-internet-copie.001.jpeg 170w, https:\/\/newsestlyonnais.fr\/site\/wp-content\/uploads\/2020\/10\/Maquette-site-internet-copie.001-150x112.jpeg 150w, https:\/\/newsestlyonnais.fr\/site\/wp-content\/uploads\/2020\/10\/Maquette-site-internet-copie.001-50x37.jpeg 50w, https:\/\/newsestlyonnais.fr\/site\/wp-content\/uploads\/2020\/10\/Maquette-site-internet-copie.001-100x75.jpeg 100w\" sizes=\"auto, (max-width: 170px) 100vw, 170px\" \/> <span style=\"text-decoration: underline;\">ABC R\u00e9nov+<\/span>, <\/span><\/strong><span style=\"text-decoration: underline;\">11-13 Avenue Bataillon Carmagnole Libert\u00e9 \u00e0 Vaulx-en-Velin.<\/span><\/p>\n<ul>\n<li><strong>T\u00e9l<\/strong> : <strong>Gary<\/strong> <strong>Daquin <\/strong>06.51.78.14.75 &amp; <strong>Joris <\/strong><strong>Daquin <\/strong>06.19.92.52.97.<\/li>\n<li><strong>Contact<\/strong> : jdaquin@abcrenov.fr<\/li>\n<li><em><strong>A retrouver sur :\u00a0<a href=\"http:\/\/www.abcrenovelec.com\">http:\/\/www.abcrenovelec.com<\/a> &amp; sur :\u00a0<a href=\"https:\/\/www.facebook.com\/ABCRENOV\">https:\/\/www.facebook.com\/ABCRENOV<\/a><\/strong> <\/em><\/li>\n<\/ul>\n<hr \/>\n<div id='gallery-1' class='gallery galleryid-112044 gallery-columns-2 gallery-size-thumbnail'><figure class='gallery-item'>\n\t\t\t<div class='gallery-icon landscape'>\n\t\t\t\t<a href='https:\/\/newsestlyonnais.fr\/site\/2020\/10\/12\/vaulx-en-velin-abc-renov-se-sentir-bien-chez-soi\/p1440957\/'><img loading=\"lazy\" decoding=\"async\" width=\"150\" height=\"113\" src=\"https:\/\/newsestlyonnais.fr\/site\/wp-content\/uploads\/2020\/10\/P1440957-250x188.jpg\" class=\"attachment-thumbnail size-thumbnail\" alt=\"\" srcset=\"https:\/\/newsestlyonnais.fr\/site\/wp-content\/uploads\/2020\/10\/P1440957-250x188.jpg 250w, https:\/\/newsestlyonnais.fr\/site\/wp-content\/uploads\/2020\/10\/P1440957-400x300.jpg 400w, https:\/\/newsestlyonnais.fr\/site\/wp-content\/uploads\/2020\/10\/P1440957-650x488.jpg 650w, https:\/\/newsestlyonnais.fr\/site\/wp-content\/uploads\/2020\/10\/P1440957-768x576.jpg 768w, https:\/\/newsestlyonnais.fr\/site\/wp-content\/uploads\/2020\/10\/P1440957-150x113.jpg 150w, https:\/\/newsestlyonnais.fr\/site\/wp-content\/uploads\/2020\/10\/P1440957-50x38.jpg 50w, https:\/\/newsestlyonnais.fr\/site\/wp-content\/uploads\/2020\/10\/P1440957-100x75.jpg 100w, https:\/\/newsestlyonnais.fr\/site\/wp-content\/uploads\/2020\/10\/P1440957-200x150.jpg 200w, https:\/\/newsestlyonnais.fr\/site\/wp-content\/uploads\/2020\/10\/P1440957-300x225.jpg 300w, https:\/\/newsestlyonnais.fr\/site\/wp-content\/uploads\/2020\/10\/P1440957-350x263.jpg 350w, https:\/\/newsestlyonnais.fr\/site\/wp-content\/uploads\/2020\/10\/P1440957-450x338.jpg 450w, https:\/\/newsestlyonnais.fr\/site\/wp-content\/uploads\/2020\/10\/P1440957-500x375.jpg 500w, https:\/\/newsestlyonnais.fr\/site\/wp-content\/uploads\/2020\/10\/P1440957-550x413.jpg 550w, https:\/\/newsestlyonnais.fr\/site\/wp-content\/uploads\/2020\/10\/P1440957-800x600.jpg 800w, https:\/\/newsestlyonnais.fr\/site\/wp-content\/uploads\/2020\/10\/P1440957.jpg 1200w\" sizes=\"auto, (max-width: 150px) 100vw, 150px\" \/><\/a>\n\t\t\t<\/div><\/figure>\n\t\t<\/div>\n\n","protected":false},"excerpt":{"rendered":"<p>Une entreprise familiale fond\u00e9e en juin 2017, sp\u00e9cialis\u00e9e en r\u00e9novation \u00e9lectrique et domotique, dirig\u00e9e par deux fr\u00e8res, Joris et Gary Daquin. <\/p>\n","protected":false},"author":4,"featured_media":112064,"comment_status":"open","ping_status":"open","sticky":false,"template":"","format":"standard","meta":{"footnotes":""},"categories":[1628,2970,12,28],"tags":[3428,2127,2006],"class_list":["post-112044","post","type-post","status-publish","format-standard","has-post-thumbnail","hentry","category-publi-reportages","category-artisans-commerces-economie","category-entreprises","category-vaulx-en-velin","tag-abc-renov","tag-travaux","tag-vaulx-en-velin"],"yoast_head":"<!-- This site is optimized with the Yoast SEO plugin v27.2 - https:\/\/yoast.com\/product\/yoast-seo-wordpress\/ -->\n<title>VAULX-EN-VELIN | Abc Renov + &gt; se sentir bien chez soi - News Est Lyonnais<\/title>\n<meta name=\"description\" content=\"VAULX-EN-VELIN | Se sentir bien chez soi gr\u00e2ce \u00e0 &quot;Abc Renov&quot;\" \/>\n<meta name=\"robots\" content=\"index, follow, max-snippet:-1, max-image-preview:large, max-video-preview:-1\" \/>\n<link rel=\"canonical\" href=\"https:\/\/newsestlyonnais.fr\/site\/2020\/10\/12\/vaulx-en-velin-abc-renov-se-sentir-bien-chez-soi\/\" \/>\n<meta property=\"og:locale\" content=\"fr_FR\" \/>\n<meta property=\"og:type\" content=\"article\" \/>\n<meta property=\"og:title\" content=\"VAULX-EN-VELIN | Abc Renov + &gt; se sentir bien chez soi - News Est Lyonnais\" \/>\n<meta property=\"og:description\" content=\"VAULX-EN-VELIN | Se sentir bien chez soi gr\u00e2ce \u00e0 &quot;Abc Renov&quot;\" \/>\n<meta property=\"og:url\" content=\"https:\/\/newsestlyonnais.fr\/site\/2020\/10\/12\/vaulx-en-velin-abc-renov-se-sentir-bien-chez-soi\/\" \/>\n<meta property=\"og:site_name\" content=\"News Est Lyonnais\" \/>\n<meta property=\"article:author\" content=\"https:\/\/www.facebook.com\/pascal.oberson.1?fref=ts\" \/>\n<meta property=\"article:published_time\" content=\"2020-10-12T08:27:59+00:00\" \/>\n<meta property=\"article:modified_time\" content=\"2020-12-11T14:57:31+00:00\" \/>\n<meta property=\"og:image\" content=\"https:\/\/i1.wp.com\/newsestlyonnais.fr\/site\/wp-content\/uploads\/2020\/10\/P1440966.jpg?fit=1200%2C900&ssl=1\" \/>\n\t<meta property=\"og:image:width\" content=\"1200\" \/>\n\t<meta property=\"og:image:height\" content=\"900\" \/>\n\t<meta property=\"og:image:type\" content=\"image\/jpeg\" \/>\n<meta name=\"author\" content=\"R\u00e9dac. NEWS\" \/>\n<meta name=\"twitter:card\" content=\"summary_large_image\" \/>\n<meta name=\"twitter:label1\" content=\"\u00c9crit par\" \/>\n\t<meta name=\"twitter:data1\" content=\"R\u00e9dac. NEWS\" \/>\n\t<meta name=\"twitter:label2\" content=\"Dur\u00e9e de lecture estim\u00e9e\" \/>\n\t<meta name=\"twitter:data2\" content=\"2 minutes\" \/>\n<script type=\"application\/ld+json\" class=\"yoast-schema-graph\">{\"@context\":\"https:\/\/schema.org\",\"@graph\":[{\"@type\":\"Article\",\"@id\":\"https:\/\/newsestlyonnais.fr\/site\/2020\/10\/12\/vaulx-en-velin-abc-renov-se-sentir-bien-chez-soi\/#article\",\"isPartOf\":{\"@id\":\"https:\/\/newsestlyonnais.fr\/site\/2020\/10\/12\/vaulx-en-velin-abc-renov-se-sentir-bien-chez-soi\/\"},\"author\":{\"name\":\"R\u00e9dac. NEWS\",\"@id\":\"https:\/\/newsestlyonnais.fr\/site\/#\/schema\/person\/3230d5615f390bb808365d673001e887\"},\"headline\":\"VAULX-EN-VELIN | Abc Renov + > se sentir bien chez soi\",\"datePublished\":\"2020-10-12T08:27:59+00:00\",\"dateModified\":\"2020-12-11T14:57:31+00:00\",\"mainEntityOfPage\":{\"@id\":\"https:\/\/newsestlyonnais.fr\/site\/2020\/10\/12\/vaulx-en-velin-abc-renov-se-sentir-bien-chez-soi\/\"},\"wordCount\":380,\"commentCount\":1,\"publisher\":{\"@id\":\"https:\/\/newsestlyonnais.fr\/site\/#organization\"},\"image\":{\"@id\":\"https:\/\/newsestlyonnais.fr\/site\/2020\/10\/12\/vaulx-en-velin-abc-renov-se-sentir-bien-chez-soi\/#primaryimage\"},\"thumbnailUrl\":\"https:\/\/newsestlyonnais.fr\/site\/wp-content\/uploads\/2020\/10\/P1440966.jpg\",\"keywords\":[\"Abc Renov +\",\"TRAVAUX\",\"VAULX EN VELIN\"],\"articleSection\":[\"1Publi-Reportages\",\"Artisans | Commerces\",\"Entreprises\",\"Vaulx-en-Velin\"],\"inLanguage\":\"fr-FR\",\"potentialAction\":[{\"@type\":\"CommentAction\",\"name\":\"Comment\",\"target\":[\"https:\/\/newsestlyonnais.fr\/site\/2020\/10\/12\/vaulx-en-velin-abc-renov-se-sentir-bien-chez-soi\/#respond\"]}]},{\"@type\":\"WebPage\",\"@id\":\"https:\/\/newsestlyonnais.fr\/site\/2020\/10\/12\/vaulx-en-velin-abc-renov-se-sentir-bien-chez-soi\/\",\"url\":\"https:\/\/newsestlyonnais.fr\/site\/2020\/10\/12\/vaulx-en-velin-abc-renov-se-sentir-bien-chez-soi\/\",\"name\":\"VAULX-EN-VELIN | Abc Renov + > se sentir bien chez soi - News Est Lyonnais\",\"isPartOf\":{\"@id\":\"https:\/\/newsestlyonnais.fr\/site\/#website\"},\"primaryImageOfPage\":{\"@id\":\"https:\/\/newsestlyonnais.fr\/site\/2020\/10\/12\/vaulx-en-velin-abc-renov-se-sentir-bien-chez-soi\/#primaryimage\"},\"image\":{\"@id\":\"https:\/\/newsestlyonnais.fr\/site\/2020\/10\/12\/vaulx-en-velin-abc-renov-se-sentir-bien-chez-soi\/#primaryimage\"},\"thumbnailUrl\":\"https:\/\/newsestlyonnais.fr\/site\/wp-content\/uploads\/2020\/10\/P1440966.jpg\",\"datePublished\":\"2020-10-12T08:27:59+00:00\",\"dateModified\":\"2020-12-11T14:57:31+00:00\",\"description\":\"VAULX-EN-VELIN | Se sentir bien chez soi gr\u00e2ce \u00e0 \\\"Abc Renov\\\"\",\"breadcrumb\":{\"@id\":\"https:\/\/newsestlyonnais.fr\/site\/2020\/10\/12\/vaulx-en-velin-abc-renov-se-sentir-bien-chez-soi\/#breadcrumb\"},\"inLanguage\":\"fr-FR\",\"potentialAction\":[{\"@type\":\"ReadAction\",\"target\":[\"https:\/\/newsestlyonnais.fr\/site\/2020\/10\/12\/vaulx-en-velin-abc-renov-se-sentir-bien-chez-soi\/\"]}]},{\"@type\":\"ImageObject\",\"inLanguage\":\"fr-FR\",\"@id\":\"https:\/\/newsestlyonnais.fr\/site\/2020\/10\/12\/vaulx-en-velin-abc-renov-se-sentir-bien-chez-soi\/#primaryimage\",\"url\":\"https:\/\/newsestlyonnais.fr\/site\/wp-content\/uploads\/2020\/10\/P1440966.jpg\",\"contentUrl\":\"https:\/\/newsestlyonnais.fr\/site\/wp-content\/uploads\/2020\/10\/P1440966.jpg\",\"width\":1200,\"height\":900},{\"@type\":\"BreadcrumbList\",\"@id\":\"https:\/\/newsestlyonnais.fr\/site\/2020\/10\/12\/vaulx-en-velin-abc-renov-se-sentir-bien-chez-soi\/#breadcrumb\",\"itemListElement\":[{\"@type\":\"ListItem\",\"position\":1,\"name\":\"Accueil\",\"item\":\"https:\/\/newsestlyonnais.fr\/site\/\"},{\"@type\":\"ListItem\",\"position\":2,\"name\":\"VAULX-EN-VELIN | Abc Renov + > se sentir bien chez soi\"}]},{\"@type\":\"WebSite\",\"@id\":\"https:\/\/newsestlyonnais.fr\/site\/#website\",\"url\":\"https:\/\/newsestlyonnais.fr\/site\/\",\"name\":\"News Est Lyonnais\",\"description\":\"L&#039;actualit\u00e9 au plus pr\u00e8s\",\"publisher\":{\"@id\":\"https:\/\/newsestlyonnais.fr\/site\/#organization\"},\"potentialAction\":[{\"@type\":\"SearchAction\",\"target\":{\"@type\":\"EntryPoint\",\"urlTemplate\":\"https:\/\/newsestlyonnais.fr\/site\/?s={search_term_string}\"},\"query-input\":{\"@type\":\"PropertyValueSpecification\",\"valueRequired\":true,\"valueName\":\"search_term_string\"}}],\"inLanguage\":\"fr-FR\"},{\"@type\":\"Organization\",\"@id\":\"https:\/\/newsestlyonnais.fr\/site\/#organization\",\"name\":\"News EST LYONNAIS\",\"url\":\"https:\/\/newsestlyonnais.fr\/site\/\",\"logo\":{\"@type\":\"ImageObject\",\"inLanguage\":\"fr-FR\",\"@id\":\"https:\/\/newsestlyonnais.fr\/site\/#\/schema\/logo\/image\/\",\"url\":\"\",\"contentUrl\":\"\",\"caption\":\"News EST LYONNAIS\"},\"image\":{\"@id\":\"https:\/\/newsestlyonnais.fr\/site\/#\/schema\/logo\/image\/\"}},{\"@type\":\"Person\",\"@id\":\"https:\/\/newsestlyonnais.fr\/site\/#\/schema\/person\/3230d5615f390bb808365d673001e887\",\"name\":\"R\u00e9dac. NEWS\",\"sameAs\":[\"http:\/\/www.newsestlyonnais.fr\",\"https:\/\/www.facebook.com\/pascal.oberson.1?fref=ts\",\"https:\/\/fr.linkedin.com\/in\/pascal-oberson-b17045113\"],\"url\":\"https:\/\/newsestlyonnais.fr\/site\/author\/nel\/\"}]}<\/script>\n<!-- \/ Yoast SEO plugin. -->","yoast_head_json":{"title":"VAULX-EN-VELIN | Abc Renov + > se sentir bien chez soi - News Est Lyonnais","description":"VAULX-EN-VELIN | Se sentir bien chez soi gr\u00e2ce \u00e0 \"Abc Renov\"","robots":{"index":"index","follow":"follow","max-snippet":"max-snippet:-1","max-image-preview":"max-image-preview:large","max-video-preview":"max-video-preview:-1"},"canonical":"https:\/\/newsestlyonnais.fr\/site\/2020\/10\/12\/vaulx-en-velin-abc-renov-se-sentir-bien-chez-soi\/","og_locale":"fr_FR","og_type":"article","og_title":"VAULX-EN-VELIN | Abc Renov + > se sentir bien chez soi - News Est Lyonnais","og_description":"VAULX-EN-VELIN | Se sentir bien chez soi gr\u00e2ce \u00e0 \"Abc Renov\"","og_url":"https:\/\/newsestlyonnais.fr\/site\/2020\/10\/12\/vaulx-en-velin-abc-renov-se-sentir-bien-chez-soi\/","og_site_name":"News Est Lyonnais","article_author":"https:\/\/www.facebook.com\/pascal.oberson.1?fref=ts","article_published_time":"2020-10-12T08:27:59+00:00","article_modified_time":"2020-12-11T14:57:31+00:00","og_image":[{"width":1200,"height":900,"url":"https:\/\/i1.wp.com\/newsestlyonnais.fr\/site\/wp-content\/uploads\/2020\/10\/P1440966.jpg?fit=1200%2C900&ssl=1","type":"image\/jpeg"}],"author":"R\u00e9dac. NEWS","twitter_card":"summary_large_image","twitter_misc":{"\u00c9crit par":"R\u00e9dac. NEWS","Dur\u00e9e de lecture estim\u00e9e":"2 minutes"},"schema":{"@context":"https:\/\/schema.org","@graph":[{"@type":"Article","@id":"https:\/\/newsestlyonnais.fr\/site\/2020\/10\/12\/vaulx-en-velin-abc-renov-se-sentir-bien-chez-soi\/#article","isPartOf":{"@id":"https:\/\/newsestlyonnais.fr\/site\/2020\/10\/12\/vaulx-en-velin-abc-renov-se-sentir-bien-chez-soi\/"},"author":{"name":"R\u00e9dac. NEWS","@id":"https:\/\/newsestlyonnais.fr\/site\/#\/schema\/person\/3230d5615f390bb808365d673001e887"},"headline":"VAULX-EN-VELIN | Abc Renov + > se sentir bien chez soi","datePublished":"2020-10-12T08:27:59+00:00","dateModified":"2020-12-11T14:57:31+00:00","mainEntityOfPage":{"@id":"https:\/\/newsestlyonnais.fr\/site\/2020\/10\/12\/vaulx-en-velin-abc-renov-se-sentir-bien-chez-soi\/"},"wordCount":380,"commentCount":1,"publisher":{"@id":"https:\/\/newsestlyonnais.fr\/site\/#organization"},"image":{"@id":"https:\/\/newsestlyonnais.fr\/site\/2020\/10\/12\/vaulx-en-velin-abc-renov-se-sentir-bien-chez-soi\/#primaryimage"},"thumbnailUrl":"https:\/\/newsestlyonnais.fr\/site\/wp-content\/uploads\/2020\/10\/P1440966.jpg","keywords":["Abc Renov +","TRAVAUX","VAULX EN VELIN"],"articleSection":["1Publi-Reportages","Artisans | Commerces","Entreprises","Vaulx-en-Velin"],"inLanguage":"fr-FR","potentialAction":[{"@type":"CommentAction","name":"Comment","target":["https:\/\/newsestlyonnais.fr\/site\/2020\/10\/12\/vaulx-en-velin-abc-renov-se-sentir-bien-chez-soi\/#respond"]}]},{"@type":"WebPage","@id":"https:\/\/newsestlyonnais.fr\/site\/2020\/10\/12\/vaulx-en-velin-abc-renov-se-sentir-bien-chez-soi\/","url":"https:\/\/newsestlyonnais.fr\/site\/2020\/10\/12\/vaulx-en-velin-abc-renov-se-sentir-bien-chez-soi\/","name":"VAULX-EN-VELIN | Abc Renov + > se sentir bien chez soi - News Est Lyonnais","isPartOf":{"@id":"https:\/\/newsestlyonnais.fr\/site\/#website"},"primaryImageOfPage":{"@id":"https:\/\/newsestlyonnais.fr\/site\/2020\/10\/12\/vaulx-en-velin-abc-renov-se-sentir-bien-chez-soi\/#primaryimage"},"image":{"@id":"https:\/\/newsestlyonnais.fr\/site\/2020\/10\/12\/vaulx-en-velin-abc-renov-se-sentir-bien-chez-soi\/#primaryimage"},"thumbnailUrl":"https:\/\/newsestlyonnais.fr\/site\/wp-content\/uploads\/2020\/10\/P1440966.jpg","datePublished":"2020-10-12T08:27:59+00:00","dateModified":"2020-12-11T14:57:31+00:00","description":"VAULX-EN-VELIN | Se sentir bien chez soi gr\u00e2ce \u00e0 \"Abc Renov\"","breadcrumb":{"@id":"https:\/\/newsestlyonnais.fr\/site\/2020\/10\/12\/vaulx-en-velin-abc-renov-se-sentir-bien-chez-soi\/#breadcrumb"},"inLanguage":"fr-FR","potentialAction":[{"@type":"ReadAction","target":["https:\/\/newsestlyonnais.fr\/site\/2020\/10\/12\/vaulx-en-velin-abc-renov-se-sentir-bien-chez-soi\/"]}]},{"@type":"ImageObject","inLanguage":"fr-FR","@id":"https:\/\/newsestlyonnais.fr\/site\/2020\/10\/12\/vaulx-en-velin-abc-renov-se-sentir-bien-chez-soi\/#primaryimage","url":"https:\/\/newsestlyonnais.fr\/site\/wp-content\/uploads\/2020\/10\/P1440966.jpg","contentUrl":"https:\/\/newsestlyonnais.fr\/site\/wp-content\/uploads\/2020\/10\/P1440966.jpg","width":1200,"height":900},{"@type":"BreadcrumbList","@id":"https:\/\/newsestlyonnais.fr\/site\/2020\/10\/12\/vaulx-en-velin-abc-renov-se-sentir-bien-chez-soi\/#breadcrumb","itemListElement":[{"@type":"ListItem","position":1,"name":"Accueil","item":"https:\/\/newsestlyonnais.fr\/site\/"},{"@type":"ListItem","position":2,"name":"VAULX-EN-VELIN | Abc Renov + > se sentir bien chez soi"}]},{"@type":"WebSite","@id":"https:\/\/newsestlyonnais.fr\/site\/#website","url":"https:\/\/newsestlyonnais.fr\/site\/","name":"News Est Lyonnais","description":"L&#039;actualit\u00e9 au plus pr\u00e8s","publisher":{"@id":"https:\/\/newsestlyonnais.fr\/site\/#organization"},"potentialAction":[{"@type":"SearchAction","target":{"@type":"EntryPoint","urlTemplate":"https:\/\/newsestlyonnais.fr\/site\/?s={search_term_string}"},"query-input":{"@type":"PropertyValueSpecification","valueRequired":true,"valueName":"search_term_string"}}],"inLanguage":"fr-FR"},{"@type":"Organization","@id":"https:\/\/newsestlyonnais.fr\/site\/#organization","name":"News EST LYONNAIS","url":"https:\/\/newsestlyonnais.fr\/site\/","logo":{"@type":"ImageObject","inLanguage":"fr-FR","@id":"https:\/\/newsestlyonnais.fr\/site\/#\/schema\/logo\/image\/","url":"","contentUrl":"","caption":"News EST LYONNAIS"},"image":{"@id":"https:\/\/newsestlyonnais.fr\/site\/#\/schema\/logo\/image\/"}},{"@type":"Person","@id":"https:\/\/newsestlyonnais.fr\/site\/#\/schema\/person\/3230d5615f390bb808365d673001e887","name":"R\u00e9dac. NEWS","sameAs":["http:\/\/www.newsestlyonnais.fr","https:\/\/www.facebook.com\/pascal.oberson.1?fref=ts","https:\/\/fr.linkedin.com\/in\/pascal-oberson-b17045113"],"url":"https:\/\/newsestlyonnais.fr\/site\/author\/nel\/"}]}},"_links":{"self":[{"href":"https:\/\/newsestlyonnais.fr\/site\/wp-json\/wp\/v2\/posts\/112044","targetHints":{"allow":["GET"]}}],"collection":[{"href":"https:\/\/newsestlyonnais.fr\/site\/wp-json\/wp\/v2\/posts"}],"about":[{"href":"https:\/\/newsestlyonnais.fr\/site\/wp-json\/wp\/v2\/types\/post"}],"author":[{"embeddable":true,"href":"https:\/\/newsestlyonnais.fr\/site\/wp-json\/wp\/v2\/users\/4"}],"replies":[{"embeddable":true,"href":"https:\/\/newsestlyonnais.fr\/site\/wp-json\/wp\/v2\/comments?post=112044"}],"version-history":[{"count":0,"href":"https:\/\/newsestlyonnais.fr\/site\/wp-json\/wp\/v2\/posts\/112044\/revisions"}],"wp:featuredmedia":[{"embeddable":true,"href":"https:\/\/newsestlyonnais.fr\/site\/wp-json\/wp\/v2\/media\/112064"}],"wp:attachment":[{"href":"https:\/\/newsestlyonnais.fr\/site\/wp-json\/wp\/v2\/media?parent=112044"}],"wp:term":[{"taxonomy":"category","embeddable":true,"href":"https:\/\/newsestlyonnais.fr\/site\/wp-json\/wp\/v2\/categories?post=112044"},{"taxonomy":"post_tag","embeddable":true,"href":"https:\/\/newsestlyonnais.fr\/site\/wp-json\/wp\/v2\/tags?post=112044"}],"curies":[{"name":"wp","href":"https:\/\/api.w.org\/{rel}","templated":true}]}}