{"id":112438,"date":"2020-10-11T09:30:18","date_gmt":"2020-10-11T08:30:18","guid":{"rendered":"http:\/\/newsestlyonnais.fr\/site\/?p=112438"},"modified":"2020-10-12T09:26:11","modified_gmt":"2020-10-12T08:26:11","slug":"venissieux-belle-moisson-de-medailles-pour-les-marcheurs-de-lafa-feyzin-venissieux","status":"publish","type":"post","link":"https:\/\/newsestlyonnais.fr\/site\/2020\/10\/11\/venissieux-belle-moisson-de-medailles-pour-les-marcheurs-de-lafa-feyzin-venissieux\/","title":{"rendered":"VENISSIEUX | Belle moisson des marcheurs AFA Feyzin-V\u00e9nissieux"},"content":{"rendered":"<p>Engag\u00e9s sur l\u2019\u00e9preuve du 10 kilom\u00e9tres de marche athl\u00e9tique sur route, ils reviennent avec <strong>3 m\u00e9dailles<\/strong> :<\/p>\n<ul>\n<li><strong>Liliane Bonvarlet<\/strong> : vice-championne de France en cat\u00e9gorie F65 en 1 h 07\u201933\u2019\u2019. (\u00e0 gauche sur <strong>PHOTO A LA UNE<\/strong>).<\/li>\n<li><strong>Delphine Carlu<\/strong> : 3\u00b0 en cat\u00e9gorie F40 en 1 h 08\u201936\u2019\u2019.<\/li>\n<li><strong>Patrick Bonvarlet<\/strong> : 3\u00b0 en cat\u00e9gorie M60 en 56\u201908\u2019\u2019.<\/li>\n<\/ul>\n<p><strong>Abdelaziz Seffari<\/strong> se classe pour sa part 5\u00b0 en cat\u00e9gorie M60 avec un chrono de 1 h 01\u201914\u2019\u2019.<\/p>\n<hr \/>\n<p>A signaler \u00e9galement la belle 3\u00b0 place en cat\u00e9gorie F50 en 55\u201931\u2019 de <strong>Laurence Sina<\/strong> (Entente Sud Lyonnais) et qui s\u2019entra\u00eene avec le groupe de Patrick Bonvarlet, le samedi matin \u00e0 Parilly.<\/p>\n<hr \/>\n<p><span style=\"text-decoration: underline;\"><em><strong>Classements complets \u00e0 retrouver<\/strong><\/em><\/span> :<\/p>\n<ul>\n<li>en f\u00e9minines sur : <span style=\"color: #0000ff;\"><a style=\"color: #0000ff;\" href=\"https:\/\/bases.athle.fr\/asp.net\/liste.aspx?frmbase=resultats&amp;frmmode=1&amp;frmespace=0&amp;frmcompetition=238757&amp;frmepreuve=10+Km++Marche+Route+F\">https:\/\/bases.athle.fr\/asp.net\/liste.aspx?frmbase=resultats&amp;frmmode=1&amp;frmespace=0&amp;frmcompetition=238757&amp;frmepreuve=10+Km++Marche+Route+F<\/a><\/span><\/li>\n<li>en masculins sur : <a href=\"https:\/\/bases.athle.fr\/asp.net\/liste.aspx?frmbase=resultats&amp;frmmode=1&amp;frmespace=0&amp;frmcompetition=238757&amp;frmepreuve=10+Km++Marche+Route+M\"><span style=\"color: #0000ff;\">https:\/\/bases.athle.fr\/asp.net\/liste.aspx?frmbase=resultats&amp;frmmode=1&amp;frmespace=0&amp;frmcompetition=238757&amp;frmepreuve=10+Km++Marche+Route+M<\/span><\/a><\/li>\n<\/ul>\n<hr \/>\n<div id='gallery-1' class='gallery galleryid-112438 gallery-columns-4 gallery-size-thumbnail'><figure class='gallery-item'>\n\t\t\t<div class='gallery-icon landscape'>\n\t\t\t\t<a href='https:\/\/newsestlyonnais.fr\/site\/2020\/10\/11\/venissieux-belle-moisson-de-medailles-pour-les-marcheurs-de-lafa-feyzin-venissieux\/newsestlyonnais-afavx-pb\/'><img loading=\"lazy\" decoding=\"async\" width=\"150\" height=\"73\" src=\"https:\/\/newsestlyonnais.fr\/site\/wp-content\/uploads\/2020\/10\/NEWSESTLYONNAIS-AFAVX-PB-250x121.jpg\" class=\"attachment-thumbnail size-thumbnail\" alt=\"\" aria-describedby=\"gallery-1-112450\" srcset=\"https:\/\/newsestlyonnais.fr\/site\/wp-content\/uploads\/2020\/10\/NEWSESTLYONNAIS-AFAVX-PB-250x121.jpg 250w, https:\/\/newsestlyonnais.fr\/site\/wp-content\/uploads\/2020\/10\/NEWSESTLYONNAIS-AFAVX-PB-400x194.jpg 400w, https:\/\/newsestlyonnais.fr\/site\/wp-content\/uploads\/2020\/10\/NEWSESTLYONNAIS-AFAVX-PB-650x316.jpg 650w, https:\/\/newsestlyonnais.fr\/site\/wp-content\/uploads\/2020\/10\/NEWSESTLYONNAIS-AFAVX-PB-768x373.jpg 768w, https:\/\/newsestlyonnais.fr\/site\/wp-content\/uploads\/2020\/10\/NEWSESTLYONNAIS-AFAVX-PB-150x73.jpg 150w, https:\/\/newsestlyonnais.fr\/site\/wp-content\/uploads\/2020\/10\/NEWSESTLYONNAIS-AFAVX-PB-50x24.jpg 50w, https:\/\/newsestlyonnais.fr\/site\/wp-content\/uploads\/2020\/10\/NEWSESTLYONNAIS-AFAVX-PB-100x49.jpg 100w, https:\/\/newsestlyonnais.fr\/site\/wp-content\/uploads\/2020\/10\/NEWSESTLYONNAIS-AFAVX-PB-200x97.jpg 200w, https:\/\/newsestlyonnais.fr\/site\/wp-content\/uploads\/2020\/10\/NEWSESTLYONNAIS-AFAVX-PB-300x146.jpg 300w, https:\/\/newsestlyonnais.fr\/site\/wp-content\/uploads\/2020\/10\/NEWSESTLYONNAIS-AFAVX-PB-350x170.jpg 350w, https:\/\/newsestlyonnais.fr\/site\/wp-content\/uploads\/2020\/10\/NEWSESTLYONNAIS-AFAVX-PB-450x219.jpg 450w, https:\/\/newsestlyonnais.fr\/site\/wp-content\/uploads\/2020\/10\/NEWSESTLYONNAIS-AFAVX-PB-500x243.jpg 500w, https:\/\/newsestlyonnais.fr\/site\/wp-content\/uploads\/2020\/10\/NEWSESTLYONNAIS-AFAVX-PB-550x267.jpg 550w, https:\/\/newsestlyonnais.fr\/site\/wp-content\/uploads\/2020\/10\/NEWSESTLYONNAIS-AFAVX-PB-800x389.jpg 800w, https:\/\/newsestlyonnais.fr\/site\/wp-content\/uploads\/2020\/10\/NEWSESTLYONNAIS-AFAVX-PB.jpg 1200w\" sizes=\"auto, (max-width: 150px) 100vw, 150px\" \/><\/a>\n\t\t\t<\/div>\n\t\t\t\t<figcaption class='wp-caption-text gallery-caption' id='gallery-1-112450'>\n\t\t\t\tPodium M60 Patrick Bonvarlet (\u00e0 droite)\n\n\n\t\t\t\t<\/figcaption><\/figure><figure class='gallery-item'>\n\t\t\t<div class='gallery-icon landscape'>\n\t\t\t\t<a href='https:\/\/newsestlyonnais.fr\/site\/2020\/10\/11\/venissieux-belle-moisson-de-medailles-pour-les-marcheurs-de-lafa-feyzin-venissieux\/newsestlyonnais-afavx-mn\/'><img loading=\"lazy\" decoding=\"async\" width=\"150\" height=\"113\" src=\"https:\/\/newsestlyonnais.fr\/site\/wp-content\/uploads\/2020\/10\/NEWSESTLYONNAIS-AFAVX-MN-250x188.jpg\" class=\"attachment-thumbnail size-thumbnail\" alt=\"\" aria-describedby=\"gallery-1-112451\" srcset=\"https:\/\/newsestlyonnais.fr\/site\/wp-content\/uploads\/2020\/10\/NEWSESTLYONNAIS-AFAVX-MN-250x188.jpg 250w, https:\/\/newsestlyonnais.fr\/site\/wp-content\/uploads\/2020\/10\/NEWSESTLYONNAIS-AFAVX-MN-400x300.jpg 400w, https:\/\/newsestlyonnais.fr\/site\/wp-content\/uploads\/2020\/10\/NEWSESTLYONNAIS-AFAVX-MN-650x488.jpg 650w, https:\/\/newsestlyonnais.fr\/site\/wp-content\/uploads\/2020\/10\/NEWSESTLYONNAIS-AFAVX-MN-768x576.jpg 768w, https:\/\/newsestlyonnais.fr\/site\/wp-content\/uploads\/2020\/10\/NEWSESTLYONNAIS-AFAVX-MN-150x113.jpg 150w, https:\/\/newsestlyonnais.fr\/site\/wp-content\/uploads\/2020\/10\/NEWSESTLYONNAIS-AFAVX-MN-50x38.jpg 50w, https:\/\/newsestlyonnais.fr\/site\/wp-content\/uploads\/2020\/10\/NEWSESTLYONNAIS-AFAVX-MN-100x75.jpg 100w, https:\/\/newsestlyonnais.fr\/site\/wp-content\/uploads\/2020\/10\/NEWSESTLYONNAIS-AFAVX-MN-200x150.jpg 200w, https:\/\/newsestlyonnais.fr\/site\/wp-content\/uploads\/2020\/10\/NEWSESTLYONNAIS-AFAVX-MN-300x225.jpg 300w, https:\/\/newsestlyonnais.fr\/site\/wp-content\/uploads\/2020\/10\/NEWSESTLYONNAIS-AFAVX-MN-350x263.jpg 350w, https:\/\/newsestlyonnais.fr\/site\/wp-content\/uploads\/2020\/10\/NEWSESTLYONNAIS-AFAVX-MN-450x338.jpg 450w, https:\/\/newsestlyonnais.fr\/site\/wp-content\/uploads\/2020\/10\/NEWSESTLYONNAIS-AFAVX-MN-500x375.jpg 500w, https:\/\/newsestlyonnais.fr\/site\/wp-content\/uploads\/2020\/10\/NEWSESTLYONNAIS-AFAVX-MN-550x413.jpg 550w, https:\/\/newsestlyonnais.fr\/site\/wp-content\/uploads\/2020\/10\/NEWSESTLYONNAIS-AFAVX-MN-800x600.jpg 800w, https:\/\/newsestlyonnais.fr\/site\/wp-content\/uploads\/2020\/10\/NEWSESTLYONNAIS-AFAVX-MN.jpg 960w\" sizes=\"auto, (max-width: 150px) 100vw, 150px\" \/><\/a>\n\t\t\t<\/div>\n\t\t\t\t<figcaption class='wp-caption-text gallery-caption' id='gallery-1-112451'>\n\t\t\t\tPodium F40 Delphine Carlu (\u00e0 droite). \n\n\t\t\t\t<\/figcaption><\/figure><figure class='gallery-item'>\n\t\t\t<div class='gallery-icon landscape'>\n\t\t\t\t<a href='https:\/\/newsestlyonnais.fr\/site\/2020\/10\/11\/venissieux-belle-moisson-de-medailles-pour-les-marcheurs-de-lafa-feyzin-venissieux\/newsestlyonnais-marche-afvx\/'><img loading=\"lazy\" decoding=\"async\" width=\"150\" height=\"131\" src=\"https:\/\/newsestlyonnais.fr\/site\/wp-content\/uploads\/2020\/10\/NEWSESTLYONNAIS-MARCHE-AFVX-250x218.jpg\" class=\"attachment-thumbnail size-thumbnail\" alt=\"\" aria-describedby=\"gallery-1-112446\" srcset=\"https:\/\/newsestlyonnais.fr\/site\/wp-content\/uploads\/2020\/10\/NEWSESTLYONNAIS-MARCHE-AFVX-250x218.jpg 250w, https:\/\/newsestlyonnais.fr\/site\/wp-content\/uploads\/2020\/10\/NEWSESTLYONNAIS-MARCHE-AFVX-150x131.jpg 150w, https:\/\/newsestlyonnais.fr\/site\/wp-content\/uploads\/2020\/10\/NEWSESTLYONNAIS-MARCHE-AFVX-50x44.jpg 50w, https:\/\/newsestlyonnais.fr\/site\/wp-content\/uploads\/2020\/10\/NEWSESTLYONNAIS-MARCHE-AFVX-100x87.jpg 100w, https:\/\/newsestlyonnais.fr\/site\/wp-content\/uploads\/2020\/10\/NEWSESTLYONNAIS-MARCHE-AFVX-200x175.jpg 200w, https:\/\/newsestlyonnais.fr\/site\/wp-content\/uploads\/2020\/10\/NEWSESTLYONNAIS-MARCHE-AFVX-300x262.jpg 300w, https:\/\/newsestlyonnais.fr\/site\/wp-content\/uploads\/2020\/10\/NEWSESTLYONNAIS-MARCHE-AFVX.jpg 324w\" sizes=\"auto, (max-width: 150px) 100vw, 150px\" \/><\/a>\n\t\t\t<\/div>\n\t\t\t\t<figcaption class='wp-caption-text gallery-caption' id='gallery-1-112446'>\n\t\t\t\tDe G. \u00e0 D. : Abdelaziz Seffari, Delphine Carlu, Liliane &#038; Patrick Bonvarlet\n\t\t\t\t<\/figcaption><\/figure><figure class='gallery-item'>\n\t\t\t<div class='gallery-icon landscape'>\n\t\t\t\t<a href='https:\/\/newsestlyonnais.fr\/site\/2020\/10\/11\/venissieux-belle-moisson-de-medailles-pour-les-marcheurs-de-lafa-feyzin-venissieux\/live-chalon\/'><img loading=\"lazy\" decoding=\"async\" width=\"150\" height=\"125\" src=\"https:\/\/newsestlyonnais.fr\/site\/wp-content\/uploads\/2020\/10\/LIVE-CHALON-250x208.jpg\" class=\"attachment-thumbnail size-thumbnail\" alt=\"\" srcset=\"https:\/\/newsestlyonnais.fr\/site\/wp-content\/uploads\/2020\/10\/LIVE-CHALON-250x208.jpg 250w, https:\/\/newsestlyonnais.fr\/site\/wp-content\/uploads\/2020\/10\/LIVE-CHALON-150x125.jpg 150w, https:\/\/newsestlyonnais.fr\/site\/wp-content\/uploads\/2020\/10\/LIVE-CHALON-50x42.jpg 50w, https:\/\/newsestlyonnais.fr\/site\/wp-content\/uploads\/2020\/10\/LIVE-CHALON-100x83.jpg 100w, https:\/\/newsestlyonnais.fr\/site\/wp-content\/uploads\/2020\/10\/LIVE-CHALON-200x167.jpg 200w, https:\/\/newsestlyonnais.fr\/site\/wp-content\/uploads\/2020\/10\/LIVE-CHALON.jpg 300w\" sizes=\"auto, (max-width: 150px) 100vw, 150px\" \/><\/a>\n\t\t\t<\/div><\/figure>\n\t\t<\/div>\n\n","protected":false},"excerpt":{"rendered":"<p>Ils participaient ce week-end \u00e0 Chalon sur Sa\u00f4ne aux championnats de France Masters.  <\/p>\n","protected":false},"author":4,"featured_media":112447,"comment_status":"open","ping_status":"open","sticky":false,"template":"","format":"standard","meta":{"footnotes":""},"categories":[2968,1287,2,1298],"tags":[],"class_list":["post-112438","post","type-post","status-publish","format-standard","has-post-thumbnail","hentry","category-athle-course-pied-marche","category-corbas-feyzin","category-sports","category-venissieux"],"yoast_head":"<!-- This site is optimized with the Yoast SEO plugin v27.2 - https:\/\/yoast.com\/product\/yoast-seo-wordpress\/ -->\n<title>VENISSIEUX | Belle moisson des marcheurs AFA Feyzin-V\u00e9nissieux - News Est Lyonnais<\/title>\n<meta name=\"description\" content=\"VENISSIEUX | Belle moisson de m\u00e9dailles pour les marcheurs de l\u2019AFA Feyzin-V\u00e9nissieux\" \/>\n<meta name=\"robots\" content=\"index, follow, max-snippet:-1, max-image-preview:large, max-video-preview:-1\" \/>\n<link rel=\"canonical\" href=\"https:\/\/newsestlyonnais.fr\/site\/2020\/10\/11\/venissieux-belle-moisson-de-medailles-pour-les-marcheurs-de-lafa-feyzin-venissieux\/\" \/>\n<meta property=\"og:locale\" content=\"fr_FR\" \/>\n<meta property=\"og:type\" content=\"article\" \/>\n<meta property=\"og:title\" content=\"VENISSIEUX | Belle moisson des marcheurs AFA Feyzin-V\u00e9nissieux - News Est Lyonnais\" \/>\n<meta property=\"og:description\" content=\"VENISSIEUX | Belle moisson de m\u00e9dailles pour les marcheurs de l\u2019AFA Feyzin-V\u00e9nissieux\" \/>\n<meta property=\"og:url\" content=\"https:\/\/newsestlyonnais.fr\/site\/2020\/10\/11\/venissieux-belle-moisson-de-medailles-pour-les-marcheurs-de-lafa-feyzin-venissieux\/\" \/>\n<meta property=\"og:site_name\" content=\"News Est Lyonnais\" \/>\n<meta property=\"article:author\" content=\"https:\/\/www.facebook.com\/pascal.oberson.1?fref=ts\" \/>\n<meta property=\"article:published_time\" content=\"2020-10-11T08:30:18+00:00\" \/>\n<meta property=\"article:modified_time\" content=\"2020-10-12T08:26:11+00:00\" \/>\n<meta property=\"og:image\" content=\"https:\/\/i1.wp.com\/newsestlyonnais.fr\/site\/wp-content\/uploads\/2020\/10\/NEWSESTLYONNAIS-AFA-VX-01.jpg?fit=1200%2C583&ssl=1\" \/>\n\t<meta property=\"og:image:width\" content=\"1200\" \/>\n\t<meta property=\"og:image:height\" content=\"583\" \/>\n\t<meta property=\"og:image:type\" content=\"image\/jpeg\" \/>\n<meta name=\"author\" content=\"R\u00e9dac. NEWS\" \/>\n<meta name=\"twitter:card\" content=\"summary_large_image\" \/>\n<meta name=\"twitter:label1\" content=\"\u00c9crit par\" \/>\n\t<meta name=\"twitter:data1\" content=\"R\u00e9dac. NEWS\" \/>\n\t<meta name=\"twitter:label2\" content=\"Dur\u00e9e de lecture estim\u00e9e\" \/>\n\t<meta name=\"twitter:data2\" content=\"1 minute\" \/>\n<script type=\"application\/ld+json\" class=\"yoast-schema-graph\">{\"@context\":\"https:\/\/schema.org\",\"@graph\":[{\"@type\":\"Article\",\"@id\":\"https:\/\/newsestlyonnais.fr\/site\/2020\/10\/11\/venissieux-belle-moisson-de-medailles-pour-les-marcheurs-de-lafa-feyzin-venissieux\/#article\",\"isPartOf\":{\"@id\":\"https:\/\/newsestlyonnais.fr\/site\/2020\/10\/11\/venissieux-belle-moisson-de-medailles-pour-les-marcheurs-de-lafa-feyzin-venissieux\/\"},\"author\":{\"name\":\"R\u00e9dac. NEWS\",\"@id\":\"https:\/\/newsestlyonnais.fr\/site\/#\/schema\/person\/3230d5615f390bb808365d673001e887\"},\"headline\":\"VENISSIEUX | Belle moisson des marcheurs AFA Feyzin-V\u00e9nissieux\",\"datePublished\":\"2020-10-11T08:30:18+00:00\",\"dateModified\":\"2020-10-12T08:26:11+00:00\",\"mainEntityOfPage\":{\"@id\":\"https:\/\/newsestlyonnais.fr\/site\/2020\/10\/11\/venissieux-belle-moisson-de-medailles-pour-les-marcheurs-de-lafa-feyzin-venissieux\/\"},\"wordCount\":166,\"commentCount\":0,\"publisher\":{\"@id\":\"https:\/\/newsestlyonnais.fr\/site\/#organization\"},\"image\":{\"@id\":\"https:\/\/newsestlyonnais.fr\/site\/2020\/10\/11\/venissieux-belle-moisson-de-medailles-pour-les-marcheurs-de-lafa-feyzin-venissieux\/#primaryimage\"},\"thumbnailUrl\":\"https:\/\/newsestlyonnais.fr\/site\/wp-content\/uploads\/2020\/10\/NEWSESTLYONNAIS-AFA-VX-01.jpg\",\"articleSection\":[\"Athl\u00e9 | Course pied | Marche\",\"Corbas | Feyzin\",\"Sports\",\"V\u00e9nissieux\"],\"inLanguage\":\"fr-FR\",\"potentialAction\":[{\"@type\":\"CommentAction\",\"name\":\"Comment\",\"target\":[\"https:\/\/newsestlyonnais.fr\/site\/2020\/10\/11\/venissieux-belle-moisson-de-medailles-pour-les-marcheurs-de-lafa-feyzin-venissieux\/#respond\"]}]},{\"@type\":\"WebPage\",\"@id\":\"https:\/\/newsestlyonnais.fr\/site\/2020\/10\/11\/venissieux-belle-moisson-de-medailles-pour-les-marcheurs-de-lafa-feyzin-venissieux\/\",\"url\":\"https:\/\/newsestlyonnais.fr\/site\/2020\/10\/11\/venissieux-belle-moisson-de-medailles-pour-les-marcheurs-de-lafa-feyzin-venissieux\/\",\"name\":\"VENISSIEUX | Belle moisson des marcheurs AFA Feyzin-V\u00e9nissieux - News Est Lyonnais\",\"isPartOf\":{\"@id\":\"https:\/\/newsestlyonnais.fr\/site\/#website\"},\"primaryImageOfPage\":{\"@id\":\"https:\/\/newsestlyonnais.fr\/site\/2020\/10\/11\/venissieux-belle-moisson-de-medailles-pour-les-marcheurs-de-lafa-feyzin-venissieux\/#primaryimage\"},\"image\":{\"@id\":\"https:\/\/newsestlyonnais.fr\/site\/2020\/10\/11\/venissieux-belle-moisson-de-medailles-pour-les-marcheurs-de-lafa-feyzin-venissieux\/#primaryimage\"},\"thumbnailUrl\":\"https:\/\/newsestlyonnais.fr\/site\/wp-content\/uploads\/2020\/10\/NEWSESTLYONNAIS-AFA-VX-01.jpg\",\"datePublished\":\"2020-10-11T08:30:18+00:00\",\"dateModified\":\"2020-10-12T08:26:11+00:00\",\"description\":\"VENISSIEUX | Belle moisson de m\u00e9dailles pour les marcheurs de l\u2019AFA Feyzin-V\u00e9nissieux\",\"breadcrumb\":{\"@id\":\"https:\/\/newsestlyonnais.fr\/site\/2020\/10\/11\/venissieux-belle-moisson-de-medailles-pour-les-marcheurs-de-lafa-feyzin-venissieux\/#breadcrumb\"},\"inLanguage\":\"fr-FR\",\"potentialAction\":[{\"@type\":\"ReadAction\",\"target\":[\"https:\/\/newsestlyonnais.fr\/site\/2020\/10\/11\/venissieux-belle-moisson-de-medailles-pour-les-marcheurs-de-lafa-feyzin-venissieux\/\"]}]},{\"@type\":\"ImageObject\",\"inLanguage\":\"fr-FR\",\"@id\":\"https:\/\/newsestlyonnais.fr\/site\/2020\/10\/11\/venissieux-belle-moisson-de-medailles-pour-les-marcheurs-de-lafa-feyzin-venissieux\/#primaryimage\",\"url\":\"https:\/\/newsestlyonnais.fr\/site\/wp-content\/uploads\/2020\/10\/NEWSESTLYONNAIS-AFA-VX-01.jpg\",\"contentUrl\":\"https:\/\/newsestlyonnais.fr\/site\/wp-content\/uploads\/2020\/10\/NEWSESTLYONNAIS-AFA-VX-01.jpg\",\"width\":1200,\"height\":583},{\"@type\":\"BreadcrumbList\",\"@id\":\"https:\/\/newsestlyonnais.fr\/site\/2020\/10\/11\/venissieux-belle-moisson-de-medailles-pour-les-marcheurs-de-lafa-feyzin-venissieux\/#breadcrumb\",\"itemListElement\":[{\"@type\":\"ListItem\",\"position\":1,\"name\":\"Accueil\",\"item\":\"https:\/\/newsestlyonnais.fr\/site\/\"},{\"@type\":\"ListItem\",\"position\":2,\"name\":\"VENISSIEUX | Belle moisson des marcheurs AFA Feyzin-V\u00e9nissieux\"}]},{\"@type\":\"WebSite\",\"@id\":\"https:\/\/newsestlyonnais.fr\/site\/#website\",\"url\":\"https:\/\/newsestlyonnais.fr\/site\/\",\"name\":\"News Est Lyonnais\",\"description\":\"L&#039;actualit\u00e9 au plus pr\u00e8s\",\"publisher\":{\"@id\":\"https:\/\/newsestlyonnais.fr\/site\/#organization\"},\"potentialAction\":[{\"@type\":\"SearchAction\",\"target\":{\"@type\":\"EntryPoint\",\"urlTemplate\":\"https:\/\/newsestlyonnais.fr\/site\/?s={search_term_string}\"},\"query-input\":{\"@type\":\"PropertyValueSpecification\",\"valueRequired\":true,\"valueName\":\"search_term_string\"}}],\"inLanguage\":\"fr-FR\"},{\"@type\":\"Organization\",\"@id\":\"https:\/\/newsestlyonnais.fr\/site\/#organization\",\"name\":\"News EST LYONNAIS\",\"url\":\"https:\/\/newsestlyonnais.fr\/site\/\",\"logo\":{\"@type\":\"ImageObject\",\"inLanguage\":\"fr-FR\",\"@id\":\"https:\/\/newsestlyonnais.fr\/site\/#\/schema\/logo\/image\/\",\"url\":\"\",\"contentUrl\":\"\",\"caption\":\"News EST LYONNAIS\"},\"image\":{\"@id\":\"https:\/\/newsestlyonnais.fr\/site\/#\/schema\/logo\/image\/\"}},{\"@type\":\"Person\",\"@id\":\"https:\/\/newsestlyonnais.fr\/site\/#\/schema\/person\/3230d5615f390bb808365d673001e887\",\"name\":\"R\u00e9dac. NEWS\",\"sameAs\":[\"http:\/\/www.newsestlyonnais.fr\",\"https:\/\/www.facebook.com\/pascal.oberson.1?fref=ts\",\"https:\/\/fr.linkedin.com\/in\/pascal-oberson-b17045113\"],\"url\":\"https:\/\/newsestlyonnais.fr\/site\/author\/nel\/\"}]}<\/script>\n<!-- \/ Yoast SEO plugin. -->","yoast_head_json":{"title":"VENISSIEUX | Belle moisson des marcheurs AFA Feyzin-V\u00e9nissieux - News Est Lyonnais","description":"VENISSIEUX | Belle moisson de m\u00e9dailles pour les marcheurs de l\u2019AFA Feyzin-V\u00e9nissieux","robots":{"index":"index","follow":"follow","max-snippet":"max-snippet:-1","max-image-preview":"max-image-preview:large","max-video-preview":"max-video-preview:-1"},"canonical":"https:\/\/newsestlyonnais.fr\/site\/2020\/10\/11\/venissieux-belle-moisson-de-medailles-pour-les-marcheurs-de-lafa-feyzin-venissieux\/","og_locale":"fr_FR","og_type":"article","og_title":"VENISSIEUX | Belle moisson des marcheurs AFA Feyzin-V\u00e9nissieux - News Est Lyonnais","og_description":"VENISSIEUX | Belle moisson de m\u00e9dailles pour les marcheurs de l\u2019AFA Feyzin-V\u00e9nissieux","og_url":"https:\/\/newsestlyonnais.fr\/site\/2020\/10\/11\/venissieux-belle-moisson-de-medailles-pour-les-marcheurs-de-lafa-feyzin-venissieux\/","og_site_name":"News Est Lyonnais","article_author":"https:\/\/www.facebook.com\/pascal.oberson.1?fref=ts","article_published_time":"2020-10-11T08:30:18+00:00","article_modified_time":"2020-10-12T08:26:11+00:00","og_image":[{"width":1200,"height":583,"url":"https:\/\/i1.wp.com\/newsestlyonnais.fr\/site\/wp-content\/uploads\/2020\/10\/NEWSESTLYONNAIS-AFA-VX-01.jpg?fit=1200%2C583&ssl=1","type":"image\/jpeg"}],"author":"R\u00e9dac. NEWS","twitter_card":"summary_large_image","twitter_misc":{"\u00c9crit par":"R\u00e9dac. NEWS","Dur\u00e9e de lecture estim\u00e9e":"1 minute"},"schema":{"@context":"https:\/\/schema.org","@graph":[{"@type":"Article","@id":"https:\/\/newsestlyonnais.fr\/site\/2020\/10\/11\/venissieux-belle-moisson-de-medailles-pour-les-marcheurs-de-lafa-feyzin-venissieux\/#article","isPartOf":{"@id":"https:\/\/newsestlyonnais.fr\/site\/2020\/10\/11\/venissieux-belle-moisson-de-medailles-pour-les-marcheurs-de-lafa-feyzin-venissieux\/"},"author":{"name":"R\u00e9dac. NEWS","@id":"https:\/\/newsestlyonnais.fr\/site\/#\/schema\/person\/3230d5615f390bb808365d673001e887"},"headline":"VENISSIEUX | Belle moisson des marcheurs AFA Feyzin-V\u00e9nissieux","datePublished":"2020-10-11T08:30:18+00:00","dateModified":"2020-10-12T08:26:11+00:00","mainEntityOfPage":{"@id":"https:\/\/newsestlyonnais.fr\/site\/2020\/10\/11\/venissieux-belle-moisson-de-medailles-pour-les-marcheurs-de-lafa-feyzin-venissieux\/"},"wordCount":166,"commentCount":0,"publisher":{"@id":"https:\/\/newsestlyonnais.fr\/site\/#organization"},"image":{"@id":"https:\/\/newsestlyonnais.fr\/site\/2020\/10\/11\/venissieux-belle-moisson-de-medailles-pour-les-marcheurs-de-lafa-feyzin-venissieux\/#primaryimage"},"thumbnailUrl":"https:\/\/newsestlyonnais.fr\/site\/wp-content\/uploads\/2020\/10\/NEWSESTLYONNAIS-AFA-VX-01.jpg","articleSection":["Athl\u00e9 | Course pied | Marche","Corbas | Feyzin","Sports","V\u00e9nissieux"],"inLanguage":"fr-FR","potentialAction":[{"@type":"CommentAction","name":"Comment","target":["https:\/\/newsestlyonnais.fr\/site\/2020\/10\/11\/venissieux-belle-moisson-de-medailles-pour-les-marcheurs-de-lafa-feyzin-venissieux\/#respond"]}]},{"@type":"WebPage","@id":"https:\/\/newsestlyonnais.fr\/site\/2020\/10\/11\/venissieux-belle-moisson-de-medailles-pour-les-marcheurs-de-lafa-feyzin-venissieux\/","url":"https:\/\/newsestlyonnais.fr\/site\/2020\/10\/11\/venissieux-belle-moisson-de-medailles-pour-les-marcheurs-de-lafa-feyzin-venissieux\/","name":"VENISSIEUX | Belle moisson des marcheurs AFA Feyzin-V\u00e9nissieux - News Est Lyonnais","isPartOf":{"@id":"https:\/\/newsestlyonnais.fr\/site\/#website"},"primaryImageOfPage":{"@id":"https:\/\/newsestlyonnais.fr\/site\/2020\/10\/11\/venissieux-belle-moisson-de-medailles-pour-les-marcheurs-de-lafa-feyzin-venissieux\/#primaryimage"},"image":{"@id":"https:\/\/newsestlyonnais.fr\/site\/2020\/10\/11\/venissieux-belle-moisson-de-medailles-pour-les-marcheurs-de-lafa-feyzin-venissieux\/#primaryimage"},"thumbnailUrl":"https:\/\/newsestlyonnais.fr\/site\/wp-content\/uploads\/2020\/10\/NEWSESTLYONNAIS-AFA-VX-01.jpg","datePublished":"2020-10-11T08:30:18+00:00","dateModified":"2020-10-12T08:26:11+00:00","description":"VENISSIEUX | Belle moisson de m\u00e9dailles pour les marcheurs de l\u2019AFA Feyzin-V\u00e9nissieux","breadcrumb":{"@id":"https:\/\/newsestlyonnais.fr\/site\/2020\/10\/11\/venissieux-belle-moisson-de-medailles-pour-les-marcheurs-de-lafa-feyzin-venissieux\/#breadcrumb"},"inLanguage":"fr-FR","potentialAction":[{"@type":"ReadAction","target":["https:\/\/newsestlyonnais.fr\/site\/2020\/10\/11\/venissieux-belle-moisson-de-medailles-pour-les-marcheurs-de-lafa-feyzin-venissieux\/"]}]},{"@type":"ImageObject","inLanguage":"fr-FR","@id":"https:\/\/newsestlyonnais.fr\/site\/2020\/10\/11\/venissieux-belle-moisson-de-medailles-pour-les-marcheurs-de-lafa-feyzin-venissieux\/#primaryimage","url":"https:\/\/newsestlyonnais.fr\/site\/wp-content\/uploads\/2020\/10\/NEWSESTLYONNAIS-AFA-VX-01.jpg","contentUrl":"https:\/\/newsestlyonnais.fr\/site\/wp-content\/uploads\/2020\/10\/NEWSESTLYONNAIS-AFA-VX-01.jpg","width":1200,"height":583},{"@type":"BreadcrumbList","@id":"https:\/\/newsestlyonnais.fr\/site\/2020\/10\/11\/venissieux-belle-moisson-de-medailles-pour-les-marcheurs-de-lafa-feyzin-venissieux\/#breadcrumb","itemListElement":[{"@type":"ListItem","position":1,"name":"Accueil","item":"https:\/\/newsestlyonnais.fr\/site\/"},{"@type":"ListItem","position":2,"name":"VENISSIEUX | Belle moisson des marcheurs AFA Feyzin-V\u00e9nissieux"}]},{"@type":"WebSite","@id":"https:\/\/newsestlyonnais.fr\/site\/#website","url":"https:\/\/newsestlyonnais.fr\/site\/","name":"News Est Lyonnais","description":"L&#039;actualit\u00e9 au plus pr\u00e8s","publisher":{"@id":"https:\/\/newsestlyonnais.fr\/site\/#organization"},"potentialAction":[{"@type":"SearchAction","target":{"@type":"EntryPoint","urlTemplate":"https:\/\/newsestlyonnais.fr\/site\/?s={search_term_string}"},"query-input":{"@type":"PropertyValueSpecification","valueRequired":true,"valueName":"search_term_string"}}],"inLanguage":"fr-FR"},{"@type":"Organization","@id":"https:\/\/newsestlyonnais.fr\/site\/#organization","name":"News EST LYONNAIS","url":"https:\/\/newsestlyonnais.fr\/site\/","logo":{"@type":"ImageObject","inLanguage":"fr-FR","@id":"https:\/\/newsestlyonnais.fr\/site\/#\/schema\/logo\/image\/","url":"","contentUrl":"","caption":"News EST LYONNAIS"},"image":{"@id":"https:\/\/newsestlyonnais.fr\/site\/#\/schema\/logo\/image\/"}},{"@type":"Person","@id":"https:\/\/newsestlyonnais.fr\/site\/#\/schema\/person\/3230d5615f390bb808365d673001e887","name":"R\u00e9dac. NEWS","sameAs":["http:\/\/www.newsestlyonnais.fr","https:\/\/www.facebook.com\/pascal.oberson.1?fref=ts","https:\/\/fr.linkedin.com\/in\/pascal-oberson-b17045113"],"url":"https:\/\/newsestlyonnais.fr\/site\/author\/nel\/"}]}},"_links":{"self":[{"href":"https:\/\/newsestlyonnais.fr\/site\/wp-json\/wp\/v2\/posts\/112438","targetHints":{"allow":["GET"]}}],"collection":[{"href":"https:\/\/newsestlyonnais.fr\/site\/wp-json\/wp\/v2\/posts"}],"about":[{"href":"https:\/\/newsestlyonnais.fr\/site\/wp-json\/wp\/v2\/types\/post"}],"author":[{"embeddable":true,"href":"https:\/\/newsestlyonnais.fr\/site\/wp-json\/wp\/v2\/users\/4"}],"replies":[{"embeddable":true,"href":"https:\/\/newsestlyonnais.fr\/site\/wp-json\/wp\/v2\/comments?post=112438"}],"version-history":[{"count":0,"href":"https:\/\/newsestlyonnais.fr\/site\/wp-json\/wp\/v2\/posts\/112438\/revisions"}],"wp:featuredmedia":[{"embeddable":true,"href":"https:\/\/newsestlyonnais.fr\/site\/wp-json\/wp\/v2\/media\/112447"}],"wp:attachment":[{"href":"https:\/\/newsestlyonnais.fr\/site\/wp-json\/wp\/v2\/media?parent=112438"}],"wp:term":[{"taxonomy":"category","embeddable":true,"href":"https:\/\/newsestlyonnais.fr\/site\/wp-json\/wp\/v2\/categories?post=112438"},{"taxonomy":"post_tag","embeddable":true,"href":"https:\/\/newsestlyonnais.fr\/site\/wp-json\/wp\/v2\/tags?post=112438"}],"curies":[{"name":"wp","href":"https:\/\/api.w.org\/{rel}","templated":true}]}}