{"id":112548,"date":"2020-10-14T08:04:57","date_gmt":"2020-10-14T07:04:57","guid":{"rendered":"http:\/\/newsestlyonnais.fr\/site\/?p=112548"},"modified":"2020-10-30T09:52:56","modified_gmt":"2020-10-30T08:52:56","slug":"meyzieu-semaine-du-gout-graines-gourmandes","status":"publish","type":"post","link":"https:\/\/newsestlyonnais.fr\/site\/2020\/10\/14\/meyzieu-semaine-du-gout-graines-gourmandes\/","title":{"rendered":"MEYZIEU | Semaine du go\u00fbt > graines gourmandes"},"content":{"rendered":"<p><strong>Pr\u00e8s de 2.100 enfants et plusieurs dizaines de structures majolanes sont concern\u00e9es par cette semaine (du 12 au 16 octobre) d&rsquo;animations. 4 structures petite enfance, 62 classes, le centre de loisirs et tous les accueils p\u00e9riscolaires participent \u00e0 cette \u00e9dition.<\/strong><\/p>\n<p>La di\u00e9t\u00e9ticienne de la Ville a choisi le th\u00e8me des l\u00e9gumineuses et l\u00e9gumes secs pour l\u2019\u00e9dition 2020. Ce sont ensuite les \u00e9quipes enseignantes, d\u2019encadrement et d\u2019accueil des diff\u00e9rentes structures qui s\u2019emparent du sujet. Ils commandent ensuite aupr\u00e8s de la Ville les produits dont ils ont besoin pour leurs animations.<\/p>\n<hr \/>\n<p><em><strong>Au programme<\/strong> <\/em>: fabrication de pain et de pop corn, plantation de c\u00e9r\u00e9ales, \u0153uvres artistiques, d\u00e9couvertes sensorielles des produits et bien d\u2019autres choses.<br \/>\nParmi les produits qui seront aussi utilis\u00e9s pour la confection des repas de la semaine par la cuisine centrale : Lentilles vertes et corail, pois chiches, haricots blancs, quinoa, bl\u00e9, semoule.<\/p>\n","protected":false},"excerpt":{"rendered":"<p>Les enfants des groupes scolaires, structures petite enfance et accueils de loisirs vont s\u2019int\u00e9resser aux l\u00e9gumineuses, c\u00e9r\u00e9ales et l\u00e9gumes secs.<\/p>\n","protected":false},"author":4,"featured_media":101256,"comment_status":"open","ping_status":"open","sticky":false,"template":"","format":"standard","meta":{"footnotes":""},"categories":[2217,3424,171,24,18,173],"tags":[],"class_list":["post-112548","post","type-post","status-publish","format-standard","has-post-thumbnail","hentry","category-breves-de-lest-lyonnais","category-cuisine-gastronomie","category-enfance-jeunesse","category-meyzieu","category-sante-bien-etre-solidarite","category-scolaire"],"yoast_head":"<!-- This site is optimized with the Yoast SEO plugin v27.2 - https:\/\/yoast.com\/product\/yoast-seo-wordpress\/ -->\n<title>MEYZIEU | Semaine du go\u00fbt &gt; graines gourmandes - News Est Lyonnais<\/title>\n<meta name=\"description\" content=\"MEYZIEU | Semaine du go\u00fbt &gt; graines gourmandes\" \/>\n<meta name=\"robots\" content=\"index, follow, max-snippet:-1, max-image-preview:large, max-video-preview:-1\" \/>\n<link rel=\"canonical\" href=\"https:\/\/newsestlyonnais.fr\/site\/2020\/10\/14\/meyzieu-semaine-du-gout-graines-gourmandes\/\" \/>\n<meta property=\"og:locale\" content=\"fr_FR\" \/>\n<meta property=\"og:type\" content=\"article\" \/>\n<meta property=\"og:title\" content=\"MEYZIEU | Semaine du go\u00fbt &gt; graines gourmandes - News Est Lyonnais\" \/>\n<meta property=\"og:description\" content=\"MEYZIEU | Semaine du go\u00fbt &gt; graines gourmandes\" \/>\n<meta property=\"og:url\" content=\"https:\/\/newsestlyonnais.fr\/site\/2020\/10\/14\/meyzieu-semaine-du-gout-graines-gourmandes\/\" \/>\n<meta property=\"og:site_name\" content=\"News Est Lyonnais\" \/>\n<meta property=\"article:author\" content=\"https:\/\/www.facebook.com\/pascal.oberson.1?fref=ts\" \/>\n<meta property=\"article:published_time\" content=\"2020-10-14T07:04:57+00:00\" \/>\n<meta property=\"article:modified_time\" content=\"2020-10-30T08:52:56+00:00\" \/>\n<meta property=\"og:image\" content=\"https:\/\/i0.wp.com\/newsestlyonnais.fr\/site\/wp-content\/uploads\/2020\/05\/NEWSESTLYONNAIS-VUE-MEYZIEU.jpg?fit=1280%2C960&ssl=1\" \/>\n\t<meta property=\"og:image:width\" content=\"1280\" \/>\n\t<meta property=\"og:image:height\" content=\"960\" \/>\n\t<meta property=\"og:image:type\" content=\"image\/jpeg\" \/>\n<meta name=\"author\" content=\"R\u00e9dac. NEWS\" \/>\n<meta name=\"twitter:card\" content=\"summary_large_image\" \/>\n<meta name=\"twitter:label1\" content=\"\u00c9crit par\" \/>\n\t<meta name=\"twitter:data1\" content=\"R\u00e9dac. NEWS\" \/>\n\t<meta name=\"twitter:label2\" content=\"Dur\u00e9e de lecture estim\u00e9e\" \/>\n\t<meta name=\"twitter:data2\" content=\"1 minute\" \/>\n<script type=\"application\/ld+json\" class=\"yoast-schema-graph\">{\"@context\":\"https:\/\/schema.org\",\"@graph\":[{\"@type\":\"Article\",\"@id\":\"https:\/\/newsestlyonnais.fr\/site\/2020\/10\/14\/meyzieu-semaine-du-gout-graines-gourmandes\/#article\",\"isPartOf\":{\"@id\":\"https:\/\/newsestlyonnais.fr\/site\/2020\/10\/14\/meyzieu-semaine-du-gout-graines-gourmandes\/\"},\"author\":{\"name\":\"R\u00e9dac. NEWS\",\"@id\":\"https:\/\/newsestlyonnais.fr\/site\/#\/schema\/person\/3230d5615f390bb808365d673001e887\"},\"headline\":\"MEYZIEU | Semaine du go\u00fbt > graines gourmandes\",\"datePublished\":\"2020-10-14T07:04:57+00:00\",\"dateModified\":\"2020-10-30T08:52:56+00:00\",\"mainEntityOfPage\":{\"@id\":\"https:\/\/newsestlyonnais.fr\/site\/2020\/10\/14\/meyzieu-semaine-du-gout-graines-gourmandes\/\"},\"wordCount\":161,\"commentCount\":0,\"publisher\":{\"@id\":\"https:\/\/newsestlyonnais.fr\/site\/#organization\"},\"image\":{\"@id\":\"https:\/\/newsestlyonnais.fr\/site\/2020\/10\/14\/meyzieu-semaine-du-gout-graines-gourmandes\/#primaryimage\"},\"thumbnailUrl\":\"https:\/\/newsestlyonnais.fr\/site\/wp-content\/uploads\/2020\/05\/NEWSESTLYONNAIS-VUE-MEYZIEU.jpg\",\"articleSection\":[\"Br\u00e8ves de l'Est lyonnais\",\"Cuisine | Gastronomie\",\"Enfance | Jeunesse\",\"Meyzieu\",\"Sant\u00e9 | Bien Etre | Solidarit\u00e9\",\"Scolaire\"],\"inLanguage\":\"fr-FR\",\"potentialAction\":[{\"@type\":\"CommentAction\",\"name\":\"Comment\",\"target\":[\"https:\/\/newsestlyonnais.fr\/site\/2020\/10\/14\/meyzieu-semaine-du-gout-graines-gourmandes\/#respond\"]}]},{\"@type\":\"WebPage\",\"@id\":\"https:\/\/newsestlyonnais.fr\/site\/2020\/10\/14\/meyzieu-semaine-du-gout-graines-gourmandes\/\",\"url\":\"https:\/\/newsestlyonnais.fr\/site\/2020\/10\/14\/meyzieu-semaine-du-gout-graines-gourmandes\/\",\"name\":\"MEYZIEU | Semaine du go\u00fbt > graines gourmandes - News Est Lyonnais\",\"isPartOf\":{\"@id\":\"https:\/\/newsestlyonnais.fr\/site\/#website\"},\"primaryImageOfPage\":{\"@id\":\"https:\/\/newsestlyonnais.fr\/site\/2020\/10\/14\/meyzieu-semaine-du-gout-graines-gourmandes\/#primaryimage\"},\"image\":{\"@id\":\"https:\/\/newsestlyonnais.fr\/site\/2020\/10\/14\/meyzieu-semaine-du-gout-graines-gourmandes\/#primaryimage\"},\"thumbnailUrl\":\"https:\/\/newsestlyonnais.fr\/site\/wp-content\/uploads\/2020\/05\/NEWSESTLYONNAIS-VUE-MEYZIEU.jpg\",\"datePublished\":\"2020-10-14T07:04:57+00:00\",\"dateModified\":\"2020-10-30T08:52:56+00:00\",\"description\":\"MEYZIEU | Semaine du go\u00fbt > graines gourmandes\",\"breadcrumb\":{\"@id\":\"https:\/\/newsestlyonnais.fr\/site\/2020\/10\/14\/meyzieu-semaine-du-gout-graines-gourmandes\/#breadcrumb\"},\"inLanguage\":\"fr-FR\",\"potentialAction\":[{\"@type\":\"ReadAction\",\"target\":[\"https:\/\/newsestlyonnais.fr\/site\/2020\/10\/14\/meyzieu-semaine-du-gout-graines-gourmandes\/\"]}]},{\"@type\":\"ImageObject\",\"inLanguage\":\"fr-FR\",\"@id\":\"https:\/\/newsestlyonnais.fr\/site\/2020\/10\/14\/meyzieu-semaine-du-gout-graines-gourmandes\/#primaryimage\",\"url\":\"https:\/\/newsestlyonnais.fr\/site\/wp-content\/uploads\/2020\/05\/NEWSESTLYONNAIS-VUE-MEYZIEU.jpg\",\"contentUrl\":\"https:\/\/newsestlyonnais.fr\/site\/wp-content\/uploads\/2020\/05\/NEWSESTLYONNAIS-VUE-MEYZIEU.jpg\",\"width\":1280,\"height\":960},{\"@type\":\"BreadcrumbList\",\"@id\":\"https:\/\/newsestlyonnais.fr\/site\/2020\/10\/14\/meyzieu-semaine-du-gout-graines-gourmandes\/#breadcrumb\",\"itemListElement\":[{\"@type\":\"ListItem\",\"position\":1,\"name\":\"Accueil\",\"item\":\"https:\/\/newsestlyonnais.fr\/site\/\"},{\"@type\":\"ListItem\",\"position\":2,\"name\":\"MEYZIEU | Semaine du go\u00fbt > graines gourmandes\"}]},{\"@type\":\"WebSite\",\"@id\":\"https:\/\/newsestlyonnais.fr\/site\/#website\",\"url\":\"https:\/\/newsestlyonnais.fr\/site\/\",\"name\":\"News Est Lyonnais\",\"description\":\"L&#039;actualit\u00e9 au plus pr\u00e8s\",\"publisher\":{\"@id\":\"https:\/\/newsestlyonnais.fr\/site\/#organization\"},\"potentialAction\":[{\"@type\":\"SearchAction\",\"target\":{\"@type\":\"EntryPoint\",\"urlTemplate\":\"https:\/\/newsestlyonnais.fr\/site\/?s={search_term_string}\"},\"query-input\":{\"@type\":\"PropertyValueSpecification\",\"valueRequired\":true,\"valueName\":\"search_term_string\"}}],\"inLanguage\":\"fr-FR\"},{\"@type\":\"Organization\",\"@id\":\"https:\/\/newsestlyonnais.fr\/site\/#organization\",\"name\":\"News EST LYONNAIS\",\"url\":\"https:\/\/newsestlyonnais.fr\/site\/\",\"logo\":{\"@type\":\"ImageObject\",\"inLanguage\":\"fr-FR\",\"@id\":\"https:\/\/newsestlyonnais.fr\/site\/#\/schema\/logo\/image\/\",\"url\":\"\",\"contentUrl\":\"\",\"caption\":\"News EST LYONNAIS\"},\"image\":{\"@id\":\"https:\/\/newsestlyonnais.fr\/site\/#\/schema\/logo\/image\/\"}},{\"@type\":\"Person\",\"@id\":\"https:\/\/newsestlyonnais.fr\/site\/#\/schema\/person\/3230d5615f390bb808365d673001e887\",\"name\":\"R\u00e9dac. NEWS\",\"sameAs\":[\"http:\/\/www.newsestlyonnais.fr\",\"https:\/\/www.facebook.com\/pascal.oberson.1?fref=ts\",\"https:\/\/fr.linkedin.com\/in\/pascal-oberson-b17045113\"],\"url\":\"https:\/\/newsestlyonnais.fr\/site\/author\/nel\/\"}]}<\/script>\n<!-- \/ Yoast SEO plugin. -->","yoast_head_json":{"title":"MEYZIEU | Semaine du go\u00fbt > graines gourmandes - News Est Lyonnais","description":"MEYZIEU | Semaine du go\u00fbt > graines gourmandes","robots":{"index":"index","follow":"follow","max-snippet":"max-snippet:-1","max-image-preview":"max-image-preview:large","max-video-preview":"max-video-preview:-1"},"canonical":"https:\/\/newsestlyonnais.fr\/site\/2020\/10\/14\/meyzieu-semaine-du-gout-graines-gourmandes\/","og_locale":"fr_FR","og_type":"article","og_title":"MEYZIEU | Semaine du go\u00fbt > graines gourmandes - News Est Lyonnais","og_description":"MEYZIEU | Semaine du go\u00fbt > graines gourmandes","og_url":"https:\/\/newsestlyonnais.fr\/site\/2020\/10\/14\/meyzieu-semaine-du-gout-graines-gourmandes\/","og_site_name":"News Est Lyonnais","article_author":"https:\/\/www.facebook.com\/pascal.oberson.1?fref=ts","article_published_time":"2020-10-14T07:04:57+00:00","article_modified_time":"2020-10-30T08:52:56+00:00","og_image":[{"width":1280,"height":960,"url":"https:\/\/i0.wp.com\/newsestlyonnais.fr\/site\/wp-content\/uploads\/2020\/05\/NEWSESTLYONNAIS-VUE-MEYZIEU.jpg?fit=1280%2C960&ssl=1","type":"image\/jpeg"}],"author":"R\u00e9dac. NEWS","twitter_card":"summary_large_image","twitter_misc":{"\u00c9crit par":"R\u00e9dac. NEWS","Dur\u00e9e de lecture estim\u00e9e":"1 minute"},"schema":{"@context":"https:\/\/schema.org","@graph":[{"@type":"Article","@id":"https:\/\/newsestlyonnais.fr\/site\/2020\/10\/14\/meyzieu-semaine-du-gout-graines-gourmandes\/#article","isPartOf":{"@id":"https:\/\/newsestlyonnais.fr\/site\/2020\/10\/14\/meyzieu-semaine-du-gout-graines-gourmandes\/"},"author":{"name":"R\u00e9dac. NEWS","@id":"https:\/\/newsestlyonnais.fr\/site\/#\/schema\/person\/3230d5615f390bb808365d673001e887"},"headline":"MEYZIEU | Semaine du go\u00fbt > graines gourmandes","datePublished":"2020-10-14T07:04:57+00:00","dateModified":"2020-10-30T08:52:56+00:00","mainEntityOfPage":{"@id":"https:\/\/newsestlyonnais.fr\/site\/2020\/10\/14\/meyzieu-semaine-du-gout-graines-gourmandes\/"},"wordCount":161,"commentCount":0,"publisher":{"@id":"https:\/\/newsestlyonnais.fr\/site\/#organization"},"image":{"@id":"https:\/\/newsestlyonnais.fr\/site\/2020\/10\/14\/meyzieu-semaine-du-gout-graines-gourmandes\/#primaryimage"},"thumbnailUrl":"https:\/\/newsestlyonnais.fr\/site\/wp-content\/uploads\/2020\/05\/NEWSESTLYONNAIS-VUE-MEYZIEU.jpg","articleSection":["Br\u00e8ves de l'Est lyonnais","Cuisine | Gastronomie","Enfance | Jeunesse","Meyzieu","Sant\u00e9 | Bien Etre | Solidarit\u00e9","Scolaire"],"inLanguage":"fr-FR","potentialAction":[{"@type":"CommentAction","name":"Comment","target":["https:\/\/newsestlyonnais.fr\/site\/2020\/10\/14\/meyzieu-semaine-du-gout-graines-gourmandes\/#respond"]}]},{"@type":"WebPage","@id":"https:\/\/newsestlyonnais.fr\/site\/2020\/10\/14\/meyzieu-semaine-du-gout-graines-gourmandes\/","url":"https:\/\/newsestlyonnais.fr\/site\/2020\/10\/14\/meyzieu-semaine-du-gout-graines-gourmandes\/","name":"MEYZIEU | Semaine du go\u00fbt > graines gourmandes - News Est Lyonnais","isPartOf":{"@id":"https:\/\/newsestlyonnais.fr\/site\/#website"},"primaryImageOfPage":{"@id":"https:\/\/newsestlyonnais.fr\/site\/2020\/10\/14\/meyzieu-semaine-du-gout-graines-gourmandes\/#primaryimage"},"image":{"@id":"https:\/\/newsestlyonnais.fr\/site\/2020\/10\/14\/meyzieu-semaine-du-gout-graines-gourmandes\/#primaryimage"},"thumbnailUrl":"https:\/\/newsestlyonnais.fr\/site\/wp-content\/uploads\/2020\/05\/NEWSESTLYONNAIS-VUE-MEYZIEU.jpg","datePublished":"2020-10-14T07:04:57+00:00","dateModified":"2020-10-30T08:52:56+00:00","description":"MEYZIEU | Semaine du go\u00fbt > graines gourmandes","breadcrumb":{"@id":"https:\/\/newsestlyonnais.fr\/site\/2020\/10\/14\/meyzieu-semaine-du-gout-graines-gourmandes\/#breadcrumb"},"inLanguage":"fr-FR","potentialAction":[{"@type":"ReadAction","target":["https:\/\/newsestlyonnais.fr\/site\/2020\/10\/14\/meyzieu-semaine-du-gout-graines-gourmandes\/"]}]},{"@type":"ImageObject","inLanguage":"fr-FR","@id":"https:\/\/newsestlyonnais.fr\/site\/2020\/10\/14\/meyzieu-semaine-du-gout-graines-gourmandes\/#primaryimage","url":"https:\/\/newsestlyonnais.fr\/site\/wp-content\/uploads\/2020\/05\/NEWSESTLYONNAIS-VUE-MEYZIEU.jpg","contentUrl":"https:\/\/newsestlyonnais.fr\/site\/wp-content\/uploads\/2020\/05\/NEWSESTLYONNAIS-VUE-MEYZIEU.jpg","width":1280,"height":960},{"@type":"BreadcrumbList","@id":"https:\/\/newsestlyonnais.fr\/site\/2020\/10\/14\/meyzieu-semaine-du-gout-graines-gourmandes\/#breadcrumb","itemListElement":[{"@type":"ListItem","position":1,"name":"Accueil","item":"https:\/\/newsestlyonnais.fr\/site\/"},{"@type":"ListItem","position":2,"name":"MEYZIEU | Semaine du go\u00fbt > graines gourmandes"}]},{"@type":"WebSite","@id":"https:\/\/newsestlyonnais.fr\/site\/#website","url":"https:\/\/newsestlyonnais.fr\/site\/","name":"News Est Lyonnais","description":"L&#039;actualit\u00e9 au plus pr\u00e8s","publisher":{"@id":"https:\/\/newsestlyonnais.fr\/site\/#organization"},"potentialAction":[{"@type":"SearchAction","target":{"@type":"EntryPoint","urlTemplate":"https:\/\/newsestlyonnais.fr\/site\/?s={search_term_string}"},"query-input":{"@type":"PropertyValueSpecification","valueRequired":true,"valueName":"search_term_string"}}],"inLanguage":"fr-FR"},{"@type":"Organization","@id":"https:\/\/newsestlyonnais.fr\/site\/#organization","name":"News EST LYONNAIS","url":"https:\/\/newsestlyonnais.fr\/site\/","logo":{"@type":"ImageObject","inLanguage":"fr-FR","@id":"https:\/\/newsestlyonnais.fr\/site\/#\/schema\/logo\/image\/","url":"","contentUrl":"","caption":"News EST LYONNAIS"},"image":{"@id":"https:\/\/newsestlyonnais.fr\/site\/#\/schema\/logo\/image\/"}},{"@type":"Person","@id":"https:\/\/newsestlyonnais.fr\/site\/#\/schema\/person\/3230d5615f390bb808365d673001e887","name":"R\u00e9dac. NEWS","sameAs":["http:\/\/www.newsestlyonnais.fr","https:\/\/www.facebook.com\/pascal.oberson.1?fref=ts","https:\/\/fr.linkedin.com\/in\/pascal-oberson-b17045113"],"url":"https:\/\/newsestlyonnais.fr\/site\/author\/nel\/"}]}},"_links":{"self":[{"href":"https:\/\/newsestlyonnais.fr\/site\/wp-json\/wp\/v2\/posts\/112548","targetHints":{"allow":["GET"]}}],"collection":[{"href":"https:\/\/newsestlyonnais.fr\/site\/wp-json\/wp\/v2\/posts"}],"about":[{"href":"https:\/\/newsestlyonnais.fr\/site\/wp-json\/wp\/v2\/types\/post"}],"author":[{"embeddable":true,"href":"https:\/\/newsestlyonnais.fr\/site\/wp-json\/wp\/v2\/users\/4"}],"replies":[{"embeddable":true,"href":"https:\/\/newsestlyonnais.fr\/site\/wp-json\/wp\/v2\/comments?post=112548"}],"version-history":[{"count":0,"href":"https:\/\/newsestlyonnais.fr\/site\/wp-json\/wp\/v2\/posts\/112548\/revisions"}],"wp:featuredmedia":[{"embeddable":true,"href":"https:\/\/newsestlyonnais.fr\/site\/wp-json\/wp\/v2\/media\/101256"}],"wp:attachment":[{"href":"https:\/\/newsestlyonnais.fr\/site\/wp-json\/wp\/v2\/media?parent=112548"}],"wp:term":[{"taxonomy":"category","embeddable":true,"href":"https:\/\/newsestlyonnais.fr\/site\/wp-json\/wp\/v2\/categories?post=112548"},{"taxonomy":"post_tag","embeddable":true,"href":"https:\/\/newsestlyonnais.fr\/site\/wp-json\/wp\/v2\/tags?post=112548"}],"curies":[{"name":"wp","href":"https:\/\/api.w.org\/{rel}","templated":true}]}}