{"id":112554,"date":"2020-10-14T13:22:17","date_gmt":"2020-10-14T12:22:17","guid":{"rendered":"http:\/\/newsestlyonnais.fr\/site\/?p=112554"},"modified":"2020-10-15T18:32:47","modified_gmt":"2020-10-15T17:32:47","slug":"meyzieu-la-mediatheque-municipale-va-feter-ses-20-ans","status":"publish","type":"post","link":"https:\/\/newsestlyonnais.fr\/site\/2020\/10\/14\/meyzieu-la-mediatheque-municipale-va-feter-ses-20-ans\/","title":{"rendered":"MEYZIEU | La M\u00e9diath\u00e8que municipale va f\u00eater ses 20 ans !"},"content":{"rendered":"<p>20 ann\u00e9es de d\u00e9couvertes, d\u2019\u00e9changes avec les Majolans et de moments festifs que votre Ville vous invite \u00e0 revivre au travers de nombreuses animations pour tous les \u00e2ges.<\/p>\n<hr \/>\n<p><span style=\"text-decoration: underline;\"><strong>Vendredi 16 Octobre \u00e0 20 h <\/strong><\/span>:<\/p>\n<ul>\n<li>Retrouvons-nous pour c\u00e9l\u00e9brer la m\u00e9diath\u00e8que en discours avant de d\u00e9voiler les r\u00e9sultats du vote \u00ab Les 100 livres pr\u00e9f\u00e9r\u00e9s des lecteurs \u00bb.<\/li>\n<li>Les Biblioth\u00e9caires racontent\u2026 20 ans de coups de c\u0153ur. Les biblioth\u00e9caires lisent les textes qui les ont marqu\u00e9s en 20 ans de d\u00e9couvertes litt\u00e9raires.<\/li>\n<\/ul>\n<p><em><strong>Inscription obligatoire sur : <\/strong><\/em><a href=\"http:\/\/mon.meyzieu.fr\">http:\/\/mon.meyzieu.fr<\/a><\/p>\n<hr \/>\n<p><span style=\"text-decoration: underline;\"><strong><em>Samedi 17 Octobre<\/em><\/strong><\/span> :<\/p>\n<p><strong><span style=\"text-decoration: underline;\">CR\u00c9ER ET PARTAGER<\/span> : <\/strong><\/p>\n<p>Parce que le partage et la cr\u00e9ation sont au c\u0153ur de l\u2019activit\u00e9 de la m\u00e9diath\u00e8que, la programmation des 20 ans fait la part belle aux ateliers cr\u00e9atifs et participatifs. Fabrication d\u2019hologrammes, de pop-up ou d\u2019instruments de musique, embossage, maquillage, fresque collective et speed-booking, seront ainsi propos\u00e9s aux visiteurs.<\/p>\n<p><strong>Fresque collective <\/strong>(9 h &gt;12 h 30 et 14 h&gt;17 h) avec \u00c9lise Mansot. Cr\u00e9ez une fresque artistique et originale sur le th\u00e8me de l\u2019anniversaire. Vous n\u2019avez pas d\u2019id\u00e9es ? Pas de panique : l\u2019illustratrice \u00c9lise Mansot saura vous accompagner !<\/p>\n<p><strong>Speed-booking <\/strong>(14 h 30&gt;16 h 30). Avec les clubs de lecture de la m\u00e9diath\u00e8que. D\u00e8s 12 ans &#8211; Les participants se prom\u00e8nent de table en table et \u00e9coutent des passionn\u00e9s leur pr\u00e9senter le livre qu\u2019ils ont choisi.<\/p>\n<p><span style=\"text-decoration: underline;\"><strong>JOUER <\/strong><\/span>:<\/p>\n<p>Parce qu\u2019il ne peut y avoir d\u2019anniversaire sans jeu, les 20 ans se f\u00eateront autour d\u2019un concours Bookface, de jeux de plateau et de jeux vid\u00e9o, d\u2019un quiz musical, d\u2019une enqu\u00eate polici\u00e8re et d\u2019un time\u2019s up maison !<\/p>\n<p><strong> Enqu\u00eate polici\u00e8re<\/strong> (9 h, 10 h 15, 11 h 30, 14 h, 15 h et 16 h). D\u00e8s 8 ans &#8211; Mais qui a tu\u00e9 la biblioth\u00e9caire ? Trouvez les indices, accumulez les preuves et d\u00e9signez le coupable !<\/p>\n<p><strong>Time\u2019s up de la m\u00e9diath\u00e8que<\/strong> (14h &gt; 15h30). D\u00e8s 12 ans &#8211; Un jeu en 3 manches o\u00f9 vous devez faire deviner \u00e0 votre \u00e9quipe le<br \/>\nplus possible de titres, artistes ou personnages en 30 secondes.<\/p>\n<p><span style=\"text-decoration: underline;\"><strong>D\u00c9COUVRIR<\/strong><\/span> :<\/p>\n<p>Parce que depuis sa cr\u00e9ation la m\u00e9diath\u00e8que est le territoire des curieuses et des curieux, de celles et ceux qui aiment d\u00e9couvrir et se laisser surprendre, les 20 ans seront aussi plac\u00e9s sous le signe de la d\u00e9couverte avec des pochettes surprises, la cabane des comptines vagabondes, un coin lecture, un concert, des visites insolites et un spectacle de conte.<\/p>\n<p><strong>Concert Ekko : The High Reeds<\/strong> (11 h &#8211; Salle des F\u00eates, 6 Place Andr\u00e9 Marie Burignat \u00e0 Meyzieu). Dans le cadre du Festival Amply, laissez-vous emporter par le reggae f\u00e9d\u00e9rateur de The High Reeds, groupe lyonnais \u00e0 l\u2019\u00e9nergie chaleureuse et communicative ! <em><strong>Inscription obligatoire sur : <\/strong><\/em><a href=\"http:\/\/mon.meyzieu.fr\">http:\/\/mon.meyzieu.fr<\/a><\/p>\n<p><strong>Visite insolite de la m\u00e9diath\u00e8que<\/strong> (14 h 30 et 16 h). D\u00e8s 12 ans &#8211; Embarquez pour une visite loufoque de la m\u00e9diath\u00e8que ! <em><strong>Inscription obligatoire sur : <\/strong><\/em><a href=\"http:\/\/mon.meyzieu.fr\">http:\/\/mon.meyzieu.fr<\/a><\/p>\n<p><strong>Spectacle de conte<\/strong> : Le miroir et le coquelicot (18 h 30 &#8211; Salles des F\u00eates). Avec Guy Prunier et Marion Cordier. D\u00e8s 5 ans &#8211; Raymond, enfant solitaire se raconte une histoire chaque soir ou plut\u00f4t, invente pour son doudou, un feuilleton qui met en sc\u00e8ne Hortense la souris. Une fable aux nombreux rebondissements o\u00f9 n\u2019est pas peureux celui qu\u2019on croit. <em><strong>Inscription obligatoire : <\/strong><\/em><a href=\"http:\/\/mon.meyzieu.fr\">http:\/\/mon.meyzieu.fr<\/a><\/p>\n<hr \/>\n<p><span style=\"font-size: 14pt;\"><strong><em>D\u00e9couvrez l\u2019int\u00e9gralit\u00e9 de la programmation sur :<\/em> <a href=\"http:\/\/bm-meyzieu.fr\">http:\/\/bm-meyzieu.fr<\/a><\/strong><\/span><\/p>\n","protected":false},"excerpt":{"rendered":"<p>De nombreuses animations pour tous les \u00e2ges sont pr\u00e9vues vendredi soir et toute la journ\u00e9e de samedi. <\/p>\n","protected":false},"author":4,"featured_media":112556,"comment_status":"open","ping_status":"open","sticky":false,"template":"","format":"standard","meta":{"footnotes":""},"categories":[3003,2983,24,3006],"tags":[],"class_list":["post-112554","post","type-post","status-publish","format-standard","has-post-thumbnail","hentry","category-bibliotheque-mediatheque-mjc","category-litterature-bd-mags-2","category-meyzieu","category-musique-danse-humour"],"yoast_head":"<!-- This site is optimized with the Yoast SEO plugin v27.2 - https:\/\/yoast.com\/product\/yoast-seo-wordpress\/ -->\n<title>MEYZIEU | La M\u00e9diath\u00e8que municipale va f\u00eater ses 20 ans ! - News Est Lyonnais<\/title>\n<meta name=\"description\" content=\"MEYZIEU | La M\u00e9diath\u00e8que municipale va f\u00eater ses 20 ans !\" \/>\n<meta name=\"robots\" content=\"index, follow, max-snippet:-1, max-image-preview:large, max-video-preview:-1\" \/>\n<link rel=\"canonical\" href=\"https:\/\/newsestlyonnais.fr\/site\/2020\/10\/14\/meyzieu-la-mediatheque-municipale-va-feter-ses-20-ans\/\" \/>\n<meta property=\"og:locale\" content=\"fr_FR\" \/>\n<meta property=\"og:type\" content=\"article\" \/>\n<meta property=\"og:title\" content=\"MEYZIEU | La M\u00e9diath\u00e8que municipale va f\u00eater ses 20 ans ! - News Est Lyonnais\" \/>\n<meta property=\"og:description\" content=\"MEYZIEU | La M\u00e9diath\u00e8que municipale va f\u00eater ses 20 ans !\" \/>\n<meta property=\"og:url\" content=\"https:\/\/newsestlyonnais.fr\/site\/2020\/10\/14\/meyzieu-la-mediatheque-municipale-va-feter-ses-20-ans\/\" \/>\n<meta property=\"og:site_name\" content=\"News Est Lyonnais\" \/>\n<meta property=\"article:author\" content=\"https:\/\/www.facebook.com\/pascal.oberson.1?fref=ts\" \/>\n<meta property=\"article:published_time\" content=\"2020-10-14T12:22:17+00:00\" \/>\n<meta property=\"article:modified_time\" content=\"2020-10-15T17:32:47+00:00\" \/>\n<meta property=\"og:image\" content=\"https:\/\/i2.wp.com\/newsestlyonnais.fr\/site\/wp-content\/uploads\/2020\/10\/P1440395.jpg?fit=1200%2C900&ssl=1\" \/>\n\t<meta property=\"og:image:width\" content=\"1200\" \/>\n\t<meta property=\"og:image:height\" content=\"900\" \/>\n\t<meta property=\"og:image:type\" content=\"image\/jpeg\" \/>\n<meta name=\"author\" content=\"R\u00e9dac. NEWS\" \/>\n<meta name=\"twitter:card\" content=\"summary_large_image\" \/>\n<meta name=\"twitter:label1\" content=\"\u00c9crit par\" \/>\n\t<meta name=\"twitter:data1\" content=\"R\u00e9dac. NEWS\" \/>\n\t<meta name=\"twitter:label2\" content=\"Dur\u00e9e de lecture estim\u00e9e\" \/>\n\t<meta name=\"twitter:data2\" content=\"3 minutes\" \/>\n<script type=\"application\/ld+json\" class=\"yoast-schema-graph\">{\"@context\":\"https:\/\/schema.org\",\"@graph\":[{\"@type\":\"Article\",\"@id\":\"https:\/\/newsestlyonnais.fr\/site\/2020\/10\/14\/meyzieu-la-mediatheque-municipale-va-feter-ses-20-ans\/#article\",\"isPartOf\":{\"@id\":\"https:\/\/newsestlyonnais.fr\/site\/2020\/10\/14\/meyzieu-la-mediatheque-municipale-va-feter-ses-20-ans\/\"},\"author\":{\"name\":\"R\u00e9dac. NEWS\",\"@id\":\"https:\/\/newsestlyonnais.fr\/site\/#\/schema\/person\/3230d5615f390bb808365d673001e887\"},\"headline\":\"MEYZIEU | La M\u00e9diath\u00e8que municipale va f\u00eater ses 20 ans !\",\"datePublished\":\"2020-10-14T12:22:17+00:00\",\"dateModified\":\"2020-10-15T17:32:47+00:00\",\"mainEntityOfPage\":{\"@id\":\"https:\/\/newsestlyonnais.fr\/site\/2020\/10\/14\/meyzieu-la-mediatheque-municipale-va-feter-ses-20-ans\/\"},\"wordCount\":597,\"commentCount\":0,\"publisher\":{\"@id\":\"https:\/\/newsestlyonnais.fr\/site\/#organization\"},\"image\":{\"@id\":\"https:\/\/newsestlyonnais.fr\/site\/2020\/10\/14\/meyzieu-la-mediatheque-municipale-va-feter-ses-20-ans\/#primaryimage\"},\"thumbnailUrl\":\"https:\/\/newsestlyonnais.fr\/site\/wp-content\/uploads\/2020\/10\/P1440395.jpg\",\"articleSection\":[\"Biblioth\u00e8que | M\u00e9diath\u00e8que | MJC\",\"Litt\u00e9rature | Bd | Mags\",\"Meyzieu\",\"Musique | Danse | Humour\"],\"inLanguage\":\"fr-FR\",\"potentialAction\":[{\"@type\":\"CommentAction\",\"name\":\"Comment\",\"target\":[\"https:\/\/newsestlyonnais.fr\/site\/2020\/10\/14\/meyzieu-la-mediatheque-municipale-va-feter-ses-20-ans\/#respond\"]}]},{\"@type\":\"WebPage\",\"@id\":\"https:\/\/newsestlyonnais.fr\/site\/2020\/10\/14\/meyzieu-la-mediatheque-municipale-va-feter-ses-20-ans\/\",\"url\":\"https:\/\/newsestlyonnais.fr\/site\/2020\/10\/14\/meyzieu-la-mediatheque-municipale-va-feter-ses-20-ans\/\",\"name\":\"MEYZIEU | La M\u00e9diath\u00e8que municipale va f\u00eater ses 20 ans ! - News Est Lyonnais\",\"isPartOf\":{\"@id\":\"https:\/\/newsestlyonnais.fr\/site\/#website\"},\"primaryImageOfPage\":{\"@id\":\"https:\/\/newsestlyonnais.fr\/site\/2020\/10\/14\/meyzieu-la-mediatheque-municipale-va-feter-ses-20-ans\/#primaryimage\"},\"image\":{\"@id\":\"https:\/\/newsestlyonnais.fr\/site\/2020\/10\/14\/meyzieu-la-mediatheque-municipale-va-feter-ses-20-ans\/#primaryimage\"},\"thumbnailUrl\":\"https:\/\/newsestlyonnais.fr\/site\/wp-content\/uploads\/2020\/10\/P1440395.jpg\",\"datePublished\":\"2020-10-14T12:22:17+00:00\",\"dateModified\":\"2020-10-15T17:32:47+00:00\",\"description\":\"MEYZIEU | La M\u00e9diath\u00e8que municipale va f\u00eater ses 20 ans !\",\"breadcrumb\":{\"@id\":\"https:\/\/newsestlyonnais.fr\/site\/2020\/10\/14\/meyzieu-la-mediatheque-municipale-va-feter-ses-20-ans\/#breadcrumb\"},\"inLanguage\":\"fr-FR\",\"potentialAction\":[{\"@type\":\"ReadAction\",\"target\":[\"https:\/\/newsestlyonnais.fr\/site\/2020\/10\/14\/meyzieu-la-mediatheque-municipale-va-feter-ses-20-ans\/\"]}]},{\"@type\":\"ImageObject\",\"inLanguage\":\"fr-FR\",\"@id\":\"https:\/\/newsestlyonnais.fr\/site\/2020\/10\/14\/meyzieu-la-mediatheque-municipale-va-feter-ses-20-ans\/#primaryimage\",\"url\":\"https:\/\/newsestlyonnais.fr\/site\/wp-content\/uploads\/2020\/10\/P1440395.jpg\",\"contentUrl\":\"https:\/\/newsestlyonnais.fr\/site\/wp-content\/uploads\/2020\/10\/P1440395.jpg\",\"width\":1200,\"height\":900},{\"@type\":\"BreadcrumbList\",\"@id\":\"https:\/\/newsestlyonnais.fr\/site\/2020\/10\/14\/meyzieu-la-mediatheque-municipale-va-feter-ses-20-ans\/#breadcrumb\",\"itemListElement\":[{\"@type\":\"ListItem\",\"position\":1,\"name\":\"Accueil\",\"item\":\"https:\/\/newsestlyonnais.fr\/site\/\"},{\"@type\":\"ListItem\",\"position\":2,\"name\":\"MEYZIEU | La M\u00e9diath\u00e8que municipale va f\u00eater ses 20 ans !\"}]},{\"@type\":\"WebSite\",\"@id\":\"https:\/\/newsestlyonnais.fr\/site\/#website\",\"url\":\"https:\/\/newsestlyonnais.fr\/site\/\",\"name\":\"News Est Lyonnais\",\"description\":\"L&#039;actualit\u00e9 au plus pr\u00e8s\",\"publisher\":{\"@id\":\"https:\/\/newsestlyonnais.fr\/site\/#organization\"},\"potentialAction\":[{\"@type\":\"SearchAction\",\"target\":{\"@type\":\"EntryPoint\",\"urlTemplate\":\"https:\/\/newsestlyonnais.fr\/site\/?s={search_term_string}\"},\"query-input\":{\"@type\":\"PropertyValueSpecification\",\"valueRequired\":true,\"valueName\":\"search_term_string\"}}],\"inLanguage\":\"fr-FR\"},{\"@type\":\"Organization\",\"@id\":\"https:\/\/newsestlyonnais.fr\/site\/#organization\",\"name\":\"News EST LYONNAIS\",\"url\":\"https:\/\/newsestlyonnais.fr\/site\/\",\"logo\":{\"@type\":\"ImageObject\",\"inLanguage\":\"fr-FR\",\"@id\":\"https:\/\/newsestlyonnais.fr\/site\/#\/schema\/logo\/image\/\",\"url\":\"\",\"contentUrl\":\"\",\"caption\":\"News EST LYONNAIS\"},\"image\":{\"@id\":\"https:\/\/newsestlyonnais.fr\/site\/#\/schema\/logo\/image\/\"}},{\"@type\":\"Person\",\"@id\":\"https:\/\/newsestlyonnais.fr\/site\/#\/schema\/person\/3230d5615f390bb808365d673001e887\",\"name\":\"R\u00e9dac. NEWS\",\"sameAs\":[\"http:\/\/www.newsestlyonnais.fr\",\"https:\/\/www.facebook.com\/pascal.oberson.1?fref=ts\",\"https:\/\/fr.linkedin.com\/in\/pascal-oberson-b17045113\"],\"url\":\"https:\/\/newsestlyonnais.fr\/site\/author\/nel\/\"}]}<\/script>\n<!-- \/ Yoast SEO plugin. -->","yoast_head_json":{"title":"MEYZIEU | La M\u00e9diath\u00e8que municipale va f\u00eater ses 20 ans ! - News Est Lyonnais","description":"MEYZIEU | La M\u00e9diath\u00e8que municipale va f\u00eater ses 20 ans !","robots":{"index":"index","follow":"follow","max-snippet":"max-snippet:-1","max-image-preview":"max-image-preview:large","max-video-preview":"max-video-preview:-1"},"canonical":"https:\/\/newsestlyonnais.fr\/site\/2020\/10\/14\/meyzieu-la-mediatheque-municipale-va-feter-ses-20-ans\/","og_locale":"fr_FR","og_type":"article","og_title":"MEYZIEU | La M\u00e9diath\u00e8que municipale va f\u00eater ses 20 ans ! - News Est Lyonnais","og_description":"MEYZIEU | La M\u00e9diath\u00e8que municipale va f\u00eater ses 20 ans !","og_url":"https:\/\/newsestlyonnais.fr\/site\/2020\/10\/14\/meyzieu-la-mediatheque-municipale-va-feter-ses-20-ans\/","og_site_name":"News Est Lyonnais","article_author":"https:\/\/www.facebook.com\/pascal.oberson.1?fref=ts","article_published_time":"2020-10-14T12:22:17+00:00","article_modified_time":"2020-10-15T17:32:47+00:00","og_image":[{"width":1200,"height":900,"url":"https:\/\/i2.wp.com\/newsestlyonnais.fr\/site\/wp-content\/uploads\/2020\/10\/P1440395.jpg?fit=1200%2C900&ssl=1","type":"image\/jpeg"}],"author":"R\u00e9dac. NEWS","twitter_card":"summary_large_image","twitter_misc":{"\u00c9crit par":"R\u00e9dac. NEWS","Dur\u00e9e de lecture estim\u00e9e":"3 minutes"},"schema":{"@context":"https:\/\/schema.org","@graph":[{"@type":"Article","@id":"https:\/\/newsestlyonnais.fr\/site\/2020\/10\/14\/meyzieu-la-mediatheque-municipale-va-feter-ses-20-ans\/#article","isPartOf":{"@id":"https:\/\/newsestlyonnais.fr\/site\/2020\/10\/14\/meyzieu-la-mediatheque-municipale-va-feter-ses-20-ans\/"},"author":{"name":"R\u00e9dac. NEWS","@id":"https:\/\/newsestlyonnais.fr\/site\/#\/schema\/person\/3230d5615f390bb808365d673001e887"},"headline":"MEYZIEU | La M\u00e9diath\u00e8que municipale va f\u00eater ses 20 ans !","datePublished":"2020-10-14T12:22:17+00:00","dateModified":"2020-10-15T17:32:47+00:00","mainEntityOfPage":{"@id":"https:\/\/newsestlyonnais.fr\/site\/2020\/10\/14\/meyzieu-la-mediatheque-municipale-va-feter-ses-20-ans\/"},"wordCount":597,"commentCount":0,"publisher":{"@id":"https:\/\/newsestlyonnais.fr\/site\/#organization"},"image":{"@id":"https:\/\/newsestlyonnais.fr\/site\/2020\/10\/14\/meyzieu-la-mediatheque-municipale-va-feter-ses-20-ans\/#primaryimage"},"thumbnailUrl":"https:\/\/newsestlyonnais.fr\/site\/wp-content\/uploads\/2020\/10\/P1440395.jpg","articleSection":["Biblioth\u00e8que | M\u00e9diath\u00e8que | MJC","Litt\u00e9rature | Bd | Mags","Meyzieu","Musique | Danse | Humour"],"inLanguage":"fr-FR","potentialAction":[{"@type":"CommentAction","name":"Comment","target":["https:\/\/newsestlyonnais.fr\/site\/2020\/10\/14\/meyzieu-la-mediatheque-municipale-va-feter-ses-20-ans\/#respond"]}]},{"@type":"WebPage","@id":"https:\/\/newsestlyonnais.fr\/site\/2020\/10\/14\/meyzieu-la-mediatheque-municipale-va-feter-ses-20-ans\/","url":"https:\/\/newsestlyonnais.fr\/site\/2020\/10\/14\/meyzieu-la-mediatheque-municipale-va-feter-ses-20-ans\/","name":"MEYZIEU | La M\u00e9diath\u00e8que municipale va f\u00eater ses 20 ans ! - News Est Lyonnais","isPartOf":{"@id":"https:\/\/newsestlyonnais.fr\/site\/#website"},"primaryImageOfPage":{"@id":"https:\/\/newsestlyonnais.fr\/site\/2020\/10\/14\/meyzieu-la-mediatheque-municipale-va-feter-ses-20-ans\/#primaryimage"},"image":{"@id":"https:\/\/newsestlyonnais.fr\/site\/2020\/10\/14\/meyzieu-la-mediatheque-municipale-va-feter-ses-20-ans\/#primaryimage"},"thumbnailUrl":"https:\/\/newsestlyonnais.fr\/site\/wp-content\/uploads\/2020\/10\/P1440395.jpg","datePublished":"2020-10-14T12:22:17+00:00","dateModified":"2020-10-15T17:32:47+00:00","description":"MEYZIEU | La M\u00e9diath\u00e8que municipale va f\u00eater ses 20 ans !","breadcrumb":{"@id":"https:\/\/newsestlyonnais.fr\/site\/2020\/10\/14\/meyzieu-la-mediatheque-municipale-va-feter-ses-20-ans\/#breadcrumb"},"inLanguage":"fr-FR","potentialAction":[{"@type":"ReadAction","target":["https:\/\/newsestlyonnais.fr\/site\/2020\/10\/14\/meyzieu-la-mediatheque-municipale-va-feter-ses-20-ans\/"]}]},{"@type":"ImageObject","inLanguage":"fr-FR","@id":"https:\/\/newsestlyonnais.fr\/site\/2020\/10\/14\/meyzieu-la-mediatheque-municipale-va-feter-ses-20-ans\/#primaryimage","url":"https:\/\/newsestlyonnais.fr\/site\/wp-content\/uploads\/2020\/10\/P1440395.jpg","contentUrl":"https:\/\/newsestlyonnais.fr\/site\/wp-content\/uploads\/2020\/10\/P1440395.jpg","width":1200,"height":900},{"@type":"BreadcrumbList","@id":"https:\/\/newsestlyonnais.fr\/site\/2020\/10\/14\/meyzieu-la-mediatheque-municipale-va-feter-ses-20-ans\/#breadcrumb","itemListElement":[{"@type":"ListItem","position":1,"name":"Accueil","item":"https:\/\/newsestlyonnais.fr\/site\/"},{"@type":"ListItem","position":2,"name":"MEYZIEU | La M\u00e9diath\u00e8que municipale va f\u00eater ses 20 ans !"}]},{"@type":"WebSite","@id":"https:\/\/newsestlyonnais.fr\/site\/#website","url":"https:\/\/newsestlyonnais.fr\/site\/","name":"News Est Lyonnais","description":"L&#039;actualit\u00e9 au plus pr\u00e8s","publisher":{"@id":"https:\/\/newsestlyonnais.fr\/site\/#organization"},"potentialAction":[{"@type":"SearchAction","target":{"@type":"EntryPoint","urlTemplate":"https:\/\/newsestlyonnais.fr\/site\/?s={search_term_string}"},"query-input":{"@type":"PropertyValueSpecification","valueRequired":true,"valueName":"search_term_string"}}],"inLanguage":"fr-FR"},{"@type":"Organization","@id":"https:\/\/newsestlyonnais.fr\/site\/#organization","name":"News EST LYONNAIS","url":"https:\/\/newsestlyonnais.fr\/site\/","logo":{"@type":"ImageObject","inLanguage":"fr-FR","@id":"https:\/\/newsestlyonnais.fr\/site\/#\/schema\/logo\/image\/","url":"","contentUrl":"","caption":"News EST LYONNAIS"},"image":{"@id":"https:\/\/newsestlyonnais.fr\/site\/#\/schema\/logo\/image\/"}},{"@type":"Person","@id":"https:\/\/newsestlyonnais.fr\/site\/#\/schema\/person\/3230d5615f390bb808365d673001e887","name":"R\u00e9dac. NEWS","sameAs":["http:\/\/www.newsestlyonnais.fr","https:\/\/www.facebook.com\/pascal.oberson.1?fref=ts","https:\/\/fr.linkedin.com\/in\/pascal-oberson-b17045113"],"url":"https:\/\/newsestlyonnais.fr\/site\/author\/nel\/"}]}},"_links":{"self":[{"href":"https:\/\/newsestlyonnais.fr\/site\/wp-json\/wp\/v2\/posts\/112554","targetHints":{"allow":["GET"]}}],"collection":[{"href":"https:\/\/newsestlyonnais.fr\/site\/wp-json\/wp\/v2\/posts"}],"about":[{"href":"https:\/\/newsestlyonnais.fr\/site\/wp-json\/wp\/v2\/types\/post"}],"author":[{"embeddable":true,"href":"https:\/\/newsestlyonnais.fr\/site\/wp-json\/wp\/v2\/users\/4"}],"replies":[{"embeddable":true,"href":"https:\/\/newsestlyonnais.fr\/site\/wp-json\/wp\/v2\/comments?post=112554"}],"version-history":[{"count":0,"href":"https:\/\/newsestlyonnais.fr\/site\/wp-json\/wp\/v2\/posts\/112554\/revisions"}],"wp:featuredmedia":[{"embeddable":true,"href":"https:\/\/newsestlyonnais.fr\/site\/wp-json\/wp\/v2\/media\/112556"}],"wp:attachment":[{"href":"https:\/\/newsestlyonnais.fr\/site\/wp-json\/wp\/v2\/media?parent=112554"}],"wp:term":[{"taxonomy":"category","embeddable":true,"href":"https:\/\/newsestlyonnais.fr\/site\/wp-json\/wp\/v2\/categories?post=112554"},{"taxonomy":"post_tag","embeddable":true,"href":"https:\/\/newsestlyonnais.fr\/site\/wp-json\/wp\/v2\/tags?post=112554"}],"curies":[{"name":"wp","href":"https:\/\/api.w.org\/{rel}","templated":true}]}}