{"id":112858,"date":"2020-10-19T17:45:53","date_gmt":"2020-10-19T16:45:53","guid":{"rendered":"http:\/\/newsestlyonnais.fr\/site\/?p=112858"},"modified":"2020-10-19T17:45:53","modified_gmt":"2020-10-19T16:45:53","slug":"meyzieu-deploiement-de-la-fibre-le-maire-saisit-larcep","status":"publish","type":"post","link":"https:\/\/newsestlyonnais.fr\/site\/2020\/10\/19\/meyzieu-deploiement-de-la-fibre-le-maire-saisit-larcep\/","title":{"rendered":"MEYZIEU | D\u00e9ploiement de la fibre > le maire saisit l\u2019ARCEP"},"content":{"rendered":"<p>\u00a0\u00bb <strong>Pas une semaine ne passe sans que nous ne soyons interpell\u00e9s sur le d\u00e9ploiement de la fibre \u00e0 Meyzieu<\/strong>.<\/p>\n<p>Dans la perspective de compiler des donn\u00e9es pr\u00e9cises et globales \u00e0 l\u2019\u00e9chelle de la Ville sur les probl\u00e9matiques li\u00e9es aux installations, au raccordement, aux d\u00e9connexions intempestives, nous avons lanc\u00e9 avec mon adjoint charg\u00e9 du num\u00e9rique une consultation des habitants le 2 octobre dernier. Pr\u00e8s de 300 habitants y ont d\u00e9j\u00e0 pris part.<br \/>\nLes \u00e9l\u00e9ments qui nous remontent font \u00e9tat d\u2019un d\u00e9ploiement indigne de ce que les Majolans sont en droit d\u2019attendre non seulement de l\u2019Etat mais de surcro\u00eet des op\u00e9rateurs.<\/p>\n<p><strong>Je saisis cette semaine le ministre charg\u00e9 de la transition num\u00e9rique et des communications \u00e9lectroniques ainsi que l\u2019ARCEP : \u00e7a ne peut plus durer ! \u00ab\u00a0<\/strong><\/p>\n<hr \/>\n<ul>\n<li><em><em>Retrouvez l&rsquo; <\/em><\/em>Autorit\u00e9 de r\u00e9gulation des communications \u00e9lectroniques, des postes et de la distribution de la presse <em><strong>(ARCEP) sur : <a href=\"https:\/\/www.arcep.fr\">https:\/\/www.arcep.fr<\/a><\/strong><\/em><\/li>\n<\/ul>\n","protected":false},"excerpt":{"rendered":"<p>D\u00e9couvrez le communiqu\u00e9 de presse de ce lundi 19 octobre du maire Christophe Quiniou.<\/p>\n","protected":false},"author":4,"featured_media":101256,"comment_status":"open","ping_status":"open","sticky":false,"template":"","format":"standard","meta":{"footnotes":""},"categories":[2217,2172,24],"tags":[],"class_list":["post-112858","post","type-post","status-publish","format-standard","has-post-thumbnail","hentry","category-breves-de-lest-lyonnais","category-informatique-numerique","category-meyzieu"],"yoast_head":"<!-- This site is optimized with the Yoast SEO plugin v27.2 - https:\/\/yoast.com\/product\/yoast-seo-wordpress\/ -->\n<title>MEYZIEU | D\u00e9ploiement de la fibre &gt; le maire saisit l\u2019ARCEP - News Est Lyonnais<\/title>\n<meta name=\"description\" content=\"MEYZIEU | D\u00e9ploiement de la fibre &gt; le maire saisit l\u2019ARCEP\" \/>\n<meta name=\"robots\" content=\"index, follow, max-snippet:-1, max-image-preview:large, max-video-preview:-1\" \/>\n<link rel=\"canonical\" href=\"https:\/\/newsestlyonnais.fr\/site\/2020\/10\/19\/meyzieu-deploiement-de-la-fibre-le-maire-saisit-larcep\/\" \/>\n<meta property=\"og:locale\" content=\"fr_FR\" \/>\n<meta property=\"og:type\" content=\"article\" \/>\n<meta property=\"og:title\" content=\"MEYZIEU | D\u00e9ploiement de la fibre &gt; le maire saisit l\u2019ARCEP - News Est Lyonnais\" \/>\n<meta property=\"og:description\" content=\"MEYZIEU | D\u00e9ploiement de la fibre &gt; le maire saisit l\u2019ARCEP\" \/>\n<meta property=\"og:url\" content=\"https:\/\/newsestlyonnais.fr\/site\/2020\/10\/19\/meyzieu-deploiement-de-la-fibre-le-maire-saisit-larcep\/\" \/>\n<meta property=\"og:site_name\" content=\"News Est Lyonnais\" \/>\n<meta property=\"article:author\" content=\"https:\/\/www.facebook.com\/pascal.oberson.1?fref=ts\" \/>\n<meta property=\"article:published_time\" content=\"2020-10-19T16:45:53+00:00\" \/>\n<meta property=\"og:image\" content=\"https:\/\/i0.wp.com\/newsestlyonnais.fr\/site\/wp-content\/uploads\/2020\/05\/NEWSESTLYONNAIS-VUE-MEYZIEU.jpg?fit=1280%2C960&ssl=1\" \/>\n\t<meta property=\"og:image:width\" content=\"1280\" \/>\n\t<meta property=\"og:image:height\" content=\"960\" \/>\n\t<meta property=\"og:image:type\" content=\"image\/jpeg\" \/>\n<meta name=\"author\" content=\"R\u00e9dac. NEWS\" \/>\n<meta name=\"twitter:card\" content=\"summary_large_image\" \/>\n<meta name=\"twitter:label1\" content=\"\u00c9crit par\" \/>\n\t<meta name=\"twitter:data1\" content=\"R\u00e9dac. NEWS\" \/>\n\t<meta name=\"twitter:label2\" content=\"Dur\u00e9e de lecture estim\u00e9e\" \/>\n\t<meta name=\"twitter:data2\" content=\"1 minute\" \/>\n<script type=\"application\/ld+json\" class=\"yoast-schema-graph\">{\"@context\":\"https:\/\/schema.org\",\"@graph\":[{\"@type\":\"Article\",\"@id\":\"https:\/\/newsestlyonnais.fr\/site\/2020\/10\/19\/meyzieu-deploiement-de-la-fibre-le-maire-saisit-larcep\/#article\",\"isPartOf\":{\"@id\":\"https:\/\/newsestlyonnais.fr\/site\/2020\/10\/19\/meyzieu-deploiement-de-la-fibre-le-maire-saisit-larcep\/\"},\"author\":{\"name\":\"R\u00e9dac. NEWS\",\"@id\":\"https:\/\/newsestlyonnais.fr\/site\/#\/schema\/person\/3230d5615f390bb808365d673001e887\"},\"headline\":\"MEYZIEU | D\u00e9ploiement de la fibre > le maire saisit l\u2019ARCEP\",\"datePublished\":\"2020-10-19T16:45:53+00:00\",\"mainEntityOfPage\":{\"@id\":\"https:\/\/newsestlyonnais.fr\/site\/2020\/10\/19\/meyzieu-deploiement-de-la-fibre-le-maire-saisit-larcep\/\"},\"wordCount\":173,\"commentCount\":1,\"publisher\":{\"@id\":\"https:\/\/newsestlyonnais.fr\/site\/#organization\"},\"image\":{\"@id\":\"https:\/\/newsestlyonnais.fr\/site\/2020\/10\/19\/meyzieu-deploiement-de-la-fibre-le-maire-saisit-larcep\/#primaryimage\"},\"thumbnailUrl\":\"https:\/\/newsestlyonnais.fr\/site\/wp-content\/uploads\/2020\/05\/NEWSESTLYONNAIS-VUE-MEYZIEU.jpg\",\"articleSection\":[\"Br\u00e8ves de l'Est lyonnais\",\"Informatique | Num\u00e9rique\",\"Meyzieu\"],\"inLanguage\":\"fr-FR\",\"potentialAction\":[{\"@type\":\"CommentAction\",\"name\":\"Comment\",\"target\":[\"https:\/\/newsestlyonnais.fr\/site\/2020\/10\/19\/meyzieu-deploiement-de-la-fibre-le-maire-saisit-larcep\/#respond\"]}]},{\"@type\":\"WebPage\",\"@id\":\"https:\/\/newsestlyonnais.fr\/site\/2020\/10\/19\/meyzieu-deploiement-de-la-fibre-le-maire-saisit-larcep\/\",\"url\":\"https:\/\/newsestlyonnais.fr\/site\/2020\/10\/19\/meyzieu-deploiement-de-la-fibre-le-maire-saisit-larcep\/\",\"name\":\"MEYZIEU | D\u00e9ploiement de la fibre > le maire saisit l\u2019ARCEP - News Est Lyonnais\",\"isPartOf\":{\"@id\":\"https:\/\/newsestlyonnais.fr\/site\/#website\"},\"primaryImageOfPage\":{\"@id\":\"https:\/\/newsestlyonnais.fr\/site\/2020\/10\/19\/meyzieu-deploiement-de-la-fibre-le-maire-saisit-larcep\/#primaryimage\"},\"image\":{\"@id\":\"https:\/\/newsestlyonnais.fr\/site\/2020\/10\/19\/meyzieu-deploiement-de-la-fibre-le-maire-saisit-larcep\/#primaryimage\"},\"thumbnailUrl\":\"https:\/\/newsestlyonnais.fr\/site\/wp-content\/uploads\/2020\/05\/NEWSESTLYONNAIS-VUE-MEYZIEU.jpg\",\"datePublished\":\"2020-10-19T16:45:53+00:00\",\"description\":\"MEYZIEU | D\u00e9ploiement de la fibre > le maire saisit l\u2019ARCEP\",\"breadcrumb\":{\"@id\":\"https:\/\/newsestlyonnais.fr\/site\/2020\/10\/19\/meyzieu-deploiement-de-la-fibre-le-maire-saisit-larcep\/#breadcrumb\"},\"inLanguage\":\"fr-FR\",\"potentialAction\":[{\"@type\":\"ReadAction\",\"target\":[\"https:\/\/newsestlyonnais.fr\/site\/2020\/10\/19\/meyzieu-deploiement-de-la-fibre-le-maire-saisit-larcep\/\"]}]},{\"@type\":\"ImageObject\",\"inLanguage\":\"fr-FR\",\"@id\":\"https:\/\/newsestlyonnais.fr\/site\/2020\/10\/19\/meyzieu-deploiement-de-la-fibre-le-maire-saisit-larcep\/#primaryimage\",\"url\":\"https:\/\/newsestlyonnais.fr\/site\/wp-content\/uploads\/2020\/05\/NEWSESTLYONNAIS-VUE-MEYZIEU.jpg\",\"contentUrl\":\"https:\/\/newsestlyonnais.fr\/site\/wp-content\/uploads\/2020\/05\/NEWSESTLYONNAIS-VUE-MEYZIEU.jpg\",\"width\":1280,\"height\":960},{\"@type\":\"BreadcrumbList\",\"@id\":\"https:\/\/newsestlyonnais.fr\/site\/2020\/10\/19\/meyzieu-deploiement-de-la-fibre-le-maire-saisit-larcep\/#breadcrumb\",\"itemListElement\":[{\"@type\":\"ListItem\",\"position\":1,\"name\":\"Accueil\",\"item\":\"https:\/\/newsestlyonnais.fr\/site\/\"},{\"@type\":\"ListItem\",\"position\":2,\"name\":\"MEYZIEU | D\u00e9ploiement de la fibre > le maire saisit l\u2019ARCEP\"}]},{\"@type\":\"WebSite\",\"@id\":\"https:\/\/newsestlyonnais.fr\/site\/#website\",\"url\":\"https:\/\/newsestlyonnais.fr\/site\/\",\"name\":\"News Est Lyonnais\",\"description\":\"L&#039;actualit\u00e9 au plus pr\u00e8s\",\"publisher\":{\"@id\":\"https:\/\/newsestlyonnais.fr\/site\/#organization\"},\"potentialAction\":[{\"@type\":\"SearchAction\",\"target\":{\"@type\":\"EntryPoint\",\"urlTemplate\":\"https:\/\/newsestlyonnais.fr\/site\/?s={search_term_string}\"},\"query-input\":{\"@type\":\"PropertyValueSpecification\",\"valueRequired\":true,\"valueName\":\"search_term_string\"}}],\"inLanguage\":\"fr-FR\"},{\"@type\":\"Organization\",\"@id\":\"https:\/\/newsestlyonnais.fr\/site\/#organization\",\"name\":\"News EST LYONNAIS\",\"url\":\"https:\/\/newsestlyonnais.fr\/site\/\",\"logo\":{\"@type\":\"ImageObject\",\"inLanguage\":\"fr-FR\",\"@id\":\"https:\/\/newsestlyonnais.fr\/site\/#\/schema\/logo\/image\/\",\"url\":\"\",\"contentUrl\":\"\",\"caption\":\"News EST LYONNAIS\"},\"image\":{\"@id\":\"https:\/\/newsestlyonnais.fr\/site\/#\/schema\/logo\/image\/\"}},{\"@type\":\"Person\",\"@id\":\"https:\/\/newsestlyonnais.fr\/site\/#\/schema\/person\/3230d5615f390bb808365d673001e887\",\"name\":\"R\u00e9dac. NEWS\",\"sameAs\":[\"http:\/\/www.newsestlyonnais.fr\",\"https:\/\/www.facebook.com\/pascal.oberson.1?fref=ts\",\"https:\/\/fr.linkedin.com\/in\/pascal-oberson-b17045113\"],\"url\":\"https:\/\/newsestlyonnais.fr\/site\/author\/nel\/\"}]}<\/script>\n<!-- \/ Yoast SEO plugin. -->","yoast_head_json":{"title":"MEYZIEU | D\u00e9ploiement de la fibre > le maire saisit l\u2019ARCEP - News Est Lyonnais","description":"MEYZIEU | D\u00e9ploiement de la fibre > le maire saisit l\u2019ARCEP","robots":{"index":"index","follow":"follow","max-snippet":"max-snippet:-1","max-image-preview":"max-image-preview:large","max-video-preview":"max-video-preview:-1"},"canonical":"https:\/\/newsestlyonnais.fr\/site\/2020\/10\/19\/meyzieu-deploiement-de-la-fibre-le-maire-saisit-larcep\/","og_locale":"fr_FR","og_type":"article","og_title":"MEYZIEU | D\u00e9ploiement de la fibre > le maire saisit l\u2019ARCEP - News Est Lyonnais","og_description":"MEYZIEU | D\u00e9ploiement de la fibre > le maire saisit l\u2019ARCEP","og_url":"https:\/\/newsestlyonnais.fr\/site\/2020\/10\/19\/meyzieu-deploiement-de-la-fibre-le-maire-saisit-larcep\/","og_site_name":"News Est Lyonnais","article_author":"https:\/\/www.facebook.com\/pascal.oberson.1?fref=ts","article_published_time":"2020-10-19T16:45:53+00:00","og_image":[{"width":1280,"height":960,"url":"https:\/\/i0.wp.com\/newsestlyonnais.fr\/site\/wp-content\/uploads\/2020\/05\/NEWSESTLYONNAIS-VUE-MEYZIEU.jpg?fit=1280%2C960&ssl=1","type":"image\/jpeg"}],"author":"R\u00e9dac. NEWS","twitter_card":"summary_large_image","twitter_misc":{"\u00c9crit par":"R\u00e9dac. NEWS","Dur\u00e9e de lecture estim\u00e9e":"1 minute"},"schema":{"@context":"https:\/\/schema.org","@graph":[{"@type":"Article","@id":"https:\/\/newsestlyonnais.fr\/site\/2020\/10\/19\/meyzieu-deploiement-de-la-fibre-le-maire-saisit-larcep\/#article","isPartOf":{"@id":"https:\/\/newsestlyonnais.fr\/site\/2020\/10\/19\/meyzieu-deploiement-de-la-fibre-le-maire-saisit-larcep\/"},"author":{"name":"R\u00e9dac. NEWS","@id":"https:\/\/newsestlyonnais.fr\/site\/#\/schema\/person\/3230d5615f390bb808365d673001e887"},"headline":"MEYZIEU | D\u00e9ploiement de la fibre > le maire saisit l\u2019ARCEP","datePublished":"2020-10-19T16:45:53+00:00","mainEntityOfPage":{"@id":"https:\/\/newsestlyonnais.fr\/site\/2020\/10\/19\/meyzieu-deploiement-de-la-fibre-le-maire-saisit-larcep\/"},"wordCount":173,"commentCount":1,"publisher":{"@id":"https:\/\/newsestlyonnais.fr\/site\/#organization"},"image":{"@id":"https:\/\/newsestlyonnais.fr\/site\/2020\/10\/19\/meyzieu-deploiement-de-la-fibre-le-maire-saisit-larcep\/#primaryimage"},"thumbnailUrl":"https:\/\/newsestlyonnais.fr\/site\/wp-content\/uploads\/2020\/05\/NEWSESTLYONNAIS-VUE-MEYZIEU.jpg","articleSection":["Br\u00e8ves de l'Est lyonnais","Informatique | Num\u00e9rique","Meyzieu"],"inLanguage":"fr-FR","potentialAction":[{"@type":"CommentAction","name":"Comment","target":["https:\/\/newsestlyonnais.fr\/site\/2020\/10\/19\/meyzieu-deploiement-de-la-fibre-le-maire-saisit-larcep\/#respond"]}]},{"@type":"WebPage","@id":"https:\/\/newsestlyonnais.fr\/site\/2020\/10\/19\/meyzieu-deploiement-de-la-fibre-le-maire-saisit-larcep\/","url":"https:\/\/newsestlyonnais.fr\/site\/2020\/10\/19\/meyzieu-deploiement-de-la-fibre-le-maire-saisit-larcep\/","name":"MEYZIEU | D\u00e9ploiement de la fibre > le maire saisit l\u2019ARCEP - News Est Lyonnais","isPartOf":{"@id":"https:\/\/newsestlyonnais.fr\/site\/#website"},"primaryImageOfPage":{"@id":"https:\/\/newsestlyonnais.fr\/site\/2020\/10\/19\/meyzieu-deploiement-de-la-fibre-le-maire-saisit-larcep\/#primaryimage"},"image":{"@id":"https:\/\/newsestlyonnais.fr\/site\/2020\/10\/19\/meyzieu-deploiement-de-la-fibre-le-maire-saisit-larcep\/#primaryimage"},"thumbnailUrl":"https:\/\/newsestlyonnais.fr\/site\/wp-content\/uploads\/2020\/05\/NEWSESTLYONNAIS-VUE-MEYZIEU.jpg","datePublished":"2020-10-19T16:45:53+00:00","description":"MEYZIEU | D\u00e9ploiement de la fibre > le maire saisit l\u2019ARCEP","breadcrumb":{"@id":"https:\/\/newsestlyonnais.fr\/site\/2020\/10\/19\/meyzieu-deploiement-de-la-fibre-le-maire-saisit-larcep\/#breadcrumb"},"inLanguage":"fr-FR","potentialAction":[{"@type":"ReadAction","target":["https:\/\/newsestlyonnais.fr\/site\/2020\/10\/19\/meyzieu-deploiement-de-la-fibre-le-maire-saisit-larcep\/"]}]},{"@type":"ImageObject","inLanguage":"fr-FR","@id":"https:\/\/newsestlyonnais.fr\/site\/2020\/10\/19\/meyzieu-deploiement-de-la-fibre-le-maire-saisit-larcep\/#primaryimage","url":"https:\/\/newsestlyonnais.fr\/site\/wp-content\/uploads\/2020\/05\/NEWSESTLYONNAIS-VUE-MEYZIEU.jpg","contentUrl":"https:\/\/newsestlyonnais.fr\/site\/wp-content\/uploads\/2020\/05\/NEWSESTLYONNAIS-VUE-MEYZIEU.jpg","width":1280,"height":960},{"@type":"BreadcrumbList","@id":"https:\/\/newsestlyonnais.fr\/site\/2020\/10\/19\/meyzieu-deploiement-de-la-fibre-le-maire-saisit-larcep\/#breadcrumb","itemListElement":[{"@type":"ListItem","position":1,"name":"Accueil","item":"https:\/\/newsestlyonnais.fr\/site\/"},{"@type":"ListItem","position":2,"name":"MEYZIEU | D\u00e9ploiement de la fibre > le maire saisit l\u2019ARCEP"}]},{"@type":"WebSite","@id":"https:\/\/newsestlyonnais.fr\/site\/#website","url":"https:\/\/newsestlyonnais.fr\/site\/","name":"News Est Lyonnais","description":"L&#039;actualit\u00e9 au plus pr\u00e8s","publisher":{"@id":"https:\/\/newsestlyonnais.fr\/site\/#organization"},"potentialAction":[{"@type":"SearchAction","target":{"@type":"EntryPoint","urlTemplate":"https:\/\/newsestlyonnais.fr\/site\/?s={search_term_string}"},"query-input":{"@type":"PropertyValueSpecification","valueRequired":true,"valueName":"search_term_string"}}],"inLanguage":"fr-FR"},{"@type":"Organization","@id":"https:\/\/newsestlyonnais.fr\/site\/#organization","name":"News EST LYONNAIS","url":"https:\/\/newsestlyonnais.fr\/site\/","logo":{"@type":"ImageObject","inLanguage":"fr-FR","@id":"https:\/\/newsestlyonnais.fr\/site\/#\/schema\/logo\/image\/","url":"","contentUrl":"","caption":"News EST LYONNAIS"},"image":{"@id":"https:\/\/newsestlyonnais.fr\/site\/#\/schema\/logo\/image\/"}},{"@type":"Person","@id":"https:\/\/newsestlyonnais.fr\/site\/#\/schema\/person\/3230d5615f390bb808365d673001e887","name":"R\u00e9dac. NEWS","sameAs":["http:\/\/www.newsestlyonnais.fr","https:\/\/www.facebook.com\/pascal.oberson.1?fref=ts","https:\/\/fr.linkedin.com\/in\/pascal-oberson-b17045113"],"url":"https:\/\/newsestlyonnais.fr\/site\/author\/nel\/"}]}},"_links":{"self":[{"href":"https:\/\/newsestlyonnais.fr\/site\/wp-json\/wp\/v2\/posts\/112858","targetHints":{"allow":["GET"]}}],"collection":[{"href":"https:\/\/newsestlyonnais.fr\/site\/wp-json\/wp\/v2\/posts"}],"about":[{"href":"https:\/\/newsestlyonnais.fr\/site\/wp-json\/wp\/v2\/types\/post"}],"author":[{"embeddable":true,"href":"https:\/\/newsestlyonnais.fr\/site\/wp-json\/wp\/v2\/users\/4"}],"replies":[{"embeddable":true,"href":"https:\/\/newsestlyonnais.fr\/site\/wp-json\/wp\/v2\/comments?post=112858"}],"version-history":[{"count":0,"href":"https:\/\/newsestlyonnais.fr\/site\/wp-json\/wp\/v2\/posts\/112858\/revisions"}],"wp:featuredmedia":[{"embeddable":true,"href":"https:\/\/newsestlyonnais.fr\/site\/wp-json\/wp\/v2\/media\/101256"}],"wp:attachment":[{"href":"https:\/\/newsestlyonnais.fr\/site\/wp-json\/wp\/v2\/media?parent=112858"}],"wp:term":[{"taxonomy":"category","embeddable":true,"href":"https:\/\/newsestlyonnais.fr\/site\/wp-json\/wp\/v2\/categories?post=112858"},{"taxonomy":"post_tag","embeddable":true,"href":"https:\/\/newsestlyonnais.fr\/site\/wp-json\/wp\/v2\/tags?post=112858"}],"curies":[{"name":"wp","href":"https:\/\/api.w.org\/{rel}","templated":true}]}}