{"id":112916,"date":"2020-10-20T18:17:27","date_gmt":"2020-10-20T17:17:27","guid":{"rendered":"http:\/\/newsestlyonnais.fr\/site\/?p=112916"},"modified":"2020-10-20T18:17:27","modified_gmt":"2020-10-20T17:17:27","slug":"venissieux-rassemblement-silencieux-en-hommage-a-samuel-paty","status":"publish","type":"post","link":"https:\/\/newsestlyonnais.fr\/site\/2020\/10\/20\/venissieux-rassemblement-silencieux-en-hommage-a-samuel-paty\/","title":{"rendered":"VENISSIEUX | Rassemblement silencieux en hommage \u00e0 Samuel Paty"},"content":{"rendered":"<p class=\" text-justify\">Dans le cadre de l&rsquo;hommage national, l\u2019activit\u00e9 des services publics cessera et une minute de silence respect\u00e9e. Les drapeaux seront mis en berne sur les b\u00e2timents et \u00e9difices publics de la ville.\u00a0Un livre de recueillement sera \u00e9galement ouvert \u00e0 l&rsquo;accueil de l\u2019H\u00f4tel de Ville.<\/p>\n<p><strong>Un moment de recueillement \u00e0 la m\u00e9moire de Samuel Paty,\u00a0professeur d&rsquo;histoire-g\u00e9ographie victime de la barbarie terroriste, sera organis\u00e9, <u>mercredi 21 octobre \u00e0 12 heures<\/u>, devant l\u2019H\u00f4tel de Ville, l\u00e0 o\u00f9 s&rsquo;affichent les valeurs r\u00e9publicaines, Libert\u00e9, \u00c9galit\u00e9, Fraternit\u00e9.<\/strong><\/p>\n<p class=\" text-justify\">Mich\u00e8le Picard, maire de V\u00e9nissieux, Vice-pr\u00e9sidente de la la M\u00e9tropole de Lyon, et\u00a0l\u2019\u00e9quipe municipale, appellent toutes les forces progressistes et r\u00e9publicaines, les acteurs de la ville, les agents municipaux, chaque citoyenne et citoyen, \u00e0 se joindre \u00e0 ce rassemblement silencieux. Ensemble, restons unis pour\u00a0exprimer notre \u00e9motion, combattre l&rsquo;obscurantisme et\u00a0r\u00e9affirmer l&rsquo;attachement \u00e0 notre R\u00e9publique la\u00efque.<\/p>\n<hr \/>\n<p><em><strong>Source : communiqu\u00e9 de presse de la Ville de V\u00e9nissieux.<\/strong><\/em><\/p>\n","protected":false},"excerpt":{"rendered":"<p>Un moment de recueillement \u00e0 sa m\u00e9moire sera organis\u00e9 mercredi \u00e0 midi, devant l\u2019H\u00f4tel de Ville.<\/p>\n","protected":false},"author":4,"featured_media":95972,"comment_status":"open","ping_status":"open","sticky":false,"template":"","format":"standard","meta":{"footnotes":""},"categories":[2217,1219,173,1298],"tags":[],"class_list":["post-112916","post","type-post","status-publish","format-standard","has-post-thumbnail","hentry","category-breves-de-lest-lyonnais","category-religion-seniors-souvenir","category-scolaire","category-venissieux"],"yoast_head":"<!-- This site is optimized with the Yoast SEO plugin v27.2 - https:\/\/yoast.com\/product\/yoast-seo-wordpress\/ -->\n<title>VENISSIEUX | Rassemblement silencieux en hommage \u00e0 Samuel Paty - News Est Lyonnais<\/title>\n<meta name=\"description\" content=\"VENISSIEUX | Rassemblement silencieux en hommage \u00e0 Samuel Paty\" \/>\n<meta name=\"robots\" content=\"index, follow, max-snippet:-1, max-image-preview:large, max-video-preview:-1\" \/>\n<link rel=\"canonical\" href=\"https:\/\/newsestlyonnais.fr\/site\/2020\/10\/20\/venissieux-rassemblement-silencieux-en-hommage-a-samuel-paty\/\" \/>\n<meta property=\"og:locale\" content=\"fr_FR\" \/>\n<meta property=\"og:type\" content=\"article\" \/>\n<meta property=\"og:title\" content=\"VENISSIEUX | Rassemblement silencieux en hommage \u00e0 Samuel Paty - News Est Lyonnais\" \/>\n<meta property=\"og:description\" content=\"VENISSIEUX | Rassemblement silencieux en hommage \u00e0 Samuel Paty\" \/>\n<meta property=\"og:url\" content=\"https:\/\/newsestlyonnais.fr\/site\/2020\/10\/20\/venissieux-rassemblement-silencieux-en-hommage-a-samuel-paty\/\" \/>\n<meta property=\"og:site_name\" content=\"News Est Lyonnais\" \/>\n<meta property=\"article:author\" content=\"https:\/\/www.facebook.com\/pascal.oberson.1?fref=ts\" \/>\n<meta property=\"article:published_time\" content=\"2020-10-20T17:17:27+00:00\" \/>\n<meta property=\"og:image\" content=\"https:\/\/i2.wp.com\/newsestlyonnais.fr\/site\/wp-content\/uploads\/2019\/11\/NEWSESTLYONNAIS-MAIRIE-VENX.jpg?fit=1200%2C800&ssl=1\" \/>\n\t<meta property=\"og:image:width\" content=\"1200\" \/>\n\t<meta property=\"og:image:height\" content=\"800\" \/>\n\t<meta property=\"og:image:type\" content=\"image\/jpeg\" \/>\n<meta name=\"author\" content=\"R\u00e9dac. NEWS\" \/>\n<meta name=\"twitter:card\" content=\"summary_large_image\" \/>\n<meta name=\"twitter:label1\" content=\"\u00c9crit par\" \/>\n\t<meta name=\"twitter:data1\" content=\"R\u00e9dac. NEWS\" \/>\n\t<meta name=\"twitter:label2\" content=\"Dur\u00e9e de lecture estim\u00e9e\" \/>\n\t<meta name=\"twitter:data2\" content=\"1 minute\" \/>\n<script type=\"application\/ld+json\" class=\"yoast-schema-graph\">{\"@context\":\"https:\/\/schema.org\",\"@graph\":[{\"@type\":\"Article\",\"@id\":\"https:\/\/newsestlyonnais.fr\/site\/2020\/10\/20\/venissieux-rassemblement-silencieux-en-hommage-a-samuel-paty\/#article\",\"isPartOf\":{\"@id\":\"https:\/\/newsestlyonnais.fr\/site\/2020\/10\/20\/venissieux-rassemblement-silencieux-en-hommage-a-samuel-paty\/\"},\"author\":{\"name\":\"R\u00e9dac. NEWS\",\"@id\":\"https:\/\/newsestlyonnais.fr\/site\/#\/schema\/person\/3230d5615f390bb808365d673001e887\"},\"headline\":\"VENISSIEUX | Rassemblement silencieux en hommage \u00e0 Samuel Paty\",\"datePublished\":\"2020-10-20T17:17:27+00:00\",\"mainEntityOfPage\":{\"@id\":\"https:\/\/newsestlyonnais.fr\/site\/2020\/10\/20\/venissieux-rassemblement-silencieux-en-hommage-a-samuel-paty\/\"},\"wordCount\":174,\"commentCount\":0,\"publisher\":{\"@id\":\"https:\/\/newsestlyonnais.fr\/site\/#organization\"},\"image\":{\"@id\":\"https:\/\/newsestlyonnais.fr\/site\/2020\/10\/20\/venissieux-rassemblement-silencieux-en-hommage-a-samuel-paty\/#primaryimage\"},\"thumbnailUrl\":\"https:\/\/newsestlyonnais.fr\/site\/wp-content\/uploads\/2019\/11\/NEWSESTLYONNAIS-MAIRIE-VENX.jpg\",\"articleSection\":[\"Br\u00e8ves de l'Est lyonnais\",\"Religion | Seniors | Souvenir\",\"Scolaire\",\"V\u00e9nissieux\"],\"inLanguage\":\"fr-FR\",\"potentialAction\":[{\"@type\":\"CommentAction\",\"name\":\"Comment\",\"target\":[\"https:\/\/newsestlyonnais.fr\/site\/2020\/10\/20\/venissieux-rassemblement-silencieux-en-hommage-a-samuel-paty\/#respond\"]}]},{\"@type\":\"WebPage\",\"@id\":\"https:\/\/newsestlyonnais.fr\/site\/2020\/10\/20\/venissieux-rassemblement-silencieux-en-hommage-a-samuel-paty\/\",\"url\":\"https:\/\/newsestlyonnais.fr\/site\/2020\/10\/20\/venissieux-rassemblement-silencieux-en-hommage-a-samuel-paty\/\",\"name\":\"VENISSIEUX | Rassemblement silencieux en hommage \u00e0 Samuel Paty - News Est Lyonnais\",\"isPartOf\":{\"@id\":\"https:\/\/newsestlyonnais.fr\/site\/#website\"},\"primaryImageOfPage\":{\"@id\":\"https:\/\/newsestlyonnais.fr\/site\/2020\/10\/20\/venissieux-rassemblement-silencieux-en-hommage-a-samuel-paty\/#primaryimage\"},\"image\":{\"@id\":\"https:\/\/newsestlyonnais.fr\/site\/2020\/10\/20\/venissieux-rassemblement-silencieux-en-hommage-a-samuel-paty\/#primaryimage\"},\"thumbnailUrl\":\"https:\/\/newsestlyonnais.fr\/site\/wp-content\/uploads\/2019\/11\/NEWSESTLYONNAIS-MAIRIE-VENX.jpg\",\"datePublished\":\"2020-10-20T17:17:27+00:00\",\"description\":\"VENISSIEUX | Rassemblement silencieux en hommage \u00e0 Samuel Paty\",\"breadcrumb\":{\"@id\":\"https:\/\/newsestlyonnais.fr\/site\/2020\/10\/20\/venissieux-rassemblement-silencieux-en-hommage-a-samuel-paty\/#breadcrumb\"},\"inLanguage\":\"fr-FR\",\"potentialAction\":[{\"@type\":\"ReadAction\",\"target\":[\"https:\/\/newsestlyonnais.fr\/site\/2020\/10\/20\/venissieux-rassemblement-silencieux-en-hommage-a-samuel-paty\/\"]}]},{\"@type\":\"ImageObject\",\"inLanguage\":\"fr-FR\",\"@id\":\"https:\/\/newsestlyonnais.fr\/site\/2020\/10\/20\/venissieux-rassemblement-silencieux-en-hommage-a-samuel-paty\/#primaryimage\",\"url\":\"https:\/\/newsestlyonnais.fr\/site\/wp-content\/uploads\/2019\/11\/NEWSESTLYONNAIS-MAIRIE-VENX.jpg\",\"contentUrl\":\"https:\/\/newsestlyonnais.fr\/site\/wp-content\/uploads\/2019\/11\/NEWSESTLYONNAIS-MAIRIE-VENX.jpg\",\"width\":1200,\"height\":800},{\"@type\":\"BreadcrumbList\",\"@id\":\"https:\/\/newsestlyonnais.fr\/site\/2020\/10\/20\/venissieux-rassemblement-silencieux-en-hommage-a-samuel-paty\/#breadcrumb\",\"itemListElement\":[{\"@type\":\"ListItem\",\"position\":1,\"name\":\"Accueil\",\"item\":\"https:\/\/newsestlyonnais.fr\/site\/\"},{\"@type\":\"ListItem\",\"position\":2,\"name\":\"VENISSIEUX | Rassemblement silencieux en hommage \u00e0 Samuel Paty\"}]},{\"@type\":\"WebSite\",\"@id\":\"https:\/\/newsestlyonnais.fr\/site\/#website\",\"url\":\"https:\/\/newsestlyonnais.fr\/site\/\",\"name\":\"News Est Lyonnais\",\"description\":\"L&#039;actualit\u00e9 au plus pr\u00e8s\",\"publisher\":{\"@id\":\"https:\/\/newsestlyonnais.fr\/site\/#organization\"},\"potentialAction\":[{\"@type\":\"SearchAction\",\"target\":{\"@type\":\"EntryPoint\",\"urlTemplate\":\"https:\/\/newsestlyonnais.fr\/site\/?s={search_term_string}\"},\"query-input\":{\"@type\":\"PropertyValueSpecification\",\"valueRequired\":true,\"valueName\":\"search_term_string\"}}],\"inLanguage\":\"fr-FR\"},{\"@type\":\"Organization\",\"@id\":\"https:\/\/newsestlyonnais.fr\/site\/#organization\",\"name\":\"News EST LYONNAIS\",\"url\":\"https:\/\/newsestlyonnais.fr\/site\/\",\"logo\":{\"@type\":\"ImageObject\",\"inLanguage\":\"fr-FR\",\"@id\":\"https:\/\/newsestlyonnais.fr\/site\/#\/schema\/logo\/image\/\",\"url\":\"\",\"contentUrl\":\"\",\"caption\":\"News EST LYONNAIS\"},\"image\":{\"@id\":\"https:\/\/newsestlyonnais.fr\/site\/#\/schema\/logo\/image\/\"}},{\"@type\":\"Person\",\"@id\":\"https:\/\/newsestlyonnais.fr\/site\/#\/schema\/person\/3230d5615f390bb808365d673001e887\",\"name\":\"R\u00e9dac. NEWS\",\"sameAs\":[\"http:\/\/www.newsestlyonnais.fr\",\"https:\/\/www.facebook.com\/pascal.oberson.1?fref=ts\",\"https:\/\/fr.linkedin.com\/in\/pascal-oberson-b17045113\"],\"url\":\"https:\/\/newsestlyonnais.fr\/site\/author\/nel\/\"}]}<\/script>\n<!-- \/ Yoast SEO plugin. -->","yoast_head_json":{"title":"VENISSIEUX | Rassemblement silencieux en hommage \u00e0 Samuel Paty - News Est Lyonnais","description":"VENISSIEUX | Rassemblement silencieux en hommage \u00e0 Samuel Paty","robots":{"index":"index","follow":"follow","max-snippet":"max-snippet:-1","max-image-preview":"max-image-preview:large","max-video-preview":"max-video-preview:-1"},"canonical":"https:\/\/newsestlyonnais.fr\/site\/2020\/10\/20\/venissieux-rassemblement-silencieux-en-hommage-a-samuel-paty\/","og_locale":"fr_FR","og_type":"article","og_title":"VENISSIEUX | Rassemblement silencieux en hommage \u00e0 Samuel Paty - News Est Lyonnais","og_description":"VENISSIEUX | Rassemblement silencieux en hommage \u00e0 Samuel Paty","og_url":"https:\/\/newsestlyonnais.fr\/site\/2020\/10\/20\/venissieux-rassemblement-silencieux-en-hommage-a-samuel-paty\/","og_site_name":"News Est Lyonnais","article_author":"https:\/\/www.facebook.com\/pascal.oberson.1?fref=ts","article_published_time":"2020-10-20T17:17:27+00:00","og_image":[{"width":1200,"height":800,"url":"https:\/\/i2.wp.com\/newsestlyonnais.fr\/site\/wp-content\/uploads\/2019\/11\/NEWSESTLYONNAIS-MAIRIE-VENX.jpg?fit=1200%2C800&ssl=1","type":"image\/jpeg"}],"author":"R\u00e9dac. NEWS","twitter_card":"summary_large_image","twitter_misc":{"\u00c9crit par":"R\u00e9dac. NEWS","Dur\u00e9e de lecture estim\u00e9e":"1 minute"},"schema":{"@context":"https:\/\/schema.org","@graph":[{"@type":"Article","@id":"https:\/\/newsestlyonnais.fr\/site\/2020\/10\/20\/venissieux-rassemblement-silencieux-en-hommage-a-samuel-paty\/#article","isPartOf":{"@id":"https:\/\/newsestlyonnais.fr\/site\/2020\/10\/20\/venissieux-rassemblement-silencieux-en-hommage-a-samuel-paty\/"},"author":{"name":"R\u00e9dac. NEWS","@id":"https:\/\/newsestlyonnais.fr\/site\/#\/schema\/person\/3230d5615f390bb808365d673001e887"},"headline":"VENISSIEUX | Rassemblement silencieux en hommage \u00e0 Samuel Paty","datePublished":"2020-10-20T17:17:27+00:00","mainEntityOfPage":{"@id":"https:\/\/newsestlyonnais.fr\/site\/2020\/10\/20\/venissieux-rassemblement-silencieux-en-hommage-a-samuel-paty\/"},"wordCount":174,"commentCount":0,"publisher":{"@id":"https:\/\/newsestlyonnais.fr\/site\/#organization"},"image":{"@id":"https:\/\/newsestlyonnais.fr\/site\/2020\/10\/20\/venissieux-rassemblement-silencieux-en-hommage-a-samuel-paty\/#primaryimage"},"thumbnailUrl":"https:\/\/newsestlyonnais.fr\/site\/wp-content\/uploads\/2019\/11\/NEWSESTLYONNAIS-MAIRIE-VENX.jpg","articleSection":["Br\u00e8ves de l'Est lyonnais","Religion | Seniors | Souvenir","Scolaire","V\u00e9nissieux"],"inLanguage":"fr-FR","potentialAction":[{"@type":"CommentAction","name":"Comment","target":["https:\/\/newsestlyonnais.fr\/site\/2020\/10\/20\/venissieux-rassemblement-silencieux-en-hommage-a-samuel-paty\/#respond"]}]},{"@type":"WebPage","@id":"https:\/\/newsestlyonnais.fr\/site\/2020\/10\/20\/venissieux-rassemblement-silencieux-en-hommage-a-samuel-paty\/","url":"https:\/\/newsestlyonnais.fr\/site\/2020\/10\/20\/venissieux-rassemblement-silencieux-en-hommage-a-samuel-paty\/","name":"VENISSIEUX | Rassemblement silencieux en hommage \u00e0 Samuel Paty - News Est Lyonnais","isPartOf":{"@id":"https:\/\/newsestlyonnais.fr\/site\/#website"},"primaryImageOfPage":{"@id":"https:\/\/newsestlyonnais.fr\/site\/2020\/10\/20\/venissieux-rassemblement-silencieux-en-hommage-a-samuel-paty\/#primaryimage"},"image":{"@id":"https:\/\/newsestlyonnais.fr\/site\/2020\/10\/20\/venissieux-rassemblement-silencieux-en-hommage-a-samuel-paty\/#primaryimage"},"thumbnailUrl":"https:\/\/newsestlyonnais.fr\/site\/wp-content\/uploads\/2019\/11\/NEWSESTLYONNAIS-MAIRIE-VENX.jpg","datePublished":"2020-10-20T17:17:27+00:00","description":"VENISSIEUX | Rassemblement silencieux en hommage \u00e0 Samuel Paty","breadcrumb":{"@id":"https:\/\/newsestlyonnais.fr\/site\/2020\/10\/20\/venissieux-rassemblement-silencieux-en-hommage-a-samuel-paty\/#breadcrumb"},"inLanguage":"fr-FR","potentialAction":[{"@type":"ReadAction","target":["https:\/\/newsestlyonnais.fr\/site\/2020\/10\/20\/venissieux-rassemblement-silencieux-en-hommage-a-samuel-paty\/"]}]},{"@type":"ImageObject","inLanguage":"fr-FR","@id":"https:\/\/newsestlyonnais.fr\/site\/2020\/10\/20\/venissieux-rassemblement-silencieux-en-hommage-a-samuel-paty\/#primaryimage","url":"https:\/\/newsestlyonnais.fr\/site\/wp-content\/uploads\/2019\/11\/NEWSESTLYONNAIS-MAIRIE-VENX.jpg","contentUrl":"https:\/\/newsestlyonnais.fr\/site\/wp-content\/uploads\/2019\/11\/NEWSESTLYONNAIS-MAIRIE-VENX.jpg","width":1200,"height":800},{"@type":"BreadcrumbList","@id":"https:\/\/newsestlyonnais.fr\/site\/2020\/10\/20\/venissieux-rassemblement-silencieux-en-hommage-a-samuel-paty\/#breadcrumb","itemListElement":[{"@type":"ListItem","position":1,"name":"Accueil","item":"https:\/\/newsestlyonnais.fr\/site\/"},{"@type":"ListItem","position":2,"name":"VENISSIEUX | Rassemblement silencieux en hommage \u00e0 Samuel Paty"}]},{"@type":"WebSite","@id":"https:\/\/newsestlyonnais.fr\/site\/#website","url":"https:\/\/newsestlyonnais.fr\/site\/","name":"News Est Lyonnais","description":"L&#039;actualit\u00e9 au plus pr\u00e8s","publisher":{"@id":"https:\/\/newsestlyonnais.fr\/site\/#organization"},"potentialAction":[{"@type":"SearchAction","target":{"@type":"EntryPoint","urlTemplate":"https:\/\/newsestlyonnais.fr\/site\/?s={search_term_string}"},"query-input":{"@type":"PropertyValueSpecification","valueRequired":true,"valueName":"search_term_string"}}],"inLanguage":"fr-FR"},{"@type":"Organization","@id":"https:\/\/newsestlyonnais.fr\/site\/#organization","name":"News EST LYONNAIS","url":"https:\/\/newsestlyonnais.fr\/site\/","logo":{"@type":"ImageObject","inLanguage":"fr-FR","@id":"https:\/\/newsestlyonnais.fr\/site\/#\/schema\/logo\/image\/","url":"","contentUrl":"","caption":"News EST LYONNAIS"},"image":{"@id":"https:\/\/newsestlyonnais.fr\/site\/#\/schema\/logo\/image\/"}},{"@type":"Person","@id":"https:\/\/newsestlyonnais.fr\/site\/#\/schema\/person\/3230d5615f390bb808365d673001e887","name":"R\u00e9dac. NEWS","sameAs":["http:\/\/www.newsestlyonnais.fr","https:\/\/www.facebook.com\/pascal.oberson.1?fref=ts","https:\/\/fr.linkedin.com\/in\/pascal-oberson-b17045113"],"url":"https:\/\/newsestlyonnais.fr\/site\/author\/nel\/"}]}},"_links":{"self":[{"href":"https:\/\/newsestlyonnais.fr\/site\/wp-json\/wp\/v2\/posts\/112916","targetHints":{"allow":["GET"]}}],"collection":[{"href":"https:\/\/newsestlyonnais.fr\/site\/wp-json\/wp\/v2\/posts"}],"about":[{"href":"https:\/\/newsestlyonnais.fr\/site\/wp-json\/wp\/v2\/types\/post"}],"author":[{"embeddable":true,"href":"https:\/\/newsestlyonnais.fr\/site\/wp-json\/wp\/v2\/users\/4"}],"replies":[{"embeddable":true,"href":"https:\/\/newsestlyonnais.fr\/site\/wp-json\/wp\/v2\/comments?post=112916"}],"version-history":[{"count":0,"href":"https:\/\/newsestlyonnais.fr\/site\/wp-json\/wp\/v2\/posts\/112916\/revisions"}],"wp:featuredmedia":[{"embeddable":true,"href":"https:\/\/newsestlyonnais.fr\/site\/wp-json\/wp\/v2\/media\/95972"}],"wp:attachment":[{"href":"https:\/\/newsestlyonnais.fr\/site\/wp-json\/wp\/v2\/media?parent=112916"}],"wp:term":[{"taxonomy":"category","embeddable":true,"href":"https:\/\/newsestlyonnais.fr\/site\/wp-json\/wp\/v2\/categories?post=112916"},{"taxonomy":"post_tag","embeddable":true,"href":"https:\/\/newsestlyonnais.fr\/site\/wp-json\/wp\/v2\/tags?post=112916"}],"curies":[{"name":"wp","href":"https:\/\/api.w.org\/{rel}","templated":true}]}}