{"id":112932,"date":"2020-10-21T13:37:44","date_gmt":"2020-10-21T12:37:44","guid":{"rendered":"http:\/\/newsestlyonnais.fr\/site\/?p=112932"},"modified":"2020-11-20T15:38:42","modified_gmt":"2020-11-20T14:38:42","slug":"un-jour-une-association-vaulx-en-velin-club-nautique-section-voile-de-la-mjc","status":"publish","type":"post","link":"https:\/\/newsestlyonnais.fr\/site\/2020\/10\/21\/un-jour-une-association-vaulx-en-velin-club-nautique-section-voile-de-la-mjc\/","title":{"rendered":"1 jour, 1 association | Section voile MJC, club nautique Vaulx-en-Velin"},"content":{"rendered":"<p>Pierre Bertocchi, responsable du club depuis 2013, \u00e9voque divers points en cette p\u00e9riode sanitaire et devenue compliqu\u00e9e.<\/p>\n<p><strong><img loading=\"lazy\" decoding=\"async\" class=\"alignleft size-thumbnail wp-image-112937\" src=\"https:\/\/newsestlyonnais.fr\/site\/medias\/2020\/10\/NEWSESTLYONANIS-REGATE-250x188.jpg\" alt=\"\" width=\"150\" height=\"113\" srcset=\"https:\/\/newsestlyonnais.fr\/site\/wp-content\/uploads\/2020\/10\/NEWSESTLYONANIS-REGATE-250x188.jpg 250w, https:\/\/newsestlyonnais.fr\/site\/wp-content\/uploads\/2020\/10\/NEWSESTLYONANIS-REGATE-400x300.jpg 400w, https:\/\/newsestlyonnais.fr\/site\/wp-content\/uploads\/2020\/10\/NEWSESTLYONANIS-REGATE-650x488.jpg 650w, https:\/\/newsestlyonnais.fr\/site\/wp-content\/uploads\/2020\/10\/NEWSESTLYONANIS-REGATE-768x576.jpg 768w, https:\/\/newsestlyonnais.fr\/site\/wp-content\/uploads\/2020\/10\/NEWSESTLYONANIS-REGATE-150x113.jpg 150w, https:\/\/newsestlyonnais.fr\/site\/wp-content\/uploads\/2020\/10\/NEWSESTLYONANIS-REGATE-50x38.jpg 50w, https:\/\/newsestlyonnais.fr\/site\/wp-content\/uploads\/2020\/10\/NEWSESTLYONANIS-REGATE-100x75.jpg 100w, https:\/\/newsestlyonnais.fr\/site\/wp-content\/uploads\/2020\/10\/NEWSESTLYONANIS-REGATE-200x150.jpg 200w, https:\/\/newsestlyonnais.fr\/site\/wp-content\/uploads\/2020\/10\/NEWSESTLYONANIS-REGATE-300x225.jpg 300w, https:\/\/newsestlyonnais.fr\/site\/wp-content\/uploads\/2020\/10\/NEWSESTLYONANIS-REGATE-350x263.jpg 350w, https:\/\/newsestlyonnais.fr\/site\/wp-content\/uploads\/2020\/10\/NEWSESTLYONANIS-REGATE-450x338.jpg 450w, https:\/\/newsestlyonnais.fr\/site\/wp-content\/uploads\/2020\/10\/NEWSESTLYONANIS-REGATE-500x375.jpg 500w, https:\/\/newsestlyonnais.fr\/site\/wp-content\/uploads\/2020\/10\/NEWSESTLYONANIS-REGATE-550x413.jpg 550w, https:\/\/newsestlyonnais.fr\/site\/wp-content\/uploads\/2020\/10\/NEWSESTLYONANIS-REGATE-800x600.jpg 800w, https:\/\/newsestlyonnais.fr\/site\/wp-content\/uploads\/2020\/10\/NEWSESTLYONANIS-REGATE.jpg 1200w\" sizes=\"auto, (max-width: 150px) 100vw, 150px\" \/>Annulation de l&rsquo;\u00e9v\u00e8nement le plus important de l&rsquo;Automne<\/strong> :<br \/>\nPour la section voile, l\u2019organisation du Challenge d\u2019 automne est le rendez-vous incontournable pour les r\u00e9gatiers du C.N.V.V. et des autres clubs du Grand Large. Malheureusement nous n\u2019avons pas eu le feu vert de la Pr\u00e9fecture pour cette \u00e9preuve (cause COVID). Merci \u00e0 tous pour votre implication dans l\u2019 organisation de cette \u00e9preuve malheureusement avort\u00e9e.<\/p>\n<hr \/>\n<p><strong>Le mot du pr\u00e9sident de la section voile<\/strong> : <strong>Nous ne voulons plus de bateaux ventouses<\/strong>. La demande pour s\u2019inscrire au club est tr\u00e8s forte mais nous sommes oblig\u00e9s de refuser par manque de place pour les bateaux tant \u00e0 terre que sur l\u2019eau. Certains bateaux ne sont pas sortis une seule fois en 2020 et d\u2019autres depuis des ann\u00e9es. Nous devons privil\u00e9gier les adh\u00e9rents qui font vivre le club par leur implication tant sur la base que sur l\u2019eau. <strong>L\u2019\u00e8re du parking \u00e0 bateau pas cher est termin\u00e9e<\/strong>. La redevance que pr\u00e9pare EDF permettra au moins de faire le tri. En 2021 nous voulons pouvoir accueillir des adh\u00e9rents impliqu\u00e9s.<\/p>\n<hr \/>\n<p><strong>L\u2019 assembl\u00e9e g\u00e9n\u00e9rale<\/strong> devrait avoir lieu le samedi 5 d\u00e9cembre si les conditions COVID le permettent . Si ce n\u2019est pas le cas nous la ferons en janvier ou f\u00e9vrier.<\/p>\n<hr \/>\n<p><strong>Deux membres du CNVV s\u00e9lectionn\u00e9s pour les championnats de France IOM \u00e0 PIERRELATE<\/strong> : Yvan et Michel ont d\u00e9fendu les couleurs de la section voile et de la ville de Vaulx-en-Velin du 9 au 12 octobre dernier. Michel termine 26\u00b0 et Yvan 31\u00b0. Chapeau \u00e0 nos deux coureurs qui n\u2019avaient jamais vu de telles conditions m\u00e9t\u00e9os !<\/p>\n<hr \/>\n<ul>\n<li><span style=\"font-size: 14pt;\"><strong><em>Toute l&rsquo;ACTU du CNVV est sur : <span style=\"color: #0000ff;\"><a style=\"color: #0000ff;\" href=\"https:\/\/cnvv.fr\">https:\/\/cnvv.fr<\/a><\/span><\/em><\/strong><\/span><\/li>\n<\/ul>\n","protected":false},"excerpt":{"rendered":"<p>Annulation d&rsquo;une r\u00e9gate et coup de gueule de son pr\u00e9sident, constituent son actualit\u00e9.<\/p>\n","protected":false},"author":4,"featured_media":112945,"comment_status":"open","ping_status":"open","sticky":false,"template":"","format":"standard","meta":{"footnotes":""},"categories":[3420,3443,2973,3003,28,1349],"tags":[],"class_list":["post-112932","post","type-post","status-publish","format-standard","has-post-thumbnail","hentry","category-1-jour-1-association","category-aviation-nautisme","category-aviron-kayak-voile-sports","category-bibliotheque-mediatheque-mjc","category-vaulx-en-velin","category-voile"],"yoast_head":"<!-- This site is optimized with the Yoast SEO plugin v27.2 - https:\/\/yoast.com\/product\/yoast-seo-wordpress\/ -->\n<title>1 jour, 1 association | Section voile MJC, club nautique Vaulx-en-Velin - News Est Lyonnais<\/title>\n<meta name=\"description\" content=\"Un jour, une association | VAULX-EN-VELIN &gt; Club nautique, section voile de la MJC\" \/>\n<meta name=\"robots\" content=\"index, follow, max-snippet:-1, max-image-preview:large, max-video-preview:-1\" \/>\n<link rel=\"canonical\" href=\"https:\/\/newsestlyonnais.fr\/site\/2020\/10\/21\/un-jour-une-association-vaulx-en-velin-club-nautique-section-voile-de-la-mjc\/\" \/>\n<meta property=\"og:locale\" content=\"fr_FR\" \/>\n<meta property=\"og:type\" content=\"article\" \/>\n<meta property=\"og:title\" content=\"1 jour, 1 association | Section voile MJC, club nautique Vaulx-en-Velin - News Est Lyonnais\" \/>\n<meta property=\"og:description\" content=\"Un jour, une association | VAULX-EN-VELIN &gt; Club nautique, section voile de la MJC\" \/>\n<meta property=\"og:url\" content=\"https:\/\/newsestlyonnais.fr\/site\/2020\/10\/21\/un-jour-une-association-vaulx-en-velin-club-nautique-section-voile-de-la-mjc\/\" \/>\n<meta property=\"og:site_name\" content=\"News Est Lyonnais\" \/>\n<meta property=\"article:author\" content=\"https:\/\/www.facebook.com\/pascal.oberson.1?fref=ts\" \/>\n<meta property=\"article:published_time\" content=\"2020-10-21T12:37:44+00:00\" \/>\n<meta property=\"article:modified_time\" content=\"2020-11-20T14:38:42+00:00\" \/>\n<meta property=\"og:image\" content=\"https:\/\/i1.wp.com\/newsestlyonnais.fr\/site\/wp-content\/uploads\/2020\/10\/voile-003.jpg?fit=763%2C574&ssl=1\" \/>\n\t<meta property=\"og:image:width\" content=\"763\" \/>\n\t<meta property=\"og:image:height\" content=\"574\" \/>\n\t<meta property=\"og:image:type\" content=\"image\/jpeg\" \/>\n<meta name=\"author\" content=\"R\u00e9dac. NEWS\" \/>\n<meta name=\"twitter:card\" content=\"summary_large_image\" \/>\n<meta name=\"twitter:label1\" content=\"\u00c9crit par\" \/>\n\t<meta name=\"twitter:data1\" content=\"R\u00e9dac. NEWS\" \/>\n\t<meta name=\"twitter:label2\" content=\"Dur\u00e9e de lecture estim\u00e9e\" \/>\n\t<meta name=\"twitter:data2\" content=\"2 minutes\" \/>\n<script type=\"application\/ld+json\" class=\"yoast-schema-graph\">{\"@context\":\"https:\/\/schema.org\",\"@graph\":[{\"@type\":\"Article\",\"@id\":\"https:\/\/newsestlyonnais.fr\/site\/2020\/10\/21\/un-jour-une-association-vaulx-en-velin-club-nautique-section-voile-de-la-mjc\/#article\",\"isPartOf\":{\"@id\":\"https:\/\/newsestlyonnais.fr\/site\/2020\/10\/21\/un-jour-une-association-vaulx-en-velin-club-nautique-section-voile-de-la-mjc\/\"},\"author\":{\"name\":\"R\u00e9dac. NEWS\",\"@id\":\"https:\/\/newsestlyonnais.fr\/site\/#\/schema\/person\/3230d5615f390bb808365d673001e887\"},\"headline\":\"1 jour, 1 association | Section voile MJC, club nautique Vaulx-en-Velin\",\"datePublished\":\"2020-10-21T12:37:44+00:00\",\"dateModified\":\"2020-11-20T14:38:42+00:00\",\"mainEntityOfPage\":{\"@id\":\"https:\/\/newsestlyonnais.fr\/site\/2020\/10\/21\/un-jour-une-association-vaulx-en-velin-club-nautique-section-voile-de-la-mjc\/\"},\"wordCount\":318,\"commentCount\":0,\"publisher\":{\"@id\":\"https:\/\/newsestlyonnais.fr\/site\/#organization\"},\"image\":{\"@id\":\"https:\/\/newsestlyonnais.fr\/site\/2020\/10\/21\/un-jour-une-association-vaulx-en-velin-club-nautique-section-voile-de-la-mjc\/#primaryimage\"},\"thumbnailUrl\":\"https:\/\/newsestlyonnais.fr\/site\/wp-content\/uploads\/2020\/10\/voile-003.jpg\",\"articleSection\":[\"1 jour, 1 association\",\"Aviation | Nautisme\",\"Aviron | Kayak | Voile\",\"Biblioth\u00e8que | M\u00e9diath\u00e8que | MJC\",\"Vaulx-en-Velin\",\"Voile\"],\"inLanguage\":\"fr-FR\",\"potentialAction\":[{\"@type\":\"CommentAction\",\"name\":\"Comment\",\"target\":[\"https:\/\/newsestlyonnais.fr\/site\/2020\/10\/21\/un-jour-une-association-vaulx-en-velin-club-nautique-section-voile-de-la-mjc\/#respond\"]}]},{\"@type\":\"WebPage\",\"@id\":\"https:\/\/newsestlyonnais.fr\/site\/2020\/10\/21\/un-jour-une-association-vaulx-en-velin-club-nautique-section-voile-de-la-mjc\/\",\"url\":\"https:\/\/newsestlyonnais.fr\/site\/2020\/10\/21\/un-jour-une-association-vaulx-en-velin-club-nautique-section-voile-de-la-mjc\/\",\"name\":\"1 jour, 1 association | Section voile MJC, club nautique Vaulx-en-Velin - News Est Lyonnais\",\"isPartOf\":{\"@id\":\"https:\/\/newsestlyonnais.fr\/site\/#website\"},\"primaryImageOfPage\":{\"@id\":\"https:\/\/newsestlyonnais.fr\/site\/2020\/10\/21\/un-jour-une-association-vaulx-en-velin-club-nautique-section-voile-de-la-mjc\/#primaryimage\"},\"image\":{\"@id\":\"https:\/\/newsestlyonnais.fr\/site\/2020\/10\/21\/un-jour-une-association-vaulx-en-velin-club-nautique-section-voile-de-la-mjc\/#primaryimage\"},\"thumbnailUrl\":\"https:\/\/newsestlyonnais.fr\/site\/wp-content\/uploads\/2020\/10\/voile-003.jpg\",\"datePublished\":\"2020-10-21T12:37:44+00:00\",\"dateModified\":\"2020-11-20T14:38:42+00:00\",\"description\":\"Un jour, une association | VAULX-EN-VELIN > Club nautique, section voile de la MJC\",\"breadcrumb\":{\"@id\":\"https:\/\/newsestlyonnais.fr\/site\/2020\/10\/21\/un-jour-une-association-vaulx-en-velin-club-nautique-section-voile-de-la-mjc\/#breadcrumb\"},\"inLanguage\":\"fr-FR\",\"potentialAction\":[{\"@type\":\"ReadAction\",\"target\":[\"https:\/\/newsestlyonnais.fr\/site\/2020\/10\/21\/un-jour-une-association-vaulx-en-velin-club-nautique-section-voile-de-la-mjc\/\"]}]},{\"@type\":\"ImageObject\",\"inLanguage\":\"fr-FR\",\"@id\":\"https:\/\/newsestlyonnais.fr\/site\/2020\/10\/21\/un-jour-une-association-vaulx-en-velin-club-nautique-section-voile-de-la-mjc\/#primaryimage\",\"url\":\"https:\/\/newsestlyonnais.fr\/site\/wp-content\/uploads\/2020\/10\/voile-003.jpg\",\"contentUrl\":\"https:\/\/newsestlyonnais.fr\/site\/wp-content\/uploads\/2020\/10\/voile-003.jpg\",\"width\":763,\"height\":574},{\"@type\":\"BreadcrumbList\",\"@id\":\"https:\/\/newsestlyonnais.fr\/site\/2020\/10\/21\/un-jour-une-association-vaulx-en-velin-club-nautique-section-voile-de-la-mjc\/#breadcrumb\",\"itemListElement\":[{\"@type\":\"ListItem\",\"position\":1,\"name\":\"Accueil\",\"item\":\"https:\/\/newsestlyonnais.fr\/site\/\"},{\"@type\":\"ListItem\",\"position\":2,\"name\":\"1 jour, 1 association | Section voile MJC, club nautique Vaulx-en-Velin\"}]},{\"@type\":\"WebSite\",\"@id\":\"https:\/\/newsestlyonnais.fr\/site\/#website\",\"url\":\"https:\/\/newsestlyonnais.fr\/site\/\",\"name\":\"News Est Lyonnais\",\"description\":\"L&#039;actualit\u00e9 au plus pr\u00e8s\",\"publisher\":{\"@id\":\"https:\/\/newsestlyonnais.fr\/site\/#organization\"},\"potentialAction\":[{\"@type\":\"SearchAction\",\"target\":{\"@type\":\"EntryPoint\",\"urlTemplate\":\"https:\/\/newsestlyonnais.fr\/site\/?s={search_term_string}\"},\"query-input\":{\"@type\":\"PropertyValueSpecification\",\"valueRequired\":true,\"valueName\":\"search_term_string\"}}],\"inLanguage\":\"fr-FR\"},{\"@type\":\"Organization\",\"@id\":\"https:\/\/newsestlyonnais.fr\/site\/#organization\",\"name\":\"News EST LYONNAIS\",\"url\":\"https:\/\/newsestlyonnais.fr\/site\/\",\"logo\":{\"@type\":\"ImageObject\",\"inLanguage\":\"fr-FR\",\"@id\":\"https:\/\/newsestlyonnais.fr\/site\/#\/schema\/logo\/image\/\",\"url\":\"\",\"contentUrl\":\"\",\"caption\":\"News EST LYONNAIS\"},\"image\":{\"@id\":\"https:\/\/newsestlyonnais.fr\/site\/#\/schema\/logo\/image\/\"}},{\"@type\":\"Person\",\"@id\":\"https:\/\/newsestlyonnais.fr\/site\/#\/schema\/person\/3230d5615f390bb808365d673001e887\",\"name\":\"R\u00e9dac. NEWS\",\"sameAs\":[\"http:\/\/www.newsestlyonnais.fr\",\"https:\/\/www.facebook.com\/pascal.oberson.1?fref=ts\",\"https:\/\/fr.linkedin.com\/in\/pascal-oberson-b17045113\"],\"url\":\"https:\/\/newsestlyonnais.fr\/site\/author\/nel\/\"}]}<\/script>\n<!-- \/ Yoast SEO plugin. -->","yoast_head_json":{"title":"1 jour, 1 association | Section voile MJC, club nautique Vaulx-en-Velin - News Est Lyonnais","description":"Un jour, une association | VAULX-EN-VELIN > Club nautique, section voile de la MJC","robots":{"index":"index","follow":"follow","max-snippet":"max-snippet:-1","max-image-preview":"max-image-preview:large","max-video-preview":"max-video-preview:-1"},"canonical":"https:\/\/newsestlyonnais.fr\/site\/2020\/10\/21\/un-jour-une-association-vaulx-en-velin-club-nautique-section-voile-de-la-mjc\/","og_locale":"fr_FR","og_type":"article","og_title":"1 jour, 1 association | Section voile MJC, club nautique Vaulx-en-Velin - News Est Lyonnais","og_description":"Un jour, une association | VAULX-EN-VELIN > Club nautique, section voile de la MJC","og_url":"https:\/\/newsestlyonnais.fr\/site\/2020\/10\/21\/un-jour-une-association-vaulx-en-velin-club-nautique-section-voile-de-la-mjc\/","og_site_name":"News Est Lyonnais","article_author":"https:\/\/www.facebook.com\/pascal.oberson.1?fref=ts","article_published_time":"2020-10-21T12:37:44+00:00","article_modified_time":"2020-11-20T14:38:42+00:00","og_image":[{"width":763,"height":574,"url":"https:\/\/i1.wp.com\/newsestlyonnais.fr\/site\/wp-content\/uploads\/2020\/10\/voile-003.jpg?fit=763%2C574&ssl=1","type":"image\/jpeg"}],"author":"R\u00e9dac. NEWS","twitter_card":"summary_large_image","twitter_misc":{"\u00c9crit par":"R\u00e9dac. NEWS","Dur\u00e9e de lecture estim\u00e9e":"2 minutes"},"schema":{"@context":"https:\/\/schema.org","@graph":[{"@type":"Article","@id":"https:\/\/newsestlyonnais.fr\/site\/2020\/10\/21\/un-jour-une-association-vaulx-en-velin-club-nautique-section-voile-de-la-mjc\/#article","isPartOf":{"@id":"https:\/\/newsestlyonnais.fr\/site\/2020\/10\/21\/un-jour-une-association-vaulx-en-velin-club-nautique-section-voile-de-la-mjc\/"},"author":{"name":"R\u00e9dac. NEWS","@id":"https:\/\/newsestlyonnais.fr\/site\/#\/schema\/person\/3230d5615f390bb808365d673001e887"},"headline":"1 jour, 1 association | Section voile MJC, club nautique Vaulx-en-Velin","datePublished":"2020-10-21T12:37:44+00:00","dateModified":"2020-11-20T14:38:42+00:00","mainEntityOfPage":{"@id":"https:\/\/newsestlyonnais.fr\/site\/2020\/10\/21\/un-jour-une-association-vaulx-en-velin-club-nautique-section-voile-de-la-mjc\/"},"wordCount":318,"commentCount":0,"publisher":{"@id":"https:\/\/newsestlyonnais.fr\/site\/#organization"},"image":{"@id":"https:\/\/newsestlyonnais.fr\/site\/2020\/10\/21\/un-jour-une-association-vaulx-en-velin-club-nautique-section-voile-de-la-mjc\/#primaryimage"},"thumbnailUrl":"https:\/\/newsestlyonnais.fr\/site\/wp-content\/uploads\/2020\/10\/voile-003.jpg","articleSection":["1 jour, 1 association","Aviation | Nautisme","Aviron | Kayak | Voile","Biblioth\u00e8que | M\u00e9diath\u00e8que | MJC","Vaulx-en-Velin","Voile"],"inLanguage":"fr-FR","potentialAction":[{"@type":"CommentAction","name":"Comment","target":["https:\/\/newsestlyonnais.fr\/site\/2020\/10\/21\/un-jour-une-association-vaulx-en-velin-club-nautique-section-voile-de-la-mjc\/#respond"]}]},{"@type":"WebPage","@id":"https:\/\/newsestlyonnais.fr\/site\/2020\/10\/21\/un-jour-une-association-vaulx-en-velin-club-nautique-section-voile-de-la-mjc\/","url":"https:\/\/newsestlyonnais.fr\/site\/2020\/10\/21\/un-jour-une-association-vaulx-en-velin-club-nautique-section-voile-de-la-mjc\/","name":"1 jour, 1 association | Section voile MJC, club nautique Vaulx-en-Velin - News Est Lyonnais","isPartOf":{"@id":"https:\/\/newsestlyonnais.fr\/site\/#website"},"primaryImageOfPage":{"@id":"https:\/\/newsestlyonnais.fr\/site\/2020\/10\/21\/un-jour-une-association-vaulx-en-velin-club-nautique-section-voile-de-la-mjc\/#primaryimage"},"image":{"@id":"https:\/\/newsestlyonnais.fr\/site\/2020\/10\/21\/un-jour-une-association-vaulx-en-velin-club-nautique-section-voile-de-la-mjc\/#primaryimage"},"thumbnailUrl":"https:\/\/newsestlyonnais.fr\/site\/wp-content\/uploads\/2020\/10\/voile-003.jpg","datePublished":"2020-10-21T12:37:44+00:00","dateModified":"2020-11-20T14:38:42+00:00","description":"Un jour, une association | VAULX-EN-VELIN > Club nautique, section voile de la MJC","breadcrumb":{"@id":"https:\/\/newsestlyonnais.fr\/site\/2020\/10\/21\/un-jour-une-association-vaulx-en-velin-club-nautique-section-voile-de-la-mjc\/#breadcrumb"},"inLanguage":"fr-FR","potentialAction":[{"@type":"ReadAction","target":["https:\/\/newsestlyonnais.fr\/site\/2020\/10\/21\/un-jour-une-association-vaulx-en-velin-club-nautique-section-voile-de-la-mjc\/"]}]},{"@type":"ImageObject","inLanguage":"fr-FR","@id":"https:\/\/newsestlyonnais.fr\/site\/2020\/10\/21\/un-jour-une-association-vaulx-en-velin-club-nautique-section-voile-de-la-mjc\/#primaryimage","url":"https:\/\/newsestlyonnais.fr\/site\/wp-content\/uploads\/2020\/10\/voile-003.jpg","contentUrl":"https:\/\/newsestlyonnais.fr\/site\/wp-content\/uploads\/2020\/10\/voile-003.jpg","width":763,"height":574},{"@type":"BreadcrumbList","@id":"https:\/\/newsestlyonnais.fr\/site\/2020\/10\/21\/un-jour-une-association-vaulx-en-velin-club-nautique-section-voile-de-la-mjc\/#breadcrumb","itemListElement":[{"@type":"ListItem","position":1,"name":"Accueil","item":"https:\/\/newsestlyonnais.fr\/site\/"},{"@type":"ListItem","position":2,"name":"1 jour, 1 association | Section voile MJC, club nautique Vaulx-en-Velin"}]},{"@type":"WebSite","@id":"https:\/\/newsestlyonnais.fr\/site\/#website","url":"https:\/\/newsestlyonnais.fr\/site\/","name":"News Est Lyonnais","description":"L&#039;actualit\u00e9 au plus pr\u00e8s","publisher":{"@id":"https:\/\/newsestlyonnais.fr\/site\/#organization"},"potentialAction":[{"@type":"SearchAction","target":{"@type":"EntryPoint","urlTemplate":"https:\/\/newsestlyonnais.fr\/site\/?s={search_term_string}"},"query-input":{"@type":"PropertyValueSpecification","valueRequired":true,"valueName":"search_term_string"}}],"inLanguage":"fr-FR"},{"@type":"Organization","@id":"https:\/\/newsestlyonnais.fr\/site\/#organization","name":"News EST LYONNAIS","url":"https:\/\/newsestlyonnais.fr\/site\/","logo":{"@type":"ImageObject","inLanguage":"fr-FR","@id":"https:\/\/newsestlyonnais.fr\/site\/#\/schema\/logo\/image\/","url":"","contentUrl":"","caption":"News EST LYONNAIS"},"image":{"@id":"https:\/\/newsestlyonnais.fr\/site\/#\/schema\/logo\/image\/"}},{"@type":"Person","@id":"https:\/\/newsestlyonnais.fr\/site\/#\/schema\/person\/3230d5615f390bb808365d673001e887","name":"R\u00e9dac. NEWS","sameAs":["http:\/\/www.newsestlyonnais.fr","https:\/\/www.facebook.com\/pascal.oberson.1?fref=ts","https:\/\/fr.linkedin.com\/in\/pascal-oberson-b17045113"],"url":"https:\/\/newsestlyonnais.fr\/site\/author\/nel\/"}]}},"_links":{"self":[{"href":"https:\/\/newsestlyonnais.fr\/site\/wp-json\/wp\/v2\/posts\/112932","targetHints":{"allow":["GET"]}}],"collection":[{"href":"https:\/\/newsestlyonnais.fr\/site\/wp-json\/wp\/v2\/posts"}],"about":[{"href":"https:\/\/newsestlyonnais.fr\/site\/wp-json\/wp\/v2\/types\/post"}],"author":[{"embeddable":true,"href":"https:\/\/newsestlyonnais.fr\/site\/wp-json\/wp\/v2\/users\/4"}],"replies":[{"embeddable":true,"href":"https:\/\/newsestlyonnais.fr\/site\/wp-json\/wp\/v2\/comments?post=112932"}],"version-history":[{"count":0,"href":"https:\/\/newsestlyonnais.fr\/site\/wp-json\/wp\/v2\/posts\/112932\/revisions"}],"wp:featuredmedia":[{"embeddable":true,"href":"https:\/\/newsestlyonnais.fr\/site\/wp-json\/wp\/v2\/media\/112945"}],"wp:attachment":[{"href":"https:\/\/newsestlyonnais.fr\/site\/wp-json\/wp\/v2\/media?parent=112932"}],"wp:term":[{"taxonomy":"category","embeddable":true,"href":"https:\/\/newsestlyonnais.fr\/site\/wp-json\/wp\/v2\/categories?post=112932"},{"taxonomy":"post_tag","embeddable":true,"href":"https:\/\/newsestlyonnais.fr\/site\/wp-json\/wp\/v2\/tags?post=112932"}],"curies":[{"name":"wp","href":"https:\/\/api.w.org\/{rel}","templated":true}]}}