{"id":112949,"date":"2020-10-21T17:00:30","date_gmt":"2020-10-21T16:00:30","guid":{"rendered":"http:\/\/newsestlyonnais.fr\/site\/?p=112949"},"modified":"2020-10-26T08:51:41","modified_gmt":"2020-10-26T07:51:41","slug":"sytral-ligne-c25-lancement-des-marches-exploratoires-sur-la-commune-de-saint-priest","status":"publish","type":"post","link":"https:\/\/newsestlyonnais.fr\/site\/2020\/10\/21\/sytral-ligne-c25-lancement-des-marches-exploratoires-sur-la-commune-de-saint-priest\/","title":{"rendered":"Sytral | Ligne C25 > lancement des marches exploratoires sur la commune de Saint-Priest"},"content":{"rendered":"<hr \/>\n<p><strong>Le contexte :<\/strong><\/p>\n<p>Afin de garantir de mani\u00e8re optimale la s\u00e9curit\u00e9 des personnes sur ses r\u00e9seaux et de renforcer la qualit\u00e9 du service public, le SYTRAL a fait de la pr\u00e9vention de la d\u00e9linquance et de la lutte contre l\u2019ins\u00e9curit\u00e9, une priorit\u00e9. Porteurs et signataires de la Strat\u00e9gie Territoriale de S\u00e9curit\u00e9 et de Pr\u00e9vention de la D\u00e9linquance, le SYTRAL et son d\u00e9l\u00e9gataire, Keolis Lyon, s\u2019inscrivent dans une d\u00e9marche active de lutte contre l\u2019ins\u00e9curit\u00e9 dans les transports en commun lyonnais. D\u00e9sireux d\u2019engager une d\u00e9marche toujours plus pragmatique et op\u00e9rationnelle sur le terrain, en collaboration pleine et enti\u00e8re avec les acteurs de S\u00e9curit\u00e9 et de Pr\u00e9vention de la D\u00e9linquance, institutionnels, associatifs et priv\u00e9s, le SYTRAL est le premier r\u00e9seau de transport urbain de France \u00e0 mettre en \u0153uvre des marches exploratoires d\u00e8s 2015. Symbole de la libre circulation des femmes, cette initiative a permis la mise en place de solutions concr\u00e8tes en mati\u00e8re de s\u00e9curit\u00e9 sur le r\u00e9seau TCL et le d\u00e9ploiement d\u2019une v\u00e9ritable strat\u00e9gie de lutte contre le harc\u00e8lement sexiste, port\u00e9e par la politique volontariste du SYTRAL.<\/p>\n<hr \/>\n<p><span style=\"text-decoration: underline;\"><strong>LES MARCHES EXPLORATOIRES DES FEMMES DANS LE RESEAU TCL<\/strong><\/span> :<\/p>\n<ul>\n<li><strong>La d\u00e9marche<\/strong> :<br \/>\nOrganis\u00e9es dans le cadre du plan de lutte contre les violences faites aux femmes, les marches exploratoires sont men\u00e9es par des petits groupes de femmes afin de r\u00e9aliser un diagnostic de terrain dans des lieux o\u00f9 r\u00e9side un risque ou un sentiment d\u2019ins\u00e9curit\u00e9.<br \/>\nLe projet mis en place par le SYTRAL d\u00e8s 2015, a pour objectif de rendre les femmes actrices de leur propre s\u00e9curit\u00e9 et de les aider \u00e0 se r\u00e9approprier les transports en commun, en favorisant leur libert\u00e9 de circulation. Il s\u2019agit d\u2019une d\u00e9marche participative o\u00f9 les femmes trouvent un espace d\u2019expression, de r\u00e9flexion et de propositions concr\u00e8tes, qui r\u00e9pondent \u00e0 leurs attentes l\u00e9gitimes. Cette<br \/>\ninitiative vise \u00e9galement \u00e0 renforcer la place des femmes dans la d\u00e9mocratie participative locale et am\u00e9liorer l&rsquo;environnement urbain des quartiers.<\/li>\n<li><strong>La m\u00e9thodologie<\/strong> :<br \/>\nLe projet consiste en la r\u00e9alisation d\u2019un v\u00e9ritable diagnostic de terrain. Il s\u2019agit d\u2019emprunter, avec un petit groupe de femmes, les transports en commun, pour observer et analyser avec pr\u00e9cision les atouts et les faiblesses de l\u2019environnement et des lignes qu\u2019elles empruntent r\u00e9guli\u00e8rement. Les utilisatrices volontaires du r\u00e9seau TCL effectuent leur trajet habituel dans le but :<br \/>\n&#8211; d\u2019identifier des contextes et \u00e9l\u00e9ments \u00e0 l&rsquo;origine d&rsquo;un sentiment d&rsquo;ins\u00e9curit\u00e9 (manque d\u2019\u00e9clairage, d\u2019am\u00e9nagement, etc.)<br \/>\n&#8211; d\u2019expertiser les strat\u00e9gies de d\u00e9placement adopt\u00e9es pour faire face \u00e0 ce sentiment et risque d\u2019ins\u00e9curit\u00e9 (horaires, notamment les soir\u00e9es, lieux \u00e9vit\u00e9s, etc.).<\/li>\n<\/ul>\n<hr \/>\n<p><span style=\"font-size: 14pt;\"><em><strong><span style=\"text-decoration: underline;\">Les 4 \u00e9tapes des marches exploratoires<\/span> :<\/strong><\/em><\/span><\/p>\n<p><strong>1. Le recrutement et la formation des ambassadrices : <\/strong>Le SYTRAL organise des marches exploratoires sur 2 lignes de bus chaque ann\u00e9e. 5 \u00e0 6 femmes utilisatrices du r\u00e9seau TCL s\u00e9lectionn\u00e9es selon des crit\u00e8res socioprofessionnels, d\u2019\u00e2ge, de fr\u00e9quence d\u2019utilisation des transports en commun et de motivation pour participer au projet, sont retenues pour chaque ligne.<\/p>\n<p><strong>2. La r\u00e9alisation des marches : <\/strong>Plusieurs marches effectu\u00e9es de jour et de nuit sont n\u00e9cessaires afin d\u2019explorer l\u2019int\u00e9rieur des bus, les arr\u00eats et l\u2019environnement imm\u00e9diat de la ligne. Les ambassadrices de lignes r\u00e9alisent ces trajets accompagn\u00e9es d\u2019experts de la mobilit\u00e9 et de la s\u00e9curit\u00e9. Munies d\u2019un carnet d\u2019enqu\u00eate, d\u2019un appareil photo, d\u2019un m\u00e8tre et d\u2019une lampe torche, les participantes recueillent des \u00e9l\u00e9ments durant leurs explorations, dans le but d\u2019\u00e9tablir un diagnostic partag\u00e9.<\/p>\n<p><strong>3. L\u2019analyse et les propositions : <\/strong>Le diagnostic, l\u2019analyse participative de la situation et les propositions concr\u00e8tes d&rsquo;am\u00e9lioration des conditions de leurs d\u00e9placements qui \u00e9mergent, sont ensuite formul\u00e9es par les \u00ab ambassadrices \u00bb dans un rapport illustr\u00e9 qui constitue le diagnostic \u00e9crit. La restitution des observations par les ambassadrices devant les partenaires et autorit\u00e9s locales d\u00e9cisionnelles, permet d\u2019\u00e9changer sur les possibilit\u00e9s d\u2019am\u00e9lioration envisageables.<\/p>\n<p><strong>4. Le suivi des pr\u00e9conisations et recommandations : <\/strong>Le SYTRAL et ses partenaires proc\u00e8dent au suivi des pr\u00e9conisations et de l\u2019avancement des travaux d\u2019am\u00e9nagement mis en \u0153uvre, en lien avec les ambassadrices, impliqu\u00e9es durant le processus d\u2019am\u00e9nagement.<\/p>\n<hr \/>\n<p><strong>Le diagnostic<\/strong> : Depuis le lancement des marches exploratoires sur le r\u00e9seau TCL, 32 volontaires se sont d\u00e9j\u00e0 mobilis\u00e9es pour am\u00e9liorer les conditions de s\u00e9curit\u00e9 des <strong>lignes 7, 52, 15, C5, C12 et C14<\/strong>. Les \u00e9l\u00e9ments relev\u00e9s par les ambassadrices montrent que le sentiment d\u2019ins\u00e9curit\u00e9 pr\u00e9domine sur l\u2019ins\u00e9curit\u00e9 r\u00e9elle. La perception de l\u2019environnement imm\u00e9diat influe sur le sentiment de s\u00e9curit\u00e9 sur le plan collectif (am\u00e9nagement et aspect int\u00e9rieurs et ext\u00e9rieurs, partage de l\u2019espace, etc.).<\/p>\n<p><strong>L&rsquo;\u00e9clairage et la propret\u00e9<\/strong> : Le manque d\u2019\u00e9clairage dans les bus et dans l\u2019environnement direct, apparait comme \u00e9tant la principale cause du sentiment d\u2019ins\u00e9curit\u00e9 \u00e9prouv\u00e9, suivi par la d\u00e9gradation des installations et de certains v\u00e9hicules.<\/p>\n<p><strong>Le confort visuel et auditif<\/strong> : Les rep\u00e8res dans le temps et dans l\u2019espace g\u00e9n\u00e8rent un sentiment de s\u00e9curit\u00e9. L&rsquo;information aux voyageurs (annonce sonore des arr\u00eats, bande d\u00e9filante indiquant les arr\u00eats, panneaux d\u2019affichage dynamique, etc.) contribue \u00e0 rassurer les voyageurs.<\/p>\n<p><strong>La vid\u00e9oprotection<\/strong> : L\u2019ensemble de la flotte de bus du SYTRAL (pr\u00e8s de 1000 v\u00e9hicules) est \u00e9quip\u00e9 d\u2019un syst\u00e8me de cam\u00e9ras embarqu\u00e9es. Les ambassadrices ont relev\u00e9 que si la vid\u00e9oprotection tranquillise, la pr\u00e9sence de cam\u00e9ras dans les bus devait \u00eatre davantage mise en avant par la pr\u00e9sence de panneaux dissuasifs.<\/p>\n<p><strong>La ponctualit\u00e9 et la r\u00e9gularit\u00e9 : <\/strong>Un temps d\u2019attente limit\u00e9 aux arr\u00eats les moins fr\u00e9quent\u00e9s, principalement en soir\u00e9e, et le respect des horaires de passage des bus amenuisent le sentiment d\u2019ins\u00e9curit\u00e9.<\/p>\n<p><strong>L\u2019am\u00e9nagement autour des arr\u00eats<\/strong> : Certains arr\u00eats ont \u00e9t\u00e9 identifi\u00e9s comme \u00e9tant peu accessibles, peu visibles, sans signalisation, ou encore avec des trottoirs trop hauts ou trop \u00e9troits.<\/p>\n<hr \/>\n<p><span style=\"text-decoration: underline;\"><span style=\"font-size: 14pt;\"><strong>La mise en place de solutions concr\u00e8tes<\/strong><\/span><\/span><\/p>\n<p>De nombreuses r\u00e9alisations ont ainsi \u00e9t\u00e9 mises en \u0153uvre par le SYTRAL et ses partenaires, sur les lignes explor\u00e9es et dans leur environnement imm\u00e9diat. Sur la <strong>ligne 7<\/strong>, le SYTRAL a enti\u00e8rement modifi\u00e9 la flotte en affectant des bus r\u00e9cents : \u00e9clairage optimal, confort, bandeaux lumineux, accessibilit\u00e9, etc. De nouveaux panneaux d\u2019affichage dynamique informant les usagers du temps d\u2019attente des prochains bus, ont \u00e9t\u00e9 install\u00e9s aux arr\u00eats.<\/p>\n<p><strong>L\u2019\u00e9clairage du parc relais Laurent Bonnevay<\/strong> a \u00e9t\u00e9 enti\u00e8rement repens\u00e9 et la gare routi\u00e8re est d\u00e9sormais couverte \u00e0 100 % par la vid\u00e9o protection. Des agents et m\u00e9diateurs sont par ailleurs mobilis\u00e9s pour renforcer la s\u00e9curit\u00e9 \u00e0 Laurent Bonnevay et dans certaines lignes de bus, notamment la C12 apr\u00e8s 21h15, afin de rassurer les voyageurs et accompagner les personnels.<\/p>\n<p><strong>Les temps de parcours<\/strong> ont \u00e9t\u00e9 ajust\u00e9s afin d\u2019am\u00e9liorer la ponctualit\u00e9 et la r\u00e9gularit\u00e9 des <strong>lignes 7 et C12<\/strong>. Une sensibilisation renforc\u00e9e des conducteurs \u00e0 la s\u00e9curit\u00e9 des voyageurs, notamment la prise en compte du public f\u00e9minin, a \u00e9t\u00e9 initi\u00e9e. Une attention particuli\u00e8re est port\u00e9e aux am\u00e9nagements urbains et aux cheminements qui conduisent aux arr\u00eats en termes d\u2019\u00e9clairage et de voirie afin d\u2019offrir un environnement rassurant.<br \/>\nLe parc relais de la Gare de Vaise a \u00e9t\u00e9 enti\u00e8rement r\u00e9nov\u00e9. La M\u00e9tropole de Lyon et les communes ont am\u00e9lior\u00e9 l\u2019\u00e9clairage public, r\u00e9alis\u00e9 des am\u00e9nagements aux abords des arr\u00eats (ralentisseurs, installation de barri\u00e8res de protection, etc.), \u00e9largi des trottoirs, repositionn\u00e9 des arr\u00eats en lien avec le SYTRAL, etc.<\/p>\n<p><strong>4.000 affiches de la campagne de lutte contre le harc\u00e8lement sexiste ont \u00e9t\u00e9 d\u00e9ploy\u00e9es et affich\u00e9es de fa\u00e7on p\u00e9renne sur le r\u00e9seau bus.<\/strong><\/p>\n<hr \/>\n<p><span style=\"text-decoration: underline;\"><em><strong>Une fresque murale : figure et affirmation de la place des femmes dans l\u2019espace public<\/strong><\/em><\/span><\/p>\n<p>Sur les recommandations des ambassadrices de la ligne C14, le SYTRAL, la ville de Lyon et la mairie du 9\u00b0 arrondissement ont travaill\u00e9 sur un projet artistique : la r\u00e9alisation d\u2019une fresque murale dans le tunnel routier de la Gare de Vaise, afin d\u2019am\u00e9liorer la perception de l\u2019environnement imm\u00e9diat. \u00ab Sombre et brut \u00bb, cet espace procurait \u00ab une sensation d\u2019\u00e9crasement et de pesanteur, amplifiant le sentiment d\u2019ins\u00e9curit\u00e9 \u00bb. Suite \u00e0 un appel \u00e0 projet, les artistes C\u00e9leste Gangolphe et Vincent Lecl\u00e8re ont r\u00e9alis\u00e9 une \u0153uvre g\u00e9ante sur un mur de b\u00e9ton de 60m, pr\u00f4nant l\u2019\u00e9galit\u00e9 entre les femmes et les hommes. Inspir\u00e9s d\u2019un style graphique na\u00eff, les grands personnages doux et color\u00e9s mettent les femmes au centre de l\u2019attention. Illustrant le dialogue et l\u2019\u00e9change, ces g\u00e9antes veillent sur les voyageurs et les accompagnent au fil de leur d\u00e9ambulation dans la gare.<br \/>\nDans le but d\u2019engager une d\u00e9marche toujours plus collaborative, le SYTRAL cr\u00e9\u00e9 le #notreplace qui permet aux voyageurs de s\u2019approprier l\u2019\u0153uvre et instaure le dialogue. La fresque, inaugur\u00e9e en 2018, peut ainsi voyager au-del\u00e0 des murs de la gare de Vaise.<\/p>\n<hr \/>\n<p><span style=\"text-decoration: underline;\"><strong><em>La politique volontariste du SYTRAL en mati\u00e8re de lutte contre le<\/em> harc\u00e8lement sexiste<\/strong><\/span><\/p>\n<p>Tr\u00e8s attentif aux pr\u00e9conisations des ambassadrices \u00e0 l\u2019issue des marches, le SYTRAL d\u00e9ploie, au-del\u00e0 de l\u2019am\u00e9lioration des conditions de voyage sur les lignes explor\u00e9es, de nombreux outils pour lutter contre le harc\u00e8lement sexiste dans les transports.<\/p>\n<p><strong>La descente \u00e0 la demande<\/strong> : Initi\u00e9 pour rassurer et renforcer la s\u00e9curit\u00e9 des voyageurs et notamment des femmes, la nuit, ce nouveau service d\u00e9ploy\u00e9 chaque soir \u00e0 partir de 22 h, permet de descendre du bus entre 2 arr\u00eats afin d\u2019\u00eatre d\u00e9pos\u00e9s au plus pr\u00e8s de sa destination.<br \/>\nExp\u00e9riment\u00e9 pendant 6 mois sur les lignes qui ont fait l\u2019objet de marches exploratoires, le dispositif est depuis novembre 2019, \u00e9tendu \u00e0 l\u2019ensemble des lignes de bus, du r\u00e9seau TCL.<\/p>\n<p><strong>La mise en avant de la vid\u00e9o protection<\/strong> : Le SYTRAL a cr\u00e9\u00e9 une nouvelle signal\u00e9tique mettant davantage en avant la pr\u00e9sence des 8 500 cam\u00e9ras du r\u00e9seau TCL. Plus de 5 000 stickers ont \u00e9t\u00e9 d\u00e9ploy\u00e9s dans les stations de m\u00e9tro, les bus et les tramways.<\/p>\n<p><strong>Une campagne de communication<\/strong> : Depuis 2015, le SYTRAL affiche r\u00e9guli\u00e8rement dans le r\u00e9seau TCL, une campagne sp\u00e9cifique sur le th\u00e8me du respect des femmes dans les transports publics. La solidarit\u00e9 des voyageurs face \u00e0 une situation de harc\u00e8lement<br \/>\nest au c\u0153ur des 6 visuels de cette nouvelle initiative, avec le #OnFaitBloc, alertant sur le fl\u00e9au et rappelant les bons r\u00e9flexes. Interpellant les agresseurs sur les sanctions encourues, la campagne met \u00e9galement en avant le dispositif de s\u00e9curit\u00e9 mis en place quotidiennement sur le r\u00e9seau.<\/p>\n<hr \/>\n<p><em><strong>Le guide qui lutte contre le harc\u00e8lement sexiste : <\/strong><\/em>Le SYTRAL a imagin\u00e9 et \u00e9labor\u00e9 un guide pratique complet \u00e0 destination des voyageuses et voyageurs du r\u00e9seau donne les cl\u00e9s \u00e0 toutes et tous face au harc\u00e8lement sexiste. Donnant les cl\u00e9s face au harc\u00e8lement sexiste, ce guide revient sur la d\u00e9finition et les textes de lois associ\u00e9s, les d\u00e9marches pour porter plainte, les moyens d\u2019alerte et de signalement et les comportements \u00e0 adopter pour les victimes et les t\u00e9moins. Le guide est disponible dans toutes les agences commerciales du r\u00e9seau et sur <span style=\"color: #0000ff;\"><a style=\"color: #0000ff;\" href=\"http:\/\/TCL.fr\">TCL.fr<\/a><\/span>.<\/p>\n<hr \/>\n<p><strong>Une plaquette d\u2019aide aux victimes : <\/strong>Le SYTRAL a \u00e9galement d\u00e9velopp\u00e9 une plaquette \u00e0 destination des victimes de harc\u00e8lement sexiste et d\u2019agression sur le r\u00e9seau, afin de les accompagner. Encourageant le d\u00e9p\u00f4t de plainte, le document recense notamment la d\u00e9marche \u00e0 adopter et les contacts utiles.<\/p>\n<p><strong>Une page d\u00e9di\u00e9e aux signalements des incivilit\u00e9s et violences, dont les atteintes sexuelles<\/strong>, sur le r\u00e9seau de transport est disponible sur le site TCL. Elle permet aux victimes ou aux t\u00e9moins d\u2019agressions de les signaler. Les personnels du r\u00e9seau d\u00e9di\u00e9s \u00e0 la s\u00e9curit\u00e9 pourront ainsi agir, notamment par une pr\u00e9sence humaine renforc\u00e9e et la mise en place d\u2019une veille vid\u00e9o accrue.<br \/>\nIls pourront \u00e9galement accompagner les victimes dans leurs d\u00e9marches vers le d\u00e9p\u00f4t de plainte.<\/p>\n<p><strong>Co-voyager pour se rassurer : <\/strong>L\u2019application met en relation des voyageurs du r\u00e9seau dans le but de partager les trajets en commun. Un service innovant et convivial qui permet de cr\u00e9er du lien social et de voyager en toute tranquillit\u00e9.<\/p>\n<p><strong>Agents de contr\u00f4le asserment\u00e9s : <\/strong>Les contr\u00f4leurs du r\u00e9seau TCL sont asserment\u00e9s pour constater les outrages sexistes (sifflements, commentaires sur la tenue ou le physique, propos sexistes, etc.) et d\u00e9livrer les amendes (de 90 \u00e0 750 \u20ac).<\/p>\n<p><strong>La poursuite des marches exploratoires<\/strong> : De nouvelles propositions et am\u00e9liorations seront apport\u00e9es \u00e0 l\u2019issue des prochaines marches exploratoires qui se d\u00e9rouleront d\u00e8s l\u2019automne 2020 sur la ligne C25.<\/p>\n<p><strong>Une d\u00e9marche partenariale et citoyenne p\u00e9renne: <\/strong>Engag\u00e9es dans cette d\u00e9marche citoyenne, 32 ambassadrices se sont d\u00e9j\u00e0 mobilis\u00e9es pour am\u00e9liorer les conditions de s\u00e9curit\u00e9 sur le r\u00e9seau TCL et sont aujourd\u2019hui pleinement associ\u00e9es et impliqu\u00e9es dans la politique volontariste du SYTRAL en mati\u00e8re de s\u00e9curit\u00e9 dans les transports et de lutte contre le harc\u00e8lement sexiste.<br \/>\nPr\u00e9sentes lors de toutes les op\u00e9rations de sensibilisation men\u00e9es sur le r\u00e9seau, les ambassadrices suivent les am\u00e9nagements li\u00e9s aux marches exploratoires et leur avis est sollicit\u00e9 pour le choix des campagnes annuelles de lutte contre le harc\u00e8lement sexiste.<\/p>\n<hr \/>\n<p><span style=\"font-size: 14pt;\"><em><strong>Source : communiqu\u00e9 de presse de ce jour du Sytral.<\/strong><\/em><\/span><\/p>\n","protected":false},"excerpt":{"rendered":"<p>Il poursuit son engagement pour renforcer la s\u00e9curit\u00e9 des femmes.<\/p>\n","protected":false},"author":4,"featured_media":112951,"comment_status":"open","ping_status":"open","sticky":false,"template":"","format":"standard","meta":{"footnotes":""},"categories":[2217,3421,1625,1296,13],"tags":[],"class_list":["post-112949","post","type-post","status-publish","format-standard","has-post-thumbnail","hentry","category-breves-de-lest-lyonnais","category-feminin-actu-au","category-lyon","category-sain-priest","category-transports-circulation"],"yoast_head":"<!-- This site is optimized with the Yoast SEO plugin v27.2 - https:\/\/yoast.com\/product\/yoast-seo-wordpress\/ -->\n<title>Sytral | Ligne C25 &gt; lancement des marches exploratoires sur la commune de Saint-Priest - News Est Lyonnais<\/title>\n<meta name=\"description\" content=\"Sytral | Ligne C25 &gt; lancement des marches exploratoires sur la commune de Saint-Priest\" \/>\n<meta name=\"robots\" content=\"index, follow, max-snippet:-1, max-image-preview:large, max-video-preview:-1\" \/>\n<link rel=\"canonical\" href=\"https:\/\/newsestlyonnais.fr\/site\/2020\/10\/21\/sytral-ligne-c25-lancement-des-marches-exploratoires-sur-la-commune-de-saint-priest\/\" \/>\n<meta property=\"og:locale\" content=\"fr_FR\" \/>\n<meta property=\"og:type\" content=\"article\" \/>\n<meta property=\"og:title\" content=\"Sytral | Ligne C25 &gt; lancement des marches exploratoires sur la commune de Saint-Priest - News Est Lyonnais\" \/>\n<meta property=\"og:description\" content=\"Sytral | Ligne C25 &gt; lancement des marches exploratoires sur la commune de Saint-Priest\" \/>\n<meta property=\"og:url\" content=\"https:\/\/newsestlyonnais.fr\/site\/2020\/10\/21\/sytral-ligne-c25-lancement-des-marches-exploratoires-sur-la-commune-de-saint-priest\/\" \/>\n<meta property=\"og:site_name\" content=\"News Est Lyonnais\" \/>\n<meta property=\"article:author\" content=\"https:\/\/www.facebook.com\/pascal.oberson.1?fref=ts\" \/>\n<meta property=\"article:published_time\" content=\"2020-10-21T16:00:30+00:00\" \/>\n<meta property=\"article:modified_time\" content=\"2020-10-26T07:51:41+00:00\" \/>\n<meta property=\"og:image\" content=\"https:\/\/i0.wp.com\/newsestlyonnais.fr\/site\/wp-content\/uploads\/2020\/10\/DP18-page-001.jpg?fit=848%2C1200&ssl=1\" \/>\n\t<meta property=\"og:image:width\" content=\"848\" \/>\n\t<meta property=\"og:image:height\" content=\"1200\" \/>\n\t<meta property=\"og:image:type\" content=\"image\/jpeg\" \/>\n<meta name=\"author\" content=\"R\u00e9dac. NEWS\" \/>\n<meta name=\"twitter:card\" content=\"summary_large_image\" \/>\n<meta name=\"twitter:label1\" content=\"\u00c9crit par\" \/>\n\t<meta name=\"twitter:data1\" content=\"R\u00e9dac. NEWS\" \/>\n\t<meta name=\"twitter:label2\" content=\"Dur\u00e9e de lecture estim\u00e9e\" \/>\n\t<meta name=\"twitter:data2\" content=\"12 minutes\" \/>\n<script type=\"application\/ld+json\" class=\"yoast-schema-graph\">{\"@context\":\"https:\/\/schema.org\",\"@graph\":[{\"@type\":\"Article\",\"@id\":\"https:\/\/newsestlyonnais.fr\/site\/2020\/10\/21\/sytral-ligne-c25-lancement-des-marches-exploratoires-sur-la-commune-de-saint-priest\/#article\",\"isPartOf\":{\"@id\":\"https:\/\/newsestlyonnais.fr\/site\/2020\/10\/21\/sytral-ligne-c25-lancement-des-marches-exploratoires-sur-la-commune-de-saint-priest\/\"},\"author\":{\"name\":\"R\u00e9dac. NEWS\",\"@id\":\"https:\/\/newsestlyonnais.fr\/site\/#\/schema\/person\/3230d5615f390bb808365d673001e887\"},\"headline\":\"Sytral | Ligne C25 > lancement des marches exploratoires sur la commune de Saint-Priest\",\"datePublished\":\"2020-10-21T16:00:30+00:00\",\"dateModified\":\"2020-10-26T07:51:41+00:00\",\"mainEntityOfPage\":{\"@id\":\"https:\/\/newsestlyonnais.fr\/site\/2020\/10\/21\/sytral-ligne-c25-lancement-des-marches-exploratoires-sur-la-commune-de-saint-priest\/\"},\"wordCount\":2370,\"commentCount\":0,\"publisher\":{\"@id\":\"https:\/\/newsestlyonnais.fr\/site\/#organization\"},\"image\":{\"@id\":\"https:\/\/newsestlyonnais.fr\/site\/2020\/10\/21\/sytral-ligne-c25-lancement-des-marches-exploratoires-sur-la-commune-de-saint-priest\/#primaryimage\"},\"thumbnailUrl\":\"https:\/\/newsestlyonnais.fr\/site\/wp-content\/uploads\/2020\/10\/DP18-page-001.jpg\",\"articleSection\":[\"Br\u00e8ves de l'Est lyonnais\",\"F\u00e9minin (Actu au)\",\"Lyon\",\"Saint-Priest\",\"Transports | Circulation\"],\"inLanguage\":\"fr-FR\",\"potentialAction\":[{\"@type\":\"CommentAction\",\"name\":\"Comment\",\"target\":[\"https:\/\/newsestlyonnais.fr\/site\/2020\/10\/21\/sytral-ligne-c25-lancement-des-marches-exploratoires-sur-la-commune-de-saint-priest\/#respond\"]}]},{\"@type\":\"WebPage\",\"@id\":\"https:\/\/newsestlyonnais.fr\/site\/2020\/10\/21\/sytral-ligne-c25-lancement-des-marches-exploratoires-sur-la-commune-de-saint-priest\/\",\"url\":\"https:\/\/newsestlyonnais.fr\/site\/2020\/10\/21\/sytral-ligne-c25-lancement-des-marches-exploratoires-sur-la-commune-de-saint-priest\/\",\"name\":\"Sytral | Ligne C25 > lancement des marches exploratoires sur la commune de Saint-Priest - News Est Lyonnais\",\"isPartOf\":{\"@id\":\"https:\/\/newsestlyonnais.fr\/site\/#website\"},\"primaryImageOfPage\":{\"@id\":\"https:\/\/newsestlyonnais.fr\/site\/2020\/10\/21\/sytral-ligne-c25-lancement-des-marches-exploratoires-sur-la-commune-de-saint-priest\/#primaryimage\"},\"image\":{\"@id\":\"https:\/\/newsestlyonnais.fr\/site\/2020\/10\/21\/sytral-ligne-c25-lancement-des-marches-exploratoires-sur-la-commune-de-saint-priest\/#primaryimage\"},\"thumbnailUrl\":\"https:\/\/newsestlyonnais.fr\/site\/wp-content\/uploads\/2020\/10\/DP18-page-001.jpg\",\"datePublished\":\"2020-10-21T16:00:30+00:00\",\"dateModified\":\"2020-10-26T07:51:41+00:00\",\"description\":\"Sytral | Ligne C25 > lancement des marches exploratoires sur la commune de Saint-Priest\",\"breadcrumb\":{\"@id\":\"https:\/\/newsestlyonnais.fr\/site\/2020\/10\/21\/sytral-ligne-c25-lancement-des-marches-exploratoires-sur-la-commune-de-saint-priest\/#breadcrumb\"},\"inLanguage\":\"fr-FR\",\"potentialAction\":[{\"@type\":\"ReadAction\",\"target\":[\"https:\/\/newsestlyonnais.fr\/site\/2020\/10\/21\/sytral-ligne-c25-lancement-des-marches-exploratoires-sur-la-commune-de-saint-priest\/\"]}]},{\"@type\":\"ImageObject\",\"inLanguage\":\"fr-FR\",\"@id\":\"https:\/\/newsestlyonnais.fr\/site\/2020\/10\/21\/sytral-ligne-c25-lancement-des-marches-exploratoires-sur-la-commune-de-saint-priest\/#primaryimage\",\"url\":\"https:\/\/newsestlyonnais.fr\/site\/wp-content\/uploads\/2020\/10\/DP18-page-001.jpg\",\"contentUrl\":\"https:\/\/newsestlyonnais.fr\/site\/wp-content\/uploads\/2020\/10\/DP18-page-001.jpg\",\"width\":848,\"height\":1200},{\"@type\":\"BreadcrumbList\",\"@id\":\"https:\/\/newsestlyonnais.fr\/site\/2020\/10\/21\/sytral-ligne-c25-lancement-des-marches-exploratoires-sur-la-commune-de-saint-priest\/#breadcrumb\",\"itemListElement\":[{\"@type\":\"ListItem\",\"position\":1,\"name\":\"Accueil\",\"item\":\"https:\/\/newsestlyonnais.fr\/site\/\"},{\"@type\":\"ListItem\",\"position\":2,\"name\":\"Sytral | Ligne C25 > lancement des marches exploratoires sur la commune de Saint-Priest\"}]},{\"@type\":\"WebSite\",\"@id\":\"https:\/\/newsestlyonnais.fr\/site\/#website\",\"url\":\"https:\/\/newsestlyonnais.fr\/site\/\",\"name\":\"News Est Lyonnais\",\"description\":\"L&#039;actualit\u00e9 au plus pr\u00e8s\",\"publisher\":{\"@id\":\"https:\/\/newsestlyonnais.fr\/site\/#organization\"},\"potentialAction\":[{\"@type\":\"SearchAction\",\"target\":{\"@type\":\"EntryPoint\",\"urlTemplate\":\"https:\/\/newsestlyonnais.fr\/site\/?s={search_term_string}\"},\"query-input\":{\"@type\":\"PropertyValueSpecification\",\"valueRequired\":true,\"valueName\":\"search_term_string\"}}],\"inLanguage\":\"fr-FR\"},{\"@type\":\"Organization\",\"@id\":\"https:\/\/newsestlyonnais.fr\/site\/#organization\",\"name\":\"News EST LYONNAIS\",\"url\":\"https:\/\/newsestlyonnais.fr\/site\/\",\"logo\":{\"@type\":\"ImageObject\",\"inLanguage\":\"fr-FR\",\"@id\":\"https:\/\/newsestlyonnais.fr\/site\/#\/schema\/logo\/image\/\",\"url\":\"\",\"contentUrl\":\"\",\"caption\":\"News EST LYONNAIS\"},\"image\":{\"@id\":\"https:\/\/newsestlyonnais.fr\/site\/#\/schema\/logo\/image\/\"}},{\"@type\":\"Person\",\"@id\":\"https:\/\/newsestlyonnais.fr\/site\/#\/schema\/person\/3230d5615f390bb808365d673001e887\",\"name\":\"R\u00e9dac. NEWS\",\"sameAs\":[\"http:\/\/www.newsestlyonnais.fr\",\"https:\/\/www.facebook.com\/pascal.oberson.1?fref=ts\",\"https:\/\/fr.linkedin.com\/in\/pascal-oberson-b17045113\"],\"url\":\"https:\/\/newsestlyonnais.fr\/site\/author\/nel\/\"}]}<\/script>\n<!-- \/ Yoast SEO plugin. -->","yoast_head_json":{"title":"Sytral | Ligne C25 > lancement des marches exploratoires sur la commune de Saint-Priest - News Est Lyonnais","description":"Sytral | Ligne C25 > lancement des marches exploratoires sur la commune de Saint-Priest","robots":{"index":"index","follow":"follow","max-snippet":"max-snippet:-1","max-image-preview":"max-image-preview:large","max-video-preview":"max-video-preview:-1"},"canonical":"https:\/\/newsestlyonnais.fr\/site\/2020\/10\/21\/sytral-ligne-c25-lancement-des-marches-exploratoires-sur-la-commune-de-saint-priest\/","og_locale":"fr_FR","og_type":"article","og_title":"Sytral | Ligne C25 > lancement des marches exploratoires sur la commune de Saint-Priest - News Est Lyonnais","og_description":"Sytral | Ligne C25 > lancement des marches exploratoires sur la commune de Saint-Priest","og_url":"https:\/\/newsestlyonnais.fr\/site\/2020\/10\/21\/sytral-ligne-c25-lancement-des-marches-exploratoires-sur-la-commune-de-saint-priest\/","og_site_name":"News Est Lyonnais","article_author":"https:\/\/www.facebook.com\/pascal.oberson.1?fref=ts","article_published_time":"2020-10-21T16:00:30+00:00","article_modified_time":"2020-10-26T07:51:41+00:00","og_image":[{"width":848,"height":1200,"url":"https:\/\/i0.wp.com\/newsestlyonnais.fr\/site\/wp-content\/uploads\/2020\/10\/DP18-page-001.jpg?fit=848%2C1200&ssl=1","type":"image\/jpeg"}],"author":"R\u00e9dac. NEWS","twitter_card":"summary_large_image","twitter_misc":{"\u00c9crit par":"R\u00e9dac. NEWS","Dur\u00e9e de lecture estim\u00e9e":"12 minutes"},"schema":{"@context":"https:\/\/schema.org","@graph":[{"@type":"Article","@id":"https:\/\/newsestlyonnais.fr\/site\/2020\/10\/21\/sytral-ligne-c25-lancement-des-marches-exploratoires-sur-la-commune-de-saint-priest\/#article","isPartOf":{"@id":"https:\/\/newsestlyonnais.fr\/site\/2020\/10\/21\/sytral-ligne-c25-lancement-des-marches-exploratoires-sur-la-commune-de-saint-priest\/"},"author":{"name":"R\u00e9dac. NEWS","@id":"https:\/\/newsestlyonnais.fr\/site\/#\/schema\/person\/3230d5615f390bb808365d673001e887"},"headline":"Sytral | Ligne C25 > lancement des marches exploratoires sur la commune de Saint-Priest","datePublished":"2020-10-21T16:00:30+00:00","dateModified":"2020-10-26T07:51:41+00:00","mainEntityOfPage":{"@id":"https:\/\/newsestlyonnais.fr\/site\/2020\/10\/21\/sytral-ligne-c25-lancement-des-marches-exploratoires-sur-la-commune-de-saint-priest\/"},"wordCount":2370,"commentCount":0,"publisher":{"@id":"https:\/\/newsestlyonnais.fr\/site\/#organization"},"image":{"@id":"https:\/\/newsestlyonnais.fr\/site\/2020\/10\/21\/sytral-ligne-c25-lancement-des-marches-exploratoires-sur-la-commune-de-saint-priest\/#primaryimage"},"thumbnailUrl":"https:\/\/newsestlyonnais.fr\/site\/wp-content\/uploads\/2020\/10\/DP18-page-001.jpg","articleSection":["Br\u00e8ves de l'Est lyonnais","F\u00e9minin (Actu au)","Lyon","Saint-Priest","Transports | Circulation"],"inLanguage":"fr-FR","potentialAction":[{"@type":"CommentAction","name":"Comment","target":["https:\/\/newsestlyonnais.fr\/site\/2020\/10\/21\/sytral-ligne-c25-lancement-des-marches-exploratoires-sur-la-commune-de-saint-priest\/#respond"]}]},{"@type":"WebPage","@id":"https:\/\/newsestlyonnais.fr\/site\/2020\/10\/21\/sytral-ligne-c25-lancement-des-marches-exploratoires-sur-la-commune-de-saint-priest\/","url":"https:\/\/newsestlyonnais.fr\/site\/2020\/10\/21\/sytral-ligne-c25-lancement-des-marches-exploratoires-sur-la-commune-de-saint-priest\/","name":"Sytral | Ligne C25 > lancement des marches exploratoires sur la commune de Saint-Priest - News Est Lyonnais","isPartOf":{"@id":"https:\/\/newsestlyonnais.fr\/site\/#website"},"primaryImageOfPage":{"@id":"https:\/\/newsestlyonnais.fr\/site\/2020\/10\/21\/sytral-ligne-c25-lancement-des-marches-exploratoires-sur-la-commune-de-saint-priest\/#primaryimage"},"image":{"@id":"https:\/\/newsestlyonnais.fr\/site\/2020\/10\/21\/sytral-ligne-c25-lancement-des-marches-exploratoires-sur-la-commune-de-saint-priest\/#primaryimage"},"thumbnailUrl":"https:\/\/newsestlyonnais.fr\/site\/wp-content\/uploads\/2020\/10\/DP18-page-001.jpg","datePublished":"2020-10-21T16:00:30+00:00","dateModified":"2020-10-26T07:51:41+00:00","description":"Sytral | Ligne C25 > lancement des marches exploratoires sur la commune de Saint-Priest","breadcrumb":{"@id":"https:\/\/newsestlyonnais.fr\/site\/2020\/10\/21\/sytral-ligne-c25-lancement-des-marches-exploratoires-sur-la-commune-de-saint-priest\/#breadcrumb"},"inLanguage":"fr-FR","potentialAction":[{"@type":"ReadAction","target":["https:\/\/newsestlyonnais.fr\/site\/2020\/10\/21\/sytral-ligne-c25-lancement-des-marches-exploratoires-sur-la-commune-de-saint-priest\/"]}]},{"@type":"ImageObject","inLanguage":"fr-FR","@id":"https:\/\/newsestlyonnais.fr\/site\/2020\/10\/21\/sytral-ligne-c25-lancement-des-marches-exploratoires-sur-la-commune-de-saint-priest\/#primaryimage","url":"https:\/\/newsestlyonnais.fr\/site\/wp-content\/uploads\/2020\/10\/DP18-page-001.jpg","contentUrl":"https:\/\/newsestlyonnais.fr\/site\/wp-content\/uploads\/2020\/10\/DP18-page-001.jpg","width":848,"height":1200},{"@type":"BreadcrumbList","@id":"https:\/\/newsestlyonnais.fr\/site\/2020\/10\/21\/sytral-ligne-c25-lancement-des-marches-exploratoires-sur-la-commune-de-saint-priest\/#breadcrumb","itemListElement":[{"@type":"ListItem","position":1,"name":"Accueil","item":"https:\/\/newsestlyonnais.fr\/site\/"},{"@type":"ListItem","position":2,"name":"Sytral | Ligne C25 > lancement des marches exploratoires sur la commune de Saint-Priest"}]},{"@type":"WebSite","@id":"https:\/\/newsestlyonnais.fr\/site\/#website","url":"https:\/\/newsestlyonnais.fr\/site\/","name":"News Est Lyonnais","description":"L&#039;actualit\u00e9 au plus pr\u00e8s","publisher":{"@id":"https:\/\/newsestlyonnais.fr\/site\/#organization"},"potentialAction":[{"@type":"SearchAction","target":{"@type":"EntryPoint","urlTemplate":"https:\/\/newsestlyonnais.fr\/site\/?s={search_term_string}"},"query-input":{"@type":"PropertyValueSpecification","valueRequired":true,"valueName":"search_term_string"}}],"inLanguage":"fr-FR"},{"@type":"Organization","@id":"https:\/\/newsestlyonnais.fr\/site\/#organization","name":"News EST LYONNAIS","url":"https:\/\/newsestlyonnais.fr\/site\/","logo":{"@type":"ImageObject","inLanguage":"fr-FR","@id":"https:\/\/newsestlyonnais.fr\/site\/#\/schema\/logo\/image\/","url":"","contentUrl":"","caption":"News EST LYONNAIS"},"image":{"@id":"https:\/\/newsestlyonnais.fr\/site\/#\/schema\/logo\/image\/"}},{"@type":"Person","@id":"https:\/\/newsestlyonnais.fr\/site\/#\/schema\/person\/3230d5615f390bb808365d673001e887","name":"R\u00e9dac. NEWS","sameAs":["http:\/\/www.newsestlyonnais.fr","https:\/\/www.facebook.com\/pascal.oberson.1?fref=ts","https:\/\/fr.linkedin.com\/in\/pascal-oberson-b17045113"],"url":"https:\/\/newsestlyonnais.fr\/site\/author\/nel\/"}]}},"_links":{"self":[{"href":"https:\/\/newsestlyonnais.fr\/site\/wp-json\/wp\/v2\/posts\/112949","targetHints":{"allow":["GET"]}}],"collection":[{"href":"https:\/\/newsestlyonnais.fr\/site\/wp-json\/wp\/v2\/posts"}],"about":[{"href":"https:\/\/newsestlyonnais.fr\/site\/wp-json\/wp\/v2\/types\/post"}],"author":[{"embeddable":true,"href":"https:\/\/newsestlyonnais.fr\/site\/wp-json\/wp\/v2\/users\/4"}],"replies":[{"embeddable":true,"href":"https:\/\/newsestlyonnais.fr\/site\/wp-json\/wp\/v2\/comments?post=112949"}],"version-history":[{"count":0,"href":"https:\/\/newsestlyonnais.fr\/site\/wp-json\/wp\/v2\/posts\/112949\/revisions"}],"wp:featuredmedia":[{"embeddable":true,"href":"https:\/\/newsestlyonnais.fr\/site\/wp-json\/wp\/v2\/media\/112951"}],"wp:attachment":[{"href":"https:\/\/newsestlyonnais.fr\/site\/wp-json\/wp\/v2\/media?parent=112949"}],"wp:term":[{"taxonomy":"category","embeddable":true,"href":"https:\/\/newsestlyonnais.fr\/site\/wp-json\/wp\/v2\/categories?post=112949"},{"taxonomy":"post_tag","embeddable":true,"href":"https:\/\/newsestlyonnais.fr\/site\/wp-json\/wp\/v2\/tags?post=112949"}],"curies":[{"name":"wp","href":"https:\/\/api.w.org\/{rel}","templated":true}]}}