{"id":114272,"date":"2020-11-01T08:31:19","date_gmt":"2020-11-01T07:31:19","guid":{"rendered":"http:\/\/newsestlyonnais.fr\/site\/?p=114272"},"modified":"2020-11-01T08:34:05","modified_gmt":"2020-11-01T07:34:05","slug":"villeurbanne-covid-19-informations-actualisees-de-la-ville","status":"publish","type":"post","link":"https:\/\/newsestlyonnais.fr\/site\/2020\/11\/01\/villeurbanne-covid-19-informations-actualisees-de-la-ville\/","title":{"rendered":"VILLEURBANNE | Covid-19 > informations actualis\u00e9es de la ville"},"content":{"rendered":"<p>Le <strong>service Population<\/strong> reste ouvert pour les formalit\u00e9s aux jours et cr\u00e9neaux habituels, sauf le mercredi avec une fermeture \u00e0 17 h au lieu de 19 h. <strong>Les Maisons des services publics<\/strong> continuent d\u2019accueillir les habitantes et les habitants dans les quartiers Tonkin, Buers, Cyprian-Les Brosses et Saint-Jean.<\/p>\n<hr \/>\n<p><strong>Fonctionnement des \u00e9coles <\/strong><\/p>\n<ul>\n<li>Les \u00e9coles restent ouvertes et leur fonctionnement n\u2019est pas modifi\u00e9. \u00c0 ce jour, et sous r\u00e9serve des recommandations ou capacit\u00e9s de mise en \u0153uvre de la Ville, l\u2019int\u00e9gralit\u00e9 des temps scolaires et p\u00e9riscolaires est maintenue.<\/li>\n<li>Afin de permettre la mise en place des nouveaux protocoles sanitaires fix\u00e9s par le minist\u00e8re de l\u2019Education nationale sur les temps de restauration, il est demand\u00e9 aux parents d\u2019\u00e9l\u00e8ves de fournir \u00e0 leurs enfants un pique-nique pour les lundi 2 et mardi 3 novembre. Les parents d\u2019\u00e9l\u00e8ves qui le peuvent sont \u00e9galement invit\u00e9s \u00e0 garder leurs enfants sur le temps m\u00e9ridien.<\/li>\n<\/ul>\n<p>Ces deux temps m\u00e9ridiens ne seront pas factur\u00e9s.<\/p>\n<ul>\n<li>Le port du masque est d\u00e9sormais obligatoire pour les enfants de 6 \u00e0 11 ans, et ce durant tout le temps pass\u00e9 \u00e0 l\u2019\u00e9cole. Il revient aux familles de pr\u00e9voir l\u2019\u00e9quipement de leurs enfants.<\/li>\n<li>\u00a0Le KID Espace Familles reste ouvert au public. Un accueil physique et t\u00e9l\u00e9phonique sera assur\u00e9 tous les matins, du lundi au vendredi de 8 h 30 \u00e0 12 h au 52 rue Racine. Un accueil t\u00e9l\u00e9phonique seul sera assur\u00e9 le lundi, le mercredi et le vendredi de 14 h \u00e0 16 h 30. Le \u00ab portail Familles \u00bb web fonctionne normalement.<\/li>\n<\/ul>\n<p><em><strong>NB<\/strong> : Depuis la rentr\u00e9e scolaire de septembre, tous les professionnels intervenant dans les \u00e9coles de Villeurbanne sont \u00e9quip\u00e9s en masques de protection, de gel hydroalcoolique et des lingettes d\u00e9sinfectantes sont \u00e0 disposition de la communaut\u00e9 \u00e9ducative. Les protocoles de nettoyage sont align\u00e9s sur les recommandations nationales. Cet effort se poursuivra, avec pour objectif de garantir aux enfants les meilleures conditions d\u2019apprentissage possibles et de lutter ainsi contre le d\u00e9crochage scolaire. <\/em><\/p>\n<hr \/>\n<p><strong>Fonctionnement des \u00e9quipements sportifs <\/strong><\/p>\n<p>Tous les \u00e9quipements sportifs (piscines, salles et gymnases, stades et \u00e9quipements de plein air) sont ferm\u00e9s \u00e0 compter de ce jour sauf pour les activit\u00e9s suivantes :<\/p>\n<ul>\n<li>L&rsquo;activit\u00e9 des sportifs professionnels et de haut niveau. La notion de \u00ab haut niveau \u00bb est \u00e0 ce jour restrictive et ne comprend pas les \u00e9quipes non professionnelles \u00e9voluant au niveau national ou r\u00e9gional. Des clarifications doivent \u00eatre apport\u00e9es par le minist\u00e8re du sport. Il n\u2019est, dans cet intervalle, pas possible d\u2019autoriser les entra\u00eenements et comp\u00e9titions en dehors de ceux des sportifs professionnels.<\/li>\n<li>Les groupes scolaires et p\u00e9riscolaires et les activit\u00e9s sportives participant \u00e0 la formation universitaire (dans l\u2019attente des d\u00e9cisions prises par les \u00e9tablissements scolaires). L\u2019objectif est de permettre autant que possible la poursuite de ces activit\u00e9s par la mise \u00e0 disposition des \u00e9quipements.<\/li>\n<li>Les activit\u00e9s physiques des personnes munies d&rsquo;une prescription m\u00e9dicale ou pr\u00e9sentant un handicap reconnu par la Maison d\u00e9partementale des personnes handicap\u00e9es.<\/li>\n<li>Les formations continues ou des entra\u00eenements obligatoires pour le maintien des comp\u00e9tences professionnelles.<\/li>\n<li>Les \u00e9v\u00e9nements indispensables \u00e0 la gestion d&rsquo;une crise de s\u00e9curit\u00e9 civile ou publique et \u00e0 la continuit\u00e9 de la vie de la Nation.<\/li>\n<li>Les assembl\u00e9es d\u00e9lib\u00e9rantes des collectivit\u00e9s et leurs groupements ainsi que les r\u00e9unions des personnes morales ayant un caract\u00e8re obligatoire.<\/li>\n<li>L&rsquo;accueil des populations vuln\u00e9rables et la distribution de produits de premi\u00e8re n\u00e9cessit\u00e9 pour des publics en situation de pr\u00e9carit\u00e9.<\/li>\n<li>L&rsquo;organisation de d\u00e9pistages sanitaires, collectes de produits sanguins et actions de vaccination.<\/li>\n<\/ul>\n<p>L\u2019activit\u00e9 sportive libre, y compris dans les parcs et jardins, reste possible dans le cadre d\u00e9fini par le d\u00e9cret (6\u00b0 D\u00e9placements brefs, dans la limite d&rsquo;une heure quotidienne et dans un rayon maximal d&rsquo;un kilom\u00e8tre autour du domicile).<\/p>\n<hr \/>\n<p><strong>Fonctionnement des \u00e9quipements culturels <\/strong><\/p>\n<p>La Maison du livre, de l\u2019image et du son, les m\u00e9diath\u00e8ques du Rize et du Tonkin sont ferm\u00e9es au public et les tourn\u00e9es des bibliobus interrompues. Le service de pr\u00eats aux collectivit\u00e9s reste ouvert. Un accueil exceptionnel est organis\u00e9 dans les deux espaces multim\u00e9dia de la Mlis et du Rize, uniquement sur r\u00e9servation d\u00e9mat\u00e9rialis\u00e9e. Les classes continueront d\u2019\u00eatre accueillies dans le respect des r\u00e8gles sanitaires.<\/p>\n<p>Les cours de l\u2019Ecole nationale de musique sont maintenus pour les Dipl\u00f4mes d\u2019\u00e9tudes musicales ainsi que l\u2019activit\u00e9 d\u2019Orchestre \u00e0 l\u2019\u00e9cole. L\u2019int\u00e9gralit\u00e9 des activit\u00e9s d\u2019enseignement pour les \u00e9l\u00e8ves inscrits en \u00e9veil, 1<sup>er<\/sup>, 2<sup>e<\/sup> et 3<sup>e<\/sup> cycle amateur sera r\u00e9alis\u00e9e sous forme d\u2019accompagnement p\u00e9dagogique \u00e0 distance. Ces dispositifs seront effectifs d\u2019ici au 9 novembre.<\/p>\n<hr \/>\n<p><strong>Bureau Information jeunesse <\/strong><\/p>\n<p>Le BIJ reste ouvert ainsi que son espace num\u00e9rique. L\u2019accueil des \u00e9tudiants se fera sur rendez-vous.<\/p>\n<p><strong>Fonctionnement du centre communal d\u2019action sociale <\/strong><\/p>\n<p>Le Centre communal d\u2019action sociale maintient son activit\u00e9 habituelle, dans le respect des gestes barri\u00e8res : domiciliation, aides alimentaires, au logement, aux impay\u00e9s,&#8230; Accompagnement social, permanence sant\u00e9.<\/p>\n<p>Les d\u00e9lais de rendez-vous peuvent \u00eatre amen\u00e9s \u00e0 varier.<\/p>\n<p><strong>Petite enfance <\/strong><\/p>\n<p>Les relais d\u2019assistantes maternelles restent ouverts mais suspendent les temps collectifs.<\/p>\n<hr \/>\n<p><strong>NOTA<\/strong> : Toutes ces informations sont susceptibles d\u2019\u00e9voluer dans les prochains jours.<\/p>\n<p>&nbsp;<\/p>\n","protected":false},"excerpt":{"rendered":"<p>Retrouvez le communiqu\u00e9 de presse de la ville en sachant que ces informations sont susceptibles d\u2019\u00e9voluer dans les prochains jours.<\/p>\n","protected":false},"author":4,"featured_media":93755,"comment_status":"open","ping_status":"open","sticky":false,"template":"","format":"standard","meta":{"footnotes":""},"categories":[2217,18,29],"tags":[],"class_list":["post-114272","post","type-post","status-publish","format-standard","has-post-thumbnail","hentry","category-breves-de-lest-lyonnais","category-sante-bien-etre-solidarite","category-villeurbanne"],"yoast_head":"<!-- This site is optimized with the Yoast SEO plugin v27.2 - https:\/\/yoast.com\/product\/yoast-seo-wordpress\/ -->\n<title>VILLEURBANNE | Covid-19 &gt; informations actualis\u00e9es de la ville - News Est Lyonnais<\/title>\n<meta name=\"description\" content=\"VILLEURBANNE | Covid-19 &gt; informations actualis\u00e9es de la ville\" \/>\n<meta name=\"robots\" content=\"index, follow, max-snippet:-1, max-image-preview:large, max-video-preview:-1\" \/>\n<link rel=\"canonical\" href=\"https:\/\/newsestlyonnais.fr\/site\/2020\/11\/01\/villeurbanne-covid-19-informations-actualisees-de-la-ville\/\" \/>\n<meta property=\"og:locale\" content=\"fr_FR\" \/>\n<meta property=\"og:type\" content=\"article\" \/>\n<meta property=\"og:title\" content=\"VILLEURBANNE | Covid-19 &gt; informations actualis\u00e9es de la ville - News Est Lyonnais\" \/>\n<meta property=\"og:description\" content=\"VILLEURBANNE | Covid-19 &gt; informations actualis\u00e9es de la ville\" \/>\n<meta property=\"og:url\" content=\"https:\/\/newsestlyonnais.fr\/site\/2020\/11\/01\/villeurbanne-covid-19-informations-actualisees-de-la-ville\/\" \/>\n<meta property=\"og:site_name\" content=\"News Est Lyonnais\" \/>\n<meta property=\"article:author\" content=\"https:\/\/www.facebook.com\/pascal.oberson.1?fref=ts\" \/>\n<meta property=\"article:published_time\" content=\"2020-11-01T07:31:19+00:00\" \/>\n<meta property=\"article:modified_time\" content=\"2020-11-01T07:34:05+00:00\" \/>\n<meta property=\"og:image\" content=\"https:\/\/i1.wp.com\/newsestlyonnais.fr\/site\/wp-content\/uploads\/2020\/01\/NEWSESTLYONNAIS-GRATTE-CIEL-BIS-.jpg?fit=1200%2C800&ssl=1\" \/>\n\t<meta property=\"og:image:width\" content=\"1200\" \/>\n\t<meta property=\"og:image:height\" content=\"800\" \/>\n\t<meta property=\"og:image:type\" content=\"image\/jpeg\" \/>\n<meta name=\"author\" content=\"R\u00e9dac. NEWS\" \/>\n<meta name=\"twitter:card\" content=\"summary_large_image\" \/>\n<meta name=\"twitter:label1\" content=\"\u00c9crit par\" \/>\n\t<meta name=\"twitter:data1\" content=\"R\u00e9dac. NEWS\" \/>\n\t<meta name=\"twitter:label2\" content=\"Dur\u00e9e de lecture estim\u00e9e\" \/>\n\t<meta name=\"twitter:data2\" content=\"4 minutes\" \/>\n<script type=\"application\/ld+json\" class=\"yoast-schema-graph\">{\"@context\":\"https:\/\/schema.org\",\"@graph\":[{\"@type\":\"Article\",\"@id\":\"https:\/\/newsestlyonnais.fr\/site\/2020\/11\/01\/villeurbanne-covid-19-informations-actualisees-de-la-ville\/#article\",\"isPartOf\":{\"@id\":\"https:\/\/newsestlyonnais.fr\/site\/2020\/11\/01\/villeurbanne-covid-19-informations-actualisees-de-la-ville\/\"},\"author\":{\"name\":\"R\u00e9dac. NEWS\",\"@id\":\"https:\/\/newsestlyonnais.fr\/site\/#\/schema\/person\/3230d5615f390bb808365d673001e887\"},\"headline\":\"VILLEURBANNE | Covid-19 > informations actualis\u00e9es de la ville\",\"datePublished\":\"2020-11-01T07:31:19+00:00\",\"dateModified\":\"2020-11-01T07:34:05+00:00\",\"mainEntityOfPage\":{\"@id\":\"https:\/\/newsestlyonnais.fr\/site\/2020\/11\/01\/villeurbanne-covid-19-informations-actualisees-de-la-ville\/\"},\"wordCount\":898,\"commentCount\":0,\"publisher\":{\"@id\":\"https:\/\/newsestlyonnais.fr\/site\/#organization\"},\"image\":{\"@id\":\"https:\/\/newsestlyonnais.fr\/site\/2020\/11\/01\/villeurbanne-covid-19-informations-actualisees-de-la-ville\/#primaryimage\"},\"thumbnailUrl\":\"https:\/\/newsestlyonnais.fr\/site\/wp-content\/uploads\/2020\/01\/NEWSESTLYONNAIS-GRATTE-CIEL-BIS-.jpg\",\"articleSection\":[\"Br\u00e8ves de l'Est lyonnais\",\"Sant\u00e9 | Bien Etre | Solidarit\u00e9\",\"Villeurbanne\"],\"inLanguage\":\"fr-FR\",\"potentialAction\":[{\"@type\":\"CommentAction\",\"name\":\"Comment\",\"target\":[\"https:\/\/newsestlyonnais.fr\/site\/2020\/11\/01\/villeurbanne-covid-19-informations-actualisees-de-la-ville\/#respond\"]}]},{\"@type\":\"WebPage\",\"@id\":\"https:\/\/newsestlyonnais.fr\/site\/2020\/11\/01\/villeurbanne-covid-19-informations-actualisees-de-la-ville\/\",\"url\":\"https:\/\/newsestlyonnais.fr\/site\/2020\/11\/01\/villeurbanne-covid-19-informations-actualisees-de-la-ville\/\",\"name\":\"VILLEURBANNE | Covid-19 > informations actualis\u00e9es de la ville - News Est Lyonnais\",\"isPartOf\":{\"@id\":\"https:\/\/newsestlyonnais.fr\/site\/#website\"},\"primaryImageOfPage\":{\"@id\":\"https:\/\/newsestlyonnais.fr\/site\/2020\/11\/01\/villeurbanne-covid-19-informations-actualisees-de-la-ville\/#primaryimage\"},\"image\":{\"@id\":\"https:\/\/newsestlyonnais.fr\/site\/2020\/11\/01\/villeurbanne-covid-19-informations-actualisees-de-la-ville\/#primaryimage\"},\"thumbnailUrl\":\"https:\/\/newsestlyonnais.fr\/site\/wp-content\/uploads\/2020\/01\/NEWSESTLYONNAIS-GRATTE-CIEL-BIS-.jpg\",\"datePublished\":\"2020-11-01T07:31:19+00:00\",\"dateModified\":\"2020-11-01T07:34:05+00:00\",\"description\":\"VILLEURBANNE | Covid-19 > informations actualis\u00e9es de la ville\",\"breadcrumb\":{\"@id\":\"https:\/\/newsestlyonnais.fr\/site\/2020\/11\/01\/villeurbanne-covid-19-informations-actualisees-de-la-ville\/#breadcrumb\"},\"inLanguage\":\"fr-FR\",\"potentialAction\":[{\"@type\":\"ReadAction\",\"target\":[\"https:\/\/newsestlyonnais.fr\/site\/2020\/11\/01\/villeurbanne-covid-19-informations-actualisees-de-la-ville\/\"]}]},{\"@type\":\"ImageObject\",\"inLanguage\":\"fr-FR\",\"@id\":\"https:\/\/newsestlyonnais.fr\/site\/2020\/11\/01\/villeurbanne-covid-19-informations-actualisees-de-la-ville\/#primaryimage\",\"url\":\"https:\/\/newsestlyonnais.fr\/site\/wp-content\/uploads\/2020\/01\/NEWSESTLYONNAIS-GRATTE-CIEL-BIS-.jpg\",\"contentUrl\":\"https:\/\/newsestlyonnais.fr\/site\/wp-content\/uploads\/2020\/01\/NEWSESTLYONNAIS-GRATTE-CIEL-BIS-.jpg\",\"width\":1200,\"height\":800},{\"@type\":\"BreadcrumbList\",\"@id\":\"https:\/\/newsestlyonnais.fr\/site\/2020\/11\/01\/villeurbanne-covid-19-informations-actualisees-de-la-ville\/#breadcrumb\",\"itemListElement\":[{\"@type\":\"ListItem\",\"position\":1,\"name\":\"Accueil\",\"item\":\"https:\/\/newsestlyonnais.fr\/site\/\"},{\"@type\":\"ListItem\",\"position\":2,\"name\":\"VILLEURBANNE | Covid-19 > informations actualis\u00e9es de la ville\"}]},{\"@type\":\"WebSite\",\"@id\":\"https:\/\/newsestlyonnais.fr\/site\/#website\",\"url\":\"https:\/\/newsestlyonnais.fr\/site\/\",\"name\":\"News Est Lyonnais\",\"description\":\"L&#039;actualit\u00e9 au plus pr\u00e8s\",\"publisher\":{\"@id\":\"https:\/\/newsestlyonnais.fr\/site\/#organization\"},\"potentialAction\":[{\"@type\":\"SearchAction\",\"target\":{\"@type\":\"EntryPoint\",\"urlTemplate\":\"https:\/\/newsestlyonnais.fr\/site\/?s={search_term_string}\"},\"query-input\":{\"@type\":\"PropertyValueSpecification\",\"valueRequired\":true,\"valueName\":\"search_term_string\"}}],\"inLanguage\":\"fr-FR\"},{\"@type\":\"Organization\",\"@id\":\"https:\/\/newsestlyonnais.fr\/site\/#organization\",\"name\":\"News EST LYONNAIS\",\"url\":\"https:\/\/newsestlyonnais.fr\/site\/\",\"logo\":{\"@type\":\"ImageObject\",\"inLanguage\":\"fr-FR\",\"@id\":\"https:\/\/newsestlyonnais.fr\/site\/#\/schema\/logo\/image\/\",\"url\":\"\",\"contentUrl\":\"\",\"caption\":\"News EST LYONNAIS\"},\"image\":{\"@id\":\"https:\/\/newsestlyonnais.fr\/site\/#\/schema\/logo\/image\/\"}},{\"@type\":\"Person\",\"@id\":\"https:\/\/newsestlyonnais.fr\/site\/#\/schema\/person\/3230d5615f390bb808365d673001e887\",\"name\":\"R\u00e9dac. NEWS\",\"sameAs\":[\"http:\/\/www.newsestlyonnais.fr\",\"https:\/\/www.facebook.com\/pascal.oberson.1?fref=ts\",\"https:\/\/fr.linkedin.com\/in\/pascal-oberson-b17045113\"],\"url\":\"https:\/\/newsestlyonnais.fr\/site\/author\/nel\/\"}]}<\/script>\n<!-- \/ Yoast SEO plugin. -->","yoast_head_json":{"title":"VILLEURBANNE | Covid-19 > informations actualis\u00e9es de la ville - News Est Lyonnais","description":"VILLEURBANNE | Covid-19 > informations actualis\u00e9es de la ville","robots":{"index":"index","follow":"follow","max-snippet":"max-snippet:-1","max-image-preview":"max-image-preview:large","max-video-preview":"max-video-preview:-1"},"canonical":"https:\/\/newsestlyonnais.fr\/site\/2020\/11\/01\/villeurbanne-covid-19-informations-actualisees-de-la-ville\/","og_locale":"fr_FR","og_type":"article","og_title":"VILLEURBANNE | Covid-19 > informations actualis\u00e9es de la ville - News Est Lyonnais","og_description":"VILLEURBANNE | Covid-19 > informations actualis\u00e9es de la ville","og_url":"https:\/\/newsestlyonnais.fr\/site\/2020\/11\/01\/villeurbanne-covid-19-informations-actualisees-de-la-ville\/","og_site_name":"News Est Lyonnais","article_author":"https:\/\/www.facebook.com\/pascal.oberson.1?fref=ts","article_published_time":"2020-11-01T07:31:19+00:00","article_modified_time":"2020-11-01T07:34:05+00:00","og_image":[{"width":1200,"height":800,"url":"https:\/\/i1.wp.com\/newsestlyonnais.fr\/site\/wp-content\/uploads\/2020\/01\/NEWSESTLYONNAIS-GRATTE-CIEL-BIS-.jpg?fit=1200%2C800&ssl=1","type":"image\/jpeg"}],"author":"R\u00e9dac. NEWS","twitter_card":"summary_large_image","twitter_misc":{"\u00c9crit par":"R\u00e9dac. NEWS","Dur\u00e9e de lecture estim\u00e9e":"4 minutes"},"schema":{"@context":"https:\/\/schema.org","@graph":[{"@type":"Article","@id":"https:\/\/newsestlyonnais.fr\/site\/2020\/11\/01\/villeurbanne-covid-19-informations-actualisees-de-la-ville\/#article","isPartOf":{"@id":"https:\/\/newsestlyonnais.fr\/site\/2020\/11\/01\/villeurbanne-covid-19-informations-actualisees-de-la-ville\/"},"author":{"name":"R\u00e9dac. NEWS","@id":"https:\/\/newsestlyonnais.fr\/site\/#\/schema\/person\/3230d5615f390bb808365d673001e887"},"headline":"VILLEURBANNE | Covid-19 > informations actualis\u00e9es de la ville","datePublished":"2020-11-01T07:31:19+00:00","dateModified":"2020-11-01T07:34:05+00:00","mainEntityOfPage":{"@id":"https:\/\/newsestlyonnais.fr\/site\/2020\/11\/01\/villeurbanne-covid-19-informations-actualisees-de-la-ville\/"},"wordCount":898,"commentCount":0,"publisher":{"@id":"https:\/\/newsestlyonnais.fr\/site\/#organization"},"image":{"@id":"https:\/\/newsestlyonnais.fr\/site\/2020\/11\/01\/villeurbanne-covid-19-informations-actualisees-de-la-ville\/#primaryimage"},"thumbnailUrl":"https:\/\/newsestlyonnais.fr\/site\/wp-content\/uploads\/2020\/01\/NEWSESTLYONNAIS-GRATTE-CIEL-BIS-.jpg","articleSection":["Br\u00e8ves de l'Est lyonnais","Sant\u00e9 | Bien Etre | Solidarit\u00e9","Villeurbanne"],"inLanguage":"fr-FR","potentialAction":[{"@type":"CommentAction","name":"Comment","target":["https:\/\/newsestlyonnais.fr\/site\/2020\/11\/01\/villeurbanne-covid-19-informations-actualisees-de-la-ville\/#respond"]}]},{"@type":"WebPage","@id":"https:\/\/newsestlyonnais.fr\/site\/2020\/11\/01\/villeurbanne-covid-19-informations-actualisees-de-la-ville\/","url":"https:\/\/newsestlyonnais.fr\/site\/2020\/11\/01\/villeurbanne-covid-19-informations-actualisees-de-la-ville\/","name":"VILLEURBANNE | Covid-19 > informations actualis\u00e9es de la ville - News Est Lyonnais","isPartOf":{"@id":"https:\/\/newsestlyonnais.fr\/site\/#website"},"primaryImageOfPage":{"@id":"https:\/\/newsestlyonnais.fr\/site\/2020\/11\/01\/villeurbanne-covid-19-informations-actualisees-de-la-ville\/#primaryimage"},"image":{"@id":"https:\/\/newsestlyonnais.fr\/site\/2020\/11\/01\/villeurbanne-covid-19-informations-actualisees-de-la-ville\/#primaryimage"},"thumbnailUrl":"https:\/\/newsestlyonnais.fr\/site\/wp-content\/uploads\/2020\/01\/NEWSESTLYONNAIS-GRATTE-CIEL-BIS-.jpg","datePublished":"2020-11-01T07:31:19+00:00","dateModified":"2020-11-01T07:34:05+00:00","description":"VILLEURBANNE | Covid-19 > informations actualis\u00e9es de la ville","breadcrumb":{"@id":"https:\/\/newsestlyonnais.fr\/site\/2020\/11\/01\/villeurbanne-covid-19-informations-actualisees-de-la-ville\/#breadcrumb"},"inLanguage":"fr-FR","potentialAction":[{"@type":"ReadAction","target":["https:\/\/newsestlyonnais.fr\/site\/2020\/11\/01\/villeurbanne-covid-19-informations-actualisees-de-la-ville\/"]}]},{"@type":"ImageObject","inLanguage":"fr-FR","@id":"https:\/\/newsestlyonnais.fr\/site\/2020\/11\/01\/villeurbanne-covid-19-informations-actualisees-de-la-ville\/#primaryimage","url":"https:\/\/newsestlyonnais.fr\/site\/wp-content\/uploads\/2020\/01\/NEWSESTLYONNAIS-GRATTE-CIEL-BIS-.jpg","contentUrl":"https:\/\/newsestlyonnais.fr\/site\/wp-content\/uploads\/2020\/01\/NEWSESTLYONNAIS-GRATTE-CIEL-BIS-.jpg","width":1200,"height":800},{"@type":"BreadcrumbList","@id":"https:\/\/newsestlyonnais.fr\/site\/2020\/11\/01\/villeurbanne-covid-19-informations-actualisees-de-la-ville\/#breadcrumb","itemListElement":[{"@type":"ListItem","position":1,"name":"Accueil","item":"https:\/\/newsestlyonnais.fr\/site\/"},{"@type":"ListItem","position":2,"name":"VILLEURBANNE | Covid-19 > informations actualis\u00e9es de la ville"}]},{"@type":"WebSite","@id":"https:\/\/newsestlyonnais.fr\/site\/#website","url":"https:\/\/newsestlyonnais.fr\/site\/","name":"News Est Lyonnais","description":"L&#039;actualit\u00e9 au plus pr\u00e8s","publisher":{"@id":"https:\/\/newsestlyonnais.fr\/site\/#organization"},"potentialAction":[{"@type":"SearchAction","target":{"@type":"EntryPoint","urlTemplate":"https:\/\/newsestlyonnais.fr\/site\/?s={search_term_string}"},"query-input":{"@type":"PropertyValueSpecification","valueRequired":true,"valueName":"search_term_string"}}],"inLanguage":"fr-FR"},{"@type":"Organization","@id":"https:\/\/newsestlyonnais.fr\/site\/#organization","name":"News EST LYONNAIS","url":"https:\/\/newsestlyonnais.fr\/site\/","logo":{"@type":"ImageObject","inLanguage":"fr-FR","@id":"https:\/\/newsestlyonnais.fr\/site\/#\/schema\/logo\/image\/","url":"","contentUrl":"","caption":"News EST LYONNAIS"},"image":{"@id":"https:\/\/newsestlyonnais.fr\/site\/#\/schema\/logo\/image\/"}},{"@type":"Person","@id":"https:\/\/newsestlyonnais.fr\/site\/#\/schema\/person\/3230d5615f390bb808365d673001e887","name":"R\u00e9dac. NEWS","sameAs":["http:\/\/www.newsestlyonnais.fr","https:\/\/www.facebook.com\/pascal.oberson.1?fref=ts","https:\/\/fr.linkedin.com\/in\/pascal-oberson-b17045113"],"url":"https:\/\/newsestlyonnais.fr\/site\/author\/nel\/"}]}},"_links":{"self":[{"href":"https:\/\/newsestlyonnais.fr\/site\/wp-json\/wp\/v2\/posts\/114272","targetHints":{"allow":["GET"]}}],"collection":[{"href":"https:\/\/newsestlyonnais.fr\/site\/wp-json\/wp\/v2\/posts"}],"about":[{"href":"https:\/\/newsestlyonnais.fr\/site\/wp-json\/wp\/v2\/types\/post"}],"author":[{"embeddable":true,"href":"https:\/\/newsestlyonnais.fr\/site\/wp-json\/wp\/v2\/users\/4"}],"replies":[{"embeddable":true,"href":"https:\/\/newsestlyonnais.fr\/site\/wp-json\/wp\/v2\/comments?post=114272"}],"version-history":[{"count":0,"href":"https:\/\/newsestlyonnais.fr\/site\/wp-json\/wp\/v2\/posts\/114272\/revisions"}],"wp:featuredmedia":[{"embeddable":true,"href":"https:\/\/newsestlyonnais.fr\/site\/wp-json\/wp\/v2\/media\/93755"}],"wp:attachment":[{"href":"https:\/\/newsestlyonnais.fr\/site\/wp-json\/wp\/v2\/media?parent=114272"}],"wp:term":[{"taxonomy":"category","embeddable":true,"href":"https:\/\/newsestlyonnais.fr\/site\/wp-json\/wp\/v2\/categories?post=114272"},{"taxonomy":"post_tag","embeddable":true,"href":"https:\/\/newsestlyonnais.fr\/site\/wp-json\/wp\/v2\/tags?post=114272"}],"curies":[{"name":"wp","href":"https:\/\/api.w.org\/{rel}","templated":true}]}}