{"id":114478,"date":"2020-11-02T08:17:01","date_gmt":"2020-11-02T07:17:01","guid":{"rendered":"http:\/\/newsestlyonnais.fr\/site\/?p=114478"},"modified":"2020-11-08T15:38:36","modified_gmt":"2020-11-08T14:38:36","slug":"vaulx-en-velin-section-voile-mjc-au-champ-france-radio-commandee","status":"publish","type":"post","link":"https:\/\/newsestlyonnais.fr\/site\/2020\/11\/02\/vaulx-en-velin-section-voile-mjc-au-champ-france-radio-commandee\/","title":{"rendered":"Vaulx-en-Velin | Section voile MJC Champ. France Radio Command\u00e9e"},"content":{"rendered":"<p>Deux coureurs \u00e9taient s\u00e9lectionn\u00e9s, <strong>Yvan Sanchez et Michel Borel, repr\u00e9sentant la section voile MJC de Vaulx-en-Velin<\/strong> sur le bassin de l&rsquo; U.N.V.M.P Pierrelatte.<\/p>\n<hr \/>\n<p>\u00ab\u00a054 concurrents, r\u00e9partis en 4 flottes (syst\u00e8me HMS) ont r\u00e9pondu pr\u00e9sents, malgr\u00e9 le COVID et la m\u00e9t\u00e9o pr\u00e9vue dont des<br \/>\nEspagnols et des Suisses. Tous s\u2019accordent \u00e0 dire que l\u2019organisation de cette confrontation \u00e9tait parfaite, Pierre Gonnet et les b\u00e9n\u00e9voles de l\u2019UNVMP ont tout mis en \u0153uvre pour cela !<\/p>\n<p>A l\u2019issue de la premi\u00e8re manche Yvan arrive 7\u00b0 du groupe C et Michel 4\u00b0 du groupe D. Pour la deuxi\u00e8me course la r\u00e9partition place Yvan dans la flotte C (12 concurrents) et Michel dans la B (\u00e9galement 12 concurrents).<br \/>\nA partir de l\u00e0 les 3 premiers de chaque flotte seront promus \u00e0 la flotte A. A chaque course un calcul permet de faire ces r\u00e9partitions ce qui fait qu\u2019\u00e0 la fin de l\u2019\u00e9preuve le classement g\u00e9n\u00e9ral refl\u00e8te le niveau de chacun ce jour-l\u00e0. Pour faire court, le but de chacun \u00e9tant de monter dans le groupe sup\u00e9rieur et d\u2019y rester pour monter encore au-dessus.<\/p>\n<hr \/>\n<p><span style=\"font-size: 14pt;\"><em><strong>Michel Borel<\/strong> nous faire vivre ce championnat de l\u2019int\u00e9rieur<\/em><\/span> :<\/p>\n<p>54 participants (dont 7 espagnols et 1 suisse), se sont retrouv\u00e9s au Lac de Pierrelatte.<br \/>\n<span style=\"text-decoration: underline;\">Premi\u00e8re journ\u00e9e<\/span> : P\u00e9tole, Yvan se place 7\u00e8me, Michel 4\u00e8me et les 3 premiers montent en groupe A.<\/p>\n<p><span style=\"text-decoration: underline;\">Deuxi\u00e8me journ\u00e9e<\/span> : Vent 35 \u00e0 40 km\/h :Jeu B, et c\u2019est parti pour 5 manches le samedi, Yvan se bat en groupe C et Michel se maintient en B avec, h\u00e9las une mont\u00e9e en groupe A \u00e9chou\u00e9e \u00e0 cause d\u2019une bou\u00e9e touch\u00e9e \u00e0 l\u2019arriv\u00e9e.<br \/>\nLe temps de r\u00e9parer et hop, descente en C.<\/p>\n<p><span style=\"text-decoration: underline;\">Troisi\u00e8me journ\u00e9e<\/span> : Toujours 35 \u00e0 40 km\/ h de vent. Yvan se fait harponner par un espagnol avec en prime, une d\u00e9rive fendue sur 5 mm,<br \/>\nheureusement d\u00e9pann\u00e9 par Philippe Debord, qui avait une d\u00e9rive de secours. Michel rame en groupe C, dur dur de remonter, seul les 6 premiers montent et les 6 derniers descendent.<\/p>\n<p><span style=\"text-decoration: underline;\">Quatri\u00e8me journ\u00e9e<\/span> : C\u2019est l\u2019enfer !!! rafales \u00e0 70km\/h : Jeu C de rigueur, enfournement, sous-marin, d\u00e9parts au lof, houle monstrueuse bref la totale \u2026\u2026\u00a0 Yvan de nouveau harponn\u00e9 sur la ligne de d\u00e9part \u00e0 cause d\u2019 un candidat qui cumule 6 fautes successives. Michel remonte du groupe D au groupe C jusqu\u2019au groupe B.<\/p>\n<p><strong>Voil\u00e0, c\u2019est la fin des r\u00e9gates. <\/strong><strong>Oufff, rien de cass\u00e9 apr\u00e8s ce championnat de France tr\u00e8s sportif,<\/strong> avec un arbitrage exemplaire dirig\u00e9 d\u2019une main de ma\u00eetre par notre ami Pierre Gonnet, l\u2019incontournable, Patrick Vilain et son \u00e9quipe. En r\u00e9sum\u00e9, une ambiance au top, du plaisir \u00e0 l\u2019\u00e9tat pur\u00a0\u00bb.<\/p>\n<hr \/>\n<p><span style=\"text-decoration: underline;\"><em><strong>R\u00e9sultats du CNVV<\/strong><\/em> <\/span>:<\/p>\n<ul>\n<li>Michel BOREL (n\u00b0 de voile 68, place 33\/ 54)<\/li>\n<li>Yvan SANCHEZ (n\u00b0 de voile 01, place 36\/54)<\/li>\n<\/ul>\n<hr \/>\n<p><img loading=\"lazy\" decoding=\"async\" class=\"alignleft size-thumbnail wp-image-23750\" src=\"https:\/\/newsestlyonnais.fr\/site\/medias\/2017\/03\/NEWSESTLYONNAIS-MICRO-150x150.png\" alt=\"NEWSESTLYONNAIS MICRO\" width=\"150\" height=\"150\" \/>\u00ab\u00a0Michel et Yvan ont insist\u00e9 sur la remarquable organisation et sur le fair-play de l\u2019ensemble des coureurs. La concentration \u00e9tait maximale du fait de la m\u00e9t\u00e9o, du respect des r\u00e8gles COVID et de l\u2019enjeu de la comp\u00e9tition .Bravo \u00e0 Pierre Gonnet et son \u00e9quipe !<br \/>\nYvan et Michel aimerait d\u00e9cider d\u2019autres membres du CNVV pour s\u2019investir en r\u00e9gate afin d\u2019\u00eatre plus nombreux aux championnats de France (Sable d\u2019Olonne en 2021, et Annecy 2022). Il existe l\u2019\u00e9quipe UNE avec Yvan, Michel, Marc et Giovanni..<br \/>\n<strong>Il serait int\u00e9ressant de s\u00e9lectionner des coureurs potentiels pour ANNECY en 2022.\u00a0 Voil\u00e0 un bel objectif que la section voile de la MJC soutiendra<\/strong> !\u00a0\u00bb <strong>confie Pierre Bertocchi, pr\u00e9sident du CNVV, section voile de la MJC.<\/strong><\/p>\n<hr \/>\n<p><strong>Retrouvez les photos de la course \u00ab\u00a0Classe 1 m\u00e8tre\u00a0\u00bb<\/strong> sur : <a href=\"https:\/\/www.classe1metre.org\/index.php\/fr\/championnat-de-france\/championnat-de-france-iom-2020\"><span style=\"color: #0000ff;\">https:\/\/www.classe1metre.org\/index.php\/fr\/championnat-de-france\/championnat-de-france-iom-2020<\/span><\/a><\/p>\n<hr \/>\n<div id='gallery-1' class='gallery galleryid-114478 gallery-columns-3 gallery-size-thumbnail'><figure class='gallery-item'>\n\t\t\t<div class='gallery-icon landscape'>\n\t\t\t\t<a href='https:\/\/newsestlyonnais.fr\/site\/2020\/11\/02\/vaulx-en-velin-section-voile-mjc-au-champ-france-radio-commandee\/championnat-de-france-iom-2020-1\/'><img loading=\"lazy\" decoding=\"async\" width=\"150\" height=\"84\" src=\"https:\/\/newsestlyonnais.fr\/site\/wp-content\/uploads\/2020\/11\/CHAMPIONNAT-DE-FRANCE-IOM-2020-1-250x140.jpg\" class=\"attachment-thumbnail size-thumbnail\" alt=\"\" srcset=\"https:\/\/newsestlyonnais.fr\/site\/wp-content\/uploads\/2020\/11\/CHAMPIONNAT-DE-FRANCE-IOM-2020-1-250x140.jpg 250w, https:\/\/newsestlyonnais.fr\/site\/wp-content\/uploads\/2020\/11\/CHAMPIONNAT-DE-FRANCE-IOM-2020-1-400x225.jpg 400w, https:\/\/newsestlyonnais.fr\/site\/wp-content\/uploads\/2020\/11\/CHAMPIONNAT-DE-FRANCE-IOM-2020-1-650x365.jpg 650w, https:\/\/newsestlyonnais.fr\/site\/wp-content\/uploads\/2020\/11\/CHAMPIONNAT-DE-FRANCE-IOM-2020-1-768x431.jpg 768w, https:\/\/newsestlyonnais.fr\/site\/wp-content\/uploads\/2020\/11\/CHAMPIONNAT-DE-FRANCE-IOM-2020-1-150x84.jpg 150w, https:\/\/newsestlyonnais.fr\/site\/wp-content\/uploads\/2020\/11\/CHAMPIONNAT-DE-FRANCE-IOM-2020-1-50x28.jpg 50w, https:\/\/newsestlyonnais.fr\/site\/wp-content\/uploads\/2020\/11\/CHAMPIONNAT-DE-FRANCE-IOM-2020-1-100x56.jpg 100w, https:\/\/newsestlyonnais.fr\/site\/wp-content\/uploads\/2020\/11\/CHAMPIONNAT-DE-FRANCE-IOM-2020-1-200x112.jpg 200w, https:\/\/newsestlyonnais.fr\/site\/wp-content\/uploads\/2020\/11\/CHAMPIONNAT-DE-FRANCE-IOM-2020-1-300x169.jpg 300w, https:\/\/newsestlyonnais.fr\/site\/wp-content\/uploads\/2020\/11\/CHAMPIONNAT-DE-FRANCE-IOM-2020-1-350x197.jpg 350w, https:\/\/newsestlyonnais.fr\/site\/wp-content\/uploads\/2020\/11\/CHAMPIONNAT-DE-FRANCE-IOM-2020-1-450x253.jpg 450w, https:\/\/newsestlyonnais.fr\/site\/wp-content\/uploads\/2020\/11\/CHAMPIONNAT-DE-FRANCE-IOM-2020-1-500x281.jpg 500w, https:\/\/newsestlyonnais.fr\/site\/wp-content\/uploads\/2020\/11\/CHAMPIONNAT-DE-FRANCE-IOM-2020-1-550x309.jpg 550w, https:\/\/newsestlyonnais.fr\/site\/wp-content\/uploads\/2020\/11\/CHAMPIONNAT-DE-FRANCE-IOM-2020-1-800x449.jpg 800w, https:\/\/newsestlyonnais.fr\/site\/wp-content\/uploads\/2020\/11\/CHAMPIONNAT-DE-FRANCE-IOM-2020-1.jpg 1200w\" sizes=\"auto, (max-width: 150px) 100vw, 150px\" \/><\/a>\n\t\t\t<\/div><\/figure>\n\t\t<\/div>\n\n<p>&nbsp;<\/p>\n","protected":false},"excerpt":{"rendered":"<p>Une comp\u00e9tition VRC classe IOM qui s\u2019est disput\u00e9e \u00e0 Pierrelatte du 9 au 12 octobre derniers.<\/p>\n","protected":false},"author":4,"featured_media":114491,"comment_status":"open","ping_status":"open","sticky":false,"template":"","format":"standard","meta":{"footnotes":""},"categories":[2973,3003,3250,28,1349],"tags":[2487,2307,2122],"class_list":["post-114478","post","type-post","status-publish","format-standard","has-post-thumbnail","hentry","category-aviron-kayak-voile-sports","category-bibliotheque-mediatheque-mjc","category-recits-de-course-portraits-interviews","category-vaulx-en-velin","category-voile","tag-cnvv","tag-mjc-vaulx-en-velin","tag-voile"],"yoast_head":"<!-- This site is optimized with the Yoast SEO plugin v27.2 - https:\/\/yoast.com\/product\/yoast-seo-wordpress\/ -->\n<title>Vaulx-en-Velin | Section voile MJC Champ. France Radio Command\u00e9e - News Est Lyonnais<\/title>\n<meta name=\"description\" content=\"VAULX-EN-VELIN | Section voile MJC &gt; 2 membres au Championnat de France Radio Command\u00e9e\" \/>\n<meta name=\"robots\" content=\"index, follow, max-snippet:-1, max-image-preview:large, max-video-preview:-1\" \/>\n<link rel=\"canonical\" href=\"https:\/\/newsestlyonnais.fr\/site\/2020\/11\/02\/vaulx-en-velin-section-voile-mjc-au-champ-france-radio-commandee\/\" \/>\n<meta property=\"og:locale\" content=\"fr_FR\" \/>\n<meta property=\"og:type\" content=\"article\" \/>\n<meta property=\"og:title\" content=\"Vaulx-en-Velin | Section voile MJC Champ. France Radio Command\u00e9e - News Est Lyonnais\" \/>\n<meta property=\"og:description\" content=\"VAULX-EN-VELIN | Section voile MJC &gt; 2 membres au Championnat de France Radio Command\u00e9e\" \/>\n<meta property=\"og:url\" content=\"https:\/\/newsestlyonnais.fr\/site\/2020\/11\/02\/vaulx-en-velin-section-voile-mjc-au-champ-france-radio-commandee\/\" \/>\n<meta property=\"og:site_name\" content=\"News Est Lyonnais\" \/>\n<meta property=\"article:author\" content=\"https:\/\/www.facebook.com\/pascal.oberson.1?fref=ts\" \/>\n<meta property=\"article:published_time\" content=\"2020-11-02T07:17:01+00:00\" \/>\n<meta property=\"article:modified_time\" content=\"2020-11-08T14:38:36+00:00\" \/>\n<meta property=\"og:image\" content=\"https:\/\/i1.wp.com\/newsestlyonnais.fr\/site\/wp-content\/uploads\/2020\/11\/CHAMPIONNAT-DE-FRANCE-IOM-2020-.jpg?fit=1200%2C675&ssl=1\" \/>\n\t<meta property=\"og:image:width\" content=\"1200\" \/>\n\t<meta property=\"og:image:height\" content=\"675\" \/>\n\t<meta property=\"og:image:type\" content=\"image\/jpeg\" \/>\n<meta name=\"author\" content=\"R\u00e9dac. NEWS\" \/>\n<meta name=\"twitter:card\" content=\"summary_large_image\" \/>\n<meta name=\"twitter:label1\" content=\"\u00c9crit par\" \/>\n\t<meta name=\"twitter:data1\" content=\"R\u00e9dac. NEWS\" \/>\n\t<meta name=\"twitter:label2\" content=\"Dur\u00e9e de lecture estim\u00e9e\" \/>\n\t<meta name=\"twitter:data2\" content=\"3 minutes\" \/>\n<script type=\"application\/ld+json\" class=\"yoast-schema-graph\">{\"@context\":\"https:\/\/schema.org\",\"@graph\":[{\"@type\":\"Article\",\"@id\":\"https:\/\/newsestlyonnais.fr\/site\/2020\/11\/02\/vaulx-en-velin-section-voile-mjc-au-champ-france-radio-commandee\/#article\",\"isPartOf\":{\"@id\":\"https:\/\/newsestlyonnais.fr\/site\/2020\/11\/02\/vaulx-en-velin-section-voile-mjc-au-champ-france-radio-commandee\/\"},\"author\":{\"name\":\"R\u00e9dac. NEWS\",\"@id\":\"https:\/\/newsestlyonnais.fr\/site\/#\/schema\/person\/3230d5615f390bb808365d673001e887\"},\"headline\":\"Vaulx-en-Velin | Section voile MJC Champ. France Radio Command\u00e9e\",\"datePublished\":\"2020-11-02T07:17:01+00:00\",\"dateModified\":\"2020-11-08T14:38:36+00:00\",\"mainEntityOfPage\":{\"@id\":\"https:\/\/newsestlyonnais.fr\/site\/2020\/11\/02\/vaulx-en-velin-section-voile-mjc-au-champ-france-radio-commandee\/\"},\"wordCount\":647,\"commentCount\":0,\"publisher\":{\"@id\":\"https:\/\/newsestlyonnais.fr\/site\/#organization\"},\"image\":{\"@id\":\"https:\/\/newsestlyonnais.fr\/site\/2020\/11\/02\/vaulx-en-velin-section-voile-mjc-au-champ-france-radio-commandee\/#primaryimage\"},\"thumbnailUrl\":\"https:\/\/newsestlyonnais.fr\/site\/wp-content\/uploads\/2020\/11\/CHAMPIONNAT-DE-FRANCE-IOM-2020-.jpg\",\"keywords\":[\"CNVV\",\"MJC VAULX EN VELIN\",\"VOILE\"],\"articleSection\":[\"Aviron | Kayak | Voile\",\"Biblioth\u00e8que | M\u00e9diath\u00e8que | MJC\",\"R\u00e9cits de course \/ Portraits \/ Interviews\",\"Vaulx-en-Velin\",\"Voile\"],\"inLanguage\":\"fr-FR\",\"potentialAction\":[{\"@type\":\"CommentAction\",\"name\":\"Comment\",\"target\":[\"https:\/\/newsestlyonnais.fr\/site\/2020\/11\/02\/vaulx-en-velin-section-voile-mjc-au-champ-france-radio-commandee\/#respond\"]}]},{\"@type\":\"WebPage\",\"@id\":\"https:\/\/newsestlyonnais.fr\/site\/2020\/11\/02\/vaulx-en-velin-section-voile-mjc-au-champ-france-radio-commandee\/\",\"url\":\"https:\/\/newsestlyonnais.fr\/site\/2020\/11\/02\/vaulx-en-velin-section-voile-mjc-au-champ-france-radio-commandee\/\",\"name\":\"Vaulx-en-Velin | Section voile MJC Champ. France Radio Command\u00e9e - News Est Lyonnais\",\"isPartOf\":{\"@id\":\"https:\/\/newsestlyonnais.fr\/site\/#website\"},\"primaryImageOfPage\":{\"@id\":\"https:\/\/newsestlyonnais.fr\/site\/2020\/11\/02\/vaulx-en-velin-section-voile-mjc-au-champ-france-radio-commandee\/#primaryimage\"},\"image\":{\"@id\":\"https:\/\/newsestlyonnais.fr\/site\/2020\/11\/02\/vaulx-en-velin-section-voile-mjc-au-champ-france-radio-commandee\/#primaryimage\"},\"thumbnailUrl\":\"https:\/\/newsestlyonnais.fr\/site\/wp-content\/uploads\/2020\/11\/CHAMPIONNAT-DE-FRANCE-IOM-2020-.jpg\",\"datePublished\":\"2020-11-02T07:17:01+00:00\",\"dateModified\":\"2020-11-08T14:38:36+00:00\",\"description\":\"VAULX-EN-VELIN | Section voile MJC > 2 membres au Championnat de France Radio Command\u00e9e\",\"breadcrumb\":{\"@id\":\"https:\/\/newsestlyonnais.fr\/site\/2020\/11\/02\/vaulx-en-velin-section-voile-mjc-au-champ-france-radio-commandee\/#breadcrumb\"},\"inLanguage\":\"fr-FR\",\"potentialAction\":[{\"@type\":\"ReadAction\",\"target\":[\"https:\/\/newsestlyonnais.fr\/site\/2020\/11\/02\/vaulx-en-velin-section-voile-mjc-au-champ-france-radio-commandee\/\"]}]},{\"@type\":\"ImageObject\",\"inLanguage\":\"fr-FR\",\"@id\":\"https:\/\/newsestlyonnais.fr\/site\/2020\/11\/02\/vaulx-en-velin-section-voile-mjc-au-champ-france-radio-commandee\/#primaryimage\",\"url\":\"https:\/\/newsestlyonnais.fr\/site\/wp-content\/uploads\/2020\/11\/CHAMPIONNAT-DE-FRANCE-IOM-2020-.jpg\",\"contentUrl\":\"https:\/\/newsestlyonnais.fr\/site\/wp-content\/uploads\/2020\/11\/CHAMPIONNAT-DE-FRANCE-IOM-2020-.jpg\",\"width\":1200,\"height\":675},{\"@type\":\"BreadcrumbList\",\"@id\":\"https:\/\/newsestlyonnais.fr\/site\/2020\/11\/02\/vaulx-en-velin-section-voile-mjc-au-champ-france-radio-commandee\/#breadcrumb\",\"itemListElement\":[{\"@type\":\"ListItem\",\"position\":1,\"name\":\"Accueil\",\"item\":\"https:\/\/newsestlyonnais.fr\/site\/\"},{\"@type\":\"ListItem\",\"position\":2,\"name\":\"Vaulx-en-Velin | Section voile MJC Champ. France Radio Command\u00e9e\"}]},{\"@type\":\"WebSite\",\"@id\":\"https:\/\/newsestlyonnais.fr\/site\/#website\",\"url\":\"https:\/\/newsestlyonnais.fr\/site\/\",\"name\":\"News Est Lyonnais\",\"description\":\"L&#039;actualit\u00e9 au plus pr\u00e8s\",\"publisher\":{\"@id\":\"https:\/\/newsestlyonnais.fr\/site\/#organization\"},\"potentialAction\":[{\"@type\":\"SearchAction\",\"target\":{\"@type\":\"EntryPoint\",\"urlTemplate\":\"https:\/\/newsestlyonnais.fr\/site\/?s={search_term_string}\"},\"query-input\":{\"@type\":\"PropertyValueSpecification\",\"valueRequired\":true,\"valueName\":\"search_term_string\"}}],\"inLanguage\":\"fr-FR\"},{\"@type\":\"Organization\",\"@id\":\"https:\/\/newsestlyonnais.fr\/site\/#organization\",\"name\":\"News EST LYONNAIS\",\"url\":\"https:\/\/newsestlyonnais.fr\/site\/\",\"logo\":{\"@type\":\"ImageObject\",\"inLanguage\":\"fr-FR\",\"@id\":\"https:\/\/newsestlyonnais.fr\/site\/#\/schema\/logo\/image\/\",\"url\":\"\",\"contentUrl\":\"\",\"caption\":\"News EST LYONNAIS\"},\"image\":{\"@id\":\"https:\/\/newsestlyonnais.fr\/site\/#\/schema\/logo\/image\/\"}},{\"@type\":\"Person\",\"@id\":\"https:\/\/newsestlyonnais.fr\/site\/#\/schema\/person\/3230d5615f390bb808365d673001e887\",\"name\":\"R\u00e9dac. NEWS\",\"sameAs\":[\"http:\/\/www.newsestlyonnais.fr\",\"https:\/\/www.facebook.com\/pascal.oberson.1?fref=ts\",\"https:\/\/fr.linkedin.com\/in\/pascal-oberson-b17045113\"],\"url\":\"https:\/\/newsestlyonnais.fr\/site\/author\/nel\/\"}]}<\/script>\n<!-- \/ Yoast SEO plugin. -->","yoast_head_json":{"title":"Vaulx-en-Velin | Section voile MJC Champ. France Radio Command\u00e9e - News Est Lyonnais","description":"VAULX-EN-VELIN | Section voile MJC > 2 membres au Championnat de France Radio Command\u00e9e","robots":{"index":"index","follow":"follow","max-snippet":"max-snippet:-1","max-image-preview":"max-image-preview:large","max-video-preview":"max-video-preview:-1"},"canonical":"https:\/\/newsestlyonnais.fr\/site\/2020\/11\/02\/vaulx-en-velin-section-voile-mjc-au-champ-france-radio-commandee\/","og_locale":"fr_FR","og_type":"article","og_title":"Vaulx-en-Velin | Section voile MJC Champ. France Radio Command\u00e9e - News Est Lyonnais","og_description":"VAULX-EN-VELIN | Section voile MJC > 2 membres au Championnat de France Radio Command\u00e9e","og_url":"https:\/\/newsestlyonnais.fr\/site\/2020\/11\/02\/vaulx-en-velin-section-voile-mjc-au-champ-france-radio-commandee\/","og_site_name":"News Est Lyonnais","article_author":"https:\/\/www.facebook.com\/pascal.oberson.1?fref=ts","article_published_time":"2020-11-02T07:17:01+00:00","article_modified_time":"2020-11-08T14:38:36+00:00","og_image":[{"width":1200,"height":675,"url":"https:\/\/i1.wp.com\/newsestlyonnais.fr\/site\/wp-content\/uploads\/2020\/11\/CHAMPIONNAT-DE-FRANCE-IOM-2020-.jpg?fit=1200%2C675&ssl=1","type":"image\/jpeg"}],"author":"R\u00e9dac. NEWS","twitter_card":"summary_large_image","twitter_misc":{"\u00c9crit par":"R\u00e9dac. NEWS","Dur\u00e9e de lecture estim\u00e9e":"3 minutes"},"schema":{"@context":"https:\/\/schema.org","@graph":[{"@type":"Article","@id":"https:\/\/newsestlyonnais.fr\/site\/2020\/11\/02\/vaulx-en-velin-section-voile-mjc-au-champ-france-radio-commandee\/#article","isPartOf":{"@id":"https:\/\/newsestlyonnais.fr\/site\/2020\/11\/02\/vaulx-en-velin-section-voile-mjc-au-champ-france-radio-commandee\/"},"author":{"name":"R\u00e9dac. NEWS","@id":"https:\/\/newsestlyonnais.fr\/site\/#\/schema\/person\/3230d5615f390bb808365d673001e887"},"headline":"Vaulx-en-Velin | Section voile MJC Champ. France Radio Command\u00e9e","datePublished":"2020-11-02T07:17:01+00:00","dateModified":"2020-11-08T14:38:36+00:00","mainEntityOfPage":{"@id":"https:\/\/newsestlyonnais.fr\/site\/2020\/11\/02\/vaulx-en-velin-section-voile-mjc-au-champ-france-radio-commandee\/"},"wordCount":647,"commentCount":0,"publisher":{"@id":"https:\/\/newsestlyonnais.fr\/site\/#organization"},"image":{"@id":"https:\/\/newsestlyonnais.fr\/site\/2020\/11\/02\/vaulx-en-velin-section-voile-mjc-au-champ-france-radio-commandee\/#primaryimage"},"thumbnailUrl":"https:\/\/newsestlyonnais.fr\/site\/wp-content\/uploads\/2020\/11\/CHAMPIONNAT-DE-FRANCE-IOM-2020-.jpg","keywords":["CNVV","MJC VAULX EN VELIN","VOILE"],"articleSection":["Aviron | Kayak | Voile","Biblioth\u00e8que | M\u00e9diath\u00e8que | MJC","R\u00e9cits de course \/ Portraits \/ Interviews","Vaulx-en-Velin","Voile"],"inLanguage":"fr-FR","potentialAction":[{"@type":"CommentAction","name":"Comment","target":["https:\/\/newsestlyonnais.fr\/site\/2020\/11\/02\/vaulx-en-velin-section-voile-mjc-au-champ-france-radio-commandee\/#respond"]}]},{"@type":"WebPage","@id":"https:\/\/newsestlyonnais.fr\/site\/2020\/11\/02\/vaulx-en-velin-section-voile-mjc-au-champ-france-radio-commandee\/","url":"https:\/\/newsestlyonnais.fr\/site\/2020\/11\/02\/vaulx-en-velin-section-voile-mjc-au-champ-france-radio-commandee\/","name":"Vaulx-en-Velin | Section voile MJC Champ. France Radio Command\u00e9e - News Est Lyonnais","isPartOf":{"@id":"https:\/\/newsestlyonnais.fr\/site\/#website"},"primaryImageOfPage":{"@id":"https:\/\/newsestlyonnais.fr\/site\/2020\/11\/02\/vaulx-en-velin-section-voile-mjc-au-champ-france-radio-commandee\/#primaryimage"},"image":{"@id":"https:\/\/newsestlyonnais.fr\/site\/2020\/11\/02\/vaulx-en-velin-section-voile-mjc-au-champ-france-radio-commandee\/#primaryimage"},"thumbnailUrl":"https:\/\/newsestlyonnais.fr\/site\/wp-content\/uploads\/2020\/11\/CHAMPIONNAT-DE-FRANCE-IOM-2020-.jpg","datePublished":"2020-11-02T07:17:01+00:00","dateModified":"2020-11-08T14:38:36+00:00","description":"VAULX-EN-VELIN | Section voile MJC > 2 membres au Championnat de France Radio Command\u00e9e","breadcrumb":{"@id":"https:\/\/newsestlyonnais.fr\/site\/2020\/11\/02\/vaulx-en-velin-section-voile-mjc-au-champ-france-radio-commandee\/#breadcrumb"},"inLanguage":"fr-FR","potentialAction":[{"@type":"ReadAction","target":["https:\/\/newsestlyonnais.fr\/site\/2020\/11\/02\/vaulx-en-velin-section-voile-mjc-au-champ-france-radio-commandee\/"]}]},{"@type":"ImageObject","inLanguage":"fr-FR","@id":"https:\/\/newsestlyonnais.fr\/site\/2020\/11\/02\/vaulx-en-velin-section-voile-mjc-au-champ-france-radio-commandee\/#primaryimage","url":"https:\/\/newsestlyonnais.fr\/site\/wp-content\/uploads\/2020\/11\/CHAMPIONNAT-DE-FRANCE-IOM-2020-.jpg","contentUrl":"https:\/\/newsestlyonnais.fr\/site\/wp-content\/uploads\/2020\/11\/CHAMPIONNAT-DE-FRANCE-IOM-2020-.jpg","width":1200,"height":675},{"@type":"BreadcrumbList","@id":"https:\/\/newsestlyonnais.fr\/site\/2020\/11\/02\/vaulx-en-velin-section-voile-mjc-au-champ-france-radio-commandee\/#breadcrumb","itemListElement":[{"@type":"ListItem","position":1,"name":"Accueil","item":"https:\/\/newsestlyonnais.fr\/site\/"},{"@type":"ListItem","position":2,"name":"Vaulx-en-Velin | Section voile MJC Champ. France Radio Command\u00e9e"}]},{"@type":"WebSite","@id":"https:\/\/newsestlyonnais.fr\/site\/#website","url":"https:\/\/newsestlyonnais.fr\/site\/","name":"News Est Lyonnais","description":"L&#039;actualit\u00e9 au plus pr\u00e8s","publisher":{"@id":"https:\/\/newsestlyonnais.fr\/site\/#organization"},"potentialAction":[{"@type":"SearchAction","target":{"@type":"EntryPoint","urlTemplate":"https:\/\/newsestlyonnais.fr\/site\/?s={search_term_string}"},"query-input":{"@type":"PropertyValueSpecification","valueRequired":true,"valueName":"search_term_string"}}],"inLanguage":"fr-FR"},{"@type":"Organization","@id":"https:\/\/newsestlyonnais.fr\/site\/#organization","name":"News EST LYONNAIS","url":"https:\/\/newsestlyonnais.fr\/site\/","logo":{"@type":"ImageObject","inLanguage":"fr-FR","@id":"https:\/\/newsestlyonnais.fr\/site\/#\/schema\/logo\/image\/","url":"","contentUrl":"","caption":"News EST LYONNAIS"},"image":{"@id":"https:\/\/newsestlyonnais.fr\/site\/#\/schema\/logo\/image\/"}},{"@type":"Person","@id":"https:\/\/newsestlyonnais.fr\/site\/#\/schema\/person\/3230d5615f390bb808365d673001e887","name":"R\u00e9dac. NEWS","sameAs":["http:\/\/www.newsestlyonnais.fr","https:\/\/www.facebook.com\/pascal.oberson.1?fref=ts","https:\/\/fr.linkedin.com\/in\/pascal-oberson-b17045113"],"url":"https:\/\/newsestlyonnais.fr\/site\/author\/nel\/"}]}},"_links":{"self":[{"href":"https:\/\/newsestlyonnais.fr\/site\/wp-json\/wp\/v2\/posts\/114478","targetHints":{"allow":["GET"]}}],"collection":[{"href":"https:\/\/newsestlyonnais.fr\/site\/wp-json\/wp\/v2\/posts"}],"about":[{"href":"https:\/\/newsestlyonnais.fr\/site\/wp-json\/wp\/v2\/types\/post"}],"author":[{"embeddable":true,"href":"https:\/\/newsestlyonnais.fr\/site\/wp-json\/wp\/v2\/users\/4"}],"replies":[{"embeddable":true,"href":"https:\/\/newsestlyonnais.fr\/site\/wp-json\/wp\/v2\/comments?post=114478"}],"version-history":[{"count":0,"href":"https:\/\/newsestlyonnais.fr\/site\/wp-json\/wp\/v2\/posts\/114478\/revisions"}],"wp:featuredmedia":[{"embeddable":true,"href":"https:\/\/newsestlyonnais.fr\/site\/wp-json\/wp\/v2\/media\/114491"}],"wp:attachment":[{"href":"https:\/\/newsestlyonnais.fr\/site\/wp-json\/wp\/v2\/media?parent=114478"}],"wp:term":[{"taxonomy":"category","embeddable":true,"href":"https:\/\/newsestlyonnais.fr\/site\/wp-json\/wp\/v2\/categories?post=114478"},{"taxonomy":"post_tag","embeddable":true,"href":"https:\/\/newsestlyonnais.fr\/site\/wp-json\/wp\/v2\/tags?post=114478"}],"curies":[{"name":"wp","href":"https:\/\/api.w.org\/{rel}","templated":true}]}}