{"id":116383,"date":"2020-11-09T14:27:26","date_gmt":"2020-11-09T13:27:26","guid":{"rendered":"http:\/\/newsestlyonnais.fr\/site\/?p=116383"},"modified":"2020-11-09T14:27:26","modified_gmt":"2020-11-09T13:27:26","slug":"meyzieu-mouvement-de-greve-prevu-mardi-10-novembre","status":"publish","type":"post","link":"https:\/\/newsestlyonnais.fr\/site\/2020\/11\/09\/meyzieu-mouvement-de-greve-prevu-mardi-10-novembre\/","title":{"rendered":"MEYZIEU | Mouvement de gr\u00e8ve pr\u00e9vu mardi 10 novembre"},"content":{"rendered":"<div class=\"rte\">\n<h2><span style=\"text-decoration: underline;\">Au niveau des \u00e9coles<\/span> :<\/h2>\n<ul>\n<li><strong>Calabre maternelle:<\/strong>\u00a0garderie matin, restaurant scolaire et garderie du soir ferm\u00e9s\u00a0(5 enseignants sur 6 en gr\u00e8ve).<\/li>\n<li><strong>Calabre \u00e9l\u00e9mentaire :<\/strong>\u00a0garderie du matin ferm\u00e9e. La restauration et la garderie du soir resteront ouverts. Mise en place d&rsquo;un service minimum d&rsquo;accueil*.<\/li>\n<li><strong>Carreau :\u00a0<\/strong>garderie matin, restaurant scolaire et garderie soir ouverts.<\/li>\n<li><strong>Cassin :<\/strong>\u00a0garderie matin, restaurant scolaire ferm\u00e9s. Garderie du soir ouverte.<\/li>\n<li><strong>Condorcet :<\/strong>\u00a0garderie matin, restaurant scolaire ferm\u00e9s. Garderie du soir ouverte.<\/li>\n<li><strong>Ferry :\u00a0<\/strong>garderie matin, restaurant scolaire et garderie soir ouverts.<\/li>\n<li><strong>Grand Large maternelle :<\/strong>\u00a0garderie matin ferm\u00e9e. Restaurant et garderie du soir ouverts.<\/li>\n<li><strong>Grand Large \u00e9l\u00e9mentaire :\u00a0<\/strong>\u00a0garderie matin, restaurant scolaire et garderie soir ouverts. Mise en place d&rsquo;un service minimum d&rsquo;accueil* sur l&rsquo;\u00e9cole.<\/li>\n<li><strong>Pagnol\/Jacqui\u00e8re\u00a0 maternelle :<\/strong>\u00a0garderie du matin, restaurant et garderie du soir ferm\u00e9s. Mise en place d&rsquo;un service minimum d&rsquo;accueil* sur l&rsquo;\u00e9cole (une seule enseignante pr\u00e9sente).<\/li>\n<li><strong>Pagnol-Jacqui\u00e8re \u00e9l\u00e9mentaire :<\/strong>\u00a0garderie matin, restaurant scolaire et garderie soir ouverts.<\/li>\n<li><strong>Pr\u00e9vert :\u00a0<\/strong>garderie matin, restaurant scolaire et garderie soir ouverts.<\/li>\n<\/ul>\n<p>* <strong>Horaires du service minimum d\u2019accueil : 8 h 30- 11 h 45 et 14 h-16 h 45.\u00a0<\/strong><\/p>\n<hr \/>\n<h2><span style=\"text-decoration: underline;\">Au niveau des cr\u00e8ches<\/span><\/h2>\n<ul>\n<li><strong>Cr\u00e9che des petites pommes :<\/strong>\u00a0ferm\u00e9e<\/li>\n<li><strong>Cr\u00e8che familiale, cr\u00e8che Ritournelle<\/strong>\u00a0: ouvertes<\/li>\n<li><strong>Cr\u00e8che Marie Th\u00e9r\u00e8se Eyquem:\u00a0<\/strong>ouverture partielle avec 16 enfants accueillis.<\/li>\n<li><strong>Cr\u00e8che Cl\u00e9 des champs :\u00a0<\/strong>en attente d&rsquo;information<\/li>\n<\/ul>\n<hr \/>\n<p><em><strong>Source : communiqu\u00e9 de la Ville de Meyzieu de ce jour.<\/strong><\/em><\/p>\n<\/div>\n","protected":false},"excerpt":{"rendered":"<p>En raison d&rsquo;un mouvement de gr\u00e8ve nationale annonc\u00e9, le fonctionnement des \u00e9coles, de l&rsquo;accueil p\u00e9riscolaire et des cr\u00e8ches sera perturb\u00e9.<\/p>\n","protected":false},"author":4,"featured_media":101256,"comment_status":"open","ping_status":"open","sticky":false,"template":"","format":"standard","meta":{"footnotes":""},"categories":[2217,24,173],"tags":[],"class_list":["post-116383","post","type-post","status-publish","format-standard","has-post-thumbnail","hentry","category-breves-de-lest-lyonnais","category-meyzieu","category-scolaire"],"yoast_head":"<!-- This site is optimized with the Yoast SEO plugin v27.2 - https:\/\/yoast.com\/product\/yoast-seo-wordpress\/ -->\n<title>MEYZIEU | Mouvement de gr\u00e8ve pr\u00e9vu mardi 10 novembre - News Est Lyonnais<\/title>\n<meta name=\"description\" content=\"MEYZIEU | Mouvement de gr\u00e8ve pr\u00e9vu mardi 10 novembre\" \/>\n<meta name=\"robots\" content=\"index, follow, max-snippet:-1, max-image-preview:large, max-video-preview:-1\" \/>\n<link rel=\"canonical\" href=\"https:\/\/newsestlyonnais.fr\/site\/2020\/11\/09\/meyzieu-mouvement-de-greve-prevu-mardi-10-novembre\/\" \/>\n<meta property=\"og:locale\" content=\"fr_FR\" \/>\n<meta property=\"og:type\" content=\"article\" \/>\n<meta property=\"og:title\" content=\"MEYZIEU | Mouvement de gr\u00e8ve pr\u00e9vu mardi 10 novembre - News Est Lyonnais\" \/>\n<meta property=\"og:description\" content=\"MEYZIEU | Mouvement de gr\u00e8ve pr\u00e9vu mardi 10 novembre\" \/>\n<meta property=\"og:url\" content=\"https:\/\/newsestlyonnais.fr\/site\/2020\/11\/09\/meyzieu-mouvement-de-greve-prevu-mardi-10-novembre\/\" \/>\n<meta property=\"og:site_name\" content=\"News Est Lyonnais\" \/>\n<meta property=\"article:author\" content=\"https:\/\/www.facebook.com\/pascal.oberson.1?fref=ts\" \/>\n<meta property=\"article:published_time\" content=\"2020-11-09T13:27:26+00:00\" \/>\n<meta property=\"og:image\" content=\"https:\/\/i0.wp.com\/newsestlyonnais.fr\/site\/wp-content\/uploads\/2020\/05\/NEWSESTLYONNAIS-VUE-MEYZIEU.jpg?fit=1280%2C960&ssl=1\" \/>\n\t<meta property=\"og:image:width\" content=\"1280\" \/>\n\t<meta property=\"og:image:height\" content=\"960\" \/>\n\t<meta property=\"og:image:type\" content=\"image\/jpeg\" \/>\n<meta name=\"author\" content=\"R\u00e9dac. NEWS\" \/>\n<meta name=\"twitter:card\" content=\"summary_large_image\" \/>\n<meta name=\"twitter:label1\" content=\"\u00c9crit par\" \/>\n\t<meta name=\"twitter:data1\" content=\"R\u00e9dac. NEWS\" \/>\n\t<meta name=\"twitter:label2\" content=\"Dur\u00e9e de lecture estim\u00e9e\" \/>\n\t<meta name=\"twitter:data2\" content=\"1 minute\" \/>\n<script type=\"application\/ld+json\" class=\"yoast-schema-graph\">{\"@context\":\"https:\/\/schema.org\",\"@graph\":[{\"@type\":\"Article\",\"@id\":\"https:\/\/newsestlyonnais.fr\/site\/2020\/11\/09\/meyzieu-mouvement-de-greve-prevu-mardi-10-novembre\/#article\",\"isPartOf\":{\"@id\":\"https:\/\/newsestlyonnais.fr\/site\/2020\/11\/09\/meyzieu-mouvement-de-greve-prevu-mardi-10-novembre\/\"},\"author\":{\"name\":\"R\u00e9dac. NEWS\",\"@id\":\"https:\/\/newsestlyonnais.fr\/site\/#\/schema\/person\/3230d5615f390bb808365d673001e887\"},\"headline\":\"MEYZIEU | Mouvement de gr\u00e8ve pr\u00e9vu mardi 10 novembre\",\"datePublished\":\"2020-11-09T13:27:26+00:00\",\"mainEntityOfPage\":{\"@id\":\"https:\/\/newsestlyonnais.fr\/site\/2020\/11\/09\/meyzieu-mouvement-de-greve-prevu-mardi-10-novembre\/\"},\"wordCount\":248,\"commentCount\":0,\"publisher\":{\"@id\":\"https:\/\/newsestlyonnais.fr\/site\/#organization\"},\"image\":{\"@id\":\"https:\/\/newsestlyonnais.fr\/site\/2020\/11\/09\/meyzieu-mouvement-de-greve-prevu-mardi-10-novembre\/#primaryimage\"},\"thumbnailUrl\":\"https:\/\/newsestlyonnais.fr\/site\/wp-content\/uploads\/2020\/05\/NEWSESTLYONNAIS-VUE-MEYZIEU.jpg\",\"articleSection\":[\"Br\u00e8ves de l'Est lyonnais\",\"Meyzieu\",\"Scolaire\"],\"inLanguage\":\"fr-FR\",\"potentialAction\":[{\"@type\":\"CommentAction\",\"name\":\"Comment\",\"target\":[\"https:\/\/newsestlyonnais.fr\/site\/2020\/11\/09\/meyzieu-mouvement-de-greve-prevu-mardi-10-novembre\/#respond\"]}]},{\"@type\":\"WebPage\",\"@id\":\"https:\/\/newsestlyonnais.fr\/site\/2020\/11\/09\/meyzieu-mouvement-de-greve-prevu-mardi-10-novembre\/\",\"url\":\"https:\/\/newsestlyonnais.fr\/site\/2020\/11\/09\/meyzieu-mouvement-de-greve-prevu-mardi-10-novembre\/\",\"name\":\"MEYZIEU | Mouvement de gr\u00e8ve pr\u00e9vu mardi 10 novembre - News Est Lyonnais\",\"isPartOf\":{\"@id\":\"https:\/\/newsestlyonnais.fr\/site\/#website\"},\"primaryImageOfPage\":{\"@id\":\"https:\/\/newsestlyonnais.fr\/site\/2020\/11\/09\/meyzieu-mouvement-de-greve-prevu-mardi-10-novembre\/#primaryimage\"},\"image\":{\"@id\":\"https:\/\/newsestlyonnais.fr\/site\/2020\/11\/09\/meyzieu-mouvement-de-greve-prevu-mardi-10-novembre\/#primaryimage\"},\"thumbnailUrl\":\"https:\/\/newsestlyonnais.fr\/site\/wp-content\/uploads\/2020\/05\/NEWSESTLYONNAIS-VUE-MEYZIEU.jpg\",\"datePublished\":\"2020-11-09T13:27:26+00:00\",\"description\":\"MEYZIEU | Mouvement de gr\u00e8ve pr\u00e9vu mardi 10 novembre\",\"breadcrumb\":{\"@id\":\"https:\/\/newsestlyonnais.fr\/site\/2020\/11\/09\/meyzieu-mouvement-de-greve-prevu-mardi-10-novembre\/#breadcrumb\"},\"inLanguage\":\"fr-FR\",\"potentialAction\":[{\"@type\":\"ReadAction\",\"target\":[\"https:\/\/newsestlyonnais.fr\/site\/2020\/11\/09\/meyzieu-mouvement-de-greve-prevu-mardi-10-novembre\/\"]}]},{\"@type\":\"ImageObject\",\"inLanguage\":\"fr-FR\",\"@id\":\"https:\/\/newsestlyonnais.fr\/site\/2020\/11\/09\/meyzieu-mouvement-de-greve-prevu-mardi-10-novembre\/#primaryimage\",\"url\":\"https:\/\/newsestlyonnais.fr\/site\/wp-content\/uploads\/2020\/05\/NEWSESTLYONNAIS-VUE-MEYZIEU.jpg\",\"contentUrl\":\"https:\/\/newsestlyonnais.fr\/site\/wp-content\/uploads\/2020\/05\/NEWSESTLYONNAIS-VUE-MEYZIEU.jpg\",\"width\":1280,\"height\":960},{\"@type\":\"BreadcrumbList\",\"@id\":\"https:\/\/newsestlyonnais.fr\/site\/2020\/11\/09\/meyzieu-mouvement-de-greve-prevu-mardi-10-novembre\/#breadcrumb\",\"itemListElement\":[{\"@type\":\"ListItem\",\"position\":1,\"name\":\"Accueil\",\"item\":\"https:\/\/newsestlyonnais.fr\/site\/\"},{\"@type\":\"ListItem\",\"position\":2,\"name\":\"MEYZIEU | Mouvement de gr\u00e8ve pr\u00e9vu mardi 10 novembre\"}]},{\"@type\":\"WebSite\",\"@id\":\"https:\/\/newsestlyonnais.fr\/site\/#website\",\"url\":\"https:\/\/newsestlyonnais.fr\/site\/\",\"name\":\"News Est Lyonnais\",\"description\":\"L&#039;actualit\u00e9 au plus pr\u00e8s\",\"publisher\":{\"@id\":\"https:\/\/newsestlyonnais.fr\/site\/#organization\"},\"potentialAction\":[{\"@type\":\"SearchAction\",\"target\":{\"@type\":\"EntryPoint\",\"urlTemplate\":\"https:\/\/newsestlyonnais.fr\/site\/?s={search_term_string}\"},\"query-input\":{\"@type\":\"PropertyValueSpecification\",\"valueRequired\":true,\"valueName\":\"search_term_string\"}}],\"inLanguage\":\"fr-FR\"},{\"@type\":\"Organization\",\"@id\":\"https:\/\/newsestlyonnais.fr\/site\/#organization\",\"name\":\"News EST LYONNAIS\",\"url\":\"https:\/\/newsestlyonnais.fr\/site\/\",\"logo\":{\"@type\":\"ImageObject\",\"inLanguage\":\"fr-FR\",\"@id\":\"https:\/\/newsestlyonnais.fr\/site\/#\/schema\/logo\/image\/\",\"url\":\"\",\"contentUrl\":\"\",\"caption\":\"News EST LYONNAIS\"},\"image\":{\"@id\":\"https:\/\/newsestlyonnais.fr\/site\/#\/schema\/logo\/image\/\"}},{\"@type\":\"Person\",\"@id\":\"https:\/\/newsestlyonnais.fr\/site\/#\/schema\/person\/3230d5615f390bb808365d673001e887\",\"name\":\"R\u00e9dac. NEWS\",\"sameAs\":[\"http:\/\/www.newsestlyonnais.fr\",\"https:\/\/www.facebook.com\/pascal.oberson.1?fref=ts\",\"https:\/\/fr.linkedin.com\/in\/pascal-oberson-b17045113\"],\"url\":\"https:\/\/newsestlyonnais.fr\/site\/author\/nel\/\"}]}<\/script>\n<!-- \/ Yoast SEO plugin. -->","yoast_head_json":{"title":"MEYZIEU | Mouvement de gr\u00e8ve pr\u00e9vu mardi 10 novembre - News Est Lyonnais","description":"MEYZIEU | Mouvement de gr\u00e8ve pr\u00e9vu mardi 10 novembre","robots":{"index":"index","follow":"follow","max-snippet":"max-snippet:-1","max-image-preview":"max-image-preview:large","max-video-preview":"max-video-preview:-1"},"canonical":"https:\/\/newsestlyonnais.fr\/site\/2020\/11\/09\/meyzieu-mouvement-de-greve-prevu-mardi-10-novembre\/","og_locale":"fr_FR","og_type":"article","og_title":"MEYZIEU | Mouvement de gr\u00e8ve pr\u00e9vu mardi 10 novembre - News Est Lyonnais","og_description":"MEYZIEU | Mouvement de gr\u00e8ve pr\u00e9vu mardi 10 novembre","og_url":"https:\/\/newsestlyonnais.fr\/site\/2020\/11\/09\/meyzieu-mouvement-de-greve-prevu-mardi-10-novembre\/","og_site_name":"News Est Lyonnais","article_author":"https:\/\/www.facebook.com\/pascal.oberson.1?fref=ts","article_published_time":"2020-11-09T13:27:26+00:00","og_image":[{"width":1280,"height":960,"url":"https:\/\/i0.wp.com\/newsestlyonnais.fr\/site\/wp-content\/uploads\/2020\/05\/NEWSESTLYONNAIS-VUE-MEYZIEU.jpg?fit=1280%2C960&ssl=1","type":"image\/jpeg"}],"author":"R\u00e9dac. NEWS","twitter_card":"summary_large_image","twitter_misc":{"\u00c9crit par":"R\u00e9dac. NEWS","Dur\u00e9e de lecture estim\u00e9e":"1 minute"},"schema":{"@context":"https:\/\/schema.org","@graph":[{"@type":"Article","@id":"https:\/\/newsestlyonnais.fr\/site\/2020\/11\/09\/meyzieu-mouvement-de-greve-prevu-mardi-10-novembre\/#article","isPartOf":{"@id":"https:\/\/newsestlyonnais.fr\/site\/2020\/11\/09\/meyzieu-mouvement-de-greve-prevu-mardi-10-novembre\/"},"author":{"name":"R\u00e9dac. NEWS","@id":"https:\/\/newsestlyonnais.fr\/site\/#\/schema\/person\/3230d5615f390bb808365d673001e887"},"headline":"MEYZIEU | Mouvement de gr\u00e8ve pr\u00e9vu mardi 10 novembre","datePublished":"2020-11-09T13:27:26+00:00","mainEntityOfPage":{"@id":"https:\/\/newsestlyonnais.fr\/site\/2020\/11\/09\/meyzieu-mouvement-de-greve-prevu-mardi-10-novembre\/"},"wordCount":248,"commentCount":0,"publisher":{"@id":"https:\/\/newsestlyonnais.fr\/site\/#organization"},"image":{"@id":"https:\/\/newsestlyonnais.fr\/site\/2020\/11\/09\/meyzieu-mouvement-de-greve-prevu-mardi-10-novembre\/#primaryimage"},"thumbnailUrl":"https:\/\/newsestlyonnais.fr\/site\/wp-content\/uploads\/2020\/05\/NEWSESTLYONNAIS-VUE-MEYZIEU.jpg","articleSection":["Br\u00e8ves de l'Est lyonnais","Meyzieu","Scolaire"],"inLanguage":"fr-FR","potentialAction":[{"@type":"CommentAction","name":"Comment","target":["https:\/\/newsestlyonnais.fr\/site\/2020\/11\/09\/meyzieu-mouvement-de-greve-prevu-mardi-10-novembre\/#respond"]}]},{"@type":"WebPage","@id":"https:\/\/newsestlyonnais.fr\/site\/2020\/11\/09\/meyzieu-mouvement-de-greve-prevu-mardi-10-novembre\/","url":"https:\/\/newsestlyonnais.fr\/site\/2020\/11\/09\/meyzieu-mouvement-de-greve-prevu-mardi-10-novembre\/","name":"MEYZIEU | Mouvement de gr\u00e8ve pr\u00e9vu mardi 10 novembre - News Est Lyonnais","isPartOf":{"@id":"https:\/\/newsestlyonnais.fr\/site\/#website"},"primaryImageOfPage":{"@id":"https:\/\/newsestlyonnais.fr\/site\/2020\/11\/09\/meyzieu-mouvement-de-greve-prevu-mardi-10-novembre\/#primaryimage"},"image":{"@id":"https:\/\/newsestlyonnais.fr\/site\/2020\/11\/09\/meyzieu-mouvement-de-greve-prevu-mardi-10-novembre\/#primaryimage"},"thumbnailUrl":"https:\/\/newsestlyonnais.fr\/site\/wp-content\/uploads\/2020\/05\/NEWSESTLYONNAIS-VUE-MEYZIEU.jpg","datePublished":"2020-11-09T13:27:26+00:00","description":"MEYZIEU | Mouvement de gr\u00e8ve pr\u00e9vu mardi 10 novembre","breadcrumb":{"@id":"https:\/\/newsestlyonnais.fr\/site\/2020\/11\/09\/meyzieu-mouvement-de-greve-prevu-mardi-10-novembre\/#breadcrumb"},"inLanguage":"fr-FR","potentialAction":[{"@type":"ReadAction","target":["https:\/\/newsestlyonnais.fr\/site\/2020\/11\/09\/meyzieu-mouvement-de-greve-prevu-mardi-10-novembre\/"]}]},{"@type":"ImageObject","inLanguage":"fr-FR","@id":"https:\/\/newsestlyonnais.fr\/site\/2020\/11\/09\/meyzieu-mouvement-de-greve-prevu-mardi-10-novembre\/#primaryimage","url":"https:\/\/newsestlyonnais.fr\/site\/wp-content\/uploads\/2020\/05\/NEWSESTLYONNAIS-VUE-MEYZIEU.jpg","contentUrl":"https:\/\/newsestlyonnais.fr\/site\/wp-content\/uploads\/2020\/05\/NEWSESTLYONNAIS-VUE-MEYZIEU.jpg","width":1280,"height":960},{"@type":"BreadcrumbList","@id":"https:\/\/newsestlyonnais.fr\/site\/2020\/11\/09\/meyzieu-mouvement-de-greve-prevu-mardi-10-novembre\/#breadcrumb","itemListElement":[{"@type":"ListItem","position":1,"name":"Accueil","item":"https:\/\/newsestlyonnais.fr\/site\/"},{"@type":"ListItem","position":2,"name":"MEYZIEU | Mouvement de gr\u00e8ve pr\u00e9vu mardi 10 novembre"}]},{"@type":"WebSite","@id":"https:\/\/newsestlyonnais.fr\/site\/#website","url":"https:\/\/newsestlyonnais.fr\/site\/","name":"News Est Lyonnais","description":"L&#039;actualit\u00e9 au plus pr\u00e8s","publisher":{"@id":"https:\/\/newsestlyonnais.fr\/site\/#organization"},"potentialAction":[{"@type":"SearchAction","target":{"@type":"EntryPoint","urlTemplate":"https:\/\/newsestlyonnais.fr\/site\/?s={search_term_string}"},"query-input":{"@type":"PropertyValueSpecification","valueRequired":true,"valueName":"search_term_string"}}],"inLanguage":"fr-FR"},{"@type":"Organization","@id":"https:\/\/newsestlyonnais.fr\/site\/#organization","name":"News EST LYONNAIS","url":"https:\/\/newsestlyonnais.fr\/site\/","logo":{"@type":"ImageObject","inLanguage":"fr-FR","@id":"https:\/\/newsestlyonnais.fr\/site\/#\/schema\/logo\/image\/","url":"","contentUrl":"","caption":"News EST LYONNAIS"},"image":{"@id":"https:\/\/newsestlyonnais.fr\/site\/#\/schema\/logo\/image\/"}},{"@type":"Person","@id":"https:\/\/newsestlyonnais.fr\/site\/#\/schema\/person\/3230d5615f390bb808365d673001e887","name":"R\u00e9dac. NEWS","sameAs":["http:\/\/www.newsestlyonnais.fr","https:\/\/www.facebook.com\/pascal.oberson.1?fref=ts","https:\/\/fr.linkedin.com\/in\/pascal-oberson-b17045113"],"url":"https:\/\/newsestlyonnais.fr\/site\/author\/nel\/"}]}},"_links":{"self":[{"href":"https:\/\/newsestlyonnais.fr\/site\/wp-json\/wp\/v2\/posts\/116383","targetHints":{"allow":["GET"]}}],"collection":[{"href":"https:\/\/newsestlyonnais.fr\/site\/wp-json\/wp\/v2\/posts"}],"about":[{"href":"https:\/\/newsestlyonnais.fr\/site\/wp-json\/wp\/v2\/types\/post"}],"author":[{"embeddable":true,"href":"https:\/\/newsestlyonnais.fr\/site\/wp-json\/wp\/v2\/users\/4"}],"replies":[{"embeddable":true,"href":"https:\/\/newsestlyonnais.fr\/site\/wp-json\/wp\/v2\/comments?post=116383"}],"version-history":[{"count":0,"href":"https:\/\/newsestlyonnais.fr\/site\/wp-json\/wp\/v2\/posts\/116383\/revisions"}],"wp:featuredmedia":[{"embeddable":true,"href":"https:\/\/newsestlyonnais.fr\/site\/wp-json\/wp\/v2\/media\/101256"}],"wp:attachment":[{"href":"https:\/\/newsestlyonnais.fr\/site\/wp-json\/wp\/v2\/media?parent=116383"}],"wp:term":[{"taxonomy":"category","embeddable":true,"href":"https:\/\/newsestlyonnais.fr\/site\/wp-json\/wp\/v2\/categories?post=116383"},{"taxonomy":"post_tag","embeddable":true,"href":"https:\/\/newsestlyonnais.fr\/site\/wp-json\/wp\/v2\/tags?post=116383"}],"curies":[{"name":"wp","href":"https:\/\/api.w.org\/{rel}","templated":true}]}}