{"id":116685,"date":"2020-11-10T17:56:21","date_gmt":"2020-11-10T16:56:21","guid":{"rendered":"http:\/\/newsestlyonnais.fr\/site\/?p=116685"},"modified":"2020-11-10T17:56:21","modified_gmt":"2020-11-10T16:56:21","slug":"bron-commemoration-de-la-disparition-du-general-de-gaulle","status":"publish","type":"post","link":"https:\/\/newsestlyonnais.fr\/site\/2020\/11\/10\/bron-commemoration-de-la-disparition-du-general-de-gaulle\/","title":{"rendered":"BRON | Comm\u00e9moration de la disparition du G\u00e9n\u00e9ral De Gaulle"},"content":{"rendered":"<ul>\n<li><strong>La fa\u00e7ade de l\u2019H\u00f4tel de Ville de Bron lui rend hommage, avec une b\u00e2che g\u00e9ante pr\u00e9sentant Charles De Gaulle \u00e0 Bron (PHOTO A LA UNE)<\/strong>, o\u00f9 il s\u2019est rendu plusieurs fois. Comme ce jeudi 14 septembre 1944, o\u00f9 un DC3 orn\u00e9 de drapeaux tricolores atterrit \u00e0 Bron. Une grande silhouette en sort, passe en revue les troupes venues l\u2019accueillir puis monte dans une voiture qui l\u2019emm\u00e8ne \u00e0 Lyon. Le G\u00e9n\u00e9ral De Gaulle vient saluer la capitale de la R\u00e9sistance et r\u00e9tablir les institutions de la R\u00e9publique. Ce jour-l\u00e0, il se rend \u00e0 la Pr\u00e9fecture, puis passant le pont de la Guilloti\u00e8re (le seul r\u00e9tabli) descend de voiture et parcourt \u00e0 pied la rue de la Barre et la rue de la R\u00e9publique jusqu\u2019\u00e0 l\u2019H\u00f4tel de Ville de Lyon. Du balcon, il prononce un discours face \u00e0 une foule enthousiaste.<\/li>\n<\/ul>\n<ul>\n<li><strong><img loading=\"lazy\" decoding=\"async\" class=\"alignright size-medium wp-image-116692\" src=\"https:\/\/newsestlyonnais.fr\/site\/medias\/2020\/11\/124825646_3442260692524384_2112342248539531859_o-400x267.jpg\" alt=\"\" width=\"400\" height=\"267\" srcset=\"https:\/\/newsestlyonnais.fr\/site\/wp-content\/uploads\/2020\/11\/124825646_3442260692524384_2112342248539531859_o-400x267.jpg 400w, https:\/\/newsestlyonnais.fr\/site\/wp-content\/uploads\/2020\/11\/124825646_3442260692524384_2112342248539531859_o-650x433.jpg 650w, https:\/\/newsestlyonnais.fr\/site\/wp-content\/uploads\/2020\/11\/124825646_3442260692524384_2112342248539531859_o-250x167.jpg 250w, https:\/\/newsestlyonnais.fr\/site\/wp-content\/uploads\/2020\/11\/124825646_3442260692524384_2112342248539531859_o-768x512.jpg 768w, https:\/\/newsestlyonnais.fr\/site\/wp-content\/uploads\/2020\/11\/124825646_3442260692524384_2112342248539531859_o-150x100.jpg 150w, https:\/\/newsestlyonnais.fr\/site\/wp-content\/uploads\/2020\/11\/124825646_3442260692524384_2112342248539531859_o-50x33.jpg 50w, https:\/\/newsestlyonnais.fr\/site\/wp-content\/uploads\/2020\/11\/124825646_3442260692524384_2112342248539531859_o-100x67.jpg 100w, https:\/\/newsestlyonnais.fr\/site\/wp-content\/uploads\/2020\/11\/124825646_3442260692524384_2112342248539531859_o-200x133.jpg 200w, https:\/\/newsestlyonnais.fr\/site\/wp-content\/uploads\/2020\/11\/124825646_3442260692524384_2112342248539531859_o-300x200.jpg 300w, https:\/\/newsestlyonnais.fr\/site\/wp-content\/uploads\/2020\/11\/124825646_3442260692524384_2112342248539531859_o-350x233.jpg 350w, https:\/\/newsestlyonnais.fr\/site\/wp-content\/uploads\/2020\/11\/124825646_3442260692524384_2112342248539531859_o-450x300.jpg 450w, https:\/\/newsestlyonnais.fr\/site\/wp-content\/uploads\/2020\/11\/124825646_3442260692524384_2112342248539531859_o-500x333.jpg 500w, https:\/\/newsestlyonnais.fr\/site\/wp-content\/uploads\/2020\/11\/124825646_3442260692524384_2112342248539531859_o-550x367.jpg 550w, https:\/\/newsestlyonnais.fr\/site\/wp-content\/uploads\/2020\/11\/124825646_3442260692524384_2112342248539531859_o-800x533.jpg 800w, https:\/\/newsestlyonnais.fr\/site\/wp-content\/uploads\/2020\/11\/124825646_3442260692524384_2112342248539531859_o.jpg 1200w\" sizes=\"auto, (max-width: 400px) 100vw, 400px\" \/>Une c\u00e9r\u00e9monie comm\u00e9morative s\u2019est d\u00e9roul\u00e9e lundi 9 novembre<\/strong>, sans public, en raison des consignes sanitaires, devant la St\u00e8le Charles De Gaulle, \u00e0 Bron, en pr\u00e9sence du Maire de Bron J\u00e9r\u00e9mie Br\u00e9aud, du Conseiller municipal d\u00e9l\u00e9gu\u00e9 au Devoir de M\u00e9moire et aux Anciens Combattants St\u00e9phane Genin, et des membres du Comit\u00e9 de Liaison des Anciens Combattants et R\u00e9sistants de Bron.<\/li>\n<\/ul>\n<p><strong>PHOTOS \/ Droits R\u00e9serv\u00e9s \/ Ville de Bron<\/strong><\/p>\n<hr \/>\n<p><strong><em>Toute l&rsquo;ACTU de la commune est sur :<\/em> <span style=\"color: #0000ff;\"><a style=\"color: #0000ff;\" href=\"https:\/\/www.ville-bron.fr\">https:\/\/www.ville-bron.fr<\/a><\/span><\/strong><\/p>\n","protected":false},"excerpt":{"rendered":"<p>En novembre, la Ville de Bron comm\u00e9more l\u2019anniversaire des 50 ans de sa disparition. <\/p>\n","protected":false},"author":4,"featured_media":116690,"comment_status":"open","ping_status":"open","sticky":false,"template":"","format":"standard","meta":{"footnotes":""},"categories":[30,19,1219],"tags":[],"class_list":["post-116685","post","type-post","status-publish","format-standard","has-post-thumbnail","hentry","category-a-la-une","category-bron","category-religion-seniors-souvenir"],"yoast_head":"<!-- This site is optimized with the Yoast SEO plugin v27.2 - https:\/\/yoast.com\/product\/yoast-seo-wordpress\/ -->\n<title>BRON | Comm\u00e9moration de la disparition du G\u00e9n\u00e9ral De Gaulle - News Est Lyonnais<\/title>\n<meta name=\"description\" content=\"BRON | Comm\u00e9moration de la disparition du G\u00e9n\u00e9ral De Gaulle\" \/>\n<meta name=\"robots\" content=\"index, follow, max-snippet:-1, max-image-preview:large, max-video-preview:-1\" \/>\n<link rel=\"canonical\" href=\"https:\/\/newsestlyonnais.fr\/site\/2020\/11\/10\/bron-commemoration-de-la-disparition-du-general-de-gaulle\/\" \/>\n<meta property=\"og:locale\" content=\"fr_FR\" \/>\n<meta property=\"og:type\" content=\"article\" \/>\n<meta property=\"og:title\" content=\"BRON | Comm\u00e9moration de la disparition du G\u00e9n\u00e9ral De Gaulle - News Est Lyonnais\" \/>\n<meta property=\"og:description\" content=\"BRON | Comm\u00e9moration de la disparition du G\u00e9n\u00e9ral De Gaulle\" \/>\n<meta property=\"og:url\" content=\"https:\/\/newsestlyonnais.fr\/site\/2020\/11\/10\/bron-commemoration-de-la-disparition-du-general-de-gaulle\/\" \/>\n<meta property=\"og:site_name\" content=\"News Est Lyonnais\" \/>\n<meta property=\"article:author\" content=\"https:\/\/www.facebook.com\/pascal.oberson.1?fref=ts\" \/>\n<meta property=\"article:published_time\" content=\"2020-11-10T16:56:21+00:00\" \/>\n<meta property=\"og:image\" content=\"https:\/\/i1.wp.com\/newsestlyonnais.fr\/site\/wp-content\/uploads\/2020\/11\/124760423_3442284992521954_1918870647388152485_o.jpg?fit=1200%2C800&ssl=1\" \/>\n\t<meta property=\"og:image:width\" content=\"1200\" \/>\n\t<meta property=\"og:image:height\" content=\"800\" \/>\n\t<meta property=\"og:image:type\" content=\"image\/jpeg\" \/>\n<meta name=\"author\" content=\"R\u00e9dac. NEWS\" \/>\n<meta name=\"twitter:card\" content=\"summary_large_image\" \/>\n<meta name=\"twitter:label1\" content=\"\u00c9crit par\" \/>\n\t<meta name=\"twitter:data1\" content=\"R\u00e9dac. NEWS\" \/>\n\t<meta name=\"twitter:label2\" content=\"Dur\u00e9e de lecture estim\u00e9e\" \/>\n\t<meta name=\"twitter:data2\" content=\"1 minute\" \/>\n<script type=\"application\/ld+json\" class=\"yoast-schema-graph\">{\"@context\":\"https:\/\/schema.org\",\"@graph\":[{\"@type\":\"Article\",\"@id\":\"https:\/\/newsestlyonnais.fr\/site\/2020\/11\/10\/bron-commemoration-de-la-disparition-du-general-de-gaulle\/#article\",\"isPartOf\":{\"@id\":\"https:\/\/newsestlyonnais.fr\/site\/2020\/11\/10\/bron-commemoration-de-la-disparition-du-general-de-gaulle\/\"},\"author\":{\"name\":\"R\u00e9dac. NEWS\",\"@id\":\"https:\/\/newsestlyonnais.fr\/site\/#\/schema\/person\/3230d5615f390bb808365d673001e887\"},\"headline\":\"BRON | Comm\u00e9moration de la disparition du G\u00e9n\u00e9ral De Gaulle\",\"datePublished\":\"2020-11-10T16:56:21+00:00\",\"mainEntityOfPage\":{\"@id\":\"https:\/\/newsestlyonnais.fr\/site\/2020\/11\/10\/bron-commemoration-de-la-disparition-du-general-de-gaulle\/\"},\"wordCount\":257,\"commentCount\":0,\"publisher\":{\"@id\":\"https:\/\/newsestlyonnais.fr\/site\/#organization\"},\"image\":{\"@id\":\"https:\/\/newsestlyonnais.fr\/site\/2020\/11\/10\/bron-commemoration-de-la-disparition-du-general-de-gaulle\/#primaryimage\"},\"thumbnailUrl\":\"https:\/\/newsestlyonnais.fr\/site\/wp-content\/uploads\/2020\/11\/124760423_3442284992521954_1918870647388152485_o.jpg\",\"articleSection\":[\"\u00e0 la une\",\"Bron\",\"Religion | Seniors | Souvenir\"],\"inLanguage\":\"fr-FR\",\"potentialAction\":[{\"@type\":\"CommentAction\",\"name\":\"Comment\",\"target\":[\"https:\/\/newsestlyonnais.fr\/site\/2020\/11\/10\/bron-commemoration-de-la-disparition-du-general-de-gaulle\/#respond\"]}]},{\"@type\":\"WebPage\",\"@id\":\"https:\/\/newsestlyonnais.fr\/site\/2020\/11\/10\/bron-commemoration-de-la-disparition-du-general-de-gaulle\/\",\"url\":\"https:\/\/newsestlyonnais.fr\/site\/2020\/11\/10\/bron-commemoration-de-la-disparition-du-general-de-gaulle\/\",\"name\":\"BRON | Comm\u00e9moration de la disparition du G\u00e9n\u00e9ral De Gaulle - News Est Lyonnais\",\"isPartOf\":{\"@id\":\"https:\/\/newsestlyonnais.fr\/site\/#website\"},\"primaryImageOfPage\":{\"@id\":\"https:\/\/newsestlyonnais.fr\/site\/2020\/11\/10\/bron-commemoration-de-la-disparition-du-general-de-gaulle\/#primaryimage\"},\"image\":{\"@id\":\"https:\/\/newsestlyonnais.fr\/site\/2020\/11\/10\/bron-commemoration-de-la-disparition-du-general-de-gaulle\/#primaryimage\"},\"thumbnailUrl\":\"https:\/\/newsestlyonnais.fr\/site\/wp-content\/uploads\/2020\/11\/124760423_3442284992521954_1918870647388152485_o.jpg\",\"datePublished\":\"2020-11-10T16:56:21+00:00\",\"description\":\"BRON | Comm\u00e9moration de la disparition du G\u00e9n\u00e9ral De Gaulle\",\"breadcrumb\":{\"@id\":\"https:\/\/newsestlyonnais.fr\/site\/2020\/11\/10\/bron-commemoration-de-la-disparition-du-general-de-gaulle\/#breadcrumb\"},\"inLanguage\":\"fr-FR\",\"potentialAction\":[{\"@type\":\"ReadAction\",\"target\":[\"https:\/\/newsestlyonnais.fr\/site\/2020\/11\/10\/bron-commemoration-de-la-disparition-du-general-de-gaulle\/\"]}]},{\"@type\":\"ImageObject\",\"inLanguage\":\"fr-FR\",\"@id\":\"https:\/\/newsestlyonnais.fr\/site\/2020\/11\/10\/bron-commemoration-de-la-disparition-du-general-de-gaulle\/#primaryimage\",\"url\":\"https:\/\/newsestlyonnais.fr\/site\/wp-content\/uploads\/2020\/11\/124760423_3442284992521954_1918870647388152485_o.jpg\",\"contentUrl\":\"https:\/\/newsestlyonnais.fr\/site\/wp-content\/uploads\/2020\/11\/124760423_3442284992521954_1918870647388152485_o.jpg\",\"width\":1200,\"height\":800},{\"@type\":\"BreadcrumbList\",\"@id\":\"https:\/\/newsestlyonnais.fr\/site\/2020\/11\/10\/bron-commemoration-de-la-disparition-du-general-de-gaulle\/#breadcrumb\",\"itemListElement\":[{\"@type\":\"ListItem\",\"position\":1,\"name\":\"Accueil\",\"item\":\"https:\/\/newsestlyonnais.fr\/site\/\"},{\"@type\":\"ListItem\",\"position\":2,\"name\":\"BRON | Comm\u00e9moration de la disparition du G\u00e9n\u00e9ral De Gaulle\"}]},{\"@type\":\"WebSite\",\"@id\":\"https:\/\/newsestlyonnais.fr\/site\/#website\",\"url\":\"https:\/\/newsestlyonnais.fr\/site\/\",\"name\":\"News Est Lyonnais\",\"description\":\"L&#039;actualit\u00e9 au plus pr\u00e8s\",\"publisher\":{\"@id\":\"https:\/\/newsestlyonnais.fr\/site\/#organization\"},\"potentialAction\":[{\"@type\":\"SearchAction\",\"target\":{\"@type\":\"EntryPoint\",\"urlTemplate\":\"https:\/\/newsestlyonnais.fr\/site\/?s={search_term_string}\"},\"query-input\":{\"@type\":\"PropertyValueSpecification\",\"valueRequired\":true,\"valueName\":\"search_term_string\"}}],\"inLanguage\":\"fr-FR\"},{\"@type\":\"Organization\",\"@id\":\"https:\/\/newsestlyonnais.fr\/site\/#organization\",\"name\":\"News EST LYONNAIS\",\"url\":\"https:\/\/newsestlyonnais.fr\/site\/\",\"logo\":{\"@type\":\"ImageObject\",\"inLanguage\":\"fr-FR\",\"@id\":\"https:\/\/newsestlyonnais.fr\/site\/#\/schema\/logo\/image\/\",\"url\":\"\",\"contentUrl\":\"\",\"caption\":\"News EST LYONNAIS\"},\"image\":{\"@id\":\"https:\/\/newsestlyonnais.fr\/site\/#\/schema\/logo\/image\/\"}},{\"@type\":\"Person\",\"@id\":\"https:\/\/newsestlyonnais.fr\/site\/#\/schema\/person\/3230d5615f390bb808365d673001e887\",\"name\":\"R\u00e9dac. NEWS\",\"sameAs\":[\"http:\/\/www.newsestlyonnais.fr\",\"https:\/\/www.facebook.com\/pascal.oberson.1?fref=ts\",\"https:\/\/fr.linkedin.com\/in\/pascal-oberson-b17045113\"],\"url\":\"https:\/\/newsestlyonnais.fr\/site\/author\/nel\/\"}]}<\/script>\n<!-- \/ Yoast SEO plugin. -->","yoast_head_json":{"title":"BRON | Comm\u00e9moration de la disparition du G\u00e9n\u00e9ral De Gaulle - News Est Lyonnais","description":"BRON | Comm\u00e9moration de la disparition du G\u00e9n\u00e9ral De Gaulle","robots":{"index":"index","follow":"follow","max-snippet":"max-snippet:-1","max-image-preview":"max-image-preview:large","max-video-preview":"max-video-preview:-1"},"canonical":"https:\/\/newsestlyonnais.fr\/site\/2020\/11\/10\/bron-commemoration-de-la-disparition-du-general-de-gaulle\/","og_locale":"fr_FR","og_type":"article","og_title":"BRON | Comm\u00e9moration de la disparition du G\u00e9n\u00e9ral De Gaulle - News Est Lyonnais","og_description":"BRON | Comm\u00e9moration de la disparition du G\u00e9n\u00e9ral De Gaulle","og_url":"https:\/\/newsestlyonnais.fr\/site\/2020\/11\/10\/bron-commemoration-de-la-disparition-du-general-de-gaulle\/","og_site_name":"News Est Lyonnais","article_author":"https:\/\/www.facebook.com\/pascal.oberson.1?fref=ts","article_published_time":"2020-11-10T16:56:21+00:00","og_image":[{"width":1200,"height":800,"url":"https:\/\/i1.wp.com\/newsestlyonnais.fr\/site\/wp-content\/uploads\/2020\/11\/124760423_3442284992521954_1918870647388152485_o.jpg?fit=1200%2C800&ssl=1","type":"image\/jpeg"}],"author":"R\u00e9dac. NEWS","twitter_card":"summary_large_image","twitter_misc":{"\u00c9crit par":"R\u00e9dac. NEWS","Dur\u00e9e de lecture estim\u00e9e":"1 minute"},"schema":{"@context":"https:\/\/schema.org","@graph":[{"@type":"Article","@id":"https:\/\/newsestlyonnais.fr\/site\/2020\/11\/10\/bron-commemoration-de-la-disparition-du-general-de-gaulle\/#article","isPartOf":{"@id":"https:\/\/newsestlyonnais.fr\/site\/2020\/11\/10\/bron-commemoration-de-la-disparition-du-general-de-gaulle\/"},"author":{"name":"R\u00e9dac. NEWS","@id":"https:\/\/newsestlyonnais.fr\/site\/#\/schema\/person\/3230d5615f390bb808365d673001e887"},"headline":"BRON | Comm\u00e9moration de la disparition du G\u00e9n\u00e9ral De Gaulle","datePublished":"2020-11-10T16:56:21+00:00","mainEntityOfPage":{"@id":"https:\/\/newsestlyonnais.fr\/site\/2020\/11\/10\/bron-commemoration-de-la-disparition-du-general-de-gaulle\/"},"wordCount":257,"commentCount":0,"publisher":{"@id":"https:\/\/newsestlyonnais.fr\/site\/#organization"},"image":{"@id":"https:\/\/newsestlyonnais.fr\/site\/2020\/11\/10\/bron-commemoration-de-la-disparition-du-general-de-gaulle\/#primaryimage"},"thumbnailUrl":"https:\/\/newsestlyonnais.fr\/site\/wp-content\/uploads\/2020\/11\/124760423_3442284992521954_1918870647388152485_o.jpg","articleSection":["\u00e0 la une","Bron","Religion | Seniors | Souvenir"],"inLanguage":"fr-FR","potentialAction":[{"@type":"CommentAction","name":"Comment","target":["https:\/\/newsestlyonnais.fr\/site\/2020\/11\/10\/bron-commemoration-de-la-disparition-du-general-de-gaulle\/#respond"]}]},{"@type":"WebPage","@id":"https:\/\/newsestlyonnais.fr\/site\/2020\/11\/10\/bron-commemoration-de-la-disparition-du-general-de-gaulle\/","url":"https:\/\/newsestlyonnais.fr\/site\/2020\/11\/10\/bron-commemoration-de-la-disparition-du-general-de-gaulle\/","name":"BRON | Comm\u00e9moration de la disparition du G\u00e9n\u00e9ral De Gaulle - News Est Lyonnais","isPartOf":{"@id":"https:\/\/newsestlyonnais.fr\/site\/#website"},"primaryImageOfPage":{"@id":"https:\/\/newsestlyonnais.fr\/site\/2020\/11\/10\/bron-commemoration-de-la-disparition-du-general-de-gaulle\/#primaryimage"},"image":{"@id":"https:\/\/newsestlyonnais.fr\/site\/2020\/11\/10\/bron-commemoration-de-la-disparition-du-general-de-gaulle\/#primaryimage"},"thumbnailUrl":"https:\/\/newsestlyonnais.fr\/site\/wp-content\/uploads\/2020\/11\/124760423_3442284992521954_1918870647388152485_o.jpg","datePublished":"2020-11-10T16:56:21+00:00","description":"BRON | Comm\u00e9moration de la disparition du G\u00e9n\u00e9ral De Gaulle","breadcrumb":{"@id":"https:\/\/newsestlyonnais.fr\/site\/2020\/11\/10\/bron-commemoration-de-la-disparition-du-general-de-gaulle\/#breadcrumb"},"inLanguage":"fr-FR","potentialAction":[{"@type":"ReadAction","target":["https:\/\/newsestlyonnais.fr\/site\/2020\/11\/10\/bron-commemoration-de-la-disparition-du-general-de-gaulle\/"]}]},{"@type":"ImageObject","inLanguage":"fr-FR","@id":"https:\/\/newsestlyonnais.fr\/site\/2020\/11\/10\/bron-commemoration-de-la-disparition-du-general-de-gaulle\/#primaryimage","url":"https:\/\/newsestlyonnais.fr\/site\/wp-content\/uploads\/2020\/11\/124760423_3442284992521954_1918870647388152485_o.jpg","contentUrl":"https:\/\/newsestlyonnais.fr\/site\/wp-content\/uploads\/2020\/11\/124760423_3442284992521954_1918870647388152485_o.jpg","width":1200,"height":800},{"@type":"BreadcrumbList","@id":"https:\/\/newsestlyonnais.fr\/site\/2020\/11\/10\/bron-commemoration-de-la-disparition-du-general-de-gaulle\/#breadcrumb","itemListElement":[{"@type":"ListItem","position":1,"name":"Accueil","item":"https:\/\/newsestlyonnais.fr\/site\/"},{"@type":"ListItem","position":2,"name":"BRON | Comm\u00e9moration de la disparition du G\u00e9n\u00e9ral De Gaulle"}]},{"@type":"WebSite","@id":"https:\/\/newsestlyonnais.fr\/site\/#website","url":"https:\/\/newsestlyonnais.fr\/site\/","name":"News Est Lyonnais","description":"L&#039;actualit\u00e9 au plus pr\u00e8s","publisher":{"@id":"https:\/\/newsestlyonnais.fr\/site\/#organization"},"potentialAction":[{"@type":"SearchAction","target":{"@type":"EntryPoint","urlTemplate":"https:\/\/newsestlyonnais.fr\/site\/?s={search_term_string}"},"query-input":{"@type":"PropertyValueSpecification","valueRequired":true,"valueName":"search_term_string"}}],"inLanguage":"fr-FR"},{"@type":"Organization","@id":"https:\/\/newsestlyonnais.fr\/site\/#organization","name":"News EST LYONNAIS","url":"https:\/\/newsestlyonnais.fr\/site\/","logo":{"@type":"ImageObject","inLanguage":"fr-FR","@id":"https:\/\/newsestlyonnais.fr\/site\/#\/schema\/logo\/image\/","url":"","contentUrl":"","caption":"News EST LYONNAIS"},"image":{"@id":"https:\/\/newsestlyonnais.fr\/site\/#\/schema\/logo\/image\/"}},{"@type":"Person","@id":"https:\/\/newsestlyonnais.fr\/site\/#\/schema\/person\/3230d5615f390bb808365d673001e887","name":"R\u00e9dac. NEWS","sameAs":["http:\/\/www.newsestlyonnais.fr","https:\/\/www.facebook.com\/pascal.oberson.1?fref=ts","https:\/\/fr.linkedin.com\/in\/pascal-oberson-b17045113"],"url":"https:\/\/newsestlyonnais.fr\/site\/author\/nel\/"}]}},"_links":{"self":[{"href":"https:\/\/newsestlyonnais.fr\/site\/wp-json\/wp\/v2\/posts\/116685","targetHints":{"allow":["GET"]}}],"collection":[{"href":"https:\/\/newsestlyonnais.fr\/site\/wp-json\/wp\/v2\/posts"}],"about":[{"href":"https:\/\/newsestlyonnais.fr\/site\/wp-json\/wp\/v2\/types\/post"}],"author":[{"embeddable":true,"href":"https:\/\/newsestlyonnais.fr\/site\/wp-json\/wp\/v2\/users\/4"}],"replies":[{"embeddable":true,"href":"https:\/\/newsestlyonnais.fr\/site\/wp-json\/wp\/v2\/comments?post=116685"}],"version-history":[{"count":0,"href":"https:\/\/newsestlyonnais.fr\/site\/wp-json\/wp\/v2\/posts\/116685\/revisions"}],"wp:featuredmedia":[{"embeddable":true,"href":"https:\/\/newsestlyonnais.fr\/site\/wp-json\/wp\/v2\/media\/116690"}],"wp:attachment":[{"href":"https:\/\/newsestlyonnais.fr\/site\/wp-json\/wp\/v2\/media?parent=116685"}],"wp:term":[{"taxonomy":"category","embeddable":true,"href":"https:\/\/newsestlyonnais.fr\/site\/wp-json\/wp\/v2\/categories?post=116685"},{"taxonomy":"post_tag","embeddable":true,"href":"https:\/\/newsestlyonnais.fr\/site\/wp-json\/wp\/v2\/tags?post=116685"}],"curies":[{"name":"wp","href":"https:\/\/api.w.org\/{rel}","templated":true}]}}