{"id":117047,"date":"2020-11-13T06:42:19","date_gmt":"2020-11-13T05:42:19","guid":{"rendered":"http:\/\/newsestlyonnais.fr\/site\/?p=117047"},"modified":"2020-11-13T06:44:02","modified_gmt":"2020-11-13T05:44:02","slug":"genas-le-jardin-des-imaginaires-se-met-au-click-collect","status":"publish","type":"post","link":"https:\/\/newsestlyonnais.fr\/site\/2020\/11\/13\/genas-le-jardin-des-imaginaires-se-met-au-click-collect\/","title":{"rendered":"GENAS | Le Jardin des imaginaires se met au click &#038; collect"},"content":{"rendered":"<p>Afin de continuer \u00e0 offrir un acc\u00e8s \u00e9galitaire \u00e0 la culture pendant ce nouvel \u00e9pisode de confinement, la ludo-m\u00e9diath\u00e8que de Genas a mis en place <strong>un service de\u00ab pr\u00eat \u00e0 emporter\u00bb, accessible depuis le 10 novembre<\/strong>.<\/p>\n<p>Ferm\u00e9 depuis le vendredi 30 octobre, \u00ab Le Jardin des imaginaires\u00bb <strong>propose ainsi \u00e0 ses abonn\u00e9s de r\u00e9server en ligne les documents qu\u2019ils souhaitent et de prendre rendez-vous pour les r\u00e9cup\u00e9rer<\/strong>.<\/p>\n<hr \/>\n<p><strong>Il est possible de r\u00e9server<\/strong> :<\/p>\n<ul>\n<li>depuis son compte abonn\u00e9 sur le site de la ludo-m\u00e9diath\u00e8que<\/li>\n<li>par t\u00e9l\u00e9phone au 04.72.47.11.24 (du lundi au vendredi de 14 h \u00e0 17 h)<\/li>\n<\/ul>\n<p><strong>jusqu\u2019\u00e0 5 documents indiqu\u00e9s comme disponibles par personne et par semaine<\/strong>. Une fois le ou les documents r\u00e9serv\u00e9(s), l\u2019abonn\u00e9 prend rendez-vous sur une plateforme d\u00e9di\u00e9e. Les permanences propos\u00e9es ont lieu les vendredis (14 h \u00e0 19 h) et samedis (10 h \u00e0 15 h) devant les portes de la ludo-m\u00e9diath\u00e8que, dans les coursives de l\u2019h\u00f4tel de ville.<\/p>\n<p><em><strong>\u00c0 noter \u00e9galement que les pr\u00eats en cours ont \u00e9t\u00e9 prolong\u00e9s jusqu\u2019au 14 d\u00e9cembre et les abonnements de deux mois.<\/strong><\/em><\/p>\n<hr \/>\n<p><strong>Pour en savoir plus<\/strong> : Ludo-m\u00e9diath\u00e8que \u00ab Le Jardin des imaginaires\u00bb T\u00e9l 04.72.47.11.24 \/ <a href=\"https:\/\/www.mediatheque-genas.fr\"><span style=\"color: #0000ff;\">https:\/\/www.mediatheque-genas.fr<\/span><\/a><\/p>\n","protected":false},"excerpt":{"rendered":"<p>La ludo-m\u00e9diath\u00e8que \u00ab Le Jardin des imaginaires \u00bb lance son dispositif de \u00ab pr\u00eat \u00e0 emporter \u00bb.<\/p>\n","protected":false},"author":4,"featured_media":84784,"comment_status":"open","ping_status":"open","sticky":false,"template":"","format":"standard","meta":{"footnotes":""},"categories":[3003,2217,270,1598],"tags":[],"class_list":["post-117047","post","type-post","status-publish","format-standard","has-post-thumbnail","hentry","category-bibliotheque-mediatheque-mjc","category-breves-de-lest-lyonnais","category-cte-de-communes-c-c-e-l","category-genas"],"yoast_head":"<!-- This site is optimized with the Yoast SEO plugin v27.2 - https:\/\/yoast.com\/product\/yoast-seo-wordpress\/ -->\n<title>GENAS | Le Jardin des imaginaires se met au click &amp; collect - News Est Lyonnais<\/title>\n<meta name=\"description\" content=\"GENAS | Le Jardin des imaginaires se met au click &amp; collect\" \/>\n<meta name=\"robots\" content=\"index, follow, max-snippet:-1, max-image-preview:large, max-video-preview:-1\" \/>\n<link rel=\"canonical\" href=\"https:\/\/newsestlyonnais.fr\/site\/2020\/11\/13\/genas-le-jardin-des-imaginaires-se-met-au-click-collect\/\" \/>\n<meta property=\"og:locale\" content=\"fr_FR\" \/>\n<meta property=\"og:type\" content=\"article\" \/>\n<meta property=\"og:title\" content=\"GENAS | Le Jardin des imaginaires se met au click &amp; collect - News Est Lyonnais\" \/>\n<meta property=\"og:description\" content=\"GENAS | Le Jardin des imaginaires se met au click &amp; collect\" \/>\n<meta property=\"og:url\" content=\"https:\/\/newsestlyonnais.fr\/site\/2020\/11\/13\/genas-le-jardin-des-imaginaires-se-met-au-click-collect\/\" \/>\n<meta property=\"og:site_name\" content=\"News Est Lyonnais\" \/>\n<meta property=\"article:author\" content=\"https:\/\/www.facebook.com\/pascal.oberson.1?fref=ts\" \/>\n<meta property=\"article:published_time\" content=\"2020-11-13T05:42:19+00:00\" \/>\n<meta property=\"article:modified_time\" content=\"2020-11-13T05:44:02+00:00\" \/>\n<meta property=\"og:image\" content=\"https:\/\/i2.wp.com\/newsestlyonnais.fr\/site\/wp-content\/uploads\/2019\/10\/NEWSESTLYONNAIS-HV-GENAS.jpg?fit=445%2C250&ssl=1\" \/>\n\t<meta property=\"og:image:width\" content=\"445\" \/>\n\t<meta property=\"og:image:height\" content=\"250\" \/>\n\t<meta property=\"og:image:type\" content=\"image\/jpeg\" \/>\n<meta name=\"author\" content=\"R\u00e9dac. NEWS\" \/>\n<meta name=\"twitter:card\" content=\"summary_large_image\" \/>\n<meta name=\"twitter:label1\" content=\"\u00c9crit par\" \/>\n\t<meta name=\"twitter:data1\" content=\"R\u00e9dac. NEWS\" \/>\n\t<meta name=\"twitter:label2\" content=\"Dur\u00e9e de lecture estim\u00e9e\" \/>\n\t<meta name=\"twitter:data2\" content=\"1 minute\" \/>\n<script type=\"application\/ld+json\" class=\"yoast-schema-graph\">{\"@context\":\"https:\/\/schema.org\",\"@graph\":[{\"@type\":\"Article\",\"@id\":\"https:\/\/newsestlyonnais.fr\/site\/2020\/11\/13\/genas-le-jardin-des-imaginaires-se-met-au-click-collect\/#article\",\"isPartOf\":{\"@id\":\"https:\/\/newsestlyonnais.fr\/site\/2020\/11\/13\/genas-le-jardin-des-imaginaires-se-met-au-click-collect\/\"},\"author\":{\"name\":\"R\u00e9dac. NEWS\",\"@id\":\"https:\/\/newsestlyonnais.fr\/site\/#\/schema\/person\/3230d5615f390bb808365d673001e887\"},\"headline\":\"GENAS | Le Jardin des imaginaires se met au click &#038; collect\",\"datePublished\":\"2020-11-13T05:42:19+00:00\",\"dateModified\":\"2020-11-13T05:44:02+00:00\",\"mainEntityOfPage\":{\"@id\":\"https:\/\/newsestlyonnais.fr\/site\/2020\/11\/13\/genas-le-jardin-des-imaginaires-se-met-au-click-collect\/\"},\"wordCount\":209,\"commentCount\":0,\"publisher\":{\"@id\":\"https:\/\/newsestlyonnais.fr\/site\/#organization\"},\"image\":{\"@id\":\"https:\/\/newsestlyonnais.fr\/site\/2020\/11\/13\/genas-le-jardin-des-imaginaires-se-met-au-click-collect\/#primaryimage\"},\"thumbnailUrl\":\"https:\/\/newsestlyonnais.fr\/site\/wp-content\/uploads\/2019\/10\/NEWSESTLYONNAIS-HV-GENAS.jpg\",\"articleSection\":[\"Biblioth\u00e8que | M\u00e9diath\u00e8que | MJC\",\"Br\u00e8ves de l'Est lyonnais\",\"CCEL | Communes\",\"Genas\"],\"inLanguage\":\"fr-FR\",\"potentialAction\":[{\"@type\":\"CommentAction\",\"name\":\"Comment\",\"target\":[\"https:\/\/newsestlyonnais.fr\/site\/2020\/11\/13\/genas-le-jardin-des-imaginaires-se-met-au-click-collect\/#respond\"]}]},{\"@type\":\"WebPage\",\"@id\":\"https:\/\/newsestlyonnais.fr\/site\/2020\/11\/13\/genas-le-jardin-des-imaginaires-se-met-au-click-collect\/\",\"url\":\"https:\/\/newsestlyonnais.fr\/site\/2020\/11\/13\/genas-le-jardin-des-imaginaires-se-met-au-click-collect\/\",\"name\":\"GENAS | Le Jardin des imaginaires se met au click & collect - News Est Lyonnais\",\"isPartOf\":{\"@id\":\"https:\/\/newsestlyonnais.fr\/site\/#website\"},\"primaryImageOfPage\":{\"@id\":\"https:\/\/newsestlyonnais.fr\/site\/2020\/11\/13\/genas-le-jardin-des-imaginaires-se-met-au-click-collect\/#primaryimage\"},\"image\":{\"@id\":\"https:\/\/newsestlyonnais.fr\/site\/2020\/11\/13\/genas-le-jardin-des-imaginaires-se-met-au-click-collect\/#primaryimage\"},\"thumbnailUrl\":\"https:\/\/newsestlyonnais.fr\/site\/wp-content\/uploads\/2019\/10\/NEWSESTLYONNAIS-HV-GENAS.jpg\",\"datePublished\":\"2020-11-13T05:42:19+00:00\",\"dateModified\":\"2020-11-13T05:44:02+00:00\",\"description\":\"GENAS | Le Jardin des imaginaires se met au click & collect\",\"breadcrumb\":{\"@id\":\"https:\/\/newsestlyonnais.fr\/site\/2020\/11\/13\/genas-le-jardin-des-imaginaires-se-met-au-click-collect\/#breadcrumb\"},\"inLanguage\":\"fr-FR\",\"potentialAction\":[{\"@type\":\"ReadAction\",\"target\":[\"https:\/\/newsestlyonnais.fr\/site\/2020\/11\/13\/genas-le-jardin-des-imaginaires-se-met-au-click-collect\/\"]}]},{\"@type\":\"ImageObject\",\"inLanguage\":\"fr-FR\",\"@id\":\"https:\/\/newsestlyonnais.fr\/site\/2020\/11\/13\/genas-le-jardin-des-imaginaires-se-met-au-click-collect\/#primaryimage\",\"url\":\"https:\/\/newsestlyonnais.fr\/site\/wp-content\/uploads\/2019\/10\/NEWSESTLYONNAIS-HV-GENAS.jpg\",\"contentUrl\":\"https:\/\/newsestlyonnais.fr\/site\/wp-content\/uploads\/2019\/10\/NEWSESTLYONNAIS-HV-GENAS.jpg\",\"width\":445,\"height\":250},{\"@type\":\"BreadcrumbList\",\"@id\":\"https:\/\/newsestlyonnais.fr\/site\/2020\/11\/13\/genas-le-jardin-des-imaginaires-se-met-au-click-collect\/#breadcrumb\",\"itemListElement\":[{\"@type\":\"ListItem\",\"position\":1,\"name\":\"Accueil\",\"item\":\"https:\/\/newsestlyonnais.fr\/site\/\"},{\"@type\":\"ListItem\",\"position\":2,\"name\":\"GENAS | Le Jardin des imaginaires se met au click &#038; collect\"}]},{\"@type\":\"WebSite\",\"@id\":\"https:\/\/newsestlyonnais.fr\/site\/#website\",\"url\":\"https:\/\/newsestlyonnais.fr\/site\/\",\"name\":\"News Est Lyonnais\",\"description\":\"L&#039;actualit\u00e9 au plus pr\u00e8s\",\"publisher\":{\"@id\":\"https:\/\/newsestlyonnais.fr\/site\/#organization\"},\"potentialAction\":[{\"@type\":\"SearchAction\",\"target\":{\"@type\":\"EntryPoint\",\"urlTemplate\":\"https:\/\/newsestlyonnais.fr\/site\/?s={search_term_string}\"},\"query-input\":{\"@type\":\"PropertyValueSpecification\",\"valueRequired\":true,\"valueName\":\"search_term_string\"}}],\"inLanguage\":\"fr-FR\"},{\"@type\":\"Organization\",\"@id\":\"https:\/\/newsestlyonnais.fr\/site\/#organization\",\"name\":\"News EST LYONNAIS\",\"url\":\"https:\/\/newsestlyonnais.fr\/site\/\",\"logo\":{\"@type\":\"ImageObject\",\"inLanguage\":\"fr-FR\",\"@id\":\"https:\/\/newsestlyonnais.fr\/site\/#\/schema\/logo\/image\/\",\"url\":\"\",\"contentUrl\":\"\",\"caption\":\"News EST LYONNAIS\"},\"image\":{\"@id\":\"https:\/\/newsestlyonnais.fr\/site\/#\/schema\/logo\/image\/\"}},{\"@type\":\"Person\",\"@id\":\"https:\/\/newsestlyonnais.fr\/site\/#\/schema\/person\/3230d5615f390bb808365d673001e887\",\"name\":\"R\u00e9dac. NEWS\",\"sameAs\":[\"http:\/\/www.newsestlyonnais.fr\",\"https:\/\/www.facebook.com\/pascal.oberson.1?fref=ts\",\"https:\/\/fr.linkedin.com\/in\/pascal-oberson-b17045113\"],\"url\":\"https:\/\/newsestlyonnais.fr\/site\/author\/nel\/\"}]}<\/script>\n<!-- \/ Yoast SEO plugin. -->","yoast_head_json":{"title":"GENAS | Le Jardin des imaginaires se met au click & collect - News Est Lyonnais","description":"GENAS | Le Jardin des imaginaires se met au click & collect","robots":{"index":"index","follow":"follow","max-snippet":"max-snippet:-1","max-image-preview":"max-image-preview:large","max-video-preview":"max-video-preview:-1"},"canonical":"https:\/\/newsestlyonnais.fr\/site\/2020\/11\/13\/genas-le-jardin-des-imaginaires-se-met-au-click-collect\/","og_locale":"fr_FR","og_type":"article","og_title":"GENAS | Le Jardin des imaginaires se met au click & collect - News Est Lyonnais","og_description":"GENAS | Le Jardin des imaginaires se met au click & collect","og_url":"https:\/\/newsestlyonnais.fr\/site\/2020\/11\/13\/genas-le-jardin-des-imaginaires-se-met-au-click-collect\/","og_site_name":"News Est Lyonnais","article_author":"https:\/\/www.facebook.com\/pascal.oberson.1?fref=ts","article_published_time":"2020-11-13T05:42:19+00:00","article_modified_time":"2020-11-13T05:44:02+00:00","og_image":[{"width":445,"height":250,"url":"https:\/\/i2.wp.com\/newsestlyonnais.fr\/site\/wp-content\/uploads\/2019\/10\/NEWSESTLYONNAIS-HV-GENAS.jpg?fit=445%2C250&ssl=1","type":"image\/jpeg"}],"author":"R\u00e9dac. NEWS","twitter_card":"summary_large_image","twitter_misc":{"\u00c9crit par":"R\u00e9dac. NEWS","Dur\u00e9e de lecture estim\u00e9e":"1 minute"},"schema":{"@context":"https:\/\/schema.org","@graph":[{"@type":"Article","@id":"https:\/\/newsestlyonnais.fr\/site\/2020\/11\/13\/genas-le-jardin-des-imaginaires-se-met-au-click-collect\/#article","isPartOf":{"@id":"https:\/\/newsestlyonnais.fr\/site\/2020\/11\/13\/genas-le-jardin-des-imaginaires-se-met-au-click-collect\/"},"author":{"name":"R\u00e9dac. NEWS","@id":"https:\/\/newsestlyonnais.fr\/site\/#\/schema\/person\/3230d5615f390bb808365d673001e887"},"headline":"GENAS | Le Jardin des imaginaires se met au click &#038; collect","datePublished":"2020-11-13T05:42:19+00:00","dateModified":"2020-11-13T05:44:02+00:00","mainEntityOfPage":{"@id":"https:\/\/newsestlyonnais.fr\/site\/2020\/11\/13\/genas-le-jardin-des-imaginaires-se-met-au-click-collect\/"},"wordCount":209,"commentCount":0,"publisher":{"@id":"https:\/\/newsestlyonnais.fr\/site\/#organization"},"image":{"@id":"https:\/\/newsestlyonnais.fr\/site\/2020\/11\/13\/genas-le-jardin-des-imaginaires-se-met-au-click-collect\/#primaryimage"},"thumbnailUrl":"https:\/\/newsestlyonnais.fr\/site\/wp-content\/uploads\/2019\/10\/NEWSESTLYONNAIS-HV-GENAS.jpg","articleSection":["Biblioth\u00e8que | M\u00e9diath\u00e8que | MJC","Br\u00e8ves de l'Est lyonnais","CCEL | Communes","Genas"],"inLanguage":"fr-FR","potentialAction":[{"@type":"CommentAction","name":"Comment","target":["https:\/\/newsestlyonnais.fr\/site\/2020\/11\/13\/genas-le-jardin-des-imaginaires-se-met-au-click-collect\/#respond"]}]},{"@type":"WebPage","@id":"https:\/\/newsestlyonnais.fr\/site\/2020\/11\/13\/genas-le-jardin-des-imaginaires-se-met-au-click-collect\/","url":"https:\/\/newsestlyonnais.fr\/site\/2020\/11\/13\/genas-le-jardin-des-imaginaires-se-met-au-click-collect\/","name":"GENAS | Le Jardin des imaginaires se met au click & collect - News Est Lyonnais","isPartOf":{"@id":"https:\/\/newsestlyonnais.fr\/site\/#website"},"primaryImageOfPage":{"@id":"https:\/\/newsestlyonnais.fr\/site\/2020\/11\/13\/genas-le-jardin-des-imaginaires-se-met-au-click-collect\/#primaryimage"},"image":{"@id":"https:\/\/newsestlyonnais.fr\/site\/2020\/11\/13\/genas-le-jardin-des-imaginaires-se-met-au-click-collect\/#primaryimage"},"thumbnailUrl":"https:\/\/newsestlyonnais.fr\/site\/wp-content\/uploads\/2019\/10\/NEWSESTLYONNAIS-HV-GENAS.jpg","datePublished":"2020-11-13T05:42:19+00:00","dateModified":"2020-11-13T05:44:02+00:00","description":"GENAS | Le Jardin des imaginaires se met au click & collect","breadcrumb":{"@id":"https:\/\/newsestlyonnais.fr\/site\/2020\/11\/13\/genas-le-jardin-des-imaginaires-se-met-au-click-collect\/#breadcrumb"},"inLanguage":"fr-FR","potentialAction":[{"@type":"ReadAction","target":["https:\/\/newsestlyonnais.fr\/site\/2020\/11\/13\/genas-le-jardin-des-imaginaires-se-met-au-click-collect\/"]}]},{"@type":"ImageObject","inLanguage":"fr-FR","@id":"https:\/\/newsestlyonnais.fr\/site\/2020\/11\/13\/genas-le-jardin-des-imaginaires-se-met-au-click-collect\/#primaryimage","url":"https:\/\/newsestlyonnais.fr\/site\/wp-content\/uploads\/2019\/10\/NEWSESTLYONNAIS-HV-GENAS.jpg","contentUrl":"https:\/\/newsestlyonnais.fr\/site\/wp-content\/uploads\/2019\/10\/NEWSESTLYONNAIS-HV-GENAS.jpg","width":445,"height":250},{"@type":"BreadcrumbList","@id":"https:\/\/newsestlyonnais.fr\/site\/2020\/11\/13\/genas-le-jardin-des-imaginaires-se-met-au-click-collect\/#breadcrumb","itemListElement":[{"@type":"ListItem","position":1,"name":"Accueil","item":"https:\/\/newsestlyonnais.fr\/site\/"},{"@type":"ListItem","position":2,"name":"GENAS | Le Jardin des imaginaires se met au click &#038; collect"}]},{"@type":"WebSite","@id":"https:\/\/newsestlyonnais.fr\/site\/#website","url":"https:\/\/newsestlyonnais.fr\/site\/","name":"News Est Lyonnais","description":"L&#039;actualit\u00e9 au plus pr\u00e8s","publisher":{"@id":"https:\/\/newsestlyonnais.fr\/site\/#organization"},"potentialAction":[{"@type":"SearchAction","target":{"@type":"EntryPoint","urlTemplate":"https:\/\/newsestlyonnais.fr\/site\/?s={search_term_string}"},"query-input":{"@type":"PropertyValueSpecification","valueRequired":true,"valueName":"search_term_string"}}],"inLanguage":"fr-FR"},{"@type":"Organization","@id":"https:\/\/newsestlyonnais.fr\/site\/#organization","name":"News EST LYONNAIS","url":"https:\/\/newsestlyonnais.fr\/site\/","logo":{"@type":"ImageObject","inLanguage":"fr-FR","@id":"https:\/\/newsestlyonnais.fr\/site\/#\/schema\/logo\/image\/","url":"","contentUrl":"","caption":"News EST LYONNAIS"},"image":{"@id":"https:\/\/newsestlyonnais.fr\/site\/#\/schema\/logo\/image\/"}},{"@type":"Person","@id":"https:\/\/newsestlyonnais.fr\/site\/#\/schema\/person\/3230d5615f390bb808365d673001e887","name":"R\u00e9dac. NEWS","sameAs":["http:\/\/www.newsestlyonnais.fr","https:\/\/www.facebook.com\/pascal.oberson.1?fref=ts","https:\/\/fr.linkedin.com\/in\/pascal-oberson-b17045113"],"url":"https:\/\/newsestlyonnais.fr\/site\/author\/nel\/"}]}},"_links":{"self":[{"href":"https:\/\/newsestlyonnais.fr\/site\/wp-json\/wp\/v2\/posts\/117047","targetHints":{"allow":["GET"]}}],"collection":[{"href":"https:\/\/newsestlyonnais.fr\/site\/wp-json\/wp\/v2\/posts"}],"about":[{"href":"https:\/\/newsestlyonnais.fr\/site\/wp-json\/wp\/v2\/types\/post"}],"author":[{"embeddable":true,"href":"https:\/\/newsestlyonnais.fr\/site\/wp-json\/wp\/v2\/users\/4"}],"replies":[{"embeddable":true,"href":"https:\/\/newsestlyonnais.fr\/site\/wp-json\/wp\/v2\/comments?post=117047"}],"version-history":[{"count":0,"href":"https:\/\/newsestlyonnais.fr\/site\/wp-json\/wp\/v2\/posts\/117047\/revisions"}],"wp:featuredmedia":[{"embeddable":true,"href":"https:\/\/newsestlyonnais.fr\/site\/wp-json\/wp\/v2\/media\/84784"}],"wp:attachment":[{"href":"https:\/\/newsestlyonnais.fr\/site\/wp-json\/wp\/v2\/media?parent=117047"}],"wp:term":[{"taxonomy":"category","embeddable":true,"href":"https:\/\/newsestlyonnais.fr\/site\/wp-json\/wp\/v2\/categories?post=117047"},{"taxonomy":"post_tag","embeddable":true,"href":"https:\/\/newsestlyonnais.fr\/site\/wp-json\/wp\/v2\/tags?post=117047"}],"curies":[{"name":"wp","href":"https:\/\/api.w.org\/{rel}","templated":true}]}}