{"id":117212,"date":"2020-11-14T09:04:59","date_gmt":"2020-11-14T08:04:59","guid":{"rendered":"http:\/\/newsestlyonnais.fr\/site\/?p=117212"},"modified":"2020-11-16T10:39:26","modified_gmt":"2020-11-16T09:39:26","slug":"villeurbanne-soutenir-et-choisir-nos-commerces-de-quartiers","status":"publish","type":"post","link":"https:\/\/newsestlyonnais.fr\/site\/2020\/11\/14\/villeurbanne-soutenir-et-choisir-nos-commerces-de-quartiers\/","title":{"rendered":"VILLEURBANNE | \u00ab Soutenir et choisir nos commerces de quartiers \u00bb"},"content":{"rendered":"<p>\u00ab <strong>J\u2019\u00e9tais en visioconf\u00e9rence hier soir avec une vingtaine de commer\u00e7ants du centre-ville et Destination Gratte-Ciel<\/strong>, structure port\u00e9e par la SVU et d\u00e9di\u00e9e au management de centre-ville. Alors m\u00eame que Jean Castex annon\u00e7ait le maintien de la fermeture des commerces non essentiels jusqu\u2019au 1er d\u00e9cembre, je les ai assur\u00e9s de notre soutien plein et entier.<\/p>\n<p>Cette ann\u00e9e, la p\u00e9riode des f\u00eates est plus cruciale encore pour nos commer\u00e7ants d\u00e9j\u00e0 fragilis\u00e9s par le premier confinement. <strong>Nous avons d\u00e9cid\u00e9 plusieurs mesures pour les accompagner, valoriser leurs produits, services, et inciter les Villeurbannaises et Villeurbannais \u00e0 consommer dans leur quartier.<\/strong> Parce que les commer\u00e7ants font la vie de notre cit\u00e9, nous devons tout faire pour leur permettre de maintenir la t\u00eate hors de l\u2019eau et ne pas laisser le champ libre aux g\u00e9ants du commerce en ligne ! \u00bb<\/p>\n<hr \/>\n<p><strong><em>Mesures de soutien et d\u2019accompagnement aux commerces villeurbannais <\/em><\/strong><\/p>\n<p>La SVU et Destination Gratte-Ciel, en lien avec les services de la Ville, <strong>ouvriront en d\u00e9cembre L\u2019Essen\u2019Ciel<\/strong> (rue Michel-Servet &#8211; en lieu et place de la Halle aux chaussures). <strong>Un lieu ressource et multi-services \u00e0 construire avec les habitants et les commer\u00e7ants<\/strong>. Cet espace pourrait offrir :<\/p>\n<ul>\n<li>Un service compl\u00e9mentaire de click &amp; collect aux commer\u00e7ants pour \u00e9viter \u00e0 leur client\u00e8le des files d\u2019attente trop longues.<\/li>\n<li>La vente de ch\u00e8ques cadeau Destination Gratte-Ciel, monnaie locale du centre-ville en soutien aux commer\u00e7ants.<\/li>\n<li>Des propositions de stockage d\u00e9port\u00e9 pour les boutiques qui ne disposeraient pas d\u2019espaces suffisants.<\/li>\n<li>La collecte solidaire de livres, v\u00eatements (en partenariat avec l\u2019Arm\u00e9e du salut) et de jouets d\u2019occasion (avec l\u2019association villeurbannaise Rejou\u00e9) dans le cadre du \u00ab Good Friday\u00bb, une version locale et plus solidaire du Black Friday, avec son triptyque \u00ab donner, r\u00e9parer, acheter \u00bb.<\/li>\n<\/ul>\n<p><strong>La Ville lance une campagne de communication \u00abPour mes courses je choisis mon quartier\u00bb<\/strong>. Il s\u2019agit d\u2019inciter les habitantes et habitants \u00ab \u00e0 consommer local \u00bb.<\/p>\n<p>Sur une page d\u00e9di\u00e9e de <span style=\"color: #0000ff;\"><a style=\"color: #0000ff;\" href=\"http:\/\/Villeurbanne.fr\">Villeurbanne.fr<\/a><\/span> , ils disposeront de toutes les informations sur les commerces de leur quartier, leurs sp\u00e9cialit\u00e9s, leurs offres, etc. La Ville ach\u00e8tera des \u00ab adwords \u00bb pour permettre aux commer\u00e7ants villeurbannais d\u2019\u00eatre mieux r\u00e9f\u00e9renc\u00e9s sur certains moteurs de recherche.<\/p>\n<p>La Ville accompagnera les commer\u00e7ants pour trouver des solutions leur permettant d\u2019am\u00e9liorer leur visibilit\u00e9 et de d\u00e9velopper leur site internet (sites vitrines, vente en ligne&#8230;).<\/p>\n<hr \/>\n<div data-canvas-width=\"30.431999999999995\">\n<p><strong>Pour rappel<\/strong> :<\/p>\n<p>La Ville a mis en place <strong>un \u00abguichet unique\u00bb pour accompagner les entreprises du territoire<\/strong> et les orienter vers les diff\u00e9rents organismes et dispositifs d\u2019aides.<\/p>\n<p>En tant que propri\u00e9taire-bailleur, la Ville exon\u00e8re du paiement des loyers (hors charges et redevance d\u2019occupation), jusqu\u2019\u00e0 la fin de l\u2019ann\u00e9e, des professionnels (entreprises, ind\u00e9pendants, commerces, associations) concern\u00e9s par une fermeture administrative, locataires \u00e0 titre payant de locaux lui appartenant.<\/p>\n<p>Les locaux, propri\u00e9t\u00e9 de la SVU, concern\u00e9s par une fermeture administrative (restaurants, enseignes de pr\u00eat \u00e0 porter, de loisirs&#8230;) vont \u00e9galement \u00eatre exon\u00e9r\u00e9s de loyers jusqu\u2019\u00e0 la fin de l\u2019ann\u00e9e. La Ville participera sous la forme d\u2019une subvention exceptionnelle \u00e0 la SVU. Avec Destination Gratte-Ciel, le centre-ville dispose d\u2019une manageuse en lien permanent avec les commer\u00e7ants.<\/p>\n<p><strong>150.000 euros de ch\u00e8ques cadeau <span style=\"color: #0000ff;\"><a style=\"color: #0000ff;\" href=\"http:\/\/www.destinationgratteciel.com\">Destination Gratte-Ciel<\/a><\/span> ont par ailleurs \u00e9t\u00e9 achet\u00e9s par le Comit\u00e9 social villeurbannais<\/strong> avec le soutien de la Ville et de la SVU, une somme directement inject\u00e9e dans l\u2019\u00e9conomie locale.<\/p>\n<hr \/>\n<p><strong>NOTA<\/strong> : <em>C\u00e9dric Van Styvendael, maire de Villeurbanne, se rendra, samedi matin, avec Agn\u00e8s Thouvenot (1\u00b0 adjointe en charge de la Transition \u00e9cologique, de l\u2019urbanisme, de l\u2019habitat et de la ville durable) et Paul Campy (adjoint en charge de l\u2019Economie, de l\u2019insertion professionnelle et de l\u2019emploi) chez des commer\u00e7ants du cours Emile-Zola (entre les stations de M\u00e9tro Charpennes et R\u00e9publique). <\/em><\/p>\n<hr \/>\n<p>&nbsp;<\/p>\n<\/div>\n<div>\n<div id='gallery-1' class='gallery galleryid-117212 gallery-columns-3 gallery-size-thumbnail'><figure class='gallery-item'>\n\t\t\t<div class='gallery-icon portrait'>\n\t\t\t\t<a href='https:\/\/newsestlyonnais.fr\/site\/2020\/11\/14\/villeurbanne-soutenir-et-choisir-nos-commerces-de-quartiers\/pour-mes-courses-je-choisis-mon-quartier\/'><img loading=\"lazy\" decoding=\"async\" width=\"102\" height=\"150\" src=\"https:\/\/newsestlyonnais.fr\/site\/wp-content\/uploads\/2020\/11\/pour-mes-courses-je-choisis-mon-quartier-250x369.jpg\" class=\"attachment-thumbnail size-thumbnail\" alt=\"\" srcset=\"https:\/\/newsestlyonnais.fr\/site\/wp-content\/uploads\/2020\/11\/pour-mes-courses-je-choisis-mon-quartier-250x369.jpg 250w, https:\/\/newsestlyonnais.fr\/site\/wp-content\/uploads\/2020\/11\/pour-mes-courses-je-choisis-mon-quartier-150x221.jpg 150w, https:\/\/newsestlyonnais.fr\/site\/wp-content\/uploads\/2020\/11\/pour-mes-courses-je-choisis-mon-quartier-50x74.jpg 50w, https:\/\/newsestlyonnais.fr\/site\/wp-content\/uploads\/2020\/11\/pour-mes-courses-je-choisis-mon-quartier-100x148.jpg 100w, https:\/\/newsestlyonnais.fr\/site\/wp-content\/uploads\/2020\/11\/pour-mes-courses-je-choisis-mon-quartier-200x295.jpg 200w, https:\/\/newsestlyonnais.fr\/site\/wp-content\/uploads\/2020\/11\/pour-mes-courses-je-choisis-mon-quartier-300x443.jpg 300w, https:\/\/newsestlyonnais.fr\/site\/wp-content\/uploads\/2020\/11\/pour-mes-courses-je-choisis-mon-quartier-350x517.jpg 350w, https:\/\/newsestlyonnais.fr\/site\/wp-content\/uploads\/2020\/11\/pour-mes-courses-je-choisis-mon-quartier.jpg 397w\" sizes=\"auto, (max-width: 102px) 100vw, 102px\" \/><\/a>\n\t\t\t<\/div><\/figure>\n\t\t<\/div>\n\n<\/div>\n","protected":false},"excerpt":{"rendered":"<p>Communiqu\u00e9 de C\u00e9dric Van Styvendael, maire de Villeurbanne. <\/p>\n","protected":false},"author":4,"featured_media":105803,"comment_status":"open","ping_status":"open","sticky":false,"template":"","format":"standard","meta":{"footnotes":""},"categories":[2970,2217,29],"tags":[],"class_list":["post-117212","post","type-post","status-publish","format-standard","has-post-thumbnail","hentry","category-artisans-commerces-economie","category-breves-de-lest-lyonnais","category-villeurbanne"],"yoast_head":"<!-- This site is optimized with the Yoast SEO plugin v27.2 - https:\/\/yoast.com\/product\/yoast-seo-wordpress\/ -->\n<title>VILLEURBANNE | \u00ab Soutenir et choisir nos commerces de quartiers \u00bb - News Est Lyonnais<\/title>\n<meta name=\"description\" content=\"VILLEURBANNE | \u00ab Soutenir et choisir nos commerces de quartiers \u00bb\" \/>\n<meta name=\"robots\" content=\"index, follow, max-snippet:-1, max-image-preview:large, max-video-preview:-1\" \/>\n<link rel=\"canonical\" href=\"https:\/\/newsestlyonnais.fr\/site\/2020\/11\/14\/villeurbanne-soutenir-et-choisir-nos-commerces-de-quartiers\/\" \/>\n<meta property=\"og:locale\" content=\"fr_FR\" \/>\n<meta property=\"og:type\" content=\"article\" \/>\n<meta property=\"og:title\" content=\"VILLEURBANNE | \u00ab Soutenir et choisir nos commerces de quartiers \u00bb - News Est Lyonnais\" \/>\n<meta property=\"og:description\" content=\"VILLEURBANNE | \u00ab Soutenir et choisir nos commerces de quartiers \u00bb\" \/>\n<meta property=\"og:url\" content=\"https:\/\/newsestlyonnais.fr\/site\/2020\/11\/14\/villeurbanne-soutenir-et-choisir-nos-commerces-de-quartiers\/\" \/>\n<meta property=\"og:site_name\" content=\"News Est Lyonnais\" \/>\n<meta property=\"article:author\" content=\"https:\/\/www.facebook.com\/pascal.oberson.1?fref=ts\" \/>\n<meta property=\"article:published_time\" content=\"2020-11-14T08:04:59+00:00\" \/>\n<meta property=\"article:modified_time\" content=\"2020-11-16T09:39:26+00:00\" \/>\n<meta property=\"og:image\" content=\"https:\/\/i1.wp.com\/newsestlyonnais.fr\/site\/wp-content\/uploads\/2020\/07\/NEWSESTLYONNAIS-GRATTE-CIEL-VILL..jpg?fit=1067%2C800&ssl=1\" \/>\n\t<meta property=\"og:image:width\" content=\"1067\" \/>\n\t<meta property=\"og:image:height\" content=\"800\" \/>\n\t<meta property=\"og:image:type\" content=\"image\/jpeg\" \/>\n<meta name=\"author\" content=\"R\u00e9dac. NEWS\" \/>\n<meta name=\"twitter:card\" content=\"summary_large_image\" \/>\n<meta name=\"twitter:label1\" content=\"\u00c9crit par\" \/>\n\t<meta name=\"twitter:data1\" content=\"R\u00e9dac. NEWS\" \/>\n\t<meta name=\"twitter:label2\" content=\"Dur\u00e9e de lecture estim\u00e9e\" \/>\n\t<meta name=\"twitter:data2\" content=\"3 minutes\" \/>\n<script type=\"application\/ld+json\" class=\"yoast-schema-graph\">{\"@context\":\"https:\/\/schema.org\",\"@graph\":[{\"@type\":\"Article\",\"@id\":\"https:\/\/newsestlyonnais.fr\/site\/2020\/11\/14\/villeurbanne-soutenir-et-choisir-nos-commerces-de-quartiers\/#article\",\"isPartOf\":{\"@id\":\"https:\/\/newsestlyonnais.fr\/site\/2020\/11\/14\/villeurbanne-soutenir-et-choisir-nos-commerces-de-quartiers\/\"},\"author\":{\"name\":\"R\u00e9dac. NEWS\",\"@id\":\"https:\/\/newsestlyonnais.fr\/site\/#\/schema\/person\/3230d5615f390bb808365d673001e887\"},\"headline\":\"VILLEURBANNE | \u00ab Soutenir et choisir nos commerces de quartiers \u00bb\",\"datePublished\":\"2020-11-14T08:04:59+00:00\",\"dateModified\":\"2020-11-16T09:39:26+00:00\",\"mainEntityOfPage\":{\"@id\":\"https:\/\/newsestlyonnais.fr\/site\/2020\/11\/14\/villeurbanne-soutenir-et-choisir-nos-commerces-de-quartiers\/\"},\"wordCount\":677,\"commentCount\":1,\"publisher\":{\"@id\":\"https:\/\/newsestlyonnais.fr\/site\/#organization\"},\"image\":{\"@id\":\"https:\/\/newsestlyonnais.fr\/site\/2020\/11\/14\/villeurbanne-soutenir-et-choisir-nos-commerces-de-quartiers\/#primaryimage\"},\"thumbnailUrl\":\"https:\/\/newsestlyonnais.fr\/site\/wp-content\/uploads\/2020\/07\/NEWSESTLYONNAIS-GRATTE-CIEL-VILL..jpg\",\"articleSection\":[\"Artisans | Commerces\",\"Br\u00e8ves de l'Est lyonnais\",\"Villeurbanne\"],\"inLanguage\":\"fr-FR\",\"potentialAction\":[{\"@type\":\"CommentAction\",\"name\":\"Comment\",\"target\":[\"https:\/\/newsestlyonnais.fr\/site\/2020\/11\/14\/villeurbanne-soutenir-et-choisir-nos-commerces-de-quartiers\/#respond\"]}]},{\"@type\":\"WebPage\",\"@id\":\"https:\/\/newsestlyonnais.fr\/site\/2020\/11\/14\/villeurbanne-soutenir-et-choisir-nos-commerces-de-quartiers\/\",\"url\":\"https:\/\/newsestlyonnais.fr\/site\/2020\/11\/14\/villeurbanne-soutenir-et-choisir-nos-commerces-de-quartiers\/\",\"name\":\"VILLEURBANNE | \u00ab Soutenir et choisir nos commerces de quartiers \u00bb - News Est Lyonnais\",\"isPartOf\":{\"@id\":\"https:\/\/newsestlyonnais.fr\/site\/#website\"},\"primaryImageOfPage\":{\"@id\":\"https:\/\/newsestlyonnais.fr\/site\/2020\/11\/14\/villeurbanne-soutenir-et-choisir-nos-commerces-de-quartiers\/#primaryimage\"},\"image\":{\"@id\":\"https:\/\/newsestlyonnais.fr\/site\/2020\/11\/14\/villeurbanne-soutenir-et-choisir-nos-commerces-de-quartiers\/#primaryimage\"},\"thumbnailUrl\":\"https:\/\/newsestlyonnais.fr\/site\/wp-content\/uploads\/2020\/07\/NEWSESTLYONNAIS-GRATTE-CIEL-VILL..jpg\",\"datePublished\":\"2020-11-14T08:04:59+00:00\",\"dateModified\":\"2020-11-16T09:39:26+00:00\",\"description\":\"VILLEURBANNE | \u00ab Soutenir et choisir nos commerces de quartiers \u00bb\",\"breadcrumb\":{\"@id\":\"https:\/\/newsestlyonnais.fr\/site\/2020\/11\/14\/villeurbanne-soutenir-et-choisir-nos-commerces-de-quartiers\/#breadcrumb\"},\"inLanguage\":\"fr-FR\",\"potentialAction\":[{\"@type\":\"ReadAction\",\"target\":[\"https:\/\/newsestlyonnais.fr\/site\/2020\/11\/14\/villeurbanne-soutenir-et-choisir-nos-commerces-de-quartiers\/\"]}]},{\"@type\":\"ImageObject\",\"inLanguage\":\"fr-FR\",\"@id\":\"https:\/\/newsestlyonnais.fr\/site\/2020\/11\/14\/villeurbanne-soutenir-et-choisir-nos-commerces-de-quartiers\/#primaryimage\",\"url\":\"https:\/\/newsestlyonnais.fr\/site\/wp-content\/uploads\/2020\/07\/NEWSESTLYONNAIS-GRATTE-CIEL-VILL..jpg\",\"contentUrl\":\"https:\/\/newsestlyonnais.fr\/site\/wp-content\/uploads\/2020\/07\/NEWSESTLYONNAIS-GRATTE-CIEL-VILL..jpg\",\"width\":1067,\"height\":800},{\"@type\":\"BreadcrumbList\",\"@id\":\"https:\/\/newsestlyonnais.fr\/site\/2020\/11\/14\/villeurbanne-soutenir-et-choisir-nos-commerces-de-quartiers\/#breadcrumb\",\"itemListElement\":[{\"@type\":\"ListItem\",\"position\":1,\"name\":\"Accueil\",\"item\":\"https:\/\/newsestlyonnais.fr\/site\/\"},{\"@type\":\"ListItem\",\"position\":2,\"name\":\"VILLEURBANNE | \u00ab Soutenir et choisir nos commerces de quartiers \u00bb\"}]},{\"@type\":\"WebSite\",\"@id\":\"https:\/\/newsestlyonnais.fr\/site\/#website\",\"url\":\"https:\/\/newsestlyonnais.fr\/site\/\",\"name\":\"News Est Lyonnais\",\"description\":\"L&#039;actualit\u00e9 au plus pr\u00e8s\",\"publisher\":{\"@id\":\"https:\/\/newsestlyonnais.fr\/site\/#organization\"},\"potentialAction\":[{\"@type\":\"SearchAction\",\"target\":{\"@type\":\"EntryPoint\",\"urlTemplate\":\"https:\/\/newsestlyonnais.fr\/site\/?s={search_term_string}\"},\"query-input\":{\"@type\":\"PropertyValueSpecification\",\"valueRequired\":true,\"valueName\":\"search_term_string\"}}],\"inLanguage\":\"fr-FR\"},{\"@type\":\"Organization\",\"@id\":\"https:\/\/newsestlyonnais.fr\/site\/#organization\",\"name\":\"News EST LYONNAIS\",\"url\":\"https:\/\/newsestlyonnais.fr\/site\/\",\"logo\":{\"@type\":\"ImageObject\",\"inLanguage\":\"fr-FR\",\"@id\":\"https:\/\/newsestlyonnais.fr\/site\/#\/schema\/logo\/image\/\",\"url\":\"\",\"contentUrl\":\"\",\"caption\":\"News EST LYONNAIS\"},\"image\":{\"@id\":\"https:\/\/newsestlyonnais.fr\/site\/#\/schema\/logo\/image\/\"}},{\"@type\":\"Person\",\"@id\":\"https:\/\/newsestlyonnais.fr\/site\/#\/schema\/person\/3230d5615f390bb808365d673001e887\",\"name\":\"R\u00e9dac. NEWS\",\"sameAs\":[\"http:\/\/www.newsestlyonnais.fr\",\"https:\/\/www.facebook.com\/pascal.oberson.1?fref=ts\",\"https:\/\/fr.linkedin.com\/in\/pascal-oberson-b17045113\"],\"url\":\"https:\/\/newsestlyonnais.fr\/site\/author\/nel\/\"}]}<\/script>\n<!-- \/ Yoast SEO plugin. -->","yoast_head_json":{"title":"VILLEURBANNE | \u00ab Soutenir et choisir nos commerces de quartiers \u00bb - News Est Lyonnais","description":"VILLEURBANNE | \u00ab Soutenir et choisir nos commerces de quartiers \u00bb","robots":{"index":"index","follow":"follow","max-snippet":"max-snippet:-1","max-image-preview":"max-image-preview:large","max-video-preview":"max-video-preview:-1"},"canonical":"https:\/\/newsestlyonnais.fr\/site\/2020\/11\/14\/villeurbanne-soutenir-et-choisir-nos-commerces-de-quartiers\/","og_locale":"fr_FR","og_type":"article","og_title":"VILLEURBANNE | \u00ab Soutenir et choisir nos commerces de quartiers \u00bb - News Est Lyonnais","og_description":"VILLEURBANNE | \u00ab Soutenir et choisir nos commerces de quartiers \u00bb","og_url":"https:\/\/newsestlyonnais.fr\/site\/2020\/11\/14\/villeurbanne-soutenir-et-choisir-nos-commerces-de-quartiers\/","og_site_name":"News Est Lyonnais","article_author":"https:\/\/www.facebook.com\/pascal.oberson.1?fref=ts","article_published_time":"2020-11-14T08:04:59+00:00","article_modified_time":"2020-11-16T09:39:26+00:00","og_image":[{"width":1067,"height":800,"url":"https:\/\/i1.wp.com\/newsestlyonnais.fr\/site\/wp-content\/uploads\/2020\/07\/NEWSESTLYONNAIS-GRATTE-CIEL-VILL..jpg?fit=1067%2C800&ssl=1","type":"image\/jpeg"}],"author":"R\u00e9dac. NEWS","twitter_card":"summary_large_image","twitter_misc":{"\u00c9crit par":"R\u00e9dac. NEWS","Dur\u00e9e de lecture estim\u00e9e":"3 minutes"},"schema":{"@context":"https:\/\/schema.org","@graph":[{"@type":"Article","@id":"https:\/\/newsestlyonnais.fr\/site\/2020\/11\/14\/villeurbanne-soutenir-et-choisir-nos-commerces-de-quartiers\/#article","isPartOf":{"@id":"https:\/\/newsestlyonnais.fr\/site\/2020\/11\/14\/villeurbanne-soutenir-et-choisir-nos-commerces-de-quartiers\/"},"author":{"name":"R\u00e9dac. NEWS","@id":"https:\/\/newsestlyonnais.fr\/site\/#\/schema\/person\/3230d5615f390bb808365d673001e887"},"headline":"VILLEURBANNE | \u00ab Soutenir et choisir nos commerces de quartiers \u00bb","datePublished":"2020-11-14T08:04:59+00:00","dateModified":"2020-11-16T09:39:26+00:00","mainEntityOfPage":{"@id":"https:\/\/newsestlyonnais.fr\/site\/2020\/11\/14\/villeurbanne-soutenir-et-choisir-nos-commerces-de-quartiers\/"},"wordCount":677,"commentCount":1,"publisher":{"@id":"https:\/\/newsestlyonnais.fr\/site\/#organization"},"image":{"@id":"https:\/\/newsestlyonnais.fr\/site\/2020\/11\/14\/villeurbanne-soutenir-et-choisir-nos-commerces-de-quartiers\/#primaryimage"},"thumbnailUrl":"https:\/\/newsestlyonnais.fr\/site\/wp-content\/uploads\/2020\/07\/NEWSESTLYONNAIS-GRATTE-CIEL-VILL..jpg","articleSection":["Artisans | Commerces","Br\u00e8ves de l'Est lyonnais","Villeurbanne"],"inLanguage":"fr-FR","potentialAction":[{"@type":"CommentAction","name":"Comment","target":["https:\/\/newsestlyonnais.fr\/site\/2020\/11\/14\/villeurbanne-soutenir-et-choisir-nos-commerces-de-quartiers\/#respond"]}]},{"@type":"WebPage","@id":"https:\/\/newsestlyonnais.fr\/site\/2020\/11\/14\/villeurbanne-soutenir-et-choisir-nos-commerces-de-quartiers\/","url":"https:\/\/newsestlyonnais.fr\/site\/2020\/11\/14\/villeurbanne-soutenir-et-choisir-nos-commerces-de-quartiers\/","name":"VILLEURBANNE | \u00ab Soutenir et choisir nos commerces de quartiers \u00bb - News Est Lyonnais","isPartOf":{"@id":"https:\/\/newsestlyonnais.fr\/site\/#website"},"primaryImageOfPage":{"@id":"https:\/\/newsestlyonnais.fr\/site\/2020\/11\/14\/villeurbanne-soutenir-et-choisir-nos-commerces-de-quartiers\/#primaryimage"},"image":{"@id":"https:\/\/newsestlyonnais.fr\/site\/2020\/11\/14\/villeurbanne-soutenir-et-choisir-nos-commerces-de-quartiers\/#primaryimage"},"thumbnailUrl":"https:\/\/newsestlyonnais.fr\/site\/wp-content\/uploads\/2020\/07\/NEWSESTLYONNAIS-GRATTE-CIEL-VILL..jpg","datePublished":"2020-11-14T08:04:59+00:00","dateModified":"2020-11-16T09:39:26+00:00","description":"VILLEURBANNE | \u00ab Soutenir et choisir nos commerces de quartiers \u00bb","breadcrumb":{"@id":"https:\/\/newsestlyonnais.fr\/site\/2020\/11\/14\/villeurbanne-soutenir-et-choisir-nos-commerces-de-quartiers\/#breadcrumb"},"inLanguage":"fr-FR","potentialAction":[{"@type":"ReadAction","target":["https:\/\/newsestlyonnais.fr\/site\/2020\/11\/14\/villeurbanne-soutenir-et-choisir-nos-commerces-de-quartiers\/"]}]},{"@type":"ImageObject","inLanguage":"fr-FR","@id":"https:\/\/newsestlyonnais.fr\/site\/2020\/11\/14\/villeurbanne-soutenir-et-choisir-nos-commerces-de-quartiers\/#primaryimage","url":"https:\/\/newsestlyonnais.fr\/site\/wp-content\/uploads\/2020\/07\/NEWSESTLYONNAIS-GRATTE-CIEL-VILL..jpg","contentUrl":"https:\/\/newsestlyonnais.fr\/site\/wp-content\/uploads\/2020\/07\/NEWSESTLYONNAIS-GRATTE-CIEL-VILL..jpg","width":1067,"height":800},{"@type":"BreadcrumbList","@id":"https:\/\/newsestlyonnais.fr\/site\/2020\/11\/14\/villeurbanne-soutenir-et-choisir-nos-commerces-de-quartiers\/#breadcrumb","itemListElement":[{"@type":"ListItem","position":1,"name":"Accueil","item":"https:\/\/newsestlyonnais.fr\/site\/"},{"@type":"ListItem","position":2,"name":"VILLEURBANNE | \u00ab Soutenir et choisir nos commerces de quartiers \u00bb"}]},{"@type":"WebSite","@id":"https:\/\/newsestlyonnais.fr\/site\/#website","url":"https:\/\/newsestlyonnais.fr\/site\/","name":"News Est Lyonnais","description":"L&#039;actualit\u00e9 au plus pr\u00e8s","publisher":{"@id":"https:\/\/newsestlyonnais.fr\/site\/#organization"},"potentialAction":[{"@type":"SearchAction","target":{"@type":"EntryPoint","urlTemplate":"https:\/\/newsestlyonnais.fr\/site\/?s={search_term_string}"},"query-input":{"@type":"PropertyValueSpecification","valueRequired":true,"valueName":"search_term_string"}}],"inLanguage":"fr-FR"},{"@type":"Organization","@id":"https:\/\/newsestlyonnais.fr\/site\/#organization","name":"News EST LYONNAIS","url":"https:\/\/newsestlyonnais.fr\/site\/","logo":{"@type":"ImageObject","inLanguage":"fr-FR","@id":"https:\/\/newsestlyonnais.fr\/site\/#\/schema\/logo\/image\/","url":"","contentUrl":"","caption":"News EST LYONNAIS"},"image":{"@id":"https:\/\/newsestlyonnais.fr\/site\/#\/schema\/logo\/image\/"}},{"@type":"Person","@id":"https:\/\/newsestlyonnais.fr\/site\/#\/schema\/person\/3230d5615f390bb808365d673001e887","name":"R\u00e9dac. NEWS","sameAs":["http:\/\/www.newsestlyonnais.fr","https:\/\/www.facebook.com\/pascal.oberson.1?fref=ts","https:\/\/fr.linkedin.com\/in\/pascal-oberson-b17045113"],"url":"https:\/\/newsestlyonnais.fr\/site\/author\/nel\/"}]}},"_links":{"self":[{"href":"https:\/\/newsestlyonnais.fr\/site\/wp-json\/wp\/v2\/posts\/117212","targetHints":{"allow":["GET"]}}],"collection":[{"href":"https:\/\/newsestlyonnais.fr\/site\/wp-json\/wp\/v2\/posts"}],"about":[{"href":"https:\/\/newsestlyonnais.fr\/site\/wp-json\/wp\/v2\/types\/post"}],"author":[{"embeddable":true,"href":"https:\/\/newsestlyonnais.fr\/site\/wp-json\/wp\/v2\/users\/4"}],"replies":[{"embeddable":true,"href":"https:\/\/newsestlyonnais.fr\/site\/wp-json\/wp\/v2\/comments?post=117212"}],"version-history":[{"count":0,"href":"https:\/\/newsestlyonnais.fr\/site\/wp-json\/wp\/v2\/posts\/117212\/revisions"}],"wp:featuredmedia":[{"embeddable":true,"href":"https:\/\/newsestlyonnais.fr\/site\/wp-json\/wp\/v2\/media\/105803"}],"wp:attachment":[{"href":"https:\/\/newsestlyonnais.fr\/site\/wp-json\/wp\/v2\/media?parent=117212"}],"wp:term":[{"taxonomy":"category","embeddable":true,"href":"https:\/\/newsestlyonnais.fr\/site\/wp-json\/wp\/v2\/categories?post=117212"},{"taxonomy":"post_tag","embeddable":true,"href":"https:\/\/newsestlyonnais.fr\/site\/wp-json\/wp\/v2\/tags?post=117212"}],"curies":[{"name":"wp","href":"https:\/\/api.w.org\/{rel}","templated":true}]}}