{"id":117229,"date":"2020-11-14T11:41:24","date_gmt":"2020-11-14T10:41:24","guid":{"rendered":"http:\/\/newsestlyonnais.fr\/site\/?p=117229"},"modified":"2020-11-29T19:29:53","modified_gmt":"2020-11-29T18:29:53","slug":"1-jour-1-association-le-sou-des-ecoles-saint-bonnet-mure","status":"publish","type":"post","link":"https:\/\/newsestlyonnais.fr\/site\/2020\/11\/14\/1-jour-1-association-le-sou-des-ecoles-saint-bonnet-mure\/","title":{"rendered":"1 jour, 1 association | \u00bb Sou des \u00c9coles \u00bb St-Bonnet Mure"},"content":{"rendered":"<p>En ce samedi, c\u2019est <strong>Fabrice Oudin<\/strong>, <strong>pr\u00e9sident de l\u2019association <\/strong>depuis septembre 2020, qui r\u00e9pond aux questions de la r\u00e9daction :<\/p>\n<hr \/>\n<ul>\n<li><strong><span style=\"font-size: 14pt;\"><span style=\"text-decoration: underline;\">Quelle est l\u2019activit\u00e9 principale du club et son effectif actuel<\/span> ?<\/span> <\/strong><\/li>\n<\/ul>\n<p>\u00bb\u00a0 <strong>Organisation d\u2019\u00e9v\u00e9nements<\/strong> pour collecter de l\u2019argent au profit des 2 \u00e9coles de la commune pour achat mat\u00e9riel ou activit\u00e9s p\u00e9dagogiques. L&rsquo;effectif \u00e0 ce jour se compose de <strong>6 membres du bureau + 113 familles adh\u00e9rentes<\/strong> \u00ab .<\/p>\n<ul>\n<li><strong><span style=\"text-decoration: underline;\">Comment s\u2019\u00e9tait pass\u00e9 le 1\u00b0 confinement et aviez vous mis du personnel au ch\u00f4mage<\/span> ? <\/strong><\/li>\n<\/ul>\n<p>\u00bb\u00a0 <strong>Tous nos \u00e9v\u00e9nements ont \u00e9t\u00e9 annul\u00e9s<\/strong> (bal masqu\u00e9, kermesse \u2026). Seule la vente de plante a pu \u00eatre maintenue gr\u00e2ce \u00e0 une adaptation de la formule de commande \u00ab .<\/p>\n<hr \/>\n<ul>\n<li><span style=\"font-size: 14pt;\"><strong><span style=\"text-decoration: underline;\">Et la reprise des activit\u00e9s \u00e0 la rentr\u00e9e de septembre<\/span> ?<\/strong><\/span><\/li>\n<\/ul>\n<p>\u00bb <strong>Nous avons du modifier notre planning des \u00e9v\u00e9nements<\/strong> (Loto annul\u00e9, Bourse aux jouets report\u00e9e au printemps, Tombola de No\u00ebl) et revoir nos m\u00e9thodes (priorit\u00e9 \u00e0 la vente sur bons de commande, d\u00e9velopper le paiement en ligne \u2026) \u00ab .<\/p>\n<ul>\n<li><span style=\"font-size: 14pt;\"><strong><span style=\"text-decoration: underline;\">Avez-vous connu depuis, une baisse de vos effectifs<\/span> ?<\/strong><\/span><\/li>\n<\/ul>\n<p>\u00bb\u00a0 <strong>Au contraire, une hausse cette ann\u00e9e<\/strong> et une bonne dynamique de nos b\u00e9n\u00e9voles et les \u00e9v\u00e9nements que l\u2019on arrive \u00e0 maintenir connaissent un bon succ\u00e8s car les gens ont envie de choses positives en cette p\u00e9riode morose .. \u00ab .<\/p>\n<ul>\n<li><strong><span style=\"font-size: 14pt;\"><span style=\"text-decoration: underline;\">Avez-vous \u00e9t\u00e9 contraints d\u2019annuler des \u00e9v\u00e8nements ou comp\u00e9titions<\/span> ?<\/span> <\/strong><\/li>\n<\/ul>\n<p>\u00bb <strong>Oui et en reporter certains<\/strong> : Loto de novembre annul\u00e9, buvette du march\u00e9 de No\u00ebl annul\u00e9e \u00ab .<\/p>\n<hr \/>\n<ul>\n<li><span style=\"font-size: 14pt;\"><strong><span style=\"text-decoration: underline;\">Comment se d\u00e9roule ce 2\u00b0 confinement<\/span> ?<\/strong><\/span><\/li>\n<\/ul>\n<p>\u00bb\u00a0 R\u00e9unions en visio, motivation des b\u00e9n\u00e9voles et adh\u00e9rents sur les r\u00e9seaux sociaux pour conserver la dynamique. Pour le plus grand plaisir des enfants, <strong>le Sou organise une grande Tombola de No\u00ebl<\/strong> avec notamment des consoles PS4 et Switch lite \u00e0 gagner, mais aussi des trottinettes, une montre connect\u00e9e, un four 16\/9 \u2026<\/p>\n<p><strong>Prochain grand projet<\/strong>, si les conditions sanitaires le permettent, une Bourse aux jouets \u00e0 la Halle des Sports le 14 mars \u00bb.<\/p>\n<hr \/>\n<ul>\n<li><span style=\"font-size: 14pt;\"><strong><span style=\"text-decoration: underline;\">Cons\u00e9quences financi\u00e8res, sportives ou autres<\/span> ?<\/strong><\/span><\/li>\n<\/ul>\n<p>\u00bb\u00a0 <strong>Grosse perte en ce d\u00e9but d\u2019ann\u00e9e<\/strong> avec le Loto et buvette en moins, mais notre vente de fromages a tr\u00e8s bien march\u00e9, la vente de sapins est en bonne voie ainsi que notre Tombola. Baisse des subventions aussi \u00bb.<\/p>\n<hr \/>\n<ul>\n<li><span style=\"font-size: 14pt;\"><span style=\"text-decoration: underline;\"><strong>Et pour conclure<\/strong><\/span> <strong>?<\/strong><\/span><\/li>\n<\/ul>\n<p>\u00bb <strong>Plus que jamais, cette ann\u00e9e la solidarit\u00e9 entre associations, commer\u00e7ants, \u00e9coles \u2026 est importante<\/strong>. Notre r\u00f4le, en tant que Sou, est \u00e9videmment de r\u00e9colter de l\u2019argent aux profits des \u00e9coles, mais <strong>nous apportons aussi un peu de \u00ab bonheur \u00bb au travers des lots \u00e0 gagner<\/strong> \u00e0 la Tombola (PS4 pour les enfants), au travers des saveurs (excellents fromages \u00e0 prix tr\u00e8s comp\u00e9titifs). Il est important \u00e0 nos yeux, que l\u2019activit\u00e9 de la commune continue et nous faisons notre maximum pour chaque \u00e9v\u00e9nement puisse avoir lieu malgr\u00e9 le contexte sanitaire du moment. Merci de nous avoir donn\u00e9 la possibilit\u00e9 de parler de l\u2019association !\u00a0 \u00bb.<\/p>\n<hr \/>\n<ul>\n<li><img loading=\"lazy\" decoding=\"async\" class=\"alignleft size-full wp-image-117244\" src=\"https:\/\/newsestlyonnais.fr\/site\/medias\/2020\/11\/lgo20sou.png\" alt=\"\" width=\"167\" height=\"166\" srcset=\"https:\/\/newsestlyonnais.fr\/site\/wp-content\/uploads\/2020\/11\/lgo20sou.png 167w, https:\/\/newsestlyonnais.fr\/site\/wp-content\/uploads\/2020\/11\/lgo20sou-150x149.png 150w, https:\/\/newsestlyonnais.fr\/site\/wp-content\/uploads\/2020\/11\/lgo20sou-50x50.png 50w, https:\/\/newsestlyonnais.fr\/site\/wp-content\/uploads\/2020\/11\/lgo20sou-100x99.png 100w\" sizes=\"auto, (max-width: 167px) 100vw, 167px\" \/><\/li>\n<li>A retrouver sur :\u00a0<span style=\"color: #0000ff;\"><a style=\"color: #0000ff;\" href=\"http:\/\/bit.ly\/Sou-Ecoles-SBDM\">http:\/\/bit.ly\/Sou-Ecoles-SBDM<\/a><\/span> &amp; sur :\u00a0 <a href=\"https:\/\/www.facebook.com\/search\/top?q=sou%20des%20ecoles%20saint%20bonnet%20de%20mure\"><span style=\"color: #0000ff;\">https:\/\/www.facebook.com\/search\/top?q=sou%20des%20ecoles%20saint%20bonnet%20de%20mure<\/span><\/a><\/li>\n<li><em><em><strong>Contact : <\/strong><\/em><\/em><i>Mail :<\/i> <a href=\"mailto:soudesecoles.sbdm@gmail.com\" target=\"_blank\" rel=\"noopener noreferrer\"><span style=\"color: #0000ff;\">soudesecoles.sbdm@gmail.com<\/span><\/a>\n<div><\/div>\n<\/li>\n<\/ul>\n<p>&nbsp;<\/p>\n<hr \/>\n<p>&nbsp;<\/p>\n<p><img loading=\"lazy\" decoding=\"async\" class=\"aligncenter wp-image-117246 size-large\" src=\"https:\/\/newsestlyonnais.fr\/site\/medias\/2020\/11\/affiche-tombola3-650x919.jpg\" alt=\"\" width=\"530\" height=\"750\" srcset=\"https:\/\/newsestlyonnais.fr\/site\/wp-content\/uploads\/2020\/11\/affiche-tombola3-650x919.jpg 650w, https:\/\/newsestlyonnais.fr\/site\/wp-content\/uploads\/2020\/11\/affiche-tombola3-400x565.jpg 400w, https:\/\/newsestlyonnais.fr\/site\/wp-content\/uploads\/2020\/11\/affiche-tombola3-250x353.jpg 250w, https:\/\/newsestlyonnais.fr\/site\/wp-content\/uploads\/2020\/11\/affiche-tombola3-768x1086.jpg 768w, https:\/\/newsestlyonnais.fr\/site\/wp-content\/uploads\/2020\/11\/affiche-tombola3-150x212.jpg 150w, https:\/\/newsestlyonnais.fr\/site\/wp-content\/uploads\/2020\/11\/affiche-tombola3-50x71.jpg 50w, https:\/\/newsestlyonnais.fr\/site\/wp-content\/uploads\/2020\/11\/affiche-tombola3-100x141.jpg 100w, https:\/\/newsestlyonnais.fr\/site\/wp-content\/uploads\/2020\/11\/affiche-tombola3-200x283.jpg 200w, https:\/\/newsestlyonnais.fr\/site\/wp-content\/uploads\/2020\/11\/affiche-tombola3-300x424.jpg 300w, https:\/\/newsestlyonnais.fr\/site\/wp-content\/uploads\/2020\/11\/affiche-tombola3-350x495.jpg 350w, https:\/\/newsestlyonnais.fr\/site\/wp-content\/uploads\/2020\/11\/affiche-tombola3-450x636.jpg 450w, https:\/\/newsestlyonnais.fr\/site\/wp-content\/uploads\/2020\/11\/affiche-tombola3-500x707.jpg 500w, https:\/\/newsestlyonnais.fr\/site\/wp-content\/uploads\/2020\/11\/affiche-tombola3-550x777.jpg 550w, https:\/\/newsestlyonnais.fr\/site\/wp-content\/uploads\/2020\/11\/affiche-tombola3-800x1131.jpg 800w, https:\/\/newsestlyonnais.fr\/site\/wp-content\/uploads\/2020\/11\/affiche-tombola3.jpg 849w\" sizes=\"auto, (max-width: 530px) 100vw, 530px\" \/><\/p>\n<p>&nbsp;<\/p>\n","protected":false},"excerpt":{"rendered":"<p>Au cours de ce nouveau confinement, d\u00e9couvrez quotidiennement une association pr\u00e9sent\u00e9e par un de ses dirigeants.<\/p>\n","protected":false},"author":4,"featured_media":117240,"comment_status":"open","ping_status":"open","sticky":false,"template":"","format":"standard","meta":{"footnotes":""},"categories":[3420,270,3437,18,173,1282],"tags":[],"class_list":["post-117229","post","type-post","status-publish","format-standard","has-post-thumbnail","hentry","category-1-jour-1-association","category-cte-de-communes-c-c-e-l","category-comite-fetes-sou-des-ecoles-classes","category-sante-bien-etre-solidarite","category-scolaire","category-st-bonnet-st-laurent-de-mure"],"yoast_head":"<!-- This site is optimized with the Yoast SEO plugin v27.2 - https:\/\/yoast.com\/product\/yoast-seo-wordpress\/ -->\n<title>1 jour, 1 association | \u00bb Sou des \u00c9coles \u00bb St-Bonnet Mure - News Est Lyonnais<\/title>\n<meta name=\"description\" content=\"1 jour, 1 association | Le \u00bb Sou des \u00c9coles \u00bb de Saint-Bonnet de Mure\" \/>\n<meta name=\"robots\" content=\"index, follow, max-snippet:-1, max-image-preview:large, max-video-preview:-1\" \/>\n<link rel=\"canonical\" href=\"https:\/\/newsestlyonnais.fr\/site\/2020\/11\/14\/1-jour-1-association-le-sou-des-ecoles-saint-bonnet-mure\/\" \/>\n<meta property=\"og:locale\" content=\"fr_FR\" \/>\n<meta property=\"og:type\" content=\"article\" \/>\n<meta property=\"og:title\" content=\"1 jour, 1 association | \u00bb Sou des \u00c9coles \u00bb St-Bonnet Mure - News Est Lyonnais\" \/>\n<meta property=\"og:description\" content=\"1 jour, 1 association | Le \u00bb Sou des \u00c9coles \u00bb de Saint-Bonnet de Mure\" \/>\n<meta property=\"og:url\" content=\"https:\/\/newsestlyonnais.fr\/site\/2020\/11\/14\/1-jour-1-association-le-sou-des-ecoles-saint-bonnet-mure\/\" \/>\n<meta property=\"og:site_name\" content=\"News Est Lyonnais\" \/>\n<meta property=\"article:author\" content=\"https:\/\/www.facebook.com\/pascal.oberson.1?fref=ts\" \/>\n<meta property=\"article:published_time\" content=\"2020-11-14T10:41:24+00:00\" \/>\n<meta property=\"article:modified_time\" content=\"2020-11-29T18:29:53+00:00\" \/>\n<meta property=\"og:image\" content=\"https:\/\/i1.wp.com\/newsestlyonnais.fr\/site\/wp-content\/uploads\/2020\/11\/IMG-20201015-WA0003.jpg?fit=1024%2C768&ssl=1\" \/>\n\t<meta property=\"og:image:width\" content=\"1024\" \/>\n\t<meta property=\"og:image:height\" content=\"768\" \/>\n\t<meta property=\"og:image:type\" content=\"image\/jpeg\" \/>\n<meta name=\"author\" content=\"R\u00e9dac. NEWS\" \/>\n<meta name=\"twitter:card\" content=\"summary_large_image\" \/>\n<meta name=\"twitter:label1\" content=\"\u00c9crit par\" \/>\n\t<meta name=\"twitter:data1\" content=\"R\u00e9dac. NEWS\" \/>\n\t<meta name=\"twitter:label2\" content=\"Dur\u00e9e de lecture estim\u00e9e\" \/>\n\t<meta name=\"twitter:data2\" content=\"3 minutes\" \/>\n<script type=\"application\/ld+json\" class=\"yoast-schema-graph\">{\"@context\":\"https:\/\/schema.org\",\"@graph\":[{\"@type\":\"Article\",\"@id\":\"https:\/\/newsestlyonnais.fr\/site\/2020\/11\/14\/1-jour-1-association-le-sou-des-ecoles-saint-bonnet-mure\/#article\",\"isPartOf\":{\"@id\":\"https:\/\/newsestlyonnais.fr\/site\/2020\/11\/14\/1-jour-1-association-le-sou-des-ecoles-saint-bonnet-mure\/\"},\"author\":{\"name\":\"R\u00e9dac. NEWS\",\"@id\":\"https:\/\/newsestlyonnais.fr\/site\/#\/schema\/person\/3230d5615f390bb808365d673001e887\"},\"headline\":\"1 jour, 1 association | \u00bb Sou des \u00c9coles \u00bb St-Bonnet Mure\",\"datePublished\":\"2020-11-14T10:41:24+00:00\",\"dateModified\":\"2020-11-29T18:29:53+00:00\",\"mainEntityOfPage\":{\"@id\":\"https:\/\/newsestlyonnais.fr\/site\/2020\/11\/14\/1-jour-1-association-le-sou-des-ecoles-saint-bonnet-mure\/\"},\"wordCount\":524,\"commentCount\":0,\"publisher\":{\"@id\":\"https:\/\/newsestlyonnais.fr\/site\/#organization\"},\"image\":{\"@id\":\"https:\/\/newsestlyonnais.fr\/site\/2020\/11\/14\/1-jour-1-association-le-sou-des-ecoles-saint-bonnet-mure\/#primaryimage\"},\"thumbnailUrl\":\"https:\/\/newsestlyonnais.fr\/site\/wp-content\/uploads\/2020\/11\/IMG-20201015-WA0003.jpg\",\"articleSection\":[\"1 jour, 1 association\",\"CCEL | Communes\",\"Comit\u00e9 F\u00eates | Sou des Ecoles | Classes\",\"Sant\u00e9 | Bien Etre | Solidarit\u00e9\",\"Scolaire\",\"St Bonnet | St Laurent de Mure\"],\"inLanguage\":\"fr-FR\",\"potentialAction\":[{\"@type\":\"CommentAction\",\"name\":\"Comment\",\"target\":[\"https:\/\/newsestlyonnais.fr\/site\/2020\/11\/14\/1-jour-1-association-le-sou-des-ecoles-saint-bonnet-mure\/#respond\"]}]},{\"@type\":\"WebPage\",\"@id\":\"https:\/\/newsestlyonnais.fr\/site\/2020\/11\/14\/1-jour-1-association-le-sou-des-ecoles-saint-bonnet-mure\/\",\"url\":\"https:\/\/newsestlyonnais.fr\/site\/2020\/11\/14\/1-jour-1-association-le-sou-des-ecoles-saint-bonnet-mure\/\",\"name\":\"1 jour, 1 association | \u00bb Sou des \u00c9coles \u00bb St-Bonnet Mure - News Est Lyonnais\",\"isPartOf\":{\"@id\":\"https:\/\/newsestlyonnais.fr\/site\/#website\"},\"primaryImageOfPage\":{\"@id\":\"https:\/\/newsestlyonnais.fr\/site\/2020\/11\/14\/1-jour-1-association-le-sou-des-ecoles-saint-bonnet-mure\/#primaryimage\"},\"image\":{\"@id\":\"https:\/\/newsestlyonnais.fr\/site\/2020\/11\/14\/1-jour-1-association-le-sou-des-ecoles-saint-bonnet-mure\/#primaryimage\"},\"thumbnailUrl\":\"https:\/\/newsestlyonnais.fr\/site\/wp-content\/uploads\/2020\/11\/IMG-20201015-WA0003.jpg\",\"datePublished\":\"2020-11-14T10:41:24+00:00\",\"dateModified\":\"2020-11-29T18:29:53+00:00\",\"description\":\"1 jour, 1 association | Le \u00bb Sou des \u00c9coles \u00bb de Saint-Bonnet de Mure\",\"breadcrumb\":{\"@id\":\"https:\/\/newsestlyonnais.fr\/site\/2020\/11\/14\/1-jour-1-association-le-sou-des-ecoles-saint-bonnet-mure\/#breadcrumb\"},\"inLanguage\":\"fr-FR\",\"potentialAction\":[{\"@type\":\"ReadAction\",\"target\":[\"https:\/\/newsestlyonnais.fr\/site\/2020\/11\/14\/1-jour-1-association-le-sou-des-ecoles-saint-bonnet-mure\/\"]}]},{\"@type\":\"ImageObject\",\"inLanguage\":\"fr-FR\",\"@id\":\"https:\/\/newsestlyonnais.fr\/site\/2020\/11\/14\/1-jour-1-association-le-sou-des-ecoles-saint-bonnet-mure\/#primaryimage\",\"url\":\"https:\/\/newsestlyonnais.fr\/site\/wp-content\/uploads\/2020\/11\/IMG-20201015-WA0003.jpg\",\"contentUrl\":\"https:\/\/newsestlyonnais.fr\/site\/wp-content\/uploads\/2020\/11\/IMG-20201015-WA0003.jpg\",\"width\":1024,\"height\":768},{\"@type\":\"BreadcrumbList\",\"@id\":\"https:\/\/newsestlyonnais.fr\/site\/2020\/11\/14\/1-jour-1-association-le-sou-des-ecoles-saint-bonnet-mure\/#breadcrumb\",\"itemListElement\":[{\"@type\":\"ListItem\",\"position\":1,\"name\":\"Accueil\",\"item\":\"https:\/\/newsestlyonnais.fr\/site\/\"},{\"@type\":\"ListItem\",\"position\":2,\"name\":\"1 jour, 1 association | \u00bb Sou des \u00c9coles \u00bb St-Bonnet Mure\"}]},{\"@type\":\"WebSite\",\"@id\":\"https:\/\/newsestlyonnais.fr\/site\/#website\",\"url\":\"https:\/\/newsestlyonnais.fr\/site\/\",\"name\":\"News Est Lyonnais\",\"description\":\"L&#039;actualit\u00e9 au plus pr\u00e8s\",\"publisher\":{\"@id\":\"https:\/\/newsestlyonnais.fr\/site\/#organization\"},\"potentialAction\":[{\"@type\":\"SearchAction\",\"target\":{\"@type\":\"EntryPoint\",\"urlTemplate\":\"https:\/\/newsestlyonnais.fr\/site\/?s={search_term_string}\"},\"query-input\":{\"@type\":\"PropertyValueSpecification\",\"valueRequired\":true,\"valueName\":\"search_term_string\"}}],\"inLanguage\":\"fr-FR\"},{\"@type\":\"Organization\",\"@id\":\"https:\/\/newsestlyonnais.fr\/site\/#organization\",\"name\":\"News EST LYONNAIS\",\"url\":\"https:\/\/newsestlyonnais.fr\/site\/\",\"logo\":{\"@type\":\"ImageObject\",\"inLanguage\":\"fr-FR\",\"@id\":\"https:\/\/newsestlyonnais.fr\/site\/#\/schema\/logo\/image\/\",\"url\":\"\",\"contentUrl\":\"\",\"caption\":\"News EST LYONNAIS\"},\"image\":{\"@id\":\"https:\/\/newsestlyonnais.fr\/site\/#\/schema\/logo\/image\/\"}},{\"@type\":\"Person\",\"@id\":\"https:\/\/newsestlyonnais.fr\/site\/#\/schema\/person\/3230d5615f390bb808365d673001e887\",\"name\":\"R\u00e9dac. NEWS\",\"sameAs\":[\"http:\/\/www.newsestlyonnais.fr\",\"https:\/\/www.facebook.com\/pascal.oberson.1?fref=ts\",\"https:\/\/fr.linkedin.com\/in\/pascal-oberson-b17045113\"],\"url\":\"https:\/\/newsestlyonnais.fr\/site\/author\/nel\/\"}]}<\/script>\n<!-- \/ Yoast SEO plugin. -->","yoast_head_json":{"title":"1 jour, 1 association | \u00bb Sou des \u00c9coles \u00bb St-Bonnet Mure - News Est Lyonnais","description":"1 jour, 1 association | Le \u00bb Sou des \u00c9coles \u00bb de Saint-Bonnet de Mure","robots":{"index":"index","follow":"follow","max-snippet":"max-snippet:-1","max-image-preview":"max-image-preview:large","max-video-preview":"max-video-preview:-1"},"canonical":"https:\/\/newsestlyonnais.fr\/site\/2020\/11\/14\/1-jour-1-association-le-sou-des-ecoles-saint-bonnet-mure\/","og_locale":"fr_FR","og_type":"article","og_title":"1 jour, 1 association | \u00bb Sou des \u00c9coles \u00bb St-Bonnet Mure - News Est Lyonnais","og_description":"1 jour, 1 association | Le \u00bb Sou des \u00c9coles \u00bb de Saint-Bonnet de Mure","og_url":"https:\/\/newsestlyonnais.fr\/site\/2020\/11\/14\/1-jour-1-association-le-sou-des-ecoles-saint-bonnet-mure\/","og_site_name":"News Est Lyonnais","article_author":"https:\/\/www.facebook.com\/pascal.oberson.1?fref=ts","article_published_time":"2020-11-14T10:41:24+00:00","article_modified_time":"2020-11-29T18:29:53+00:00","og_image":[{"width":1024,"height":768,"url":"https:\/\/i1.wp.com\/newsestlyonnais.fr\/site\/wp-content\/uploads\/2020\/11\/IMG-20201015-WA0003.jpg?fit=1024%2C768&ssl=1","type":"image\/jpeg"}],"author":"R\u00e9dac. NEWS","twitter_card":"summary_large_image","twitter_misc":{"\u00c9crit par":"R\u00e9dac. NEWS","Dur\u00e9e de lecture estim\u00e9e":"3 minutes"},"schema":{"@context":"https:\/\/schema.org","@graph":[{"@type":"Article","@id":"https:\/\/newsestlyonnais.fr\/site\/2020\/11\/14\/1-jour-1-association-le-sou-des-ecoles-saint-bonnet-mure\/#article","isPartOf":{"@id":"https:\/\/newsestlyonnais.fr\/site\/2020\/11\/14\/1-jour-1-association-le-sou-des-ecoles-saint-bonnet-mure\/"},"author":{"name":"R\u00e9dac. NEWS","@id":"https:\/\/newsestlyonnais.fr\/site\/#\/schema\/person\/3230d5615f390bb808365d673001e887"},"headline":"1 jour, 1 association | \u00bb Sou des \u00c9coles \u00bb St-Bonnet Mure","datePublished":"2020-11-14T10:41:24+00:00","dateModified":"2020-11-29T18:29:53+00:00","mainEntityOfPage":{"@id":"https:\/\/newsestlyonnais.fr\/site\/2020\/11\/14\/1-jour-1-association-le-sou-des-ecoles-saint-bonnet-mure\/"},"wordCount":524,"commentCount":0,"publisher":{"@id":"https:\/\/newsestlyonnais.fr\/site\/#organization"},"image":{"@id":"https:\/\/newsestlyonnais.fr\/site\/2020\/11\/14\/1-jour-1-association-le-sou-des-ecoles-saint-bonnet-mure\/#primaryimage"},"thumbnailUrl":"https:\/\/newsestlyonnais.fr\/site\/wp-content\/uploads\/2020\/11\/IMG-20201015-WA0003.jpg","articleSection":["1 jour, 1 association","CCEL | Communes","Comit\u00e9 F\u00eates | Sou des Ecoles | Classes","Sant\u00e9 | Bien Etre | Solidarit\u00e9","Scolaire","St Bonnet | St Laurent de Mure"],"inLanguage":"fr-FR","potentialAction":[{"@type":"CommentAction","name":"Comment","target":["https:\/\/newsestlyonnais.fr\/site\/2020\/11\/14\/1-jour-1-association-le-sou-des-ecoles-saint-bonnet-mure\/#respond"]}]},{"@type":"WebPage","@id":"https:\/\/newsestlyonnais.fr\/site\/2020\/11\/14\/1-jour-1-association-le-sou-des-ecoles-saint-bonnet-mure\/","url":"https:\/\/newsestlyonnais.fr\/site\/2020\/11\/14\/1-jour-1-association-le-sou-des-ecoles-saint-bonnet-mure\/","name":"1 jour, 1 association | \u00bb Sou des \u00c9coles \u00bb St-Bonnet Mure - News Est Lyonnais","isPartOf":{"@id":"https:\/\/newsestlyonnais.fr\/site\/#website"},"primaryImageOfPage":{"@id":"https:\/\/newsestlyonnais.fr\/site\/2020\/11\/14\/1-jour-1-association-le-sou-des-ecoles-saint-bonnet-mure\/#primaryimage"},"image":{"@id":"https:\/\/newsestlyonnais.fr\/site\/2020\/11\/14\/1-jour-1-association-le-sou-des-ecoles-saint-bonnet-mure\/#primaryimage"},"thumbnailUrl":"https:\/\/newsestlyonnais.fr\/site\/wp-content\/uploads\/2020\/11\/IMG-20201015-WA0003.jpg","datePublished":"2020-11-14T10:41:24+00:00","dateModified":"2020-11-29T18:29:53+00:00","description":"1 jour, 1 association | Le \u00bb Sou des \u00c9coles \u00bb de Saint-Bonnet de Mure","breadcrumb":{"@id":"https:\/\/newsestlyonnais.fr\/site\/2020\/11\/14\/1-jour-1-association-le-sou-des-ecoles-saint-bonnet-mure\/#breadcrumb"},"inLanguage":"fr-FR","potentialAction":[{"@type":"ReadAction","target":["https:\/\/newsestlyonnais.fr\/site\/2020\/11\/14\/1-jour-1-association-le-sou-des-ecoles-saint-bonnet-mure\/"]}]},{"@type":"ImageObject","inLanguage":"fr-FR","@id":"https:\/\/newsestlyonnais.fr\/site\/2020\/11\/14\/1-jour-1-association-le-sou-des-ecoles-saint-bonnet-mure\/#primaryimage","url":"https:\/\/newsestlyonnais.fr\/site\/wp-content\/uploads\/2020\/11\/IMG-20201015-WA0003.jpg","contentUrl":"https:\/\/newsestlyonnais.fr\/site\/wp-content\/uploads\/2020\/11\/IMG-20201015-WA0003.jpg","width":1024,"height":768},{"@type":"BreadcrumbList","@id":"https:\/\/newsestlyonnais.fr\/site\/2020\/11\/14\/1-jour-1-association-le-sou-des-ecoles-saint-bonnet-mure\/#breadcrumb","itemListElement":[{"@type":"ListItem","position":1,"name":"Accueil","item":"https:\/\/newsestlyonnais.fr\/site\/"},{"@type":"ListItem","position":2,"name":"1 jour, 1 association | \u00bb Sou des \u00c9coles \u00bb St-Bonnet Mure"}]},{"@type":"WebSite","@id":"https:\/\/newsestlyonnais.fr\/site\/#website","url":"https:\/\/newsestlyonnais.fr\/site\/","name":"News Est Lyonnais","description":"L&#039;actualit\u00e9 au plus pr\u00e8s","publisher":{"@id":"https:\/\/newsestlyonnais.fr\/site\/#organization"},"potentialAction":[{"@type":"SearchAction","target":{"@type":"EntryPoint","urlTemplate":"https:\/\/newsestlyonnais.fr\/site\/?s={search_term_string}"},"query-input":{"@type":"PropertyValueSpecification","valueRequired":true,"valueName":"search_term_string"}}],"inLanguage":"fr-FR"},{"@type":"Organization","@id":"https:\/\/newsestlyonnais.fr\/site\/#organization","name":"News EST LYONNAIS","url":"https:\/\/newsestlyonnais.fr\/site\/","logo":{"@type":"ImageObject","inLanguage":"fr-FR","@id":"https:\/\/newsestlyonnais.fr\/site\/#\/schema\/logo\/image\/","url":"","contentUrl":"","caption":"News EST LYONNAIS"},"image":{"@id":"https:\/\/newsestlyonnais.fr\/site\/#\/schema\/logo\/image\/"}},{"@type":"Person","@id":"https:\/\/newsestlyonnais.fr\/site\/#\/schema\/person\/3230d5615f390bb808365d673001e887","name":"R\u00e9dac. NEWS","sameAs":["http:\/\/www.newsestlyonnais.fr","https:\/\/www.facebook.com\/pascal.oberson.1?fref=ts","https:\/\/fr.linkedin.com\/in\/pascal-oberson-b17045113"],"url":"https:\/\/newsestlyonnais.fr\/site\/author\/nel\/"}]}},"_links":{"self":[{"href":"https:\/\/newsestlyonnais.fr\/site\/wp-json\/wp\/v2\/posts\/117229","targetHints":{"allow":["GET"]}}],"collection":[{"href":"https:\/\/newsestlyonnais.fr\/site\/wp-json\/wp\/v2\/posts"}],"about":[{"href":"https:\/\/newsestlyonnais.fr\/site\/wp-json\/wp\/v2\/types\/post"}],"author":[{"embeddable":true,"href":"https:\/\/newsestlyonnais.fr\/site\/wp-json\/wp\/v2\/users\/4"}],"replies":[{"embeddable":true,"href":"https:\/\/newsestlyonnais.fr\/site\/wp-json\/wp\/v2\/comments?post=117229"}],"version-history":[{"count":0,"href":"https:\/\/newsestlyonnais.fr\/site\/wp-json\/wp\/v2\/posts\/117229\/revisions"}],"wp:featuredmedia":[{"embeddable":true,"href":"https:\/\/newsestlyonnais.fr\/site\/wp-json\/wp\/v2\/media\/117240"}],"wp:attachment":[{"href":"https:\/\/newsestlyonnais.fr\/site\/wp-json\/wp\/v2\/media?parent=117229"}],"wp:term":[{"taxonomy":"category","embeddable":true,"href":"https:\/\/newsestlyonnais.fr\/site\/wp-json\/wp\/v2\/categories?post=117229"},{"taxonomy":"post_tag","embeddable":true,"href":"https:\/\/newsestlyonnais.fr\/site\/wp-json\/wp\/v2\/tags?post=117229"}],"curies":[{"name":"wp","href":"https:\/\/api.w.org\/{rel}","templated":true}]}}