{"id":117253,"date":"2020-11-14T14:39:56","date_gmt":"2020-11-14T13:39:56","guid":{"rendered":"http:\/\/newsestlyonnais.fr\/site\/?p=117253"},"modified":"2020-11-14T14:45:01","modified_gmt":"2020-11-14T13:45:01","slug":"3-semaine-de-confinement-le-sytral-ajuste-loffre-du-reseau-tcl","status":"publish","type":"post","link":"https:\/\/newsestlyonnais.fr\/site\/2020\/11\/14\/3-semaine-de-confinement-le-sytral-ajuste-loffre-du-reseau-tcl\/","title":{"rendered":"3\u00b0 semaine de confinement > le SYTRAL ajuste l&rsquo;offre du r\u00e9seau TCL"},"content":{"rendered":"<p><em><strong>Des ajustements cibl\u00e9s sur le r\u00e9seau TCL<\/strong><\/em><\/p>\n<p>Durant la deuxi\u00e8me semaine de confinement, la <strong>fr\u00e9quentation du r\u00e9seau TCL se maintient \u00e0 45 % en semaine<\/strong> avec des heures de pointe toujours marqu\u00e9es.<\/p>\n<p><strong>L\u2019offre de transport sera ainsi maintenue \u00e0 80% en semaine<\/strong> durant les prochains jours. Des ajustements sont toutefois op\u00e9r\u00e9s pour r\u00e9pondre aux besoins des personnes dont les d\u00e9placements sont indispensables.<\/p>\n<p>Le SYTRAL, en lien permanent avec les directions des \u00e9tablissements de sant\u00e9 publics et priv\u00e9s, adapte les horaires des lignes de bus desservant les HCL afin de garantir une offre de transport adapt\u00e9e, notamment aux heures de fin de service des personnels hospitaliers. La fr\u00e9quence et les horaires du <strong>funiculaire de Fourvi\u00e8re et des lignes de bus 11, 63 et 80<\/strong> sont \u00e9galement ajust\u00e9s, au regard des horaires de fonctionnement des \u00e9tablissements scolaires desservis.<\/p>\n<p>Au vu de la faible fr\u00e9quentation constat\u00e9e le week-end sur les <strong>lignes de m\u00e9tro<\/strong>, de l\u2019ordre de 25 %, <strong>l\u2019offre sera adapt\u00e9e \u00e0 compter du samedi 14 novembre. <\/strong>Le <strong>m\u00e9tro<\/strong> fonctionnera :<\/p>\n<ul>\n<li>le <strong>samedi<\/strong> avec des fr\u00e9quences de 8 \u00e0 10\u2019 sur les <strong>lignes A et B,<\/strong> 11\u2019 sur la <strong>C<\/strong> et de 4 \u00e0 7\u2019 sur la <strong>D<\/strong>.<\/li>\n<li>le <strong>dimanche,<\/strong> les fr\u00e9quences seront de 9 \u00e0 10\u2019 sur les lignes <strong>A et B<\/strong>, 11\u2019 sur la ligne <strong>C<\/strong> et 6 \u00e0 7\u2019 sur la ligne <strong>D<\/strong>.<\/li>\n<\/ul>\n<hr \/>\n<p><strong><span style=\"font-size: 14pt;\"><em>Toutes les informations sur :<\/em> <span style=\"color: #0000ff;\"><a style=\"color: #0000ff;\" href=\"http:\/\/www.tcl.fr\">http:\/\/www.tcl.fr<\/a><\/span><\/span><\/strong><\/p>\n<hr \/>\n<p><em><strong>Une vaste campagne de sensibilisation d\u00e9ploy\u00e9e sur le r\u00e9seau TCL<\/strong><\/em><\/p>\n<p>Afin d\u2019inciter au respect des gestes barri\u00e8res, <strong>les Hospices Civils de Lyon ont initi\u00e9 une campagne de communication<\/strong> en partenariat avec la M\u00e9tropole, qui d\u00e9tourne et revisite des expressions connues de tous. <strong>D\u00e8s la semaine prochaine, le SYTRAL<\/strong> partenaire de l\u2019op\u00e9ration, <strong>affichera <\/strong>tr\u00e8s largement<strong> cette campagne intitul\u00e9e \u00abA la ville comme \u00e0 la sc\u00e8ne, on respecte les gestes barri\u00e8res \u00bb <\/strong>sur le r\u00e9seau TCL.<\/p>\n<p>Bus, stations de tramways, r\u00e9seau m\u00e9tro ou encore \u00e9cran I-TCL, porteront le message permettant de sensibiliser les voyageurs et d\u2019interpeller le plus grand nombre au respect des gestes barri\u00e8res.<\/p>\n","protected":false},"excerpt":{"rendered":"<p>Ceci au regard de l\u2019\u00e9volution de la fr\u00e9quentation, tout en assurant une desserte efficace des territoires.<\/p>\n","protected":false},"author":4,"featured_media":84714,"comment_status":"open","ping_status":"open","sticky":false,"template":"","format":"standard","meta":{"footnotes":""},"categories":[2217,1625,13],"tags":[],"class_list":["post-117253","post","type-post","status-publish","format-standard","has-post-thumbnail","hentry","category-breves-de-lest-lyonnais","category-lyon","category-transports-circulation"],"yoast_head":"<!-- This site is optimized with the Yoast SEO plugin v27.2 - https:\/\/yoast.com\/product\/yoast-seo-wordpress\/ -->\n<title>3\u00b0 semaine de confinement &gt; le SYTRAL ajuste l&#039;offre du r\u00e9seau TCL - News Est Lyonnais<\/title>\n<meta name=\"description\" content=\"3\u00b0 semaine de confinement &gt; le SYTRAL ajuste l&#039;offre du r\u00e9seau TCL\" \/>\n<meta name=\"robots\" content=\"index, follow, max-snippet:-1, max-image-preview:large, max-video-preview:-1\" \/>\n<link rel=\"canonical\" href=\"https:\/\/newsestlyonnais.fr\/site\/2020\/11\/14\/3-semaine-de-confinement-le-sytral-ajuste-loffre-du-reseau-tcl\/\" \/>\n<meta property=\"og:locale\" content=\"fr_FR\" \/>\n<meta property=\"og:type\" content=\"article\" \/>\n<meta property=\"og:title\" content=\"3\u00b0 semaine de confinement &gt; le SYTRAL ajuste l&#039;offre du r\u00e9seau TCL - News Est Lyonnais\" \/>\n<meta property=\"og:description\" content=\"3\u00b0 semaine de confinement &gt; le SYTRAL ajuste l&#039;offre du r\u00e9seau TCL\" \/>\n<meta property=\"og:url\" content=\"https:\/\/newsestlyonnais.fr\/site\/2020\/11\/14\/3-semaine-de-confinement-le-sytral-ajuste-loffre-du-reseau-tcl\/\" \/>\n<meta property=\"og:site_name\" content=\"News Est Lyonnais\" \/>\n<meta property=\"article:author\" content=\"https:\/\/www.facebook.com\/pascal.oberson.1?fref=ts\" \/>\n<meta property=\"article:published_time\" content=\"2020-11-14T13:39:56+00:00\" \/>\n<meta property=\"article:modified_time\" content=\"2020-11-14T13:45:01+00:00\" \/>\n<meta property=\"og:image\" content=\"https:\/\/i0.wp.com\/newsestlyonnais.fr\/site\/wp-content\/uploads\/2019\/10\/NEWSESTLYONNAIS-BUS-TCL-BIS.jpg?fit=1200%2C800&ssl=1\" \/>\n\t<meta property=\"og:image:width\" content=\"1200\" \/>\n\t<meta property=\"og:image:height\" content=\"800\" \/>\n\t<meta property=\"og:image:type\" content=\"image\/jpeg\" \/>\n<meta name=\"author\" content=\"R\u00e9dac. NEWS\" \/>\n<meta name=\"twitter:card\" content=\"summary_large_image\" \/>\n<meta name=\"twitter:label1\" content=\"\u00c9crit par\" \/>\n\t<meta name=\"twitter:data1\" content=\"R\u00e9dac. NEWS\" \/>\n\t<meta name=\"twitter:label2\" content=\"Dur\u00e9e de lecture estim\u00e9e\" \/>\n\t<meta name=\"twitter:data2\" content=\"2 minutes\" \/>\n<script type=\"application\/ld+json\" class=\"yoast-schema-graph\">{\"@context\":\"https:\/\/schema.org\",\"@graph\":[{\"@type\":\"Article\",\"@id\":\"https:\/\/newsestlyonnais.fr\/site\/2020\/11\/14\/3-semaine-de-confinement-le-sytral-ajuste-loffre-du-reseau-tcl\/#article\",\"isPartOf\":{\"@id\":\"https:\/\/newsestlyonnais.fr\/site\/2020\/11\/14\/3-semaine-de-confinement-le-sytral-ajuste-loffre-du-reseau-tcl\/\"},\"author\":{\"name\":\"R\u00e9dac. NEWS\",\"@id\":\"https:\/\/newsestlyonnais.fr\/site\/#\/schema\/person\/3230d5615f390bb808365d673001e887\"},\"headline\":\"3\u00b0 semaine de confinement > le SYTRAL ajuste l&rsquo;offre du r\u00e9seau TCL\",\"datePublished\":\"2020-11-14T13:39:56+00:00\",\"dateModified\":\"2020-11-14T13:45:01+00:00\",\"mainEntityOfPage\":{\"@id\":\"https:\/\/newsestlyonnais.fr\/site\/2020\/11\/14\/3-semaine-de-confinement-le-sytral-ajuste-loffre-du-reseau-tcl\/\"},\"wordCount\":361,\"commentCount\":0,\"publisher\":{\"@id\":\"https:\/\/newsestlyonnais.fr\/site\/#organization\"},\"image\":{\"@id\":\"https:\/\/newsestlyonnais.fr\/site\/2020\/11\/14\/3-semaine-de-confinement-le-sytral-ajuste-loffre-du-reseau-tcl\/#primaryimage\"},\"thumbnailUrl\":\"https:\/\/newsestlyonnais.fr\/site\/wp-content\/uploads\/2019\/10\/NEWSESTLYONNAIS-BUS-TCL-BIS.jpg\",\"articleSection\":[\"Br\u00e8ves de l'Est lyonnais\",\"Lyon\",\"Transports | Circulation\"],\"inLanguage\":\"fr-FR\",\"potentialAction\":[{\"@type\":\"CommentAction\",\"name\":\"Comment\",\"target\":[\"https:\/\/newsestlyonnais.fr\/site\/2020\/11\/14\/3-semaine-de-confinement-le-sytral-ajuste-loffre-du-reseau-tcl\/#respond\"]}]},{\"@type\":\"WebPage\",\"@id\":\"https:\/\/newsestlyonnais.fr\/site\/2020\/11\/14\/3-semaine-de-confinement-le-sytral-ajuste-loffre-du-reseau-tcl\/\",\"url\":\"https:\/\/newsestlyonnais.fr\/site\/2020\/11\/14\/3-semaine-de-confinement-le-sytral-ajuste-loffre-du-reseau-tcl\/\",\"name\":\"3\u00b0 semaine de confinement > le SYTRAL ajuste l'offre du r\u00e9seau TCL - News Est Lyonnais\",\"isPartOf\":{\"@id\":\"https:\/\/newsestlyonnais.fr\/site\/#website\"},\"primaryImageOfPage\":{\"@id\":\"https:\/\/newsestlyonnais.fr\/site\/2020\/11\/14\/3-semaine-de-confinement-le-sytral-ajuste-loffre-du-reseau-tcl\/#primaryimage\"},\"image\":{\"@id\":\"https:\/\/newsestlyonnais.fr\/site\/2020\/11\/14\/3-semaine-de-confinement-le-sytral-ajuste-loffre-du-reseau-tcl\/#primaryimage\"},\"thumbnailUrl\":\"https:\/\/newsestlyonnais.fr\/site\/wp-content\/uploads\/2019\/10\/NEWSESTLYONNAIS-BUS-TCL-BIS.jpg\",\"datePublished\":\"2020-11-14T13:39:56+00:00\",\"dateModified\":\"2020-11-14T13:45:01+00:00\",\"description\":\"3\u00b0 semaine de confinement > le SYTRAL ajuste l'offre du r\u00e9seau TCL\",\"breadcrumb\":{\"@id\":\"https:\/\/newsestlyonnais.fr\/site\/2020\/11\/14\/3-semaine-de-confinement-le-sytral-ajuste-loffre-du-reseau-tcl\/#breadcrumb\"},\"inLanguage\":\"fr-FR\",\"potentialAction\":[{\"@type\":\"ReadAction\",\"target\":[\"https:\/\/newsestlyonnais.fr\/site\/2020\/11\/14\/3-semaine-de-confinement-le-sytral-ajuste-loffre-du-reseau-tcl\/\"]}]},{\"@type\":\"ImageObject\",\"inLanguage\":\"fr-FR\",\"@id\":\"https:\/\/newsestlyonnais.fr\/site\/2020\/11\/14\/3-semaine-de-confinement-le-sytral-ajuste-loffre-du-reseau-tcl\/#primaryimage\",\"url\":\"https:\/\/newsestlyonnais.fr\/site\/wp-content\/uploads\/2019\/10\/NEWSESTLYONNAIS-BUS-TCL-BIS.jpg\",\"contentUrl\":\"https:\/\/newsestlyonnais.fr\/site\/wp-content\/uploads\/2019\/10\/NEWSESTLYONNAIS-BUS-TCL-BIS.jpg\",\"width\":1200,\"height\":800},{\"@type\":\"BreadcrumbList\",\"@id\":\"https:\/\/newsestlyonnais.fr\/site\/2020\/11\/14\/3-semaine-de-confinement-le-sytral-ajuste-loffre-du-reseau-tcl\/#breadcrumb\",\"itemListElement\":[{\"@type\":\"ListItem\",\"position\":1,\"name\":\"Accueil\",\"item\":\"https:\/\/newsestlyonnais.fr\/site\/\"},{\"@type\":\"ListItem\",\"position\":2,\"name\":\"3\u00b0 semaine de confinement > le SYTRAL ajuste l&rsquo;offre du r\u00e9seau TCL\"}]},{\"@type\":\"WebSite\",\"@id\":\"https:\/\/newsestlyonnais.fr\/site\/#website\",\"url\":\"https:\/\/newsestlyonnais.fr\/site\/\",\"name\":\"News Est Lyonnais\",\"description\":\"L&#039;actualit\u00e9 au plus pr\u00e8s\",\"publisher\":{\"@id\":\"https:\/\/newsestlyonnais.fr\/site\/#organization\"},\"potentialAction\":[{\"@type\":\"SearchAction\",\"target\":{\"@type\":\"EntryPoint\",\"urlTemplate\":\"https:\/\/newsestlyonnais.fr\/site\/?s={search_term_string}\"},\"query-input\":{\"@type\":\"PropertyValueSpecification\",\"valueRequired\":true,\"valueName\":\"search_term_string\"}}],\"inLanguage\":\"fr-FR\"},{\"@type\":\"Organization\",\"@id\":\"https:\/\/newsestlyonnais.fr\/site\/#organization\",\"name\":\"News EST LYONNAIS\",\"url\":\"https:\/\/newsestlyonnais.fr\/site\/\",\"logo\":{\"@type\":\"ImageObject\",\"inLanguage\":\"fr-FR\",\"@id\":\"https:\/\/newsestlyonnais.fr\/site\/#\/schema\/logo\/image\/\",\"url\":\"\",\"contentUrl\":\"\",\"caption\":\"News EST LYONNAIS\"},\"image\":{\"@id\":\"https:\/\/newsestlyonnais.fr\/site\/#\/schema\/logo\/image\/\"}},{\"@type\":\"Person\",\"@id\":\"https:\/\/newsestlyonnais.fr\/site\/#\/schema\/person\/3230d5615f390bb808365d673001e887\",\"name\":\"R\u00e9dac. NEWS\",\"sameAs\":[\"http:\/\/www.newsestlyonnais.fr\",\"https:\/\/www.facebook.com\/pascal.oberson.1?fref=ts\",\"https:\/\/fr.linkedin.com\/in\/pascal-oberson-b17045113\"],\"url\":\"https:\/\/newsestlyonnais.fr\/site\/author\/nel\/\"}]}<\/script>\n<!-- \/ Yoast SEO plugin. -->","yoast_head_json":{"title":"3\u00b0 semaine de confinement > le SYTRAL ajuste l'offre du r\u00e9seau TCL - News Est Lyonnais","description":"3\u00b0 semaine de confinement > le SYTRAL ajuste l'offre du r\u00e9seau TCL","robots":{"index":"index","follow":"follow","max-snippet":"max-snippet:-1","max-image-preview":"max-image-preview:large","max-video-preview":"max-video-preview:-1"},"canonical":"https:\/\/newsestlyonnais.fr\/site\/2020\/11\/14\/3-semaine-de-confinement-le-sytral-ajuste-loffre-du-reseau-tcl\/","og_locale":"fr_FR","og_type":"article","og_title":"3\u00b0 semaine de confinement > le SYTRAL ajuste l'offre du r\u00e9seau TCL - News Est Lyonnais","og_description":"3\u00b0 semaine de confinement > le SYTRAL ajuste l'offre du r\u00e9seau TCL","og_url":"https:\/\/newsestlyonnais.fr\/site\/2020\/11\/14\/3-semaine-de-confinement-le-sytral-ajuste-loffre-du-reseau-tcl\/","og_site_name":"News Est Lyonnais","article_author":"https:\/\/www.facebook.com\/pascal.oberson.1?fref=ts","article_published_time":"2020-11-14T13:39:56+00:00","article_modified_time":"2020-11-14T13:45:01+00:00","og_image":[{"width":1200,"height":800,"url":"https:\/\/i0.wp.com\/newsestlyonnais.fr\/site\/wp-content\/uploads\/2019\/10\/NEWSESTLYONNAIS-BUS-TCL-BIS.jpg?fit=1200%2C800&ssl=1","type":"image\/jpeg"}],"author":"R\u00e9dac. NEWS","twitter_card":"summary_large_image","twitter_misc":{"\u00c9crit par":"R\u00e9dac. NEWS","Dur\u00e9e de lecture estim\u00e9e":"2 minutes"},"schema":{"@context":"https:\/\/schema.org","@graph":[{"@type":"Article","@id":"https:\/\/newsestlyonnais.fr\/site\/2020\/11\/14\/3-semaine-de-confinement-le-sytral-ajuste-loffre-du-reseau-tcl\/#article","isPartOf":{"@id":"https:\/\/newsestlyonnais.fr\/site\/2020\/11\/14\/3-semaine-de-confinement-le-sytral-ajuste-loffre-du-reseau-tcl\/"},"author":{"name":"R\u00e9dac. NEWS","@id":"https:\/\/newsestlyonnais.fr\/site\/#\/schema\/person\/3230d5615f390bb808365d673001e887"},"headline":"3\u00b0 semaine de confinement > le SYTRAL ajuste l&rsquo;offre du r\u00e9seau TCL","datePublished":"2020-11-14T13:39:56+00:00","dateModified":"2020-11-14T13:45:01+00:00","mainEntityOfPage":{"@id":"https:\/\/newsestlyonnais.fr\/site\/2020\/11\/14\/3-semaine-de-confinement-le-sytral-ajuste-loffre-du-reseau-tcl\/"},"wordCount":361,"commentCount":0,"publisher":{"@id":"https:\/\/newsestlyonnais.fr\/site\/#organization"},"image":{"@id":"https:\/\/newsestlyonnais.fr\/site\/2020\/11\/14\/3-semaine-de-confinement-le-sytral-ajuste-loffre-du-reseau-tcl\/#primaryimage"},"thumbnailUrl":"https:\/\/newsestlyonnais.fr\/site\/wp-content\/uploads\/2019\/10\/NEWSESTLYONNAIS-BUS-TCL-BIS.jpg","articleSection":["Br\u00e8ves de l'Est lyonnais","Lyon","Transports | Circulation"],"inLanguage":"fr-FR","potentialAction":[{"@type":"CommentAction","name":"Comment","target":["https:\/\/newsestlyonnais.fr\/site\/2020\/11\/14\/3-semaine-de-confinement-le-sytral-ajuste-loffre-du-reseau-tcl\/#respond"]}]},{"@type":"WebPage","@id":"https:\/\/newsestlyonnais.fr\/site\/2020\/11\/14\/3-semaine-de-confinement-le-sytral-ajuste-loffre-du-reseau-tcl\/","url":"https:\/\/newsestlyonnais.fr\/site\/2020\/11\/14\/3-semaine-de-confinement-le-sytral-ajuste-loffre-du-reseau-tcl\/","name":"3\u00b0 semaine de confinement > le SYTRAL ajuste l'offre du r\u00e9seau TCL - News Est Lyonnais","isPartOf":{"@id":"https:\/\/newsestlyonnais.fr\/site\/#website"},"primaryImageOfPage":{"@id":"https:\/\/newsestlyonnais.fr\/site\/2020\/11\/14\/3-semaine-de-confinement-le-sytral-ajuste-loffre-du-reseau-tcl\/#primaryimage"},"image":{"@id":"https:\/\/newsestlyonnais.fr\/site\/2020\/11\/14\/3-semaine-de-confinement-le-sytral-ajuste-loffre-du-reseau-tcl\/#primaryimage"},"thumbnailUrl":"https:\/\/newsestlyonnais.fr\/site\/wp-content\/uploads\/2019\/10\/NEWSESTLYONNAIS-BUS-TCL-BIS.jpg","datePublished":"2020-11-14T13:39:56+00:00","dateModified":"2020-11-14T13:45:01+00:00","description":"3\u00b0 semaine de confinement > le SYTRAL ajuste l'offre du r\u00e9seau TCL","breadcrumb":{"@id":"https:\/\/newsestlyonnais.fr\/site\/2020\/11\/14\/3-semaine-de-confinement-le-sytral-ajuste-loffre-du-reseau-tcl\/#breadcrumb"},"inLanguage":"fr-FR","potentialAction":[{"@type":"ReadAction","target":["https:\/\/newsestlyonnais.fr\/site\/2020\/11\/14\/3-semaine-de-confinement-le-sytral-ajuste-loffre-du-reseau-tcl\/"]}]},{"@type":"ImageObject","inLanguage":"fr-FR","@id":"https:\/\/newsestlyonnais.fr\/site\/2020\/11\/14\/3-semaine-de-confinement-le-sytral-ajuste-loffre-du-reseau-tcl\/#primaryimage","url":"https:\/\/newsestlyonnais.fr\/site\/wp-content\/uploads\/2019\/10\/NEWSESTLYONNAIS-BUS-TCL-BIS.jpg","contentUrl":"https:\/\/newsestlyonnais.fr\/site\/wp-content\/uploads\/2019\/10\/NEWSESTLYONNAIS-BUS-TCL-BIS.jpg","width":1200,"height":800},{"@type":"BreadcrumbList","@id":"https:\/\/newsestlyonnais.fr\/site\/2020\/11\/14\/3-semaine-de-confinement-le-sytral-ajuste-loffre-du-reseau-tcl\/#breadcrumb","itemListElement":[{"@type":"ListItem","position":1,"name":"Accueil","item":"https:\/\/newsestlyonnais.fr\/site\/"},{"@type":"ListItem","position":2,"name":"3\u00b0 semaine de confinement > le SYTRAL ajuste l&rsquo;offre du r\u00e9seau TCL"}]},{"@type":"WebSite","@id":"https:\/\/newsestlyonnais.fr\/site\/#website","url":"https:\/\/newsestlyonnais.fr\/site\/","name":"News Est Lyonnais","description":"L&#039;actualit\u00e9 au plus pr\u00e8s","publisher":{"@id":"https:\/\/newsestlyonnais.fr\/site\/#organization"},"potentialAction":[{"@type":"SearchAction","target":{"@type":"EntryPoint","urlTemplate":"https:\/\/newsestlyonnais.fr\/site\/?s={search_term_string}"},"query-input":{"@type":"PropertyValueSpecification","valueRequired":true,"valueName":"search_term_string"}}],"inLanguage":"fr-FR"},{"@type":"Organization","@id":"https:\/\/newsestlyonnais.fr\/site\/#organization","name":"News EST LYONNAIS","url":"https:\/\/newsestlyonnais.fr\/site\/","logo":{"@type":"ImageObject","inLanguage":"fr-FR","@id":"https:\/\/newsestlyonnais.fr\/site\/#\/schema\/logo\/image\/","url":"","contentUrl":"","caption":"News EST LYONNAIS"},"image":{"@id":"https:\/\/newsestlyonnais.fr\/site\/#\/schema\/logo\/image\/"}},{"@type":"Person","@id":"https:\/\/newsestlyonnais.fr\/site\/#\/schema\/person\/3230d5615f390bb808365d673001e887","name":"R\u00e9dac. NEWS","sameAs":["http:\/\/www.newsestlyonnais.fr","https:\/\/www.facebook.com\/pascal.oberson.1?fref=ts","https:\/\/fr.linkedin.com\/in\/pascal-oberson-b17045113"],"url":"https:\/\/newsestlyonnais.fr\/site\/author\/nel\/"}]}},"_links":{"self":[{"href":"https:\/\/newsestlyonnais.fr\/site\/wp-json\/wp\/v2\/posts\/117253","targetHints":{"allow":["GET"]}}],"collection":[{"href":"https:\/\/newsestlyonnais.fr\/site\/wp-json\/wp\/v2\/posts"}],"about":[{"href":"https:\/\/newsestlyonnais.fr\/site\/wp-json\/wp\/v2\/types\/post"}],"author":[{"embeddable":true,"href":"https:\/\/newsestlyonnais.fr\/site\/wp-json\/wp\/v2\/users\/4"}],"replies":[{"embeddable":true,"href":"https:\/\/newsestlyonnais.fr\/site\/wp-json\/wp\/v2\/comments?post=117253"}],"version-history":[{"count":0,"href":"https:\/\/newsestlyonnais.fr\/site\/wp-json\/wp\/v2\/posts\/117253\/revisions"}],"wp:featuredmedia":[{"embeddable":true,"href":"https:\/\/newsestlyonnais.fr\/site\/wp-json\/wp\/v2\/media\/84714"}],"wp:attachment":[{"href":"https:\/\/newsestlyonnais.fr\/site\/wp-json\/wp\/v2\/media?parent=117253"}],"wp:term":[{"taxonomy":"category","embeddable":true,"href":"https:\/\/newsestlyonnais.fr\/site\/wp-json\/wp\/v2\/categories?post=117253"},{"taxonomy":"post_tag","embeddable":true,"href":"https:\/\/newsestlyonnais.fr\/site\/wp-json\/wp\/v2\/tags?post=117253"}],"curies":[{"name":"wp","href":"https:\/\/api.w.org\/{rel}","templated":true}]}}