{"id":117442,"date":"2020-11-16T07:32:24","date_gmt":"2020-11-16T06:32:24","guid":{"rendered":"http:\/\/newsestlyonnais.fr\/site\/?p=117442"},"modified":"2020-11-29T19:22:49","modified_gmt":"2020-11-29T18:22:49","slug":"1-jour-1-association-gym-lyon-metropole-chassieu","status":"publish","type":"post","link":"https:\/\/newsestlyonnais.fr\/site\/2020\/11\/16\/1-jour-1-association-gym-lyon-metropole-chassieu\/","title":{"rendered":"1 jour, 1 association | GYM Lyon-M\u00e9tropole Chassieu"},"content":{"rendered":"<p>En ce lundi, c\u2019est <strong>Bertrand Rabilloud, <\/strong>salari\u00e9 \u00e0 temps plein (20 ans \u00e0 Chassieu Gym et maintenant \u00e0 GLM Chassieu-Lyon), <strong>entraineur de la partie comp\u00e9tition GAM sur Chassieu<\/strong> et <strong>membre de la direction technique et administrative<\/strong> (charg\u00e9 du secteur comp\u00e9tition), qui r\u00e9pond aux questions de la r\u00e9daction :<\/p>\n<hr \/>\n<ul>\n<li><strong><span style=\"font-size: 14pt;\"><span style=\"text-decoration: underline;\">Quelle est son activit\u00e9 principale et effectif actuel<\/span> ?<\/span> <\/strong><\/li>\n<\/ul>\n<p>\u00bb\u00a0 Gym Lyon M\u00e9tropole Chassieu-Lyon est pr\u00e9sid\u00e9 par Olivier Minn depuis sa cr\u00e9ation fin ao\u00fbt 2017. Cette <strong>association<\/strong> est <strong>n\u00e9e d\u2019une entente entre Chassieu Gym et Lyon Gymnaste<\/strong> et propose de la <strong>Gymnastique Artistique<\/strong> (<strong>en loisir et en comp\u00e9tition, fille et gar\u00e7on<\/strong>).<\/p>\n<p>Son effectif actuel est de <strong>1.500 adh\u00e9rents<\/strong> : <strong>87 % sont des enfants<\/strong>, 970 f\u00e9minines et 530 masculins \u00ab .<\/p>\n<ul>\n<li><strong><span style=\"font-size: 14pt;\"><span style=\"text-decoration: underline;\">Comment s\u2019\u00e9tait pass\u00e9 le 1\u00b0 confinement et aviez vous mis du personnel au ch\u00f4mage<\/span> ?<\/span> <\/strong><\/li>\n<\/ul>\n<p>\u00bb\u00a0 L\u2019ensemble des salari\u00e9s a \u00e9t\u00e9 mis au ch\u00f4mage partiel. Nous avons gard\u00e9 une partie de travail sur l\u2019animation d\u2019entrainement en vid\u00e9o et une partie administrative \u00ab .<\/p>\n<hr \/>\n<ul>\n<li><span style=\"font-size: 14pt;\"><strong><span style=\"text-decoration: underline;\">Et la reprise des activit\u00e9s \u00e0 la rentr\u00e9e de septembre<\/span> ?<\/strong><\/span><\/li>\n<\/ul>\n<p>\u00bb La reprise des activit\u00e9s s\u2019est d\u00e9roul\u00e9e avec le respect des gestes barri\u00e8res et un am\u00e9nagement de l\u2019organisation de la partie vestiaire \u00ab.<\/p>\n<ul>\n<li><span style=\"font-size: 14pt;\"><strong><span style=\"text-decoration: underline;\">Avez-vous connu depuis, une baisse de vos effectifs<\/span> ?<\/strong><\/span><\/li>\n<\/ul>\n<p>\u00bb\u00a0 Nous avons<strong> une baisse de 20 % des adh\u00e9rents principalement sur le secteur adulte<\/strong> (- 60 %) \u00ab .<\/p>\n<ul>\n<li><strong><span style=\"font-size: 14pt;\"><span style=\"text-decoration: underline;\">Avez-vous \u00e9t\u00e9 contraints d\u2019annuler des \u00e9v\u00e8nements ou comp\u00e9titions<\/span> ?<\/span> <\/strong><\/li>\n<\/ul>\n<p>\u00bb\u00a0 Nous avons annul\u00e9 les galas de fin d\u2019ann\u00e9e, les f\u00eates de No\u00ebl et nous n\u2019organiserons pas la comp\u00e9tition r\u00e9gionale que le comit\u00e9 nous avait octroy\u00e9e pour le mois d\u2019avril 2021. Le risque financier est trop important.<\/p>\n<p>Notre assembl\u00e9e g\u00e9n\u00e9rale se tiendra en visio\u2026 pas le meilleur moyen de trouver des b\u00e9n\u00e9voles ! \u00bb<\/p>\n<hr \/>\n<ul>\n<li><span style=\"font-size: 14pt;\"><strong><span style=\"text-decoration: underline;\">Comment se d\u00e9roule ce 2\u00b0 confinement<\/span> ?<\/strong><\/span><\/li>\n<\/ul>\n<p>\u00bb\u00a0<strong>Nous sommes de nouveau au ch\u00f4mage partiel et nous allons \u00e0 nouveau proposer des cours en vid\u00e9o<\/strong>\u2026 \u00bb<\/p>\n<hr \/>\n<ul>\n<li><span style=\"font-size: 14pt;\"><strong><span style=\"text-decoration: underline;\">Cons\u00e9quences financi\u00e8res, sportives ou autres<\/span> ?<\/strong><\/span><\/li>\n<\/ul>\n<p>\u00bb Le CA a d\u00e9cid\u00e9 de <strong>rembourser les cotisations des adh\u00e9rents au prorata temporis<\/strong> afin de rester honn\u00eate vis-\u00e0-vis de nos adh\u00e9rents qui nous ont \u00e0 nouveau fait confiance.<\/p>\n<p>Pour le secteur comp\u00e9tition, la non organisation des comp\u00e9titions pourraient \u00eatre dramatique pour la motivation. La gymnastique en comp\u00e9tition demande beaucoup d\u2019heures d\u2019entrainement et les comp\u00e9titions contribuent \u00e0 organiser la motivation et la progression \u00bb.<\/p>\n<hr \/>\n<ul>\n<li><span style=\"font-size: 14pt;\"><span style=\"text-decoration: underline;\"><strong>Et pour conclure<\/strong><\/span> <strong>?<\/strong><\/span><\/li>\n<\/ul>\n<p>\u00bb\u00a0 GLM Chassieu-Lyon vous remercie pour l\u2019int\u00e9r\u00eat que vous nous portez, et <strong>nous comptons sur votre soutien pour nous aider \u00e0 rebondir apr\u00e8s la crise<\/strong> \u00bb.<\/p>\n<hr \/>\n<ul>\n<li><img loading=\"lazy\" decoding=\"async\" class=\"alignleft wp-image-117459 size-thumbnail\" src=\"https:\/\/newsestlyonnais.fr\/site\/medias\/2020\/11\/22829190_134916890595722_4635251945438004211_o-250x125.jpg\" alt=\"\" width=\"150\" height=\"75\" data-attachment-id=\"117327\" data-permalink=\"https:\/\/newsestlyonnais.fr\/site\/2020\/11\/15\/1-jour-1-association-les-jeuxnassiens\/106901629_181274163389740_5404277923566029288_n\/\" data-orig-file=\"https:\/\/i0.wp.com\/newsestlyonnais.fr\/site\/medias\/2020\/11\/106901629_181274163389740_5404277923566029288_n.jpg?fit=421%2C421&amp;ssl=1\" data-orig-size=\"421,421\" data-comments-opened=\"1\" data-image-meta=\"{&quot;aperture&quot;:&quot;0&quot;,&quot;credit&quot;:&quot;&quot;,&quot;camera&quot;:&quot;&quot;,&quot;caption&quot;:&quot;&quot;,&quot;created_timestamp&quot;:&quot;0&quot;,&quot;copyright&quot;:&quot;&quot;,&quot;focal_length&quot;:&quot;0&quot;,&quot;iso&quot;:&quot;0&quot;,&quot;shutter_speed&quot;:&quot;0&quot;,&quot;title&quot;:&quot;&quot;,&quot;orientation&quot;:&quot;0&quot;}\" data-image-title=\"106901629_181274163389740_5404277923566029288_n\" data-image-description=\"\" data-medium-file=\"https:\/\/i0.wp.com\/newsestlyonnais.fr\/site\/medias\/2020\/11\/106901629_181274163389740_5404277923566029288_n.jpg?fit=300%2C300&amp;ssl=1\" data-large-file=\"https:\/\/i0.wp.com\/newsestlyonnais.fr\/site\/medias\/2020\/11\/106901629_181274163389740_5404277923566029288_n.jpg?fit=421%2C421&amp;ssl=1\" data-recalc-dims=\"1\" srcset=\"https:\/\/newsestlyonnais.fr\/site\/wp-content\/uploads\/2020\/11\/22829190_134916890595722_4635251945438004211_o-250x125.jpg 250w, https:\/\/newsestlyonnais.fr\/site\/wp-content\/uploads\/2020\/11\/22829190_134916890595722_4635251945438004211_o-400x200.jpg 400w, https:\/\/newsestlyonnais.fr\/site\/wp-content\/uploads\/2020\/11\/22829190_134916890595722_4635251945438004211_o-650x325.jpg 650w, https:\/\/newsestlyonnais.fr\/site\/wp-content\/uploads\/2020\/11\/22829190_134916890595722_4635251945438004211_o-768x384.jpg 768w, https:\/\/newsestlyonnais.fr\/site\/wp-content\/uploads\/2020\/11\/22829190_134916890595722_4635251945438004211_o-150x75.jpg 150w, https:\/\/newsestlyonnais.fr\/site\/wp-content\/uploads\/2020\/11\/22829190_134916890595722_4635251945438004211_o-50x25.jpg 50w, https:\/\/newsestlyonnais.fr\/site\/wp-content\/uploads\/2020\/11\/22829190_134916890595722_4635251945438004211_o-100x50.jpg 100w, https:\/\/newsestlyonnais.fr\/site\/wp-content\/uploads\/2020\/11\/22829190_134916890595722_4635251945438004211_o-200x100.jpg 200w, https:\/\/newsestlyonnais.fr\/site\/wp-content\/uploads\/2020\/11\/22829190_134916890595722_4635251945438004211_o-300x150.jpg 300w, https:\/\/newsestlyonnais.fr\/site\/wp-content\/uploads\/2020\/11\/22829190_134916890595722_4635251945438004211_o-350x175.jpg 350w, https:\/\/newsestlyonnais.fr\/site\/wp-content\/uploads\/2020\/11\/22829190_134916890595722_4635251945438004211_o-450x225.jpg 450w, https:\/\/newsestlyonnais.fr\/site\/wp-content\/uploads\/2020\/11\/22829190_134916890595722_4635251945438004211_o-500x250.jpg 500w, https:\/\/newsestlyonnais.fr\/site\/wp-content\/uploads\/2020\/11\/22829190_134916890595722_4635251945438004211_o-550x275.jpg 550w, https:\/\/newsestlyonnais.fr\/site\/wp-content\/uploads\/2020\/11\/22829190_134916890595722_4635251945438004211_o-800x400.jpg 800w, https:\/\/newsestlyonnais.fr\/site\/wp-content\/uploads\/2020\/11\/22829190_134916890595722_4635251945438004211_o.jpg 1063w\" sizes=\"auto, (max-width: 150px) 100vw, 150px\" \/><\/li>\n<li><strong><span style=\"font-size: 14pt;\">A retrouver sur :<span style=\"color: #0000ff;\"> <a style=\"color: #0000ff;\" href=\"https:\/\/gymlyonmetropole.fr\">https:\/\/gymlyonmetropole.fr<\/a><\/span><\/span><\/strong><\/li>\n<li><em><em><strong>Contacts : <\/strong><\/em><\/em><\/li>\n<li><strong>Lyon<\/strong> : 04.78.24.57.46 \/ contactlyon@gymlyonmetropole.fr<\/li>\n<li><strong>Chassieu<\/strong> : 07.68.68.86.77 \/ contactchassieu@gymlyonmetropole.fr<em><strong><br \/>\n<\/strong><\/em><\/li>\n<\/ul>\n<hr \/>\n<p>&nbsp;<\/p>\n<div id='gallery-1' class='gallery galleryid-117442 gallery-columns-2 gallery-size-thumbnail'><figure class='gallery-item'>\n\t\t\t<div class='gallery-icon landscape'>\n\t\t\t\t<a href='https:\/\/newsestlyonnais.fr\/site\/2020\/11\/16\/1-jour-1-association-gym-lyon-metropole-chassieu\/img_e0859\/'><img loading=\"lazy\" decoding=\"async\" width=\"150\" height=\"113\" src=\"https:\/\/newsestlyonnais.fr\/site\/wp-content\/uploads\/2020\/11\/IMG_E0859-250x188.jpg\" class=\"attachment-thumbnail size-thumbnail\" alt=\"\" srcset=\"https:\/\/newsestlyonnais.fr\/site\/wp-content\/uploads\/2020\/11\/IMG_E0859-250x188.jpg 250w, https:\/\/newsestlyonnais.fr\/site\/wp-content\/uploads\/2020\/11\/IMG_E0859-400x300.jpg 400w, https:\/\/newsestlyonnais.fr\/site\/wp-content\/uploads\/2020\/11\/IMG_E0859-650x488.jpg 650w, https:\/\/newsestlyonnais.fr\/site\/wp-content\/uploads\/2020\/11\/IMG_E0859-768x576.jpg 768w, https:\/\/newsestlyonnais.fr\/site\/wp-content\/uploads\/2020\/11\/IMG_E0859-150x113.jpg 150w, https:\/\/newsestlyonnais.fr\/site\/wp-content\/uploads\/2020\/11\/IMG_E0859-50x38.jpg 50w, https:\/\/newsestlyonnais.fr\/site\/wp-content\/uploads\/2020\/11\/IMG_E0859-100x75.jpg 100w, https:\/\/newsestlyonnais.fr\/site\/wp-content\/uploads\/2020\/11\/IMG_E0859-200x150.jpg 200w, https:\/\/newsestlyonnais.fr\/site\/wp-content\/uploads\/2020\/11\/IMG_E0859-300x225.jpg 300w, https:\/\/newsestlyonnais.fr\/site\/wp-content\/uploads\/2020\/11\/IMG_E0859-350x263.jpg 350w, https:\/\/newsestlyonnais.fr\/site\/wp-content\/uploads\/2020\/11\/IMG_E0859-450x338.jpg 450w, https:\/\/newsestlyonnais.fr\/site\/wp-content\/uploads\/2020\/11\/IMG_E0859-500x375.jpg 500w, https:\/\/newsestlyonnais.fr\/site\/wp-content\/uploads\/2020\/11\/IMG_E0859-550x413.jpg 550w, https:\/\/newsestlyonnais.fr\/site\/wp-content\/uploads\/2020\/11\/IMG_E0859-800x600.jpg 800w, https:\/\/newsestlyonnais.fr\/site\/wp-content\/uploads\/2020\/11\/IMG_E0859.jpg 1200w\" sizes=\"auto, (max-width: 150px) 100vw, 150px\" \/><\/a>\n\t\t\t<\/div><\/figure><figure class='gallery-item'>\n\t\t\t<div class='gallery-icon landscape'>\n\t\t\t\t<a href='https:\/\/newsestlyonnais.fr\/site\/2020\/11\/16\/1-jour-1-association-gym-lyon-metropole-chassieu\/site-lyon-bas\/'><img loading=\"lazy\" decoding=\"async\" width=\"150\" height=\"100\" src=\"https:\/\/newsestlyonnais.fr\/site\/wp-content\/uploads\/2020\/11\/Site-Lyon-Bas-250x167.jpg\" class=\"attachment-thumbnail size-thumbnail\" alt=\"\" aria-describedby=\"gallery-1-117480\" srcset=\"https:\/\/newsestlyonnais.fr\/site\/wp-content\/uploads\/2020\/11\/Site-Lyon-Bas-250x167.jpg 250w, https:\/\/newsestlyonnais.fr\/site\/wp-content\/uploads\/2020\/11\/Site-Lyon-Bas-400x267.jpg 400w, https:\/\/newsestlyonnais.fr\/site\/wp-content\/uploads\/2020\/11\/Site-Lyon-Bas-650x434.jpg 650w, https:\/\/newsestlyonnais.fr\/site\/wp-content\/uploads\/2020\/11\/Site-Lyon-Bas-768x512.jpg 768w, https:\/\/newsestlyonnais.fr\/site\/wp-content\/uploads\/2020\/11\/Site-Lyon-Bas-150x100.jpg 150w, https:\/\/newsestlyonnais.fr\/site\/wp-content\/uploads\/2020\/11\/Site-Lyon-Bas-50x33.jpg 50w, https:\/\/newsestlyonnais.fr\/site\/wp-content\/uploads\/2020\/11\/Site-Lyon-Bas-100x67.jpg 100w, https:\/\/newsestlyonnais.fr\/site\/wp-content\/uploads\/2020\/11\/Site-Lyon-Bas-200x133.jpg 200w, https:\/\/newsestlyonnais.fr\/site\/wp-content\/uploads\/2020\/11\/Site-Lyon-Bas-300x200.jpg 300w, https:\/\/newsestlyonnais.fr\/site\/wp-content\/uploads\/2020\/11\/Site-Lyon-Bas-350x233.jpg 350w, https:\/\/newsestlyonnais.fr\/site\/wp-content\/uploads\/2020\/11\/Site-Lyon-Bas-450x300.jpg 450w, https:\/\/newsestlyonnais.fr\/site\/wp-content\/uploads\/2020\/11\/Site-Lyon-Bas-500x333.jpg 500w, https:\/\/newsestlyonnais.fr\/site\/wp-content\/uploads\/2020\/11\/Site-Lyon-Bas-550x367.jpg 550w, https:\/\/newsestlyonnais.fr\/site\/wp-content\/uploads\/2020\/11\/Site-Lyon-Bas-800x534.jpg 800w, https:\/\/newsestlyonnais.fr\/site\/wp-content\/uploads\/2020\/11\/Site-Lyon-Bas.jpg 1024w\" sizes=\"auto, (max-width: 150px) 100vw, 150px\" \/><\/a>\n\t\t\t<\/div>\n\t\t\t\t<figcaption class='wp-caption-text gallery-caption' id='gallery-1-117480'>\n\t\t\t\tLe site de Lyon\n\t\t\t\t<\/figcaption><\/figure><figure class='gallery-item'>\n\t\t\t<div class='gallery-icon landscape'>\n\t\t\t\t<a href='https:\/\/newsestlyonnais.fr\/site\/2020\/11\/16\/1-jour-1-association-gym-lyon-metropole-chassieu\/site-chassieu\/'><img loading=\"lazy\" decoding=\"async\" width=\"150\" height=\"74\" src=\"https:\/\/newsestlyonnais.fr\/site\/wp-content\/uploads\/2020\/11\/Site-Chassieu-250x123.jpg\" class=\"attachment-thumbnail size-thumbnail\" alt=\"\" aria-describedby=\"gallery-1-117482\" srcset=\"https:\/\/newsestlyonnais.fr\/site\/wp-content\/uploads\/2020\/11\/Site-Chassieu-250x123.jpg 250w, https:\/\/newsestlyonnais.fr\/site\/wp-content\/uploads\/2020\/11\/Site-Chassieu-400x196.jpg 400w, https:\/\/newsestlyonnais.fr\/site\/wp-content\/uploads\/2020\/11\/Site-Chassieu-650x319.jpg 650w, https:\/\/newsestlyonnais.fr\/site\/wp-content\/uploads\/2020\/11\/Site-Chassieu-768x377.jpg 768w, https:\/\/newsestlyonnais.fr\/site\/wp-content\/uploads\/2020\/11\/Site-Chassieu-150x74.jpg 150w, https:\/\/newsestlyonnais.fr\/site\/wp-content\/uploads\/2020\/11\/Site-Chassieu-50x25.jpg 50w, https:\/\/newsestlyonnais.fr\/site\/wp-content\/uploads\/2020\/11\/Site-Chassieu-100x49.jpg 100w, https:\/\/newsestlyonnais.fr\/site\/wp-content\/uploads\/2020\/11\/Site-Chassieu-200x98.jpg 200w, https:\/\/newsestlyonnais.fr\/site\/wp-content\/uploads\/2020\/11\/Site-Chassieu-300x147.jpg 300w, https:\/\/newsestlyonnais.fr\/site\/wp-content\/uploads\/2020\/11\/Site-Chassieu-350x172.jpg 350w, https:\/\/newsestlyonnais.fr\/site\/wp-content\/uploads\/2020\/11\/Site-Chassieu-450x221.jpg 450w, https:\/\/newsestlyonnais.fr\/site\/wp-content\/uploads\/2020\/11\/Site-Chassieu-500x245.jpg 500w, https:\/\/newsestlyonnais.fr\/site\/wp-content\/uploads\/2020\/11\/Site-Chassieu-550x270.jpg 550w, https:\/\/newsestlyonnais.fr\/site\/wp-content\/uploads\/2020\/11\/Site-Chassieu-800x392.jpg 800w, https:\/\/newsestlyonnais.fr\/site\/wp-content\/uploads\/2020\/11\/Site-Chassieu.jpg 1024w\" sizes=\"auto, (max-width: 150px) 100vw, 150px\" \/><\/a>\n\t\t\t<\/div>\n\t\t\t\t<figcaption class='wp-caption-text gallery-caption' id='gallery-1-117482'>\n\t\t\t\tLe site de Chassieu\n\t\t\t\t<\/figcaption><\/figure><figure class='gallery-item'>\n\t\t\t<div class='gallery-icon landscape'>\n\t\t\t\t<a href='https:\/\/newsestlyonnais.fr\/site\/2020\/11\/16\/1-jour-1-association-gym-lyon-metropole-chassieu\/img_6636\/'><img loading=\"lazy\" decoding=\"async\" width=\"150\" height=\"113\" src=\"https:\/\/newsestlyonnais.fr\/site\/wp-content\/uploads\/2020\/11\/IMG_6636-250x188.jpg\" class=\"attachment-thumbnail size-thumbnail\" alt=\"\" srcset=\"https:\/\/newsestlyonnais.fr\/site\/wp-content\/uploads\/2020\/11\/IMG_6636-250x188.jpg 250w, https:\/\/newsestlyonnais.fr\/site\/wp-content\/uploads\/2020\/11\/IMG_6636-400x300.jpg 400w, https:\/\/newsestlyonnais.fr\/site\/wp-content\/uploads\/2020\/11\/IMG_6636-650x488.jpg 650w, https:\/\/newsestlyonnais.fr\/site\/wp-content\/uploads\/2020\/11\/IMG_6636-768x576.jpg 768w, https:\/\/newsestlyonnais.fr\/site\/wp-content\/uploads\/2020\/11\/IMG_6636-150x113.jpg 150w, https:\/\/newsestlyonnais.fr\/site\/wp-content\/uploads\/2020\/11\/IMG_6636-50x38.jpg 50w, https:\/\/newsestlyonnais.fr\/site\/wp-content\/uploads\/2020\/11\/IMG_6636-100x75.jpg 100w, https:\/\/newsestlyonnais.fr\/site\/wp-content\/uploads\/2020\/11\/IMG_6636-200x150.jpg 200w, https:\/\/newsestlyonnais.fr\/site\/wp-content\/uploads\/2020\/11\/IMG_6636-300x225.jpg 300w, https:\/\/newsestlyonnais.fr\/site\/wp-content\/uploads\/2020\/11\/IMG_6636-350x263.jpg 350w, https:\/\/newsestlyonnais.fr\/site\/wp-content\/uploads\/2020\/11\/IMG_6636-450x338.jpg 450w, https:\/\/newsestlyonnais.fr\/site\/wp-content\/uploads\/2020\/11\/IMG_6636-500x375.jpg 500w, https:\/\/newsestlyonnais.fr\/site\/wp-content\/uploads\/2020\/11\/IMG_6636-550x413.jpg 550w, https:\/\/newsestlyonnais.fr\/site\/wp-content\/uploads\/2020\/11\/IMG_6636-800x600.jpg 800w, https:\/\/newsestlyonnais.fr\/site\/wp-content\/uploads\/2020\/11\/IMG_6636.jpg 1200w\" sizes=\"auto, (max-width: 150px) 100vw, 150px\" \/><\/a>\n\t\t\t<\/div><\/figure>\n\t\t<\/div>\n\n","protected":false},"excerpt":{"rendered":"<p>Au cours de ce nouveau confinement, d\u00e9couvrez quotidiennement une association pr\u00e9sent\u00e9e par un de ses dirigeants.<\/p>\n","protected":false},"author":4,"featured_media":117472,"comment_status":"open","ping_status":"open","sticky":false,"template":"","format":"standard","meta":{"footnotes":""},"categories":[3420,1283,166,1319,1625],"tags":[],"class_list":["post-117442","post","type-post","status-publish","format-standard","has-post-thumbnail","hentry","category-1-jour-1-association","category-chassieu-communes-diverses","category-divers-sports","category-gymnastique-grs-gv","category-lyon"],"yoast_head":"<!-- This site is optimized with the Yoast SEO plugin v27.2 - https:\/\/yoast.com\/product\/yoast-seo-wordpress\/ -->\n<title>1 jour, 1 association | GYM Lyon-M\u00e9tropole Chassieu - News Est Lyonnais<\/title>\n<meta name=\"description\" content=\"1 jour, 1 association | GYM Lyon-M\u00e9tropole Chassieu-Lyon (GLM)\" \/>\n<meta name=\"robots\" content=\"index, follow, max-snippet:-1, max-image-preview:large, max-video-preview:-1\" \/>\n<link rel=\"canonical\" href=\"https:\/\/newsestlyonnais.fr\/site\/2020\/11\/16\/1-jour-1-association-gym-lyon-metropole-chassieu\/\" \/>\n<meta property=\"og:locale\" content=\"fr_FR\" \/>\n<meta property=\"og:type\" content=\"article\" \/>\n<meta property=\"og:title\" content=\"1 jour, 1 association | GYM Lyon-M\u00e9tropole Chassieu - News Est Lyonnais\" \/>\n<meta property=\"og:description\" content=\"1 jour, 1 association | GYM Lyon-M\u00e9tropole Chassieu-Lyon (GLM)\" \/>\n<meta property=\"og:url\" content=\"https:\/\/newsestlyonnais.fr\/site\/2020\/11\/16\/1-jour-1-association-gym-lyon-metropole-chassieu\/\" \/>\n<meta property=\"og:site_name\" content=\"News Est Lyonnais\" \/>\n<meta property=\"article:author\" content=\"https:\/\/www.facebook.com\/pascal.oberson.1?fref=ts\" \/>\n<meta property=\"article:published_time\" content=\"2020-11-16T06:32:24+00:00\" \/>\n<meta property=\"article:modified_time\" content=\"2020-11-29T18:22:49+00:00\" \/>\n<meta property=\"og:image\" content=\"https:\/\/i1.wp.com\/newsestlyonnais.fr\/site\/wp-content\/uploads\/2020\/11\/IMG_6623.jpg?fit=1200%2C900&ssl=1\" \/>\n\t<meta property=\"og:image:width\" content=\"1200\" \/>\n\t<meta property=\"og:image:height\" content=\"900\" \/>\n\t<meta property=\"og:image:type\" content=\"image\/jpeg\" \/>\n<meta name=\"author\" content=\"R\u00e9dac. NEWS\" \/>\n<meta name=\"twitter:card\" content=\"summary_large_image\" \/>\n<meta name=\"twitter:label1\" content=\"\u00c9crit par\" \/>\n\t<meta name=\"twitter:data1\" content=\"R\u00e9dac. NEWS\" \/>\n\t<meta name=\"twitter:label2\" content=\"Dur\u00e9e de lecture estim\u00e9e\" \/>\n\t<meta name=\"twitter:data2\" content=\"2 minutes\" \/>\n<script type=\"application\/ld+json\" class=\"yoast-schema-graph\">{\"@context\":\"https:\/\/schema.org\",\"@graph\":[{\"@type\":\"Article\",\"@id\":\"https:\/\/newsestlyonnais.fr\/site\/2020\/11\/16\/1-jour-1-association-gym-lyon-metropole-chassieu\/#article\",\"isPartOf\":{\"@id\":\"https:\/\/newsestlyonnais.fr\/site\/2020\/11\/16\/1-jour-1-association-gym-lyon-metropole-chassieu\/\"},\"author\":{\"name\":\"R\u00e9dac. NEWS\",\"@id\":\"https:\/\/newsestlyonnais.fr\/site\/#\/schema\/person\/3230d5615f390bb808365d673001e887\"},\"headline\":\"1 jour, 1 association | GYM Lyon-M\u00e9tropole Chassieu\",\"datePublished\":\"2020-11-16T06:32:24+00:00\",\"dateModified\":\"2020-11-29T18:22:49+00:00\",\"mainEntityOfPage\":{\"@id\":\"https:\/\/newsestlyonnais.fr\/site\/2020\/11\/16\/1-jour-1-association-gym-lyon-metropole-chassieu\/\"},\"wordCount\":459,\"commentCount\":0,\"publisher\":{\"@id\":\"https:\/\/newsestlyonnais.fr\/site\/#organization\"},\"image\":{\"@id\":\"https:\/\/newsestlyonnais.fr\/site\/2020\/11\/16\/1-jour-1-association-gym-lyon-metropole-chassieu\/#primaryimage\"},\"thumbnailUrl\":\"https:\/\/newsestlyonnais.fr\/site\/wp-content\/uploads\/2020\/11\/IMG_6623.jpg\",\"articleSection\":[\"1 jour, 1 association\",\"Chassieu | Communes diverses\",\"Divers Sports\",\"Gymnastique | Grs | Gv\",\"Lyon\"],\"inLanguage\":\"fr-FR\",\"potentialAction\":[{\"@type\":\"CommentAction\",\"name\":\"Comment\",\"target\":[\"https:\/\/newsestlyonnais.fr\/site\/2020\/11\/16\/1-jour-1-association-gym-lyon-metropole-chassieu\/#respond\"]}]},{\"@type\":\"WebPage\",\"@id\":\"https:\/\/newsestlyonnais.fr\/site\/2020\/11\/16\/1-jour-1-association-gym-lyon-metropole-chassieu\/\",\"url\":\"https:\/\/newsestlyonnais.fr\/site\/2020\/11\/16\/1-jour-1-association-gym-lyon-metropole-chassieu\/\",\"name\":\"1 jour, 1 association | GYM Lyon-M\u00e9tropole Chassieu - News Est Lyonnais\",\"isPartOf\":{\"@id\":\"https:\/\/newsestlyonnais.fr\/site\/#website\"},\"primaryImageOfPage\":{\"@id\":\"https:\/\/newsestlyonnais.fr\/site\/2020\/11\/16\/1-jour-1-association-gym-lyon-metropole-chassieu\/#primaryimage\"},\"image\":{\"@id\":\"https:\/\/newsestlyonnais.fr\/site\/2020\/11\/16\/1-jour-1-association-gym-lyon-metropole-chassieu\/#primaryimage\"},\"thumbnailUrl\":\"https:\/\/newsestlyonnais.fr\/site\/wp-content\/uploads\/2020\/11\/IMG_6623.jpg\",\"datePublished\":\"2020-11-16T06:32:24+00:00\",\"dateModified\":\"2020-11-29T18:22:49+00:00\",\"description\":\"1 jour, 1 association | GYM Lyon-M\u00e9tropole Chassieu-Lyon (GLM)\",\"breadcrumb\":{\"@id\":\"https:\/\/newsestlyonnais.fr\/site\/2020\/11\/16\/1-jour-1-association-gym-lyon-metropole-chassieu\/#breadcrumb\"},\"inLanguage\":\"fr-FR\",\"potentialAction\":[{\"@type\":\"ReadAction\",\"target\":[\"https:\/\/newsestlyonnais.fr\/site\/2020\/11\/16\/1-jour-1-association-gym-lyon-metropole-chassieu\/\"]}]},{\"@type\":\"ImageObject\",\"inLanguage\":\"fr-FR\",\"@id\":\"https:\/\/newsestlyonnais.fr\/site\/2020\/11\/16\/1-jour-1-association-gym-lyon-metropole-chassieu\/#primaryimage\",\"url\":\"https:\/\/newsestlyonnais.fr\/site\/wp-content\/uploads\/2020\/11\/IMG_6623.jpg\",\"contentUrl\":\"https:\/\/newsestlyonnais.fr\/site\/wp-content\/uploads\/2020\/11\/IMG_6623.jpg\",\"width\":1200,\"height\":900},{\"@type\":\"BreadcrumbList\",\"@id\":\"https:\/\/newsestlyonnais.fr\/site\/2020\/11\/16\/1-jour-1-association-gym-lyon-metropole-chassieu\/#breadcrumb\",\"itemListElement\":[{\"@type\":\"ListItem\",\"position\":1,\"name\":\"Accueil\",\"item\":\"https:\/\/newsestlyonnais.fr\/site\/\"},{\"@type\":\"ListItem\",\"position\":2,\"name\":\"1 jour, 1 association | GYM Lyon-M\u00e9tropole Chassieu\"}]},{\"@type\":\"WebSite\",\"@id\":\"https:\/\/newsestlyonnais.fr\/site\/#website\",\"url\":\"https:\/\/newsestlyonnais.fr\/site\/\",\"name\":\"News Est Lyonnais\",\"description\":\"L&#039;actualit\u00e9 au plus pr\u00e8s\",\"publisher\":{\"@id\":\"https:\/\/newsestlyonnais.fr\/site\/#organization\"},\"potentialAction\":[{\"@type\":\"SearchAction\",\"target\":{\"@type\":\"EntryPoint\",\"urlTemplate\":\"https:\/\/newsestlyonnais.fr\/site\/?s={search_term_string}\"},\"query-input\":{\"@type\":\"PropertyValueSpecification\",\"valueRequired\":true,\"valueName\":\"search_term_string\"}}],\"inLanguage\":\"fr-FR\"},{\"@type\":\"Organization\",\"@id\":\"https:\/\/newsestlyonnais.fr\/site\/#organization\",\"name\":\"News EST LYONNAIS\",\"url\":\"https:\/\/newsestlyonnais.fr\/site\/\",\"logo\":{\"@type\":\"ImageObject\",\"inLanguage\":\"fr-FR\",\"@id\":\"https:\/\/newsestlyonnais.fr\/site\/#\/schema\/logo\/image\/\",\"url\":\"\",\"contentUrl\":\"\",\"caption\":\"News EST LYONNAIS\"},\"image\":{\"@id\":\"https:\/\/newsestlyonnais.fr\/site\/#\/schema\/logo\/image\/\"}},{\"@type\":\"Person\",\"@id\":\"https:\/\/newsestlyonnais.fr\/site\/#\/schema\/person\/3230d5615f390bb808365d673001e887\",\"name\":\"R\u00e9dac. NEWS\",\"sameAs\":[\"http:\/\/www.newsestlyonnais.fr\",\"https:\/\/www.facebook.com\/pascal.oberson.1?fref=ts\",\"https:\/\/fr.linkedin.com\/in\/pascal-oberson-b17045113\"],\"url\":\"https:\/\/newsestlyonnais.fr\/site\/author\/nel\/\"}]}<\/script>\n<!-- \/ Yoast SEO plugin. -->","yoast_head_json":{"title":"1 jour, 1 association | GYM Lyon-M\u00e9tropole Chassieu - News Est Lyonnais","description":"1 jour, 1 association | GYM Lyon-M\u00e9tropole Chassieu-Lyon (GLM)","robots":{"index":"index","follow":"follow","max-snippet":"max-snippet:-1","max-image-preview":"max-image-preview:large","max-video-preview":"max-video-preview:-1"},"canonical":"https:\/\/newsestlyonnais.fr\/site\/2020\/11\/16\/1-jour-1-association-gym-lyon-metropole-chassieu\/","og_locale":"fr_FR","og_type":"article","og_title":"1 jour, 1 association | GYM Lyon-M\u00e9tropole Chassieu - News Est Lyonnais","og_description":"1 jour, 1 association | GYM Lyon-M\u00e9tropole Chassieu-Lyon (GLM)","og_url":"https:\/\/newsestlyonnais.fr\/site\/2020\/11\/16\/1-jour-1-association-gym-lyon-metropole-chassieu\/","og_site_name":"News Est Lyonnais","article_author":"https:\/\/www.facebook.com\/pascal.oberson.1?fref=ts","article_published_time":"2020-11-16T06:32:24+00:00","article_modified_time":"2020-11-29T18:22:49+00:00","og_image":[{"width":1200,"height":900,"url":"https:\/\/i1.wp.com\/newsestlyonnais.fr\/site\/wp-content\/uploads\/2020\/11\/IMG_6623.jpg?fit=1200%2C900&ssl=1","type":"image\/jpeg"}],"author":"R\u00e9dac. NEWS","twitter_card":"summary_large_image","twitter_misc":{"\u00c9crit par":"R\u00e9dac. NEWS","Dur\u00e9e de lecture estim\u00e9e":"2 minutes"},"schema":{"@context":"https:\/\/schema.org","@graph":[{"@type":"Article","@id":"https:\/\/newsestlyonnais.fr\/site\/2020\/11\/16\/1-jour-1-association-gym-lyon-metropole-chassieu\/#article","isPartOf":{"@id":"https:\/\/newsestlyonnais.fr\/site\/2020\/11\/16\/1-jour-1-association-gym-lyon-metropole-chassieu\/"},"author":{"name":"R\u00e9dac. NEWS","@id":"https:\/\/newsestlyonnais.fr\/site\/#\/schema\/person\/3230d5615f390bb808365d673001e887"},"headline":"1 jour, 1 association | GYM Lyon-M\u00e9tropole Chassieu","datePublished":"2020-11-16T06:32:24+00:00","dateModified":"2020-11-29T18:22:49+00:00","mainEntityOfPage":{"@id":"https:\/\/newsestlyonnais.fr\/site\/2020\/11\/16\/1-jour-1-association-gym-lyon-metropole-chassieu\/"},"wordCount":459,"commentCount":0,"publisher":{"@id":"https:\/\/newsestlyonnais.fr\/site\/#organization"},"image":{"@id":"https:\/\/newsestlyonnais.fr\/site\/2020\/11\/16\/1-jour-1-association-gym-lyon-metropole-chassieu\/#primaryimage"},"thumbnailUrl":"https:\/\/newsestlyonnais.fr\/site\/wp-content\/uploads\/2020\/11\/IMG_6623.jpg","articleSection":["1 jour, 1 association","Chassieu | Communes diverses","Divers Sports","Gymnastique | Grs | Gv","Lyon"],"inLanguage":"fr-FR","potentialAction":[{"@type":"CommentAction","name":"Comment","target":["https:\/\/newsestlyonnais.fr\/site\/2020\/11\/16\/1-jour-1-association-gym-lyon-metropole-chassieu\/#respond"]}]},{"@type":"WebPage","@id":"https:\/\/newsestlyonnais.fr\/site\/2020\/11\/16\/1-jour-1-association-gym-lyon-metropole-chassieu\/","url":"https:\/\/newsestlyonnais.fr\/site\/2020\/11\/16\/1-jour-1-association-gym-lyon-metropole-chassieu\/","name":"1 jour, 1 association | GYM Lyon-M\u00e9tropole Chassieu - News Est Lyonnais","isPartOf":{"@id":"https:\/\/newsestlyonnais.fr\/site\/#website"},"primaryImageOfPage":{"@id":"https:\/\/newsestlyonnais.fr\/site\/2020\/11\/16\/1-jour-1-association-gym-lyon-metropole-chassieu\/#primaryimage"},"image":{"@id":"https:\/\/newsestlyonnais.fr\/site\/2020\/11\/16\/1-jour-1-association-gym-lyon-metropole-chassieu\/#primaryimage"},"thumbnailUrl":"https:\/\/newsestlyonnais.fr\/site\/wp-content\/uploads\/2020\/11\/IMG_6623.jpg","datePublished":"2020-11-16T06:32:24+00:00","dateModified":"2020-11-29T18:22:49+00:00","description":"1 jour, 1 association | GYM Lyon-M\u00e9tropole Chassieu-Lyon (GLM)","breadcrumb":{"@id":"https:\/\/newsestlyonnais.fr\/site\/2020\/11\/16\/1-jour-1-association-gym-lyon-metropole-chassieu\/#breadcrumb"},"inLanguage":"fr-FR","potentialAction":[{"@type":"ReadAction","target":["https:\/\/newsestlyonnais.fr\/site\/2020\/11\/16\/1-jour-1-association-gym-lyon-metropole-chassieu\/"]}]},{"@type":"ImageObject","inLanguage":"fr-FR","@id":"https:\/\/newsestlyonnais.fr\/site\/2020\/11\/16\/1-jour-1-association-gym-lyon-metropole-chassieu\/#primaryimage","url":"https:\/\/newsestlyonnais.fr\/site\/wp-content\/uploads\/2020\/11\/IMG_6623.jpg","contentUrl":"https:\/\/newsestlyonnais.fr\/site\/wp-content\/uploads\/2020\/11\/IMG_6623.jpg","width":1200,"height":900},{"@type":"BreadcrumbList","@id":"https:\/\/newsestlyonnais.fr\/site\/2020\/11\/16\/1-jour-1-association-gym-lyon-metropole-chassieu\/#breadcrumb","itemListElement":[{"@type":"ListItem","position":1,"name":"Accueil","item":"https:\/\/newsestlyonnais.fr\/site\/"},{"@type":"ListItem","position":2,"name":"1 jour, 1 association | GYM Lyon-M\u00e9tropole Chassieu"}]},{"@type":"WebSite","@id":"https:\/\/newsestlyonnais.fr\/site\/#website","url":"https:\/\/newsestlyonnais.fr\/site\/","name":"News Est Lyonnais","description":"L&#039;actualit\u00e9 au plus pr\u00e8s","publisher":{"@id":"https:\/\/newsestlyonnais.fr\/site\/#organization"},"potentialAction":[{"@type":"SearchAction","target":{"@type":"EntryPoint","urlTemplate":"https:\/\/newsestlyonnais.fr\/site\/?s={search_term_string}"},"query-input":{"@type":"PropertyValueSpecification","valueRequired":true,"valueName":"search_term_string"}}],"inLanguage":"fr-FR"},{"@type":"Organization","@id":"https:\/\/newsestlyonnais.fr\/site\/#organization","name":"News EST LYONNAIS","url":"https:\/\/newsestlyonnais.fr\/site\/","logo":{"@type":"ImageObject","inLanguage":"fr-FR","@id":"https:\/\/newsestlyonnais.fr\/site\/#\/schema\/logo\/image\/","url":"","contentUrl":"","caption":"News EST LYONNAIS"},"image":{"@id":"https:\/\/newsestlyonnais.fr\/site\/#\/schema\/logo\/image\/"}},{"@type":"Person","@id":"https:\/\/newsestlyonnais.fr\/site\/#\/schema\/person\/3230d5615f390bb808365d673001e887","name":"R\u00e9dac. NEWS","sameAs":["http:\/\/www.newsestlyonnais.fr","https:\/\/www.facebook.com\/pascal.oberson.1?fref=ts","https:\/\/fr.linkedin.com\/in\/pascal-oberson-b17045113"],"url":"https:\/\/newsestlyonnais.fr\/site\/author\/nel\/"}]}},"_links":{"self":[{"href":"https:\/\/newsestlyonnais.fr\/site\/wp-json\/wp\/v2\/posts\/117442","targetHints":{"allow":["GET"]}}],"collection":[{"href":"https:\/\/newsestlyonnais.fr\/site\/wp-json\/wp\/v2\/posts"}],"about":[{"href":"https:\/\/newsestlyonnais.fr\/site\/wp-json\/wp\/v2\/types\/post"}],"author":[{"embeddable":true,"href":"https:\/\/newsestlyonnais.fr\/site\/wp-json\/wp\/v2\/users\/4"}],"replies":[{"embeddable":true,"href":"https:\/\/newsestlyonnais.fr\/site\/wp-json\/wp\/v2\/comments?post=117442"}],"version-history":[{"count":0,"href":"https:\/\/newsestlyonnais.fr\/site\/wp-json\/wp\/v2\/posts\/117442\/revisions"}],"wp:featuredmedia":[{"embeddable":true,"href":"https:\/\/newsestlyonnais.fr\/site\/wp-json\/wp\/v2\/media\/117472"}],"wp:attachment":[{"href":"https:\/\/newsestlyonnais.fr\/site\/wp-json\/wp\/v2\/media?parent=117442"}],"wp:term":[{"taxonomy":"category","embeddable":true,"href":"https:\/\/newsestlyonnais.fr\/site\/wp-json\/wp\/v2\/categories?post=117442"},{"taxonomy":"post_tag","embeddable":true,"href":"https:\/\/newsestlyonnais.fr\/site\/wp-json\/wp\/v2\/tags?post=117442"}],"curies":[{"name":"wp","href":"https:\/\/api.w.org\/{rel}","templated":true}]}}