{"id":117511,"date":"2020-11-16T05:38:46","date_gmt":"2020-11-16T04:38:46","guid":{"rendered":"http:\/\/newsestlyonnais.fr\/site\/?p=117511"},"modified":"2020-11-17T10:07:07","modified_gmt":"2020-11-17T09:07:07","slug":"lyon-semaine-des-gestes-qui-sauvent-2","status":"publish","type":"post","link":"https:\/\/newsestlyonnais.fr\/site\/2020\/11\/16\/lyon-semaine-des-gestes-qui-sauvent-2\/","title":{"rendered":"LYON | Semaine des gestes qui sauvent"},"content":{"rendered":"<p><em><strong>On ne na\u00eet pas sauveteur\u2026 mais on peut le devenir ! <\/strong><\/em>En raison du contexte sanitaire, <strong>cette nouvelle \u00e9dition se d\u00e9roulera principalement en ligne.<\/strong><\/p>\n<p><strong>Cette ann\u00e9e, en raison du contexte sanitaire, les initiations \u00ab\u00a0premiers secours\u00a0\u00bb ne pourront pas avoir lieu dans les casernes de pompiers, sur la place Bellecour ou \u00e0 la Part-Dieu.<\/strong><\/p>\n<p>Mais pour \u00eatre toujours fiers de porter la banni\u00e8re \u00ab\u00a0Qui ne sauve n\u2019est pas Lyonnais.e\u00a0\u00bb, des vid\u00e9os sont \u00e0 visionner pour d\u00e9couvrir, ou se rappeler, comment r\u00e9agir dans des situations d\u2019urgence, pour pouvoir prendre en charge et \u00eatre efficace, car chaque geste compte !<\/p>\n<hr \/>\n<p><strong>NOTA<\/strong> : Sauver des vies, c\u2019est aujourd\u2019hui \u00e0 la port\u00e9e de chacun d\u2019entre nous en prenant soin de respecter les gestes barri\u00e8res qui font d\u00e9sormais partie de notre quotidien. Le virus qui touche actuellement le monde entier n\u2019est pas la seule menace sur notre sant\u00e9.<\/p>\n<p><strong>L\u2019arr\u00eat cardiaque touche en effet plus de 50 000 personnes par an en France et sa prise en charge pourrait \u00eatre plus efficace si un massage cardiaque \u00e9tait r\u00e9alis\u00e9.<\/strong> \u00catre capable, avec des gestes simples de participer \u00e0 la s\u00e9curit\u00e9 et la sant\u00e9 de tous est gratifiant et exemplaire, c\u2019est la raison pour laquelle la \u00ab\u00a0Semaine des gestes qui sauvent\u00a0\u00bb a \u00e9t\u00e9 mise en place \u00e0 Lyon par la <span style=\"color: #0000ff;\"><a style=\"color: #0000ff;\" title=\"F\u00e9d\u00e9ration Fran\u00e7aise de Cardiologie\" href=\"https:\/\/fedecardio-acvr.org\/\" target=\"_blank\" rel=\"noopener noreferrer\">F\u00e9d\u00e9ration Fran\u00e7aise de Cardiologie<\/a><\/span> et la Ville de Lyon, dans <strong>l\u2019objectif de former un maximum de Lyonnais\u00b7e\u00b7s \u00e0 ces gestes.<\/strong><\/p>\n<hr \/>\n<ul>\n<li><strong>Plus d&rsquo;infos sur : <a href=\"https:\/\/www.lyon.fr\/actualite\/sante\/semaine-des-gestes-qui-sauvent\">https:\/\/www.lyon.fr\/actualite\/sante\/semaine-des-gestes-qui-sauvent<\/a><\/strong><\/li>\n<\/ul>\n","protected":false},"excerpt":{"rendered":"<p>Pour la 4\u00b0 ann\u00e9e cons\u00e9cutive, Ville de Lyon et F\u00e9d\u00e9ration fran\u00e7aise de cardiologie organisent la \u00ab\u00a0Semaine des gestes qui sauvent\u00a0\u00bb du 16 au 21 novembre.<\/p>\n","protected":false},"author":4,"featured_media":117516,"comment_status":"open","ping_status":"open","sticky":false,"template":"","format":"standard","meta":{"footnotes":""},"categories":[2217,1625,18,1753],"tags":[],"class_list":["post-117511","post","type-post","status-publish","format-standard","has-post-thumbnail","hentry","category-breves-de-lest-lyonnais","category-lyon","category-sante-bien-etre-solidarite","category-secours-securite"],"yoast_head":"<!-- This site is optimized with the Yoast SEO plugin v27.2 - https:\/\/yoast.com\/product\/yoast-seo-wordpress\/ -->\n<title>LYON | Semaine des gestes qui sauvent - News Est Lyonnais<\/title>\n<meta name=\"description\" content=\"LYON | Semaine des gestes qui sauvent\" \/>\n<meta name=\"robots\" content=\"index, follow, max-snippet:-1, max-image-preview:large, max-video-preview:-1\" \/>\n<link rel=\"canonical\" href=\"https:\/\/newsestlyonnais.fr\/site\/2020\/11\/16\/lyon-semaine-des-gestes-qui-sauvent-2\/\" \/>\n<meta property=\"og:locale\" content=\"fr_FR\" \/>\n<meta property=\"og:type\" content=\"article\" \/>\n<meta property=\"og:title\" content=\"LYON | Semaine des gestes qui sauvent - News Est Lyonnais\" \/>\n<meta property=\"og:description\" content=\"LYON | Semaine des gestes qui sauvent\" \/>\n<meta property=\"og:url\" content=\"https:\/\/newsestlyonnais.fr\/site\/2020\/11\/16\/lyon-semaine-des-gestes-qui-sauvent-2\/\" \/>\n<meta property=\"og:site_name\" content=\"News Est Lyonnais\" \/>\n<meta property=\"article:author\" content=\"https:\/\/www.facebook.com\/pascal.oberson.1?fref=ts\" \/>\n<meta property=\"article:published_time\" content=\"2020-11-16T04:38:46+00:00\" \/>\n<meta property=\"article:modified_time\" content=\"2020-11-17T09:07:07+00:00\" \/>\n<meta property=\"og:image\" content=\"https:\/\/i2.wp.com\/newsestlyonnais.fr\/site\/wp-content\/uploads\/2020\/11\/semaine-gestes-qui-sauvent-p.jpg?fit=700%2C394&ssl=1\" \/>\n\t<meta property=\"og:image:width\" content=\"700\" \/>\n\t<meta property=\"og:image:height\" content=\"394\" \/>\n\t<meta property=\"og:image:type\" content=\"image\/jpeg\" \/>\n<meta name=\"author\" content=\"R\u00e9dac. NEWS\" \/>\n<meta name=\"twitter:card\" content=\"summary_large_image\" \/>\n<meta name=\"twitter:label1\" content=\"\u00c9crit par\" \/>\n\t<meta name=\"twitter:data1\" content=\"R\u00e9dac. NEWS\" \/>\n\t<meta name=\"twitter:label2\" content=\"Dur\u00e9e de lecture estim\u00e9e\" \/>\n\t<meta name=\"twitter:data2\" content=\"1 minute\" \/>\n<script type=\"application\/ld+json\" class=\"yoast-schema-graph\">{\"@context\":\"https:\/\/schema.org\",\"@graph\":[{\"@type\":\"Article\",\"@id\":\"https:\/\/newsestlyonnais.fr\/site\/2020\/11\/16\/lyon-semaine-des-gestes-qui-sauvent-2\/#article\",\"isPartOf\":{\"@id\":\"https:\/\/newsestlyonnais.fr\/site\/2020\/11\/16\/lyon-semaine-des-gestes-qui-sauvent-2\/\"},\"author\":{\"name\":\"R\u00e9dac. NEWS\",\"@id\":\"https:\/\/newsestlyonnais.fr\/site\/#\/schema\/person\/3230d5615f390bb808365d673001e887\"},\"headline\":\"LYON | Semaine des gestes qui sauvent\",\"datePublished\":\"2020-11-16T04:38:46+00:00\",\"dateModified\":\"2020-11-17T09:07:07+00:00\",\"mainEntityOfPage\":{\"@id\":\"https:\/\/newsestlyonnais.fr\/site\/2020\/11\/16\/lyon-semaine-des-gestes-qui-sauvent-2\/\"},\"wordCount\":265,\"commentCount\":0,\"publisher\":{\"@id\":\"https:\/\/newsestlyonnais.fr\/site\/#organization\"},\"image\":{\"@id\":\"https:\/\/newsestlyonnais.fr\/site\/2020\/11\/16\/lyon-semaine-des-gestes-qui-sauvent-2\/#primaryimage\"},\"thumbnailUrl\":\"https:\/\/newsestlyonnais.fr\/site\/wp-content\/uploads\/2020\/11\/semaine-gestes-qui-sauvent-p.jpg\",\"articleSection\":[\"Br\u00e8ves de l'Est lyonnais\",\"Lyon\",\"Sant\u00e9 | Bien Etre | Solidarit\u00e9\",\"Secours | S\u00e9curit\u00e9\"],\"inLanguage\":\"fr-FR\",\"potentialAction\":[{\"@type\":\"CommentAction\",\"name\":\"Comment\",\"target\":[\"https:\/\/newsestlyonnais.fr\/site\/2020\/11\/16\/lyon-semaine-des-gestes-qui-sauvent-2\/#respond\"]}]},{\"@type\":\"WebPage\",\"@id\":\"https:\/\/newsestlyonnais.fr\/site\/2020\/11\/16\/lyon-semaine-des-gestes-qui-sauvent-2\/\",\"url\":\"https:\/\/newsestlyonnais.fr\/site\/2020\/11\/16\/lyon-semaine-des-gestes-qui-sauvent-2\/\",\"name\":\"LYON | Semaine des gestes qui sauvent - News Est Lyonnais\",\"isPartOf\":{\"@id\":\"https:\/\/newsestlyonnais.fr\/site\/#website\"},\"primaryImageOfPage\":{\"@id\":\"https:\/\/newsestlyonnais.fr\/site\/2020\/11\/16\/lyon-semaine-des-gestes-qui-sauvent-2\/#primaryimage\"},\"image\":{\"@id\":\"https:\/\/newsestlyonnais.fr\/site\/2020\/11\/16\/lyon-semaine-des-gestes-qui-sauvent-2\/#primaryimage\"},\"thumbnailUrl\":\"https:\/\/newsestlyonnais.fr\/site\/wp-content\/uploads\/2020\/11\/semaine-gestes-qui-sauvent-p.jpg\",\"datePublished\":\"2020-11-16T04:38:46+00:00\",\"dateModified\":\"2020-11-17T09:07:07+00:00\",\"description\":\"LYON | Semaine des gestes qui sauvent\",\"breadcrumb\":{\"@id\":\"https:\/\/newsestlyonnais.fr\/site\/2020\/11\/16\/lyon-semaine-des-gestes-qui-sauvent-2\/#breadcrumb\"},\"inLanguage\":\"fr-FR\",\"potentialAction\":[{\"@type\":\"ReadAction\",\"target\":[\"https:\/\/newsestlyonnais.fr\/site\/2020\/11\/16\/lyon-semaine-des-gestes-qui-sauvent-2\/\"]}]},{\"@type\":\"ImageObject\",\"inLanguage\":\"fr-FR\",\"@id\":\"https:\/\/newsestlyonnais.fr\/site\/2020\/11\/16\/lyon-semaine-des-gestes-qui-sauvent-2\/#primaryimage\",\"url\":\"https:\/\/newsestlyonnais.fr\/site\/wp-content\/uploads\/2020\/11\/semaine-gestes-qui-sauvent-p.jpg\",\"contentUrl\":\"https:\/\/newsestlyonnais.fr\/site\/wp-content\/uploads\/2020\/11\/semaine-gestes-qui-sauvent-p.jpg\",\"width\":700,\"height\":394},{\"@type\":\"BreadcrumbList\",\"@id\":\"https:\/\/newsestlyonnais.fr\/site\/2020\/11\/16\/lyon-semaine-des-gestes-qui-sauvent-2\/#breadcrumb\",\"itemListElement\":[{\"@type\":\"ListItem\",\"position\":1,\"name\":\"Accueil\",\"item\":\"https:\/\/newsestlyonnais.fr\/site\/\"},{\"@type\":\"ListItem\",\"position\":2,\"name\":\"LYON | Semaine des gestes qui sauvent\"}]},{\"@type\":\"WebSite\",\"@id\":\"https:\/\/newsestlyonnais.fr\/site\/#website\",\"url\":\"https:\/\/newsestlyonnais.fr\/site\/\",\"name\":\"News Est Lyonnais\",\"description\":\"L&#039;actualit\u00e9 au plus pr\u00e8s\",\"publisher\":{\"@id\":\"https:\/\/newsestlyonnais.fr\/site\/#organization\"},\"potentialAction\":[{\"@type\":\"SearchAction\",\"target\":{\"@type\":\"EntryPoint\",\"urlTemplate\":\"https:\/\/newsestlyonnais.fr\/site\/?s={search_term_string}\"},\"query-input\":{\"@type\":\"PropertyValueSpecification\",\"valueRequired\":true,\"valueName\":\"search_term_string\"}}],\"inLanguage\":\"fr-FR\"},{\"@type\":\"Organization\",\"@id\":\"https:\/\/newsestlyonnais.fr\/site\/#organization\",\"name\":\"News EST LYONNAIS\",\"url\":\"https:\/\/newsestlyonnais.fr\/site\/\",\"logo\":{\"@type\":\"ImageObject\",\"inLanguage\":\"fr-FR\",\"@id\":\"https:\/\/newsestlyonnais.fr\/site\/#\/schema\/logo\/image\/\",\"url\":\"\",\"contentUrl\":\"\",\"caption\":\"News EST LYONNAIS\"},\"image\":{\"@id\":\"https:\/\/newsestlyonnais.fr\/site\/#\/schema\/logo\/image\/\"}},{\"@type\":\"Person\",\"@id\":\"https:\/\/newsestlyonnais.fr\/site\/#\/schema\/person\/3230d5615f390bb808365d673001e887\",\"name\":\"R\u00e9dac. NEWS\",\"sameAs\":[\"http:\/\/www.newsestlyonnais.fr\",\"https:\/\/www.facebook.com\/pascal.oberson.1?fref=ts\",\"https:\/\/fr.linkedin.com\/in\/pascal-oberson-b17045113\"],\"url\":\"https:\/\/newsestlyonnais.fr\/site\/author\/nel\/\"}]}<\/script>\n<!-- \/ Yoast SEO plugin. -->","yoast_head_json":{"title":"LYON | Semaine des gestes qui sauvent - News Est Lyonnais","description":"LYON | Semaine des gestes qui sauvent","robots":{"index":"index","follow":"follow","max-snippet":"max-snippet:-1","max-image-preview":"max-image-preview:large","max-video-preview":"max-video-preview:-1"},"canonical":"https:\/\/newsestlyonnais.fr\/site\/2020\/11\/16\/lyon-semaine-des-gestes-qui-sauvent-2\/","og_locale":"fr_FR","og_type":"article","og_title":"LYON | Semaine des gestes qui sauvent - News Est Lyonnais","og_description":"LYON | Semaine des gestes qui sauvent","og_url":"https:\/\/newsestlyonnais.fr\/site\/2020\/11\/16\/lyon-semaine-des-gestes-qui-sauvent-2\/","og_site_name":"News Est Lyonnais","article_author":"https:\/\/www.facebook.com\/pascal.oberson.1?fref=ts","article_published_time":"2020-11-16T04:38:46+00:00","article_modified_time":"2020-11-17T09:07:07+00:00","og_image":[{"width":700,"height":394,"url":"https:\/\/i2.wp.com\/newsestlyonnais.fr\/site\/wp-content\/uploads\/2020\/11\/semaine-gestes-qui-sauvent-p.jpg?fit=700%2C394&ssl=1","type":"image\/jpeg"}],"author":"R\u00e9dac. NEWS","twitter_card":"summary_large_image","twitter_misc":{"\u00c9crit par":"R\u00e9dac. NEWS","Dur\u00e9e de lecture estim\u00e9e":"1 minute"},"schema":{"@context":"https:\/\/schema.org","@graph":[{"@type":"Article","@id":"https:\/\/newsestlyonnais.fr\/site\/2020\/11\/16\/lyon-semaine-des-gestes-qui-sauvent-2\/#article","isPartOf":{"@id":"https:\/\/newsestlyonnais.fr\/site\/2020\/11\/16\/lyon-semaine-des-gestes-qui-sauvent-2\/"},"author":{"name":"R\u00e9dac. NEWS","@id":"https:\/\/newsestlyonnais.fr\/site\/#\/schema\/person\/3230d5615f390bb808365d673001e887"},"headline":"LYON | Semaine des gestes qui sauvent","datePublished":"2020-11-16T04:38:46+00:00","dateModified":"2020-11-17T09:07:07+00:00","mainEntityOfPage":{"@id":"https:\/\/newsestlyonnais.fr\/site\/2020\/11\/16\/lyon-semaine-des-gestes-qui-sauvent-2\/"},"wordCount":265,"commentCount":0,"publisher":{"@id":"https:\/\/newsestlyonnais.fr\/site\/#organization"},"image":{"@id":"https:\/\/newsestlyonnais.fr\/site\/2020\/11\/16\/lyon-semaine-des-gestes-qui-sauvent-2\/#primaryimage"},"thumbnailUrl":"https:\/\/newsestlyonnais.fr\/site\/wp-content\/uploads\/2020\/11\/semaine-gestes-qui-sauvent-p.jpg","articleSection":["Br\u00e8ves de l'Est lyonnais","Lyon","Sant\u00e9 | Bien Etre | Solidarit\u00e9","Secours | S\u00e9curit\u00e9"],"inLanguage":"fr-FR","potentialAction":[{"@type":"CommentAction","name":"Comment","target":["https:\/\/newsestlyonnais.fr\/site\/2020\/11\/16\/lyon-semaine-des-gestes-qui-sauvent-2\/#respond"]}]},{"@type":"WebPage","@id":"https:\/\/newsestlyonnais.fr\/site\/2020\/11\/16\/lyon-semaine-des-gestes-qui-sauvent-2\/","url":"https:\/\/newsestlyonnais.fr\/site\/2020\/11\/16\/lyon-semaine-des-gestes-qui-sauvent-2\/","name":"LYON | Semaine des gestes qui sauvent - News Est Lyonnais","isPartOf":{"@id":"https:\/\/newsestlyonnais.fr\/site\/#website"},"primaryImageOfPage":{"@id":"https:\/\/newsestlyonnais.fr\/site\/2020\/11\/16\/lyon-semaine-des-gestes-qui-sauvent-2\/#primaryimage"},"image":{"@id":"https:\/\/newsestlyonnais.fr\/site\/2020\/11\/16\/lyon-semaine-des-gestes-qui-sauvent-2\/#primaryimage"},"thumbnailUrl":"https:\/\/newsestlyonnais.fr\/site\/wp-content\/uploads\/2020\/11\/semaine-gestes-qui-sauvent-p.jpg","datePublished":"2020-11-16T04:38:46+00:00","dateModified":"2020-11-17T09:07:07+00:00","description":"LYON | Semaine des gestes qui sauvent","breadcrumb":{"@id":"https:\/\/newsestlyonnais.fr\/site\/2020\/11\/16\/lyon-semaine-des-gestes-qui-sauvent-2\/#breadcrumb"},"inLanguage":"fr-FR","potentialAction":[{"@type":"ReadAction","target":["https:\/\/newsestlyonnais.fr\/site\/2020\/11\/16\/lyon-semaine-des-gestes-qui-sauvent-2\/"]}]},{"@type":"ImageObject","inLanguage":"fr-FR","@id":"https:\/\/newsestlyonnais.fr\/site\/2020\/11\/16\/lyon-semaine-des-gestes-qui-sauvent-2\/#primaryimage","url":"https:\/\/newsestlyonnais.fr\/site\/wp-content\/uploads\/2020\/11\/semaine-gestes-qui-sauvent-p.jpg","contentUrl":"https:\/\/newsestlyonnais.fr\/site\/wp-content\/uploads\/2020\/11\/semaine-gestes-qui-sauvent-p.jpg","width":700,"height":394},{"@type":"BreadcrumbList","@id":"https:\/\/newsestlyonnais.fr\/site\/2020\/11\/16\/lyon-semaine-des-gestes-qui-sauvent-2\/#breadcrumb","itemListElement":[{"@type":"ListItem","position":1,"name":"Accueil","item":"https:\/\/newsestlyonnais.fr\/site\/"},{"@type":"ListItem","position":2,"name":"LYON | Semaine des gestes qui sauvent"}]},{"@type":"WebSite","@id":"https:\/\/newsestlyonnais.fr\/site\/#website","url":"https:\/\/newsestlyonnais.fr\/site\/","name":"News Est Lyonnais","description":"L&#039;actualit\u00e9 au plus pr\u00e8s","publisher":{"@id":"https:\/\/newsestlyonnais.fr\/site\/#organization"},"potentialAction":[{"@type":"SearchAction","target":{"@type":"EntryPoint","urlTemplate":"https:\/\/newsestlyonnais.fr\/site\/?s={search_term_string}"},"query-input":{"@type":"PropertyValueSpecification","valueRequired":true,"valueName":"search_term_string"}}],"inLanguage":"fr-FR"},{"@type":"Organization","@id":"https:\/\/newsestlyonnais.fr\/site\/#organization","name":"News EST LYONNAIS","url":"https:\/\/newsestlyonnais.fr\/site\/","logo":{"@type":"ImageObject","inLanguage":"fr-FR","@id":"https:\/\/newsestlyonnais.fr\/site\/#\/schema\/logo\/image\/","url":"","contentUrl":"","caption":"News EST LYONNAIS"},"image":{"@id":"https:\/\/newsestlyonnais.fr\/site\/#\/schema\/logo\/image\/"}},{"@type":"Person","@id":"https:\/\/newsestlyonnais.fr\/site\/#\/schema\/person\/3230d5615f390bb808365d673001e887","name":"R\u00e9dac. NEWS","sameAs":["http:\/\/www.newsestlyonnais.fr","https:\/\/www.facebook.com\/pascal.oberson.1?fref=ts","https:\/\/fr.linkedin.com\/in\/pascal-oberson-b17045113"],"url":"https:\/\/newsestlyonnais.fr\/site\/author\/nel\/"}]}},"_links":{"self":[{"href":"https:\/\/newsestlyonnais.fr\/site\/wp-json\/wp\/v2\/posts\/117511","targetHints":{"allow":["GET"]}}],"collection":[{"href":"https:\/\/newsestlyonnais.fr\/site\/wp-json\/wp\/v2\/posts"}],"about":[{"href":"https:\/\/newsestlyonnais.fr\/site\/wp-json\/wp\/v2\/types\/post"}],"author":[{"embeddable":true,"href":"https:\/\/newsestlyonnais.fr\/site\/wp-json\/wp\/v2\/users\/4"}],"replies":[{"embeddable":true,"href":"https:\/\/newsestlyonnais.fr\/site\/wp-json\/wp\/v2\/comments?post=117511"}],"version-history":[{"count":0,"href":"https:\/\/newsestlyonnais.fr\/site\/wp-json\/wp\/v2\/posts\/117511\/revisions"}],"wp:featuredmedia":[{"embeddable":true,"href":"https:\/\/newsestlyonnais.fr\/site\/wp-json\/wp\/v2\/media\/117516"}],"wp:attachment":[{"href":"https:\/\/newsestlyonnais.fr\/site\/wp-json\/wp\/v2\/media?parent=117511"}],"wp:term":[{"taxonomy":"category","embeddable":true,"href":"https:\/\/newsestlyonnais.fr\/site\/wp-json\/wp\/v2\/categories?post=117511"},{"taxonomy":"post_tag","embeddable":true,"href":"https:\/\/newsestlyonnais.fr\/site\/wp-json\/wp\/v2\/tags?post=117511"}],"curies":[{"name":"wp","href":"https:\/\/api.w.org\/{rel}","templated":true}]}}