{"id":117564,"date":"2020-11-16T15:38:51","date_gmt":"2020-11-16T14:38:51","guid":{"rendered":"http:\/\/newsestlyonnais.fr\/site\/?p=117564"},"modified":"2020-11-16T15:38:51","modified_gmt":"2020-11-16T14:38:51","slug":"venissieux-covid-19-2-masques-aux-eleves-des-ecoles-publiques-elementaires","status":"publish","type":"post","link":"https:\/\/newsestlyonnais.fr\/site\/2020\/11\/16\/venissieux-covid-19-2-masques-aux-eleves-des-ecoles-publiques-elementaires\/","title":{"rendered":"VENISSIEUX | COVID 19 > 2 masques aux \u00e9l\u00e8ves des \u00e9coles publiques \u00e9l\u00e9mentaires"},"content":{"rendered":"<p>Afin d\u2019aider au mieux les familles dans la mise en \u0153uvre de ces consignes sanitaires<strong>, la Ville de V\u00e9nissieux distribuera, \u00e0 partir de jeudi, \u00e0 chaque \u00e9l\u00e8ve scolaris\u00e9 du CP au CM2, deux masques p\u00e9diatriques lavables et fabriqu\u00e9s en France.<\/strong><\/p>\n<p><strong>5.393 \u00e9l\u00e8ves sont concern\u00e9s, dans les 22 \u00e9coles \u00e9l\u00e9mentaires publiques de la Ville.<\/strong><\/p>\n<p>Depuis le d\u00e9but de la crise sanitaire s\u00e9rieuse que traverse notre pays et conform\u00e9ment aux dispositions successives d\u00e9cid\u00e9es par le Gouvernement, la Ville de V\u00e9nissieux a pris toute sa part dans la mise en place des mesures. Pour rappel, un certain nombre de mesures d\u2019accompagnement de la population et d\u2019organisation des services publics ont \u00e9t\u00e9 mises en oeuvre dans diff\u00e9rents domaines.<\/p>\n<p><em><strong>Source : communiqu\u00e9 et Photo \u00e0 la une \/ droits r\u00e9serv\u00e9s Ville de V\u00e9nissieux.<\/strong><\/em><\/p>\n<hr \/>\n<ul>\n<li>Toutes les informations sur : <span style=\"color: #0000ff;\"><a style=\"color: #0000ff;\" href=\"https:\/\/www.ville-venissieux.fr\/Actualites\/Covid-19-Confinement\">https:\/\/www.ville-venissieux.fr\/Actualites\/Covid-19-Confinement<\/a><\/span><\/li>\n<\/ul>\n","protected":false},"excerpt":{"rendered":"<p>Depuis le 2 novembre, le port du masque est obligatoire pour tout \u00e9l\u00e8ve d\u2019\u00e9l\u00e9mentaire durant ses activit\u00e9s scolaires et p\u00e9riscolaires.<\/p>\n","protected":false},"author":4,"featured_media":117567,"comment_status":"open","ping_status":"open","sticky":false,"template":"","format":"standard","meta":{"footnotes":""},"categories":[2217,18,173,1298],"tags":[],"class_list":["post-117564","post","type-post","status-publish","format-standard","has-post-thumbnail","hentry","category-breves-de-lest-lyonnais","category-sante-bien-etre-solidarite","category-scolaire","category-venissieux"],"yoast_head":"<!-- This site is optimized with the Yoast SEO plugin v27.2 - https:\/\/yoast.com\/product\/yoast-seo-wordpress\/ -->\n<title>VENISSIEUX | COVID 19 &gt; 2 masques aux \u00e9l\u00e8ves des \u00e9coles publiques \u00e9l\u00e9mentaires - News Est Lyonnais<\/title>\n<meta name=\"description\" content=\"VENISSIEUX | COVID 19 &gt; 2 masques aux \u00e9l\u00e8ves des \u00e9coles publiques \u00e9l\u00e9mentaires\" \/>\n<meta name=\"robots\" content=\"index, follow, max-snippet:-1, max-image-preview:large, max-video-preview:-1\" \/>\n<link rel=\"canonical\" href=\"https:\/\/newsestlyonnais.fr\/site\/2020\/11\/16\/venissieux-covid-19-2-masques-aux-eleves-des-ecoles-publiques-elementaires\/\" \/>\n<meta property=\"og:locale\" content=\"fr_FR\" \/>\n<meta property=\"og:type\" content=\"article\" \/>\n<meta property=\"og:title\" content=\"VENISSIEUX | COVID 19 &gt; 2 masques aux \u00e9l\u00e8ves des \u00e9coles publiques \u00e9l\u00e9mentaires - News Est Lyonnais\" \/>\n<meta property=\"og:description\" content=\"VENISSIEUX | COVID 19 &gt; 2 masques aux \u00e9l\u00e8ves des \u00e9coles publiques \u00e9l\u00e9mentaires\" \/>\n<meta property=\"og:url\" content=\"https:\/\/newsestlyonnais.fr\/site\/2020\/11\/16\/venissieux-covid-19-2-masques-aux-eleves-des-ecoles-publiques-elementaires\/\" \/>\n<meta property=\"og:site_name\" content=\"News Est Lyonnais\" \/>\n<meta property=\"article:author\" content=\"https:\/\/www.facebook.com\/pascal.oberson.1?fref=ts\" \/>\n<meta property=\"article:published_time\" content=\"2020-11-16T14:38:51+00:00\" \/>\n<meta property=\"og:image\" content=\"https:\/\/i1.wp.com\/newsestlyonnais.fr\/site\/wp-content\/uploads\/2020\/11\/COVID-19-deux-masques-distribues-aux-eleves-des-ecoles-publiques-elementaires-de-Venissieux_pressrelease.jpg?fit=642%2C302&ssl=1\" \/>\n\t<meta property=\"og:image:width\" content=\"642\" \/>\n\t<meta property=\"og:image:height\" content=\"302\" \/>\n\t<meta property=\"og:image:type\" content=\"image\/jpeg\" \/>\n<meta name=\"author\" content=\"R\u00e9dac. NEWS\" \/>\n<meta name=\"twitter:card\" content=\"summary_large_image\" \/>\n<meta name=\"twitter:label1\" content=\"\u00c9crit par\" \/>\n\t<meta name=\"twitter:data1\" content=\"R\u00e9dac. NEWS\" \/>\n\t<meta name=\"twitter:label2\" content=\"Dur\u00e9e de lecture estim\u00e9e\" \/>\n\t<meta name=\"twitter:data2\" content=\"1 minute\" \/>\n<script type=\"application\/ld+json\" class=\"yoast-schema-graph\">{\"@context\":\"https:\/\/schema.org\",\"@graph\":[{\"@type\":\"Article\",\"@id\":\"https:\/\/newsestlyonnais.fr\/site\/2020\/11\/16\/venissieux-covid-19-2-masques-aux-eleves-des-ecoles-publiques-elementaires\/#article\",\"isPartOf\":{\"@id\":\"https:\/\/newsestlyonnais.fr\/site\/2020\/11\/16\/venissieux-covid-19-2-masques-aux-eleves-des-ecoles-publiques-elementaires\/\"},\"author\":{\"name\":\"R\u00e9dac. NEWS\",\"@id\":\"https:\/\/newsestlyonnais.fr\/site\/#\/schema\/person\/3230d5615f390bb808365d673001e887\"},\"headline\":\"VENISSIEUX | COVID 19 > 2 masques aux \u00e9l\u00e8ves des \u00e9coles publiques \u00e9l\u00e9mentaires\",\"datePublished\":\"2020-11-16T14:38:51+00:00\",\"mainEntityOfPage\":{\"@id\":\"https:\/\/newsestlyonnais.fr\/site\/2020\/11\/16\/venissieux-covid-19-2-masques-aux-eleves-des-ecoles-publiques-elementaires\/\"},\"wordCount\":163,\"commentCount\":0,\"publisher\":{\"@id\":\"https:\/\/newsestlyonnais.fr\/site\/#organization\"},\"image\":{\"@id\":\"https:\/\/newsestlyonnais.fr\/site\/2020\/11\/16\/venissieux-covid-19-2-masques-aux-eleves-des-ecoles-publiques-elementaires\/#primaryimage\"},\"thumbnailUrl\":\"https:\/\/newsestlyonnais.fr\/site\/wp-content\/uploads\/2020\/11\/COVID-19-deux-masques-distribues-aux-eleves-des-ecoles-publiques-elementaires-de-Venissieux_pressrelease.jpg\",\"articleSection\":[\"Br\u00e8ves de l'Est lyonnais\",\"Sant\u00e9 | Bien Etre | Solidarit\u00e9\",\"Scolaire\",\"V\u00e9nissieux\"],\"inLanguage\":\"fr-FR\",\"potentialAction\":[{\"@type\":\"CommentAction\",\"name\":\"Comment\",\"target\":[\"https:\/\/newsestlyonnais.fr\/site\/2020\/11\/16\/venissieux-covid-19-2-masques-aux-eleves-des-ecoles-publiques-elementaires\/#respond\"]}]},{\"@type\":\"WebPage\",\"@id\":\"https:\/\/newsestlyonnais.fr\/site\/2020\/11\/16\/venissieux-covid-19-2-masques-aux-eleves-des-ecoles-publiques-elementaires\/\",\"url\":\"https:\/\/newsestlyonnais.fr\/site\/2020\/11\/16\/venissieux-covid-19-2-masques-aux-eleves-des-ecoles-publiques-elementaires\/\",\"name\":\"VENISSIEUX | COVID 19 > 2 masques aux \u00e9l\u00e8ves des \u00e9coles publiques \u00e9l\u00e9mentaires - News Est Lyonnais\",\"isPartOf\":{\"@id\":\"https:\/\/newsestlyonnais.fr\/site\/#website\"},\"primaryImageOfPage\":{\"@id\":\"https:\/\/newsestlyonnais.fr\/site\/2020\/11\/16\/venissieux-covid-19-2-masques-aux-eleves-des-ecoles-publiques-elementaires\/#primaryimage\"},\"image\":{\"@id\":\"https:\/\/newsestlyonnais.fr\/site\/2020\/11\/16\/venissieux-covid-19-2-masques-aux-eleves-des-ecoles-publiques-elementaires\/#primaryimage\"},\"thumbnailUrl\":\"https:\/\/newsestlyonnais.fr\/site\/wp-content\/uploads\/2020\/11\/COVID-19-deux-masques-distribues-aux-eleves-des-ecoles-publiques-elementaires-de-Venissieux_pressrelease.jpg\",\"datePublished\":\"2020-11-16T14:38:51+00:00\",\"description\":\"VENISSIEUX | COVID 19 > 2 masques aux \u00e9l\u00e8ves des \u00e9coles publiques \u00e9l\u00e9mentaires\",\"breadcrumb\":{\"@id\":\"https:\/\/newsestlyonnais.fr\/site\/2020\/11\/16\/venissieux-covid-19-2-masques-aux-eleves-des-ecoles-publiques-elementaires\/#breadcrumb\"},\"inLanguage\":\"fr-FR\",\"potentialAction\":[{\"@type\":\"ReadAction\",\"target\":[\"https:\/\/newsestlyonnais.fr\/site\/2020\/11\/16\/venissieux-covid-19-2-masques-aux-eleves-des-ecoles-publiques-elementaires\/\"]}]},{\"@type\":\"ImageObject\",\"inLanguage\":\"fr-FR\",\"@id\":\"https:\/\/newsestlyonnais.fr\/site\/2020\/11\/16\/venissieux-covid-19-2-masques-aux-eleves-des-ecoles-publiques-elementaires\/#primaryimage\",\"url\":\"https:\/\/newsestlyonnais.fr\/site\/wp-content\/uploads\/2020\/11\/COVID-19-deux-masques-distribues-aux-eleves-des-ecoles-publiques-elementaires-de-Venissieux_pressrelease.jpg\",\"contentUrl\":\"https:\/\/newsestlyonnais.fr\/site\/wp-content\/uploads\/2020\/11\/COVID-19-deux-masques-distribues-aux-eleves-des-ecoles-publiques-elementaires-de-Venissieux_pressrelease.jpg\",\"width\":642,\"height\":302},{\"@type\":\"BreadcrumbList\",\"@id\":\"https:\/\/newsestlyonnais.fr\/site\/2020\/11\/16\/venissieux-covid-19-2-masques-aux-eleves-des-ecoles-publiques-elementaires\/#breadcrumb\",\"itemListElement\":[{\"@type\":\"ListItem\",\"position\":1,\"name\":\"Accueil\",\"item\":\"https:\/\/newsestlyonnais.fr\/site\/\"},{\"@type\":\"ListItem\",\"position\":2,\"name\":\"VENISSIEUX | COVID 19 > 2 masques aux \u00e9l\u00e8ves des \u00e9coles publiques \u00e9l\u00e9mentaires\"}]},{\"@type\":\"WebSite\",\"@id\":\"https:\/\/newsestlyonnais.fr\/site\/#website\",\"url\":\"https:\/\/newsestlyonnais.fr\/site\/\",\"name\":\"News Est Lyonnais\",\"description\":\"L&#039;actualit\u00e9 au plus pr\u00e8s\",\"publisher\":{\"@id\":\"https:\/\/newsestlyonnais.fr\/site\/#organization\"},\"potentialAction\":[{\"@type\":\"SearchAction\",\"target\":{\"@type\":\"EntryPoint\",\"urlTemplate\":\"https:\/\/newsestlyonnais.fr\/site\/?s={search_term_string}\"},\"query-input\":{\"@type\":\"PropertyValueSpecification\",\"valueRequired\":true,\"valueName\":\"search_term_string\"}}],\"inLanguage\":\"fr-FR\"},{\"@type\":\"Organization\",\"@id\":\"https:\/\/newsestlyonnais.fr\/site\/#organization\",\"name\":\"News EST LYONNAIS\",\"url\":\"https:\/\/newsestlyonnais.fr\/site\/\",\"logo\":{\"@type\":\"ImageObject\",\"inLanguage\":\"fr-FR\",\"@id\":\"https:\/\/newsestlyonnais.fr\/site\/#\/schema\/logo\/image\/\",\"url\":\"\",\"contentUrl\":\"\",\"caption\":\"News EST LYONNAIS\"},\"image\":{\"@id\":\"https:\/\/newsestlyonnais.fr\/site\/#\/schema\/logo\/image\/\"}},{\"@type\":\"Person\",\"@id\":\"https:\/\/newsestlyonnais.fr\/site\/#\/schema\/person\/3230d5615f390bb808365d673001e887\",\"name\":\"R\u00e9dac. NEWS\",\"sameAs\":[\"http:\/\/www.newsestlyonnais.fr\",\"https:\/\/www.facebook.com\/pascal.oberson.1?fref=ts\",\"https:\/\/fr.linkedin.com\/in\/pascal-oberson-b17045113\"],\"url\":\"https:\/\/newsestlyonnais.fr\/site\/author\/nel\/\"}]}<\/script>\n<!-- \/ Yoast SEO plugin. -->","yoast_head_json":{"title":"VENISSIEUX | COVID 19 > 2 masques aux \u00e9l\u00e8ves des \u00e9coles publiques \u00e9l\u00e9mentaires - News Est Lyonnais","description":"VENISSIEUX | COVID 19 > 2 masques aux \u00e9l\u00e8ves des \u00e9coles publiques \u00e9l\u00e9mentaires","robots":{"index":"index","follow":"follow","max-snippet":"max-snippet:-1","max-image-preview":"max-image-preview:large","max-video-preview":"max-video-preview:-1"},"canonical":"https:\/\/newsestlyonnais.fr\/site\/2020\/11\/16\/venissieux-covid-19-2-masques-aux-eleves-des-ecoles-publiques-elementaires\/","og_locale":"fr_FR","og_type":"article","og_title":"VENISSIEUX | COVID 19 > 2 masques aux \u00e9l\u00e8ves des \u00e9coles publiques \u00e9l\u00e9mentaires - News Est Lyonnais","og_description":"VENISSIEUX | COVID 19 > 2 masques aux \u00e9l\u00e8ves des \u00e9coles publiques \u00e9l\u00e9mentaires","og_url":"https:\/\/newsestlyonnais.fr\/site\/2020\/11\/16\/venissieux-covid-19-2-masques-aux-eleves-des-ecoles-publiques-elementaires\/","og_site_name":"News Est Lyonnais","article_author":"https:\/\/www.facebook.com\/pascal.oberson.1?fref=ts","article_published_time":"2020-11-16T14:38:51+00:00","og_image":[{"width":642,"height":302,"url":"https:\/\/i1.wp.com\/newsestlyonnais.fr\/site\/wp-content\/uploads\/2020\/11\/COVID-19-deux-masques-distribues-aux-eleves-des-ecoles-publiques-elementaires-de-Venissieux_pressrelease.jpg?fit=642%2C302&ssl=1","type":"image\/jpeg"}],"author":"R\u00e9dac. NEWS","twitter_card":"summary_large_image","twitter_misc":{"\u00c9crit par":"R\u00e9dac. NEWS","Dur\u00e9e de lecture estim\u00e9e":"1 minute"},"schema":{"@context":"https:\/\/schema.org","@graph":[{"@type":"Article","@id":"https:\/\/newsestlyonnais.fr\/site\/2020\/11\/16\/venissieux-covid-19-2-masques-aux-eleves-des-ecoles-publiques-elementaires\/#article","isPartOf":{"@id":"https:\/\/newsestlyonnais.fr\/site\/2020\/11\/16\/venissieux-covid-19-2-masques-aux-eleves-des-ecoles-publiques-elementaires\/"},"author":{"name":"R\u00e9dac. NEWS","@id":"https:\/\/newsestlyonnais.fr\/site\/#\/schema\/person\/3230d5615f390bb808365d673001e887"},"headline":"VENISSIEUX | COVID 19 > 2 masques aux \u00e9l\u00e8ves des \u00e9coles publiques \u00e9l\u00e9mentaires","datePublished":"2020-11-16T14:38:51+00:00","mainEntityOfPage":{"@id":"https:\/\/newsestlyonnais.fr\/site\/2020\/11\/16\/venissieux-covid-19-2-masques-aux-eleves-des-ecoles-publiques-elementaires\/"},"wordCount":163,"commentCount":0,"publisher":{"@id":"https:\/\/newsestlyonnais.fr\/site\/#organization"},"image":{"@id":"https:\/\/newsestlyonnais.fr\/site\/2020\/11\/16\/venissieux-covid-19-2-masques-aux-eleves-des-ecoles-publiques-elementaires\/#primaryimage"},"thumbnailUrl":"https:\/\/newsestlyonnais.fr\/site\/wp-content\/uploads\/2020\/11\/COVID-19-deux-masques-distribues-aux-eleves-des-ecoles-publiques-elementaires-de-Venissieux_pressrelease.jpg","articleSection":["Br\u00e8ves de l'Est lyonnais","Sant\u00e9 | Bien Etre | Solidarit\u00e9","Scolaire","V\u00e9nissieux"],"inLanguage":"fr-FR","potentialAction":[{"@type":"CommentAction","name":"Comment","target":["https:\/\/newsestlyonnais.fr\/site\/2020\/11\/16\/venissieux-covid-19-2-masques-aux-eleves-des-ecoles-publiques-elementaires\/#respond"]}]},{"@type":"WebPage","@id":"https:\/\/newsestlyonnais.fr\/site\/2020\/11\/16\/venissieux-covid-19-2-masques-aux-eleves-des-ecoles-publiques-elementaires\/","url":"https:\/\/newsestlyonnais.fr\/site\/2020\/11\/16\/venissieux-covid-19-2-masques-aux-eleves-des-ecoles-publiques-elementaires\/","name":"VENISSIEUX | COVID 19 > 2 masques aux \u00e9l\u00e8ves des \u00e9coles publiques \u00e9l\u00e9mentaires - News Est Lyonnais","isPartOf":{"@id":"https:\/\/newsestlyonnais.fr\/site\/#website"},"primaryImageOfPage":{"@id":"https:\/\/newsestlyonnais.fr\/site\/2020\/11\/16\/venissieux-covid-19-2-masques-aux-eleves-des-ecoles-publiques-elementaires\/#primaryimage"},"image":{"@id":"https:\/\/newsestlyonnais.fr\/site\/2020\/11\/16\/venissieux-covid-19-2-masques-aux-eleves-des-ecoles-publiques-elementaires\/#primaryimage"},"thumbnailUrl":"https:\/\/newsestlyonnais.fr\/site\/wp-content\/uploads\/2020\/11\/COVID-19-deux-masques-distribues-aux-eleves-des-ecoles-publiques-elementaires-de-Venissieux_pressrelease.jpg","datePublished":"2020-11-16T14:38:51+00:00","description":"VENISSIEUX | COVID 19 > 2 masques aux \u00e9l\u00e8ves des \u00e9coles publiques \u00e9l\u00e9mentaires","breadcrumb":{"@id":"https:\/\/newsestlyonnais.fr\/site\/2020\/11\/16\/venissieux-covid-19-2-masques-aux-eleves-des-ecoles-publiques-elementaires\/#breadcrumb"},"inLanguage":"fr-FR","potentialAction":[{"@type":"ReadAction","target":["https:\/\/newsestlyonnais.fr\/site\/2020\/11\/16\/venissieux-covid-19-2-masques-aux-eleves-des-ecoles-publiques-elementaires\/"]}]},{"@type":"ImageObject","inLanguage":"fr-FR","@id":"https:\/\/newsestlyonnais.fr\/site\/2020\/11\/16\/venissieux-covid-19-2-masques-aux-eleves-des-ecoles-publiques-elementaires\/#primaryimage","url":"https:\/\/newsestlyonnais.fr\/site\/wp-content\/uploads\/2020\/11\/COVID-19-deux-masques-distribues-aux-eleves-des-ecoles-publiques-elementaires-de-Venissieux_pressrelease.jpg","contentUrl":"https:\/\/newsestlyonnais.fr\/site\/wp-content\/uploads\/2020\/11\/COVID-19-deux-masques-distribues-aux-eleves-des-ecoles-publiques-elementaires-de-Venissieux_pressrelease.jpg","width":642,"height":302},{"@type":"BreadcrumbList","@id":"https:\/\/newsestlyonnais.fr\/site\/2020\/11\/16\/venissieux-covid-19-2-masques-aux-eleves-des-ecoles-publiques-elementaires\/#breadcrumb","itemListElement":[{"@type":"ListItem","position":1,"name":"Accueil","item":"https:\/\/newsestlyonnais.fr\/site\/"},{"@type":"ListItem","position":2,"name":"VENISSIEUX | COVID 19 > 2 masques aux \u00e9l\u00e8ves des \u00e9coles publiques \u00e9l\u00e9mentaires"}]},{"@type":"WebSite","@id":"https:\/\/newsestlyonnais.fr\/site\/#website","url":"https:\/\/newsestlyonnais.fr\/site\/","name":"News Est Lyonnais","description":"L&#039;actualit\u00e9 au plus pr\u00e8s","publisher":{"@id":"https:\/\/newsestlyonnais.fr\/site\/#organization"},"potentialAction":[{"@type":"SearchAction","target":{"@type":"EntryPoint","urlTemplate":"https:\/\/newsestlyonnais.fr\/site\/?s={search_term_string}"},"query-input":{"@type":"PropertyValueSpecification","valueRequired":true,"valueName":"search_term_string"}}],"inLanguage":"fr-FR"},{"@type":"Organization","@id":"https:\/\/newsestlyonnais.fr\/site\/#organization","name":"News EST LYONNAIS","url":"https:\/\/newsestlyonnais.fr\/site\/","logo":{"@type":"ImageObject","inLanguage":"fr-FR","@id":"https:\/\/newsestlyonnais.fr\/site\/#\/schema\/logo\/image\/","url":"","contentUrl":"","caption":"News EST LYONNAIS"},"image":{"@id":"https:\/\/newsestlyonnais.fr\/site\/#\/schema\/logo\/image\/"}},{"@type":"Person","@id":"https:\/\/newsestlyonnais.fr\/site\/#\/schema\/person\/3230d5615f390bb808365d673001e887","name":"R\u00e9dac. NEWS","sameAs":["http:\/\/www.newsestlyonnais.fr","https:\/\/www.facebook.com\/pascal.oberson.1?fref=ts","https:\/\/fr.linkedin.com\/in\/pascal-oberson-b17045113"],"url":"https:\/\/newsestlyonnais.fr\/site\/author\/nel\/"}]}},"_links":{"self":[{"href":"https:\/\/newsestlyonnais.fr\/site\/wp-json\/wp\/v2\/posts\/117564","targetHints":{"allow":["GET"]}}],"collection":[{"href":"https:\/\/newsestlyonnais.fr\/site\/wp-json\/wp\/v2\/posts"}],"about":[{"href":"https:\/\/newsestlyonnais.fr\/site\/wp-json\/wp\/v2\/types\/post"}],"author":[{"embeddable":true,"href":"https:\/\/newsestlyonnais.fr\/site\/wp-json\/wp\/v2\/users\/4"}],"replies":[{"embeddable":true,"href":"https:\/\/newsestlyonnais.fr\/site\/wp-json\/wp\/v2\/comments?post=117564"}],"version-history":[{"count":0,"href":"https:\/\/newsestlyonnais.fr\/site\/wp-json\/wp\/v2\/posts\/117564\/revisions"}],"wp:featuredmedia":[{"embeddable":true,"href":"https:\/\/newsestlyonnais.fr\/site\/wp-json\/wp\/v2\/media\/117567"}],"wp:attachment":[{"href":"https:\/\/newsestlyonnais.fr\/site\/wp-json\/wp\/v2\/media?parent=117564"}],"wp:term":[{"taxonomy":"category","embeddable":true,"href":"https:\/\/newsestlyonnais.fr\/site\/wp-json\/wp\/v2\/categories?post=117564"},{"taxonomy":"post_tag","embeddable":true,"href":"https:\/\/newsestlyonnais.fr\/site\/wp-json\/wp\/v2\/tags?post=117564"}],"curies":[{"name":"wp","href":"https:\/\/api.w.org\/{rel}","templated":true}]}}