{"id":117639,"date":"2020-11-17T06:47:24","date_gmt":"2020-11-17T05:47:24","guid":{"rendered":"http:\/\/newsestlyonnais.fr\/site\/?p=117639"},"modified":"2020-11-29T16:00:01","modified_gmt":"2020-11-29T15:00:01","slug":"1-jour-1-association-lal-meyzieu-basket","status":"publish","type":"post","link":"https:\/\/newsestlyonnais.fr\/site\/2020\/11\/17\/1-jour-1-association-lal-meyzieu-basket\/","title":{"rendered":"1 jour, 1 association | L&rsquo;AL Meyzieu Basket"},"content":{"rendered":"<p>En ce mardi, c\u2019est <strong>Guillaume Pilet, Pr\u00e9sident depuis le 25 septembre dernier<\/strong>, qui r\u00e9pond aux questions de la r\u00e9daction :<\/p>\n<hr \/>\n<ul>\n<li><strong><span style=\"font-size: 14pt;\"><span style=\"text-decoration: underline;\">Quelle est son activit\u00e9 principale et effectif actuel<\/span> ?<\/span> <\/strong><\/li>\n<\/ul>\n<p>\u00bb\u00a0 Notre association <strong>a pour but d\u2019apprendre le basket d\u00e8s l\u2019\u00e2ge de 4 ans<\/strong>. Nos licenci\u00e9s (de Baby \u00e0 S\u00e9niors), s\u2019entrainent \u00e0 raison de 2 ou 3 fois par semaines selon leurs ambitions sportives. Chacune des s\u00e9ances est encadr\u00e9e par plusieurs entraineurs dipl\u00f4m\u00e9s.<br \/>\nA ce jour, et pour la saison 2020-2021, l\u2019AL Meyzieu compte <strong>316 licenci\u00e9s<\/strong>. Nos effectifs se r\u00e9partissent comme suit : 135 enfants mini-basket (MajoPass &amp; Baby \u00e0 U11), 87 jeunes (U13 \u00e0 U18) et 58 s\u00e9niors \/ U20. 11 dirigeants, 10 entraineurs \/ arbitres \/ officiels et 15 b\u00e9n\u00e9voles viennent compl\u00e9ter nos effectifs \u00ab .<\/p>\n<ul>\n<li><strong><span style=\"font-size: 14pt;\"><span style=\"text-decoration: underline;\">Comment s\u2019\u00e9tait pass\u00e9 le 1\u00b0 confinement et aviez vous mis du personnel au ch\u00f4mage<\/span> ?<\/span> <\/strong><\/li>\n<\/ul>\n<p>\u00bb <strong>Le premier confinement a mis \u00e0 l\u2019arr\u00eat tous les championnats ainsi que les entrainements<\/strong>. La Ligue AURA ainsi que le Comit\u00e9 du Rh\u00f4ne ont alors d\u00e9cid\u00e9 de figer la saison et d\u2019annuler les phases finales auxquelles plusieurs de nos \u00e9quipes jeunes pouvaient pr\u00e9tendre.<\/p>\n<p>De m\u00eame, nos SM1 (en partenariat avec le SOPCC de Pont de Ch\u00e9ruy) alors premiers de leur poule dans leur championnat de pr\u00e9-national \u00e9taient priv\u00e9s de mont\u00e9e en NM3. L\u2019accession au niveau sup\u00e9rieur \u00e9tait finalement acquise suite au d\u00e9sistement d\u2019une autre \u00e9quipe de la R\u00e9gion ne pouvant pas repartir \u00e0 ce niveau, ce qui sauva la saison parfaite (invaincus) de nos joueurs.<br \/>\nTous les entrainements \u00e9tant \u00e0 l\u2019arr\u00eat, <strong>nos entraineurs sont rest\u00e9s en contact avec leur \u00e9quipe au moyen des r\u00e9seaux sociaux<\/strong> et mettant en place des programmes de maintien en forme.<br \/>\n<strong>Pour le renouvellement des licences<\/strong>, jusque-l\u00e0 g\u00e9r\u00e9 int\u00e9gralement en version papier, <strong>nous avons mis en place un acc\u00e8s compl\u00e8tement d\u00e9mat\u00e9rialis\u00e9<\/strong>. N\u00e9anmoins, il a fallu que nous communiquions plus qu\u2019en saison r\u00e9guli\u00e8re pour informer, conseiller et conserver nos<br \/>\nadh\u00e9rents.<\/p>\n<p><strong>Le club de l\u2019AL Meyzieu Basket n\u2019ayant aucun salari\u00e9 dans sa structure, aucun ch\u00f4mage partiel n\u2019a \u00e9t\u00e9 initi\u00e9 <\/strong>\u00ab.<\/p>\n<hr \/>\n<ul>\n<li><span style=\"font-size: 14pt;\"><strong><span style=\"text-decoration: underline;\">Et la reprise des activit\u00e9s \u00e0 la rentr\u00e9e de septembre<\/span> ?<\/strong><\/span><\/li>\n<\/ul>\n<p>\u00bb\u00a0 Nos \u00e9quipes s\u00e9niors comme les jeunes r\u00e9gion ont repris le chemin des entrainements \u00e0 la mi-ao\u00fbt de fa\u00e7on quasi-normale. N\u00e9anmoins,<strong> les travaux de notre gymnase principal (changement de parquet) associ\u00e9s aux arr\u00eat\u00e9s pr\u00e9fectoraux annon\u00e7ant tr\u00e8s rapidement l\u2019interdiction d\u2019entrainement et de match<\/strong> pour les \u00e9quipes s\u00e9niors dans le Rh\u00f4ne <strong>nous ont forc\u00e9s \u00e0 constamment nous r\u00e9organiser et nous adapter<\/strong>. A titre d\u2019exemples, <strong>nos Baby et nos 3 \u00e9quipes s\u00e9niors \u00e9voluant en DM3 n\u2019ont pas pu refouler un parquet depuis mars dernier malheureusement<\/strong>.<\/p>\n<p>Jusqu\u2019\u00e0 l\u2019annonce du couvre-feu puis du second confinement, nos \u00e9quipes jeunes ont pu jouer pratiquement l\u2019ensemble de leurs rencontres, avec de tr\u00e8s beau r\u00e9sultats. Quant \u00e0 nos \u00e9quipes s\u00e9niors, nous d\u00e9nombrons plus de reports que de matchs jou\u00e9s mais avec tout de m\u00eame 100 % de victoires \u00ab.<\/p>\n<ul>\n<li><span style=\"font-size: 14pt;\"><strong><span style=\"text-decoration: underline;\">Avez-vous connu depuis, une baisse de vos effectifs<\/span> ?<\/strong><\/span><\/li>\n<\/ul>\n<p>\u00bb\u00a0\u00a0 Meyzieu est une ville en plein essor avec de nombreux arrivants chaque ann\u00e9e. Ceci explique surement le fait que <strong>nous n\u2019ayons pas enregistr\u00e9 de baisse d\u2019effectif mais une hausse de 9,5 %<\/strong>, au contraire de notre F\u00e9d\u00e9ration (-12 %, pour la saison 2020-2021). Ceci s\u2019est ressenti tout particuli\u00e8rement pour <strong>la cat\u00e9gorie Baby<\/strong> (enfants de moins de 7 ans) <strong>qui a connu une tr\u00e8s forte demande avec 33 % de licenci\u00e9s suppl\u00e9mentaires<\/strong> et pour laquelle nous avons d\u00fb refuser du monde faute de cr\u00e9neau disponible. Les licenci\u00e9s \u00ab Jeunes \u00bb enregistrent une hausse de 5 % tout comme les s\u00e9niors (6 %) \u00ab .<\/p>\n<ul>\n<li><strong><span style=\"font-size: 14pt;\"><span style=\"text-decoration: underline;\">Avez-vous \u00e9t\u00e9 contraints d\u2019annuler des \u00e9v\u00e8nements ou comp\u00e9titions<\/span> ?<\/span><br \/>\n<\/strong><\/li>\n<\/ul>\n<p>\u00bb\u00a0 Le premier confinement avait stopp\u00e9 nos \u00e9quipes aux \u00be de leur saison ainsi toute manifestation telle que la participation aux phases finales r\u00e9gionales ou d\u00e9partementales. L\u00e0 encore, avec ce second confinement, conjugu\u00e9 auparavant aux arr\u00eat\u00e9s pr\u00e9fectoraux puis au couvre-feu, peu de match officiels se sont d\u00e9roul\u00e9s depuis septembre.<\/p>\n<p><strong>Nous envisageons aussi l\u2019annulation du loto traditionnel de l\u2019association<\/strong> faute de pouvoir d\u00e9marcher les commer\u00e7ants pour trouver des lots et \u00e0 cause de contraintes li\u00e9es au nombre de participants. D\u2019autres manifestations comme la soir\u00e9e photo, moment convivial au club, ont d\u00fb \u00eatre annul\u00e9s malheureusement \u00bb.<\/p>\n<hr \/>\n<ul>\n<li><span style=\"font-size: 14pt;\"><strong><span style=\"text-decoration: underline;\">Comment se d\u00e9roule ce 2\u00b0 confinement<\/span> ?<\/strong><\/span><\/li>\n<\/ul>\n<p>\u00bb\u00a0 <strong>Ce second confinement a mis entre parenth\u00e8ses tous les championnats. Aucun licenci\u00e9 n\u2019est exempt\u00e9<\/strong>. Les gymnases de la ville de Meyzieu \u00e9tant ferm\u00e9s aux associations, <strong>c\u2019est toute la vie sportive du club qui s\u2019est mise en sommeil.<\/strong><br \/>\nEn effet, au niveau national (\u00e9quipes s\u00e9niors), bien quelques rencontres aient pu se d\u00e9rouler, la FFBB a d\u00e9cid\u00e9 d\u00e9but novembre de stopper le championnat jusqu\u2019\u00e0 la fin du confinement. M\u00eame d\u00e9cision au niveau de la Ligue AURA et du Comit\u00e9 du Rh\u00f4ne (pour toutes nos autres \u00e9quipes) qui ont d\u00e9cid\u00e9 de suspendre les championnats jusqu\u2019\u00e0 d\u00e9but janvier.<\/p>\n<p>Nos entraineurs ont donc tout d\u2019abord mis en place des programmes de maintien en forme (cardio, gainage, \u2026) pour leurs joueuses ou joueurs. Ceci permettra d\u2019\u00eatre op\u00e9rationnels d\u00e8s la reprise de la comp\u00e9tition. Certains essayent aussi de garder contact avec leur groupe par visioconf\u00e9rence en organisant des r\u00e9unions r\u00e9guli\u00e8rement ou m\u00eame en faisant des s\u00e9ances de sport ensemble.<\/p>\n<p>C\u00f4t\u00e9 Club, tout comme lors du premier confinement, <strong>nous allons devoir faire preuve de cr\u00e9ativit\u00e9 pour conserver un lien social<\/strong> via les r\u00e9seaux avec nos adh\u00e9rents mais \u00e9galement supporters qui \u00e9taient nombreux \u00e0 venir nous retrouver au sein de notre club-house \u00bb.<\/p>\n<hr \/>\n<ul>\n<li><span style=\"font-size: 14pt;\"><strong><span style=\"text-decoration: underline;\">Cons\u00e9quences financi\u00e8res, sportives ou autres<\/span> ?<\/strong><\/span><\/li>\n<\/ul>\n<p>\u00bb <strong>Une association telle que la n\u00f4tre fonctionne certes gr\u00e2ce aux subventions de sa Mairie mais a besoin d\u2019organiser des manifestations ou d\u2019\u00eatre aid\u00e9e par des sponsors<\/strong> pour boucler son budget. Avec la probable annulation de notre loto, l\u2019absence de matchs avec notre public (et donc de recette \u00e0 la buvette) et la difficult\u00e9 actuelle \u00e0 trouver des sponsors, notre club va conna\u00eetre en une saison difficile financi\u00e8rement. De m\u00eame, <strong>nos sponsors historiques sont eux aussi impact\u00e9s par la situation<\/strong>.<br \/>\nD\u2019un point de vue sportif, nos instances r\u00e9fl\u00e9chissent \u00e0 r\u00e9organiser les diff\u00e9rents championnats en faisant courir la saison jusque fin juin (au lieu de mai).<\/p>\n<p>N\u00e9anmoins,<strong> il sera difficile de rattraper ces 2 mois sans rencontre et ces 5 mois d\u2019arr\u00eat au total<\/strong> entre les deux confinements impactant grandement les entrainements et donc la progression de nos joueurs et joueuses \u00bb.<\/p>\n<hr \/>\n<ul>\n<li><span style=\"font-size: 14pt;\"><span style=\"text-decoration: underline;\"><strong>Et pour conclure<\/strong><\/span> <strong>?<\/strong><\/span><\/li>\n<\/ul>\n<p>\u00bb\u00a0\u00a0 <strong>Notre club est r\u00e9put\u00e9 pour ses qualit\u00e9s de formation<\/strong>. Gr\u00e2ce \u00e0 cela, nos deux \u00e9quipes fanions, compos\u00e9es majoritairement de joueuses et joueurs form\u00e9s au club depuis leur plus jeune \u00e2ge, \u00e9voluent au niveau National 3, un des rares exemples dans le Rh\u00f4ne. N\u2019h\u00e9sitez pas \u00e0 venir d\u00e9couvrir le basket-ball lors des s\u00e9ances d\u00e9couvertes en fin de saison et, d\u2019ici l\u00e0, \u00e0 venir supporter nos \u00e9quipes au sein de notre fief, le Gymnase du Bourg.<\/p>\n<p>En attendant de se retrouver sur les bords d\u2019un parquet, que chacun prenne soin de soi, de sa famille, de ses proches.<strong> Soyons optimistes, nous pourrons, nous l\u2019esp\u00e9rons, tr\u00e8s bient\u00f4t pratiquer de nouveau notre activit\u00e9 favorite<\/strong>. \u00bb.<\/p>\n<hr \/>\n<ul>\n<li style=\"list-style-type: none;\">\n<ul>\n<li><img loading=\"lazy\" decoding=\"async\" class=\"alignleft wp-image-117656 size-thumbnail\" src=\"https:\/\/newsestlyonnais.fr\/site\/medias\/2020\/11\/Logo-ALMeyzieu-250x188.jpg\" alt=\"\" width=\"150\" height=\"113\" data-attachment-id=\"117459\" data-permalink=\"https:\/\/newsestlyonnais.fr\/site\/2020\/11\/16\/1-jour-1-association-gym-lyon-metropole-chassieu-lyon-glm\/22829190_134916890595722_4635251945438004211_o\/\" data-orig-file=\"https:\/\/i2.wp.com\/newsestlyonnais.fr\/site\/medias\/2020\/11\/22829190_134916890595722_4635251945438004211_o.jpg?fit=1063%2C531&amp;ssl=1\" data-orig-size=\"1063,531\" data-comments-opened=\"1\" data-image-meta=\"{&quot;aperture&quot;:&quot;0&quot;,&quot;credit&quot;:&quot;&quot;,&quot;camera&quot;:&quot;&quot;,&quot;caption&quot;:&quot;&quot;,&quot;created_timestamp&quot;:&quot;0&quot;,&quot;copyright&quot;:&quot;&quot;,&quot;focal_length&quot;:&quot;0&quot;,&quot;iso&quot;:&quot;0&quot;,&quot;shutter_speed&quot;:&quot;0&quot;,&quot;title&quot;:&quot;&quot;,&quot;orientation&quot;:&quot;0&quot;}\" data-image-title=\"22829190_134916890595722_4635251945438004211_o\" data-image-description=\"\" data-medium-file=\"https:\/\/i2.wp.com\/newsestlyonnais.fr\/site\/medias\/2020\/11\/22829190_134916890595722_4635251945438004211_o.jpg?fit=400%2C200&amp;ssl=1\" data-large-file=\"https:\/\/i2.wp.com\/newsestlyonnais.fr\/site\/medias\/2020\/11\/22829190_134916890595722_4635251945438004211_o.jpg?fit=650%2C325&amp;ssl=1\" data-recalc-dims=\"1\" srcset=\"https:\/\/newsestlyonnais.fr\/site\/wp-content\/uploads\/2020\/11\/Logo-ALMeyzieu-250x188.jpg 250w, https:\/\/newsestlyonnais.fr\/site\/wp-content\/uploads\/2020\/11\/Logo-ALMeyzieu-400x300.jpg 400w, https:\/\/newsestlyonnais.fr\/site\/wp-content\/uploads\/2020\/11\/Logo-ALMeyzieu-650x488.jpg 650w, https:\/\/newsestlyonnais.fr\/site\/wp-content\/uploads\/2020\/11\/Logo-ALMeyzieu-768x576.jpg 768w, https:\/\/newsestlyonnais.fr\/site\/wp-content\/uploads\/2020\/11\/Logo-ALMeyzieu-150x113.jpg 150w, https:\/\/newsestlyonnais.fr\/site\/wp-content\/uploads\/2020\/11\/Logo-ALMeyzieu-50x38.jpg 50w, https:\/\/newsestlyonnais.fr\/site\/wp-content\/uploads\/2020\/11\/Logo-ALMeyzieu-100x75.jpg 100w, https:\/\/newsestlyonnais.fr\/site\/wp-content\/uploads\/2020\/11\/Logo-ALMeyzieu-200x150.jpg 200w, https:\/\/newsestlyonnais.fr\/site\/wp-content\/uploads\/2020\/11\/Logo-ALMeyzieu-300x225.jpg 300w, https:\/\/newsestlyonnais.fr\/site\/wp-content\/uploads\/2020\/11\/Logo-ALMeyzieu-350x263.jpg 350w, https:\/\/newsestlyonnais.fr\/site\/wp-content\/uploads\/2020\/11\/Logo-ALMeyzieu-450x338.jpg 450w, https:\/\/newsestlyonnais.fr\/site\/wp-content\/uploads\/2020\/11\/Logo-ALMeyzieu-500x375.jpg 500w, https:\/\/newsestlyonnais.fr\/site\/wp-content\/uploads\/2020\/11\/Logo-ALMeyzieu-550x413.jpg 550w, https:\/\/newsestlyonnais.fr\/site\/wp-content\/uploads\/2020\/11\/Logo-ALMeyzieu-800x600.jpg 800w, https:\/\/newsestlyonnais.fr\/site\/wp-content\/uploads\/2020\/11\/Logo-ALMeyzieu.jpg 1000w\" sizes=\"auto, (max-width: 150px) 100vw, 150px\" \/><\/li>\n<li><strong>A retrouver sur : <span style=\"color: #0000ff;\"><a style=\"color: #0000ff;\" href=\"https:\/\/www.almbasket.com\">https:\/\/www.almbasket.com<\/a><\/span><\/strong><\/li>\n<li><em><em><strong>Contact\u00a0 : correspondant@almbasket.com<br \/>\n<\/strong><\/em><\/em><\/p>\n<p class=\"big\"><strong><em>\u00a0<\/em><\/strong><\/p>\n<div id=\"input_2_3\" class=\"ginput_container ginput_recaptcha\" data-sitekey=\"6LdSQ6QZAAAAAKNSbiNG-JrLnqNQh_prZXNX4wPD\" data-theme=\"light\" data-tabindex=\"0\" data-badge=\"\">\n<div>\n<div><\/div>\n<\/div>\n<\/div>\n<\/li>\n<\/ul>\n<\/li>\n<\/ul>\n<hr \/>\n","protected":false},"excerpt":{"rendered":"<p>Au cours de ce nouveau confinement, d\u00e9couvrez quotidiennement une association pr\u00e9sent\u00e9e par un de ses dirigeants.<\/p>\n","protected":false},"author":4,"featured_media":117641,"comment_status":"open","ping_status":"open","sticky":false,"template":"","format":"standard","meta":{"footnotes":""},"categories":[3420,1357,2975,24],"tags":[3439],"class_list":["post-117639","post","type-post","status-publish","format-standard","has-post-thumbnail","hentry","category-1-jour-1-association","category-basket","category-basket-hand-volley-sports","category-meyzieu","tag-al-meyzieu-basket"],"yoast_head":"<!-- This site is optimized with the Yoast SEO plugin v27.2 - https:\/\/yoast.com\/product\/yoast-seo-wordpress\/ -->\n<title>1 jour, 1 association | L&#039;AL Meyzieu Basket - News Est Lyonnais<\/title>\n<meta name=\"description\" content=\"1 jour, 1 association | L&#039;AL Meyzieu Basket\" \/>\n<meta name=\"robots\" content=\"index, follow, max-snippet:-1, max-image-preview:large, max-video-preview:-1\" \/>\n<link rel=\"canonical\" href=\"https:\/\/newsestlyonnais.fr\/site\/2020\/11\/17\/1-jour-1-association-lal-meyzieu-basket\/\" \/>\n<meta property=\"og:locale\" content=\"fr_FR\" \/>\n<meta property=\"og:type\" content=\"article\" \/>\n<meta property=\"og:title\" content=\"1 jour, 1 association | L&#039;AL Meyzieu Basket - News Est Lyonnais\" \/>\n<meta property=\"og:description\" content=\"1 jour, 1 association | L&#039;AL Meyzieu Basket\" \/>\n<meta property=\"og:url\" content=\"https:\/\/newsestlyonnais.fr\/site\/2020\/11\/17\/1-jour-1-association-lal-meyzieu-basket\/\" \/>\n<meta property=\"og:site_name\" content=\"News Est Lyonnais\" \/>\n<meta property=\"article:author\" content=\"https:\/\/www.facebook.com\/pascal.oberson.1?fref=ts\" \/>\n<meta property=\"article:published_time\" content=\"2020-11-17T05:47:24+00:00\" \/>\n<meta property=\"article:modified_time\" content=\"2020-11-29T15:00:01+00:00\" \/>\n<meta property=\"og:image\" content=\"https:\/\/i2.wp.com\/newsestlyonnais.fr\/site\/wp-content\/uploads\/2020\/11\/Photo_AL-Meyzieu-Basket.jpg?fit=1200%2C798&ssl=1\" \/>\n\t<meta property=\"og:image:width\" content=\"1200\" \/>\n\t<meta property=\"og:image:height\" content=\"798\" \/>\n\t<meta property=\"og:image:type\" content=\"image\/jpeg\" \/>\n<meta name=\"author\" content=\"R\u00e9dac. NEWS\" \/>\n<meta name=\"twitter:card\" content=\"summary_large_image\" \/>\n<meta name=\"twitter:label1\" content=\"\u00c9crit par\" \/>\n\t<meta name=\"twitter:data1\" content=\"R\u00e9dac. NEWS\" \/>\n\t<meta name=\"twitter:label2\" content=\"Dur\u00e9e de lecture estim\u00e9e\" \/>\n\t<meta name=\"twitter:data2\" content=\"6 minutes\" \/>\n<script type=\"application\/ld+json\" class=\"yoast-schema-graph\">{\"@context\":\"https:\/\/schema.org\",\"@graph\":[{\"@type\":\"Article\",\"@id\":\"https:\/\/newsestlyonnais.fr\/site\/2020\/11\/17\/1-jour-1-association-lal-meyzieu-basket\/#article\",\"isPartOf\":{\"@id\":\"https:\/\/newsestlyonnais.fr\/site\/2020\/11\/17\/1-jour-1-association-lal-meyzieu-basket\/\"},\"author\":{\"name\":\"R\u00e9dac. NEWS\",\"@id\":\"https:\/\/newsestlyonnais.fr\/site\/#\/schema\/person\/3230d5615f390bb808365d673001e887\"},\"headline\":\"1 jour, 1 association | L&rsquo;AL Meyzieu Basket\",\"datePublished\":\"2020-11-17T05:47:24+00:00\",\"dateModified\":\"2020-11-29T15:00:01+00:00\",\"mainEntityOfPage\":{\"@id\":\"https:\/\/newsestlyonnais.fr\/site\/2020\/11\/17\/1-jour-1-association-lal-meyzieu-basket\/\"},\"wordCount\":1278,\"commentCount\":0,\"publisher\":{\"@id\":\"https:\/\/newsestlyonnais.fr\/site\/#organization\"},\"image\":{\"@id\":\"https:\/\/newsestlyonnais.fr\/site\/2020\/11\/17\/1-jour-1-association-lal-meyzieu-basket\/#primaryimage\"},\"thumbnailUrl\":\"https:\/\/newsestlyonnais.fr\/site\/wp-content\/uploads\/2020\/11\/Photo_AL-Meyzieu-Basket.jpg\",\"keywords\":[\"AL MEYZIEU BASKET\"],\"articleSection\":[\"1 jour, 1 association\",\"Basket\",\"Basket | Hand | Volley\",\"Meyzieu\"],\"inLanguage\":\"fr-FR\",\"potentialAction\":[{\"@type\":\"CommentAction\",\"name\":\"Comment\",\"target\":[\"https:\/\/newsestlyonnais.fr\/site\/2020\/11\/17\/1-jour-1-association-lal-meyzieu-basket\/#respond\"]}]},{\"@type\":\"WebPage\",\"@id\":\"https:\/\/newsestlyonnais.fr\/site\/2020\/11\/17\/1-jour-1-association-lal-meyzieu-basket\/\",\"url\":\"https:\/\/newsestlyonnais.fr\/site\/2020\/11\/17\/1-jour-1-association-lal-meyzieu-basket\/\",\"name\":\"1 jour, 1 association | L'AL Meyzieu Basket - News Est Lyonnais\",\"isPartOf\":{\"@id\":\"https:\/\/newsestlyonnais.fr\/site\/#website\"},\"primaryImageOfPage\":{\"@id\":\"https:\/\/newsestlyonnais.fr\/site\/2020\/11\/17\/1-jour-1-association-lal-meyzieu-basket\/#primaryimage\"},\"image\":{\"@id\":\"https:\/\/newsestlyonnais.fr\/site\/2020\/11\/17\/1-jour-1-association-lal-meyzieu-basket\/#primaryimage\"},\"thumbnailUrl\":\"https:\/\/newsestlyonnais.fr\/site\/wp-content\/uploads\/2020\/11\/Photo_AL-Meyzieu-Basket.jpg\",\"datePublished\":\"2020-11-17T05:47:24+00:00\",\"dateModified\":\"2020-11-29T15:00:01+00:00\",\"description\":\"1 jour, 1 association | L'AL Meyzieu Basket\",\"breadcrumb\":{\"@id\":\"https:\/\/newsestlyonnais.fr\/site\/2020\/11\/17\/1-jour-1-association-lal-meyzieu-basket\/#breadcrumb\"},\"inLanguage\":\"fr-FR\",\"potentialAction\":[{\"@type\":\"ReadAction\",\"target\":[\"https:\/\/newsestlyonnais.fr\/site\/2020\/11\/17\/1-jour-1-association-lal-meyzieu-basket\/\"]}]},{\"@type\":\"ImageObject\",\"inLanguage\":\"fr-FR\",\"@id\":\"https:\/\/newsestlyonnais.fr\/site\/2020\/11\/17\/1-jour-1-association-lal-meyzieu-basket\/#primaryimage\",\"url\":\"https:\/\/newsestlyonnais.fr\/site\/wp-content\/uploads\/2020\/11\/Photo_AL-Meyzieu-Basket.jpg\",\"contentUrl\":\"https:\/\/newsestlyonnais.fr\/site\/wp-content\/uploads\/2020\/11\/Photo_AL-Meyzieu-Basket.jpg\",\"width\":1200,\"height\":798},{\"@type\":\"BreadcrumbList\",\"@id\":\"https:\/\/newsestlyonnais.fr\/site\/2020\/11\/17\/1-jour-1-association-lal-meyzieu-basket\/#breadcrumb\",\"itemListElement\":[{\"@type\":\"ListItem\",\"position\":1,\"name\":\"Accueil\",\"item\":\"https:\/\/newsestlyonnais.fr\/site\/\"},{\"@type\":\"ListItem\",\"position\":2,\"name\":\"1 jour, 1 association | L&rsquo;AL Meyzieu Basket\"}]},{\"@type\":\"WebSite\",\"@id\":\"https:\/\/newsestlyonnais.fr\/site\/#website\",\"url\":\"https:\/\/newsestlyonnais.fr\/site\/\",\"name\":\"News Est Lyonnais\",\"description\":\"L&#039;actualit\u00e9 au plus pr\u00e8s\",\"publisher\":{\"@id\":\"https:\/\/newsestlyonnais.fr\/site\/#organization\"},\"potentialAction\":[{\"@type\":\"SearchAction\",\"target\":{\"@type\":\"EntryPoint\",\"urlTemplate\":\"https:\/\/newsestlyonnais.fr\/site\/?s={search_term_string}\"},\"query-input\":{\"@type\":\"PropertyValueSpecification\",\"valueRequired\":true,\"valueName\":\"search_term_string\"}}],\"inLanguage\":\"fr-FR\"},{\"@type\":\"Organization\",\"@id\":\"https:\/\/newsestlyonnais.fr\/site\/#organization\",\"name\":\"News EST LYONNAIS\",\"url\":\"https:\/\/newsestlyonnais.fr\/site\/\",\"logo\":{\"@type\":\"ImageObject\",\"inLanguage\":\"fr-FR\",\"@id\":\"https:\/\/newsestlyonnais.fr\/site\/#\/schema\/logo\/image\/\",\"url\":\"\",\"contentUrl\":\"\",\"caption\":\"News EST LYONNAIS\"},\"image\":{\"@id\":\"https:\/\/newsestlyonnais.fr\/site\/#\/schema\/logo\/image\/\"}},{\"@type\":\"Person\",\"@id\":\"https:\/\/newsestlyonnais.fr\/site\/#\/schema\/person\/3230d5615f390bb808365d673001e887\",\"name\":\"R\u00e9dac. NEWS\",\"sameAs\":[\"http:\/\/www.newsestlyonnais.fr\",\"https:\/\/www.facebook.com\/pascal.oberson.1?fref=ts\",\"https:\/\/fr.linkedin.com\/in\/pascal-oberson-b17045113\"],\"url\":\"https:\/\/newsestlyonnais.fr\/site\/author\/nel\/\"}]}<\/script>\n<!-- \/ Yoast SEO plugin. -->","yoast_head_json":{"title":"1 jour, 1 association | L'AL Meyzieu Basket - News Est Lyonnais","description":"1 jour, 1 association | L'AL Meyzieu Basket","robots":{"index":"index","follow":"follow","max-snippet":"max-snippet:-1","max-image-preview":"max-image-preview:large","max-video-preview":"max-video-preview:-1"},"canonical":"https:\/\/newsestlyonnais.fr\/site\/2020\/11\/17\/1-jour-1-association-lal-meyzieu-basket\/","og_locale":"fr_FR","og_type":"article","og_title":"1 jour, 1 association | L'AL Meyzieu Basket - News Est Lyonnais","og_description":"1 jour, 1 association | L'AL Meyzieu Basket","og_url":"https:\/\/newsestlyonnais.fr\/site\/2020\/11\/17\/1-jour-1-association-lal-meyzieu-basket\/","og_site_name":"News Est Lyonnais","article_author":"https:\/\/www.facebook.com\/pascal.oberson.1?fref=ts","article_published_time":"2020-11-17T05:47:24+00:00","article_modified_time":"2020-11-29T15:00:01+00:00","og_image":[{"width":1200,"height":798,"url":"https:\/\/i2.wp.com\/newsestlyonnais.fr\/site\/wp-content\/uploads\/2020\/11\/Photo_AL-Meyzieu-Basket.jpg?fit=1200%2C798&ssl=1","type":"image\/jpeg"}],"author":"R\u00e9dac. NEWS","twitter_card":"summary_large_image","twitter_misc":{"\u00c9crit par":"R\u00e9dac. NEWS","Dur\u00e9e de lecture estim\u00e9e":"6 minutes"},"schema":{"@context":"https:\/\/schema.org","@graph":[{"@type":"Article","@id":"https:\/\/newsestlyonnais.fr\/site\/2020\/11\/17\/1-jour-1-association-lal-meyzieu-basket\/#article","isPartOf":{"@id":"https:\/\/newsestlyonnais.fr\/site\/2020\/11\/17\/1-jour-1-association-lal-meyzieu-basket\/"},"author":{"name":"R\u00e9dac. NEWS","@id":"https:\/\/newsestlyonnais.fr\/site\/#\/schema\/person\/3230d5615f390bb808365d673001e887"},"headline":"1 jour, 1 association | L&rsquo;AL Meyzieu Basket","datePublished":"2020-11-17T05:47:24+00:00","dateModified":"2020-11-29T15:00:01+00:00","mainEntityOfPage":{"@id":"https:\/\/newsestlyonnais.fr\/site\/2020\/11\/17\/1-jour-1-association-lal-meyzieu-basket\/"},"wordCount":1278,"commentCount":0,"publisher":{"@id":"https:\/\/newsestlyonnais.fr\/site\/#organization"},"image":{"@id":"https:\/\/newsestlyonnais.fr\/site\/2020\/11\/17\/1-jour-1-association-lal-meyzieu-basket\/#primaryimage"},"thumbnailUrl":"https:\/\/newsestlyonnais.fr\/site\/wp-content\/uploads\/2020\/11\/Photo_AL-Meyzieu-Basket.jpg","keywords":["AL MEYZIEU BASKET"],"articleSection":["1 jour, 1 association","Basket","Basket | Hand | Volley","Meyzieu"],"inLanguage":"fr-FR","potentialAction":[{"@type":"CommentAction","name":"Comment","target":["https:\/\/newsestlyonnais.fr\/site\/2020\/11\/17\/1-jour-1-association-lal-meyzieu-basket\/#respond"]}]},{"@type":"WebPage","@id":"https:\/\/newsestlyonnais.fr\/site\/2020\/11\/17\/1-jour-1-association-lal-meyzieu-basket\/","url":"https:\/\/newsestlyonnais.fr\/site\/2020\/11\/17\/1-jour-1-association-lal-meyzieu-basket\/","name":"1 jour, 1 association | L'AL Meyzieu Basket - News Est Lyonnais","isPartOf":{"@id":"https:\/\/newsestlyonnais.fr\/site\/#website"},"primaryImageOfPage":{"@id":"https:\/\/newsestlyonnais.fr\/site\/2020\/11\/17\/1-jour-1-association-lal-meyzieu-basket\/#primaryimage"},"image":{"@id":"https:\/\/newsestlyonnais.fr\/site\/2020\/11\/17\/1-jour-1-association-lal-meyzieu-basket\/#primaryimage"},"thumbnailUrl":"https:\/\/newsestlyonnais.fr\/site\/wp-content\/uploads\/2020\/11\/Photo_AL-Meyzieu-Basket.jpg","datePublished":"2020-11-17T05:47:24+00:00","dateModified":"2020-11-29T15:00:01+00:00","description":"1 jour, 1 association | L'AL Meyzieu Basket","breadcrumb":{"@id":"https:\/\/newsestlyonnais.fr\/site\/2020\/11\/17\/1-jour-1-association-lal-meyzieu-basket\/#breadcrumb"},"inLanguage":"fr-FR","potentialAction":[{"@type":"ReadAction","target":["https:\/\/newsestlyonnais.fr\/site\/2020\/11\/17\/1-jour-1-association-lal-meyzieu-basket\/"]}]},{"@type":"ImageObject","inLanguage":"fr-FR","@id":"https:\/\/newsestlyonnais.fr\/site\/2020\/11\/17\/1-jour-1-association-lal-meyzieu-basket\/#primaryimage","url":"https:\/\/newsestlyonnais.fr\/site\/wp-content\/uploads\/2020\/11\/Photo_AL-Meyzieu-Basket.jpg","contentUrl":"https:\/\/newsestlyonnais.fr\/site\/wp-content\/uploads\/2020\/11\/Photo_AL-Meyzieu-Basket.jpg","width":1200,"height":798},{"@type":"BreadcrumbList","@id":"https:\/\/newsestlyonnais.fr\/site\/2020\/11\/17\/1-jour-1-association-lal-meyzieu-basket\/#breadcrumb","itemListElement":[{"@type":"ListItem","position":1,"name":"Accueil","item":"https:\/\/newsestlyonnais.fr\/site\/"},{"@type":"ListItem","position":2,"name":"1 jour, 1 association | L&rsquo;AL Meyzieu Basket"}]},{"@type":"WebSite","@id":"https:\/\/newsestlyonnais.fr\/site\/#website","url":"https:\/\/newsestlyonnais.fr\/site\/","name":"News Est Lyonnais","description":"L&#039;actualit\u00e9 au plus pr\u00e8s","publisher":{"@id":"https:\/\/newsestlyonnais.fr\/site\/#organization"},"potentialAction":[{"@type":"SearchAction","target":{"@type":"EntryPoint","urlTemplate":"https:\/\/newsestlyonnais.fr\/site\/?s={search_term_string}"},"query-input":{"@type":"PropertyValueSpecification","valueRequired":true,"valueName":"search_term_string"}}],"inLanguage":"fr-FR"},{"@type":"Organization","@id":"https:\/\/newsestlyonnais.fr\/site\/#organization","name":"News EST LYONNAIS","url":"https:\/\/newsestlyonnais.fr\/site\/","logo":{"@type":"ImageObject","inLanguage":"fr-FR","@id":"https:\/\/newsestlyonnais.fr\/site\/#\/schema\/logo\/image\/","url":"","contentUrl":"","caption":"News EST LYONNAIS"},"image":{"@id":"https:\/\/newsestlyonnais.fr\/site\/#\/schema\/logo\/image\/"}},{"@type":"Person","@id":"https:\/\/newsestlyonnais.fr\/site\/#\/schema\/person\/3230d5615f390bb808365d673001e887","name":"R\u00e9dac. NEWS","sameAs":["http:\/\/www.newsestlyonnais.fr","https:\/\/www.facebook.com\/pascal.oberson.1?fref=ts","https:\/\/fr.linkedin.com\/in\/pascal-oberson-b17045113"],"url":"https:\/\/newsestlyonnais.fr\/site\/author\/nel\/"}]}},"_links":{"self":[{"href":"https:\/\/newsestlyonnais.fr\/site\/wp-json\/wp\/v2\/posts\/117639","targetHints":{"allow":["GET"]}}],"collection":[{"href":"https:\/\/newsestlyonnais.fr\/site\/wp-json\/wp\/v2\/posts"}],"about":[{"href":"https:\/\/newsestlyonnais.fr\/site\/wp-json\/wp\/v2\/types\/post"}],"author":[{"embeddable":true,"href":"https:\/\/newsestlyonnais.fr\/site\/wp-json\/wp\/v2\/users\/4"}],"replies":[{"embeddable":true,"href":"https:\/\/newsestlyonnais.fr\/site\/wp-json\/wp\/v2\/comments?post=117639"}],"version-history":[{"count":0,"href":"https:\/\/newsestlyonnais.fr\/site\/wp-json\/wp\/v2\/posts\/117639\/revisions"}],"wp:featuredmedia":[{"embeddable":true,"href":"https:\/\/newsestlyonnais.fr\/site\/wp-json\/wp\/v2\/media\/117641"}],"wp:attachment":[{"href":"https:\/\/newsestlyonnais.fr\/site\/wp-json\/wp\/v2\/media?parent=117639"}],"wp:term":[{"taxonomy":"category","embeddable":true,"href":"https:\/\/newsestlyonnais.fr\/site\/wp-json\/wp\/v2\/categories?post=117639"},{"taxonomy":"post_tag","embeddable":true,"href":"https:\/\/newsestlyonnais.fr\/site\/wp-json\/wp\/v2\/tags?post=117639"}],"curies":[{"name":"wp","href":"https:\/\/api.w.org\/{rel}","templated":true}]}}