{"id":117973,"date":"2020-11-19T05:14:46","date_gmt":"2020-11-19T04:14:46","guid":{"rendered":"http:\/\/newsestlyonnais.fr\/site\/?p=117973"},"modified":"2020-11-19T19:23:59","modified_gmt":"2020-11-19T18:23:59","slug":"villeurbanne-les-lauriers-du-sport-2020-en-virtuel","status":"publish","type":"post","link":"https:\/\/newsestlyonnais.fr\/site\/2020\/11\/19\/villeurbanne-les-lauriers-du-sport-2020-en-virtuel\/","title":{"rendered":"VILLEURBANNE | Les Lauriers du Sport 2020 en virtuel"},"content":{"rendered":"<p>En cette ann\u00e9e pas comme les autres, le mouvement sportif villeurbannais a plus que jamais besoin d\u2019\u00eatre soutenu et son r\u00f4le soci\u00e9tal valoris\u00e9 !<\/p>\n<p><strong>Le th\u00e8me de l\u2019engagement est au c\u0153ur de cette \u00e9dition<\/strong> o\u00f9 sont<strong> mis en lumi\u00e8re :<\/strong><\/p>\n<ul>\n<li><strong>les entraineur\u00b7euse\u00b7s.<\/strong><\/li>\n<li><strong>les actions des clubs <\/strong>qui contribuent \u00e0 promouvoir les valeurs du sport et le d\u00e9veloppement de l\u2019activit\u00e9 physique et sportive \u00e0 Villeurbanne.<\/li>\n<\/ul>\n<hr \/>\n<p><span style=\"text-decoration: underline;\"><strong><em><span style=\"font-size: 14pt;\">Les nomm\u00e9\u00b7e\u00b7s<\/span><\/em><\/strong><\/span><\/p>\n<p><strong>Cette ann\u00e9e, 17 associations sportives se sont port\u00e9es candidates<\/strong>.<\/p>\n<p>La commission b\u00e9n\u00e9vole \u00ab r\u00e9compense \u00bb de l\u2019OSV s\u2019est r\u00e9unie en octobre. <strong>Elle a choisi son \u00ab coup de c\u0153ur \u00bb et 4 nomm\u00e9\u00b7e\u00b7s dans chacune des 4 cat\u00e9gories<\/strong> :<\/p>\n<ul>\n<li>\u00ab entraineur\u00b7euse \u00bb<\/li>\n<li>club \u00ab\u00e9ducation et \u00e9galit\u00e9 \u00bb<\/li>\n<li>club \u00ab loisir et sant\u00e9 \u00bb<\/li>\n<li>club \u00ab solidarit\u00e9 et \u00e9co-responsabilit\u00e9\u00bb.<\/li>\n<\/ul>\n<hr \/>\n<figure id=\"attachment_117986\" aria-describedby=\"caption-attachment-117986\" style=\"width: 150px\" class=\"wp-caption alignleft\"><a href=\"https:\/\/newsestlyonnais.fr\/site\/medias\/2020\/11\/NEWSESTLYONNAIS-LAURIERS-2019-02.jpg\"><img loading=\"lazy\" decoding=\"async\" class=\"wp-image-117986 size-thumbnail\" src=\"https:\/\/newsestlyonnais.fr\/site\/medias\/2020\/11\/NEWSESTLYONNAIS-LAURIERS-2019-02-250x167.jpg\" alt=\"\" width=\"150\" height=\"100\" srcset=\"https:\/\/newsestlyonnais.fr\/site\/wp-content\/uploads\/2020\/11\/NEWSESTLYONNAIS-LAURIERS-2019-02-250x167.jpg 250w, https:\/\/newsestlyonnais.fr\/site\/wp-content\/uploads\/2020\/11\/NEWSESTLYONNAIS-LAURIERS-2019-02-400x267.jpg 400w, https:\/\/newsestlyonnais.fr\/site\/wp-content\/uploads\/2020\/11\/NEWSESTLYONNAIS-LAURIERS-2019-02-650x433.jpg 650w, https:\/\/newsestlyonnais.fr\/site\/wp-content\/uploads\/2020\/11\/NEWSESTLYONNAIS-LAURIERS-2019-02-768x512.jpg 768w, https:\/\/newsestlyonnais.fr\/site\/wp-content\/uploads\/2020\/11\/NEWSESTLYONNAIS-LAURIERS-2019-02-150x100.jpg 150w, https:\/\/newsestlyonnais.fr\/site\/wp-content\/uploads\/2020\/11\/NEWSESTLYONNAIS-LAURIERS-2019-02-50x33.jpg 50w, https:\/\/newsestlyonnais.fr\/site\/wp-content\/uploads\/2020\/11\/NEWSESTLYONNAIS-LAURIERS-2019-02-100x67.jpg 100w, https:\/\/newsestlyonnais.fr\/site\/wp-content\/uploads\/2020\/11\/NEWSESTLYONNAIS-LAURIERS-2019-02-200x133.jpg 200w, https:\/\/newsestlyonnais.fr\/site\/wp-content\/uploads\/2020\/11\/NEWSESTLYONNAIS-LAURIERS-2019-02-300x200.jpg 300w, https:\/\/newsestlyonnais.fr\/site\/wp-content\/uploads\/2020\/11\/NEWSESTLYONNAIS-LAURIERS-2019-02-350x233.jpg 350w, https:\/\/newsestlyonnais.fr\/site\/wp-content\/uploads\/2020\/11\/NEWSESTLYONNAIS-LAURIERS-2019-02-450x300.jpg 450w, https:\/\/newsestlyonnais.fr\/site\/wp-content\/uploads\/2020\/11\/NEWSESTLYONNAIS-LAURIERS-2019-02-500x333.jpg 500w, https:\/\/newsestlyonnais.fr\/site\/wp-content\/uploads\/2020\/11\/NEWSESTLYONNAIS-LAURIERS-2019-02-550x367.jpg 550w, https:\/\/newsestlyonnais.fr\/site\/wp-content\/uploads\/2020\/11\/NEWSESTLYONNAIS-LAURIERS-2019-02-800x533.jpg 800w, https:\/\/newsestlyonnais.fr\/site\/wp-content\/uploads\/2020\/11\/NEWSESTLYONNAIS-LAURIERS-2019-02.jpg 1200w\" sizes=\"auto, (max-width: 150px) 100vw, 150px\" \/><\/a><figcaption id=\"caption-attachment-117986\" class=\"wp-caption-text\">Les laur\u00e9ats de l&rsquo;\u00e9dition 2019<\/figcaption><\/figure>\n<p><span style=\"text-decoration: underline;\"><strong><em><span style=\"font-size: 14pt;\">L\u2019\u00e9lection, la soir\u00e9e virtuelle et la r\u00e9v\u00e9lation du palmar\u00e8s<\/span><\/em><\/strong><\/span><\/p>\n<p><strong>Les 16 nomm\u00e9\u00b7e\u00b7s seront pr\u00e9sent\u00e9\u00b7e\u00b7s au grand public, du 24 novembre au 8 d\u00e9cembre, sur site Internet et page Facebook de l\u2019OSV<\/strong>.<\/p>\n<p>&nbsp;<\/p>\n<p><strong>Tout le monde pourra y participer<\/strong>. Les Villeurbannais\u00b7e\u00b7s choisiront leur\u00b7s favori\u00b7te\u00b7s dans chacune des cat\u00e9gories.<\/p>\n<p><strong>Le r\u00e9sultat du vote en ligne sera coupl\u00e9<\/strong> (vote grand public = un jur\u00e9)<strong> \u00e0 celui d\u2019un jury d\u2019une douzaine de repr\u00e9sentant\u00b7e\u00b7s du monde sportif villeurbannais<\/strong>. Ces personnes voteront \u00e0 distance la semaine du 30 novembre au 4 d\u00e9cembre.<\/p>\n<p><strong>Une c\u00e9r\u00e9monie virtuelle sera enregistr\u00e9e dans les conditions du direct le 10 d\u00e9cembre 2020<\/strong> avec les laur\u00e9at\u00b7e\u00b7s et les membres du jury. <strong>Le palmar\u00e8s 2020 sera r\u00e9v\u00e9l\u00e9<\/strong> gr\u00e2ce \u00e0 la diffusion de cette vid\u00e9o sur la page Facebook, le site Internet et la cha\u00eene Youtube de l\u2019OSV <strong>la semaine du 14 d\u00e9cembre.<\/strong><\/p>\n<hr \/>\n<p><strong>Rendez-vous \u00e0 partir du 24 novembre sur le site de l\u2019<span style=\"color: #0000ff;\"><a style=\"color: #0000ff;\" href=\"http:\/\/www.osvilleurbanne.com\">OSV<\/a><\/span> <\/strong><strong>pour l\u2019ouverture du vote en ligne et la pr\u00e9sentation, jour apr\u00e8s jour, des nomm\u00e9\u00b7e\u00b7s :<\/strong><\/p>\n<ul>\n<li><strong>sur la <span style=\"color: #0000ff;\"><a style=\"color: #0000ff;\" href=\"http:\/\/www.facebook.com\/OfficeduSportVilleurbanne\">page Facebook<\/a><\/span>\u00a0 <\/strong><\/li>\n<li><strong> puis <u>la semaine du 14 d\u00e9cembre<\/u> pour la r\u00e9v\u00e9lation du palmar\u00e8s 2020 !<\/strong><\/li>\n<\/ul>\n<hr \/>\n<p>&nbsp;<\/p>\n","protected":false},"excerpt":{"rendered":"<p>L\u2019Office du Sport Villeurbanne a donc d\u00e9cid\u00e9 de maintenir les Lauriers du Sport Villeurbannais 2020, de fa\u00e7on diff\u00e9rente sur le fond comme sur la forme.<\/p>\n","protected":false},"author":4,"featured_media":117975,"comment_status":"open","ping_status":"open","sticky":false,"template":"","format":"standard","meta":{"footnotes":""},"categories":[574,166,3016,2,29],"tags":[],"class_list":["post-117973","post","type-post","status-publish","format-standard","has-post-thumbnail","hentry","category-autres-sports","category-divers-sports","category-institutions-trophees-jo","category-sports","category-villeurbanne"],"yoast_head":"<!-- This site is optimized with the Yoast SEO plugin v27.2 - https:\/\/yoast.com\/product\/yoast-seo-wordpress\/ -->\n<title>VILLEURBANNE | Les Lauriers du Sport 2020 en virtuel - News Est Lyonnais<\/title>\n<meta name=\"description\" content=\"VILLEURBANNE | Les Lauriers du Sport 2020 en virtuel\" \/>\n<meta name=\"robots\" content=\"index, follow, max-snippet:-1, max-image-preview:large, max-video-preview:-1\" \/>\n<link rel=\"canonical\" href=\"https:\/\/newsestlyonnais.fr\/site\/2020\/11\/19\/villeurbanne-les-lauriers-du-sport-2020-en-virtuel\/\" \/>\n<meta property=\"og:locale\" content=\"fr_FR\" \/>\n<meta property=\"og:type\" content=\"article\" \/>\n<meta property=\"og:title\" content=\"VILLEURBANNE | Les Lauriers du Sport 2020 en virtuel - News Est Lyonnais\" \/>\n<meta property=\"og:description\" content=\"VILLEURBANNE | Les Lauriers du Sport 2020 en virtuel\" \/>\n<meta property=\"og:url\" content=\"https:\/\/newsestlyonnais.fr\/site\/2020\/11\/19\/villeurbanne-les-lauriers-du-sport-2020-en-virtuel\/\" \/>\n<meta property=\"og:site_name\" content=\"News Est Lyonnais\" \/>\n<meta property=\"article:author\" content=\"https:\/\/www.facebook.com\/pascal.oberson.1?fref=ts\" \/>\n<meta property=\"article:published_time\" content=\"2020-11-19T04:14:46+00:00\" \/>\n<meta property=\"article:modified_time\" content=\"2020-11-19T18:23:59+00:00\" \/>\n<meta property=\"og:image\" content=\"https:\/\/i0.wp.com\/newsestlyonnais.fr\/site\/wp-content\/uploads\/2020\/11\/NEWSESTLYONNAIS-LAURIERS-2020.png?fit=1200%2C514&ssl=1\" \/>\n\t<meta property=\"og:image:width\" content=\"1200\" \/>\n\t<meta property=\"og:image:height\" content=\"514\" \/>\n\t<meta property=\"og:image:type\" content=\"image\/png\" \/>\n<meta name=\"author\" content=\"R\u00e9dac. NEWS\" \/>\n<meta name=\"twitter:card\" content=\"summary_large_image\" \/>\n<meta name=\"twitter:label1\" content=\"\u00c9crit par\" \/>\n\t<meta name=\"twitter:data1\" content=\"R\u00e9dac. NEWS\" \/>\n\t<meta name=\"twitter:label2\" content=\"Dur\u00e9e de lecture estim\u00e9e\" \/>\n\t<meta name=\"twitter:data2\" content=\"2 minutes\" \/>\n<script type=\"application\/ld+json\" class=\"yoast-schema-graph\">{\"@context\":\"https:\/\/schema.org\",\"@graph\":[{\"@type\":\"Article\",\"@id\":\"https:\/\/newsestlyonnais.fr\/site\/2020\/11\/19\/villeurbanne-les-lauriers-du-sport-2020-en-virtuel\/#article\",\"isPartOf\":{\"@id\":\"https:\/\/newsestlyonnais.fr\/site\/2020\/11\/19\/villeurbanne-les-lauriers-du-sport-2020-en-virtuel\/\"},\"author\":{\"name\":\"R\u00e9dac. NEWS\",\"@id\":\"https:\/\/newsestlyonnais.fr\/site\/#\/schema\/person\/3230d5615f390bb808365d673001e887\"},\"headline\":\"VILLEURBANNE | Les Lauriers du Sport 2020 en virtuel\",\"datePublished\":\"2020-11-19T04:14:46+00:00\",\"dateModified\":\"2020-11-19T18:23:59+00:00\",\"mainEntityOfPage\":{\"@id\":\"https:\/\/newsestlyonnais.fr\/site\/2020\/11\/19\/villeurbanne-les-lauriers-du-sport-2020-en-virtuel\/\"},\"wordCount\":366,\"commentCount\":0,\"publisher\":{\"@id\":\"https:\/\/newsestlyonnais.fr\/site\/#organization\"},\"image\":{\"@id\":\"https:\/\/newsestlyonnais.fr\/site\/2020\/11\/19\/villeurbanne-les-lauriers-du-sport-2020-en-virtuel\/#primaryimage\"},\"thumbnailUrl\":\"https:\/\/newsestlyonnais.fr\/site\/wp-content\/uploads\/2020\/11\/NEWSESTLYONNAIS-LAURIERS-2020.png\",\"articleSection\":[\"Autres sports\",\"Divers Sports\",\"Institutions | Troph\u00e9es | J.O.\",\"Sports\",\"Villeurbanne\"],\"inLanguage\":\"fr-FR\",\"potentialAction\":[{\"@type\":\"CommentAction\",\"name\":\"Comment\",\"target\":[\"https:\/\/newsestlyonnais.fr\/site\/2020\/11\/19\/villeurbanne-les-lauriers-du-sport-2020-en-virtuel\/#respond\"]}]},{\"@type\":\"WebPage\",\"@id\":\"https:\/\/newsestlyonnais.fr\/site\/2020\/11\/19\/villeurbanne-les-lauriers-du-sport-2020-en-virtuel\/\",\"url\":\"https:\/\/newsestlyonnais.fr\/site\/2020\/11\/19\/villeurbanne-les-lauriers-du-sport-2020-en-virtuel\/\",\"name\":\"VILLEURBANNE | Les Lauriers du Sport 2020 en virtuel - News Est Lyonnais\",\"isPartOf\":{\"@id\":\"https:\/\/newsestlyonnais.fr\/site\/#website\"},\"primaryImageOfPage\":{\"@id\":\"https:\/\/newsestlyonnais.fr\/site\/2020\/11\/19\/villeurbanne-les-lauriers-du-sport-2020-en-virtuel\/#primaryimage\"},\"image\":{\"@id\":\"https:\/\/newsestlyonnais.fr\/site\/2020\/11\/19\/villeurbanne-les-lauriers-du-sport-2020-en-virtuel\/#primaryimage\"},\"thumbnailUrl\":\"https:\/\/newsestlyonnais.fr\/site\/wp-content\/uploads\/2020\/11\/NEWSESTLYONNAIS-LAURIERS-2020.png\",\"datePublished\":\"2020-11-19T04:14:46+00:00\",\"dateModified\":\"2020-11-19T18:23:59+00:00\",\"description\":\"VILLEURBANNE | Les Lauriers du Sport 2020 en virtuel\",\"breadcrumb\":{\"@id\":\"https:\/\/newsestlyonnais.fr\/site\/2020\/11\/19\/villeurbanne-les-lauriers-du-sport-2020-en-virtuel\/#breadcrumb\"},\"inLanguage\":\"fr-FR\",\"potentialAction\":[{\"@type\":\"ReadAction\",\"target\":[\"https:\/\/newsestlyonnais.fr\/site\/2020\/11\/19\/villeurbanne-les-lauriers-du-sport-2020-en-virtuel\/\"]}]},{\"@type\":\"ImageObject\",\"inLanguage\":\"fr-FR\",\"@id\":\"https:\/\/newsestlyonnais.fr\/site\/2020\/11\/19\/villeurbanne-les-lauriers-du-sport-2020-en-virtuel\/#primaryimage\",\"url\":\"https:\/\/newsestlyonnais.fr\/site\/wp-content\/uploads\/2020\/11\/NEWSESTLYONNAIS-LAURIERS-2020.png\",\"contentUrl\":\"https:\/\/newsestlyonnais.fr\/site\/wp-content\/uploads\/2020\/11\/NEWSESTLYONNAIS-LAURIERS-2020.png\",\"width\":1200,\"height\":514},{\"@type\":\"BreadcrumbList\",\"@id\":\"https:\/\/newsestlyonnais.fr\/site\/2020\/11\/19\/villeurbanne-les-lauriers-du-sport-2020-en-virtuel\/#breadcrumb\",\"itemListElement\":[{\"@type\":\"ListItem\",\"position\":1,\"name\":\"Accueil\",\"item\":\"https:\/\/newsestlyonnais.fr\/site\/\"},{\"@type\":\"ListItem\",\"position\":2,\"name\":\"VILLEURBANNE | Les Lauriers du Sport 2020 en virtuel\"}]},{\"@type\":\"WebSite\",\"@id\":\"https:\/\/newsestlyonnais.fr\/site\/#website\",\"url\":\"https:\/\/newsestlyonnais.fr\/site\/\",\"name\":\"News Est Lyonnais\",\"description\":\"L&#039;actualit\u00e9 au plus pr\u00e8s\",\"publisher\":{\"@id\":\"https:\/\/newsestlyonnais.fr\/site\/#organization\"},\"potentialAction\":[{\"@type\":\"SearchAction\",\"target\":{\"@type\":\"EntryPoint\",\"urlTemplate\":\"https:\/\/newsestlyonnais.fr\/site\/?s={search_term_string}\"},\"query-input\":{\"@type\":\"PropertyValueSpecification\",\"valueRequired\":true,\"valueName\":\"search_term_string\"}}],\"inLanguage\":\"fr-FR\"},{\"@type\":\"Organization\",\"@id\":\"https:\/\/newsestlyonnais.fr\/site\/#organization\",\"name\":\"News EST LYONNAIS\",\"url\":\"https:\/\/newsestlyonnais.fr\/site\/\",\"logo\":{\"@type\":\"ImageObject\",\"inLanguage\":\"fr-FR\",\"@id\":\"https:\/\/newsestlyonnais.fr\/site\/#\/schema\/logo\/image\/\",\"url\":\"\",\"contentUrl\":\"\",\"caption\":\"News EST LYONNAIS\"},\"image\":{\"@id\":\"https:\/\/newsestlyonnais.fr\/site\/#\/schema\/logo\/image\/\"}},{\"@type\":\"Person\",\"@id\":\"https:\/\/newsestlyonnais.fr\/site\/#\/schema\/person\/3230d5615f390bb808365d673001e887\",\"name\":\"R\u00e9dac. NEWS\",\"sameAs\":[\"http:\/\/www.newsestlyonnais.fr\",\"https:\/\/www.facebook.com\/pascal.oberson.1?fref=ts\",\"https:\/\/fr.linkedin.com\/in\/pascal-oberson-b17045113\"],\"url\":\"https:\/\/newsestlyonnais.fr\/site\/author\/nel\/\"}]}<\/script>\n<!-- \/ Yoast SEO plugin. -->","yoast_head_json":{"title":"VILLEURBANNE | Les Lauriers du Sport 2020 en virtuel - News Est Lyonnais","description":"VILLEURBANNE | Les Lauriers du Sport 2020 en virtuel","robots":{"index":"index","follow":"follow","max-snippet":"max-snippet:-1","max-image-preview":"max-image-preview:large","max-video-preview":"max-video-preview:-1"},"canonical":"https:\/\/newsestlyonnais.fr\/site\/2020\/11\/19\/villeurbanne-les-lauriers-du-sport-2020-en-virtuel\/","og_locale":"fr_FR","og_type":"article","og_title":"VILLEURBANNE | Les Lauriers du Sport 2020 en virtuel - News Est Lyonnais","og_description":"VILLEURBANNE | Les Lauriers du Sport 2020 en virtuel","og_url":"https:\/\/newsestlyonnais.fr\/site\/2020\/11\/19\/villeurbanne-les-lauriers-du-sport-2020-en-virtuel\/","og_site_name":"News Est Lyonnais","article_author":"https:\/\/www.facebook.com\/pascal.oberson.1?fref=ts","article_published_time":"2020-11-19T04:14:46+00:00","article_modified_time":"2020-11-19T18:23:59+00:00","og_image":[{"width":1200,"height":514,"url":"https:\/\/i0.wp.com\/newsestlyonnais.fr\/site\/wp-content\/uploads\/2020\/11\/NEWSESTLYONNAIS-LAURIERS-2020.png?fit=1200%2C514&ssl=1","type":"image\/png"}],"author":"R\u00e9dac. NEWS","twitter_card":"summary_large_image","twitter_misc":{"\u00c9crit par":"R\u00e9dac. NEWS","Dur\u00e9e de lecture estim\u00e9e":"2 minutes"},"schema":{"@context":"https:\/\/schema.org","@graph":[{"@type":"Article","@id":"https:\/\/newsestlyonnais.fr\/site\/2020\/11\/19\/villeurbanne-les-lauriers-du-sport-2020-en-virtuel\/#article","isPartOf":{"@id":"https:\/\/newsestlyonnais.fr\/site\/2020\/11\/19\/villeurbanne-les-lauriers-du-sport-2020-en-virtuel\/"},"author":{"name":"R\u00e9dac. NEWS","@id":"https:\/\/newsestlyonnais.fr\/site\/#\/schema\/person\/3230d5615f390bb808365d673001e887"},"headline":"VILLEURBANNE | Les Lauriers du Sport 2020 en virtuel","datePublished":"2020-11-19T04:14:46+00:00","dateModified":"2020-11-19T18:23:59+00:00","mainEntityOfPage":{"@id":"https:\/\/newsestlyonnais.fr\/site\/2020\/11\/19\/villeurbanne-les-lauriers-du-sport-2020-en-virtuel\/"},"wordCount":366,"commentCount":0,"publisher":{"@id":"https:\/\/newsestlyonnais.fr\/site\/#organization"},"image":{"@id":"https:\/\/newsestlyonnais.fr\/site\/2020\/11\/19\/villeurbanne-les-lauriers-du-sport-2020-en-virtuel\/#primaryimage"},"thumbnailUrl":"https:\/\/newsestlyonnais.fr\/site\/wp-content\/uploads\/2020\/11\/NEWSESTLYONNAIS-LAURIERS-2020.png","articleSection":["Autres sports","Divers Sports","Institutions | Troph\u00e9es | J.O.","Sports","Villeurbanne"],"inLanguage":"fr-FR","potentialAction":[{"@type":"CommentAction","name":"Comment","target":["https:\/\/newsestlyonnais.fr\/site\/2020\/11\/19\/villeurbanne-les-lauriers-du-sport-2020-en-virtuel\/#respond"]}]},{"@type":"WebPage","@id":"https:\/\/newsestlyonnais.fr\/site\/2020\/11\/19\/villeurbanne-les-lauriers-du-sport-2020-en-virtuel\/","url":"https:\/\/newsestlyonnais.fr\/site\/2020\/11\/19\/villeurbanne-les-lauriers-du-sport-2020-en-virtuel\/","name":"VILLEURBANNE | Les Lauriers du Sport 2020 en virtuel - News Est Lyonnais","isPartOf":{"@id":"https:\/\/newsestlyonnais.fr\/site\/#website"},"primaryImageOfPage":{"@id":"https:\/\/newsestlyonnais.fr\/site\/2020\/11\/19\/villeurbanne-les-lauriers-du-sport-2020-en-virtuel\/#primaryimage"},"image":{"@id":"https:\/\/newsestlyonnais.fr\/site\/2020\/11\/19\/villeurbanne-les-lauriers-du-sport-2020-en-virtuel\/#primaryimage"},"thumbnailUrl":"https:\/\/newsestlyonnais.fr\/site\/wp-content\/uploads\/2020\/11\/NEWSESTLYONNAIS-LAURIERS-2020.png","datePublished":"2020-11-19T04:14:46+00:00","dateModified":"2020-11-19T18:23:59+00:00","description":"VILLEURBANNE | Les Lauriers du Sport 2020 en virtuel","breadcrumb":{"@id":"https:\/\/newsestlyonnais.fr\/site\/2020\/11\/19\/villeurbanne-les-lauriers-du-sport-2020-en-virtuel\/#breadcrumb"},"inLanguage":"fr-FR","potentialAction":[{"@type":"ReadAction","target":["https:\/\/newsestlyonnais.fr\/site\/2020\/11\/19\/villeurbanne-les-lauriers-du-sport-2020-en-virtuel\/"]}]},{"@type":"ImageObject","inLanguage":"fr-FR","@id":"https:\/\/newsestlyonnais.fr\/site\/2020\/11\/19\/villeurbanne-les-lauriers-du-sport-2020-en-virtuel\/#primaryimage","url":"https:\/\/newsestlyonnais.fr\/site\/wp-content\/uploads\/2020\/11\/NEWSESTLYONNAIS-LAURIERS-2020.png","contentUrl":"https:\/\/newsestlyonnais.fr\/site\/wp-content\/uploads\/2020\/11\/NEWSESTLYONNAIS-LAURIERS-2020.png","width":1200,"height":514},{"@type":"BreadcrumbList","@id":"https:\/\/newsestlyonnais.fr\/site\/2020\/11\/19\/villeurbanne-les-lauriers-du-sport-2020-en-virtuel\/#breadcrumb","itemListElement":[{"@type":"ListItem","position":1,"name":"Accueil","item":"https:\/\/newsestlyonnais.fr\/site\/"},{"@type":"ListItem","position":2,"name":"VILLEURBANNE | Les Lauriers du Sport 2020 en virtuel"}]},{"@type":"WebSite","@id":"https:\/\/newsestlyonnais.fr\/site\/#website","url":"https:\/\/newsestlyonnais.fr\/site\/","name":"News Est Lyonnais","description":"L&#039;actualit\u00e9 au plus pr\u00e8s","publisher":{"@id":"https:\/\/newsestlyonnais.fr\/site\/#organization"},"potentialAction":[{"@type":"SearchAction","target":{"@type":"EntryPoint","urlTemplate":"https:\/\/newsestlyonnais.fr\/site\/?s={search_term_string}"},"query-input":{"@type":"PropertyValueSpecification","valueRequired":true,"valueName":"search_term_string"}}],"inLanguage":"fr-FR"},{"@type":"Organization","@id":"https:\/\/newsestlyonnais.fr\/site\/#organization","name":"News EST LYONNAIS","url":"https:\/\/newsestlyonnais.fr\/site\/","logo":{"@type":"ImageObject","inLanguage":"fr-FR","@id":"https:\/\/newsestlyonnais.fr\/site\/#\/schema\/logo\/image\/","url":"","contentUrl":"","caption":"News EST LYONNAIS"},"image":{"@id":"https:\/\/newsestlyonnais.fr\/site\/#\/schema\/logo\/image\/"}},{"@type":"Person","@id":"https:\/\/newsestlyonnais.fr\/site\/#\/schema\/person\/3230d5615f390bb808365d673001e887","name":"R\u00e9dac. NEWS","sameAs":["http:\/\/www.newsestlyonnais.fr","https:\/\/www.facebook.com\/pascal.oberson.1?fref=ts","https:\/\/fr.linkedin.com\/in\/pascal-oberson-b17045113"],"url":"https:\/\/newsestlyonnais.fr\/site\/author\/nel\/"}]}},"_links":{"self":[{"href":"https:\/\/newsestlyonnais.fr\/site\/wp-json\/wp\/v2\/posts\/117973","targetHints":{"allow":["GET"]}}],"collection":[{"href":"https:\/\/newsestlyonnais.fr\/site\/wp-json\/wp\/v2\/posts"}],"about":[{"href":"https:\/\/newsestlyonnais.fr\/site\/wp-json\/wp\/v2\/types\/post"}],"author":[{"embeddable":true,"href":"https:\/\/newsestlyonnais.fr\/site\/wp-json\/wp\/v2\/users\/4"}],"replies":[{"embeddable":true,"href":"https:\/\/newsestlyonnais.fr\/site\/wp-json\/wp\/v2\/comments?post=117973"}],"version-history":[{"count":0,"href":"https:\/\/newsestlyonnais.fr\/site\/wp-json\/wp\/v2\/posts\/117973\/revisions"}],"wp:featuredmedia":[{"embeddable":true,"href":"https:\/\/newsestlyonnais.fr\/site\/wp-json\/wp\/v2\/media\/117975"}],"wp:attachment":[{"href":"https:\/\/newsestlyonnais.fr\/site\/wp-json\/wp\/v2\/media?parent=117973"}],"wp:term":[{"taxonomy":"category","embeddable":true,"href":"https:\/\/newsestlyonnais.fr\/site\/wp-json\/wp\/v2\/categories?post=117973"},{"taxonomy":"post_tag","embeddable":true,"href":"https:\/\/newsestlyonnais.fr\/site\/wp-json\/wp\/v2\/tags?post=117973"}],"curies":[{"name":"wp","href":"https:\/\/api.w.org\/{rel}","templated":true}]}}