{"id":117998,"date":"2020-11-20T07:56:54","date_gmt":"2020-11-20T06:56:54","guid":{"rendered":"http:\/\/newsestlyonnais.fr\/site\/?p=117998"},"modified":"2020-11-27T15:14:47","modified_gmt":"2020-11-27T14:14:47","slug":"lyon-football-feminin-celia-jimenez-delgado-a-rejoint-lolympique-lyonnais","status":"publish","type":"post","link":"https:\/\/newsestlyonnais.fr\/site\/2020\/11\/20\/lyon-football-feminin-celia-jimenez-delgado-a-rejoint-lolympique-lyonnais\/","title":{"rendered":"LYON | Football f\u00e9minin > C\u00e9lia Jim\u00e9nez Delgado a rejoint l\u2019OL"},"content":{"rendered":"<p>En provenance d\u2019OL Reign, elle rejoint le club fran\u00e7ais jusqu\u2019au 30 juin 2021. Le mercato op\u00e9r\u00e9 en septembre dernier r\u00e9serve donc de belles surprises pour la saison de foot \u00e0 venir.<\/p>\n<hr \/>\n<p>Depuis qu\u2019elle a \u00e9t\u00e9 cr\u00e9\u00e9e en 2004, <span style=\"color: #0000ff;\"><a style=\"color: #0000ff;\" href=\"https:\/\/newsestlyonnais.fr\/site\/2020\/10\/24\/foot-quelles-ambitions-pour-la-section-feminine-de-lol\/\">la section f\u00e9minine de l\u2019Olympique Lyonnais triomphe<\/a><\/span>. Elle affiche d\u00e9sormais un impressionnant palmar\u00e8s. L\u2019\u00e9quipe du coach Jean-Luc Vasseur devrait encore poursuivre sa lanc\u00e9e avec l\u2019arriv\u00e9e d\u2019une nouvelle recrue prometteuse.<\/p>\n<p><span style=\"font-size: 14pt;\"><strong>Une nouvelle joueuse internationale pour l\u2019Olympique Lyonnais f\u00e9minin<br \/>\n<\/strong><\/span><\/p>\n<p>Son pr\u00eat avait d\u00e9j\u00e0 \u00e9t\u00e9 annonc\u00e9 fin septembre et il s&rsquo;est concr\u00e9tis\u00e9 aujourd\u2019hui. La d\u00e9fenseuse espagnole Celia Jim\u00e9nez Delgado vient de rejoindre le club lyonnais. Ce pr\u00eat intervient dans le cadre des liens de coop\u00e9ration qui existent entre le club am\u00e9ricain OL Reign de Seattle et le club lyonnais. La joueuse internationale a annonc\u00e9 la nouvelle <span style=\"color: #0000ff;\"><a style=\"color: #0000ff;\" href=\"https:\/\/twitter.com\/celiajimdel\/status\/1320338403355992064\">sur son compte Twitter<\/a><\/span>. A 25 ans, elle vivra sa premi\u00e8re exp\u00e9rience en France et \u00e9voluera au sein du club lyonnais jusqu\u2019en juin 2021. Elle comptabilise 23 s\u00e9lections avec l\u2019\u00e9quipe d\u2019Espagne et a particip\u00e9 \u00e0 la Coupe du monde de football f\u00e9minin en 2019 en France. La joueuse espagnole vient rejoindre une \u00e9quipe d\u00e9j\u00e0 bien form\u00e9e.<\/p>\n<p><span style=\"font-size: 14pt;\"><strong>Des nouvelles recrues internationales<\/strong><\/span><\/p>\n<p>L\u2019Olympique Lyonnais f\u00e9minin a r\u00e9cemment vu plusieurs joueuses internationales de haut niveau d\u00e9barquer dans ses rangs, telles que la gardienne de but espagnole Dolores Gallardo ou encore la milieu islandaise Sara Gunnarsdottir. L\u2019\u00e9quipe compte aussi l\u2019Australienne Ellie Carpenter, l\u2019Allemande <span style=\"color: #0000ff;\"><a style=\"color: #0000ff;\" href=\"https:\/\/fr.wikipedia.org\/wiki\/Dzsenifer_Marozs%C3%A1n\">Dzsenifer Marozs\u00e1n<\/a><\/span> et la Japonaise Saki Kumagai. Ces contrats expliquent sans doute la popularit\u00e9 du club aupr\u00e8s des marques telles que LR Health &amp; Beauty, <span style=\"color: #0000ff;\"><a style=\"color: #0000ff;\" href=\"https:\/\/www.superbelles.fr\">comme l\u2019explique Jeanne Daoust, experte beaut\u00e9 pour le site Superbelles.fr<\/a><\/span>. Avec ces recrues internationales, le club f\u00e9minin de L\u2019OL int\u00e9resse de plus en plus de sponsors et marques \u00e0 l\u2019international.<\/p>\n<p><span style=\"font-size: 14pt;\"><strong>L\u2019OL f\u00e9minin, une \u00e9quipe de championnes<\/strong><\/span><\/p>\n<p>Durant la saison de la Ligue des Champions d\u2019octobre 2020, l\u2019UEFA a r\u00e9compens\u00e9 le football f\u00e9minin pour la premi\u00e8re fois. Sur cinq prix d\u00e9cern\u00e9s, l\u2019OL f\u00e9minin en a d\u00e9croch\u00e9 4, dont meilleur entra\u00eeneur, meilleure gardienne, meilleure joueuse en d\u00e9fense, et au milieu de terrain. Wendie Renard a \u00e9t\u00e9 \u00e9lue meilleure joueuse d\u00e9fenseuse de la saison 2019\/2020, Sarah Bouhaddi remporte le prix de meilleure gardienne de l&rsquo;ann\u00e9e, Dzsenifer Marozsan a \u00e9t\u00e9 sacr\u00e9e meilleure milieu de terrain de l&rsquo;ann\u00e9e et Jean-Luc Vasseur, meilleur entra\u00eeneur.<\/p>\n<hr \/>\n<p>&nbsp;<\/p>\n","protected":false},"excerpt":{"rendered":"<p>La d\u00e9fenseuse espagnole de 25 ans a int\u00e9gr\u00e9 fin octobre, le club lyonnais pour un an. <\/p>\n","protected":false},"author":4,"featured_media":118005,"comment_status":"open","ping_status":"open","sticky":false,"template":"","format":"standard","meta":{"footnotes":""},"categories":[3421,1329,2996,1625,2],"tags":[],"class_list":["post-117998","post","type-post","status-publish","format-standard","has-post-thumbnail","hentry","category-feminin-actu-au","category-foot","category-football-rugby","category-lyon","category-sports"],"yoast_head":"<!-- This site is optimized with the Yoast SEO plugin v27.2 - https:\/\/yoast.com\/product\/yoast-seo-wordpress\/ -->\n<title>LYON | Football f\u00e9minin &gt; C\u00e9lia Jim\u00e9nez Delgado a rejoint l\u2019OL - News Est Lyonnais<\/title>\n<meta name=\"description\" content=\"LYON | Football f\u00e9minin &gt; C\u00e9lia Jim\u00e9nez Delgado a rejoint l\u2019Olympique Lyonnais\" \/>\n<meta name=\"robots\" content=\"index, follow, max-snippet:-1, max-image-preview:large, max-video-preview:-1\" \/>\n<link rel=\"canonical\" href=\"https:\/\/newsestlyonnais.fr\/site\/2020\/11\/20\/lyon-football-feminin-celia-jimenez-delgado-a-rejoint-lolympique-lyonnais\/\" \/>\n<meta property=\"og:locale\" content=\"fr_FR\" \/>\n<meta property=\"og:type\" content=\"article\" \/>\n<meta property=\"og:title\" content=\"LYON | Football f\u00e9minin &gt; C\u00e9lia Jim\u00e9nez Delgado a rejoint l\u2019OL - News Est Lyonnais\" \/>\n<meta property=\"og:description\" content=\"LYON | Football f\u00e9minin &gt; C\u00e9lia Jim\u00e9nez Delgado a rejoint l\u2019Olympique Lyonnais\" \/>\n<meta property=\"og:url\" content=\"https:\/\/newsestlyonnais.fr\/site\/2020\/11\/20\/lyon-football-feminin-celia-jimenez-delgado-a-rejoint-lolympique-lyonnais\/\" \/>\n<meta property=\"og:site_name\" content=\"News Est Lyonnais\" \/>\n<meta property=\"article:author\" content=\"https:\/\/www.facebook.com\/pascal.oberson.1?fref=ts\" \/>\n<meta property=\"article:published_time\" content=\"2020-11-20T06:56:54+00:00\" \/>\n<meta property=\"article:modified_time\" content=\"2020-11-27T14:14:47+00:00\" \/>\n<meta property=\"og:image\" content=\"https:\/\/i0.wp.com\/newsestlyonnais.fr\/site\/wp-content\/uploads\/2020\/11\/grass-2616911_960_720.jpg?fit=960%2C640&ssl=1\" \/>\n\t<meta property=\"og:image:width\" content=\"960\" \/>\n\t<meta property=\"og:image:height\" content=\"640\" \/>\n\t<meta property=\"og:image:type\" content=\"image\/jpeg\" \/>\n<meta name=\"author\" content=\"R\u00e9dac. NEWS\" \/>\n<meta name=\"twitter:card\" content=\"summary_large_image\" \/>\n<meta name=\"twitter:label1\" content=\"\u00c9crit par\" \/>\n\t<meta name=\"twitter:data1\" content=\"R\u00e9dac. NEWS\" \/>\n\t<meta name=\"twitter:label2\" content=\"Dur\u00e9e de lecture estim\u00e9e\" \/>\n\t<meta name=\"twitter:data2\" content=\"2 minutes\" \/>\n<script type=\"application\/ld+json\" class=\"yoast-schema-graph\">{\"@context\":\"https:\/\/schema.org\",\"@graph\":[{\"@type\":\"Article\",\"@id\":\"https:\/\/newsestlyonnais.fr\/site\/2020\/11\/20\/lyon-football-feminin-celia-jimenez-delgado-a-rejoint-lolympique-lyonnais\/#article\",\"isPartOf\":{\"@id\":\"https:\/\/newsestlyonnais.fr\/site\/2020\/11\/20\/lyon-football-feminin-celia-jimenez-delgado-a-rejoint-lolympique-lyonnais\/\"},\"author\":{\"name\":\"R\u00e9dac. NEWS\",\"@id\":\"https:\/\/newsestlyonnais.fr\/site\/#\/schema\/person\/3230d5615f390bb808365d673001e887\"},\"headline\":\"LYON | Football f\u00e9minin > C\u00e9lia Jim\u00e9nez Delgado a rejoint l\u2019OL\",\"datePublished\":\"2020-11-20T06:56:54+00:00\",\"dateModified\":\"2020-11-27T14:14:47+00:00\",\"mainEntityOfPage\":{\"@id\":\"https:\/\/newsestlyonnais.fr\/site\/2020\/11\/20\/lyon-football-feminin-celia-jimenez-delgado-a-rejoint-lolympique-lyonnais\/\"},\"wordCount\":447,\"commentCount\":0,\"publisher\":{\"@id\":\"https:\/\/newsestlyonnais.fr\/site\/#organization\"},\"image\":{\"@id\":\"https:\/\/newsestlyonnais.fr\/site\/2020\/11\/20\/lyon-football-feminin-celia-jimenez-delgado-a-rejoint-lolympique-lyonnais\/#primaryimage\"},\"thumbnailUrl\":\"https:\/\/newsestlyonnais.fr\/site\/wp-content\/uploads\/2020\/11\/grass-2616911_960_720.jpg\",\"articleSection\":[\"F\u00e9minin (Actu au)\",\"Foot | Futsal\",\"Foot | Rugby\",\"Lyon\",\"Sports\"],\"inLanguage\":\"fr-FR\",\"potentialAction\":[{\"@type\":\"CommentAction\",\"name\":\"Comment\",\"target\":[\"https:\/\/newsestlyonnais.fr\/site\/2020\/11\/20\/lyon-football-feminin-celia-jimenez-delgado-a-rejoint-lolympique-lyonnais\/#respond\"]}]},{\"@type\":\"WebPage\",\"@id\":\"https:\/\/newsestlyonnais.fr\/site\/2020\/11\/20\/lyon-football-feminin-celia-jimenez-delgado-a-rejoint-lolympique-lyonnais\/\",\"url\":\"https:\/\/newsestlyonnais.fr\/site\/2020\/11\/20\/lyon-football-feminin-celia-jimenez-delgado-a-rejoint-lolympique-lyonnais\/\",\"name\":\"LYON | Football f\u00e9minin > C\u00e9lia Jim\u00e9nez Delgado a rejoint l\u2019OL - News Est Lyonnais\",\"isPartOf\":{\"@id\":\"https:\/\/newsestlyonnais.fr\/site\/#website\"},\"primaryImageOfPage\":{\"@id\":\"https:\/\/newsestlyonnais.fr\/site\/2020\/11\/20\/lyon-football-feminin-celia-jimenez-delgado-a-rejoint-lolympique-lyonnais\/#primaryimage\"},\"image\":{\"@id\":\"https:\/\/newsestlyonnais.fr\/site\/2020\/11\/20\/lyon-football-feminin-celia-jimenez-delgado-a-rejoint-lolympique-lyonnais\/#primaryimage\"},\"thumbnailUrl\":\"https:\/\/newsestlyonnais.fr\/site\/wp-content\/uploads\/2020\/11\/grass-2616911_960_720.jpg\",\"datePublished\":\"2020-11-20T06:56:54+00:00\",\"dateModified\":\"2020-11-27T14:14:47+00:00\",\"description\":\"LYON | Football f\u00e9minin > C\u00e9lia Jim\u00e9nez Delgado a rejoint l\u2019Olympique Lyonnais\",\"breadcrumb\":{\"@id\":\"https:\/\/newsestlyonnais.fr\/site\/2020\/11\/20\/lyon-football-feminin-celia-jimenez-delgado-a-rejoint-lolympique-lyonnais\/#breadcrumb\"},\"inLanguage\":\"fr-FR\",\"potentialAction\":[{\"@type\":\"ReadAction\",\"target\":[\"https:\/\/newsestlyonnais.fr\/site\/2020\/11\/20\/lyon-football-feminin-celia-jimenez-delgado-a-rejoint-lolympique-lyonnais\/\"]}]},{\"@type\":\"ImageObject\",\"inLanguage\":\"fr-FR\",\"@id\":\"https:\/\/newsestlyonnais.fr\/site\/2020\/11\/20\/lyon-football-feminin-celia-jimenez-delgado-a-rejoint-lolympique-lyonnais\/#primaryimage\",\"url\":\"https:\/\/newsestlyonnais.fr\/site\/wp-content\/uploads\/2020\/11\/grass-2616911_960_720.jpg\",\"contentUrl\":\"https:\/\/newsestlyonnais.fr\/site\/wp-content\/uploads\/2020\/11\/grass-2616911_960_720.jpg\",\"width\":960,\"height\":640},{\"@type\":\"BreadcrumbList\",\"@id\":\"https:\/\/newsestlyonnais.fr\/site\/2020\/11\/20\/lyon-football-feminin-celia-jimenez-delgado-a-rejoint-lolympique-lyonnais\/#breadcrumb\",\"itemListElement\":[{\"@type\":\"ListItem\",\"position\":1,\"name\":\"Accueil\",\"item\":\"https:\/\/newsestlyonnais.fr\/site\/\"},{\"@type\":\"ListItem\",\"position\":2,\"name\":\"LYON | Football f\u00e9minin > C\u00e9lia Jim\u00e9nez Delgado a rejoint l\u2019OL\"}]},{\"@type\":\"WebSite\",\"@id\":\"https:\/\/newsestlyonnais.fr\/site\/#website\",\"url\":\"https:\/\/newsestlyonnais.fr\/site\/\",\"name\":\"News Est Lyonnais\",\"description\":\"L&#039;actualit\u00e9 au plus pr\u00e8s\",\"publisher\":{\"@id\":\"https:\/\/newsestlyonnais.fr\/site\/#organization\"},\"potentialAction\":[{\"@type\":\"SearchAction\",\"target\":{\"@type\":\"EntryPoint\",\"urlTemplate\":\"https:\/\/newsestlyonnais.fr\/site\/?s={search_term_string}\"},\"query-input\":{\"@type\":\"PropertyValueSpecification\",\"valueRequired\":true,\"valueName\":\"search_term_string\"}}],\"inLanguage\":\"fr-FR\"},{\"@type\":\"Organization\",\"@id\":\"https:\/\/newsestlyonnais.fr\/site\/#organization\",\"name\":\"News EST LYONNAIS\",\"url\":\"https:\/\/newsestlyonnais.fr\/site\/\",\"logo\":{\"@type\":\"ImageObject\",\"inLanguage\":\"fr-FR\",\"@id\":\"https:\/\/newsestlyonnais.fr\/site\/#\/schema\/logo\/image\/\",\"url\":\"\",\"contentUrl\":\"\",\"caption\":\"News EST LYONNAIS\"},\"image\":{\"@id\":\"https:\/\/newsestlyonnais.fr\/site\/#\/schema\/logo\/image\/\"}},{\"@type\":\"Person\",\"@id\":\"https:\/\/newsestlyonnais.fr\/site\/#\/schema\/person\/3230d5615f390bb808365d673001e887\",\"name\":\"R\u00e9dac. NEWS\",\"sameAs\":[\"http:\/\/www.newsestlyonnais.fr\",\"https:\/\/www.facebook.com\/pascal.oberson.1?fref=ts\",\"https:\/\/fr.linkedin.com\/in\/pascal-oberson-b17045113\"],\"url\":\"https:\/\/newsestlyonnais.fr\/site\/author\/nel\/\"}]}<\/script>\n<!-- \/ Yoast SEO plugin. -->","yoast_head_json":{"title":"LYON | Football f\u00e9minin > C\u00e9lia Jim\u00e9nez Delgado a rejoint l\u2019OL - News Est Lyonnais","description":"LYON | Football f\u00e9minin > C\u00e9lia Jim\u00e9nez Delgado a rejoint l\u2019Olympique Lyonnais","robots":{"index":"index","follow":"follow","max-snippet":"max-snippet:-1","max-image-preview":"max-image-preview:large","max-video-preview":"max-video-preview:-1"},"canonical":"https:\/\/newsestlyonnais.fr\/site\/2020\/11\/20\/lyon-football-feminin-celia-jimenez-delgado-a-rejoint-lolympique-lyonnais\/","og_locale":"fr_FR","og_type":"article","og_title":"LYON | Football f\u00e9minin > C\u00e9lia Jim\u00e9nez Delgado a rejoint l\u2019OL - News Est Lyonnais","og_description":"LYON | Football f\u00e9minin > C\u00e9lia Jim\u00e9nez Delgado a rejoint l\u2019Olympique Lyonnais","og_url":"https:\/\/newsestlyonnais.fr\/site\/2020\/11\/20\/lyon-football-feminin-celia-jimenez-delgado-a-rejoint-lolympique-lyonnais\/","og_site_name":"News Est Lyonnais","article_author":"https:\/\/www.facebook.com\/pascal.oberson.1?fref=ts","article_published_time":"2020-11-20T06:56:54+00:00","article_modified_time":"2020-11-27T14:14:47+00:00","og_image":[{"width":960,"height":640,"url":"https:\/\/i0.wp.com\/newsestlyonnais.fr\/site\/wp-content\/uploads\/2020\/11\/grass-2616911_960_720.jpg?fit=960%2C640&ssl=1","type":"image\/jpeg"}],"author":"R\u00e9dac. NEWS","twitter_card":"summary_large_image","twitter_misc":{"\u00c9crit par":"R\u00e9dac. NEWS","Dur\u00e9e de lecture estim\u00e9e":"2 minutes"},"schema":{"@context":"https:\/\/schema.org","@graph":[{"@type":"Article","@id":"https:\/\/newsestlyonnais.fr\/site\/2020\/11\/20\/lyon-football-feminin-celia-jimenez-delgado-a-rejoint-lolympique-lyonnais\/#article","isPartOf":{"@id":"https:\/\/newsestlyonnais.fr\/site\/2020\/11\/20\/lyon-football-feminin-celia-jimenez-delgado-a-rejoint-lolympique-lyonnais\/"},"author":{"name":"R\u00e9dac. NEWS","@id":"https:\/\/newsestlyonnais.fr\/site\/#\/schema\/person\/3230d5615f390bb808365d673001e887"},"headline":"LYON | Football f\u00e9minin > C\u00e9lia Jim\u00e9nez Delgado a rejoint l\u2019OL","datePublished":"2020-11-20T06:56:54+00:00","dateModified":"2020-11-27T14:14:47+00:00","mainEntityOfPage":{"@id":"https:\/\/newsestlyonnais.fr\/site\/2020\/11\/20\/lyon-football-feminin-celia-jimenez-delgado-a-rejoint-lolympique-lyonnais\/"},"wordCount":447,"commentCount":0,"publisher":{"@id":"https:\/\/newsestlyonnais.fr\/site\/#organization"},"image":{"@id":"https:\/\/newsestlyonnais.fr\/site\/2020\/11\/20\/lyon-football-feminin-celia-jimenez-delgado-a-rejoint-lolympique-lyonnais\/#primaryimage"},"thumbnailUrl":"https:\/\/newsestlyonnais.fr\/site\/wp-content\/uploads\/2020\/11\/grass-2616911_960_720.jpg","articleSection":["F\u00e9minin (Actu au)","Foot | Futsal","Foot | Rugby","Lyon","Sports"],"inLanguage":"fr-FR","potentialAction":[{"@type":"CommentAction","name":"Comment","target":["https:\/\/newsestlyonnais.fr\/site\/2020\/11\/20\/lyon-football-feminin-celia-jimenez-delgado-a-rejoint-lolympique-lyonnais\/#respond"]}]},{"@type":"WebPage","@id":"https:\/\/newsestlyonnais.fr\/site\/2020\/11\/20\/lyon-football-feminin-celia-jimenez-delgado-a-rejoint-lolympique-lyonnais\/","url":"https:\/\/newsestlyonnais.fr\/site\/2020\/11\/20\/lyon-football-feminin-celia-jimenez-delgado-a-rejoint-lolympique-lyonnais\/","name":"LYON | Football f\u00e9minin > C\u00e9lia Jim\u00e9nez Delgado a rejoint l\u2019OL - News Est Lyonnais","isPartOf":{"@id":"https:\/\/newsestlyonnais.fr\/site\/#website"},"primaryImageOfPage":{"@id":"https:\/\/newsestlyonnais.fr\/site\/2020\/11\/20\/lyon-football-feminin-celia-jimenez-delgado-a-rejoint-lolympique-lyonnais\/#primaryimage"},"image":{"@id":"https:\/\/newsestlyonnais.fr\/site\/2020\/11\/20\/lyon-football-feminin-celia-jimenez-delgado-a-rejoint-lolympique-lyonnais\/#primaryimage"},"thumbnailUrl":"https:\/\/newsestlyonnais.fr\/site\/wp-content\/uploads\/2020\/11\/grass-2616911_960_720.jpg","datePublished":"2020-11-20T06:56:54+00:00","dateModified":"2020-11-27T14:14:47+00:00","description":"LYON | Football f\u00e9minin > C\u00e9lia Jim\u00e9nez Delgado a rejoint l\u2019Olympique Lyonnais","breadcrumb":{"@id":"https:\/\/newsestlyonnais.fr\/site\/2020\/11\/20\/lyon-football-feminin-celia-jimenez-delgado-a-rejoint-lolympique-lyonnais\/#breadcrumb"},"inLanguage":"fr-FR","potentialAction":[{"@type":"ReadAction","target":["https:\/\/newsestlyonnais.fr\/site\/2020\/11\/20\/lyon-football-feminin-celia-jimenez-delgado-a-rejoint-lolympique-lyonnais\/"]}]},{"@type":"ImageObject","inLanguage":"fr-FR","@id":"https:\/\/newsestlyonnais.fr\/site\/2020\/11\/20\/lyon-football-feminin-celia-jimenez-delgado-a-rejoint-lolympique-lyonnais\/#primaryimage","url":"https:\/\/newsestlyonnais.fr\/site\/wp-content\/uploads\/2020\/11\/grass-2616911_960_720.jpg","contentUrl":"https:\/\/newsestlyonnais.fr\/site\/wp-content\/uploads\/2020\/11\/grass-2616911_960_720.jpg","width":960,"height":640},{"@type":"BreadcrumbList","@id":"https:\/\/newsestlyonnais.fr\/site\/2020\/11\/20\/lyon-football-feminin-celia-jimenez-delgado-a-rejoint-lolympique-lyonnais\/#breadcrumb","itemListElement":[{"@type":"ListItem","position":1,"name":"Accueil","item":"https:\/\/newsestlyonnais.fr\/site\/"},{"@type":"ListItem","position":2,"name":"LYON | Football f\u00e9minin > C\u00e9lia Jim\u00e9nez Delgado a rejoint l\u2019OL"}]},{"@type":"WebSite","@id":"https:\/\/newsestlyonnais.fr\/site\/#website","url":"https:\/\/newsestlyonnais.fr\/site\/","name":"News Est Lyonnais","description":"L&#039;actualit\u00e9 au plus pr\u00e8s","publisher":{"@id":"https:\/\/newsestlyonnais.fr\/site\/#organization"},"potentialAction":[{"@type":"SearchAction","target":{"@type":"EntryPoint","urlTemplate":"https:\/\/newsestlyonnais.fr\/site\/?s={search_term_string}"},"query-input":{"@type":"PropertyValueSpecification","valueRequired":true,"valueName":"search_term_string"}}],"inLanguage":"fr-FR"},{"@type":"Organization","@id":"https:\/\/newsestlyonnais.fr\/site\/#organization","name":"News EST LYONNAIS","url":"https:\/\/newsestlyonnais.fr\/site\/","logo":{"@type":"ImageObject","inLanguage":"fr-FR","@id":"https:\/\/newsestlyonnais.fr\/site\/#\/schema\/logo\/image\/","url":"","contentUrl":"","caption":"News EST LYONNAIS"},"image":{"@id":"https:\/\/newsestlyonnais.fr\/site\/#\/schema\/logo\/image\/"}},{"@type":"Person","@id":"https:\/\/newsestlyonnais.fr\/site\/#\/schema\/person\/3230d5615f390bb808365d673001e887","name":"R\u00e9dac. NEWS","sameAs":["http:\/\/www.newsestlyonnais.fr","https:\/\/www.facebook.com\/pascal.oberson.1?fref=ts","https:\/\/fr.linkedin.com\/in\/pascal-oberson-b17045113"],"url":"https:\/\/newsestlyonnais.fr\/site\/author\/nel\/"}]}},"_links":{"self":[{"href":"https:\/\/newsestlyonnais.fr\/site\/wp-json\/wp\/v2\/posts\/117998","targetHints":{"allow":["GET"]}}],"collection":[{"href":"https:\/\/newsestlyonnais.fr\/site\/wp-json\/wp\/v2\/posts"}],"about":[{"href":"https:\/\/newsestlyonnais.fr\/site\/wp-json\/wp\/v2\/types\/post"}],"author":[{"embeddable":true,"href":"https:\/\/newsestlyonnais.fr\/site\/wp-json\/wp\/v2\/users\/4"}],"replies":[{"embeddable":true,"href":"https:\/\/newsestlyonnais.fr\/site\/wp-json\/wp\/v2\/comments?post=117998"}],"version-history":[{"count":0,"href":"https:\/\/newsestlyonnais.fr\/site\/wp-json\/wp\/v2\/posts\/117998\/revisions"}],"wp:featuredmedia":[{"embeddable":true,"href":"https:\/\/newsestlyonnais.fr\/site\/wp-json\/wp\/v2\/media\/118005"}],"wp:attachment":[{"href":"https:\/\/newsestlyonnais.fr\/site\/wp-json\/wp\/v2\/media?parent=117998"}],"wp:term":[{"taxonomy":"category","embeddable":true,"href":"https:\/\/newsestlyonnais.fr\/site\/wp-json\/wp\/v2\/categories?post=117998"},{"taxonomy":"post_tag","embeddable":true,"href":"https:\/\/newsestlyonnais.fr\/site\/wp-json\/wp\/v2\/tags?post=117998"}],"curies":[{"name":"wp","href":"https:\/\/api.w.org\/{rel}","templated":true}]}}