{"id":118050,"date":"2020-11-19T05:19:20","date_gmt":"2020-11-19T04:19:20","guid":{"rendered":"http:\/\/newsestlyonnais.fr\/site\/?p=118050"},"modified":"2020-11-22T07:53:50","modified_gmt":"2020-11-22T06:53:50","slug":"villeurbanne-good-friday-consommer-autrement-aux-gratte-ciel-du-23-au-28-novembre","status":"publish","type":"post","link":"https:\/\/newsestlyonnais.fr\/site\/2020\/11\/19\/villeurbanne-good-friday-consommer-autrement-aux-gratte-ciel-du-23-au-28-novembre\/","title":{"rendered":"VILLEURBANNE | Good Friday > consommer autrement aux Gratte-Ciel du 23 au 28 novembre"},"content":{"rendered":"<p><strong><em>Le Good Friday, c\u2019est l&rsquo;\u00e9v\u00e9nement qui r\u00e9concilie le Green Friday et le Black Friday.<\/em><\/strong><\/p>\n<p>Tout ce qu\u2019il faut aux Gratte-Ciel pour consommer autrement, <strong>voici le programme en 3 \u00e9tapes<\/strong> : <strong>REPARER &#8211; DONNER &#8211; ACHETER<\/strong><\/p>\n<p>1- <strong>REPARER<\/strong> : et si on r\u00e9parait avant de jeter ? <strong>Du lundi 23 au samedi 28 novembre<\/strong>. D\u00e9couvrez les r\u00e9par&rsquo;acteurs des Gratte-Ciel .<\/p>\n<p>2- <strong>DONNER<\/strong> : Vous ne l&rsquo;utilisez plus ? Donnez-le ! <strong>Du mercredi 25 au vendredi 27 novembre<\/strong>. Place aux collectes de jouets, livres et v\u00eatements&#8230;<\/p>\n<p>3- <strong>ACHETER <\/strong>: Les promos sont aussi en bas de chez vous ! <strong>Du lundi 23 au samedi 28 novembre<\/strong>. Soutenez vos commerces de proximit\u00e9 et profitez du Black Friday en mode local.<\/p>\n<hr \/>\n<ul>\n<li><strong><em>Plus d&rsquo;infos sur : <span style=\"color: #0000ff;\"><a style=\"color: #0000ff;\" href=\"http:\/\/www.destinationgratteciel.com\">http:\/\/www.destinationgratteciel.com<\/a>\u00a0<\/span><\/em><\/strong><\/li>\n<\/ul>\n","protected":false},"excerpt":{"rendered":"<p>Destination Gratte-Ciel est une structure de gestion et de promotion du centre-ville de Villeurbanne constitu\u00e9e de partenaires institutionnels et priv\u00e9s. <\/p>\n","protected":false},"author":4,"featured_media":118051,"comment_status":"open","ping_status":"open","sticky":false,"template":"","format":"standard","meta":{"footnotes":""},"categories":[2970,2217,29],"tags":[],"class_list":["post-118050","post","type-post","status-publish","format-standard","has-post-thumbnail","hentry","category-artisans-commerces-economie","category-breves-de-lest-lyonnais","category-villeurbanne"],"yoast_head":"<!-- This site is optimized with the Yoast SEO plugin v27.2 - https:\/\/yoast.com\/product\/yoast-seo-wordpress\/ -->\n<title>VILLEURBANNE | Good Friday &gt; consommer autrement aux Gratte-Ciel du 23 au 28 novembre - News Est Lyonnais<\/title>\n<meta name=\"description\" content=\"VILLEURBANNE | Good Friday &gt; consommer autrement aux Gratte-Ciel du 23 au 28 novembre\" \/>\n<meta name=\"robots\" content=\"index, follow, max-snippet:-1, max-image-preview:large, max-video-preview:-1\" \/>\n<link rel=\"canonical\" href=\"https:\/\/newsestlyonnais.fr\/site\/2020\/11\/19\/villeurbanne-good-friday-consommer-autrement-aux-gratte-ciel-du-23-au-28-novembre\/\" \/>\n<meta property=\"og:locale\" content=\"fr_FR\" \/>\n<meta property=\"og:type\" content=\"article\" \/>\n<meta property=\"og:title\" content=\"VILLEURBANNE | Good Friday &gt; consommer autrement aux Gratte-Ciel du 23 au 28 novembre - News Est Lyonnais\" \/>\n<meta property=\"og:description\" content=\"VILLEURBANNE | Good Friday &gt; consommer autrement aux Gratte-Ciel du 23 au 28 novembre\" \/>\n<meta property=\"og:url\" content=\"https:\/\/newsestlyonnais.fr\/site\/2020\/11\/19\/villeurbanne-good-friday-consommer-autrement-aux-gratte-ciel-du-23-au-28-novembre\/\" \/>\n<meta property=\"og:site_name\" content=\"News Est Lyonnais\" \/>\n<meta property=\"article:author\" content=\"https:\/\/www.facebook.com\/pascal.oberson.1?fref=ts\" \/>\n<meta property=\"article:published_time\" content=\"2020-11-19T04:19:20+00:00\" \/>\n<meta property=\"article:modified_time\" content=\"2020-11-22T06:53:50+00:00\" \/>\n<meta property=\"og:image\" content=\"https:\/\/i1.wp.com\/newsestlyonnais.fr\/site\/wp-content\/uploads\/2020\/11\/NEWSESTLYONNAIS-GOOD-FRIDAY.jpg?fit=960%2C365&ssl=1\" \/>\n\t<meta property=\"og:image:width\" content=\"960\" \/>\n\t<meta property=\"og:image:height\" content=\"365\" \/>\n\t<meta property=\"og:image:type\" content=\"image\/jpeg\" \/>\n<meta name=\"author\" content=\"R\u00e9dac. NEWS\" \/>\n<meta name=\"twitter:card\" content=\"summary_large_image\" \/>\n<meta name=\"twitter:label1\" content=\"\u00c9crit par\" \/>\n\t<meta name=\"twitter:data1\" content=\"R\u00e9dac. NEWS\" \/>\n\t<meta name=\"twitter:label2\" content=\"Dur\u00e9e de lecture estim\u00e9e\" \/>\n\t<meta name=\"twitter:data2\" content=\"1 minute\" \/>\n<script type=\"application\/ld+json\" class=\"yoast-schema-graph\">{\"@context\":\"https:\/\/schema.org\",\"@graph\":[{\"@type\":\"Article\",\"@id\":\"https:\/\/newsestlyonnais.fr\/site\/2020\/11\/19\/villeurbanne-good-friday-consommer-autrement-aux-gratte-ciel-du-23-au-28-novembre\/#article\",\"isPartOf\":{\"@id\":\"https:\/\/newsestlyonnais.fr\/site\/2020\/11\/19\/villeurbanne-good-friday-consommer-autrement-aux-gratte-ciel-du-23-au-28-novembre\/\"},\"author\":{\"name\":\"R\u00e9dac. NEWS\",\"@id\":\"https:\/\/newsestlyonnais.fr\/site\/#\/schema\/person\/3230d5615f390bb808365d673001e887\"},\"headline\":\"VILLEURBANNE | Good Friday > consommer autrement aux Gratte-Ciel du 23 au 28 novembre\",\"datePublished\":\"2020-11-19T04:19:20+00:00\",\"dateModified\":\"2020-11-22T06:53:50+00:00\",\"mainEntityOfPage\":{\"@id\":\"https:\/\/newsestlyonnais.fr\/site\/2020\/11\/19\/villeurbanne-good-friday-consommer-autrement-aux-gratte-ciel-du-23-au-28-novembre\/\"},\"wordCount\":130,\"commentCount\":0,\"publisher\":{\"@id\":\"https:\/\/newsestlyonnais.fr\/site\/#organization\"},\"image\":{\"@id\":\"https:\/\/newsestlyonnais.fr\/site\/2020\/11\/19\/villeurbanne-good-friday-consommer-autrement-aux-gratte-ciel-du-23-au-28-novembre\/#primaryimage\"},\"thumbnailUrl\":\"https:\/\/newsestlyonnais.fr\/site\/wp-content\/uploads\/2020\/11\/NEWSESTLYONNAIS-GOOD-FRIDAY.jpg\",\"articleSection\":[\"Artisans | Commerces\",\"Br\u00e8ves de l'Est lyonnais\",\"Villeurbanne\"],\"inLanguage\":\"fr-FR\",\"potentialAction\":[{\"@type\":\"CommentAction\",\"name\":\"Comment\",\"target\":[\"https:\/\/newsestlyonnais.fr\/site\/2020\/11\/19\/villeurbanne-good-friday-consommer-autrement-aux-gratte-ciel-du-23-au-28-novembre\/#respond\"]}]},{\"@type\":\"WebPage\",\"@id\":\"https:\/\/newsestlyonnais.fr\/site\/2020\/11\/19\/villeurbanne-good-friday-consommer-autrement-aux-gratte-ciel-du-23-au-28-novembre\/\",\"url\":\"https:\/\/newsestlyonnais.fr\/site\/2020\/11\/19\/villeurbanne-good-friday-consommer-autrement-aux-gratte-ciel-du-23-au-28-novembre\/\",\"name\":\"VILLEURBANNE | Good Friday > consommer autrement aux Gratte-Ciel du 23 au 28 novembre - News Est Lyonnais\",\"isPartOf\":{\"@id\":\"https:\/\/newsestlyonnais.fr\/site\/#website\"},\"primaryImageOfPage\":{\"@id\":\"https:\/\/newsestlyonnais.fr\/site\/2020\/11\/19\/villeurbanne-good-friday-consommer-autrement-aux-gratte-ciel-du-23-au-28-novembre\/#primaryimage\"},\"image\":{\"@id\":\"https:\/\/newsestlyonnais.fr\/site\/2020\/11\/19\/villeurbanne-good-friday-consommer-autrement-aux-gratte-ciel-du-23-au-28-novembre\/#primaryimage\"},\"thumbnailUrl\":\"https:\/\/newsestlyonnais.fr\/site\/wp-content\/uploads\/2020\/11\/NEWSESTLYONNAIS-GOOD-FRIDAY.jpg\",\"datePublished\":\"2020-11-19T04:19:20+00:00\",\"dateModified\":\"2020-11-22T06:53:50+00:00\",\"description\":\"VILLEURBANNE | Good Friday > consommer autrement aux Gratte-Ciel du 23 au 28 novembre\",\"breadcrumb\":{\"@id\":\"https:\/\/newsestlyonnais.fr\/site\/2020\/11\/19\/villeurbanne-good-friday-consommer-autrement-aux-gratte-ciel-du-23-au-28-novembre\/#breadcrumb\"},\"inLanguage\":\"fr-FR\",\"potentialAction\":[{\"@type\":\"ReadAction\",\"target\":[\"https:\/\/newsestlyonnais.fr\/site\/2020\/11\/19\/villeurbanne-good-friday-consommer-autrement-aux-gratte-ciel-du-23-au-28-novembre\/\"]}]},{\"@type\":\"ImageObject\",\"inLanguage\":\"fr-FR\",\"@id\":\"https:\/\/newsestlyonnais.fr\/site\/2020\/11\/19\/villeurbanne-good-friday-consommer-autrement-aux-gratte-ciel-du-23-au-28-novembre\/#primaryimage\",\"url\":\"https:\/\/newsestlyonnais.fr\/site\/wp-content\/uploads\/2020\/11\/NEWSESTLYONNAIS-GOOD-FRIDAY.jpg\",\"contentUrl\":\"https:\/\/newsestlyonnais.fr\/site\/wp-content\/uploads\/2020\/11\/NEWSESTLYONNAIS-GOOD-FRIDAY.jpg\",\"width\":960,\"height\":365},{\"@type\":\"BreadcrumbList\",\"@id\":\"https:\/\/newsestlyonnais.fr\/site\/2020\/11\/19\/villeurbanne-good-friday-consommer-autrement-aux-gratte-ciel-du-23-au-28-novembre\/#breadcrumb\",\"itemListElement\":[{\"@type\":\"ListItem\",\"position\":1,\"name\":\"Accueil\",\"item\":\"https:\/\/newsestlyonnais.fr\/site\/\"},{\"@type\":\"ListItem\",\"position\":2,\"name\":\"VILLEURBANNE | Good Friday > consommer autrement aux Gratte-Ciel du 23 au 28 novembre\"}]},{\"@type\":\"WebSite\",\"@id\":\"https:\/\/newsestlyonnais.fr\/site\/#website\",\"url\":\"https:\/\/newsestlyonnais.fr\/site\/\",\"name\":\"News Est Lyonnais\",\"description\":\"L&#039;actualit\u00e9 au plus pr\u00e8s\",\"publisher\":{\"@id\":\"https:\/\/newsestlyonnais.fr\/site\/#organization\"},\"potentialAction\":[{\"@type\":\"SearchAction\",\"target\":{\"@type\":\"EntryPoint\",\"urlTemplate\":\"https:\/\/newsestlyonnais.fr\/site\/?s={search_term_string}\"},\"query-input\":{\"@type\":\"PropertyValueSpecification\",\"valueRequired\":true,\"valueName\":\"search_term_string\"}}],\"inLanguage\":\"fr-FR\"},{\"@type\":\"Organization\",\"@id\":\"https:\/\/newsestlyonnais.fr\/site\/#organization\",\"name\":\"News EST LYONNAIS\",\"url\":\"https:\/\/newsestlyonnais.fr\/site\/\",\"logo\":{\"@type\":\"ImageObject\",\"inLanguage\":\"fr-FR\",\"@id\":\"https:\/\/newsestlyonnais.fr\/site\/#\/schema\/logo\/image\/\",\"url\":\"\",\"contentUrl\":\"\",\"caption\":\"News EST LYONNAIS\"},\"image\":{\"@id\":\"https:\/\/newsestlyonnais.fr\/site\/#\/schema\/logo\/image\/\"}},{\"@type\":\"Person\",\"@id\":\"https:\/\/newsestlyonnais.fr\/site\/#\/schema\/person\/3230d5615f390bb808365d673001e887\",\"name\":\"R\u00e9dac. NEWS\",\"sameAs\":[\"http:\/\/www.newsestlyonnais.fr\",\"https:\/\/www.facebook.com\/pascal.oberson.1?fref=ts\",\"https:\/\/fr.linkedin.com\/in\/pascal-oberson-b17045113\"],\"url\":\"https:\/\/newsestlyonnais.fr\/site\/author\/nel\/\"}]}<\/script>\n<!-- \/ Yoast SEO plugin. -->","yoast_head_json":{"title":"VILLEURBANNE | Good Friday > consommer autrement aux Gratte-Ciel du 23 au 28 novembre - News Est Lyonnais","description":"VILLEURBANNE | Good Friday > consommer autrement aux Gratte-Ciel du 23 au 28 novembre","robots":{"index":"index","follow":"follow","max-snippet":"max-snippet:-1","max-image-preview":"max-image-preview:large","max-video-preview":"max-video-preview:-1"},"canonical":"https:\/\/newsestlyonnais.fr\/site\/2020\/11\/19\/villeurbanne-good-friday-consommer-autrement-aux-gratte-ciel-du-23-au-28-novembre\/","og_locale":"fr_FR","og_type":"article","og_title":"VILLEURBANNE | Good Friday > consommer autrement aux Gratte-Ciel du 23 au 28 novembre - News Est Lyonnais","og_description":"VILLEURBANNE | Good Friday > consommer autrement aux Gratte-Ciel du 23 au 28 novembre","og_url":"https:\/\/newsestlyonnais.fr\/site\/2020\/11\/19\/villeurbanne-good-friday-consommer-autrement-aux-gratte-ciel-du-23-au-28-novembre\/","og_site_name":"News Est Lyonnais","article_author":"https:\/\/www.facebook.com\/pascal.oberson.1?fref=ts","article_published_time":"2020-11-19T04:19:20+00:00","article_modified_time":"2020-11-22T06:53:50+00:00","og_image":[{"width":960,"height":365,"url":"https:\/\/i1.wp.com\/newsestlyonnais.fr\/site\/wp-content\/uploads\/2020\/11\/NEWSESTLYONNAIS-GOOD-FRIDAY.jpg?fit=960%2C365&ssl=1","type":"image\/jpeg"}],"author":"R\u00e9dac. NEWS","twitter_card":"summary_large_image","twitter_misc":{"\u00c9crit par":"R\u00e9dac. NEWS","Dur\u00e9e de lecture estim\u00e9e":"1 minute"},"schema":{"@context":"https:\/\/schema.org","@graph":[{"@type":"Article","@id":"https:\/\/newsestlyonnais.fr\/site\/2020\/11\/19\/villeurbanne-good-friday-consommer-autrement-aux-gratte-ciel-du-23-au-28-novembre\/#article","isPartOf":{"@id":"https:\/\/newsestlyonnais.fr\/site\/2020\/11\/19\/villeurbanne-good-friday-consommer-autrement-aux-gratte-ciel-du-23-au-28-novembre\/"},"author":{"name":"R\u00e9dac. NEWS","@id":"https:\/\/newsestlyonnais.fr\/site\/#\/schema\/person\/3230d5615f390bb808365d673001e887"},"headline":"VILLEURBANNE | Good Friday > consommer autrement aux Gratte-Ciel du 23 au 28 novembre","datePublished":"2020-11-19T04:19:20+00:00","dateModified":"2020-11-22T06:53:50+00:00","mainEntityOfPage":{"@id":"https:\/\/newsestlyonnais.fr\/site\/2020\/11\/19\/villeurbanne-good-friday-consommer-autrement-aux-gratte-ciel-du-23-au-28-novembre\/"},"wordCount":130,"commentCount":0,"publisher":{"@id":"https:\/\/newsestlyonnais.fr\/site\/#organization"},"image":{"@id":"https:\/\/newsestlyonnais.fr\/site\/2020\/11\/19\/villeurbanne-good-friday-consommer-autrement-aux-gratte-ciel-du-23-au-28-novembre\/#primaryimage"},"thumbnailUrl":"https:\/\/newsestlyonnais.fr\/site\/wp-content\/uploads\/2020\/11\/NEWSESTLYONNAIS-GOOD-FRIDAY.jpg","articleSection":["Artisans | Commerces","Br\u00e8ves de l'Est lyonnais","Villeurbanne"],"inLanguage":"fr-FR","potentialAction":[{"@type":"CommentAction","name":"Comment","target":["https:\/\/newsestlyonnais.fr\/site\/2020\/11\/19\/villeurbanne-good-friday-consommer-autrement-aux-gratte-ciel-du-23-au-28-novembre\/#respond"]}]},{"@type":"WebPage","@id":"https:\/\/newsestlyonnais.fr\/site\/2020\/11\/19\/villeurbanne-good-friday-consommer-autrement-aux-gratte-ciel-du-23-au-28-novembre\/","url":"https:\/\/newsestlyonnais.fr\/site\/2020\/11\/19\/villeurbanne-good-friday-consommer-autrement-aux-gratte-ciel-du-23-au-28-novembre\/","name":"VILLEURBANNE | Good Friday > consommer autrement aux Gratte-Ciel du 23 au 28 novembre - News Est Lyonnais","isPartOf":{"@id":"https:\/\/newsestlyonnais.fr\/site\/#website"},"primaryImageOfPage":{"@id":"https:\/\/newsestlyonnais.fr\/site\/2020\/11\/19\/villeurbanne-good-friday-consommer-autrement-aux-gratte-ciel-du-23-au-28-novembre\/#primaryimage"},"image":{"@id":"https:\/\/newsestlyonnais.fr\/site\/2020\/11\/19\/villeurbanne-good-friday-consommer-autrement-aux-gratte-ciel-du-23-au-28-novembre\/#primaryimage"},"thumbnailUrl":"https:\/\/newsestlyonnais.fr\/site\/wp-content\/uploads\/2020\/11\/NEWSESTLYONNAIS-GOOD-FRIDAY.jpg","datePublished":"2020-11-19T04:19:20+00:00","dateModified":"2020-11-22T06:53:50+00:00","description":"VILLEURBANNE | Good Friday > consommer autrement aux Gratte-Ciel du 23 au 28 novembre","breadcrumb":{"@id":"https:\/\/newsestlyonnais.fr\/site\/2020\/11\/19\/villeurbanne-good-friday-consommer-autrement-aux-gratte-ciel-du-23-au-28-novembre\/#breadcrumb"},"inLanguage":"fr-FR","potentialAction":[{"@type":"ReadAction","target":["https:\/\/newsestlyonnais.fr\/site\/2020\/11\/19\/villeurbanne-good-friday-consommer-autrement-aux-gratte-ciel-du-23-au-28-novembre\/"]}]},{"@type":"ImageObject","inLanguage":"fr-FR","@id":"https:\/\/newsestlyonnais.fr\/site\/2020\/11\/19\/villeurbanne-good-friday-consommer-autrement-aux-gratte-ciel-du-23-au-28-novembre\/#primaryimage","url":"https:\/\/newsestlyonnais.fr\/site\/wp-content\/uploads\/2020\/11\/NEWSESTLYONNAIS-GOOD-FRIDAY.jpg","contentUrl":"https:\/\/newsestlyonnais.fr\/site\/wp-content\/uploads\/2020\/11\/NEWSESTLYONNAIS-GOOD-FRIDAY.jpg","width":960,"height":365},{"@type":"BreadcrumbList","@id":"https:\/\/newsestlyonnais.fr\/site\/2020\/11\/19\/villeurbanne-good-friday-consommer-autrement-aux-gratte-ciel-du-23-au-28-novembre\/#breadcrumb","itemListElement":[{"@type":"ListItem","position":1,"name":"Accueil","item":"https:\/\/newsestlyonnais.fr\/site\/"},{"@type":"ListItem","position":2,"name":"VILLEURBANNE | Good Friday > consommer autrement aux Gratte-Ciel du 23 au 28 novembre"}]},{"@type":"WebSite","@id":"https:\/\/newsestlyonnais.fr\/site\/#website","url":"https:\/\/newsestlyonnais.fr\/site\/","name":"News Est Lyonnais","description":"L&#039;actualit\u00e9 au plus pr\u00e8s","publisher":{"@id":"https:\/\/newsestlyonnais.fr\/site\/#organization"},"potentialAction":[{"@type":"SearchAction","target":{"@type":"EntryPoint","urlTemplate":"https:\/\/newsestlyonnais.fr\/site\/?s={search_term_string}"},"query-input":{"@type":"PropertyValueSpecification","valueRequired":true,"valueName":"search_term_string"}}],"inLanguage":"fr-FR"},{"@type":"Organization","@id":"https:\/\/newsestlyonnais.fr\/site\/#organization","name":"News EST LYONNAIS","url":"https:\/\/newsestlyonnais.fr\/site\/","logo":{"@type":"ImageObject","inLanguage":"fr-FR","@id":"https:\/\/newsestlyonnais.fr\/site\/#\/schema\/logo\/image\/","url":"","contentUrl":"","caption":"News EST LYONNAIS"},"image":{"@id":"https:\/\/newsestlyonnais.fr\/site\/#\/schema\/logo\/image\/"}},{"@type":"Person","@id":"https:\/\/newsestlyonnais.fr\/site\/#\/schema\/person\/3230d5615f390bb808365d673001e887","name":"R\u00e9dac. NEWS","sameAs":["http:\/\/www.newsestlyonnais.fr","https:\/\/www.facebook.com\/pascal.oberson.1?fref=ts","https:\/\/fr.linkedin.com\/in\/pascal-oberson-b17045113"],"url":"https:\/\/newsestlyonnais.fr\/site\/author\/nel\/"}]}},"_links":{"self":[{"href":"https:\/\/newsestlyonnais.fr\/site\/wp-json\/wp\/v2\/posts\/118050","targetHints":{"allow":["GET"]}}],"collection":[{"href":"https:\/\/newsestlyonnais.fr\/site\/wp-json\/wp\/v2\/posts"}],"about":[{"href":"https:\/\/newsestlyonnais.fr\/site\/wp-json\/wp\/v2\/types\/post"}],"author":[{"embeddable":true,"href":"https:\/\/newsestlyonnais.fr\/site\/wp-json\/wp\/v2\/users\/4"}],"replies":[{"embeddable":true,"href":"https:\/\/newsestlyonnais.fr\/site\/wp-json\/wp\/v2\/comments?post=118050"}],"version-history":[{"count":0,"href":"https:\/\/newsestlyonnais.fr\/site\/wp-json\/wp\/v2\/posts\/118050\/revisions"}],"wp:featuredmedia":[{"embeddable":true,"href":"https:\/\/newsestlyonnais.fr\/site\/wp-json\/wp\/v2\/media\/118051"}],"wp:attachment":[{"href":"https:\/\/newsestlyonnais.fr\/site\/wp-json\/wp\/v2\/media?parent=118050"}],"wp:term":[{"taxonomy":"category","embeddable":true,"href":"https:\/\/newsestlyonnais.fr\/site\/wp-json\/wp\/v2\/categories?post=118050"},{"taxonomy":"post_tag","embeddable":true,"href":"https:\/\/newsestlyonnais.fr\/site\/wp-json\/wp\/v2\/tags?post=118050"}],"curies":[{"name":"wp","href":"https:\/\/api.w.org\/{rel}","templated":true}]}}