{"id":118058,"date":"2020-11-20T06:40:06","date_gmt":"2020-11-20T05:40:06","guid":{"rendered":"http:\/\/newsestlyonnais.fr\/site\/?p=118058"},"modified":"2020-11-29T12:40:19","modified_gmt":"2020-11-29T11:40:19","slug":"1-jour-1-association-bunkai-karate-do-de-venissieux","status":"publish","type":"post","link":"https:\/\/newsestlyonnais.fr\/site\/2020\/11\/20\/1-jour-1-association-bunkai-karate-do-de-venissieux\/","title":{"rendered":"1 jour, 1 association | Bunka\u00ef Karat\u00e9-Do de V\u00e9nissieux"},"content":{"rendered":"<p>En ce vendredi, c\u2019est <strong>Philippe Del Rey, coach et cr\u00e9ateur du club<\/strong>, qui r\u00e9pond aux questions de la r\u00e9daction :<\/p>\n<hr \/>\n<ul>\n<li><strong><span style=\"font-size: 14pt;\"><span style=\"text-decoration: underline;\">Quelle est son activit\u00e9 principale et effectif actuel<\/span> ?<\/span> <\/strong><\/li>\n<\/ul>\n<p>\u00bb\u00a0 Le Bunka\u00ef Karat\u00e9-Do est<strong> une association sportive cr\u00e9\u00e9e le 1\u00b0 septembre 2000<\/strong> \u00e0 V\u00e9nissieux et pr\u00e9sid\u00e9e depuis 4 ans par Benjamin Mattioni. L\u2019association est implant\u00e9e sur un des deux secteurs de la politique ville comportant les quartiers Monnery, Charr\u00e9ard, Max Barrel et Pasteur. <strong>La vocation premi\u00e8re de l\u2019association est d\u2019\u00eatre un club d\u2019utilit\u00e9 \u00e9ducative, servant de guide social et de passerelle pour l\u2019\u00e9ducation \u00e0 travers la formation sportive, l\u2019apprentissage de la gestion comportementale li\u00e9e aux sports de combats<\/strong>.<\/p>\n<p>Le club est en ad\u00e9quation avec l\u2019un des aspects de la politique de la ville portant sur l\u2019int\u00e9gration des jeunes issus des quartiers difficiles. Il s\u2019agit donc pour les dirigeants du club de continuer \u00e0 \u0153uvrer pour que le sport reste accessible \u00e0 tous, qu\u2019il soit vecteur de sant\u00e9, d\u2019\u00e9panouissement, d\u2019apprentissage et d\u2019int\u00e9gration sociale.<\/p>\n<p><strong>Le club est ouvert \u00e0 tous dans le respect des lois de la r\u00e9publique<\/strong>. Le sport n\u2019\u00e9tant pas \u00e9ducatif en soi, notre r\u00f4le est de faire en sorte qu\u2019il le devienne. Son <strong>activit\u00e9 principale<\/strong> : la pratique du kick-boxing, full-contact loisir et comp\u00e9tition ainsi que le body self.<\/p>\n<p>Son <strong>effectif \u00e0 ce jour : 52 personnes<\/strong> : 22 adultes dont 14 femmes et 30 enfants dont 10 filles \u00ab .<\/p>\n<ul>\n<li><strong><span style=\"font-size: 14pt;\"><span style=\"text-decoration: underline;\">Comment s\u2019\u00e9tait pass\u00e9 le 1\u00b0 confinement et aviez vous mis du personnel au ch\u00f4mage<\/span> ?<\/span> <\/strong><\/li>\n<\/ul>\n<p>\u00bb\u00a0\u00a0 <strong>Non, nous n&rsquo;avons pas de personnel<\/strong> juste des b\u00e9n\u00e9voles dans le club.<\/p>\n<p><strong>Le premier confinement s\u2019est pass\u00e9 assez mal d\u2019un point de vue comp\u00e9tition <\/strong>nous \u00e9tions encore une fois sur une excellente ann\u00e9e en terme de r\u00e9sultats sportifs et l&rsquo;arr\u00eat brutal \u00e0 \u00e9t\u00e9 difficile \u00e0 supporter pour nos comp\u00e9titeurs\u2026d&rsquo;un autre point de vue <strong>nous devions f\u00eater nos 20 ans<\/strong> et nous avions pr\u00e9par\u00e9 cette grande f\u00eate au club et malheureusement cela n&rsquo;a pas pu se faire\u2026 nous avions donc organis\u00e9 en plein air des entrainements et nous nous sommes mis au num\u00e9rique par l\u2019application Zoom o\u00f9 nous avons organis\u00e9 des s\u00e9ances de gym tonic en visio jusqu&rsquo;\u00e0 d\u00e9but juillet \u00ab .<\/p>\n<hr \/>\n<ul>\n<li><span style=\"font-size: 14pt;\"><span style=\"text-decoration: underline;\"><strong>Et la reprise des activit\u00e9s \u00e0 la rentr\u00e9e de septembre<\/strong><\/span> <strong>?<\/strong><\/span><\/li>\n<\/ul>\n<p>\u00bb \u00a0 Tr\u00e8s bon d\u00e9but de reprise avec <strong>beaucoup de dossier d&rsquo;inscriptions mais le confinement a dissuad\u00e9 des personnes<\/strong> \u00e0 s inscrire\u2026. \u00ab .<\/p>\n<ul>\n<li><span style=\"font-size: 14pt;\"><strong><span style=\"text-decoration: underline;\">Avez-vous connu depuis une baisse de vos effectifs<\/span> ?<\/strong><\/span><\/li>\n<\/ul>\n<p>\u00bb\u00a0\u00a0 Oui <strong>nous estimons une baisse de 50 %<\/strong> par rapport \u00e0 la saison pr\u00e9c\u00e9dente \u00ab .<\/p>\n<ul>\n<li><strong><span style=\"font-size: 14pt;\"><span style=\"text-decoration: underline;\">Avez-vous \u00e9t\u00e9 contraints d\u2019annuler des \u00e9v\u00e8nements ou comp\u00e9titions<\/span> ?<\/span><br \/>\n<\/strong><\/li>\n<\/ul>\n<p>\u00bb Oui, contraints de <strong>ne pas participer \u00e0 l&rsquo;Open international<\/strong> qui se d\u00e9roulait \u00e0 Valence en octobre. Contraint \u00e9galement d&rsquo;annuler l&rsquo;organisation d&rsquo;un stage en faveur des femmes self d\u00e9fense et aussi une porte ouverte \u00e0 l\u2019acc\u00e8s \u00e0 l\u2019 handicap \u00ab .<\/p>\n<ul>\n<li><span style=\"font-size: 14pt;\"><strong><span style=\"text-decoration: underline;\">Comment se d\u00e9roule ce 2\u00b0 confinement<\/span> ?<\/strong><\/span><\/li>\n<\/ul>\n<p>\u00bb\u00a0 <strong>Tr\u00e8s difficile pour le club et les \u00e9l\u00e8ves<\/strong> (enfants et adultes), nous continuons les s\u00e9ances de gym via l&rsquo;application Zoom \u2026 mais <strong>forc\u00e9s de constater que le pr\u00e9sentiel manque \u00e9norm\u00e9ment\u2026 <\/strong>\u00bb.<\/p>\n<ul>\n<li><span style=\"font-size: 14pt;\"><strong><span style=\"text-decoration: underline;\">Cons\u00e9quences financi\u00e8res, sportives ou autres<\/span> ?<\/strong><\/span><\/li>\n<\/ul>\n<p>\u00bb\u00a0 Compte tenu du contexte <strong>nous avons tr\u00e8s peur pour la suite<\/strong>, <strong>nos sponsors ne r\u00e9pondent plus pr\u00e9sents et nous les comprenons<\/strong> \u2026nous esp\u00e9rons une aide de l\u2019\u00e9tat ou de la mairie\u2019 sans trop de paperasse\u2026) afin de pallier \u00e0 cette ann\u00e9e vraiment difficile pour tous\u2026 \u00bb.<\/p>\n<hr \/>\n<ul>\n<li><span style=\"font-size: 14pt;\"><span style=\"text-decoration: underline;\"><strong>Et pour conclure<\/strong><\/span> <strong>?<\/strong><\/span><\/li>\n<\/ul>\n<p>\u00bb\u00a0 <strong>Nous esp\u00e9rons que cette pand\u00e9mie pourra disparaitre et surtout ne plus revenir<\/strong>\u2026 Que les chercheurs trouvent un vaccin afin que tout le monde puisse enfin vivre normalement\u2026<\/p>\n<p>Et enfin, <strong>nous avons h\u00e2te de retrouver nos \u00e9l\u00e8ves, parents et amis autour d&rsquo;une grande f\u00eate pour nos 20 ans<\/strong> ! et pouvoir \u00e9galement reprendre les championnats et faire nos projets solidaires li\u00e9s entre autre : pour l&rsquo; handicap, aux femmes et retourner voir les enfants \u00e0 l&rsquo; h\u00f4pital et de retrouver leurs sourires\u2026 \u00bb.<\/p>\n<hr \/>\n<p><strong><img loading=\"lazy\" decoding=\"async\" class=\"alignleft size-full wp-image-118063\" src=\"https:\/\/newsestlyonnais.fr\/site\/medias\/2020\/11\/NEWSESWTLYONNAIS-BKD.jpg\" alt=\"\" width=\"148\" height=\"148\" srcset=\"https:\/\/newsestlyonnais.fr\/site\/wp-content\/uploads\/2020\/11\/NEWSESWTLYONNAIS-BKD.jpg 148w, https:\/\/newsestlyonnais.fr\/site\/wp-content\/uploads\/2020\/11\/NEWSESWTLYONNAIS-BKD-50x50.jpg 50w, https:\/\/newsestlyonnais.fr\/site\/wp-content\/uploads\/2020\/11\/NEWSESWTLYONNAIS-BKD-100x100.jpg 100w\" sizes=\"auto, (max-width: 148px) 100vw, 148px\" \/><\/strong><\/p>\n<p>&nbsp;<\/p>\n<p><strong>A<\/strong> <strong>r<\/strong><strong>etrouver sur : <span style=\"color: #0000ff;\"><a style=\"color: #0000ff;\" href=\"https:\/\/www.facebook.com\/bkdfullcontact\">https:\/\/www.facebook.com\/bkdfullcontact<\/a><\/span><\/strong><\/p>\n<p>&nbsp;<\/p>\n<hr \/>\n<div id='gallery-1' class='gallery galleryid-118058 gallery-columns-2 gallery-size-thumbnail'><figure class='gallery-item'>\n\t\t\t<div class='gallery-icon landscape'>\n\t\t\t\t<a href='https:\/\/newsestlyonnais.fr\/site\/2020\/11\/20\/1-jour-1-association-bunkai-karate-do-de-venissieux\/72315110_2563008420386730_2476363999822741504_o\/'><img loading=\"lazy\" decoding=\"async\" width=\"150\" height=\"150\" src=\"https:\/\/newsestlyonnais.fr\/site\/wp-content\/uploads\/2020\/11\/72315110_2563008420386730_2476363999822741504_o-250x250.jpg\" class=\"attachment-thumbnail size-thumbnail\" alt=\"\" srcset=\"https:\/\/newsestlyonnais.fr\/site\/wp-content\/uploads\/2020\/11\/72315110_2563008420386730_2476363999822741504_o-250x250.jpg 250w, https:\/\/newsestlyonnais.fr\/site\/wp-content\/uploads\/2020\/11\/72315110_2563008420386730_2476363999822741504_o-400x400.jpg 400w, https:\/\/newsestlyonnais.fr\/site\/wp-content\/uploads\/2020\/11\/72315110_2563008420386730_2476363999822741504_o-650x650.jpg 650w, https:\/\/newsestlyonnais.fr\/site\/wp-content\/uploads\/2020\/11\/72315110_2563008420386730_2476363999822741504_o-768x768.jpg 768w, https:\/\/newsestlyonnais.fr\/site\/wp-content\/uploads\/2020\/11\/72315110_2563008420386730_2476363999822741504_o-150x150.jpg 150w, https:\/\/newsestlyonnais.fr\/site\/wp-content\/uploads\/2020\/11\/72315110_2563008420386730_2476363999822741504_o-50x50.jpg 50w, https:\/\/newsestlyonnais.fr\/site\/wp-content\/uploads\/2020\/11\/72315110_2563008420386730_2476363999822741504_o-100x100.jpg 100w, https:\/\/newsestlyonnais.fr\/site\/wp-content\/uploads\/2020\/11\/72315110_2563008420386730_2476363999822741504_o-200x200.jpg 200w, https:\/\/newsestlyonnais.fr\/site\/wp-content\/uploads\/2020\/11\/72315110_2563008420386730_2476363999822741504_o-300x300.jpg 300w, https:\/\/newsestlyonnais.fr\/site\/wp-content\/uploads\/2020\/11\/72315110_2563008420386730_2476363999822741504_o-350x350.jpg 350w, https:\/\/newsestlyonnais.fr\/site\/wp-content\/uploads\/2020\/11\/72315110_2563008420386730_2476363999822741504_o-450x450.jpg 450w, https:\/\/newsestlyonnais.fr\/site\/wp-content\/uploads\/2020\/11\/72315110_2563008420386730_2476363999822741504_o-500x500.jpg 500w, https:\/\/newsestlyonnais.fr\/site\/wp-content\/uploads\/2020\/11\/72315110_2563008420386730_2476363999822741504_o-550x550.jpg 550w, https:\/\/newsestlyonnais.fr\/site\/wp-content\/uploads\/2020\/11\/72315110_2563008420386730_2476363999822741504_o-800x800.jpg 800w, https:\/\/newsestlyonnais.fr\/site\/wp-content\/uploads\/2020\/11\/72315110_2563008420386730_2476363999822741504_o.jpg 960w\" sizes=\"auto, (max-width: 150px) 100vw, 150px\" \/><\/a>\n\t\t\t<\/div><\/figure><figure class='gallery-item'>\n\t\t\t<div class='gallery-icon landscape'>\n\t\t\t\t<a href='https:\/\/newsestlyonnais.fr\/site\/2020\/11\/20\/1-jour-1-association-bunkai-karate-do-de-venissieux\/72392424_2563028983718007_5503688062233739264_o\/'><img loading=\"lazy\" decoding=\"async\" width=\"150\" height=\"150\" src=\"https:\/\/newsestlyonnais.fr\/site\/wp-content\/uploads\/2020\/11\/72392424_2563028983718007_5503688062233739264_o-250x250.jpg\" class=\"attachment-thumbnail size-thumbnail\" alt=\"\" srcset=\"https:\/\/newsestlyonnais.fr\/site\/wp-content\/uploads\/2020\/11\/72392424_2563028983718007_5503688062233739264_o-250x250.jpg 250w, https:\/\/newsestlyonnais.fr\/site\/wp-content\/uploads\/2020\/11\/72392424_2563028983718007_5503688062233739264_o-400x400.jpg 400w, https:\/\/newsestlyonnais.fr\/site\/wp-content\/uploads\/2020\/11\/72392424_2563028983718007_5503688062233739264_o-650x650.jpg 650w, https:\/\/newsestlyonnais.fr\/site\/wp-content\/uploads\/2020\/11\/72392424_2563028983718007_5503688062233739264_o-768x768.jpg 768w, https:\/\/newsestlyonnais.fr\/site\/wp-content\/uploads\/2020\/11\/72392424_2563028983718007_5503688062233739264_o-150x150.jpg 150w, https:\/\/newsestlyonnais.fr\/site\/wp-content\/uploads\/2020\/11\/72392424_2563028983718007_5503688062233739264_o-50x50.jpg 50w, https:\/\/newsestlyonnais.fr\/site\/wp-content\/uploads\/2020\/11\/72392424_2563028983718007_5503688062233739264_o-100x100.jpg 100w, https:\/\/newsestlyonnais.fr\/site\/wp-content\/uploads\/2020\/11\/72392424_2563028983718007_5503688062233739264_o-200x200.jpg 200w, https:\/\/newsestlyonnais.fr\/site\/wp-content\/uploads\/2020\/11\/72392424_2563028983718007_5503688062233739264_o-300x300.jpg 300w, https:\/\/newsestlyonnais.fr\/site\/wp-content\/uploads\/2020\/11\/72392424_2563028983718007_5503688062233739264_o-350x350.jpg 350w, https:\/\/newsestlyonnais.fr\/site\/wp-content\/uploads\/2020\/11\/72392424_2563028983718007_5503688062233739264_o-450x450.jpg 450w, https:\/\/newsestlyonnais.fr\/site\/wp-content\/uploads\/2020\/11\/72392424_2563028983718007_5503688062233739264_o-500x500.jpg 500w, https:\/\/newsestlyonnais.fr\/site\/wp-content\/uploads\/2020\/11\/72392424_2563028983718007_5503688062233739264_o-550x550.jpg 550w, https:\/\/newsestlyonnais.fr\/site\/wp-content\/uploads\/2020\/11\/72392424_2563028983718007_5503688062233739264_o-800x800.jpg 800w, https:\/\/newsestlyonnais.fr\/site\/wp-content\/uploads\/2020\/11\/72392424_2563028983718007_5503688062233739264_o.jpg 960w\" sizes=\"auto, (max-width: 150px) 100vw, 150px\" \/><\/a>\n\t\t\t<\/div><\/figure><figure class='gallery-item'>\n\t\t\t<div class='gallery-icon portrait'>\n\t\t\t\t<a href='https:\/\/newsestlyonnais.fr\/site\/2020\/11\/20\/1-jour-1-association-bunkai-karate-do-de-venissieux\/79458884_2713621741992063_6730063506286051328_n\/'><img loading=\"lazy\" decoding=\"async\" width=\"113\" height=\"150\" src=\"https:\/\/newsestlyonnais.fr\/site\/wp-content\/uploads\/2020\/11\/79458884_2713621741992063_6730063506286051328_n-250x333.jpg\" class=\"attachment-thumbnail size-thumbnail\" alt=\"\" srcset=\"https:\/\/newsestlyonnais.fr\/site\/wp-content\/uploads\/2020\/11\/79458884_2713621741992063_6730063506286051328_n-250x333.jpg 250w, https:\/\/newsestlyonnais.fr\/site\/wp-content\/uploads\/2020\/11\/79458884_2713621741992063_6730063506286051328_n-400x533.jpg 400w, https:\/\/newsestlyonnais.fr\/site\/wp-content\/uploads\/2020\/11\/79458884_2713621741992063_6730063506286051328_n-650x867.jpg 650w, https:\/\/newsestlyonnais.fr\/site\/wp-content\/uploads\/2020\/11\/79458884_2713621741992063_6730063506286051328_n-150x200.jpg 150w, https:\/\/newsestlyonnais.fr\/site\/wp-content\/uploads\/2020\/11\/79458884_2713621741992063_6730063506286051328_n-50x67.jpg 50w, https:\/\/newsestlyonnais.fr\/site\/wp-content\/uploads\/2020\/11\/79458884_2713621741992063_6730063506286051328_n-100x133.jpg 100w, https:\/\/newsestlyonnais.fr\/site\/wp-content\/uploads\/2020\/11\/79458884_2713621741992063_6730063506286051328_n-200x267.jpg 200w, https:\/\/newsestlyonnais.fr\/site\/wp-content\/uploads\/2020\/11\/79458884_2713621741992063_6730063506286051328_n-300x400.jpg 300w, https:\/\/newsestlyonnais.fr\/site\/wp-content\/uploads\/2020\/11\/79458884_2713621741992063_6730063506286051328_n-350x467.jpg 350w, https:\/\/newsestlyonnais.fr\/site\/wp-content\/uploads\/2020\/11\/79458884_2713621741992063_6730063506286051328_n-450x600.jpg 450w, https:\/\/newsestlyonnais.fr\/site\/wp-content\/uploads\/2020\/11\/79458884_2713621741992063_6730063506286051328_n-500x667.jpg 500w, https:\/\/newsestlyonnais.fr\/site\/wp-content\/uploads\/2020\/11\/79458884_2713621741992063_6730063506286051328_n-550x733.jpg 550w, https:\/\/newsestlyonnais.fr\/site\/wp-content\/uploads\/2020\/11\/79458884_2713621741992063_6730063506286051328_n.jpg 720w\" sizes=\"auto, (max-width: 113px) 100vw, 113px\" \/><\/a>\n\t\t\t<\/div><\/figure><figure class='gallery-item'>\n\t\t\t<div class='gallery-icon landscape'>\n\t\t\t\t<a href='https:\/\/newsestlyonnais.fr\/site\/2020\/11\/20\/1-jour-1-association-bunkai-karate-do-de-venissieux\/img_2975\/'><img loading=\"lazy\" decoding=\"async\" width=\"150\" height=\"113\" src=\"https:\/\/newsestlyonnais.fr\/site\/wp-content\/uploads\/2020\/11\/IMG_2975-250x188.jpg\" class=\"attachment-thumbnail size-thumbnail\" alt=\"\" aria-describedby=\"gallery-1-118080\" srcset=\"https:\/\/newsestlyonnais.fr\/site\/wp-content\/uploads\/2020\/11\/IMG_2975-250x188.jpg 250w, https:\/\/newsestlyonnais.fr\/site\/wp-content\/uploads\/2020\/11\/IMG_2975-400x300.jpg 400w, https:\/\/newsestlyonnais.fr\/site\/wp-content\/uploads\/2020\/11\/IMG_2975-650x488.jpg 650w, https:\/\/newsestlyonnais.fr\/site\/wp-content\/uploads\/2020\/11\/IMG_2975-768x576.jpg 768w, https:\/\/newsestlyonnais.fr\/site\/wp-content\/uploads\/2020\/11\/IMG_2975-150x113.jpg 150w, https:\/\/newsestlyonnais.fr\/site\/wp-content\/uploads\/2020\/11\/IMG_2975-50x38.jpg 50w, https:\/\/newsestlyonnais.fr\/site\/wp-content\/uploads\/2020\/11\/IMG_2975-100x75.jpg 100w, https:\/\/newsestlyonnais.fr\/site\/wp-content\/uploads\/2020\/11\/IMG_2975-200x150.jpg 200w, https:\/\/newsestlyonnais.fr\/site\/wp-content\/uploads\/2020\/11\/IMG_2975-300x225.jpg 300w, https:\/\/newsestlyonnais.fr\/site\/wp-content\/uploads\/2020\/11\/IMG_2975-350x263.jpg 350w, https:\/\/newsestlyonnais.fr\/site\/wp-content\/uploads\/2020\/11\/IMG_2975-450x338.jpg 450w, https:\/\/newsestlyonnais.fr\/site\/wp-content\/uploads\/2020\/11\/IMG_2975-500x375.jpg 500w, https:\/\/newsestlyonnais.fr\/site\/wp-content\/uploads\/2020\/11\/IMG_2975-550x413.jpg 550w, https:\/\/newsestlyonnais.fr\/site\/wp-content\/uploads\/2020\/11\/IMG_2975-800x600.jpg 800w, https:\/\/newsestlyonnais.fr\/site\/wp-content\/uploads\/2020\/11\/IMG_2975.jpg 1200w\" sizes=\"auto, (max-width: 150px) 100vw, 150px\" \/><\/a>\n\t\t\t<\/div>\n\t\t\t\t<figcaption class='wp-caption-text gallery-caption' id='gallery-1-118080'>\n\t\t\t\tPhilippe Del Rey (coach) Benjamin Mattioni (pr\u00e9sident)\n\t\t\t\t<\/figcaption><\/figure>\n\t\t<\/div>\n\n","protected":false},"excerpt":{"rendered":"<p>Au cours de ce nouveau confinement, d\u00e9couvrez quotidiennement une association pr\u00e9sent\u00e9e par un de ses dirigeants.<\/p>\n","protected":false},"author":4,"featured_media":118078,"comment_status":"open","ping_status":"open","sticky":false,"template":"","format":"standard","meta":{"footnotes":""},"categories":[3420,2994,1353,1298],"tags":[],"class_list":["post-118058","post","type-post","status-publish","format-standard","has-post-thumbnail","hentry","category-1-jour-1-association","category-judo-karate-taekwondo-sports","category-karate","category-venissieux"],"yoast_head":"<!-- This site is optimized with the Yoast SEO plugin v27.2 - https:\/\/yoast.com\/product\/yoast-seo-wordpress\/ -->\n<title>1 jour, 1 association | Bunka\u00ef Karat\u00e9-Do de V\u00e9nissieux - News Est Lyonnais<\/title>\n<meta name=\"description\" content=\"1 jour, 1 association | Bunka\u00ef Karat\u00e9-Do de V\u00e9nissieux\" \/>\n<meta name=\"robots\" content=\"index, follow, max-snippet:-1, max-image-preview:large, max-video-preview:-1\" \/>\n<link rel=\"canonical\" href=\"https:\/\/newsestlyonnais.fr\/site\/2020\/11\/20\/1-jour-1-association-bunkai-karate-do-de-venissieux\/\" \/>\n<meta property=\"og:locale\" content=\"fr_FR\" \/>\n<meta property=\"og:type\" content=\"article\" \/>\n<meta property=\"og:title\" content=\"1 jour, 1 association | Bunka\u00ef Karat\u00e9-Do de V\u00e9nissieux - News Est Lyonnais\" \/>\n<meta property=\"og:description\" content=\"1 jour, 1 association | Bunka\u00ef Karat\u00e9-Do de V\u00e9nissieux\" \/>\n<meta property=\"og:url\" content=\"https:\/\/newsestlyonnais.fr\/site\/2020\/11\/20\/1-jour-1-association-bunkai-karate-do-de-venissieux\/\" \/>\n<meta property=\"og:site_name\" content=\"News Est Lyonnais\" \/>\n<meta property=\"article:author\" content=\"https:\/\/www.facebook.com\/pascal.oberson.1?fref=ts\" \/>\n<meta property=\"article:published_time\" content=\"2020-11-20T05:40:06+00:00\" \/>\n<meta property=\"article:modified_time\" content=\"2020-11-29T11:40:19+00:00\" \/>\n<meta property=\"og:image\" content=\"https:\/\/i1.wp.com\/newsestlyonnais.fr\/site\/wp-content\/uploads\/2020\/11\/NEWSESTLYONNAIS-BUNKAI-01.jpg?fit=756%2C567&ssl=1\" \/>\n\t<meta property=\"og:image:width\" content=\"756\" \/>\n\t<meta property=\"og:image:height\" content=\"567\" \/>\n\t<meta property=\"og:image:type\" content=\"image\/jpeg\" \/>\n<meta name=\"author\" content=\"R\u00e9dac. NEWS\" \/>\n<meta name=\"twitter:card\" content=\"summary_large_image\" \/>\n<meta name=\"twitter:label1\" content=\"\u00c9crit par\" \/>\n\t<meta name=\"twitter:data1\" content=\"R\u00e9dac. NEWS\" \/>\n\t<meta name=\"twitter:label2\" content=\"Dur\u00e9e de lecture estim\u00e9e\" \/>\n\t<meta name=\"twitter:data2\" content=\"3 minutes\" \/>\n<script type=\"application\/ld+json\" class=\"yoast-schema-graph\">{\"@context\":\"https:\/\/schema.org\",\"@graph\":[{\"@type\":\"Article\",\"@id\":\"https:\/\/newsestlyonnais.fr\/site\/2020\/11\/20\/1-jour-1-association-bunkai-karate-do-de-venissieux\/#article\",\"isPartOf\":{\"@id\":\"https:\/\/newsestlyonnais.fr\/site\/2020\/11\/20\/1-jour-1-association-bunkai-karate-do-de-venissieux\/\"},\"author\":{\"name\":\"R\u00e9dac. NEWS\",\"@id\":\"https:\/\/newsestlyonnais.fr\/site\/#\/schema\/person\/3230d5615f390bb808365d673001e887\"},\"headline\":\"1 jour, 1 association | Bunka\u00ef Karat\u00e9-Do de V\u00e9nissieux\",\"datePublished\":\"2020-11-20T05:40:06+00:00\",\"dateModified\":\"2020-11-29T11:40:19+00:00\",\"mainEntityOfPage\":{\"@id\":\"https:\/\/newsestlyonnais.fr\/site\/2020\/11\/20\/1-jour-1-association-bunkai-karate-do-de-venissieux\/\"},\"wordCount\":704,\"commentCount\":0,\"publisher\":{\"@id\":\"https:\/\/newsestlyonnais.fr\/site\/#organization\"},\"image\":{\"@id\":\"https:\/\/newsestlyonnais.fr\/site\/2020\/11\/20\/1-jour-1-association-bunkai-karate-do-de-venissieux\/#primaryimage\"},\"thumbnailUrl\":\"https:\/\/newsestlyonnais.fr\/site\/wp-content\/uploads\/2020\/11\/NEWSESTLYONNAIS-BUNKAI-01.jpg\",\"articleSection\":[\"1 jour, 1 association\",\"Judo| Karat\u00e9| Taekwondo\",\"Karat\u00e9\",\"V\u00e9nissieux\"],\"inLanguage\":\"fr-FR\",\"potentialAction\":[{\"@type\":\"CommentAction\",\"name\":\"Comment\",\"target\":[\"https:\/\/newsestlyonnais.fr\/site\/2020\/11\/20\/1-jour-1-association-bunkai-karate-do-de-venissieux\/#respond\"]}]},{\"@type\":\"WebPage\",\"@id\":\"https:\/\/newsestlyonnais.fr\/site\/2020\/11\/20\/1-jour-1-association-bunkai-karate-do-de-venissieux\/\",\"url\":\"https:\/\/newsestlyonnais.fr\/site\/2020\/11\/20\/1-jour-1-association-bunkai-karate-do-de-venissieux\/\",\"name\":\"1 jour, 1 association | Bunka\u00ef Karat\u00e9-Do de V\u00e9nissieux - News Est Lyonnais\",\"isPartOf\":{\"@id\":\"https:\/\/newsestlyonnais.fr\/site\/#website\"},\"primaryImageOfPage\":{\"@id\":\"https:\/\/newsestlyonnais.fr\/site\/2020\/11\/20\/1-jour-1-association-bunkai-karate-do-de-venissieux\/#primaryimage\"},\"image\":{\"@id\":\"https:\/\/newsestlyonnais.fr\/site\/2020\/11\/20\/1-jour-1-association-bunkai-karate-do-de-venissieux\/#primaryimage\"},\"thumbnailUrl\":\"https:\/\/newsestlyonnais.fr\/site\/wp-content\/uploads\/2020\/11\/NEWSESTLYONNAIS-BUNKAI-01.jpg\",\"datePublished\":\"2020-11-20T05:40:06+00:00\",\"dateModified\":\"2020-11-29T11:40:19+00:00\",\"description\":\"1 jour, 1 association | Bunka\u00ef Karat\u00e9-Do de V\u00e9nissieux\",\"breadcrumb\":{\"@id\":\"https:\/\/newsestlyonnais.fr\/site\/2020\/11\/20\/1-jour-1-association-bunkai-karate-do-de-venissieux\/#breadcrumb\"},\"inLanguage\":\"fr-FR\",\"potentialAction\":[{\"@type\":\"ReadAction\",\"target\":[\"https:\/\/newsestlyonnais.fr\/site\/2020\/11\/20\/1-jour-1-association-bunkai-karate-do-de-venissieux\/\"]}]},{\"@type\":\"ImageObject\",\"inLanguage\":\"fr-FR\",\"@id\":\"https:\/\/newsestlyonnais.fr\/site\/2020\/11\/20\/1-jour-1-association-bunkai-karate-do-de-venissieux\/#primaryimage\",\"url\":\"https:\/\/newsestlyonnais.fr\/site\/wp-content\/uploads\/2020\/11\/NEWSESTLYONNAIS-BUNKAI-01.jpg\",\"contentUrl\":\"https:\/\/newsestlyonnais.fr\/site\/wp-content\/uploads\/2020\/11\/NEWSESTLYONNAIS-BUNKAI-01.jpg\",\"width\":756,\"height\":567},{\"@type\":\"BreadcrumbList\",\"@id\":\"https:\/\/newsestlyonnais.fr\/site\/2020\/11\/20\/1-jour-1-association-bunkai-karate-do-de-venissieux\/#breadcrumb\",\"itemListElement\":[{\"@type\":\"ListItem\",\"position\":1,\"name\":\"Accueil\",\"item\":\"https:\/\/newsestlyonnais.fr\/site\/\"},{\"@type\":\"ListItem\",\"position\":2,\"name\":\"1 jour, 1 association | Bunka\u00ef Karat\u00e9-Do de V\u00e9nissieux\"}]},{\"@type\":\"WebSite\",\"@id\":\"https:\/\/newsestlyonnais.fr\/site\/#website\",\"url\":\"https:\/\/newsestlyonnais.fr\/site\/\",\"name\":\"News Est Lyonnais\",\"description\":\"L&#039;actualit\u00e9 au plus pr\u00e8s\",\"publisher\":{\"@id\":\"https:\/\/newsestlyonnais.fr\/site\/#organization\"},\"potentialAction\":[{\"@type\":\"SearchAction\",\"target\":{\"@type\":\"EntryPoint\",\"urlTemplate\":\"https:\/\/newsestlyonnais.fr\/site\/?s={search_term_string}\"},\"query-input\":{\"@type\":\"PropertyValueSpecification\",\"valueRequired\":true,\"valueName\":\"search_term_string\"}}],\"inLanguage\":\"fr-FR\"},{\"@type\":\"Organization\",\"@id\":\"https:\/\/newsestlyonnais.fr\/site\/#organization\",\"name\":\"News EST LYONNAIS\",\"url\":\"https:\/\/newsestlyonnais.fr\/site\/\",\"logo\":{\"@type\":\"ImageObject\",\"inLanguage\":\"fr-FR\",\"@id\":\"https:\/\/newsestlyonnais.fr\/site\/#\/schema\/logo\/image\/\",\"url\":\"\",\"contentUrl\":\"\",\"caption\":\"News EST LYONNAIS\"},\"image\":{\"@id\":\"https:\/\/newsestlyonnais.fr\/site\/#\/schema\/logo\/image\/\"}},{\"@type\":\"Person\",\"@id\":\"https:\/\/newsestlyonnais.fr\/site\/#\/schema\/person\/3230d5615f390bb808365d673001e887\",\"name\":\"R\u00e9dac. NEWS\",\"sameAs\":[\"http:\/\/www.newsestlyonnais.fr\",\"https:\/\/www.facebook.com\/pascal.oberson.1?fref=ts\",\"https:\/\/fr.linkedin.com\/in\/pascal-oberson-b17045113\"],\"url\":\"https:\/\/newsestlyonnais.fr\/site\/author\/nel\/\"}]}<\/script>\n<!-- \/ Yoast SEO plugin. -->","yoast_head_json":{"title":"1 jour, 1 association | Bunka\u00ef Karat\u00e9-Do de V\u00e9nissieux - News Est Lyonnais","description":"1 jour, 1 association | Bunka\u00ef Karat\u00e9-Do de V\u00e9nissieux","robots":{"index":"index","follow":"follow","max-snippet":"max-snippet:-1","max-image-preview":"max-image-preview:large","max-video-preview":"max-video-preview:-1"},"canonical":"https:\/\/newsestlyonnais.fr\/site\/2020\/11\/20\/1-jour-1-association-bunkai-karate-do-de-venissieux\/","og_locale":"fr_FR","og_type":"article","og_title":"1 jour, 1 association | Bunka\u00ef Karat\u00e9-Do de V\u00e9nissieux - News Est Lyonnais","og_description":"1 jour, 1 association | Bunka\u00ef Karat\u00e9-Do de V\u00e9nissieux","og_url":"https:\/\/newsestlyonnais.fr\/site\/2020\/11\/20\/1-jour-1-association-bunkai-karate-do-de-venissieux\/","og_site_name":"News Est Lyonnais","article_author":"https:\/\/www.facebook.com\/pascal.oberson.1?fref=ts","article_published_time":"2020-11-20T05:40:06+00:00","article_modified_time":"2020-11-29T11:40:19+00:00","og_image":[{"width":756,"height":567,"url":"https:\/\/i1.wp.com\/newsestlyonnais.fr\/site\/wp-content\/uploads\/2020\/11\/NEWSESTLYONNAIS-BUNKAI-01.jpg?fit=756%2C567&ssl=1","type":"image\/jpeg"}],"author":"R\u00e9dac. NEWS","twitter_card":"summary_large_image","twitter_misc":{"\u00c9crit par":"R\u00e9dac. NEWS","Dur\u00e9e de lecture estim\u00e9e":"3 minutes"},"schema":{"@context":"https:\/\/schema.org","@graph":[{"@type":"Article","@id":"https:\/\/newsestlyonnais.fr\/site\/2020\/11\/20\/1-jour-1-association-bunkai-karate-do-de-venissieux\/#article","isPartOf":{"@id":"https:\/\/newsestlyonnais.fr\/site\/2020\/11\/20\/1-jour-1-association-bunkai-karate-do-de-venissieux\/"},"author":{"name":"R\u00e9dac. NEWS","@id":"https:\/\/newsestlyonnais.fr\/site\/#\/schema\/person\/3230d5615f390bb808365d673001e887"},"headline":"1 jour, 1 association | Bunka\u00ef Karat\u00e9-Do de V\u00e9nissieux","datePublished":"2020-11-20T05:40:06+00:00","dateModified":"2020-11-29T11:40:19+00:00","mainEntityOfPage":{"@id":"https:\/\/newsestlyonnais.fr\/site\/2020\/11\/20\/1-jour-1-association-bunkai-karate-do-de-venissieux\/"},"wordCount":704,"commentCount":0,"publisher":{"@id":"https:\/\/newsestlyonnais.fr\/site\/#organization"},"image":{"@id":"https:\/\/newsestlyonnais.fr\/site\/2020\/11\/20\/1-jour-1-association-bunkai-karate-do-de-venissieux\/#primaryimage"},"thumbnailUrl":"https:\/\/newsestlyonnais.fr\/site\/wp-content\/uploads\/2020\/11\/NEWSESTLYONNAIS-BUNKAI-01.jpg","articleSection":["1 jour, 1 association","Judo| Karat\u00e9| Taekwondo","Karat\u00e9","V\u00e9nissieux"],"inLanguage":"fr-FR","potentialAction":[{"@type":"CommentAction","name":"Comment","target":["https:\/\/newsestlyonnais.fr\/site\/2020\/11\/20\/1-jour-1-association-bunkai-karate-do-de-venissieux\/#respond"]}]},{"@type":"WebPage","@id":"https:\/\/newsestlyonnais.fr\/site\/2020\/11\/20\/1-jour-1-association-bunkai-karate-do-de-venissieux\/","url":"https:\/\/newsestlyonnais.fr\/site\/2020\/11\/20\/1-jour-1-association-bunkai-karate-do-de-venissieux\/","name":"1 jour, 1 association | Bunka\u00ef Karat\u00e9-Do de V\u00e9nissieux - News Est Lyonnais","isPartOf":{"@id":"https:\/\/newsestlyonnais.fr\/site\/#website"},"primaryImageOfPage":{"@id":"https:\/\/newsestlyonnais.fr\/site\/2020\/11\/20\/1-jour-1-association-bunkai-karate-do-de-venissieux\/#primaryimage"},"image":{"@id":"https:\/\/newsestlyonnais.fr\/site\/2020\/11\/20\/1-jour-1-association-bunkai-karate-do-de-venissieux\/#primaryimage"},"thumbnailUrl":"https:\/\/newsestlyonnais.fr\/site\/wp-content\/uploads\/2020\/11\/NEWSESTLYONNAIS-BUNKAI-01.jpg","datePublished":"2020-11-20T05:40:06+00:00","dateModified":"2020-11-29T11:40:19+00:00","description":"1 jour, 1 association | Bunka\u00ef Karat\u00e9-Do de V\u00e9nissieux","breadcrumb":{"@id":"https:\/\/newsestlyonnais.fr\/site\/2020\/11\/20\/1-jour-1-association-bunkai-karate-do-de-venissieux\/#breadcrumb"},"inLanguage":"fr-FR","potentialAction":[{"@type":"ReadAction","target":["https:\/\/newsestlyonnais.fr\/site\/2020\/11\/20\/1-jour-1-association-bunkai-karate-do-de-venissieux\/"]}]},{"@type":"ImageObject","inLanguage":"fr-FR","@id":"https:\/\/newsestlyonnais.fr\/site\/2020\/11\/20\/1-jour-1-association-bunkai-karate-do-de-venissieux\/#primaryimage","url":"https:\/\/newsestlyonnais.fr\/site\/wp-content\/uploads\/2020\/11\/NEWSESTLYONNAIS-BUNKAI-01.jpg","contentUrl":"https:\/\/newsestlyonnais.fr\/site\/wp-content\/uploads\/2020\/11\/NEWSESTLYONNAIS-BUNKAI-01.jpg","width":756,"height":567},{"@type":"BreadcrumbList","@id":"https:\/\/newsestlyonnais.fr\/site\/2020\/11\/20\/1-jour-1-association-bunkai-karate-do-de-venissieux\/#breadcrumb","itemListElement":[{"@type":"ListItem","position":1,"name":"Accueil","item":"https:\/\/newsestlyonnais.fr\/site\/"},{"@type":"ListItem","position":2,"name":"1 jour, 1 association | Bunka\u00ef Karat\u00e9-Do de V\u00e9nissieux"}]},{"@type":"WebSite","@id":"https:\/\/newsestlyonnais.fr\/site\/#website","url":"https:\/\/newsestlyonnais.fr\/site\/","name":"News Est Lyonnais","description":"L&#039;actualit\u00e9 au plus pr\u00e8s","publisher":{"@id":"https:\/\/newsestlyonnais.fr\/site\/#organization"},"potentialAction":[{"@type":"SearchAction","target":{"@type":"EntryPoint","urlTemplate":"https:\/\/newsestlyonnais.fr\/site\/?s={search_term_string}"},"query-input":{"@type":"PropertyValueSpecification","valueRequired":true,"valueName":"search_term_string"}}],"inLanguage":"fr-FR"},{"@type":"Organization","@id":"https:\/\/newsestlyonnais.fr\/site\/#organization","name":"News EST LYONNAIS","url":"https:\/\/newsestlyonnais.fr\/site\/","logo":{"@type":"ImageObject","inLanguage":"fr-FR","@id":"https:\/\/newsestlyonnais.fr\/site\/#\/schema\/logo\/image\/","url":"","contentUrl":"","caption":"News EST LYONNAIS"},"image":{"@id":"https:\/\/newsestlyonnais.fr\/site\/#\/schema\/logo\/image\/"}},{"@type":"Person","@id":"https:\/\/newsestlyonnais.fr\/site\/#\/schema\/person\/3230d5615f390bb808365d673001e887","name":"R\u00e9dac. NEWS","sameAs":["http:\/\/www.newsestlyonnais.fr","https:\/\/www.facebook.com\/pascal.oberson.1?fref=ts","https:\/\/fr.linkedin.com\/in\/pascal-oberson-b17045113"],"url":"https:\/\/newsestlyonnais.fr\/site\/author\/nel\/"}]}},"_links":{"self":[{"href":"https:\/\/newsestlyonnais.fr\/site\/wp-json\/wp\/v2\/posts\/118058","targetHints":{"allow":["GET"]}}],"collection":[{"href":"https:\/\/newsestlyonnais.fr\/site\/wp-json\/wp\/v2\/posts"}],"about":[{"href":"https:\/\/newsestlyonnais.fr\/site\/wp-json\/wp\/v2\/types\/post"}],"author":[{"embeddable":true,"href":"https:\/\/newsestlyonnais.fr\/site\/wp-json\/wp\/v2\/users\/4"}],"replies":[{"embeddable":true,"href":"https:\/\/newsestlyonnais.fr\/site\/wp-json\/wp\/v2\/comments?post=118058"}],"version-history":[{"count":0,"href":"https:\/\/newsestlyonnais.fr\/site\/wp-json\/wp\/v2\/posts\/118058\/revisions"}],"wp:featuredmedia":[{"embeddable":true,"href":"https:\/\/newsestlyonnais.fr\/site\/wp-json\/wp\/v2\/media\/118078"}],"wp:attachment":[{"href":"https:\/\/newsestlyonnais.fr\/site\/wp-json\/wp\/v2\/media?parent=118058"}],"wp:term":[{"taxonomy":"category","embeddable":true,"href":"https:\/\/newsestlyonnais.fr\/site\/wp-json\/wp\/v2\/categories?post=118058"},{"taxonomy":"post_tag","embeddable":true,"href":"https:\/\/newsestlyonnais.fr\/site\/wp-json\/wp\/v2\/tags?post=118058"}],"curies":[{"name":"wp","href":"https:\/\/api.w.org\/{rel}","templated":true}]}}