{"id":118124,"date":"2020-11-20T11:11:51","date_gmt":"2020-11-20T10:11:51","guid":{"rendered":"http:\/\/newsestlyonnais.fr\/site\/?p=118124"},"modified":"2020-11-20T11:12:43","modified_gmt":"2020-11-20T10:12:43","slug":"transports-4-semaine-de-confinement-le-sytral-affine-loffre","status":"publish","type":"post","link":"https:\/\/newsestlyonnais.fr\/site\/2020\/11\/20\/transports-4-semaine-de-confinement-le-sytral-affine-loffre\/","title":{"rendered":"TRANSPORTS | 4\u00b0 semaine de confinement > le Sytral affine l&rsquo;offre"},"content":{"rendered":"<p><strong><em>Des ajustements cibl\u00e9s sur le r\u00e9seau TCL<\/em><\/strong><\/p>\n<p>Durant la troisi\u00e8me semaine de confinement, le r\u00e9seau TCL enregistre une l\u00e9g\u00e8re progression de sa fr\u00e9quentation de l\u2019ordre de 5 %, pour atteindre 50% avec des heures de pointe toujours marqu\u00e9es.<\/p>\n<p><strong>Si l\u2019offre de transport est maintenue \u00e0 80 %<\/strong> dans les prochains jours, le SYTRAL proc\u00e8de \u00e0 de nouveaux ajustements destin\u00e9s \u00e0 garantir une offre de transport cibl\u00e9e et adapt\u00e9e aux personnes dont les d\u00e9placements sont indispensables.<\/p>\n<p>A compter du 23 novembre, la fr\u00e9quence des <strong>lignes C21, 22, 50 et 72<\/strong> sera augment\u00e9e au regard de la fr\u00e9quentation constat\u00e9e. Le SYTRAL, en lien permanent avec les directions des \u00e9tablissements scolaires adapte par ailleurs les horaires des<strong> lignes 43 et Junior Direct 333<\/strong>, aux horaires de fonctionnement des lyc\u00e9es desservis.<\/p>\n<p><em><strong>Toutes les informations sur : <span style=\"color: #0000ff;\"><a style=\"color: #0000ff;\" href=\"http:\/\/www.tcl.fr\">www.tcl.fr<\/a><\/span><\/strong><\/em><\/p>\n<hr \/>\n<p><em><strong>Rh\u00f4nexpress<\/strong><\/em><\/p>\n<p>Au vu de la fr\u00e9quentation observ\u00e9e, <strong>la liaison ferr\u00e9e pour l\u2019a\u00e9roport Lyon-SaintExup\u00e9ry sera adapt\u00e9e \u00e0 partir du 23 novembre<\/strong>. La fr\u00e9quence de 30 minutes est conserv\u00e9e durant les heures de pointe afin d\u2019assurer les d\u00e9placements des salari\u00e9s de la zone a\u00e9roportuaire, et ajust\u00e9e \u00e060 minutes en heures creuses.<\/p>\n<p><em><strong>Toutes les informations sur :\u00a0<span style=\"color: #0000ff;\"><a style=\"color: #0000ff;\" href=\"http:\/\/rhonexpress.fr\">rhonexpress.fr<\/a><\/span><\/strong><\/em><\/p>\n","protected":false},"excerpt":{"rendered":"<p>Il adapte r\u00e9guli\u00e8rement l\u2019offre de transport au regard de l\u2019\u00e9volution de la fr\u00e9quentation, tout en assurant une desserte efficace des territoires.<\/p>\n","protected":false},"author":4,"featured_media":84714,"comment_status":"open","ping_status":"open","sticky":false,"template":"","format":"standard","meta":{"footnotes":""},"categories":[2217,1625,13],"tags":[2455,2050],"class_list":["post-118124","post","type-post","status-publish","format-standard","has-post-thumbnail","hentry","category-breves-de-lest-lyonnais","category-lyon","category-transports-circulation","tag-sytral","tag-transports"],"yoast_head":"<!-- This site is optimized with the Yoast SEO plugin v27.2 - https:\/\/yoast.com\/product\/yoast-seo-wordpress\/ -->\n<title>TRANSPORTS | 4\u00b0 semaine de confinement &gt; le Sytral affine l&#039;offre - News Est Lyonnais<\/title>\n<meta name=\"description\" content=\"TRANSPORTS | 4\u00b0 semaine de confinement &gt; le Sytral affine l&#039;offre\" \/>\n<meta name=\"robots\" content=\"index, follow, max-snippet:-1, max-image-preview:large, max-video-preview:-1\" \/>\n<link rel=\"canonical\" href=\"https:\/\/newsestlyonnais.fr\/site\/2020\/11\/20\/transports-4-semaine-de-confinement-le-sytral-affine-loffre\/\" \/>\n<meta property=\"og:locale\" content=\"fr_FR\" \/>\n<meta property=\"og:type\" content=\"article\" \/>\n<meta property=\"og:title\" content=\"TRANSPORTS | 4\u00b0 semaine de confinement &gt; le Sytral affine l&#039;offre - News Est Lyonnais\" \/>\n<meta property=\"og:description\" content=\"TRANSPORTS | 4\u00b0 semaine de confinement &gt; le Sytral affine l&#039;offre\" \/>\n<meta property=\"og:url\" content=\"https:\/\/newsestlyonnais.fr\/site\/2020\/11\/20\/transports-4-semaine-de-confinement-le-sytral-affine-loffre\/\" \/>\n<meta property=\"og:site_name\" content=\"News Est Lyonnais\" \/>\n<meta property=\"article:author\" content=\"https:\/\/www.facebook.com\/pascal.oberson.1?fref=ts\" \/>\n<meta property=\"article:published_time\" content=\"2020-11-20T10:11:51+00:00\" \/>\n<meta property=\"article:modified_time\" content=\"2020-11-20T10:12:43+00:00\" \/>\n<meta property=\"og:image\" content=\"https:\/\/i0.wp.com\/newsestlyonnais.fr\/site\/wp-content\/uploads\/2019\/10\/NEWSESTLYONNAIS-BUS-TCL-BIS.jpg?fit=1200%2C800&ssl=1\" \/>\n\t<meta property=\"og:image:width\" content=\"1200\" \/>\n\t<meta property=\"og:image:height\" content=\"800\" \/>\n\t<meta property=\"og:image:type\" content=\"image\/jpeg\" \/>\n<meta name=\"author\" content=\"R\u00e9dac. NEWS\" \/>\n<meta name=\"twitter:card\" content=\"summary_large_image\" \/>\n<meta name=\"twitter:label1\" content=\"\u00c9crit par\" \/>\n\t<meta name=\"twitter:data1\" content=\"R\u00e9dac. NEWS\" \/>\n\t<meta name=\"twitter:label2\" content=\"Dur\u00e9e de lecture estim\u00e9e\" \/>\n\t<meta name=\"twitter:data2\" content=\"1 minute\" \/>\n<script type=\"application\/ld+json\" class=\"yoast-schema-graph\">{\"@context\":\"https:\/\/schema.org\",\"@graph\":[{\"@type\":\"Article\",\"@id\":\"https:\/\/newsestlyonnais.fr\/site\/2020\/11\/20\/transports-4-semaine-de-confinement-le-sytral-affine-loffre\/#article\",\"isPartOf\":{\"@id\":\"https:\/\/newsestlyonnais.fr\/site\/2020\/11\/20\/transports-4-semaine-de-confinement-le-sytral-affine-loffre\/\"},\"author\":{\"name\":\"R\u00e9dac. NEWS\",\"@id\":\"https:\/\/newsestlyonnais.fr\/site\/#\/schema\/person\/3230d5615f390bb808365d673001e887\"},\"headline\":\"TRANSPORTS | 4\u00b0 semaine de confinement > le Sytral affine l&rsquo;offre\",\"datePublished\":\"2020-11-20T10:11:51+00:00\",\"dateModified\":\"2020-11-20T10:12:43+00:00\",\"mainEntityOfPage\":{\"@id\":\"https:\/\/newsestlyonnais.fr\/site\/2020\/11\/20\/transports-4-semaine-de-confinement-le-sytral-affine-loffre\/\"},\"wordCount\":215,\"commentCount\":0,\"publisher\":{\"@id\":\"https:\/\/newsestlyonnais.fr\/site\/#organization\"},\"image\":{\"@id\":\"https:\/\/newsestlyonnais.fr\/site\/2020\/11\/20\/transports-4-semaine-de-confinement-le-sytral-affine-loffre\/#primaryimage\"},\"thumbnailUrl\":\"https:\/\/newsestlyonnais.fr\/site\/wp-content\/uploads\/2019\/10\/NEWSESTLYONNAIS-BUS-TCL-BIS.jpg\",\"keywords\":[\"SYTRAL\",\"TRANSPORTS\"],\"articleSection\":[\"Br\u00e8ves de l'Est lyonnais\",\"Lyon\",\"Transports | Circulation\"],\"inLanguage\":\"fr-FR\",\"potentialAction\":[{\"@type\":\"CommentAction\",\"name\":\"Comment\",\"target\":[\"https:\/\/newsestlyonnais.fr\/site\/2020\/11\/20\/transports-4-semaine-de-confinement-le-sytral-affine-loffre\/#respond\"]}]},{\"@type\":\"WebPage\",\"@id\":\"https:\/\/newsestlyonnais.fr\/site\/2020\/11\/20\/transports-4-semaine-de-confinement-le-sytral-affine-loffre\/\",\"url\":\"https:\/\/newsestlyonnais.fr\/site\/2020\/11\/20\/transports-4-semaine-de-confinement-le-sytral-affine-loffre\/\",\"name\":\"TRANSPORTS | 4\u00b0 semaine de confinement > le Sytral affine l'offre - News Est Lyonnais\",\"isPartOf\":{\"@id\":\"https:\/\/newsestlyonnais.fr\/site\/#website\"},\"primaryImageOfPage\":{\"@id\":\"https:\/\/newsestlyonnais.fr\/site\/2020\/11\/20\/transports-4-semaine-de-confinement-le-sytral-affine-loffre\/#primaryimage\"},\"image\":{\"@id\":\"https:\/\/newsestlyonnais.fr\/site\/2020\/11\/20\/transports-4-semaine-de-confinement-le-sytral-affine-loffre\/#primaryimage\"},\"thumbnailUrl\":\"https:\/\/newsestlyonnais.fr\/site\/wp-content\/uploads\/2019\/10\/NEWSESTLYONNAIS-BUS-TCL-BIS.jpg\",\"datePublished\":\"2020-11-20T10:11:51+00:00\",\"dateModified\":\"2020-11-20T10:12:43+00:00\",\"description\":\"TRANSPORTS | 4\u00b0 semaine de confinement > le Sytral affine l'offre\",\"breadcrumb\":{\"@id\":\"https:\/\/newsestlyonnais.fr\/site\/2020\/11\/20\/transports-4-semaine-de-confinement-le-sytral-affine-loffre\/#breadcrumb\"},\"inLanguage\":\"fr-FR\",\"potentialAction\":[{\"@type\":\"ReadAction\",\"target\":[\"https:\/\/newsestlyonnais.fr\/site\/2020\/11\/20\/transports-4-semaine-de-confinement-le-sytral-affine-loffre\/\"]}]},{\"@type\":\"ImageObject\",\"inLanguage\":\"fr-FR\",\"@id\":\"https:\/\/newsestlyonnais.fr\/site\/2020\/11\/20\/transports-4-semaine-de-confinement-le-sytral-affine-loffre\/#primaryimage\",\"url\":\"https:\/\/newsestlyonnais.fr\/site\/wp-content\/uploads\/2019\/10\/NEWSESTLYONNAIS-BUS-TCL-BIS.jpg\",\"contentUrl\":\"https:\/\/newsestlyonnais.fr\/site\/wp-content\/uploads\/2019\/10\/NEWSESTLYONNAIS-BUS-TCL-BIS.jpg\",\"width\":1200,\"height\":800},{\"@type\":\"BreadcrumbList\",\"@id\":\"https:\/\/newsestlyonnais.fr\/site\/2020\/11\/20\/transports-4-semaine-de-confinement-le-sytral-affine-loffre\/#breadcrumb\",\"itemListElement\":[{\"@type\":\"ListItem\",\"position\":1,\"name\":\"Accueil\",\"item\":\"https:\/\/newsestlyonnais.fr\/site\/\"},{\"@type\":\"ListItem\",\"position\":2,\"name\":\"TRANSPORTS | 4\u00b0 semaine de confinement > le Sytral affine l&rsquo;offre\"}]},{\"@type\":\"WebSite\",\"@id\":\"https:\/\/newsestlyonnais.fr\/site\/#website\",\"url\":\"https:\/\/newsestlyonnais.fr\/site\/\",\"name\":\"News Est Lyonnais\",\"description\":\"L&#039;actualit\u00e9 au plus pr\u00e8s\",\"publisher\":{\"@id\":\"https:\/\/newsestlyonnais.fr\/site\/#organization\"},\"potentialAction\":[{\"@type\":\"SearchAction\",\"target\":{\"@type\":\"EntryPoint\",\"urlTemplate\":\"https:\/\/newsestlyonnais.fr\/site\/?s={search_term_string}\"},\"query-input\":{\"@type\":\"PropertyValueSpecification\",\"valueRequired\":true,\"valueName\":\"search_term_string\"}}],\"inLanguage\":\"fr-FR\"},{\"@type\":\"Organization\",\"@id\":\"https:\/\/newsestlyonnais.fr\/site\/#organization\",\"name\":\"News EST LYONNAIS\",\"url\":\"https:\/\/newsestlyonnais.fr\/site\/\",\"logo\":{\"@type\":\"ImageObject\",\"inLanguage\":\"fr-FR\",\"@id\":\"https:\/\/newsestlyonnais.fr\/site\/#\/schema\/logo\/image\/\",\"url\":\"\",\"contentUrl\":\"\",\"caption\":\"News EST LYONNAIS\"},\"image\":{\"@id\":\"https:\/\/newsestlyonnais.fr\/site\/#\/schema\/logo\/image\/\"}},{\"@type\":\"Person\",\"@id\":\"https:\/\/newsestlyonnais.fr\/site\/#\/schema\/person\/3230d5615f390bb808365d673001e887\",\"name\":\"R\u00e9dac. NEWS\",\"sameAs\":[\"http:\/\/www.newsestlyonnais.fr\",\"https:\/\/www.facebook.com\/pascal.oberson.1?fref=ts\",\"https:\/\/fr.linkedin.com\/in\/pascal-oberson-b17045113\"],\"url\":\"https:\/\/newsestlyonnais.fr\/site\/author\/nel\/\"}]}<\/script>\n<!-- \/ Yoast SEO plugin. -->","yoast_head_json":{"title":"TRANSPORTS | 4\u00b0 semaine de confinement > le Sytral affine l'offre - News Est Lyonnais","description":"TRANSPORTS | 4\u00b0 semaine de confinement > le Sytral affine l'offre","robots":{"index":"index","follow":"follow","max-snippet":"max-snippet:-1","max-image-preview":"max-image-preview:large","max-video-preview":"max-video-preview:-1"},"canonical":"https:\/\/newsestlyonnais.fr\/site\/2020\/11\/20\/transports-4-semaine-de-confinement-le-sytral-affine-loffre\/","og_locale":"fr_FR","og_type":"article","og_title":"TRANSPORTS | 4\u00b0 semaine de confinement > le Sytral affine l'offre - News Est Lyonnais","og_description":"TRANSPORTS | 4\u00b0 semaine de confinement > le Sytral affine l'offre","og_url":"https:\/\/newsestlyonnais.fr\/site\/2020\/11\/20\/transports-4-semaine-de-confinement-le-sytral-affine-loffre\/","og_site_name":"News Est Lyonnais","article_author":"https:\/\/www.facebook.com\/pascal.oberson.1?fref=ts","article_published_time":"2020-11-20T10:11:51+00:00","article_modified_time":"2020-11-20T10:12:43+00:00","og_image":[{"width":1200,"height":800,"url":"https:\/\/i0.wp.com\/newsestlyonnais.fr\/site\/wp-content\/uploads\/2019\/10\/NEWSESTLYONNAIS-BUS-TCL-BIS.jpg?fit=1200%2C800&ssl=1","type":"image\/jpeg"}],"author":"R\u00e9dac. NEWS","twitter_card":"summary_large_image","twitter_misc":{"\u00c9crit par":"R\u00e9dac. NEWS","Dur\u00e9e de lecture estim\u00e9e":"1 minute"},"schema":{"@context":"https:\/\/schema.org","@graph":[{"@type":"Article","@id":"https:\/\/newsestlyonnais.fr\/site\/2020\/11\/20\/transports-4-semaine-de-confinement-le-sytral-affine-loffre\/#article","isPartOf":{"@id":"https:\/\/newsestlyonnais.fr\/site\/2020\/11\/20\/transports-4-semaine-de-confinement-le-sytral-affine-loffre\/"},"author":{"name":"R\u00e9dac. NEWS","@id":"https:\/\/newsestlyonnais.fr\/site\/#\/schema\/person\/3230d5615f390bb808365d673001e887"},"headline":"TRANSPORTS | 4\u00b0 semaine de confinement > le Sytral affine l&rsquo;offre","datePublished":"2020-11-20T10:11:51+00:00","dateModified":"2020-11-20T10:12:43+00:00","mainEntityOfPage":{"@id":"https:\/\/newsestlyonnais.fr\/site\/2020\/11\/20\/transports-4-semaine-de-confinement-le-sytral-affine-loffre\/"},"wordCount":215,"commentCount":0,"publisher":{"@id":"https:\/\/newsestlyonnais.fr\/site\/#organization"},"image":{"@id":"https:\/\/newsestlyonnais.fr\/site\/2020\/11\/20\/transports-4-semaine-de-confinement-le-sytral-affine-loffre\/#primaryimage"},"thumbnailUrl":"https:\/\/newsestlyonnais.fr\/site\/wp-content\/uploads\/2019\/10\/NEWSESTLYONNAIS-BUS-TCL-BIS.jpg","keywords":["SYTRAL","TRANSPORTS"],"articleSection":["Br\u00e8ves de l'Est lyonnais","Lyon","Transports | Circulation"],"inLanguage":"fr-FR","potentialAction":[{"@type":"CommentAction","name":"Comment","target":["https:\/\/newsestlyonnais.fr\/site\/2020\/11\/20\/transports-4-semaine-de-confinement-le-sytral-affine-loffre\/#respond"]}]},{"@type":"WebPage","@id":"https:\/\/newsestlyonnais.fr\/site\/2020\/11\/20\/transports-4-semaine-de-confinement-le-sytral-affine-loffre\/","url":"https:\/\/newsestlyonnais.fr\/site\/2020\/11\/20\/transports-4-semaine-de-confinement-le-sytral-affine-loffre\/","name":"TRANSPORTS | 4\u00b0 semaine de confinement > le Sytral affine l'offre - News Est Lyonnais","isPartOf":{"@id":"https:\/\/newsestlyonnais.fr\/site\/#website"},"primaryImageOfPage":{"@id":"https:\/\/newsestlyonnais.fr\/site\/2020\/11\/20\/transports-4-semaine-de-confinement-le-sytral-affine-loffre\/#primaryimage"},"image":{"@id":"https:\/\/newsestlyonnais.fr\/site\/2020\/11\/20\/transports-4-semaine-de-confinement-le-sytral-affine-loffre\/#primaryimage"},"thumbnailUrl":"https:\/\/newsestlyonnais.fr\/site\/wp-content\/uploads\/2019\/10\/NEWSESTLYONNAIS-BUS-TCL-BIS.jpg","datePublished":"2020-11-20T10:11:51+00:00","dateModified":"2020-11-20T10:12:43+00:00","description":"TRANSPORTS | 4\u00b0 semaine de confinement > le Sytral affine l'offre","breadcrumb":{"@id":"https:\/\/newsestlyonnais.fr\/site\/2020\/11\/20\/transports-4-semaine-de-confinement-le-sytral-affine-loffre\/#breadcrumb"},"inLanguage":"fr-FR","potentialAction":[{"@type":"ReadAction","target":["https:\/\/newsestlyonnais.fr\/site\/2020\/11\/20\/transports-4-semaine-de-confinement-le-sytral-affine-loffre\/"]}]},{"@type":"ImageObject","inLanguage":"fr-FR","@id":"https:\/\/newsestlyonnais.fr\/site\/2020\/11\/20\/transports-4-semaine-de-confinement-le-sytral-affine-loffre\/#primaryimage","url":"https:\/\/newsestlyonnais.fr\/site\/wp-content\/uploads\/2019\/10\/NEWSESTLYONNAIS-BUS-TCL-BIS.jpg","contentUrl":"https:\/\/newsestlyonnais.fr\/site\/wp-content\/uploads\/2019\/10\/NEWSESTLYONNAIS-BUS-TCL-BIS.jpg","width":1200,"height":800},{"@type":"BreadcrumbList","@id":"https:\/\/newsestlyonnais.fr\/site\/2020\/11\/20\/transports-4-semaine-de-confinement-le-sytral-affine-loffre\/#breadcrumb","itemListElement":[{"@type":"ListItem","position":1,"name":"Accueil","item":"https:\/\/newsestlyonnais.fr\/site\/"},{"@type":"ListItem","position":2,"name":"TRANSPORTS | 4\u00b0 semaine de confinement > le Sytral affine l&rsquo;offre"}]},{"@type":"WebSite","@id":"https:\/\/newsestlyonnais.fr\/site\/#website","url":"https:\/\/newsestlyonnais.fr\/site\/","name":"News Est Lyonnais","description":"L&#039;actualit\u00e9 au plus pr\u00e8s","publisher":{"@id":"https:\/\/newsestlyonnais.fr\/site\/#organization"},"potentialAction":[{"@type":"SearchAction","target":{"@type":"EntryPoint","urlTemplate":"https:\/\/newsestlyonnais.fr\/site\/?s={search_term_string}"},"query-input":{"@type":"PropertyValueSpecification","valueRequired":true,"valueName":"search_term_string"}}],"inLanguage":"fr-FR"},{"@type":"Organization","@id":"https:\/\/newsestlyonnais.fr\/site\/#organization","name":"News EST LYONNAIS","url":"https:\/\/newsestlyonnais.fr\/site\/","logo":{"@type":"ImageObject","inLanguage":"fr-FR","@id":"https:\/\/newsestlyonnais.fr\/site\/#\/schema\/logo\/image\/","url":"","contentUrl":"","caption":"News EST LYONNAIS"},"image":{"@id":"https:\/\/newsestlyonnais.fr\/site\/#\/schema\/logo\/image\/"}},{"@type":"Person","@id":"https:\/\/newsestlyonnais.fr\/site\/#\/schema\/person\/3230d5615f390bb808365d673001e887","name":"R\u00e9dac. NEWS","sameAs":["http:\/\/www.newsestlyonnais.fr","https:\/\/www.facebook.com\/pascal.oberson.1?fref=ts","https:\/\/fr.linkedin.com\/in\/pascal-oberson-b17045113"],"url":"https:\/\/newsestlyonnais.fr\/site\/author\/nel\/"}]}},"_links":{"self":[{"href":"https:\/\/newsestlyonnais.fr\/site\/wp-json\/wp\/v2\/posts\/118124","targetHints":{"allow":["GET"]}}],"collection":[{"href":"https:\/\/newsestlyonnais.fr\/site\/wp-json\/wp\/v2\/posts"}],"about":[{"href":"https:\/\/newsestlyonnais.fr\/site\/wp-json\/wp\/v2\/types\/post"}],"author":[{"embeddable":true,"href":"https:\/\/newsestlyonnais.fr\/site\/wp-json\/wp\/v2\/users\/4"}],"replies":[{"embeddable":true,"href":"https:\/\/newsestlyonnais.fr\/site\/wp-json\/wp\/v2\/comments?post=118124"}],"version-history":[{"count":0,"href":"https:\/\/newsestlyonnais.fr\/site\/wp-json\/wp\/v2\/posts\/118124\/revisions"}],"wp:featuredmedia":[{"embeddable":true,"href":"https:\/\/newsestlyonnais.fr\/site\/wp-json\/wp\/v2\/media\/84714"}],"wp:attachment":[{"href":"https:\/\/newsestlyonnais.fr\/site\/wp-json\/wp\/v2\/media?parent=118124"}],"wp:term":[{"taxonomy":"category","embeddable":true,"href":"https:\/\/newsestlyonnais.fr\/site\/wp-json\/wp\/v2\/categories?post=118124"},{"taxonomy":"post_tag","embeddable":true,"href":"https:\/\/newsestlyonnais.fr\/site\/wp-json\/wp\/v2\/tags?post=118124"}],"curies":[{"name":"wp","href":"https:\/\/api.w.org\/{rel}","templated":true}]}}