{"id":118276,"date":"2020-11-23T07:59:31","date_gmt":"2020-11-23T06:59:31","guid":{"rendered":"http:\/\/newsestlyonnais.fr\/site\/?p=118276"},"modified":"2020-11-29T08:47:33","modified_gmt":"2020-11-29T07:47:33","slug":"1-jour-1-association-riff-a-colombier-saugnieu","status":"publish","type":"post","link":"https:\/\/newsestlyonnais.fr\/site\/2020\/11\/23\/1-jour-1-association-riff-a-colombier-saugnieu\/","title":{"rendered":"1 jour, 1 association | \u00a0\u00bb RIFF \u00a0\u00bb \u00e0 Colombier-Saugnieu"},"content":{"rendered":"<p>En ce lundi, c\u2019est <strong>Lucie Boy-Perret, pr\u00e9sidente depuis d\u00e9but f\u00e9vrier 2000<\/strong>, qui r\u00e9pond aux questions de la r\u00e9daction :<\/p>\n<hr \/>\n<ul>\n<li><span style=\"font-size: 14pt;\"><strong><u>Quelle est son activit\u00e9 et effectif actuel<\/u><\/strong><\/span><strong><span style=\"font-size: 14pt;\"> ?<\/span> <\/strong><\/li>\n<\/ul>\n<p>\u00bb Activit\u00e9 principale culturelle avec des cours :<\/p>\n<ul>\n<li>de <strong>Musique<\/strong> (enfants et adultes) : batterie, guitare, piano, fl\u00fbte, djemb\u00e9 etc&#8230;<\/li>\n<li>de <strong>Peinture<\/strong> (enfants et adultes) : toutes les techniques &gt; huile, acrylique, aquarelle, dessins&#8230;.<\/li>\n<li>de <strong>Th\u00e9\u00e2tre<\/strong> (adultes et enfants, ados).<\/li>\n<\/ul>\n<p>Effectif \u00e0 ce jour : <strong>77 adh\u00e9rents<\/strong> cette ann\u00e9e (31 femmes, 17 hommes et 29 enfants). Nous donnons 1 concert par an en mai (un vendredi soir autour du 15 mai) ainsi que 2 pi\u00e8ces de th\u00e9\u00e2tre (en juin) enfants-ados et adultes.<\/p>\n<p><span style=\"font-size: 14pt;\"><strong>Sa devise : \u00ab\u00a0ici, on apprend \u00e0 r\u00eaver, s&rsquo;\u00e9vader et cr\u00e9er\u00a0\u00bb <\/strong>\u00ab .<\/span><\/p>\n<hr \/>\n<ul>\n<li><span style=\"font-size: 14pt;\"><strong><u>Comment s\u2019\u00e9tait pass\u00e9 le 1\u00b0 confinement et aviez vous mis du personnel au ch\u00f4mage<\/u><\/strong><\/span><strong><span style=\"font-size: 14pt;\"> ?<\/span> <\/strong><\/li>\n<\/ul>\n<p>\u00bb <strong>Nous avons su rebondir pendant le premier confinement<\/strong>. Mon objectif \u00e9tait de continuer \u00e0 donner des cours \u00e0 nos adh\u00e9rents et \u00e0 leur procurer un peu d\u2019\u00e9vasion. Nous avons d\u00e9cid\u00e9 avec l\u2019ensemble des professeurs, de donner des cours en visio-conf\u00e9rence. Nos adh\u00e9rents ont appr\u00e9ci\u00e9 que nous soyons toujours pr\u00e9sents pour eux \u00ab .<\/p>\n<hr \/>\n<ul>\n<li><span style=\"font-size: 14pt;\"><strong><u>Et la reprise des activit\u00e9s \u00e0 la rentr\u00e9e de septembre<\/u><\/strong> <strong>?<\/strong><\/span><\/li>\n<\/ul>\n<p>\u00bb La reprise s\u2019est bien pass\u00e9e malgr\u00e9 tout \u00ab .<\/p>\n<ul>\n<li><span style=\"font-size: 14pt;\"><span style=\"text-decoration: underline;\"><strong>Avez-vous connu depuis une baisse de vos effectifs<\/strong><\/span> ?<\/span><\/li>\n<\/ul>\n<p>\u00bb Oui, <strong>nos effectifs ont baiss\u00e9 depuis<\/strong> : en section peinture (d\u2019environ \u00bc), en section piano (\u00bc) et en th\u00e9\u00e2tre enfants environ (1\/3) \u00bb.<\/p>\n<ul>\n<li><span style=\"font-size: 14pt;\"><strong><span style=\"text-decoration: underline;\">Avez- vous \u00e9t\u00e9 contraints d\u2019annuler des \u00e9v\u00e8nements ou comp\u00e9titions<\/span><\/strong> ?<\/span><\/li>\n<\/ul>\n<p>\u00bb Nous avons d\u00fb annuler notre concert \u00ab Classic and Jazz \u00bb par 2 fois. La premi\u00e8re fois le 15 mai, report\u00e9 au 6 novembre et annul\u00e9 pour la deuxi\u00e8me fois suite au 2\u00b0 confinement \u00e9galement \u00e0 cause du confinement, notre exposition de peinture pr\u00e9vue d\u00e9but juillet 2020 \u00ab .<\/p>\n<hr \/>\n<ul>\n<li><span style=\"font-size: 14pt;\"><strong><span style=\"text-decoration: underline;\">Comment se d\u00e9roule ce 2\u00b0 confinement<\/span> <\/strong>?<\/span><\/li>\n<\/ul>\n<p>\u00bb Nous avons repris plus que jamais les cours en visio-conf\u00e9rence. Il ne faut pas baisser les bras, la culture c\u2019est tr\u00e8s important et nous ferons en sorte qu\u2019elle continue d\u2019exister pour le bien de tous.<\/p>\n<ul>\n<li><strong><span style=\"font-size: 14pt;\"><span style=\"text-decoration: underline;\">Cons\u00e9quences financi\u00e8res, sportives ou autres<\/span> ?<\/span> <\/strong><\/li>\n<\/ul>\n<p>\u00bb <strong>Moins d\u2019adh\u00e9rents, spectacles annul\u00e9s<\/strong>, donc moins de finance et projets cr\u00e9atifs report\u00e9s.Nous aimons innover, aller de l\u2019avant et avons toujours des projets en t\u00eate et nous essaierons dans la mesure du possible, de les r\u00e9aliser. Nous avons aussi l\u2019espoir que nos repr\u00e9sentations (concert et pi\u00e8ces de th\u00e9\u00e2tre) seront possibles sur l\u2019ann\u00e9e 2021 \u00ab .<\/p>\n<hr \/>\n<ul>\n<li><span style=\"font-size: 14pt;\"><span style=\"text-decoration: underline;\"><strong>Et pour conclure<\/strong><\/span> <strong>?<\/strong><\/span><\/li>\n<\/ul>\n<p>\u00bb <strong>La culture n\u2019est pas provisoire, elle est \u00e9ternelle et se conjugue \u00e0 l\u2019infini.<\/strong> Cr\u00e9er, laisser parler son imagination, que ce soit en musique, peinture, th\u00e9\u00e2tre ou autre, est n\u00e9cessaire \u00e0 l\u2019\u00e9panouissement de chacun dans ce monde de brutes.<\/p>\n<p>Notre Association RIFF est tr\u00e8s fi\u00e8re d\u2019enseigner la culture et de procurer \u00e0 ses adh\u00e9rents, petits et grands, un moment d\u2019\u00e9vasion et de r\u00eave dont ils ont bien besoin en ce moment.<\/p>\n<p><strong>Vive la culture et ceux qui l\u2019enseignent !<\/strong> \u00ab .<\/p>\n<hr \/>\n<p><strong><u><img loading=\"lazy\" decoding=\"async\" class=\"alignleft size-thumbnail wp-image-118289\" src=\"https:\/\/newsestlyonnais.fr\/site\/wp-content\/uploads\/2020\/11\/Logo-Riff--250x253.jpg\" alt=\"\" width=\"148\" height=\"150\" srcset=\"https:\/\/newsestlyonnais.fr\/site\/wp-content\/uploads\/2020\/11\/Logo-Riff--250x253.jpg 250w, https:\/\/newsestlyonnais.fr\/site\/wp-content\/uploads\/2020\/11\/Logo-Riff--400x406.jpg 400w, https:\/\/newsestlyonnais.fr\/site\/wp-content\/uploads\/2020\/11\/Logo-Riff--150x152.jpg 150w, https:\/\/newsestlyonnais.fr\/site\/wp-content\/uploads\/2020\/11\/Logo-Riff--50x51.jpg 50w, https:\/\/newsestlyonnais.fr\/site\/wp-content\/uploads\/2020\/11\/Logo-Riff--100x101.jpg 100w, https:\/\/newsestlyonnais.fr\/site\/wp-content\/uploads\/2020\/11\/Logo-Riff--200x203.jpg 200w, https:\/\/newsestlyonnais.fr\/site\/wp-content\/uploads\/2020\/11\/Logo-Riff--300x304.jpg 300w, https:\/\/newsestlyonnais.fr\/site\/wp-content\/uploads\/2020\/11\/Logo-Riff--350x355.jpg 350w, https:\/\/newsestlyonnais.fr\/site\/wp-content\/uploads\/2020\/11\/Logo-Riff--450x456.jpg 450w, https:\/\/newsestlyonnais.fr\/site\/wp-content\/uploads\/2020\/11\/Logo-Riff--500x507.jpg 500w, https:\/\/newsestlyonnais.fr\/site\/wp-content\/uploads\/2020\/11\/Logo-Riff--550x558.jpg 550w, https:\/\/newsestlyonnais.fr\/site\/wp-content\/uploads\/2020\/11\/Logo-Riff-.jpg 578w\" sizes=\"auto, (max-width: 148px) 100vw, 148px\" \/><\/u><\/strong><\/p>\n<p><em><strong><span style=\"text-decoration: underline;\">A retrouver sur<\/span> : <span style=\"color: #0000ff;\"><a style=\"color: #0000ff;\" href=\"https:\/\/associationriff.fr\">https:\/\/associationriff.fr<\/a><\/span><\/strong><\/em><\/p>\n<p><strong><em><u>Contacts<\/u><\/em> : 06. 11. 23. 77. 80 <\/strong><\/p>\n<hr \/>\n<div id='gallery-1' class='gallery galleryid-118276 gallery-columns-3 gallery-size-thumbnail'><figure class='gallery-item'>\n\t\t\t<div class='gallery-icon landscape'>\n\t\t\t\t<a href='https:\/\/newsestlyonnais.fr\/site\/2020\/11\/23\/1-jour-1-association-riff-a-colombier-saugnieu\/photo-graffiti\/'><img loading=\"lazy\" decoding=\"async\" width=\"150\" height=\"113\" src=\"https:\/\/newsestlyonnais.fr\/site\/wp-content\/uploads\/2020\/11\/photo-graffiti-250x188.jpg\" class=\"attachment-thumbnail size-thumbnail\" alt=\"\" srcset=\"https:\/\/newsestlyonnais.fr\/site\/wp-content\/uploads\/2020\/11\/photo-graffiti-250x188.jpg 250w, https:\/\/newsestlyonnais.fr\/site\/wp-content\/uploads\/2020\/11\/photo-graffiti-400x300.jpg 400w, https:\/\/newsestlyonnais.fr\/site\/wp-content\/uploads\/2020\/11\/photo-graffiti-650x488.jpg 650w, https:\/\/newsestlyonnais.fr\/site\/wp-content\/uploads\/2020\/11\/photo-graffiti-768x576.jpg 768w, https:\/\/newsestlyonnais.fr\/site\/wp-content\/uploads\/2020\/11\/photo-graffiti-150x113.jpg 150w, https:\/\/newsestlyonnais.fr\/site\/wp-content\/uploads\/2020\/11\/photo-graffiti-50x38.jpg 50w, https:\/\/newsestlyonnais.fr\/site\/wp-content\/uploads\/2020\/11\/photo-graffiti-100x75.jpg 100w, https:\/\/newsestlyonnais.fr\/site\/wp-content\/uploads\/2020\/11\/photo-graffiti-200x150.jpg 200w, https:\/\/newsestlyonnais.fr\/site\/wp-content\/uploads\/2020\/11\/photo-graffiti-300x225.jpg 300w, https:\/\/newsestlyonnais.fr\/site\/wp-content\/uploads\/2020\/11\/photo-graffiti-350x263.jpg 350w, https:\/\/newsestlyonnais.fr\/site\/wp-content\/uploads\/2020\/11\/photo-graffiti-450x338.jpg 450w, https:\/\/newsestlyonnais.fr\/site\/wp-content\/uploads\/2020\/11\/photo-graffiti-500x375.jpg 500w, https:\/\/newsestlyonnais.fr\/site\/wp-content\/uploads\/2020\/11\/photo-graffiti-550x413.jpg 550w, https:\/\/newsestlyonnais.fr\/site\/wp-content\/uploads\/2020\/11\/photo-graffiti.jpg 781w\" sizes=\"auto, (max-width: 150px) 100vw, 150px\" \/><\/a>\n\t\t\t<\/div><\/figure><figure class='gallery-item'>\n\t\t\t<div class='gallery-icon landscape'>\n\t\t\t\t<a href='https:\/\/newsestlyonnais.fr\/site\/2020\/11\/23\/1-jour-1-association-riff-a-colombier-saugnieu\/img_4163\/'><img loading=\"lazy\" decoding=\"async\" width=\"150\" height=\"113\" src=\"https:\/\/newsestlyonnais.fr\/site\/wp-content\/uploads\/2020\/11\/IMG_4163-250x188.jpg\" class=\"attachment-thumbnail size-thumbnail\" alt=\"\" srcset=\"https:\/\/newsestlyonnais.fr\/site\/wp-content\/uploads\/2020\/11\/IMG_4163-250x188.jpg 250w, https:\/\/newsestlyonnais.fr\/site\/wp-content\/uploads\/2020\/11\/IMG_4163-400x300.jpg 400w, https:\/\/newsestlyonnais.fr\/site\/wp-content\/uploads\/2020\/11\/IMG_4163-650x488.jpg 650w, https:\/\/newsestlyonnais.fr\/site\/wp-content\/uploads\/2020\/11\/IMG_4163-768x576.jpg 768w, https:\/\/newsestlyonnais.fr\/site\/wp-content\/uploads\/2020\/11\/IMG_4163-150x113.jpg 150w, https:\/\/newsestlyonnais.fr\/site\/wp-content\/uploads\/2020\/11\/IMG_4163-50x38.jpg 50w, https:\/\/newsestlyonnais.fr\/site\/wp-content\/uploads\/2020\/11\/IMG_4163-100x75.jpg 100w, https:\/\/newsestlyonnais.fr\/site\/wp-content\/uploads\/2020\/11\/IMG_4163-200x150.jpg 200w, https:\/\/newsestlyonnais.fr\/site\/wp-content\/uploads\/2020\/11\/IMG_4163-300x225.jpg 300w, https:\/\/newsestlyonnais.fr\/site\/wp-content\/uploads\/2020\/11\/IMG_4163-350x263.jpg 350w, https:\/\/newsestlyonnais.fr\/site\/wp-content\/uploads\/2020\/11\/IMG_4163-450x338.jpg 450w, https:\/\/newsestlyonnais.fr\/site\/wp-content\/uploads\/2020\/11\/IMG_4163-500x375.jpg 500w, https:\/\/newsestlyonnais.fr\/site\/wp-content\/uploads\/2020\/11\/IMG_4163-550x413.jpg 550w, https:\/\/newsestlyonnais.fr\/site\/wp-content\/uploads\/2020\/11\/IMG_4163.jpg 781w\" sizes=\"auto, (max-width: 150px) 100vw, 150px\" \/><\/a>\n\t\t\t<\/div><\/figure>\n\t\t<\/div>\n\n","protected":false},"excerpt":{"rendered":"<p>Au cours de ce nouveau confinement, d\u00e9couvrez quotidiennement une association pr\u00e9sent\u00e9e par un de ses dirigeants.<\/p>\n","protected":false},"author":4,"featured_media":118297,"comment_status":"open","ping_status":"open","sticky":false,"template":"","format":"standard","meta":{"footnotes":""},"categories":[3420,270,221,1280,171,3006,3007],"tags":[2194,3445],"class_list":["post-118276","post","type-post","status-publish","format-standard","has-post-thumbnail","hentry","category-1-jour-1-association","category-cte-de-communes-c-c-e-l","category-cine-radio-theatre","category-colombier-saugnieu","category-enfance-jeunesse","category-musique-danse-humour","category-peinture-photo-sculpture","tag-colombier-saugnieu","tag-riff"],"yoast_head":"<!-- This site is optimized with the Yoast SEO plugin v27.2 - https:\/\/yoast.com\/product\/yoast-seo-wordpress\/ -->\n<title>1 jour, 1 association | &quot; RIFF &quot; \u00e0 Colombier-Saugnieu - News Est Lyonnais<\/title>\n<meta name=\"description\" content=\"1 jour, 1 association | RIFF \u00e0 Colombier-Saugnieu\" \/>\n<meta name=\"robots\" content=\"index, follow, max-snippet:-1, max-image-preview:large, max-video-preview:-1\" \/>\n<link rel=\"canonical\" href=\"https:\/\/newsestlyonnais.fr\/site\/2020\/11\/23\/1-jour-1-association-riff-a-colombier-saugnieu\/\" \/>\n<meta property=\"og:locale\" content=\"fr_FR\" \/>\n<meta property=\"og:type\" content=\"article\" \/>\n<meta property=\"og:title\" content=\"1 jour, 1 association | &quot; RIFF &quot; \u00e0 Colombier-Saugnieu - News Est Lyonnais\" \/>\n<meta property=\"og:description\" content=\"1 jour, 1 association | RIFF \u00e0 Colombier-Saugnieu\" \/>\n<meta property=\"og:url\" content=\"https:\/\/newsestlyonnais.fr\/site\/2020\/11\/23\/1-jour-1-association-riff-a-colombier-saugnieu\/\" \/>\n<meta property=\"og:site_name\" content=\"News Est Lyonnais\" \/>\n<meta property=\"article:author\" content=\"https:\/\/www.facebook.com\/pascal.oberson.1?fref=ts\" \/>\n<meta property=\"article:published_time\" content=\"2020-11-23T06:59:31+00:00\" \/>\n<meta property=\"article:modified_time\" content=\"2020-11-29T07:47:33+00:00\" \/>\n<meta property=\"og:image\" content=\"https:\/\/i0.wp.com\/newsestlyonnais.fr\/site\/wp-content\/uploads\/2020\/11\/photos-audition-batterie.jpg?fit=781%2C586&ssl=1\" \/>\n\t<meta property=\"og:image:width\" content=\"781\" \/>\n\t<meta property=\"og:image:height\" content=\"586\" \/>\n\t<meta property=\"og:image:type\" content=\"image\/jpeg\" \/>\n<meta name=\"author\" content=\"R\u00e9dac. NEWS\" \/>\n<meta name=\"twitter:card\" content=\"summary_large_image\" \/>\n<meta name=\"twitter:label1\" content=\"\u00c9crit par\" \/>\n\t<meta name=\"twitter:data1\" content=\"R\u00e9dac. NEWS\" \/>\n\t<meta name=\"twitter:label2\" content=\"Dur\u00e9e de lecture estim\u00e9e\" \/>\n\t<meta name=\"twitter:data2\" content=\"3 minutes\" \/>\n<script type=\"application\/ld+json\" class=\"yoast-schema-graph\">{\"@context\":\"https:\/\/schema.org\",\"@graph\":[{\"@type\":\"Article\",\"@id\":\"https:\/\/newsestlyonnais.fr\/site\/2020\/11\/23\/1-jour-1-association-riff-a-colombier-saugnieu\/#article\",\"isPartOf\":{\"@id\":\"https:\/\/newsestlyonnais.fr\/site\/2020\/11\/23\/1-jour-1-association-riff-a-colombier-saugnieu\/\"},\"author\":{\"name\":\"R\u00e9dac. NEWS\",\"@id\":\"https:\/\/newsestlyonnais.fr\/site\/#\/schema\/person\/3230d5615f390bb808365d673001e887\"},\"headline\":\"1 jour, 1 association | \u00a0\u00bb RIFF \u00a0\u00bb \u00e0 Colombier-Saugnieu\",\"datePublished\":\"2020-11-23T06:59:31+00:00\",\"dateModified\":\"2020-11-29T07:47:33+00:00\",\"mainEntityOfPage\":{\"@id\":\"https:\/\/newsestlyonnais.fr\/site\/2020\/11\/23\/1-jour-1-association-riff-a-colombier-saugnieu\/\"},\"wordCount\":515,\"commentCount\":0,\"publisher\":{\"@id\":\"https:\/\/newsestlyonnais.fr\/site\/#organization\"},\"image\":{\"@id\":\"https:\/\/newsestlyonnais.fr\/site\/2020\/11\/23\/1-jour-1-association-riff-a-colombier-saugnieu\/#primaryimage\"},\"thumbnailUrl\":\"https:\/\/newsestlyonnais.fr\/site\/wp-content\/uploads\/2020\/11\/photos-audition-batterie.jpg\",\"keywords\":[\"COLOMBIER SAUGNIEU\",\"RIFF\"],\"articleSection\":[\"1 jour, 1 association\",\"CCEL | Communes\",\"Cin\u00e9 | Radio | Th\u00e9\u00e2tre\",\"Colombier-Saugnieu\",\"Enfance | Jeunesse\",\"Musique | Danse | Humour\",\"Peinture | Photo | Sculpture\"],\"inLanguage\":\"fr-FR\",\"potentialAction\":[{\"@type\":\"CommentAction\",\"name\":\"Comment\",\"target\":[\"https:\/\/newsestlyonnais.fr\/site\/2020\/11\/23\/1-jour-1-association-riff-a-colombier-saugnieu\/#respond\"]}]},{\"@type\":\"WebPage\",\"@id\":\"https:\/\/newsestlyonnais.fr\/site\/2020\/11\/23\/1-jour-1-association-riff-a-colombier-saugnieu\/\",\"url\":\"https:\/\/newsestlyonnais.fr\/site\/2020\/11\/23\/1-jour-1-association-riff-a-colombier-saugnieu\/\",\"name\":\"1 jour, 1 association | \\\" RIFF \\\" \u00e0 Colombier-Saugnieu - News Est Lyonnais\",\"isPartOf\":{\"@id\":\"https:\/\/newsestlyonnais.fr\/site\/#website\"},\"primaryImageOfPage\":{\"@id\":\"https:\/\/newsestlyonnais.fr\/site\/2020\/11\/23\/1-jour-1-association-riff-a-colombier-saugnieu\/#primaryimage\"},\"image\":{\"@id\":\"https:\/\/newsestlyonnais.fr\/site\/2020\/11\/23\/1-jour-1-association-riff-a-colombier-saugnieu\/#primaryimage\"},\"thumbnailUrl\":\"https:\/\/newsestlyonnais.fr\/site\/wp-content\/uploads\/2020\/11\/photos-audition-batterie.jpg\",\"datePublished\":\"2020-11-23T06:59:31+00:00\",\"dateModified\":\"2020-11-29T07:47:33+00:00\",\"description\":\"1 jour, 1 association | RIFF \u00e0 Colombier-Saugnieu\",\"breadcrumb\":{\"@id\":\"https:\/\/newsestlyonnais.fr\/site\/2020\/11\/23\/1-jour-1-association-riff-a-colombier-saugnieu\/#breadcrumb\"},\"inLanguage\":\"fr-FR\",\"potentialAction\":[{\"@type\":\"ReadAction\",\"target\":[\"https:\/\/newsestlyonnais.fr\/site\/2020\/11\/23\/1-jour-1-association-riff-a-colombier-saugnieu\/\"]}]},{\"@type\":\"ImageObject\",\"inLanguage\":\"fr-FR\",\"@id\":\"https:\/\/newsestlyonnais.fr\/site\/2020\/11\/23\/1-jour-1-association-riff-a-colombier-saugnieu\/#primaryimage\",\"url\":\"https:\/\/newsestlyonnais.fr\/site\/wp-content\/uploads\/2020\/11\/photos-audition-batterie.jpg\",\"contentUrl\":\"https:\/\/newsestlyonnais.fr\/site\/wp-content\/uploads\/2020\/11\/photos-audition-batterie.jpg\",\"width\":781,\"height\":586},{\"@type\":\"BreadcrumbList\",\"@id\":\"https:\/\/newsestlyonnais.fr\/site\/2020\/11\/23\/1-jour-1-association-riff-a-colombier-saugnieu\/#breadcrumb\",\"itemListElement\":[{\"@type\":\"ListItem\",\"position\":1,\"name\":\"Accueil\",\"item\":\"https:\/\/newsestlyonnais.fr\/site\/\"},{\"@type\":\"ListItem\",\"position\":2,\"name\":\"1 jour, 1 association | \u00a0\u00bb RIFF \u00a0\u00bb \u00e0 Colombier-Saugnieu\"}]},{\"@type\":\"WebSite\",\"@id\":\"https:\/\/newsestlyonnais.fr\/site\/#website\",\"url\":\"https:\/\/newsestlyonnais.fr\/site\/\",\"name\":\"News Est Lyonnais\",\"description\":\"L&#039;actualit\u00e9 au plus pr\u00e8s\",\"publisher\":{\"@id\":\"https:\/\/newsestlyonnais.fr\/site\/#organization\"},\"potentialAction\":[{\"@type\":\"SearchAction\",\"target\":{\"@type\":\"EntryPoint\",\"urlTemplate\":\"https:\/\/newsestlyonnais.fr\/site\/?s={search_term_string}\"},\"query-input\":{\"@type\":\"PropertyValueSpecification\",\"valueRequired\":true,\"valueName\":\"search_term_string\"}}],\"inLanguage\":\"fr-FR\"},{\"@type\":\"Organization\",\"@id\":\"https:\/\/newsestlyonnais.fr\/site\/#organization\",\"name\":\"News EST LYONNAIS\",\"url\":\"https:\/\/newsestlyonnais.fr\/site\/\",\"logo\":{\"@type\":\"ImageObject\",\"inLanguage\":\"fr-FR\",\"@id\":\"https:\/\/newsestlyonnais.fr\/site\/#\/schema\/logo\/image\/\",\"url\":\"\",\"contentUrl\":\"\",\"caption\":\"News EST LYONNAIS\"},\"image\":{\"@id\":\"https:\/\/newsestlyonnais.fr\/site\/#\/schema\/logo\/image\/\"}},{\"@type\":\"Person\",\"@id\":\"https:\/\/newsestlyonnais.fr\/site\/#\/schema\/person\/3230d5615f390bb808365d673001e887\",\"name\":\"R\u00e9dac. NEWS\",\"sameAs\":[\"http:\/\/www.newsestlyonnais.fr\",\"https:\/\/www.facebook.com\/pascal.oberson.1?fref=ts\",\"https:\/\/fr.linkedin.com\/in\/pascal-oberson-b17045113\"],\"url\":\"https:\/\/newsestlyonnais.fr\/site\/author\/nel\/\"}]}<\/script>\n<!-- \/ Yoast SEO plugin. -->","yoast_head_json":{"title":"1 jour, 1 association | \" RIFF \" \u00e0 Colombier-Saugnieu - News Est Lyonnais","description":"1 jour, 1 association | RIFF \u00e0 Colombier-Saugnieu","robots":{"index":"index","follow":"follow","max-snippet":"max-snippet:-1","max-image-preview":"max-image-preview:large","max-video-preview":"max-video-preview:-1"},"canonical":"https:\/\/newsestlyonnais.fr\/site\/2020\/11\/23\/1-jour-1-association-riff-a-colombier-saugnieu\/","og_locale":"fr_FR","og_type":"article","og_title":"1 jour, 1 association | \" RIFF \" \u00e0 Colombier-Saugnieu - News Est Lyonnais","og_description":"1 jour, 1 association | RIFF \u00e0 Colombier-Saugnieu","og_url":"https:\/\/newsestlyonnais.fr\/site\/2020\/11\/23\/1-jour-1-association-riff-a-colombier-saugnieu\/","og_site_name":"News Est Lyonnais","article_author":"https:\/\/www.facebook.com\/pascal.oberson.1?fref=ts","article_published_time":"2020-11-23T06:59:31+00:00","article_modified_time":"2020-11-29T07:47:33+00:00","og_image":[{"width":781,"height":586,"url":"https:\/\/i0.wp.com\/newsestlyonnais.fr\/site\/wp-content\/uploads\/2020\/11\/photos-audition-batterie.jpg?fit=781%2C586&ssl=1","type":"image\/jpeg"}],"author":"R\u00e9dac. NEWS","twitter_card":"summary_large_image","twitter_misc":{"\u00c9crit par":"R\u00e9dac. NEWS","Dur\u00e9e de lecture estim\u00e9e":"3 minutes"},"schema":{"@context":"https:\/\/schema.org","@graph":[{"@type":"Article","@id":"https:\/\/newsestlyonnais.fr\/site\/2020\/11\/23\/1-jour-1-association-riff-a-colombier-saugnieu\/#article","isPartOf":{"@id":"https:\/\/newsestlyonnais.fr\/site\/2020\/11\/23\/1-jour-1-association-riff-a-colombier-saugnieu\/"},"author":{"name":"R\u00e9dac. NEWS","@id":"https:\/\/newsestlyonnais.fr\/site\/#\/schema\/person\/3230d5615f390bb808365d673001e887"},"headline":"1 jour, 1 association | \u00a0\u00bb RIFF \u00a0\u00bb \u00e0 Colombier-Saugnieu","datePublished":"2020-11-23T06:59:31+00:00","dateModified":"2020-11-29T07:47:33+00:00","mainEntityOfPage":{"@id":"https:\/\/newsestlyonnais.fr\/site\/2020\/11\/23\/1-jour-1-association-riff-a-colombier-saugnieu\/"},"wordCount":515,"commentCount":0,"publisher":{"@id":"https:\/\/newsestlyonnais.fr\/site\/#organization"},"image":{"@id":"https:\/\/newsestlyonnais.fr\/site\/2020\/11\/23\/1-jour-1-association-riff-a-colombier-saugnieu\/#primaryimage"},"thumbnailUrl":"https:\/\/newsestlyonnais.fr\/site\/wp-content\/uploads\/2020\/11\/photos-audition-batterie.jpg","keywords":["COLOMBIER SAUGNIEU","RIFF"],"articleSection":["1 jour, 1 association","CCEL | Communes","Cin\u00e9 | Radio | Th\u00e9\u00e2tre","Colombier-Saugnieu","Enfance | Jeunesse","Musique | Danse | Humour","Peinture | Photo | Sculpture"],"inLanguage":"fr-FR","potentialAction":[{"@type":"CommentAction","name":"Comment","target":["https:\/\/newsestlyonnais.fr\/site\/2020\/11\/23\/1-jour-1-association-riff-a-colombier-saugnieu\/#respond"]}]},{"@type":"WebPage","@id":"https:\/\/newsestlyonnais.fr\/site\/2020\/11\/23\/1-jour-1-association-riff-a-colombier-saugnieu\/","url":"https:\/\/newsestlyonnais.fr\/site\/2020\/11\/23\/1-jour-1-association-riff-a-colombier-saugnieu\/","name":"1 jour, 1 association | \" RIFF \" \u00e0 Colombier-Saugnieu - News Est Lyonnais","isPartOf":{"@id":"https:\/\/newsestlyonnais.fr\/site\/#website"},"primaryImageOfPage":{"@id":"https:\/\/newsestlyonnais.fr\/site\/2020\/11\/23\/1-jour-1-association-riff-a-colombier-saugnieu\/#primaryimage"},"image":{"@id":"https:\/\/newsestlyonnais.fr\/site\/2020\/11\/23\/1-jour-1-association-riff-a-colombier-saugnieu\/#primaryimage"},"thumbnailUrl":"https:\/\/newsestlyonnais.fr\/site\/wp-content\/uploads\/2020\/11\/photos-audition-batterie.jpg","datePublished":"2020-11-23T06:59:31+00:00","dateModified":"2020-11-29T07:47:33+00:00","description":"1 jour, 1 association | RIFF \u00e0 Colombier-Saugnieu","breadcrumb":{"@id":"https:\/\/newsestlyonnais.fr\/site\/2020\/11\/23\/1-jour-1-association-riff-a-colombier-saugnieu\/#breadcrumb"},"inLanguage":"fr-FR","potentialAction":[{"@type":"ReadAction","target":["https:\/\/newsestlyonnais.fr\/site\/2020\/11\/23\/1-jour-1-association-riff-a-colombier-saugnieu\/"]}]},{"@type":"ImageObject","inLanguage":"fr-FR","@id":"https:\/\/newsestlyonnais.fr\/site\/2020\/11\/23\/1-jour-1-association-riff-a-colombier-saugnieu\/#primaryimage","url":"https:\/\/newsestlyonnais.fr\/site\/wp-content\/uploads\/2020\/11\/photos-audition-batterie.jpg","contentUrl":"https:\/\/newsestlyonnais.fr\/site\/wp-content\/uploads\/2020\/11\/photos-audition-batterie.jpg","width":781,"height":586},{"@type":"BreadcrumbList","@id":"https:\/\/newsestlyonnais.fr\/site\/2020\/11\/23\/1-jour-1-association-riff-a-colombier-saugnieu\/#breadcrumb","itemListElement":[{"@type":"ListItem","position":1,"name":"Accueil","item":"https:\/\/newsestlyonnais.fr\/site\/"},{"@type":"ListItem","position":2,"name":"1 jour, 1 association | \u00a0\u00bb RIFF \u00a0\u00bb \u00e0 Colombier-Saugnieu"}]},{"@type":"WebSite","@id":"https:\/\/newsestlyonnais.fr\/site\/#website","url":"https:\/\/newsestlyonnais.fr\/site\/","name":"News Est Lyonnais","description":"L&#039;actualit\u00e9 au plus pr\u00e8s","publisher":{"@id":"https:\/\/newsestlyonnais.fr\/site\/#organization"},"potentialAction":[{"@type":"SearchAction","target":{"@type":"EntryPoint","urlTemplate":"https:\/\/newsestlyonnais.fr\/site\/?s={search_term_string}"},"query-input":{"@type":"PropertyValueSpecification","valueRequired":true,"valueName":"search_term_string"}}],"inLanguage":"fr-FR"},{"@type":"Organization","@id":"https:\/\/newsestlyonnais.fr\/site\/#organization","name":"News EST LYONNAIS","url":"https:\/\/newsestlyonnais.fr\/site\/","logo":{"@type":"ImageObject","inLanguage":"fr-FR","@id":"https:\/\/newsestlyonnais.fr\/site\/#\/schema\/logo\/image\/","url":"","contentUrl":"","caption":"News EST LYONNAIS"},"image":{"@id":"https:\/\/newsestlyonnais.fr\/site\/#\/schema\/logo\/image\/"}},{"@type":"Person","@id":"https:\/\/newsestlyonnais.fr\/site\/#\/schema\/person\/3230d5615f390bb808365d673001e887","name":"R\u00e9dac. NEWS","sameAs":["http:\/\/www.newsestlyonnais.fr","https:\/\/www.facebook.com\/pascal.oberson.1?fref=ts","https:\/\/fr.linkedin.com\/in\/pascal-oberson-b17045113"],"url":"https:\/\/newsestlyonnais.fr\/site\/author\/nel\/"}]}},"_links":{"self":[{"href":"https:\/\/newsestlyonnais.fr\/site\/wp-json\/wp\/v2\/posts\/118276","targetHints":{"allow":["GET"]}}],"collection":[{"href":"https:\/\/newsestlyonnais.fr\/site\/wp-json\/wp\/v2\/posts"}],"about":[{"href":"https:\/\/newsestlyonnais.fr\/site\/wp-json\/wp\/v2\/types\/post"}],"author":[{"embeddable":true,"href":"https:\/\/newsestlyonnais.fr\/site\/wp-json\/wp\/v2\/users\/4"}],"replies":[{"embeddable":true,"href":"https:\/\/newsestlyonnais.fr\/site\/wp-json\/wp\/v2\/comments?post=118276"}],"version-history":[{"count":0,"href":"https:\/\/newsestlyonnais.fr\/site\/wp-json\/wp\/v2\/posts\/118276\/revisions"}],"wp:featuredmedia":[{"embeddable":true,"href":"https:\/\/newsestlyonnais.fr\/site\/wp-json\/wp\/v2\/media\/118297"}],"wp:attachment":[{"href":"https:\/\/newsestlyonnais.fr\/site\/wp-json\/wp\/v2\/media?parent=118276"}],"wp:term":[{"taxonomy":"category","embeddable":true,"href":"https:\/\/newsestlyonnais.fr\/site\/wp-json\/wp\/v2\/categories?post=118276"},{"taxonomy":"post_tag","embeddable":true,"href":"https:\/\/newsestlyonnais.fr\/site\/wp-json\/wp\/v2\/tags?post=118276"}],"curies":[{"name":"wp","href":"https:\/\/api.w.org\/{rel}","templated":true}]}}