{"id":118320,"date":"2020-11-23T12:59:19","date_gmt":"2020-11-23T11:59:19","guid":{"rendered":"http:\/\/newsestlyonnais.fr\/site\/?p=118320"},"modified":"2020-11-23T12:59:19","modified_gmt":"2020-11-23T11:59:19","slug":"transports-tcl-nouveaux-abonnements-solidaires","status":"publish","type":"post","link":"https:\/\/newsestlyonnais.fr\/site\/2020\/11\/23\/transports-tcl-nouveaux-abonnements-solidaires\/","title":{"rendered":"Transports TCL | Nouveaux abonnements solidaires"},"content":{"rendered":"<p><strong><em>GRATUIT ET REDUIT : Les 2 nouveaux abonnements solidaires du r\u00e9seau <\/em>TCL<\/strong><\/p>\n<hr \/>\n<p><strong>D\u00e8s le 1\u00b0 janvier 2021, la politique tarifaire du r\u00e9seau TCL \u00e9volue pour devenir plus \u00e9quitable et plus juste.<\/strong><br \/>\nLes \u00e9lus du Sytral ont d\u00e9cid\u00e9 d\u2019instaurer <strong>deux nouveaux abonnements int\u00e9grant notamment la gratuit\u00e9 pour les plus d\u00e9munis.<\/strong><\/p>\n<p>La tarification solidaire d\u2019aujourd\u2019hui, proposant 4 types d\u2019abonnements, en fonction des statuts des b\u00e9n\u00e9ficiaires, se voit simplifi\u00e9e en <strong>abonnement solidaire GRATUIT ou abonnement solidaire REDUIT<\/strong> (au tarif unique de 10 \u20ac\/mois).<\/p>\n<p>Ainsi, <strong>pr\u00e8s de 200.000 personnes disposant de plus faibles ressources pourront b\u00e9n\u00e9ficier d\u2019un tarif solidaire gratuit ou d\u2019un tarif solidaire r\u00e9duit &gt; plus d&rsquo; infos sur : <\/strong><span style=\"color: #0000ff;\"><a style=\"color: #0000ff;\" href=\"https:\/\/www.tcl.fr\">https:\/\/www.tcl.fr<\/a><\/span><strong><br \/>\n<\/strong><\/p>\n<hr \/>\n<p>L\u2019abonnement solidaire sera charg\u00e9 sur une carte T\u00e9c\u00e9ly nominative avec photo qui devra \u00eatre valid\u00e9e \u00e0 chaque mont\u00e9e. A l\u2019instar des autres abonnements, cette carte permet de circuler sur l\u2019ensemble des lignes du r\u00e9seau TCL.<\/p>\n<p><strong>Leur validit\u00e9 s\u2019\u00e9tendra de 6 mois \u00e0 5 ans selon les statuts respectifs de chacun.<\/strong><\/p>\n<hr \/>\n<p><em><strong><span style=\"text-decoration: underline;\">Comment se procurer son abonnement solidaire<\/span> ?<\/strong><\/em><\/p>\n<p><strong>Les abonn\u00e9s solidaires actuels<\/strong> \u00e9tant \u00e9ligibles \u00e0 l\u2019abonnement gratuit recevront d\u00e8s le d\u00e9but du mois de d\u00e9cembre un courrier d\u2019information les invitant \u00e0 r\u00e9aliser leur demande en ligne ou par correspondance.<\/p>\n<p><strong>Sur Internet<\/strong>, il suffira de :<\/p>\n<ul>\n<li>Se connecter \u00e0<span style=\"color: #0000ff;\"> <a style=\"color: #0000ff;\" href=\"http:\/\/www.tcl.fr\">http:\/\/www.tcl.fr<\/a><\/span><\/li>\n<li>Compl\u00e9ter le formulaire en ligne<\/li>\n<li>T\u00e9l\u00e9charger les justificatifs demand\u00e9s<\/li>\n<\/ul>\n<p><strong>Par correspondance<\/strong>, il sera demand\u00e9 de :<\/p>\n<ul>\n<li>Compl\u00e9ter le formulaire joint au courrier re\u00e7u<\/li>\n<li>Inclure les justificatifs demand\u00e9s<\/li>\n<li>Poster le tout dans l\u2019enveloppe libre d\u2019affranchissement fournie<\/li>\n<\/ul>\n<p><strong>Les abonn\u00e9s ayant effectu\u00e9 ces d\u00e9marches avant le 7 d\u00e9cembre 2020 recevront leur carte T\u00e9c\u00e9ly gratuitement \u00e0 domicile d\u2019ici le 31 d\u00e9cembre.<\/strong><br \/>\nLes abonn\u00e9s solidaires actuels \u00e9tant \u00e9ligibles \u00e0 l\u2019abonnement solidaire r\u00e9duit recevront \u00e9galement un courrier d\u2019information, mais n\u2019auront pas de d\u00e9marches compl\u00e9mentaires \u00e0 effectuer.<\/p>\n<ul>\n<li><strong>Si leur abonnement \u00e9tait mensuel<\/strong>, il suffira de charger comme d\u2019habitude l\u2019abonnement Tarif R\u00e9duit sur un distributeur TCL ou dans un Point service et les donn\u00e9es du dossier s\u2019actualiseront automatiquement.<\/li>\n<li><strong>Si leur abonnement \u00e9tait en pr\u00e9l\u00e8vement automatique<\/strong>, ils recevront un courrier les informant des modifications d\u2019\u00e9ch\u00e9ancier.<\/li>\n<\/ul>\n<p><strong>Toute personne ne disposant pas d\u2019abonnement<\/strong> et qui souhaiterait formuler une demande de tarification solidaire est invit\u00e9e \u00e0 :<\/p>\n<ul>\n<li>&#8211; Consulter www.tcl.fr pour connaitre les conditions d\u2019\u00e9ligibilit\u00e9 et justificatifs \u00e0 fournir, puis<br \/>\nremplir le formulaire en ligne ou le t\u00e9l\u00e9charger<br \/>\n&#8211; Se rendre en agence TCL o\u00f9 un formulaire de demande pourra \u00eatre retir\u00e9<\/li>\n<\/ul>\n<hr \/>\n<p><strong>A NOTER<\/strong> : L\u2019obtention de la carte T\u00e9c\u00e9ly ne sera effective qu\u2019apr\u00e8s avoir retourn\u00e9 le formulaire et fourni les justificatifs demand\u00e9s selon les proc\u00e9dures et canaux pr\u00e9-cit\u00e9s (en ligne ou par correspondance).<\/p>\n<p>Ainsi, <strong>les agences TCL ne pourront pas fournir de carte ouvrant droit \u00e0 un abonnement solidaire gratuit.<\/strong><br \/>\nTCL s\u2019associe \u00e0 un certain nombre d\u2019organismes sociaux (CCAS, PIMMS, Maisons de la M\u00e9tropole, etc.) qui pourront renseigner les b\u00e9n\u00e9ficiaires sur leurs d\u00e9marches \u00e0 accomplir.<\/p>\n","protected":false},"excerpt":{"rendered":"<p>La politique tarifaire solidaire du r\u00e9seau se d\u00e9clinera \u00e0 compter du 1\u00b0 janvier 2021 en abonnement solidaire gratuit ou abonnement solidaire r\u00e9duit. <\/p>\n","protected":false},"author":4,"featured_media":118325,"comment_status":"open","ping_status":"open","sticky":false,"template":"","format":"standard","meta":{"footnotes":""},"categories":[2217],"tags":[],"class_list":["post-118320","post","type-post","status-publish","format-standard","has-post-thumbnail","hentry","category-breves-de-lest-lyonnais"],"yoast_head":"<!-- This site is optimized with the Yoast SEO plugin v27.2 - https:\/\/yoast.com\/product\/yoast-seo-wordpress\/ -->\n<title>Transports TCL | Nouveaux abonnements solidaires - News Est Lyonnais<\/title>\n<meta name=\"description\" content=\"Transports TCL | Nouveaux abonnements solidaires\" \/>\n<meta name=\"robots\" content=\"index, follow, max-snippet:-1, max-image-preview:large, max-video-preview:-1\" \/>\n<link rel=\"canonical\" href=\"https:\/\/newsestlyonnais.fr\/site\/2020\/11\/23\/transports-tcl-nouveaux-abonnements-solidaires\/\" \/>\n<meta property=\"og:locale\" content=\"fr_FR\" \/>\n<meta property=\"og:type\" content=\"article\" \/>\n<meta property=\"og:title\" content=\"Transports TCL | Nouveaux abonnements solidaires - News Est Lyonnais\" \/>\n<meta property=\"og:description\" content=\"Transports TCL | Nouveaux abonnements solidaires\" \/>\n<meta property=\"og:url\" content=\"https:\/\/newsestlyonnais.fr\/site\/2020\/11\/23\/transports-tcl-nouveaux-abonnements-solidaires\/\" \/>\n<meta property=\"og:site_name\" content=\"News Est Lyonnais\" \/>\n<meta property=\"article:author\" content=\"https:\/\/www.facebook.com\/pascal.oberson.1?fref=ts\" \/>\n<meta property=\"article:published_time\" content=\"2020-11-23T11:59:19+00:00\" \/>\n<meta property=\"og:image\" content=\"https:\/\/i0.wp.com\/newsestlyonnais.fr\/site\/wp-content\/uploads\/2020\/11\/NEWSESTLYONNAIS-TRAM-TCL.jpg?fit=1200%2C675&ssl=1\" \/>\n\t<meta property=\"og:image:width\" content=\"1200\" \/>\n\t<meta property=\"og:image:height\" content=\"675\" \/>\n\t<meta property=\"og:image:type\" content=\"image\/jpeg\" \/>\n<meta name=\"author\" content=\"R\u00e9dac. NEWS\" \/>\n<meta name=\"twitter:card\" content=\"summary_large_image\" \/>\n<meta name=\"twitter:label1\" content=\"\u00c9crit par\" \/>\n\t<meta name=\"twitter:data1\" content=\"R\u00e9dac. NEWS\" \/>\n\t<meta name=\"twitter:label2\" content=\"Dur\u00e9e de lecture estim\u00e9e\" \/>\n\t<meta name=\"twitter:data2\" content=\"3 minutes\" \/>\n<script type=\"application\/ld+json\" class=\"yoast-schema-graph\">{\"@context\":\"https:\/\/schema.org\",\"@graph\":[{\"@type\":\"Article\",\"@id\":\"https:\/\/newsestlyonnais.fr\/site\/2020\/11\/23\/transports-tcl-nouveaux-abonnements-solidaires\/#article\",\"isPartOf\":{\"@id\":\"https:\/\/newsestlyonnais.fr\/site\/2020\/11\/23\/transports-tcl-nouveaux-abonnements-solidaires\/\"},\"author\":{\"name\":\"R\u00e9dac. NEWS\",\"@id\":\"https:\/\/newsestlyonnais.fr\/site\/#\/schema\/person\/3230d5615f390bb808365d673001e887\"},\"headline\":\"Transports TCL | Nouveaux abonnements solidaires\",\"datePublished\":\"2020-11-23T11:59:19+00:00\",\"mainEntityOfPage\":{\"@id\":\"https:\/\/newsestlyonnais.fr\/site\/2020\/11\/23\/transports-tcl-nouveaux-abonnements-solidaires\/\"},\"wordCount\":529,\"commentCount\":0,\"publisher\":{\"@id\":\"https:\/\/newsestlyonnais.fr\/site\/#organization\"},\"image\":{\"@id\":\"https:\/\/newsestlyonnais.fr\/site\/2020\/11\/23\/transports-tcl-nouveaux-abonnements-solidaires\/#primaryimage\"},\"thumbnailUrl\":\"https:\/\/newsestlyonnais.fr\/site\/wp-content\/uploads\/2020\/11\/NEWSESTLYONNAIS-TRAM-TCL.jpg\",\"articleSection\":[\"Br\u00e8ves de l'Est lyonnais\"],\"inLanguage\":\"fr-FR\",\"potentialAction\":[{\"@type\":\"CommentAction\",\"name\":\"Comment\",\"target\":[\"https:\/\/newsestlyonnais.fr\/site\/2020\/11\/23\/transports-tcl-nouveaux-abonnements-solidaires\/#respond\"]}]},{\"@type\":\"WebPage\",\"@id\":\"https:\/\/newsestlyonnais.fr\/site\/2020\/11\/23\/transports-tcl-nouveaux-abonnements-solidaires\/\",\"url\":\"https:\/\/newsestlyonnais.fr\/site\/2020\/11\/23\/transports-tcl-nouveaux-abonnements-solidaires\/\",\"name\":\"Transports TCL | Nouveaux abonnements solidaires - News Est Lyonnais\",\"isPartOf\":{\"@id\":\"https:\/\/newsestlyonnais.fr\/site\/#website\"},\"primaryImageOfPage\":{\"@id\":\"https:\/\/newsestlyonnais.fr\/site\/2020\/11\/23\/transports-tcl-nouveaux-abonnements-solidaires\/#primaryimage\"},\"image\":{\"@id\":\"https:\/\/newsestlyonnais.fr\/site\/2020\/11\/23\/transports-tcl-nouveaux-abonnements-solidaires\/#primaryimage\"},\"thumbnailUrl\":\"https:\/\/newsestlyonnais.fr\/site\/wp-content\/uploads\/2020\/11\/NEWSESTLYONNAIS-TRAM-TCL.jpg\",\"datePublished\":\"2020-11-23T11:59:19+00:00\",\"description\":\"Transports TCL | Nouveaux abonnements solidaires\",\"breadcrumb\":{\"@id\":\"https:\/\/newsestlyonnais.fr\/site\/2020\/11\/23\/transports-tcl-nouveaux-abonnements-solidaires\/#breadcrumb\"},\"inLanguage\":\"fr-FR\",\"potentialAction\":[{\"@type\":\"ReadAction\",\"target\":[\"https:\/\/newsestlyonnais.fr\/site\/2020\/11\/23\/transports-tcl-nouveaux-abonnements-solidaires\/\"]}]},{\"@type\":\"ImageObject\",\"inLanguage\":\"fr-FR\",\"@id\":\"https:\/\/newsestlyonnais.fr\/site\/2020\/11\/23\/transports-tcl-nouveaux-abonnements-solidaires\/#primaryimage\",\"url\":\"https:\/\/newsestlyonnais.fr\/site\/wp-content\/uploads\/2020\/11\/NEWSESTLYONNAIS-TRAM-TCL.jpg\",\"contentUrl\":\"https:\/\/newsestlyonnais.fr\/site\/wp-content\/uploads\/2020\/11\/NEWSESTLYONNAIS-TRAM-TCL.jpg\",\"width\":1200,\"height\":675},{\"@type\":\"BreadcrumbList\",\"@id\":\"https:\/\/newsestlyonnais.fr\/site\/2020\/11\/23\/transports-tcl-nouveaux-abonnements-solidaires\/#breadcrumb\",\"itemListElement\":[{\"@type\":\"ListItem\",\"position\":1,\"name\":\"Accueil\",\"item\":\"https:\/\/newsestlyonnais.fr\/site\/\"},{\"@type\":\"ListItem\",\"position\":2,\"name\":\"Transports TCL | Nouveaux abonnements solidaires\"}]},{\"@type\":\"WebSite\",\"@id\":\"https:\/\/newsestlyonnais.fr\/site\/#website\",\"url\":\"https:\/\/newsestlyonnais.fr\/site\/\",\"name\":\"News Est Lyonnais\",\"description\":\"L&#039;actualit\u00e9 au plus pr\u00e8s\",\"publisher\":{\"@id\":\"https:\/\/newsestlyonnais.fr\/site\/#organization\"},\"potentialAction\":[{\"@type\":\"SearchAction\",\"target\":{\"@type\":\"EntryPoint\",\"urlTemplate\":\"https:\/\/newsestlyonnais.fr\/site\/?s={search_term_string}\"},\"query-input\":{\"@type\":\"PropertyValueSpecification\",\"valueRequired\":true,\"valueName\":\"search_term_string\"}}],\"inLanguage\":\"fr-FR\"},{\"@type\":\"Organization\",\"@id\":\"https:\/\/newsestlyonnais.fr\/site\/#organization\",\"name\":\"News EST LYONNAIS\",\"url\":\"https:\/\/newsestlyonnais.fr\/site\/\",\"logo\":{\"@type\":\"ImageObject\",\"inLanguage\":\"fr-FR\",\"@id\":\"https:\/\/newsestlyonnais.fr\/site\/#\/schema\/logo\/image\/\",\"url\":\"\",\"contentUrl\":\"\",\"caption\":\"News EST LYONNAIS\"},\"image\":{\"@id\":\"https:\/\/newsestlyonnais.fr\/site\/#\/schema\/logo\/image\/\"}},{\"@type\":\"Person\",\"@id\":\"https:\/\/newsestlyonnais.fr\/site\/#\/schema\/person\/3230d5615f390bb808365d673001e887\",\"name\":\"R\u00e9dac. NEWS\",\"sameAs\":[\"http:\/\/www.newsestlyonnais.fr\",\"https:\/\/www.facebook.com\/pascal.oberson.1?fref=ts\",\"https:\/\/fr.linkedin.com\/in\/pascal-oberson-b17045113\"],\"url\":\"https:\/\/newsestlyonnais.fr\/site\/author\/nel\/\"}]}<\/script>\n<!-- \/ Yoast SEO plugin. -->","yoast_head_json":{"title":"Transports TCL | Nouveaux abonnements solidaires - News Est Lyonnais","description":"Transports TCL | Nouveaux abonnements solidaires","robots":{"index":"index","follow":"follow","max-snippet":"max-snippet:-1","max-image-preview":"max-image-preview:large","max-video-preview":"max-video-preview:-1"},"canonical":"https:\/\/newsestlyonnais.fr\/site\/2020\/11\/23\/transports-tcl-nouveaux-abonnements-solidaires\/","og_locale":"fr_FR","og_type":"article","og_title":"Transports TCL | Nouveaux abonnements solidaires - News Est Lyonnais","og_description":"Transports TCL | Nouveaux abonnements solidaires","og_url":"https:\/\/newsestlyonnais.fr\/site\/2020\/11\/23\/transports-tcl-nouveaux-abonnements-solidaires\/","og_site_name":"News Est Lyonnais","article_author":"https:\/\/www.facebook.com\/pascal.oberson.1?fref=ts","article_published_time":"2020-11-23T11:59:19+00:00","og_image":[{"width":1200,"height":675,"url":"https:\/\/i0.wp.com\/newsestlyonnais.fr\/site\/wp-content\/uploads\/2020\/11\/NEWSESTLYONNAIS-TRAM-TCL.jpg?fit=1200%2C675&ssl=1","type":"image\/jpeg"}],"author":"R\u00e9dac. NEWS","twitter_card":"summary_large_image","twitter_misc":{"\u00c9crit par":"R\u00e9dac. NEWS","Dur\u00e9e de lecture estim\u00e9e":"3 minutes"},"schema":{"@context":"https:\/\/schema.org","@graph":[{"@type":"Article","@id":"https:\/\/newsestlyonnais.fr\/site\/2020\/11\/23\/transports-tcl-nouveaux-abonnements-solidaires\/#article","isPartOf":{"@id":"https:\/\/newsestlyonnais.fr\/site\/2020\/11\/23\/transports-tcl-nouveaux-abonnements-solidaires\/"},"author":{"name":"R\u00e9dac. NEWS","@id":"https:\/\/newsestlyonnais.fr\/site\/#\/schema\/person\/3230d5615f390bb808365d673001e887"},"headline":"Transports TCL | Nouveaux abonnements solidaires","datePublished":"2020-11-23T11:59:19+00:00","mainEntityOfPage":{"@id":"https:\/\/newsestlyonnais.fr\/site\/2020\/11\/23\/transports-tcl-nouveaux-abonnements-solidaires\/"},"wordCount":529,"commentCount":0,"publisher":{"@id":"https:\/\/newsestlyonnais.fr\/site\/#organization"},"image":{"@id":"https:\/\/newsestlyonnais.fr\/site\/2020\/11\/23\/transports-tcl-nouveaux-abonnements-solidaires\/#primaryimage"},"thumbnailUrl":"https:\/\/newsestlyonnais.fr\/site\/wp-content\/uploads\/2020\/11\/NEWSESTLYONNAIS-TRAM-TCL.jpg","articleSection":["Br\u00e8ves de l'Est lyonnais"],"inLanguage":"fr-FR","potentialAction":[{"@type":"CommentAction","name":"Comment","target":["https:\/\/newsestlyonnais.fr\/site\/2020\/11\/23\/transports-tcl-nouveaux-abonnements-solidaires\/#respond"]}]},{"@type":"WebPage","@id":"https:\/\/newsestlyonnais.fr\/site\/2020\/11\/23\/transports-tcl-nouveaux-abonnements-solidaires\/","url":"https:\/\/newsestlyonnais.fr\/site\/2020\/11\/23\/transports-tcl-nouveaux-abonnements-solidaires\/","name":"Transports TCL | Nouveaux abonnements solidaires - News Est Lyonnais","isPartOf":{"@id":"https:\/\/newsestlyonnais.fr\/site\/#website"},"primaryImageOfPage":{"@id":"https:\/\/newsestlyonnais.fr\/site\/2020\/11\/23\/transports-tcl-nouveaux-abonnements-solidaires\/#primaryimage"},"image":{"@id":"https:\/\/newsestlyonnais.fr\/site\/2020\/11\/23\/transports-tcl-nouveaux-abonnements-solidaires\/#primaryimage"},"thumbnailUrl":"https:\/\/newsestlyonnais.fr\/site\/wp-content\/uploads\/2020\/11\/NEWSESTLYONNAIS-TRAM-TCL.jpg","datePublished":"2020-11-23T11:59:19+00:00","description":"Transports TCL | Nouveaux abonnements solidaires","breadcrumb":{"@id":"https:\/\/newsestlyonnais.fr\/site\/2020\/11\/23\/transports-tcl-nouveaux-abonnements-solidaires\/#breadcrumb"},"inLanguage":"fr-FR","potentialAction":[{"@type":"ReadAction","target":["https:\/\/newsestlyonnais.fr\/site\/2020\/11\/23\/transports-tcl-nouveaux-abonnements-solidaires\/"]}]},{"@type":"ImageObject","inLanguage":"fr-FR","@id":"https:\/\/newsestlyonnais.fr\/site\/2020\/11\/23\/transports-tcl-nouveaux-abonnements-solidaires\/#primaryimage","url":"https:\/\/newsestlyonnais.fr\/site\/wp-content\/uploads\/2020\/11\/NEWSESTLYONNAIS-TRAM-TCL.jpg","contentUrl":"https:\/\/newsestlyonnais.fr\/site\/wp-content\/uploads\/2020\/11\/NEWSESTLYONNAIS-TRAM-TCL.jpg","width":1200,"height":675},{"@type":"BreadcrumbList","@id":"https:\/\/newsestlyonnais.fr\/site\/2020\/11\/23\/transports-tcl-nouveaux-abonnements-solidaires\/#breadcrumb","itemListElement":[{"@type":"ListItem","position":1,"name":"Accueil","item":"https:\/\/newsestlyonnais.fr\/site\/"},{"@type":"ListItem","position":2,"name":"Transports TCL | Nouveaux abonnements solidaires"}]},{"@type":"WebSite","@id":"https:\/\/newsestlyonnais.fr\/site\/#website","url":"https:\/\/newsestlyonnais.fr\/site\/","name":"News Est Lyonnais","description":"L&#039;actualit\u00e9 au plus pr\u00e8s","publisher":{"@id":"https:\/\/newsestlyonnais.fr\/site\/#organization"},"potentialAction":[{"@type":"SearchAction","target":{"@type":"EntryPoint","urlTemplate":"https:\/\/newsestlyonnais.fr\/site\/?s={search_term_string}"},"query-input":{"@type":"PropertyValueSpecification","valueRequired":true,"valueName":"search_term_string"}}],"inLanguage":"fr-FR"},{"@type":"Organization","@id":"https:\/\/newsestlyonnais.fr\/site\/#organization","name":"News EST LYONNAIS","url":"https:\/\/newsestlyonnais.fr\/site\/","logo":{"@type":"ImageObject","inLanguage":"fr-FR","@id":"https:\/\/newsestlyonnais.fr\/site\/#\/schema\/logo\/image\/","url":"","contentUrl":"","caption":"News EST LYONNAIS"},"image":{"@id":"https:\/\/newsestlyonnais.fr\/site\/#\/schema\/logo\/image\/"}},{"@type":"Person","@id":"https:\/\/newsestlyonnais.fr\/site\/#\/schema\/person\/3230d5615f390bb808365d673001e887","name":"R\u00e9dac. NEWS","sameAs":["http:\/\/www.newsestlyonnais.fr","https:\/\/www.facebook.com\/pascal.oberson.1?fref=ts","https:\/\/fr.linkedin.com\/in\/pascal-oberson-b17045113"],"url":"https:\/\/newsestlyonnais.fr\/site\/author\/nel\/"}]}},"_links":{"self":[{"href":"https:\/\/newsestlyonnais.fr\/site\/wp-json\/wp\/v2\/posts\/118320","targetHints":{"allow":["GET"]}}],"collection":[{"href":"https:\/\/newsestlyonnais.fr\/site\/wp-json\/wp\/v2\/posts"}],"about":[{"href":"https:\/\/newsestlyonnais.fr\/site\/wp-json\/wp\/v2\/types\/post"}],"author":[{"embeddable":true,"href":"https:\/\/newsestlyonnais.fr\/site\/wp-json\/wp\/v2\/users\/4"}],"replies":[{"embeddable":true,"href":"https:\/\/newsestlyonnais.fr\/site\/wp-json\/wp\/v2\/comments?post=118320"}],"version-history":[{"count":0,"href":"https:\/\/newsestlyonnais.fr\/site\/wp-json\/wp\/v2\/posts\/118320\/revisions"}],"wp:featuredmedia":[{"embeddable":true,"href":"https:\/\/newsestlyonnais.fr\/site\/wp-json\/wp\/v2\/media\/118325"}],"wp:attachment":[{"href":"https:\/\/newsestlyonnais.fr\/site\/wp-json\/wp\/v2\/media?parent=118320"}],"wp:term":[{"taxonomy":"category","embeddable":true,"href":"https:\/\/newsestlyonnais.fr\/site\/wp-json\/wp\/v2\/categories?post=118320"},{"taxonomy":"post_tag","embeddable":true,"href":"https:\/\/newsestlyonnais.fr\/site\/wp-json\/wp\/v2\/tags?post=118320"}],"curies":[{"name":"wp","href":"https:\/\/api.w.org\/{rel}","templated":true}]}}