{"id":118336,"date":"2020-11-23T14:06:39","date_gmt":"2020-11-23T13:06:39","guid":{"rendered":"http:\/\/newsestlyonnais.fr\/site\/?p=118336"},"modified":"2020-11-23T14:07:17","modified_gmt":"2020-11-23T13:07:17","slug":"venissieux-collecte-solidaire-semaine-europeenne-de-la-reduction-des-dechets","status":"publish","type":"post","link":"https:\/\/newsestlyonnais.fr\/site\/2020\/11\/23\/venissieux-collecte-solidaire-semaine-europeenne-de-la-reduction-des-dechets\/","title":{"rendered":"VENISSIEUX | Collecte solidaire < semaine europ\u00e9enne de la r\u00e9duction des d\u00e9chets"},"content":{"rendered":"<p class=\" text-justify\"><b><u>Les collectes solidaires sont organis\u00e9es pr\u00e8s de chez vous, pour recueillir vos dons parmi les produits suivants\u00a0:<\/u><\/b><\/p>\n<ul>\n<li><b>Gros \u00e9lectrom\u00e9nager<\/b>\u00a0<i>: frigo, machine \u00e0 laver, s\u00e8che-linge, cuisini\u00e8re, plaque de cuisson, \u2026<\/i><\/li>\n<li><b>Petit \u00e9lectrom\u00e9nager<\/b>\u00a0: <i>t\u00e9l\u00e9phone, s\u00e8che-cheveux, aspirateur, micro-ondes, bouilloire, fer \u00e0 repasser, etc.,<\/i><\/li>\n<li><b>Ecrans, t\u00e9l\u00e9viseurs\u00a0et moniteurs<\/b> : <i>TV cathodiques, \u00e9crans plats, \u2026<\/i><\/li>\n<li><b>Mat\u00e9riel informatique<\/b>\u00a0: <i>ordinateurs, cartes \u00e9lectroniques, disques durs, c\u00e2bles, \u2026<\/i><\/li>\n<\/ul>\n<p class=\" text-justify\">Cette collecte permet aux appareils de connaitre une <b>seconde vie<\/b>, tout en <b>prot\u00e9geant l\u2019environnement<\/b>.<\/p>\n<p class=\" text-justify\"><strong>15 % d\u2019entre eux seront r\u00e9employ\u00e9s et revendus \u00e0 prix solidaires<\/strong> par Le Foyer Notre-Dame des Sans-Abri, Emma\u00fcs et Envie. Les \u00e9quipements hors d\u2019usage seront pris en charge par Eco-syst\u00e8mes pour \u00eatre d\u00e9pollu\u00e9s et recycl\u00e9s dans le strict respect des normes environnementales.<\/p>\n<p class=\" text-justify\">En moyenne, <strong>81% des mati\u00e8res qui composent les appareils \u00e9lectriques sont recycl\u00e9s<\/strong>.<\/p>\n<p class=\" text-justify\"><strong>Pour tout savoir<\/strong> :<span style=\"color: #0000ff;\"> <a style=\"color: #0000ff;\" href=\"https:\/\/proximite.ecosystem.eco\/rhone#target-content\">https:\/\/proximite.ecosystem.eco\/rhone#target-content<\/a><\/span><\/p>\n<hr \/>\n<h4 class=\" text-justify\">Rendez-vous de 10 h \u00e0 13 h, le samedi 28 novembre 2020, place L\u00e9on-Sublet.<\/h4>\n","protected":false},"excerpt":{"rendered":"<p>La Ville et la M\u00e9tropole de Lyon renouv\u00e8lent leur point de collecte solidaire \u00e0 l\u2019occasion de cette Semaine Europ\u00e9enne.<\/p>\n","protected":false},"author":4,"featured_media":118338,"comment_status":"open","ping_status":"open","sticky":false,"template":"","format":"standard","meta":{"footnotes":""},"categories":[2217,3010,18,1298],"tags":[2028,2067],"class_list":["post-118336","post","type-post","status-publish","format-standard","has-post-thumbnail","hentry","category-breves-de-lest-lyonnais","category-nature-environnement-culture-et-loisirs","category-sante-bien-etre-solidarite","category-venissieux","tag-collecte","tag-venissieux"],"yoast_head":"<!-- This site is optimized with the Yoast SEO plugin v27.2 - https:\/\/yoast.com\/product\/yoast-seo-wordpress\/ -->\n<title>VENISSIEUX | Collecte solidaire &lt; semaine europ\u00e9enne de la r\u00e9duction des d\u00e9chets - News Est Lyonnais<\/title>\n<meta name=\"description\" content=\"VENISSIEUX | Collecte solidaire &lt; semaine europ\u00e9enne de la r\u00e9duction des d\u00e9chets\" \/>\n<meta name=\"robots\" content=\"index, follow, max-snippet:-1, max-image-preview:large, max-video-preview:-1\" \/>\n<link rel=\"canonical\" href=\"https:\/\/newsestlyonnais.fr\/site\/2020\/11\/23\/venissieux-collecte-solidaire-semaine-europeenne-de-la-reduction-des-dechets\/\" \/>\n<meta property=\"og:locale\" content=\"fr_FR\" \/>\n<meta property=\"og:type\" content=\"article\" \/>\n<meta property=\"og:title\" content=\"VENISSIEUX | Collecte solidaire &lt; semaine europ\u00e9enne de la r\u00e9duction des d\u00e9chets - News Est Lyonnais\" \/>\n<meta property=\"og:description\" content=\"VENISSIEUX | Collecte solidaire &lt; semaine europ\u00e9enne de la r\u00e9duction des d\u00e9chets\" \/>\n<meta property=\"og:url\" content=\"https:\/\/newsestlyonnais.fr\/site\/2020\/11\/23\/venissieux-collecte-solidaire-semaine-europeenne-de-la-reduction-des-dechets\/\" \/>\n<meta property=\"og:site_name\" content=\"News Est Lyonnais\" \/>\n<meta property=\"article:author\" content=\"https:\/\/www.facebook.com\/pascal.oberson.1?fref=ts\" \/>\n<meta property=\"article:published_time\" content=\"2020-11-23T13:06:39+00:00\" \/>\n<meta property=\"article:modified_time\" content=\"2020-11-23T13:07:17+00:00\" \/>\n<meta property=\"og:image\" content=\"https:\/\/i2.wp.com\/newsestlyonnais.fr\/site\/wp-content\/uploads\/2020\/11\/NEWSESTLYONNAIS-Collecte-.jpg?fit=642%2C321&ssl=1\" \/>\n\t<meta property=\"og:image:width\" content=\"642\" \/>\n\t<meta property=\"og:image:height\" content=\"321\" \/>\n\t<meta property=\"og:image:type\" content=\"image\/jpeg\" \/>\n<meta name=\"author\" content=\"R\u00e9dac. NEWS\" \/>\n<meta name=\"twitter:card\" content=\"summary_large_image\" \/>\n<meta name=\"twitter:label1\" content=\"\u00c9crit par\" \/>\n\t<meta name=\"twitter:data1\" content=\"R\u00e9dac. NEWS\" \/>\n\t<meta name=\"twitter:label2\" content=\"Dur\u00e9e de lecture estim\u00e9e\" \/>\n\t<meta name=\"twitter:data2\" content=\"1 minute\" \/>\n<script type=\"application\/ld+json\" class=\"yoast-schema-graph\">{\"@context\":\"https:\/\/schema.org\",\"@graph\":[{\"@type\":\"Article\",\"@id\":\"https:\/\/newsestlyonnais.fr\/site\/2020\/11\/23\/venissieux-collecte-solidaire-semaine-europeenne-de-la-reduction-des-dechets\/#article\",\"isPartOf\":{\"@id\":\"https:\/\/newsestlyonnais.fr\/site\/2020\/11\/23\/venissieux-collecte-solidaire-semaine-europeenne-de-la-reduction-des-dechets\/\"},\"author\":{\"name\":\"R\u00e9dac. NEWS\",\"@id\":\"https:\/\/newsestlyonnais.fr\/site\/#\/schema\/person\/3230d5615f390bb808365d673001e887\"},\"headline\":\"VENISSIEUX | Collecte solidaire < semaine europ\u00e9enne de la r\u00e9duction des d\u00e9chets\",\"datePublished\":\"2020-11-23T13:06:39+00:00\",\"dateModified\":\"2020-11-23T13:07:17+00:00\",\"mainEntityOfPage\":{\"@id\":\"https:\/\/newsestlyonnais.fr\/site\/2020\/11\/23\/venissieux-collecte-solidaire-semaine-europeenne-de-la-reduction-des-dechets\/\"},\"wordCount\":175,\"commentCount\":0,\"publisher\":{\"@id\":\"https:\/\/newsestlyonnais.fr\/site\/#organization\"},\"image\":{\"@id\":\"https:\/\/newsestlyonnais.fr\/site\/2020\/11\/23\/venissieux-collecte-solidaire-semaine-europeenne-de-la-reduction-des-dechets\/#primaryimage\"},\"thumbnailUrl\":\"https:\/\/newsestlyonnais.fr\/site\/wp-content\/uploads\/2020\/11\/NEWSESTLYONNAIS-Collecte-.jpg\",\"keywords\":[\"COLLECTE\",\"VENISSIEUX\"],\"articleSection\":[\"Br\u00e8ves de l'Est lyonnais\",\"Nature | Environnement | Chasse\",\"Sant\u00e9 | Bien Etre | Solidarit\u00e9\",\"V\u00e9nissieux\"],\"inLanguage\":\"fr-FR\",\"potentialAction\":[{\"@type\":\"CommentAction\",\"name\":\"Comment\",\"target\":[\"https:\/\/newsestlyonnais.fr\/site\/2020\/11\/23\/venissieux-collecte-solidaire-semaine-europeenne-de-la-reduction-des-dechets\/#respond\"]}]},{\"@type\":\"WebPage\",\"@id\":\"https:\/\/newsestlyonnais.fr\/site\/2020\/11\/23\/venissieux-collecte-solidaire-semaine-europeenne-de-la-reduction-des-dechets\/\",\"url\":\"https:\/\/newsestlyonnais.fr\/site\/2020\/11\/23\/venissieux-collecte-solidaire-semaine-europeenne-de-la-reduction-des-dechets\/\",\"name\":\"VENISSIEUX | Collecte solidaire < semaine europ\u00e9enne de la r\u00e9duction des d\u00e9chets - News Est Lyonnais\",\"isPartOf\":{\"@id\":\"https:\/\/newsestlyonnais.fr\/site\/#website\"},\"primaryImageOfPage\":{\"@id\":\"https:\/\/newsestlyonnais.fr\/site\/2020\/11\/23\/venissieux-collecte-solidaire-semaine-europeenne-de-la-reduction-des-dechets\/#primaryimage\"},\"image\":{\"@id\":\"https:\/\/newsestlyonnais.fr\/site\/2020\/11\/23\/venissieux-collecte-solidaire-semaine-europeenne-de-la-reduction-des-dechets\/#primaryimage\"},\"thumbnailUrl\":\"https:\/\/newsestlyonnais.fr\/site\/wp-content\/uploads\/2020\/11\/NEWSESTLYONNAIS-Collecte-.jpg\",\"datePublished\":\"2020-11-23T13:06:39+00:00\",\"dateModified\":\"2020-11-23T13:07:17+00:00\",\"description\":\"VENISSIEUX | Collecte solidaire &lt; semaine europ\u00e9enne de la r\u00e9duction des d\u00e9chets\",\"breadcrumb\":{\"@id\":\"https:\/\/newsestlyonnais.fr\/site\/2020\/11\/23\/venissieux-collecte-solidaire-semaine-europeenne-de-la-reduction-des-dechets\/#breadcrumb\"},\"inLanguage\":\"fr-FR\",\"potentialAction\":[{\"@type\":\"ReadAction\",\"target\":[\"https:\/\/newsestlyonnais.fr\/site\/2020\/11\/23\/venissieux-collecte-solidaire-semaine-europeenne-de-la-reduction-des-dechets\/\"]}]},{\"@type\":\"ImageObject\",\"inLanguage\":\"fr-FR\",\"@id\":\"https:\/\/newsestlyonnais.fr\/site\/2020\/11\/23\/venissieux-collecte-solidaire-semaine-europeenne-de-la-reduction-des-dechets\/#primaryimage\",\"url\":\"https:\/\/newsestlyonnais.fr\/site\/wp-content\/uploads\/2020\/11\/NEWSESTLYONNAIS-Collecte-.jpg\",\"contentUrl\":\"https:\/\/newsestlyonnais.fr\/site\/wp-content\/uploads\/2020\/11\/NEWSESTLYONNAIS-Collecte-.jpg\",\"width\":642,\"height\":321},{\"@type\":\"BreadcrumbList\",\"@id\":\"https:\/\/newsestlyonnais.fr\/site\/2020\/11\/23\/venissieux-collecte-solidaire-semaine-europeenne-de-la-reduction-des-dechets\/#breadcrumb\",\"itemListElement\":[{\"@type\":\"ListItem\",\"position\":1,\"name\":\"Accueil\",\"item\":\"https:\/\/newsestlyonnais.fr\/site\/\"},{\"@type\":\"ListItem\",\"position\":2,\"name\":\"VENISSIEUX | Collecte solidaire < semaine europ\u00e9enne de la r\u00e9duction des d\u00e9chets\"}]},{\"@type\":\"WebSite\",\"@id\":\"https:\/\/newsestlyonnais.fr\/site\/#website\",\"url\":\"https:\/\/newsestlyonnais.fr\/site\/\",\"name\":\"News Est Lyonnais\",\"description\":\"L&#039;actualit\u00e9 au plus pr\u00e8s\",\"publisher\":{\"@id\":\"https:\/\/newsestlyonnais.fr\/site\/#organization\"},\"potentialAction\":[{\"@type\":\"SearchAction\",\"target\":{\"@type\":\"EntryPoint\",\"urlTemplate\":\"https:\/\/newsestlyonnais.fr\/site\/?s={search_term_string}\"},\"query-input\":{\"@type\":\"PropertyValueSpecification\",\"valueRequired\":true,\"valueName\":\"search_term_string\"}}],\"inLanguage\":\"fr-FR\"},{\"@type\":\"Organization\",\"@id\":\"https:\/\/newsestlyonnais.fr\/site\/#organization\",\"name\":\"News EST LYONNAIS\",\"url\":\"https:\/\/newsestlyonnais.fr\/site\/\",\"logo\":{\"@type\":\"ImageObject\",\"inLanguage\":\"fr-FR\",\"@id\":\"https:\/\/newsestlyonnais.fr\/site\/#\/schema\/logo\/image\/\",\"url\":\"\",\"contentUrl\":\"\",\"caption\":\"News EST LYONNAIS\"},\"image\":{\"@id\":\"https:\/\/newsestlyonnais.fr\/site\/#\/schema\/logo\/image\/\"}},{\"@type\":\"Person\",\"@id\":\"https:\/\/newsestlyonnais.fr\/site\/#\/schema\/person\/3230d5615f390bb808365d673001e887\",\"name\":\"R\u00e9dac. NEWS\",\"sameAs\":[\"http:\/\/www.newsestlyonnais.fr\",\"https:\/\/www.facebook.com\/pascal.oberson.1?fref=ts\",\"https:\/\/fr.linkedin.com\/in\/pascal-oberson-b17045113\"],\"url\":\"https:\/\/newsestlyonnais.fr\/site\/author\/nel\/\"}]}<\/script>\n<!-- \/ Yoast SEO plugin. -->","yoast_head_json":{"title":"VENISSIEUX | Collecte solidaire < semaine europ\u00e9enne de la r\u00e9duction des d\u00e9chets - News Est Lyonnais","description":"VENISSIEUX | Collecte solidaire &lt; semaine europ\u00e9enne de la r\u00e9duction des d\u00e9chets","robots":{"index":"index","follow":"follow","max-snippet":"max-snippet:-1","max-image-preview":"max-image-preview:large","max-video-preview":"max-video-preview:-1"},"canonical":"https:\/\/newsestlyonnais.fr\/site\/2020\/11\/23\/venissieux-collecte-solidaire-semaine-europeenne-de-la-reduction-des-dechets\/","og_locale":"fr_FR","og_type":"article","og_title":"VENISSIEUX | Collecte solidaire < semaine europ\u00e9enne de la r\u00e9duction des d\u00e9chets - News Est Lyonnais","og_description":"VENISSIEUX | Collecte solidaire &lt; semaine europ\u00e9enne de la r\u00e9duction des d\u00e9chets","og_url":"https:\/\/newsestlyonnais.fr\/site\/2020\/11\/23\/venissieux-collecte-solidaire-semaine-europeenne-de-la-reduction-des-dechets\/","og_site_name":"News Est Lyonnais","article_author":"https:\/\/www.facebook.com\/pascal.oberson.1?fref=ts","article_published_time":"2020-11-23T13:06:39+00:00","article_modified_time":"2020-11-23T13:07:17+00:00","og_image":[{"width":642,"height":321,"url":"https:\/\/i2.wp.com\/newsestlyonnais.fr\/site\/wp-content\/uploads\/2020\/11\/NEWSESTLYONNAIS-Collecte-.jpg?fit=642%2C321&ssl=1","type":"image\/jpeg"}],"author":"R\u00e9dac. NEWS","twitter_card":"summary_large_image","twitter_misc":{"\u00c9crit par":"R\u00e9dac. NEWS","Dur\u00e9e de lecture estim\u00e9e":"1 minute"},"schema":{"@context":"https:\/\/schema.org","@graph":[{"@type":"Article","@id":"https:\/\/newsestlyonnais.fr\/site\/2020\/11\/23\/venissieux-collecte-solidaire-semaine-europeenne-de-la-reduction-des-dechets\/#article","isPartOf":{"@id":"https:\/\/newsestlyonnais.fr\/site\/2020\/11\/23\/venissieux-collecte-solidaire-semaine-europeenne-de-la-reduction-des-dechets\/"},"author":{"name":"R\u00e9dac. NEWS","@id":"https:\/\/newsestlyonnais.fr\/site\/#\/schema\/person\/3230d5615f390bb808365d673001e887"},"headline":"VENISSIEUX | Collecte solidaire < semaine europ\u00e9enne de la r\u00e9duction des d\u00e9chets","datePublished":"2020-11-23T13:06:39+00:00","dateModified":"2020-11-23T13:07:17+00:00","mainEntityOfPage":{"@id":"https:\/\/newsestlyonnais.fr\/site\/2020\/11\/23\/venissieux-collecte-solidaire-semaine-europeenne-de-la-reduction-des-dechets\/"},"wordCount":175,"commentCount":0,"publisher":{"@id":"https:\/\/newsestlyonnais.fr\/site\/#organization"},"image":{"@id":"https:\/\/newsestlyonnais.fr\/site\/2020\/11\/23\/venissieux-collecte-solidaire-semaine-europeenne-de-la-reduction-des-dechets\/#primaryimage"},"thumbnailUrl":"https:\/\/newsestlyonnais.fr\/site\/wp-content\/uploads\/2020\/11\/NEWSESTLYONNAIS-Collecte-.jpg","keywords":["COLLECTE","VENISSIEUX"],"articleSection":["Br\u00e8ves de l'Est lyonnais","Nature | Environnement | Chasse","Sant\u00e9 | Bien Etre | Solidarit\u00e9","V\u00e9nissieux"],"inLanguage":"fr-FR","potentialAction":[{"@type":"CommentAction","name":"Comment","target":["https:\/\/newsestlyonnais.fr\/site\/2020\/11\/23\/venissieux-collecte-solidaire-semaine-europeenne-de-la-reduction-des-dechets\/#respond"]}]},{"@type":"WebPage","@id":"https:\/\/newsestlyonnais.fr\/site\/2020\/11\/23\/venissieux-collecte-solidaire-semaine-europeenne-de-la-reduction-des-dechets\/","url":"https:\/\/newsestlyonnais.fr\/site\/2020\/11\/23\/venissieux-collecte-solidaire-semaine-europeenne-de-la-reduction-des-dechets\/","name":"VENISSIEUX | Collecte solidaire < semaine europ\u00e9enne de la r\u00e9duction des d\u00e9chets - News Est Lyonnais","isPartOf":{"@id":"https:\/\/newsestlyonnais.fr\/site\/#website"},"primaryImageOfPage":{"@id":"https:\/\/newsestlyonnais.fr\/site\/2020\/11\/23\/venissieux-collecte-solidaire-semaine-europeenne-de-la-reduction-des-dechets\/#primaryimage"},"image":{"@id":"https:\/\/newsestlyonnais.fr\/site\/2020\/11\/23\/venissieux-collecte-solidaire-semaine-europeenne-de-la-reduction-des-dechets\/#primaryimage"},"thumbnailUrl":"https:\/\/newsestlyonnais.fr\/site\/wp-content\/uploads\/2020\/11\/NEWSESTLYONNAIS-Collecte-.jpg","datePublished":"2020-11-23T13:06:39+00:00","dateModified":"2020-11-23T13:07:17+00:00","description":"VENISSIEUX | Collecte solidaire &lt; semaine europ\u00e9enne de la r\u00e9duction des d\u00e9chets","breadcrumb":{"@id":"https:\/\/newsestlyonnais.fr\/site\/2020\/11\/23\/venissieux-collecte-solidaire-semaine-europeenne-de-la-reduction-des-dechets\/#breadcrumb"},"inLanguage":"fr-FR","potentialAction":[{"@type":"ReadAction","target":["https:\/\/newsestlyonnais.fr\/site\/2020\/11\/23\/venissieux-collecte-solidaire-semaine-europeenne-de-la-reduction-des-dechets\/"]}]},{"@type":"ImageObject","inLanguage":"fr-FR","@id":"https:\/\/newsestlyonnais.fr\/site\/2020\/11\/23\/venissieux-collecte-solidaire-semaine-europeenne-de-la-reduction-des-dechets\/#primaryimage","url":"https:\/\/newsestlyonnais.fr\/site\/wp-content\/uploads\/2020\/11\/NEWSESTLYONNAIS-Collecte-.jpg","contentUrl":"https:\/\/newsestlyonnais.fr\/site\/wp-content\/uploads\/2020\/11\/NEWSESTLYONNAIS-Collecte-.jpg","width":642,"height":321},{"@type":"BreadcrumbList","@id":"https:\/\/newsestlyonnais.fr\/site\/2020\/11\/23\/venissieux-collecte-solidaire-semaine-europeenne-de-la-reduction-des-dechets\/#breadcrumb","itemListElement":[{"@type":"ListItem","position":1,"name":"Accueil","item":"https:\/\/newsestlyonnais.fr\/site\/"},{"@type":"ListItem","position":2,"name":"VENISSIEUX | Collecte solidaire < semaine europ\u00e9enne de la r\u00e9duction des d\u00e9chets"}]},{"@type":"WebSite","@id":"https:\/\/newsestlyonnais.fr\/site\/#website","url":"https:\/\/newsestlyonnais.fr\/site\/","name":"News Est Lyonnais","description":"L&#039;actualit\u00e9 au plus pr\u00e8s","publisher":{"@id":"https:\/\/newsestlyonnais.fr\/site\/#organization"},"potentialAction":[{"@type":"SearchAction","target":{"@type":"EntryPoint","urlTemplate":"https:\/\/newsestlyonnais.fr\/site\/?s={search_term_string}"},"query-input":{"@type":"PropertyValueSpecification","valueRequired":true,"valueName":"search_term_string"}}],"inLanguage":"fr-FR"},{"@type":"Organization","@id":"https:\/\/newsestlyonnais.fr\/site\/#organization","name":"News EST LYONNAIS","url":"https:\/\/newsestlyonnais.fr\/site\/","logo":{"@type":"ImageObject","inLanguage":"fr-FR","@id":"https:\/\/newsestlyonnais.fr\/site\/#\/schema\/logo\/image\/","url":"","contentUrl":"","caption":"News EST LYONNAIS"},"image":{"@id":"https:\/\/newsestlyonnais.fr\/site\/#\/schema\/logo\/image\/"}},{"@type":"Person","@id":"https:\/\/newsestlyonnais.fr\/site\/#\/schema\/person\/3230d5615f390bb808365d673001e887","name":"R\u00e9dac. NEWS","sameAs":["http:\/\/www.newsestlyonnais.fr","https:\/\/www.facebook.com\/pascal.oberson.1?fref=ts","https:\/\/fr.linkedin.com\/in\/pascal-oberson-b17045113"],"url":"https:\/\/newsestlyonnais.fr\/site\/author\/nel\/"}]}},"_links":{"self":[{"href":"https:\/\/newsestlyonnais.fr\/site\/wp-json\/wp\/v2\/posts\/118336","targetHints":{"allow":["GET"]}}],"collection":[{"href":"https:\/\/newsestlyonnais.fr\/site\/wp-json\/wp\/v2\/posts"}],"about":[{"href":"https:\/\/newsestlyonnais.fr\/site\/wp-json\/wp\/v2\/types\/post"}],"author":[{"embeddable":true,"href":"https:\/\/newsestlyonnais.fr\/site\/wp-json\/wp\/v2\/users\/4"}],"replies":[{"embeddable":true,"href":"https:\/\/newsestlyonnais.fr\/site\/wp-json\/wp\/v2\/comments?post=118336"}],"version-history":[{"count":0,"href":"https:\/\/newsestlyonnais.fr\/site\/wp-json\/wp\/v2\/posts\/118336\/revisions"}],"wp:featuredmedia":[{"embeddable":true,"href":"https:\/\/newsestlyonnais.fr\/site\/wp-json\/wp\/v2\/media\/118338"}],"wp:attachment":[{"href":"https:\/\/newsestlyonnais.fr\/site\/wp-json\/wp\/v2\/media?parent=118336"}],"wp:term":[{"taxonomy":"category","embeddable":true,"href":"https:\/\/newsestlyonnais.fr\/site\/wp-json\/wp\/v2\/categories?post=118336"},{"taxonomy":"post_tag","embeddable":true,"href":"https:\/\/newsestlyonnais.fr\/site\/wp-json\/wp\/v2\/tags?post=118336"}],"curies":[{"name":"wp","href":"https:\/\/api.w.org\/{rel}","templated":true}]}}