{"id":118536,"date":"2020-11-25T18:25:33","date_gmt":"2020-11-25T17:25:33","guid":{"rendered":"http:\/\/newsestlyonnais.fr\/site\/?p=118536"},"modified":"2020-11-27T14:06:45","modified_gmt":"2020-11-27T13:06:45","slug":"bron-seniors-allo-comment-ca-va-aujourdhui","status":"publish","type":"post","link":"https:\/\/newsestlyonnais.fr\/site\/2020\/11\/25\/bron-seniors-allo-comment-ca-va-aujourdhui\/","title":{"rendered":"BRON | Seniors \u00ab Allo, comment \u00e7a va aujourd\u2019hui ? \u00bb"},"content":{"rendered":"<p><strong>Aux manettes de la Cellule anti-Covid d\u2019urgence, des \u00e9lus et des citoyens b\u00e9n\u00e9voles de Bron<\/strong>. \u00c0 l\u2019approche des f\u00eates de fin d\u2019ann\u00e9e, ils appellent les habitants de plus de 70 ans et veillent \u00e0 leur bien-\u00eatre.<\/p>\n<p>Depuis la mi-novembre, la Cellule anti-Covid d\u2019urgence pilot\u00e9e par plusieurs \u00e9lus de la Ville de Bron avec le Centre communal d\u2019action sociale (CCAS) et des citoyens brondillants s\u2019active au quotidien.<\/p>\n<p><em><strong><span style=\"text-decoration: underline;\">Objectif<\/span> : anticiper l\u2019isolement au moment des f\u00eates,identifier d\u2019\u00e9ventuels besoins, les situations de solitude&#8230;<\/strong><\/em><\/p>\n<p><strong> Plus de mille trois cents Brondillants de plus de 70 ans sont suivis par la Cellule.<\/strong> En cas de fragilit\u00e9 ou de d\u00e9tresse, une orientation est possible vers une \u201cCellule d\u2019\u00e9coute active\u201d compos\u00e9e de professionnels du CCAS et d\u2019une neuropsychologue brondillante qui intervient b\u00e9n\u00e9volement.<\/p>\n<hr \/>\n<p><strong>Martine Chareyre (<\/strong>Premi\u00e8re Adjointe d\u00e9l\u00e9gu\u00e9e \u00e0 la Sant\u00e9) : \u00ab La Cellule anti-Covid s\u2019adapte \u00e0 l\u2019actualit\u00e9 et anticipe les situations \u00e0 venir. Aujourd\u2019hui, nous veillons \u00e0 ce que les seniors ne se sentent pas isol\u00e9s en ce mois traditionnellement festif de d\u00e9cembre, si particulier cette ann\u00e9e. Demain, nous serons amen\u00e9s \u00e0 \u00e9changer avec eux sur le th\u00e8me des vaccins. Et au-del\u00e0 du domaine sanitaire, la Ville s\u2019organise pour r\u00e9pondre aux difficult\u00e9s physiques, psychologiques, sociales et culturelles de chacun. Nous anticipons la vie d\u2019apr\u00e8s, dans une d\u00e9marche positive. Nous \u0153uvrons pour qu\u2019elle soit meilleure que la vie d\u2019avant \u00bb<\/p>\n<p><strong>Muriel Robic<\/strong> (Adjointe d\u00e9l\u00e9gu\u00e9e aux Seniors) : \u00ab Cette cellule r\u00e9v\u00e8le la pr\u00e9occupation que les \u00e9lus de la Ville portent aux seniors brondillants, qu\u2019ils r\u00e9sident \u00e0 leur domicile ou dans les maisons de retraite. Et nous agissons sur la dur\u00e9e. Nous suivons toutes les situations individuelles, les r\u00e9sultats des tests Covid, le moral de chacun, comment ils vivent l\u2019approche de No\u00ebl, comment ils s\u2019organisent pour les courses&#8230; Nous veillons \u00e0 ce qu\u2019ils ne se sentent pas isol\u00e9s. Les seniors en ont vraiment besoin \u00bb<\/p>\n<hr \/>\n<p><strong>Mais aussi&#8230;<\/strong><\/p>\n<p>Les services municipaux et les associations, mobilis\u00e9s, maintiennent le lien social si indispensable, notamment en cette p\u00e9riode de fin d\u2019ann\u00e9e, avec :<\/p>\n<ul>\n<li>des permanences t\u00e9l\u00e9phoniques en Mairie et au CCAS<\/li>\n<li>une veille sanitaire et un contact quotidien aupr\u00e8s des seniors \u00e2g\u00e9s de plus de 65 b\u00e9n\u00e9ficiaires du portage de repas.<\/li>\n<\/ul>\n<p>Un renforcement de ce dispositif est possible en cas de n\u00e9cessit\u00e9 comme lors du 1er confinement-la r\u00e9activation de la plateforme Bronentraidonsnous.fr-un relai des initiatives associatives sur tous les supports de communication de la Ville (site internet, Journaux \u00e9lectroniques d\u2019information, magazine).<\/p>\n<hr \/>\n<p>&nbsp;<\/p>\n","protected":false},"excerpt":{"rendered":"<p>C\u2019est une premi\u00e8re, la Ville accompagne les seniors brondillants, notamment les plus fragilis\u00e9s et \u00e9prouv\u00e9s par la crise li\u00e9e \u00e0 la Covid-19.<\/p>\n","protected":false},"author":4,"featured_media":118551,"comment_status":"open","ping_status":"open","sticky":false,"template":"","format":"standard","meta":{"footnotes":""},"categories":[2217,19,1219,18],"tags":[2072],"class_list":["post-118536","post","type-post","status-publish","format-standard","has-post-thumbnail","hentry","category-breves-de-lest-lyonnais","category-bron","category-religion-seniors-souvenir","category-sante-bien-etre-solidarite","tag-bron"],"yoast_head":"<!-- This site is optimized with the Yoast SEO plugin v27.2 - https:\/\/yoast.com\/product\/yoast-seo-wordpress\/ -->\n<title>BRON | Seniors \u00ab Allo, comment \u00e7a va aujourd\u2019hui ? \u00bb - News Est Lyonnais<\/title>\n<meta name=\"description\" content=\"BRON | Seniors \u00ab Allo, comment \u00e7a va aujourd\u2019hui ? \u00bb\" \/>\n<meta name=\"robots\" content=\"index, follow, max-snippet:-1, max-image-preview:large, max-video-preview:-1\" \/>\n<link rel=\"canonical\" href=\"https:\/\/newsestlyonnais.fr\/site\/2020\/11\/25\/bron-seniors-allo-comment-ca-va-aujourdhui\/\" \/>\n<meta property=\"og:locale\" content=\"fr_FR\" \/>\n<meta property=\"og:type\" content=\"article\" \/>\n<meta property=\"og:title\" content=\"BRON | Seniors \u00ab Allo, comment \u00e7a va aujourd\u2019hui ? \u00bb - News Est Lyonnais\" \/>\n<meta property=\"og:description\" content=\"BRON | Seniors \u00ab Allo, comment \u00e7a va aujourd\u2019hui ? \u00bb\" \/>\n<meta property=\"og:url\" content=\"https:\/\/newsestlyonnais.fr\/site\/2020\/11\/25\/bron-seniors-allo-comment-ca-va-aujourdhui\/\" \/>\n<meta property=\"og:site_name\" content=\"News Est Lyonnais\" \/>\n<meta property=\"article:author\" content=\"https:\/\/www.facebook.com\/pascal.oberson.1?fref=ts\" \/>\n<meta property=\"article:published_time\" content=\"2020-11-25T17:25:33+00:00\" \/>\n<meta property=\"article:modified_time\" content=\"2020-11-27T13:06:45+00:00\" \/>\n<meta property=\"og:image\" content=\"https:\/\/i1.wp.com\/newsestlyonnais.fr\/site\/wp-content\/uploads\/2020\/11\/NEWSESTLYONNAIS-BIS-PANNEAUBRON.jpg?fit=1000%2C750&ssl=1\" \/>\n\t<meta property=\"og:image:width\" content=\"1000\" \/>\n\t<meta property=\"og:image:height\" content=\"750\" \/>\n\t<meta property=\"og:image:type\" content=\"image\/jpeg\" \/>\n<meta name=\"author\" content=\"R\u00e9dac. NEWS\" \/>\n<meta name=\"twitter:card\" content=\"summary_large_image\" \/>\n<meta name=\"twitter:label1\" content=\"\u00c9crit par\" \/>\n\t<meta name=\"twitter:data1\" content=\"R\u00e9dac. NEWS\" \/>\n\t<meta name=\"twitter:label2\" content=\"Dur\u00e9e de lecture estim\u00e9e\" \/>\n\t<meta name=\"twitter:data2\" content=\"2 minutes\" \/>\n<script type=\"application\/ld+json\" class=\"yoast-schema-graph\">{\"@context\":\"https:\/\/schema.org\",\"@graph\":[{\"@type\":\"Article\",\"@id\":\"https:\/\/newsestlyonnais.fr\/site\/2020\/11\/25\/bron-seniors-allo-comment-ca-va-aujourdhui\/#article\",\"isPartOf\":{\"@id\":\"https:\/\/newsestlyonnais.fr\/site\/2020\/11\/25\/bron-seniors-allo-comment-ca-va-aujourdhui\/\"},\"author\":{\"name\":\"R\u00e9dac. NEWS\",\"@id\":\"https:\/\/newsestlyonnais.fr\/site\/#\/schema\/person\/3230d5615f390bb808365d673001e887\"},\"headline\":\"BRON | Seniors \u00ab Allo, comment \u00e7a va aujourd\u2019hui ? \u00bb\",\"datePublished\":\"2020-11-25T17:25:33+00:00\",\"dateModified\":\"2020-11-27T13:06:45+00:00\",\"mainEntityOfPage\":{\"@id\":\"https:\/\/newsestlyonnais.fr\/site\/2020\/11\/25\/bron-seniors-allo-comment-ca-va-aujourdhui\/\"},\"wordCount\":458,\"commentCount\":0,\"publisher\":{\"@id\":\"https:\/\/newsestlyonnais.fr\/site\/#organization\"},\"image\":{\"@id\":\"https:\/\/newsestlyonnais.fr\/site\/2020\/11\/25\/bron-seniors-allo-comment-ca-va-aujourdhui\/#primaryimage\"},\"thumbnailUrl\":\"https:\/\/newsestlyonnais.fr\/site\/wp-content\/uploads\/2020\/11\/NEWSESTLYONNAIS-BIS-PANNEAUBRON.jpg\",\"keywords\":[\"BRON\"],\"articleSection\":[\"Br\u00e8ves de l'Est lyonnais\",\"Bron\",\"Religion | Seniors | Souvenir\",\"Sant\u00e9 | Bien Etre | Solidarit\u00e9\"],\"inLanguage\":\"fr-FR\",\"potentialAction\":[{\"@type\":\"CommentAction\",\"name\":\"Comment\",\"target\":[\"https:\/\/newsestlyonnais.fr\/site\/2020\/11\/25\/bron-seniors-allo-comment-ca-va-aujourdhui\/#respond\"]}]},{\"@type\":\"WebPage\",\"@id\":\"https:\/\/newsestlyonnais.fr\/site\/2020\/11\/25\/bron-seniors-allo-comment-ca-va-aujourdhui\/\",\"url\":\"https:\/\/newsestlyonnais.fr\/site\/2020\/11\/25\/bron-seniors-allo-comment-ca-va-aujourdhui\/\",\"name\":\"BRON | Seniors \u00ab Allo, comment \u00e7a va aujourd\u2019hui ? \u00bb - News Est Lyonnais\",\"isPartOf\":{\"@id\":\"https:\/\/newsestlyonnais.fr\/site\/#website\"},\"primaryImageOfPage\":{\"@id\":\"https:\/\/newsestlyonnais.fr\/site\/2020\/11\/25\/bron-seniors-allo-comment-ca-va-aujourdhui\/#primaryimage\"},\"image\":{\"@id\":\"https:\/\/newsestlyonnais.fr\/site\/2020\/11\/25\/bron-seniors-allo-comment-ca-va-aujourdhui\/#primaryimage\"},\"thumbnailUrl\":\"https:\/\/newsestlyonnais.fr\/site\/wp-content\/uploads\/2020\/11\/NEWSESTLYONNAIS-BIS-PANNEAUBRON.jpg\",\"datePublished\":\"2020-11-25T17:25:33+00:00\",\"dateModified\":\"2020-11-27T13:06:45+00:00\",\"description\":\"BRON | Seniors \u00ab Allo, comment \u00e7a va aujourd\u2019hui ? \u00bb\",\"breadcrumb\":{\"@id\":\"https:\/\/newsestlyonnais.fr\/site\/2020\/11\/25\/bron-seniors-allo-comment-ca-va-aujourdhui\/#breadcrumb\"},\"inLanguage\":\"fr-FR\",\"potentialAction\":[{\"@type\":\"ReadAction\",\"target\":[\"https:\/\/newsestlyonnais.fr\/site\/2020\/11\/25\/bron-seniors-allo-comment-ca-va-aujourdhui\/\"]}]},{\"@type\":\"ImageObject\",\"inLanguage\":\"fr-FR\",\"@id\":\"https:\/\/newsestlyonnais.fr\/site\/2020\/11\/25\/bron-seniors-allo-comment-ca-va-aujourdhui\/#primaryimage\",\"url\":\"https:\/\/newsestlyonnais.fr\/site\/wp-content\/uploads\/2020\/11\/NEWSESTLYONNAIS-BIS-PANNEAUBRON.jpg\",\"contentUrl\":\"https:\/\/newsestlyonnais.fr\/site\/wp-content\/uploads\/2020\/11\/NEWSESTLYONNAIS-BIS-PANNEAUBRON.jpg\",\"width\":1000,\"height\":750},{\"@type\":\"BreadcrumbList\",\"@id\":\"https:\/\/newsestlyonnais.fr\/site\/2020\/11\/25\/bron-seniors-allo-comment-ca-va-aujourdhui\/#breadcrumb\",\"itemListElement\":[{\"@type\":\"ListItem\",\"position\":1,\"name\":\"Accueil\",\"item\":\"https:\/\/newsestlyonnais.fr\/site\/\"},{\"@type\":\"ListItem\",\"position\":2,\"name\":\"BRON | Seniors \u00ab Allo, comment \u00e7a va aujourd\u2019hui ? \u00bb\"}]},{\"@type\":\"WebSite\",\"@id\":\"https:\/\/newsestlyonnais.fr\/site\/#website\",\"url\":\"https:\/\/newsestlyonnais.fr\/site\/\",\"name\":\"News Est Lyonnais\",\"description\":\"L&#039;actualit\u00e9 au plus pr\u00e8s\",\"publisher\":{\"@id\":\"https:\/\/newsestlyonnais.fr\/site\/#organization\"},\"potentialAction\":[{\"@type\":\"SearchAction\",\"target\":{\"@type\":\"EntryPoint\",\"urlTemplate\":\"https:\/\/newsestlyonnais.fr\/site\/?s={search_term_string}\"},\"query-input\":{\"@type\":\"PropertyValueSpecification\",\"valueRequired\":true,\"valueName\":\"search_term_string\"}}],\"inLanguage\":\"fr-FR\"},{\"@type\":\"Organization\",\"@id\":\"https:\/\/newsestlyonnais.fr\/site\/#organization\",\"name\":\"News EST LYONNAIS\",\"url\":\"https:\/\/newsestlyonnais.fr\/site\/\",\"logo\":{\"@type\":\"ImageObject\",\"inLanguage\":\"fr-FR\",\"@id\":\"https:\/\/newsestlyonnais.fr\/site\/#\/schema\/logo\/image\/\",\"url\":\"\",\"contentUrl\":\"\",\"caption\":\"News EST LYONNAIS\"},\"image\":{\"@id\":\"https:\/\/newsestlyonnais.fr\/site\/#\/schema\/logo\/image\/\"}},{\"@type\":\"Person\",\"@id\":\"https:\/\/newsestlyonnais.fr\/site\/#\/schema\/person\/3230d5615f390bb808365d673001e887\",\"name\":\"R\u00e9dac. NEWS\",\"sameAs\":[\"http:\/\/www.newsestlyonnais.fr\",\"https:\/\/www.facebook.com\/pascal.oberson.1?fref=ts\",\"https:\/\/fr.linkedin.com\/in\/pascal-oberson-b17045113\"],\"url\":\"https:\/\/newsestlyonnais.fr\/site\/author\/nel\/\"}]}<\/script>\n<!-- \/ Yoast SEO plugin. -->","yoast_head_json":{"title":"BRON | Seniors \u00ab Allo, comment \u00e7a va aujourd\u2019hui ? \u00bb - News Est Lyonnais","description":"BRON | Seniors \u00ab Allo, comment \u00e7a va aujourd\u2019hui ? \u00bb","robots":{"index":"index","follow":"follow","max-snippet":"max-snippet:-1","max-image-preview":"max-image-preview:large","max-video-preview":"max-video-preview:-1"},"canonical":"https:\/\/newsestlyonnais.fr\/site\/2020\/11\/25\/bron-seniors-allo-comment-ca-va-aujourdhui\/","og_locale":"fr_FR","og_type":"article","og_title":"BRON | Seniors \u00ab Allo, comment \u00e7a va aujourd\u2019hui ? \u00bb - News Est Lyonnais","og_description":"BRON | Seniors \u00ab Allo, comment \u00e7a va aujourd\u2019hui ? \u00bb","og_url":"https:\/\/newsestlyonnais.fr\/site\/2020\/11\/25\/bron-seniors-allo-comment-ca-va-aujourdhui\/","og_site_name":"News Est Lyonnais","article_author":"https:\/\/www.facebook.com\/pascal.oberson.1?fref=ts","article_published_time":"2020-11-25T17:25:33+00:00","article_modified_time":"2020-11-27T13:06:45+00:00","og_image":[{"width":1000,"height":750,"url":"https:\/\/i1.wp.com\/newsestlyonnais.fr\/site\/wp-content\/uploads\/2020\/11\/NEWSESTLYONNAIS-BIS-PANNEAUBRON.jpg?fit=1000%2C750&ssl=1","type":"image\/jpeg"}],"author":"R\u00e9dac. NEWS","twitter_card":"summary_large_image","twitter_misc":{"\u00c9crit par":"R\u00e9dac. NEWS","Dur\u00e9e de lecture estim\u00e9e":"2 minutes"},"schema":{"@context":"https:\/\/schema.org","@graph":[{"@type":"Article","@id":"https:\/\/newsestlyonnais.fr\/site\/2020\/11\/25\/bron-seniors-allo-comment-ca-va-aujourdhui\/#article","isPartOf":{"@id":"https:\/\/newsestlyonnais.fr\/site\/2020\/11\/25\/bron-seniors-allo-comment-ca-va-aujourdhui\/"},"author":{"name":"R\u00e9dac. NEWS","@id":"https:\/\/newsestlyonnais.fr\/site\/#\/schema\/person\/3230d5615f390bb808365d673001e887"},"headline":"BRON | Seniors \u00ab Allo, comment \u00e7a va aujourd\u2019hui ? \u00bb","datePublished":"2020-11-25T17:25:33+00:00","dateModified":"2020-11-27T13:06:45+00:00","mainEntityOfPage":{"@id":"https:\/\/newsestlyonnais.fr\/site\/2020\/11\/25\/bron-seniors-allo-comment-ca-va-aujourdhui\/"},"wordCount":458,"commentCount":0,"publisher":{"@id":"https:\/\/newsestlyonnais.fr\/site\/#organization"},"image":{"@id":"https:\/\/newsestlyonnais.fr\/site\/2020\/11\/25\/bron-seniors-allo-comment-ca-va-aujourdhui\/#primaryimage"},"thumbnailUrl":"https:\/\/newsestlyonnais.fr\/site\/wp-content\/uploads\/2020\/11\/NEWSESTLYONNAIS-BIS-PANNEAUBRON.jpg","keywords":["BRON"],"articleSection":["Br\u00e8ves de l'Est lyonnais","Bron","Religion | Seniors | Souvenir","Sant\u00e9 | Bien Etre | Solidarit\u00e9"],"inLanguage":"fr-FR","potentialAction":[{"@type":"CommentAction","name":"Comment","target":["https:\/\/newsestlyonnais.fr\/site\/2020\/11\/25\/bron-seniors-allo-comment-ca-va-aujourdhui\/#respond"]}]},{"@type":"WebPage","@id":"https:\/\/newsestlyonnais.fr\/site\/2020\/11\/25\/bron-seniors-allo-comment-ca-va-aujourdhui\/","url":"https:\/\/newsestlyonnais.fr\/site\/2020\/11\/25\/bron-seniors-allo-comment-ca-va-aujourdhui\/","name":"BRON | Seniors \u00ab Allo, comment \u00e7a va aujourd\u2019hui ? \u00bb - News Est Lyonnais","isPartOf":{"@id":"https:\/\/newsestlyonnais.fr\/site\/#website"},"primaryImageOfPage":{"@id":"https:\/\/newsestlyonnais.fr\/site\/2020\/11\/25\/bron-seniors-allo-comment-ca-va-aujourdhui\/#primaryimage"},"image":{"@id":"https:\/\/newsestlyonnais.fr\/site\/2020\/11\/25\/bron-seniors-allo-comment-ca-va-aujourdhui\/#primaryimage"},"thumbnailUrl":"https:\/\/newsestlyonnais.fr\/site\/wp-content\/uploads\/2020\/11\/NEWSESTLYONNAIS-BIS-PANNEAUBRON.jpg","datePublished":"2020-11-25T17:25:33+00:00","dateModified":"2020-11-27T13:06:45+00:00","description":"BRON | Seniors \u00ab Allo, comment \u00e7a va aujourd\u2019hui ? \u00bb","breadcrumb":{"@id":"https:\/\/newsestlyonnais.fr\/site\/2020\/11\/25\/bron-seniors-allo-comment-ca-va-aujourdhui\/#breadcrumb"},"inLanguage":"fr-FR","potentialAction":[{"@type":"ReadAction","target":["https:\/\/newsestlyonnais.fr\/site\/2020\/11\/25\/bron-seniors-allo-comment-ca-va-aujourdhui\/"]}]},{"@type":"ImageObject","inLanguage":"fr-FR","@id":"https:\/\/newsestlyonnais.fr\/site\/2020\/11\/25\/bron-seniors-allo-comment-ca-va-aujourdhui\/#primaryimage","url":"https:\/\/newsestlyonnais.fr\/site\/wp-content\/uploads\/2020\/11\/NEWSESTLYONNAIS-BIS-PANNEAUBRON.jpg","contentUrl":"https:\/\/newsestlyonnais.fr\/site\/wp-content\/uploads\/2020\/11\/NEWSESTLYONNAIS-BIS-PANNEAUBRON.jpg","width":1000,"height":750},{"@type":"BreadcrumbList","@id":"https:\/\/newsestlyonnais.fr\/site\/2020\/11\/25\/bron-seniors-allo-comment-ca-va-aujourdhui\/#breadcrumb","itemListElement":[{"@type":"ListItem","position":1,"name":"Accueil","item":"https:\/\/newsestlyonnais.fr\/site\/"},{"@type":"ListItem","position":2,"name":"BRON | Seniors \u00ab Allo, comment \u00e7a va aujourd\u2019hui ? \u00bb"}]},{"@type":"WebSite","@id":"https:\/\/newsestlyonnais.fr\/site\/#website","url":"https:\/\/newsestlyonnais.fr\/site\/","name":"News Est Lyonnais","description":"L&#039;actualit\u00e9 au plus pr\u00e8s","publisher":{"@id":"https:\/\/newsestlyonnais.fr\/site\/#organization"},"potentialAction":[{"@type":"SearchAction","target":{"@type":"EntryPoint","urlTemplate":"https:\/\/newsestlyonnais.fr\/site\/?s={search_term_string}"},"query-input":{"@type":"PropertyValueSpecification","valueRequired":true,"valueName":"search_term_string"}}],"inLanguage":"fr-FR"},{"@type":"Organization","@id":"https:\/\/newsestlyonnais.fr\/site\/#organization","name":"News EST LYONNAIS","url":"https:\/\/newsestlyonnais.fr\/site\/","logo":{"@type":"ImageObject","inLanguage":"fr-FR","@id":"https:\/\/newsestlyonnais.fr\/site\/#\/schema\/logo\/image\/","url":"","contentUrl":"","caption":"News EST LYONNAIS"},"image":{"@id":"https:\/\/newsestlyonnais.fr\/site\/#\/schema\/logo\/image\/"}},{"@type":"Person","@id":"https:\/\/newsestlyonnais.fr\/site\/#\/schema\/person\/3230d5615f390bb808365d673001e887","name":"R\u00e9dac. NEWS","sameAs":["http:\/\/www.newsestlyonnais.fr","https:\/\/www.facebook.com\/pascal.oberson.1?fref=ts","https:\/\/fr.linkedin.com\/in\/pascal-oberson-b17045113"],"url":"https:\/\/newsestlyonnais.fr\/site\/author\/nel\/"}]}},"_links":{"self":[{"href":"https:\/\/newsestlyonnais.fr\/site\/wp-json\/wp\/v2\/posts\/118536","targetHints":{"allow":["GET"]}}],"collection":[{"href":"https:\/\/newsestlyonnais.fr\/site\/wp-json\/wp\/v2\/posts"}],"about":[{"href":"https:\/\/newsestlyonnais.fr\/site\/wp-json\/wp\/v2\/types\/post"}],"author":[{"embeddable":true,"href":"https:\/\/newsestlyonnais.fr\/site\/wp-json\/wp\/v2\/users\/4"}],"replies":[{"embeddable":true,"href":"https:\/\/newsestlyonnais.fr\/site\/wp-json\/wp\/v2\/comments?post=118536"}],"version-history":[{"count":0,"href":"https:\/\/newsestlyonnais.fr\/site\/wp-json\/wp\/v2\/posts\/118536\/revisions"}],"wp:featuredmedia":[{"embeddable":true,"href":"https:\/\/newsestlyonnais.fr\/site\/wp-json\/wp\/v2\/media\/118551"}],"wp:attachment":[{"href":"https:\/\/newsestlyonnais.fr\/site\/wp-json\/wp\/v2\/media?parent=118536"}],"wp:term":[{"taxonomy":"category","embeddable":true,"href":"https:\/\/newsestlyonnais.fr\/site\/wp-json\/wp\/v2\/categories?post=118536"},{"taxonomy":"post_tag","embeddable":true,"href":"https:\/\/newsestlyonnais.fr\/site\/wp-json\/wp\/v2\/tags?post=118536"}],"curies":[{"name":"wp","href":"https:\/\/api.w.org\/{rel}","templated":true}]}}