{"id":118653,"date":"2020-11-27T12:07:12","date_gmt":"2020-11-27T11:07:12","guid":{"rendered":"http:\/\/newsestlyonnais.fr\/site\/?p=118653"},"modified":"2020-12-07T14:32:09","modified_gmt":"2020-12-07T13:32:09","slug":"transports-5-semaine-de-confinement-le-sytral-adapte-loffre-de-ses-reseaux","status":"publish","type":"post","link":"https:\/\/newsestlyonnais.fr\/site\/2020\/11\/27\/transports-5-semaine-de-confinement-le-sytral-adapte-loffre-de-ses-reseaux\/","title":{"rendered":"TRANSPORTS | 5\u00b0 semaine de confinement > le Sytral adapte l&rsquo;offre de ses r\u00e9seaux"},"content":{"rendered":"<p>Le SYTRAL renforce l\u2019offre de transport afin d\u2019accompagner la r\u00e9ouverture des commerces et soutenir l\u2019activit\u00e9 \u00e9conomique du territoire, garantissant le d\u00e9placement des voyageurs dans le strict respect des mesures sanitaires en vigueur.<\/p>\n<hr \/>\n<p><span style=\"text-decoration: underline;\"><em><strong>L\u2019offre du r\u00e9seau TCL renforc\u00e9e les week-ends<\/strong> <\/em><\/span><\/p>\n<p><strong>A compter du samedi 28 novembre, le r\u00e9seau TCL proposera chaque week-end une offre \u00e0 pr\u00e8s de 90%<\/strong> avec un renfort cibl\u00e9 sur les lignes majeures desservant les centres-villes et les centres commerciaux.<\/p>\n<p>Les lignes de<strong> m\u00e9tro<\/strong> seront renforc\u00e9es et offriront une fr\u00e9quence jusqu\u2019\u00e0 2\u201955 sur la ligne D et moins de 4\u2019 sur les lignes A et B.<\/p>\n<p>L\u2019offre d\u00e9ploy\u00e9e sur les lignes de<strong> tramway<\/strong> permettra une fr\u00e9quence allant jusqu\u2019\u00e0 7\u2019 sur T1 et T2 et 8\u201930 sur T4. <strong>En semaine, l\u2019offre augmentera progressivement \u00e0 partir du 30 novembre<\/strong> passant de 80 % \u00e0 90 % en journ\u00e9e afin notamment d\u2019accompagner la r\u00e9ouverture des commerces. <strong>L\u2019all\u00e8gement de l\u2019offre en soir\u00e9e \u00e0 partir de 21 h<\/strong>, sera maintenu au regard du confinement actuel et du couvre-feu annonc\u00e9 <strong>\u00e0 partir du 15 d\u00e9cembre<\/strong>. Toutes les infos : <span style=\"color: #0000ff;\"><a style=\"color: #0000ff;\" href=\"https:\/\/www.tcl.fr\">www.tcl.fr<\/a><\/span><\/p>\n<hr \/>\n<p><span style=\"text-decoration: underline;\"><em><strong>Sur le r\u00e9seau des Cars du Rh\u00f4ne<\/strong><\/em><\/span><\/p>\n<p><strong>A compter du 5 d\u00e9cembre l\u2019offre sera renforc\u00e9e le week-end<\/strong>. Toutes les infos : <span style=\"color: #0000ff;\"><a style=\"color: #0000ff;\" href=\"https:\/\/www.carsdurhone.fr\">carsdurhone.fr<\/a><\/span><\/p>\n<p><span style=\"text-decoration: underline;\"><em><strong>Sur le r\u00e9seau Libellule<\/strong><\/em><\/span><\/p>\n<p>Au regard de la fr\u00e9quentation constat\u00e9e ces derni\u00e8res semaines et afin de garantir la s\u00e9curit\u00e9 des voyageurs, <strong>l\u2019offre reprendra \u00e0 100 % du lundi au samedi, d\u00e8s le 30 novembre<\/strong>. Afin d\u2019accompagner l\u2019ouverture des commerces, <strong>le transport \u00e0 la demande dynamique sera renforc\u00e9 chaque dimanche de d\u00e9cembre d\u00e8s le 6<\/strong>, avec la mise en place d\u2019un v\u00e9hicule suppl\u00e9mentaire. Toutes les infos : <span style=\"color: #0000ff;\"><a style=\"color: #0000ff;\" href=\"https:\/\/www.buslibellule.com\">buslibellule.com<\/a><\/span><\/p>\n<hr \/>\n<p><span style=\"text-decoration: underline;\"><em><strong>Remboursement des abonnements<\/strong><\/em><\/span><\/p>\n<p>Suite \u00e0 l\u2019engagement pris par le pr\u00e9sident du SYTRAL, Bruno Bernard, <strong>l\u2019ensemble des abonn\u00e9s<\/strong> des r\u00e9seaux TCL, Cars du Rh\u00f4ne et Libellule <strong>n\u2019ayant pas utilis\u00e9 leur abonnement entre le 9 et le 30 novembre<\/strong>, pourront faire leur demande de remboursement d\u00e8s le 1\u00b0 d\u00e9cembre.<\/p>\n<p><strong>Les formulaires sont disponibles sur les sites : TCL, Cars du Rh\u00f4ne et Libellule<\/strong><\/p>\n<hr \/>\n<p>&nbsp;<\/p>\n","protected":false},"excerpt":{"rendered":"<p>Ceci au regard de l\u2019\u00e9volution de la situation sanitaire, des derni\u00e8res annonces gouvernementales et en lien avec ses d\u00e9l\u00e9gataires.<\/p>\n","protected":false},"author":4,"featured_media":118660,"comment_status":"open","ping_status":"open","sticky":false,"template":"","format":"standard","meta":{"footnotes":""},"categories":[13],"tags":[2455,2050],"class_list":["post-118653","post","type-post","status-publish","format-standard","has-post-thumbnail","hentry","category-transports-circulation","tag-sytral","tag-transports"],"yoast_head":"<!-- This site is optimized with the Yoast SEO plugin v27.2 - https:\/\/yoast.com\/product\/yoast-seo-wordpress\/ -->\n<title>TRANSPORTS | 5\u00b0 semaine de confinement &gt; le Sytral adapte l&#039;offre de ses r\u00e9seaux - News Est Lyonnais<\/title>\n<meta name=\"description\" content=\"TRANSPORTS | 5\u00b0 semaine de confinement &gt; le SYTRAL adapte l&#039;offre de ses r\u00e9seaux\" \/>\n<meta name=\"robots\" content=\"index, follow, max-snippet:-1, max-image-preview:large, max-video-preview:-1\" \/>\n<link rel=\"canonical\" href=\"https:\/\/newsestlyonnais.fr\/site\/2020\/11\/27\/transports-5-semaine-de-confinement-le-sytral-adapte-loffre-de-ses-reseaux\/\" \/>\n<meta property=\"og:locale\" content=\"fr_FR\" \/>\n<meta property=\"og:type\" content=\"article\" \/>\n<meta property=\"og:title\" content=\"TRANSPORTS | 5\u00b0 semaine de confinement &gt; le Sytral adapte l&#039;offre de ses r\u00e9seaux - News Est Lyonnais\" \/>\n<meta property=\"og:description\" content=\"TRANSPORTS | 5\u00b0 semaine de confinement &gt; le SYTRAL adapte l&#039;offre de ses r\u00e9seaux\" \/>\n<meta property=\"og:url\" content=\"https:\/\/newsestlyonnais.fr\/site\/2020\/11\/27\/transports-5-semaine-de-confinement-le-sytral-adapte-loffre-de-ses-reseaux\/\" \/>\n<meta property=\"og:site_name\" content=\"News Est Lyonnais\" \/>\n<meta property=\"article:author\" content=\"https:\/\/www.facebook.com\/pascal.oberson.1?fref=ts\" \/>\n<meta property=\"article:published_time\" content=\"2020-11-27T11:07:12+00:00\" \/>\n<meta property=\"article:modified_time\" content=\"2020-12-07T13:32:09+00:00\" \/>\n<meta property=\"og:image\" content=\"https:\/\/i0.wp.com\/newsestlyonnais.fr\/site\/wp-content\/uploads\/2020\/11\/NEWSESTLYONNAIS-T6-TRAM-02.jpg?fit=800%2C1200&ssl=1\" \/>\n\t<meta property=\"og:image:width\" content=\"800\" \/>\n\t<meta property=\"og:image:height\" content=\"1200\" \/>\n\t<meta property=\"og:image:type\" content=\"image\/jpeg\" \/>\n<meta name=\"author\" content=\"R\u00e9dac. NEWS\" \/>\n<meta name=\"twitter:card\" content=\"summary_large_image\" \/>\n<meta name=\"twitter:label1\" content=\"\u00c9crit par\" \/>\n\t<meta name=\"twitter:data1\" content=\"R\u00e9dac. NEWS\" \/>\n\t<meta name=\"twitter:label2\" content=\"Dur\u00e9e de lecture estim\u00e9e\" \/>\n\t<meta name=\"twitter:data2\" content=\"2 minutes\" \/>\n<script type=\"application\/ld+json\" class=\"yoast-schema-graph\">{\"@context\":\"https:\/\/schema.org\",\"@graph\":[{\"@type\":\"Article\",\"@id\":\"https:\/\/newsestlyonnais.fr\/site\/2020\/11\/27\/transports-5-semaine-de-confinement-le-sytral-adapte-loffre-de-ses-reseaux\/#article\",\"isPartOf\":{\"@id\":\"https:\/\/newsestlyonnais.fr\/site\/2020\/11\/27\/transports-5-semaine-de-confinement-le-sytral-adapte-loffre-de-ses-reseaux\/\"},\"author\":{\"name\":\"R\u00e9dac. NEWS\",\"@id\":\"https:\/\/newsestlyonnais.fr\/site\/#\/schema\/person\/3230d5615f390bb808365d673001e887\"},\"headline\":\"TRANSPORTS | 5\u00b0 semaine de confinement > le Sytral adapte l&rsquo;offre de ses r\u00e9seaux\",\"datePublished\":\"2020-11-27T11:07:12+00:00\",\"dateModified\":\"2020-12-07T13:32:09+00:00\",\"mainEntityOfPage\":{\"@id\":\"https:\/\/newsestlyonnais.fr\/site\/2020\/11\/27\/transports-5-semaine-de-confinement-le-sytral-adapte-loffre-de-ses-reseaux\/\"},\"wordCount\":366,\"commentCount\":0,\"publisher\":{\"@id\":\"https:\/\/newsestlyonnais.fr\/site\/#organization\"},\"image\":{\"@id\":\"https:\/\/newsestlyonnais.fr\/site\/2020\/11\/27\/transports-5-semaine-de-confinement-le-sytral-adapte-loffre-de-ses-reseaux\/#primaryimage\"},\"thumbnailUrl\":\"https:\/\/newsestlyonnais.fr\/site\/wp-content\/uploads\/2020\/11\/NEWSESTLYONNAIS-T6-TRAM-02.jpg\",\"keywords\":[\"SYTRAL\",\"TRANSPORTS\"],\"articleSection\":[\"Transports | Circulation\"],\"inLanguage\":\"fr-FR\",\"potentialAction\":[{\"@type\":\"CommentAction\",\"name\":\"Comment\",\"target\":[\"https:\/\/newsestlyonnais.fr\/site\/2020\/11\/27\/transports-5-semaine-de-confinement-le-sytral-adapte-loffre-de-ses-reseaux\/#respond\"]}]},{\"@type\":\"WebPage\",\"@id\":\"https:\/\/newsestlyonnais.fr\/site\/2020\/11\/27\/transports-5-semaine-de-confinement-le-sytral-adapte-loffre-de-ses-reseaux\/\",\"url\":\"https:\/\/newsestlyonnais.fr\/site\/2020\/11\/27\/transports-5-semaine-de-confinement-le-sytral-adapte-loffre-de-ses-reseaux\/\",\"name\":\"TRANSPORTS | 5\u00b0 semaine de confinement > le Sytral adapte l'offre de ses r\u00e9seaux - News Est Lyonnais\",\"isPartOf\":{\"@id\":\"https:\/\/newsestlyonnais.fr\/site\/#website\"},\"primaryImageOfPage\":{\"@id\":\"https:\/\/newsestlyonnais.fr\/site\/2020\/11\/27\/transports-5-semaine-de-confinement-le-sytral-adapte-loffre-de-ses-reseaux\/#primaryimage\"},\"image\":{\"@id\":\"https:\/\/newsestlyonnais.fr\/site\/2020\/11\/27\/transports-5-semaine-de-confinement-le-sytral-adapte-loffre-de-ses-reseaux\/#primaryimage\"},\"thumbnailUrl\":\"https:\/\/newsestlyonnais.fr\/site\/wp-content\/uploads\/2020\/11\/NEWSESTLYONNAIS-T6-TRAM-02.jpg\",\"datePublished\":\"2020-11-27T11:07:12+00:00\",\"dateModified\":\"2020-12-07T13:32:09+00:00\",\"description\":\"TRANSPORTS | 5\u00b0 semaine de confinement > le SYTRAL adapte l'offre de ses r\u00e9seaux\",\"breadcrumb\":{\"@id\":\"https:\/\/newsestlyonnais.fr\/site\/2020\/11\/27\/transports-5-semaine-de-confinement-le-sytral-adapte-loffre-de-ses-reseaux\/#breadcrumb\"},\"inLanguage\":\"fr-FR\",\"potentialAction\":[{\"@type\":\"ReadAction\",\"target\":[\"https:\/\/newsestlyonnais.fr\/site\/2020\/11\/27\/transports-5-semaine-de-confinement-le-sytral-adapte-loffre-de-ses-reseaux\/\"]}]},{\"@type\":\"ImageObject\",\"inLanguage\":\"fr-FR\",\"@id\":\"https:\/\/newsestlyonnais.fr\/site\/2020\/11\/27\/transports-5-semaine-de-confinement-le-sytral-adapte-loffre-de-ses-reseaux\/#primaryimage\",\"url\":\"https:\/\/newsestlyonnais.fr\/site\/wp-content\/uploads\/2020\/11\/NEWSESTLYONNAIS-T6-TRAM-02.jpg\",\"contentUrl\":\"https:\/\/newsestlyonnais.fr\/site\/wp-content\/uploads\/2020\/11\/NEWSESTLYONNAIS-T6-TRAM-02.jpg\",\"width\":800,\"height\":1200},{\"@type\":\"BreadcrumbList\",\"@id\":\"https:\/\/newsestlyonnais.fr\/site\/2020\/11\/27\/transports-5-semaine-de-confinement-le-sytral-adapte-loffre-de-ses-reseaux\/#breadcrumb\",\"itemListElement\":[{\"@type\":\"ListItem\",\"position\":1,\"name\":\"Accueil\",\"item\":\"https:\/\/newsestlyonnais.fr\/site\/\"},{\"@type\":\"ListItem\",\"position\":2,\"name\":\"TRANSPORTS | 5\u00b0 semaine de confinement > le Sytral adapte l&rsquo;offre de ses r\u00e9seaux\"}]},{\"@type\":\"WebSite\",\"@id\":\"https:\/\/newsestlyonnais.fr\/site\/#website\",\"url\":\"https:\/\/newsestlyonnais.fr\/site\/\",\"name\":\"News Est Lyonnais\",\"description\":\"L&#039;actualit\u00e9 au plus pr\u00e8s\",\"publisher\":{\"@id\":\"https:\/\/newsestlyonnais.fr\/site\/#organization\"},\"potentialAction\":[{\"@type\":\"SearchAction\",\"target\":{\"@type\":\"EntryPoint\",\"urlTemplate\":\"https:\/\/newsestlyonnais.fr\/site\/?s={search_term_string}\"},\"query-input\":{\"@type\":\"PropertyValueSpecification\",\"valueRequired\":true,\"valueName\":\"search_term_string\"}}],\"inLanguage\":\"fr-FR\"},{\"@type\":\"Organization\",\"@id\":\"https:\/\/newsestlyonnais.fr\/site\/#organization\",\"name\":\"News EST LYONNAIS\",\"url\":\"https:\/\/newsestlyonnais.fr\/site\/\",\"logo\":{\"@type\":\"ImageObject\",\"inLanguage\":\"fr-FR\",\"@id\":\"https:\/\/newsestlyonnais.fr\/site\/#\/schema\/logo\/image\/\",\"url\":\"\",\"contentUrl\":\"\",\"caption\":\"News EST LYONNAIS\"},\"image\":{\"@id\":\"https:\/\/newsestlyonnais.fr\/site\/#\/schema\/logo\/image\/\"}},{\"@type\":\"Person\",\"@id\":\"https:\/\/newsestlyonnais.fr\/site\/#\/schema\/person\/3230d5615f390bb808365d673001e887\",\"name\":\"R\u00e9dac. NEWS\",\"sameAs\":[\"http:\/\/www.newsestlyonnais.fr\",\"https:\/\/www.facebook.com\/pascal.oberson.1?fref=ts\",\"https:\/\/fr.linkedin.com\/in\/pascal-oberson-b17045113\"],\"url\":\"https:\/\/newsestlyonnais.fr\/site\/author\/nel\/\"}]}<\/script>\n<!-- \/ Yoast SEO plugin. -->","yoast_head_json":{"title":"TRANSPORTS | 5\u00b0 semaine de confinement > le Sytral adapte l'offre de ses r\u00e9seaux - News Est Lyonnais","description":"TRANSPORTS | 5\u00b0 semaine de confinement > le SYTRAL adapte l'offre de ses r\u00e9seaux","robots":{"index":"index","follow":"follow","max-snippet":"max-snippet:-1","max-image-preview":"max-image-preview:large","max-video-preview":"max-video-preview:-1"},"canonical":"https:\/\/newsestlyonnais.fr\/site\/2020\/11\/27\/transports-5-semaine-de-confinement-le-sytral-adapte-loffre-de-ses-reseaux\/","og_locale":"fr_FR","og_type":"article","og_title":"TRANSPORTS | 5\u00b0 semaine de confinement > le Sytral adapte l'offre de ses r\u00e9seaux - News Est Lyonnais","og_description":"TRANSPORTS | 5\u00b0 semaine de confinement > le SYTRAL adapte l'offre de ses r\u00e9seaux","og_url":"https:\/\/newsestlyonnais.fr\/site\/2020\/11\/27\/transports-5-semaine-de-confinement-le-sytral-adapte-loffre-de-ses-reseaux\/","og_site_name":"News Est Lyonnais","article_author":"https:\/\/www.facebook.com\/pascal.oberson.1?fref=ts","article_published_time":"2020-11-27T11:07:12+00:00","article_modified_time":"2020-12-07T13:32:09+00:00","og_image":[{"width":800,"height":1200,"url":"https:\/\/i0.wp.com\/newsestlyonnais.fr\/site\/wp-content\/uploads\/2020\/11\/NEWSESTLYONNAIS-T6-TRAM-02.jpg?fit=800%2C1200&ssl=1","type":"image\/jpeg"}],"author":"R\u00e9dac. NEWS","twitter_card":"summary_large_image","twitter_misc":{"\u00c9crit par":"R\u00e9dac. NEWS","Dur\u00e9e de lecture estim\u00e9e":"2 minutes"},"schema":{"@context":"https:\/\/schema.org","@graph":[{"@type":"Article","@id":"https:\/\/newsestlyonnais.fr\/site\/2020\/11\/27\/transports-5-semaine-de-confinement-le-sytral-adapte-loffre-de-ses-reseaux\/#article","isPartOf":{"@id":"https:\/\/newsestlyonnais.fr\/site\/2020\/11\/27\/transports-5-semaine-de-confinement-le-sytral-adapte-loffre-de-ses-reseaux\/"},"author":{"name":"R\u00e9dac. NEWS","@id":"https:\/\/newsestlyonnais.fr\/site\/#\/schema\/person\/3230d5615f390bb808365d673001e887"},"headline":"TRANSPORTS | 5\u00b0 semaine de confinement > le Sytral adapte l&rsquo;offre de ses r\u00e9seaux","datePublished":"2020-11-27T11:07:12+00:00","dateModified":"2020-12-07T13:32:09+00:00","mainEntityOfPage":{"@id":"https:\/\/newsestlyonnais.fr\/site\/2020\/11\/27\/transports-5-semaine-de-confinement-le-sytral-adapte-loffre-de-ses-reseaux\/"},"wordCount":366,"commentCount":0,"publisher":{"@id":"https:\/\/newsestlyonnais.fr\/site\/#organization"},"image":{"@id":"https:\/\/newsestlyonnais.fr\/site\/2020\/11\/27\/transports-5-semaine-de-confinement-le-sytral-adapte-loffre-de-ses-reseaux\/#primaryimage"},"thumbnailUrl":"https:\/\/newsestlyonnais.fr\/site\/wp-content\/uploads\/2020\/11\/NEWSESTLYONNAIS-T6-TRAM-02.jpg","keywords":["SYTRAL","TRANSPORTS"],"articleSection":["Transports | Circulation"],"inLanguage":"fr-FR","potentialAction":[{"@type":"CommentAction","name":"Comment","target":["https:\/\/newsestlyonnais.fr\/site\/2020\/11\/27\/transports-5-semaine-de-confinement-le-sytral-adapte-loffre-de-ses-reseaux\/#respond"]}]},{"@type":"WebPage","@id":"https:\/\/newsestlyonnais.fr\/site\/2020\/11\/27\/transports-5-semaine-de-confinement-le-sytral-adapte-loffre-de-ses-reseaux\/","url":"https:\/\/newsestlyonnais.fr\/site\/2020\/11\/27\/transports-5-semaine-de-confinement-le-sytral-adapte-loffre-de-ses-reseaux\/","name":"TRANSPORTS | 5\u00b0 semaine de confinement > le Sytral adapte l'offre de ses r\u00e9seaux - News Est Lyonnais","isPartOf":{"@id":"https:\/\/newsestlyonnais.fr\/site\/#website"},"primaryImageOfPage":{"@id":"https:\/\/newsestlyonnais.fr\/site\/2020\/11\/27\/transports-5-semaine-de-confinement-le-sytral-adapte-loffre-de-ses-reseaux\/#primaryimage"},"image":{"@id":"https:\/\/newsestlyonnais.fr\/site\/2020\/11\/27\/transports-5-semaine-de-confinement-le-sytral-adapte-loffre-de-ses-reseaux\/#primaryimage"},"thumbnailUrl":"https:\/\/newsestlyonnais.fr\/site\/wp-content\/uploads\/2020\/11\/NEWSESTLYONNAIS-T6-TRAM-02.jpg","datePublished":"2020-11-27T11:07:12+00:00","dateModified":"2020-12-07T13:32:09+00:00","description":"TRANSPORTS | 5\u00b0 semaine de confinement > le SYTRAL adapte l'offre de ses r\u00e9seaux","breadcrumb":{"@id":"https:\/\/newsestlyonnais.fr\/site\/2020\/11\/27\/transports-5-semaine-de-confinement-le-sytral-adapte-loffre-de-ses-reseaux\/#breadcrumb"},"inLanguage":"fr-FR","potentialAction":[{"@type":"ReadAction","target":["https:\/\/newsestlyonnais.fr\/site\/2020\/11\/27\/transports-5-semaine-de-confinement-le-sytral-adapte-loffre-de-ses-reseaux\/"]}]},{"@type":"ImageObject","inLanguage":"fr-FR","@id":"https:\/\/newsestlyonnais.fr\/site\/2020\/11\/27\/transports-5-semaine-de-confinement-le-sytral-adapte-loffre-de-ses-reseaux\/#primaryimage","url":"https:\/\/newsestlyonnais.fr\/site\/wp-content\/uploads\/2020\/11\/NEWSESTLYONNAIS-T6-TRAM-02.jpg","contentUrl":"https:\/\/newsestlyonnais.fr\/site\/wp-content\/uploads\/2020\/11\/NEWSESTLYONNAIS-T6-TRAM-02.jpg","width":800,"height":1200},{"@type":"BreadcrumbList","@id":"https:\/\/newsestlyonnais.fr\/site\/2020\/11\/27\/transports-5-semaine-de-confinement-le-sytral-adapte-loffre-de-ses-reseaux\/#breadcrumb","itemListElement":[{"@type":"ListItem","position":1,"name":"Accueil","item":"https:\/\/newsestlyonnais.fr\/site\/"},{"@type":"ListItem","position":2,"name":"TRANSPORTS | 5\u00b0 semaine de confinement > le Sytral adapte l&rsquo;offre de ses r\u00e9seaux"}]},{"@type":"WebSite","@id":"https:\/\/newsestlyonnais.fr\/site\/#website","url":"https:\/\/newsestlyonnais.fr\/site\/","name":"News Est Lyonnais","description":"L&#039;actualit\u00e9 au plus pr\u00e8s","publisher":{"@id":"https:\/\/newsestlyonnais.fr\/site\/#organization"},"potentialAction":[{"@type":"SearchAction","target":{"@type":"EntryPoint","urlTemplate":"https:\/\/newsestlyonnais.fr\/site\/?s={search_term_string}"},"query-input":{"@type":"PropertyValueSpecification","valueRequired":true,"valueName":"search_term_string"}}],"inLanguage":"fr-FR"},{"@type":"Organization","@id":"https:\/\/newsestlyonnais.fr\/site\/#organization","name":"News EST LYONNAIS","url":"https:\/\/newsestlyonnais.fr\/site\/","logo":{"@type":"ImageObject","inLanguage":"fr-FR","@id":"https:\/\/newsestlyonnais.fr\/site\/#\/schema\/logo\/image\/","url":"","contentUrl":"","caption":"News EST LYONNAIS"},"image":{"@id":"https:\/\/newsestlyonnais.fr\/site\/#\/schema\/logo\/image\/"}},{"@type":"Person","@id":"https:\/\/newsestlyonnais.fr\/site\/#\/schema\/person\/3230d5615f390bb808365d673001e887","name":"R\u00e9dac. NEWS","sameAs":["http:\/\/www.newsestlyonnais.fr","https:\/\/www.facebook.com\/pascal.oberson.1?fref=ts","https:\/\/fr.linkedin.com\/in\/pascal-oberson-b17045113"],"url":"https:\/\/newsestlyonnais.fr\/site\/author\/nel\/"}]}},"_links":{"self":[{"href":"https:\/\/newsestlyonnais.fr\/site\/wp-json\/wp\/v2\/posts\/118653","targetHints":{"allow":["GET"]}}],"collection":[{"href":"https:\/\/newsestlyonnais.fr\/site\/wp-json\/wp\/v2\/posts"}],"about":[{"href":"https:\/\/newsestlyonnais.fr\/site\/wp-json\/wp\/v2\/types\/post"}],"author":[{"embeddable":true,"href":"https:\/\/newsestlyonnais.fr\/site\/wp-json\/wp\/v2\/users\/4"}],"replies":[{"embeddable":true,"href":"https:\/\/newsestlyonnais.fr\/site\/wp-json\/wp\/v2\/comments?post=118653"}],"version-history":[{"count":0,"href":"https:\/\/newsestlyonnais.fr\/site\/wp-json\/wp\/v2\/posts\/118653\/revisions"}],"wp:featuredmedia":[{"embeddable":true,"href":"https:\/\/newsestlyonnais.fr\/site\/wp-json\/wp\/v2\/media\/118660"}],"wp:attachment":[{"href":"https:\/\/newsestlyonnais.fr\/site\/wp-json\/wp\/v2\/media?parent=118653"}],"wp:term":[{"taxonomy":"category","embeddable":true,"href":"https:\/\/newsestlyonnais.fr\/site\/wp-json\/wp\/v2\/categories?post=118653"},{"taxonomy":"post_tag","embeddable":true,"href":"https:\/\/newsestlyonnais.fr\/site\/wp-json\/wp\/v2\/tags?post=118653"}],"curies":[{"name":"wp","href":"https:\/\/api.w.org\/{rel}","templated":true}]}}