{"id":118702,"date":"2020-11-28T09:07:43","date_gmt":"2020-11-28T08:07:43","guid":{"rendered":"http:\/\/newsestlyonnais.fr\/site\/?p=118702"},"modified":"2020-11-29T08:31:02","modified_gmt":"2020-11-29T07:31:02","slug":"1-jour-1-association-patte-dans-la-main-de-colombier-saugnieu","status":"publish","type":"post","link":"https:\/\/newsestlyonnais.fr\/site\/2020\/11\/28\/1-jour-1-association-patte-dans-la-main-de-colombier-saugnieu\/","title":{"rendered":"1 jour, 1 association | \u00a0\u00bb Patte Dans La Main \u00a0\u00bb de Colombier-Saugnieu"},"content":{"rendered":"<p>En ce samedi, c&rsquo;est <strong>Emilie Colovray, intervenante depuis la cr\u00e9ation de l\u2019association<\/strong>, qui r\u00e9pond aux questions de la r\u00e9daction :<\/p>\n<hr \/>\n<ul>\n<li><span style=\"font-size: 14pt;\"><strong><u>Quelle est son activit\u00e9 et effectif actuel<\/u><\/strong><\/span><strong><span style=\"font-size: 14pt;\"> ?<\/span> <\/strong><\/li>\n<\/ul>\n<p>\u00bb L\u2019association<strong> existe depuis le 9 d\u00e9cembre 2014<\/strong> et est pr\u00e9sid\u00e9e par S\u00e9verine Arnaud. Patte Dans La Main<strong> est centr\u00e9e essentiellement sur des activit\u00e9s de m\u00e9diation par l\u2019animal<\/strong>, autrement dit, <strong>elle se base sur la relation homme \/ animal comme support \u00e9ducatif, th\u00e9rapeutique ou p\u00e9dagogique.<\/strong><\/p>\n<p>Sa mission consiste \u00e0 maintenir ou am\u00e9liorer le potentiel physique, psychologique, social et affectif d\u2019une personne \u00e0 l\u2019aide d\u2019un animal familier. Patte Dans La Main propose \u00e9galement :<\/p>\n<ul>\n<li>le <strong>PECCRAM<\/strong> (Programme d\u2019Education \u00e0 la Connaissance du Chien et au Risque d\u2019Accident par Morsure) pour favoriser la relation enfant \/ chien, pour bien vivre ensemble.<\/li>\n<li><strong>LAC<\/strong> (Lire Avec le Chien) pour am\u00e9liorer les comp\u00e9tences \u00e0 la lecture orale gr\u00e2ce \u00e0 la pr\u00e9sence bienveillante du chien.<\/li>\n<li>le <strong>massage canin<\/strong>, pour le bien-\u00eatre de nos compagnons.<\/li>\n<\/ul>\n<p>L\u2019association compte <strong>3 personnes dans son bureau et 1 intervenante<\/strong>. Elle <strong>collabore avec<\/strong> <strong>1 quinzaine d\u2019\u00e9tablissements<\/strong> et compte <strong>une vingtaine d\u2019adh\u00e9rents bienfaiteurs<\/strong> \u00ab .<\/p>\n<hr \/>\n<ul>\n<li><span style=\"font-size: 14pt;\"><strong><u>Comment s\u2019\u00e9tait pass\u00e9 le 1\u00b0 confinement et aviez vous mis du personnel au ch\u00f4mage<\/u><\/strong><\/span><strong><span style=\"font-size: 14pt;\"> ?<\/span> <\/strong><\/li>\n<\/ul>\n<p>\u00bb\u00a0 <strong>Au premier confinement nous avons \u00e9t\u00e9 touch\u00e9s de plein fouet<\/strong>\u2026 Travaillant principalement avec des publics fragilis\u00e9s, nous avons \u00e9t\u00e9 dans les premiers \u00e0 devoir stopper nos prestations.<\/p>\n<p><strong>C\u2019est tr\u00e8s difficile pour les petites associations comme la n\u00f4tre<\/strong> \u00ab .<\/p>\n<hr \/>\n<ul>\n<li><span style=\"font-size: 14pt;\"><strong><u>Et la reprise des activit\u00e9s \u00e0 la rentr\u00e9e de septembre<\/u><\/strong> <strong>?<\/strong><\/span><\/li>\n<\/ul>\n<p>\u00bb La rentr\u00e9e repartait plut\u00f4t bien, il est important pour nos b\u00e9n\u00e9ficiaires de retrouver ces liens, bien que <strong>quelques structures soient rest\u00e9es sur leurs gardes<\/strong>. Concernant les autres activit\u00e9s, le public reste sur ses r\u00e9serves. <strong>Les conditions et restrictions ne jouent pas en notre faveur<\/strong>\u2026\u00ab .<\/p>\n<ul>\n<li><span style=\"font-size: 14pt;\"><span style=\"text-decoration: underline;\"><strong>Avez-vous connu depuis une baisse de vos effectifs<\/strong><\/span> ?<\/span><\/li>\n<\/ul>\n<p>\u00bb\u00a0 <strong>Oui certains \u00e9tablissements sont rest\u00e9s frileux quant \u00e0 une reprise<\/strong>\u2026 Et les nouveaux sont rest\u00e9s discrets \u00bb.<\/p>\n<hr \/>\n<ul>\n<li><span style=\"font-size: 14pt;\"><strong><span style=\"text-decoration: underline;\">Avez- vous \u00e9t\u00e9 contraints d\u2019annuler des \u00e9v\u00e8nements<\/span> <\/strong>?<\/span><\/li>\n<\/ul>\n<p>\u00bb\u00a0 <strong>Nous avons d\u00fb annuler notre repas annuel<\/strong> au mois de juin. C\u2019est un moment de convivialit\u00e9, pour se rencontrer, se retrouver, parler de nos projets, de nos activit\u00e9s,\u2026 \u00ab .<\/p>\n<hr \/>\n<ul>\n<li><span style=\"font-size: 14pt;\"><span style=\"text-decoration: underline;\"><strong>Comment se d\u00e9roule ce 2\u00b0 confinemen<\/strong><strong>t<\/strong><\/span> ?<\/span><\/li>\n<\/ul>\n<p>\u00bb <strong>Heureusement les personnes fragilis\u00e9es sont davantage prises en consid\u00e9ration<\/strong>, ce premier confinement a \u00e9t\u00e9 tr\u00e8s difficile, \u00eatre coup\u00e9 de tout contact \/ lien leur a \u00e9t\u00e9 tr\u00e8s difficile. Nous voyons une bonne partie de nos s\u00e9ances annul\u00e9es mais on a pu tout de m\u00eame en maintenir quelques-unes <strong>mais cela reste fragile et nous laisse dans l\u2019inconnu<\/strong> \u00ab .<\/p>\n<ul>\n<li><strong><span style=\"font-size: 14pt;\"><span style=\"text-decoration: underline;\">Cons\u00e9quences financi\u00e8res ou autres<\/span> ?<\/span> <\/strong><\/li>\n<\/ul>\n<p>\u00bb\u00a0 L\u2019association doit salarier notre intervenante mais \u00e9videmment cela est encore repouss\u00e9, effectivement, malgr\u00e9 quelques dons, <strong>l\u2019association n\u2019a plus beaucoup d\u2019entr\u00e9es mais les frais fixes sont toujours d\u00e9bit\u00e9s<\/strong>\u2026 En effet les animaux sont toujours nourris et soign\u00e9s \u00ab .<\/p>\n<hr \/>\n<ul>\n<li><span style=\"text-decoration: underline; font-size: 14pt;\"><strong>Et pour conclure<\/strong> <\/span><strong><span style=\"font-size: 14pt;\">?<\/span><br \/>\n<\/strong><\/li>\n<\/ul>\n<p>\u00bb\u00a0 Malgr\u00e9 l\u2019embauche de notre intervenante qui est \u00e0 nouveau report\u00e9 <strong>nous gardons espoir et maintenons nos projets<\/strong> :<\/p>\n<p><strong>Trouver un lieu de vie et d\u2019accueil<\/strong>, \u00e0 ce jour en itin\u00e9rance, nous souhaitons pouvoir recevoir sur site.<\/p>\n<p>En effet l&rsquo;association souhaite se d\u00e9velopper et pour cela <strong>nous recherchons un lieu<\/strong> pour : accueillir du public sur site \/am\u00e9liorer les conditions de vie des animaux et en accueillir d&rsquo;autres \/d\u00e9velopper nos activit\u00e9s. <strong>Ce lieu doit pouvoir accueillir nos animaux mais aussi notre intervenante !!!\u00a0 <\/strong>Nous sommes ouverts \u00e0 toutes propositions : vente, mise \u00e0 disposition, location \/ colocation, partenariat.<\/p>\n<p><strong>Nous souhaitons rester dans le Sud-Est lyonnais \/ Nord-Is\u00e8re \/Sud de l&rsquo;Ain<\/strong>.<\/p>\n<p>D\u00e9velopper la relation homme \/ nature, pour se reconnecter \u00e0 la nature et sensibiliser \u00e0 l\u2019environnement.<\/p>\n<p><strong>Nous avons conclu un partenariat avec une entreprise qui vend des produits de soins et d\u2019hygi\u00e8ne<\/strong>, celle-ci nous reverse un b\u00e9n\u00e9fice sur les produits vendus via l\u2019association. Soit une box pharmaceutique pour nos compagnons animaux et humains et parfois des offres exceptionnelles comme pour No\u00ebl o\u00f9 nous proposons 3 coffrets cadeaux.<\/p>\n<p>Merci \u00e0 tous nos soutiens, moral, physique et financier !!! \u00ab .<\/p>\n<hr \/>\n<p><strong>\u00a0\u00a0 <img loading=\"lazy\" decoding=\"async\" class=\"alignleft wp-image-118714\" src=\"https:\/\/newsestlyonnais.fr\/site\/wp-content\/uploads\/2020\/11\/logo-web-fond-transparent-236x300-1.png\" alt=\"\" width=\"150\" height=\"191\" data-attachment-id=\"118611\" data-permalink=\"https:\/\/newsestlyonnais.fr\/site\/2020\/11\/27\/1-jour-1-association-la-chorale-melodia-de-genas\/chorale-melodia-logo\/\" data-orig-file=\"https:\/\/i2.wp.com\/newsestlyonnais.fr\/site\/wp-content\/uploads\/2020\/11\/chorale-melodia-logo.jpg?fit=383%2C200&amp;ssl=1\" data-orig-size=\"383,200\" data-comments-opened=\"1\" data-image-meta=\"{&quot;aperture&quot;:&quot;0&quot;,&quot;credit&quot;:&quot;&quot;,&quot;camera&quot;:&quot;&quot;,&quot;caption&quot;:&quot;&quot;,&quot;created_timestamp&quot;:&quot;0&quot;,&quot;copyright&quot;:&quot;&quot;,&quot;focal_length&quot;:&quot;0&quot;,&quot;iso&quot;:&quot;0&quot;,&quot;shutter_speed&quot;:&quot;0&quot;,&quot;title&quot;:&quot;&quot;,&quot;orientation&quot;:&quot;0&quot;}\" data-image-title=\"chorale-melodia-logo\" data-image-description=\"\" data-medium-file=\"https:\/\/i2.wp.com\/newsestlyonnais.fr\/site\/wp-content\/uploads\/2020\/11\/chorale-melodia-logo.jpg?fit=383%2C200&amp;ssl=1\" data-large-file=\"https:\/\/i2.wp.com\/newsestlyonnais.fr\/site\/wp-content\/uploads\/2020\/11\/chorale-melodia-logo.jpg?fit=383%2C200&amp;ssl=1\" data-recalc-dims=\"1\" srcset=\"https:\/\/newsestlyonnais.fr\/site\/wp-content\/uploads\/2020\/11\/logo-web-fond-transparent-236x300-1.png 236w, https:\/\/newsestlyonnais.fr\/site\/wp-content\/uploads\/2020\/11\/logo-web-fond-transparent-236x300-1-150x191.png 150w, https:\/\/newsestlyonnais.fr\/site\/wp-content\/uploads\/2020\/11\/logo-web-fond-transparent-236x300-1-50x64.png 50w, https:\/\/newsestlyonnais.fr\/site\/wp-content\/uploads\/2020\/11\/logo-web-fond-transparent-236x300-1-100x127.png 100w, https:\/\/newsestlyonnais.fr\/site\/wp-content\/uploads\/2020\/11\/logo-web-fond-transparent-236x300-1-200x254.png 200w\" sizes=\"auto, (max-width: 150px) 100vw, 150px\" \/> \u00a0\u00a0<\/strong><strong>\u00a0\u00a0\u00a0\u00a0\u00a0\u00a0\u00a0 <\/strong><\/p>\n<p><strong>A retrouver sur : <a href=\"http:\/\/pattedanslamain.org\"><span style=\"color: #0000ff;\">http:\/\/pattedanslamain.org<\/span><\/a><\/strong><\/p>\n<p><span class=\"icon icon-email\"><strong>Contact : <\/strong><\/span><span class=\"icon icon-phone\">06.60.68.50.39<\/span><\/p>\n<p>&nbsp;<\/p>\n<hr \/>\n<p>&nbsp;<\/p>\n<p><img loading=\"lazy\" decoding=\"async\" class=\"aligncenter wp-image-118741 size-medium\" src=\"https:\/\/newsestlyonnais.fr\/site\/wp-content\/uploads\/2020\/11\/1jour2-400x400.jpg\" alt=\"\" width=\"300\" height=\"300\" srcset=\"https:\/\/newsestlyonnais.fr\/site\/wp-content\/uploads\/2020\/11\/1jour2-400x400.jpg 400w, https:\/\/newsestlyonnais.fr\/site\/wp-content\/uploads\/2020\/11\/1jour2-650x650.jpg 650w, https:\/\/newsestlyonnais.fr\/site\/wp-content\/uploads\/2020\/11\/1jour2-250x250.jpg 250w, https:\/\/newsestlyonnais.fr\/site\/wp-content\/uploads\/2020\/11\/1jour2-768x768.jpg 768w, https:\/\/newsestlyonnais.fr\/site\/wp-content\/uploads\/2020\/11\/1jour2-150x150.jpg 150w, https:\/\/newsestlyonnais.fr\/site\/wp-content\/uploads\/2020\/11\/1jour2-50x50.jpg 50w, https:\/\/newsestlyonnais.fr\/site\/wp-content\/uploads\/2020\/11\/1jour2-100x100.jpg 100w, https:\/\/newsestlyonnais.fr\/site\/wp-content\/uploads\/2020\/11\/1jour2-200x200.jpg 200w, https:\/\/newsestlyonnais.fr\/site\/wp-content\/uploads\/2020\/11\/1jour2-300x300.jpg 300w, https:\/\/newsestlyonnais.fr\/site\/wp-content\/uploads\/2020\/11\/1jour2-350x350.jpg 350w, https:\/\/newsestlyonnais.fr\/site\/wp-content\/uploads\/2020\/11\/1jour2-450x450.jpg 450w, https:\/\/newsestlyonnais.fr\/site\/wp-content\/uploads\/2020\/11\/1jour2-500x500.jpg 500w, https:\/\/newsestlyonnais.fr\/site\/wp-content\/uploads\/2020\/11\/1jour2-550x550.jpg 550w, https:\/\/newsestlyonnais.fr\/site\/wp-content\/uploads\/2020\/11\/1jour2-800x800.jpg 800w, https:\/\/newsestlyonnais.fr\/site\/wp-content\/uploads\/2020\/11\/1jour2.jpg 1080w\" sizes=\"auto, (max-width: 300px) 100vw, 300px\" \/><\/p>\n","protected":false},"excerpt":{"rendered":"<p>Au cours de ce nouveau confinement, d\u00e9couvrez quotidiennement une association pr\u00e9sent\u00e9e par un de ses dirigeants.<\/p>\n","protected":false},"author":4,"featured_media":118740,"comment_status":"open","ping_status":"open","sticky":false,"template":"","format":"standard","meta":{"footnotes":""},"categories":[3420,270,1280,3010,18],"tags":[],"class_list":["post-118702","post","type-post","status-publish","format-standard","has-post-thumbnail","hentry","category-1-jour-1-association","category-cte-de-communes-c-c-e-l","category-colombier-saugnieu","category-nature-environnement-culture-et-loisirs","category-sante-bien-etre-solidarite"],"yoast_head":"<!-- This site is optimized with the Yoast SEO plugin v27.2 - https:\/\/yoast.com\/product\/yoast-seo-wordpress\/ -->\n<title>1 jour, 1 association | &quot; Patte Dans La Main &quot; de Colombier-Saugnieu - News Est Lyonnais<\/title>\n<meta name=\"description\" content=\"1 jour, 1 association | &quot; Patte Dans La Main &quot; de Colombier-Saugnieu\" \/>\n<meta name=\"robots\" content=\"index, follow, max-snippet:-1, max-image-preview:large, max-video-preview:-1\" \/>\n<link rel=\"canonical\" href=\"https:\/\/newsestlyonnais.fr\/site\/2020\/11\/28\/1-jour-1-association-patte-dans-la-main-de-colombier-saugnieu\/\" \/>\n<meta property=\"og:locale\" content=\"fr_FR\" \/>\n<meta property=\"og:type\" content=\"article\" \/>\n<meta property=\"og:title\" content=\"1 jour, 1 association | &quot; Patte Dans La Main &quot; de Colombier-Saugnieu - News Est Lyonnais\" \/>\n<meta property=\"og:description\" content=\"1 jour, 1 association | &quot; Patte Dans La Main &quot; de Colombier-Saugnieu\" \/>\n<meta property=\"og:url\" content=\"https:\/\/newsestlyonnais.fr\/site\/2020\/11\/28\/1-jour-1-association-patte-dans-la-main-de-colombier-saugnieu\/\" \/>\n<meta property=\"og:site_name\" content=\"News Est Lyonnais\" \/>\n<meta property=\"article:author\" content=\"https:\/\/www.facebook.com\/pascal.oberson.1?fref=ts\" \/>\n<meta property=\"article:published_time\" content=\"2020-11-28T08:07:43+00:00\" \/>\n<meta property=\"article:modified_time\" content=\"2020-11-29T07:31:02+00:00\" \/>\n<meta property=\"og:image\" content=\"https:\/\/i0.wp.com\/newsestlyonnais.fr\/site\/wp-content\/uploads\/2020\/11\/1jour.jpg?fit=960%2C960&ssl=1\" \/>\n\t<meta property=\"og:image:width\" content=\"960\" \/>\n\t<meta property=\"og:image:height\" content=\"960\" \/>\n\t<meta property=\"og:image:type\" content=\"image\/jpeg\" \/>\n<meta name=\"author\" content=\"R\u00e9dac. NEWS\" \/>\n<meta name=\"twitter:card\" content=\"summary_large_image\" \/>\n<meta name=\"twitter:label1\" content=\"\u00c9crit par\" \/>\n\t<meta name=\"twitter:data1\" content=\"R\u00e9dac. NEWS\" \/>\n\t<meta name=\"twitter:label2\" content=\"Dur\u00e9e de lecture estim\u00e9e\" \/>\n\t<meta name=\"twitter:data2\" content=\"3 minutes\" \/>\n<script type=\"application\/ld+json\" class=\"yoast-schema-graph\">{\"@context\":\"https:\/\/schema.org\",\"@graph\":[{\"@type\":\"Article\",\"@id\":\"https:\/\/newsestlyonnais.fr\/site\/2020\/11\/28\/1-jour-1-association-patte-dans-la-main-de-colombier-saugnieu\/#article\",\"isPartOf\":{\"@id\":\"https:\/\/newsestlyonnais.fr\/site\/2020\/11\/28\/1-jour-1-association-patte-dans-la-main-de-colombier-saugnieu\/\"},\"author\":{\"name\":\"R\u00e9dac. NEWS\",\"@id\":\"https:\/\/newsestlyonnais.fr\/site\/#\/schema\/person\/3230d5615f390bb808365d673001e887\"},\"headline\":\"1 jour, 1 association | \u00a0\u00bb Patte Dans La Main \u00a0\u00bb de Colombier-Saugnieu\",\"datePublished\":\"2020-11-28T08:07:43+00:00\",\"dateModified\":\"2020-11-29T07:31:02+00:00\",\"mainEntityOfPage\":{\"@id\":\"https:\/\/newsestlyonnais.fr\/site\/2020\/11\/28\/1-jour-1-association-patte-dans-la-main-de-colombier-saugnieu\/\"},\"wordCount\":704,\"commentCount\":0,\"publisher\":{\"@id\":\"https:\/\/newsestlyonnais.fr\/site\/#organization\"},\"image\":{\"@id\":\"https:\/\/newsestlyonnais.fr\/site\/2020\/11\/28\/1-jour-1-association-patte-dans-la-main-de-colombier-saugnieu\/#primaryimage\"},\"thumbnailUrl\":\"https:\/\/newsestlyonnais.fr\/site\/wp-content\/uploads\/2020\/11\/1jour.jpg\",\"articleSection\":[\"1 jour, 1 association\",\"CCEL | Communes\",\"Colombier-Saugnieu\",\"Nature | Environnement | Chasse\",\"Sant\u00e9 | Bien Etre | Solidarit\u00e9\"],\"inLanguage\":\"fr-FR\",\"potentialAction\":[{\"@type\":\"CommentAction\",\"name\":\"Comment\",\"target\":[\"https:\/\/newsestlyonnais.fr\/site\/2020\/11\/28\/1-jour-1-association-patte-dans-la-main-de-colombier-saugnieu\/#respond\"]}]},{\"@type\":\"WebPage\",\"@id\":\"https:\/\/newsestlyonnais.fr\/site\/2020\/11\/28\/1-jour-1-association-patte-dans-la-main-de-colombier-saugnieu\/\",\"url\":\"https:\/\/newsestlyonnais.fr\/site\/2020\/11\/28\/1-jour-1-association-patte-dans-la-main-de-colombier-saugnieu\/\",\"name\":\"1 jour, 1 association | \\\" Patte Dans La Main \\\" de Colombier-Saugnieu - News Est Lyonnais\",\"isPartOf\":{\"@id\":\"https:\/\/newsestlyonnais.fr\/site\/#website\"},\"primaryImageOfPage\":{\"@id\":\"https:\/\/newsestlyonnais.fr\/site\/2020\/11\/28\/1-jour-1-association-patte-dans-la-main-de-colombier-saugnieu\/#primaryimage\"},\"image\":{\"@id\":\"https:\/\/newsestlyonnais.fr\/site\/2020\/11\/28\/1-jour-1-association-patte-dans-la-main-de-colombier-saugnieu\/#primaryimage\"},\"thumbnailUrl\":\"https:\/\/newsestlyonnais.fr\/site\/wp-content\/uploads\/2020\/11\/1jour.jpg\",\"datePublished\":\"2020-11-28T08:07:43+00:00\",\"dateModified\":\"2020-11-29T07:31:02+00:00\",\"description\":\"1 jour, 1 association | \\\" Patte Dans La Main \\\" de Colombier-Saugnieu\",\"breadcrumb\":{\"@id\":\"https:\/\/newsestlyonnais.fr\/site\/2020\/11\/28\/1-jour-1-association-patte-dans-la-main-de-colombier-saugnieu\/#breadcrumb\"},\"inLanguage\":\"fr-FR\",\"potentialAction\":[{\"@type\":\"ReadAction\",\"target\":[\"https:\/\/newsestlyonnais.fr\/site\/2020\/11\/28\/1-jour-1-association-patte-dans-la-main-de-colombier-saugnieu\/\"]}]},{\"@type\":\"ImageObject\",\"inLanguage\":\"fr-FR\",\"@id\":\"https:\/\/newsestlyonnais.fr\/site\/2020\/11\/28\/1-jour-1-association-patte-dans-la-main-de-colombier-saugnieu\/#primaryimage\",\"url\":\"https:\/\/newsestlyonnais.fr\/site\/wp-content\/uploads\/2020\/11\/1jour.jpg\",\"contentUrl\":\"https:\/\/newsestlyonnais.fr\/site\/wp-content\/uploads\/2020\/11\/1jour.jpg\",\"width\":960,\"height\":960},{\"@type\":\"BreadcrumbList\",\"@id\":\"https:\/\/newsestlyonnais.fr\/site\/2020\/11\/28\/1-jour-1-association-patte-dans-la-main-de-colombier-saugnieu\/#breadcrumb\",\"itemListElement\":[{\"@type\":\"ListItem\",\"position\":1,\"name\":\"Accueil\",\"item\":\"https:\/\/newsestlyonnais.fr\/site\/\"},{\"@type\":\"ListItem\",\"position\":2,\"name\":\"1 jour, 1 association | \u00a0\u00bb Patte Dans La Main \u00a0\u00bb de Colombier-Saugnieu\"}]},{\"@type\":\"WebSite\",\"@id\":\"https:\/\/newsestlyonnais.fr\/site\/#website\",\"url\":\"https:\/\/newsestlyonnais.fr\/site\/\",\"name\":\"News Est Lyonnais\",\"description\":\"L&#039;actualit\u00e9 au plus pr\u00e8s\",\"publisher\":{\"@id\":\"https:\/\/newsestlyonnais.fr\/site\/#organization\"},\"potentialAction\":[{\"@type\":\"SearchAction\",\"target\":{\"@type\":\"EntryPoint\",\"urlTemplate\":\"https:\/\/newsestlyonnais.fr\/site\/?s={search_term_string}\"},\"query-input\":{\"@type\":\"PropertyValueSpecification\",\"valueRequired\":true,\"valueName\":\"search_term_string\"}}],\"inLanguage\":\"fr-FR\"},{\"@type\":\"Organization\",\"@id\":\"https:\/\/newsestlyonnais.fr\/site\/#organization\",\"name\":\"News EST LYONNAIS\",\"url\":\"https:\/\/newsestlyonnais.fr\/site\/\",\"logo\":{\"@type\":\"ImageObject\",\"inLanguage\":\"fr-FR\",\"@id\":\"https:\/\/newsestlyonnais.fr\/site\/#\/schema\/logo\/image\/\",\"url\":\"\",\"contentUrl\":\"\",\"caption\":\"News EST LYONNAIS\"},\"image\":{\"@id\":\"https:\/\/newsestlyonnais.fr\/site\/#\/schema\/logo\/image\/\"}},{\"@type\":\"Person\",\"@id\":\"https:\/\/newsestlyonnais.fr\/site\/#\/schema\/person\/3230d5615f390bb808365d673001e887\",\"name\":\"R\u00e9dac. NEWS\",\"sameAs\":[\"http:\/\/www.newsestlyonnais.fr\",\"https:\/\/www.facebook.com\/pascal.oberson.1?fref=ts\",\"https:\/\/fr.linkedin.com\/in\/pascal-oberson-b17045113\"],\"url\":\"https:\/\/newsestlyonnais.fr\/site\/author\/nel\/\"}]}<\/script>\n<!-- \/ Yoast SEO plugin. -->","yoast_head_json":{"title":"1 jour, 1 association | \" Patte Dans La Main \" de Colombier-Saugnieu - News Est Lyonnais","description":"1 jour, 1 association | \" Patte Dans La Main \" de Colombier-Saugnieu","robots":{"index":"index","follow":"follow","max-snippet":"max-snippet:-1","max-image-preview":"max-image-preview:large","max-video-preview":"max-video-preview:-1"},"canonical":"https:\/\/newsestlyonnais.fr\/site\/2020\/11\/28\/1-jour-1-association-patte-dans-la-main-de-colombier-saugnieu\/","og_locale":"fr_FR","og_type":"article","og_title":"1 jour, 1 association | \" Patte Dans La Main \" de Colombier-Saugnieu - News Est Lyonnais","og_description":"1 jour, 1 association | \" Patte Dans La Main \" de Colombier-Saugnieu","og_url":"https:\/\/newsestlyonnais.fr\/site\/2020\/11\/28\/1-jour-1-association-patte-dans-la-main-de-colombier-saugnieu\/","og_site_name":"News Est Lyonnais","article_author":"https:\/\/www.facebook.com\/pascal.oberson.1?fref=ts","article_published_time":"2020-11-28T08:07:43+00:00","article_modified_time":"2020-11-29T07:31:02+00:00","og_image":[{"width":960,"height":960,"url":"https:\/\/i0.wp.com\/newsestlyonnais.fr\/site\/wp-content\/uploads\/2020\/11\/1jour.jpg?fit=960%2C960&ssl=1","type":"image\/jpeg"}],"author":"R\u00e9dac. NEWS","twitter_card":"summary_large_image","twitter_misc":{"\u00c9crit par":"R\u00e9dac. NEWS","Dur\u00e9e de lecture estim\u00e9e":"3 minutes"},"schema":{"@context":"https:\/\/schema.org","@graph":[{"@type":"Article","@id":"https:\/\/newsestlyonnais.fr\/site\/2020\/11\/28\/1-jour-1-association-patte-dans-la-main-de-colombier-saugnieu\/#article","isPartOf":{"@id":"https:\/\/newsestlyonnais.fr\/site\/2020\/11\/28\/1-jour-1-association-patte-dans-la-main-de-colombier-saugnieu\/"},"author":{"name":"R\u00e9dac. NEWS","@id":"https:\/\/newsestlyonnais.fr\/site\/#\/schema\/person\/3230d5615f390bb808365d673001e887"},"headline":"1 jour, 1 association | \u00a0\u00bb Patte Dans La Main \u00a0\u00bb de Colombier-Saugnieu","datePublished":"2020-11-28T08:07:43+00:00","dateModified":"2020-11-29T07:31:02+00:00","mainEntityOfPage":{"@id":"https:\/\/newsestlyonnais.fr\/site\/2020\/11\/28\/1-jour-1-association-patte-dans-la-main-de-colombier-saugnieu\/"},"wordCount":704,"commentCount":0,"publisher":{"@id":"https:\/\/newsestlyonnais.fr\/site\/#organization"},"image":{"@id":"https:\/\/newsestlyonnais.fr\/site\/2020\/11\/28\/1-jour-1-association-patte-dans-la-main-de-colombier-saugnieu\/#primaryimage"},"thumbnailUrl":"https:\/\/newsestlyonnais.fr\/site\/wp-content\/uploads\/2020\/11\/1jour.jpg","articleSection":["1 jour, 1 association","CCEL | Communes","Colombier-Saugnieu","Nature | Environnement | Chasse","Sant\u00e9 | Bien Etre | Solidarit\u00e9"],"inLanguage":"fr-FR","potentialAction":[{"@type":"CommentAction","name":"Comment","target":["https:\/\/newsestlyonnais.fr\/site\/2020\/11\/28\/1-jour-1-association-patte-dans-la-main-de-colombier-saugnieu\/#respond"]}]},{"@type":"WebPage","@id":"https:\/\/newsestlyonnais.fr\/site\/2020\/11\/28\/1-jour-1-association-patte-dans-la-main-de-colombier-saugnieu\/","url":"https:\/\/newsestlyonnais.fr\/site\/2020\/11\/28\/1-jour-1-association-patte-dans-la-main-de-colombier-saugnieu\/","name":"1 jour, 1 association | \" Patte Dans La Main \" de Colombier-Saugnieu - News Est Lyonnais","isPartOf":{"@id":"https:\/\/newsestlyonnais.fr\/site\/#website"},"primaryImageOfPage":{"@id":"https:\/\/newsestlyonnais.fr\/site\/2020\/11\/28\/1-jour-1-association-patte-dans-la-main-de-colombier-saugnieu\/#primaryimage"},"image":{"@id":"https:\/\/newsestlyonnais.fr\/site\/2020\/11\/28\/1-jour-1-association-patte-dans-la-main-de-colombier-saugnieu\/#primaryimage"},"thumbnailUrl":"https:\/\/newsestlyonnais.fr\/site\/wp-content\/uploads\/2020\/11\/1jour.jpg","datePublished":"2020-11-28T08:07:43+00:00","dateModified":"2020-11-29T07:31:02+00:00","description":"1 jour, 1 association | \" Patte Dans La Main \" de Colombier-Saugnieu","breadcrumb":{"@id":"https:\/\/newsestlyonnais.fr\/site\/2020\/11\/28\/1-jour-1-association-patte-dans-la-main-de-colombier-saugnieu\/#breadcrumb"},"inLanguage":"fr-FR","potentialAction":[{"@type":"ReadAction","target":["https:\/\/newsestlyonnais.fr\/site\/2020\/11\/28\/1-jour-1-association-patte-dans-la-main-de-colombier-saugnieu\/"]}]},{"@type":"ImageObject","inLanguage":"fr-FR","@id":"https:\/\/newsestlyonnais.fr\/site\/2020\/11\/28\/1-jour-1-association-patte-dans-la-main-de-colombier-saugnieu\/#primaryimage","url":"https:\/\/newsestlyonnais.fr\/site\/wp-content\/uploads\/2020\/11\/1jour.jpg","contentUrl":"https:\/\/newsestlyonnais.fr\/site\/wp-content\/uploads\/2020\/11\/1jour.jpg","width":960,"height":960},{"@type":"BreadcrumbList","@id":"https:\/\/newsestlyonnais.fr\/site\/2020\/11\/28\/1-jour-1-association-patte-dans-la-main-de-colombier-saugnieu\/#breadcrumb","itemListElement":[{"@type":"ListItem","position":1,"name":"Accueil","item":"https:\/\/newsestlyonnais.fr\/site\/"},{"@type":"ListItem","position":2,"name":"1 jour, 1 association | \u00a0\u00bb Patte Dans La Main \u00a0\u00bb de Colombier-Saugnieu"}]},{"@type":"WebSite","@id":"https:\/\/newsestlyonnais.fr\/site\/#website","url":"https:\/\/newsestlyonnais.fr\/site\/","name":"News Est Lyonnais","description":"L&#039;actualit\u00e9 au plus pr\u00e8s","publisher":{"@id":"https:\/\/newsestlyonnais.fr\/site\/#organization"},"potentialAction":[{"@type":"SearchAction","target":{"@type":"EntryPoint","urlTemplate":"https:\/\/newsestlyonnais.fr\/site\/?s={search_term_string}"},"query-input":{"@type":"PropertyValueSpecification","valueRequired":true,"valueName":"search_term_string"}}],"inLanguage":"fr-FR"},{"@type":"Organization","@id":"https:\/\/newsestlyonnais.fr\/site\/#organization","name":"News EST LYONNAIS","url":"https:\/\/newsestlyonnais.fr\/site\/","logo":{"@type":"ImageObject","inLanguage":"fr-FR","@id":"https:\/\/newsestlyonnais.fr\/site\/#\/schema\/logo\/image\/","url":"","contentUrl":"","caption":"News EST LYONNAIS"},"image":{"@id":"https:\/\/newsestlyonnais.fr\/site\/#\/schema\/logo\/image\/"}},{"@type":"Person","@id":"https:\/\/newsestlyonnais.fr\/site\/#\/schema\/person\/3230d5615f390bb808365d673001e887","name":"R\u00e9dac. NEWS","sameAs":["http:\/\/www.newsestlyonnais.fr","https:\/\/www.facebook.com\/pascal.oberson.1?fref=ts","https:\/\/fr.linkedin.com\/in\/pascal-oberson-b17045113"],"url":"https:\/\/newsestlyonnais.fr\/site\/author\/nel\/"}]}},"_links":{"self":[{"href":"https:\/\/newsestlyonnais.fr\/site\/wp-json\/wp\/v2\/posts\/118702","targetHints":{"allow":["GET"]}}],"collection":[{"href":"https:\/\/newsestlyonnais.fr\/site\/wp-json\/wp\/v2\/posts"}],"about":[{"href":"https:\/\/newsestlyonnais.fr\/site\/wp-json\/wp\/v2\/types\/post"}],"author":[{"embeddable":true,"href":"https:\/\/newsestlyonnais.fr\/site\/wp-json\/wp\/v2\/users\/4"}],"replies":[{"embeddable":true,"href":"https:\/\/newsestlyonnais.fr\/site\/wp-json\/wp\/v2\/comments?post=118702"}],"version-history":[{"count":0,"href":"https:\/\/newsestlyonnais.fr\/site\/wp-json\/wp\/v2\/posts\/118702\/revisions"}],"wp:featuredmedia":[{"embeddable":true,"href":"https:\/\/newsestlyonnais.fr\/site\/wp-json\/wp\/v2\/media\/118740"}],"wp:attachment":[{"href":"https:\/\/newsestlyonnais.fr\/site\/wp-json\/wp\/v2\/media?parent=118702"}],"wp:term":[{"taxonomy":"category","embeddable":true,"href":"https:\/\/newsestlyonnais.fr\/site\/wp-json\/wp\/v2\/categories?post=118702"},{"taxonomy":"post_tag","embeddable":true,"href":"https:\/\/newsestlyonnais.fr\/site\/wp-json\/wp\/v2\/tags?post=118702"}],"curies":[{"name":"wp","href":"https:\/\/api.w.org\/{rel}","templated":true}]}}