{"id":118767,"date":"2020-11-29T08:30:30","date_gmt":"2020-11-29T07:30:30","guid":{"rendered":"http:\/\/newsestlyonnais.fr\/site\/?p=118767"},"modified":"2020-11-30T05:55:54","modified_gmt":"2020-11-30T04:55:54","slug":"1-jour-1-association-as-caluire-athletisme","status":"publish","type":"post","link":"https:\/\/newsestlyonnais.fr\/site\/2020\/11\/29\/1-jour-1-association-as-caluire-athletisme\/","title":{"rendered":"1 jour, 1 association | AS Caluire Athl\u00e9tisme"},"content":{"rendered":"<p>En ce dimanche, c\u2019est Eric Guerry<strong>, pr\u00e9sident du club depuis d\u00e9but septembre 2020,<\/strong> qui r\u00e9pond aux questions de la r\u00e9daction :<\/p>\n<hr \/>\n<ul>\n<li><strong><u><img loading=\"lazy\" decoding=\"async\" class=\"alignleft wp-image-118791 size-full\" src=\"https:\/\/newsestlyonnais.fr\/site\/wp-content\/uploads\/2020\/11\/Photo-2.png\" alt=\"\" width=\"160\" height=\"120\" srcset=\"https:\/\/newsestlyonnais.fr\/site\/wp-content\/uploads\/2020\/11\/Photo-2.png 160w, https:\/\/newsestlyonnais.fr\/site\/wp-content\/uploads\/2020\/11\/Photo-2-150x113.png 150w, https:\/\/newsestlyonnais.fr\/site\/wp-content\/uploads\/2020\/11\/Photo-2-50x38.png 50w, https:\/\/newsestlyonnais.fr\/site\/wp-content\/uploads\/2020\/11\/Photo-2-100x75.png 100w\" sizes=\"auto, (max-width: 160px) 100vw, 160px\" \/><span style=\"font-size: 14pt;\">Quelle est son activit\u00e9 et effectif actuel<\/span><\/u><\/strong><strong><span style=\"font-size: 14pt;\"> ?<\/span> <\/strong><\/li>\n<\/ul>\n<p>\u00bb\u00a0 Association Sportive de Caluire et Cuire, section Athl\u00e9tisme. Effectif : <strong>387 adh\u00e9rents<\/strong> (169 femmes, 218 hommes dont 232 enfants) \u00ab .<\/p>\n<p>&nbsp;<\/p>\n<ul>\n<li><span style=\"font-size: 14pt;\"><strong><u>Comment s\u2019\u00e9tait pass\u00e9 le 1\u00b0 confinement et aviez vous mis du personnel au ch\u00f4mage<\/u><\/strong><\/span><strong><span style=\"font-size: 14pt;\"> ?<\/span> <\/strong><\/li>\n<\/ul>\n<p>\u00bb <strong>Le premier confinement a \u00e9t\u00e9 difficile<\/strong> car on n\u2019a pas eu le temps de se pr\u00e9parer \u00e0 cette id\u00e9e. Cependant, tout a \u00e9t\u00e9 respect\u00e9 et tr\u00e8s vite des consignes et des informations ont suivi \u00e0 nos adh\u00e9rents. <strong>La plupart de nos encadrants sont des b\u00e9n\u00e9voles et nos deux salari\u00e9s ont pu faire du t\u00e9l\u00e9travail<\/strong> notamment au niveau du secr\u00e9tariat et des s\u00e9ances d\u2019entrainements faites en visio et par communication mail \u00ab .<\/p>\n<hr \/>\n<ul>\n<li><span style=\"font-size: 14pt;\"><strong><u>Et la reprise des activit\u00e9s \u00e0 la rentr\u00e9e de septembre<\/u><\/strong> <strong>?<\/strong><\/span><\/li>\n<\/ul>\n<p>\u00bb Tr\u00e8s bien avec la pr\u00e9sence de nombreux jeunes en manque d\u2019activit\u00e9 et pas mal de nouveaux venus m\u00eame chez les adultes. Certains ont quand m\u00eame h\u00e9sit\u00e9 \u00e0 reprendre leur licence d\u00e8s septembre \u00ab .<\/p>\n<ul>\n<li><span style=\"font-size: 14pt;\"><span style=\"text-decoration: underline;\"><strong>Avez-vous connu depuis une baisse de vos effectifs<\/strong><\/span> ?<\/span><\/li>\n<\/ul>\n<p>\u00bb <strong>Petite baisse<\/strong> \u00e0 date <strong>de 18 % des effectifs<\/strong> (387 inscrits contre 476 en fin de saison 2019-2020) \u00bb.<\/p>\n<ul>\n<li><span style=\"font-size: 14pt;\"><span style=\"text-decoration: underline;\"><strong>Avez- vous \u00e9t\u00e9 contraints d\u2019annuler des \u00e9v\u00e8nements ou comp\u00e9titions<\/strong><\/span> <strong>?<\/strong><\/span><\/li>\n<\/ul>\n<p>\u00bb <strong>Oui toutes les principales courses hors stade<\/strong> (marathons et 10 km notamment) et les <strong>comp\u00e9titions pr\u00e9vues en mai-juin qui avaient \u00e9t\u00e9 report\u00e9es en septembre-octobre<\/strong> ont toutes fini par \u00eatre annul\u00e9es.<\/p>\n<p>Les interclubs, les championnats de France Juniors-Espoirs auxquels 5 de nos athl\u00e8tes devaient participer et s\u2019\u00e9taient entrain\u00e9s dur depuis ao\u00fbt 2020. <strong>Tous les cross devant d\u00e9marrer en novembre sont \u00e9galement annul\u00e9s<\/strong> \u00ab .<\/p>\n<hr \/>\n<ul>\n<li><span style=\"font-size: 14pt;\"><span style=\"text-decoration: underline;\"><strong>Comment se d\u00e9roule ce 2\u00b0 confinemen<\/strong><strong>t<\/strong><\/span> <strong>?<\/strong><\/span><\/li>\n<\/ul>\n<p>\u00bb <strong>Idem que le premier<\/strong>, on essaie de maintenir les activit\u00e9s de nos salari\u00e9s en t\u00e9l\u00e9travail et ils ont le droit d\u2019entrainer certains de nos athl\u00e8tes faisant partie des listes minist\u00e9rielles du haut niveau.<\/p>\n<p>Les jeunes re\u00e7oivent des programmes \u00e0 faire chez eux avec l\u2019aide des parents \u00e9ventuellement et les adultes ont \u00e9galement des plans \u00e0 suivre \u00e0 raison d\u2019une heure par jour dans un p\u00e9rim\u00e8tre d&rsquo;un kilom\u00e8tre de chez eux. Des s\u00e9ances en visio sont \u00e9galement mises en place une fois par semaine. \u00ab .<\/p>\n<ul>\n<li><strong><span style=\"font-size: 14pt;\"><span style=\"text-decoration: underline;\">Cons\u00e9quences financi\u00e8res, sportives ou autres<\/span> ?<\/span> <\/strong><\/li>\n<\/ul>\n<p>\u00bb <strong>Il n\u2019y a pas eu trop d\u2019impact pour le moment<\/strong> car nous avons beaucoup moins de d\u00e9penses du fait des d\u00e9placements nombreux annul\u00e9s ainsi que nos r\u00e9unions annuelles et mensuelles qui se font en visio \u00e9galement.<\/p>\n<p>Les comp\u00e9titions que nous organisons normalement dont la soir\u00e9e 1.000m de Caluire en avril (qui d\u00e9marre la saison estivale), le challenge Tenant pour les jeunes d\u00e9but juin, notre 10 km sur route en octobre et le nouveau Trail qui se tiendra peut-\u00eatre en f\u00e9vrier 2021, \u00e9tant toutes annul\u00e9es, nous n\u2019avons donc pas eu \u00e0 d\u00e9penser mais nous n\u2019avons pas d\u2019entr\u00e9e d\u2019argent non plus \u00e0 part les inscriptions au club.<\/p>\n<p><strong> Nous avons de plus accord\u00e9 une remise \u00e0 tous les licenci\u00e9s de la saison \u00e9coul\u00e9e<\/strong> \u00ab .<\/p>\n<hr \/>\n<ul>\n<li><span style=\"text-decoration: underline; font-size: 14pt;\"><strong>Et pour conclure<\/strong> <\/span><strong><span style=\"font-size: 14pt;\">?<\/span><br \/>\n<\/strong><\/li>\n<\/ul>\n<p>\u00bb L\u2019investissement de chacun de nos dirigeants et de nos encadrants et le respect des r\u00e8gles sanitaires que nous appliquons devraient aider une reprise dans de bonnes conditions d\u00e8s que ce sera possible. Nous attendons ce moment avec impatience.<\/p>\n<p><strong>Nos valeurs sportives et notre passion commune nous serviront \u00e0 combattre cette crise et \u00e0 la surmonter<\/strong>. Nous ferons preuve de courage et de pers\u00e9v\u00e9rance en ce sens afin de permettre \u00e0 nos athl\u00e8tes, petits et grands de garder la foi en notre sport et ainsi de rester motiv\u00e9s \u00ab .<\/p>\n<hr \/>\n<p><strong>\u00a0 \u00a0 <\/strong><strong>\u00a0\u00a0 <\/strong><\/p>\n<p><strong> <img loading=\"lazy\" decoding=\"async\" class=\"alignleft wp-image-118772 size-full\" src=\"https:\/\/newsestlyonnais.fr\/site\/wp-content\/uploads\/2020\/11\/11154964_1016399105051974_3945246551776741558_o.png\" alt=\"\" width=\"148\" height=\"148\" srcset=\"https:\/\/newsestlyonnais.fr\/site\/wp-content\/uploads\/2020\/11\/11154964_1016399105051974_3945246551776741558_o.png 148w, https:\/\/newsestlyonnais.fr\/site\/wp-content\/uploads\/2020\/11\/11154964_1016399105051974_3945246551776741558_o-50x50.png 50w, https:\/\/newsestlyonnais.fr\/site\/wp-content\/uploads\/2020\/11\/11154964_1016399105051974_3945246551776741558_o-100x100.png 100w\" sizes=\"auto, (max-width: 148px) 100vw, 148px\" \/>\u00a0 <\/strong><\/p>\n<p><strong>A retrouver sur : <a href=\"http:\/\/www.athle-caluire.net\"><span style=\"color: #0000ff;\">http:\/\/www.athle-caluire.net<\/span><\/a><br \/>\n<\/strong><\/p>\n<p>&nbsp;<\/p>\n<p>&nbsp;<\/p>\n<hr \/>\n<p><img loading=\"lazy\" decoding=\"async\" class=\"aligncenter size-medium wp-image-118790\" src=\"https:\/\/newsestlyonnais.fr\/site\/wp-content\/uploads\/2020\/11\/photo-1-400x300.jpg\" alt=\"\" width=\"400\" height=\"300\" srcset=\"https:\/\/newsestlyonnais.fr\/site\/wp-content\/uploads\/2020\/11\/photo-1-400x300.jpg 400w, https:\/\/newsestlyonnais.fr\/site\/wp-content\/uploads\/2020\/11\/photo-1-650x488.jpg 650w, https:\/\/newsestlyonnais.fr\/site\/wp-content\/uploads\/2020\/11\/photo-1-250x188.jpg 250w, https:\/\/newsestlyonnais.fr\/site\/wp-content\/uploads\/2020\/11\/photo-1-768x576.jpg 768w, https:\/\/newsestlyonnais.fr\/site\/wp-content\/uploads\/2020\/11\/photo-1-150x113.jpg 150w, https:\/\/newsestlyonnais.fr\/site\/wp-content\/uploads\/2020\/11\/photo-1-50x38.jpg 50w, https:\/\/newsestlyonnais.fr\/site\/wp-content\/uploads\/2020\/11\/photo-1-100x75.jpg 100w, https:\/\/newsestlyonnais.fr\/site\/wp-content\/uploads\/2020\/11\/photo-1-200x150.jpg 200w, https:\/\/newsestlyonnais.fr\/site\/wp-content\/uploads\/2020\/11\/photo-1-300x225.jpg 300w, https:\/\/newsestlyonnais.fr\/site\/wp-content\/uploads\/2020\/11\/photo-1-350x263.jpg 350w, https:\/\/newsestlyonnais.fr\/site\/wp-content\/uploads\/2020\/11\/photo-1-450x338.jpg 450w, https:\/\/newsestlyonnais.fr\/site\/wp-content\/uploads\/2020\/11\/photo-1-500x375.jpg 500w, https:\/\/newsestlyonnais.fr\/site\/wp-content\/uploads\/2020\/11\/photo-1-550x413.jpg 550w, https:\/\/newsestlyonnais.fr\/site\/wp-content\/uploads\/2020\/11\/photo-1-800x600.jpg 800w, https:\/\/newsestlyonnais.fr\/site\/wp-content\/uploads\/2020\/11\/photo-1.jpg 832w\" sizes=\"auto, (max-width: 400px) 100vw, 400px\" \/><\/p>\n<hr \/>\n<p>&nbsp;<\/p>\n","protected":false},"excerpt":{"rendered":"<p>Au cours de ce nouveau confinement, d\u00e9couvrez quotidiennement une association pr\u00e9sent\u00e9e par un de ses dirigeants.<\/p>\n","protected":false},"author":4,"featured_media":118779,"comment_status":"open","ping_status":"open","sticky":false,"template":"","format":"standard","meta":{"footnotes":""},"categories":[3420,2968,1620],"tags":[2162,2337],"class_list":["post-118767","post","type-post","status-publish","format-standard","has-post-thumbnail","hentry","category-1-jour-1-association","category-athle-course-pied-marche","category-caluire","tag-athletisme","tag-caluire"],"yoast_head":"<!-- This site is optimized with the Yoast SEO plugin v27.2 - https:\/\/yoast.com\/product\/yoast-seo-wordpress\/ -->\n<title>1 jour, 1 association | AS Caluire Athl\u00e9tisme - News Est Lyonnais<\/title>\n<meta name=\"description\" content=\"1 jour, 1 association | AS Caluire Athl\u00e9tisme\" \/>\n<meta name=\"robots\" content=\"index, follow, max-snippet:-1, max-image-preview:large, max-video-preview:-1\" \/>\n<link rel=\"canonical\" href=\"https:\/\/newsestlyonnais.fr\/site\/2020\/11\/29\/1-jour-1-association-as-caluire-athletisme\/\" \/>\n<meta property=\"og:locale\" content=\"fr_FR\" \/>\n<meta property=\"og:type\" content=\"article\" \/>\n<meta property=\"og:title\" content=\"1 jour, 1 association | AS Caluire Athl\u00e9tisme - News Est Lyonnais\" \/>\n<meta property=\"og:description\" content=\"1 jour, 1 association | AS Caluire Athl\u00e9tisme\" \/>\n<meta property=\"og:url\" content=\"https:\/\/newsestlyonnais.fr\/site\/2020\/11\/29\/1-jour-1-association-as-caluire-athletisme\/\" \/>\n<meta property=\"og:site_name\" content=\"News Est Lyonnais\" \/>\n<meta property=\"article:author\" content=\"https:\/\/www.facebook.com\/pascal.oberson.1?fref=ts\" \/>\n<meta property=\"article:published_time\" content=\"2020-11-29T07:30:30+00:00\" \/>\n<meta property=\"article:modified_time\" content=\"2020-11-30T04:55:54+00:00\" \/>\n<meta property=\"og:image\" content=\"https:\/\/i0.wp.com\/newsestlyonnais.fr\/site\/wp-content\/uploads\/2020\/11\/Photo-3.jpg?fit=841%2C559&ssl=1\" \/>\n\t<meta property=\"og:image:width\" content=\"841\" \/>\n\t<meta property=\"og:image:height\" content=\"559\" \/>\n\t<meta property=\"og:image:type\" content=\"image\/jpeg\" \/>\n<meta name=\"author\" content=\"R\u00e9dac. NEWS\" \/>\n<meta name=\"twitter:card\" content=\"summary_large_image\" \/>\n<meta name=\"twitter:label1\" content=\"\u00c9crit par\" \/>\n\t<meta name=\"twitter:data1\" content=\"R\u00e9dac. NEWS\" \/>\n\t<meta name=\"twitter:label2\" content=\"Dur\u00e9e de lecture estim\u00e9e\" \/>\n\t<meta name=\"twitter:data2\" content=\"3 minutes\" \/>\n<script type=\"application\/ld+json\" class=\"yoast-schema-graph\">{\"@context\":\"https:\/\/schema.org\",\"@graph\":[{\"@type\":\"Article\",\"@id\":\"https:\/\/newsestlyonnais.fr\/site\/2020\/11\/29\/1-jour-1-association-as-caluire-athletisme\/#article\",\"isPartOf\":{\"@id\":\"https:\/\/newsestlyonnais.fr\/site\/2020\/11\/29\/1-jour-1-association-as-caluire-athletisme\/\"},\"author\":{\"name\":\"R\u00e9dac. NEWS\",\"@id\":\"https:\/\/newsestlyonnais.fr\/site\/#\/schema\/person\/3230d5615f390bb808365d673001e887\"},\"headline\":\"1 jour, 1 association | AS Caluire Athl\u00e9tisme\",\"datePublished\":\"2020-11-29T07:30:30+00:00\",\"dateModified\":\"2020-11-30T04:55:54+00:00\",\"mainEntityOfPage\":{\"@id\":\"https:\/\/newsestlyonnais.fr\/site\/2020\/11\/29\/1-jour-1-association-as-caluire-athletisme\/\"},\"wordCount\":649,\"commentCount\":0,\"publisher\":{\"@id\":\"https:\/\/newsestlyonnais.fr\/site\/#organization\"},\"image\":{\"@id\":\"https:\/\/newsestlyonnais.fr\/site\/2020\/11\/29\/1-jour-1-association-as-caluire-athletisme\/#primaryimage\"},\"thumbnailUrl\":\"https:\/\/newsestlyonnais.fr\/site\/wp-content\/uploads\/2020\/11\/Photo-3.jpg\",\"keywords\":[\"ATHLETISME\",\"CALUIRE\"],\"articleSection\":[\"1 jour, 1 association\",\"Athl\u00e9 | Course pied | Marche\",\"Caluire\"],\"inLanguage\":\"fr-FR\",\"potentialAction\":[{\"@type\":\"CommentAction\",\"name\":\"Comment\",\"target\":[\"https:\/\/newsestlyonnais.fr\/site\/2020\/11\/29\/1-jour-1-association-as-caluire-athletisme\/#respond\"]}]},{\"@type\":\"WebPage\",\"@id\":\"https:\/\/newsestlyonnais.fr\/site\/2020\/11\/29\/1-jour-1-association-as-caluire-athletisme\/\",\"url\":\"https:\/\/newsestlyonnais.fr\/site\/2020\/11\/29\/1-jour-1-association-as-caluire-athletisme\/\",\"name\":\"1 jour, 1 association | AS Caluire Athl\u00e9tisme - News Est Lyonnais\",\"isPartOf\":{\"@id\":\"https:\/\/newsestlyonnais.fr\/site\/#website\"},\"primaryImageOfPage\":{\"@id\":\"https:\/\/newsestlyonnais.fr\/site\/2020\/11\/29\/1-jour-1-association-as-caluire-athletisme\/#primaryimage\"},\"image\":{\"@id\":\"https:\/\/newsestlyonnais.fr\/site\/2020\/11\/29\/1-jour-1-association-as-caluire-athletisme\/#primaryimage\"},\"thumbnailUrl\":\"https:\/\/newsestlyonnais.fr\/site\/wp-content\/uploads\/2020\/11\/Photo-3.jpg\",\"datePublished\":\"2020-11-29T07:30:30+00:00\",\"dateModified\":\"2020-11-30T04:55:54+00:00\",\"description\":\"1 jour, 1 association | AS Caluire Athl\u00e9tisme\",\"breadcrumb\":{\"@id\":\"https:\/\/newsestlyonnais.fr\/site\/2020\/11\/29\/1-jour-1-association-as-caluire-athletisme\/#breadcrumb\"},\"inLanguage\":\"fr-FR\",\"potentialAction\":[{\"@type\":\"ReadAction\",\"target\":[\"https:\/\/newsestlyonnais.fr\/site\/2020\/11\/29\/1-jour-1-association-as-caluire-athletisme\/\"]}]},{\"@type\":\"ImageObject\",\"inLanguage\":\"fr-FR\",\"@id\":\"https:\/\/newsestlyonnais.fr\/site\/2020\/11\/29\/1-jour-1-association-as-caluire-athletisme\/#primaryimage\",\"url\":\"https:\/\/newsestlyonnais.fr\/site\/wp-content\/uploads\/2020\/11\/Photo-3.jpg\",\"contentUrl\":\"https:\/\/newsestlyonnais.fr\/site\/wp-content\/uploads\/2020\/11\/Photo-3.jpg\",\"width\":841,\"height\":559},{\"@type\":\"BreadcrumbList\",\"@id\":\"https:\/\/newsestlyonnais.fr\/site\/2020\/11\/29\/1-jour-1-association-as-caluire-athletisme\/#breadcrumb\",\"itemListElement\":[{\"@type\":\"ListItem\",\"position\":1,\"name\":\"Accueil\",\"item\":\"https:\/\/newsestlyonnais.fr\/site\/\"},{\"@type\":\"ListItem\",\"position\":2,\"name\":\"1 jour, 1 association | AS Caluire Athl\u00e9tisme\"}]},{\"@type\":\"WebSite\",\"@id\":\"https:\/\/newsestlyonnais.fr\/site\/#website\",\"url\":\"https:\/\/newsestlyonnais.fr\/site\/\",\"name\":\"News Est Lyonnais\",\"description\":\"L&#039;actualit\u00e9 au plus pr\u00e8s\",\"publisher\":{\"@id\":\"https:\/\/newsestlyonnais.fr\/site\/#organization\"},\"potentialAction\":[{\"@type\":\"SearchAction\",\"target\":{\"@type\":\"EntryPoint\",\"urlTemplate\":\"https:\/\/newsestlyonnais.fr\/site\/?s={search_term_string}\"},\"query-input\":{\"@type\":\"PropertyValueSpecification\",\"valueRequired\":true,\"valueName\":\"search_term_string\"}}],\"inLanguage\":\"fr-FR\"},{\"@type\":\"Organization\",\"@id\":\"https:\/\/newsestlyonnais.fr\/site\/#organization\",\"name\":\"News EST LYONNAIS\",\"url\":\"https:\/\/newsestlyonnais.fr\/site\/\",\"logo\":{\"@type\":\"ImageObject\",\"inLanguage\":\"fr-FR\",\"@id\":\"https:\/\/newsestlyonnais.fr\/site\/#\/schema\/logo\/image\/\",\"url\":\"\",\"contentUrl\":\"\",\"caption\":\"News EST LYONNAIS\"},\"image\":{\"@id\":\"https:\/\/newsestlyonnais.fr\/site\/#\/schema\/logo\/image\/\"}},{\"@type\":\"Person\",\"@id\":\"https:\/\/newsestlyonnais.fr\/site\/#\/schema\/person\/3230d5615f390bb808365d673001e887\",\"name\":\"R\u00e9dac. NEWS\",\"sameAs\":[\"http:\/\/www.newsestlyonnais.fr\",\"https:\/\/www.facebook.com\/pascal.oberson.1?fref=ts\",\"https:\/\/fr.linkedin.com\/in\/pascal-oberson-b17045113\"],\"url\":\"https:\/\/newsestlyonnais.fr\/site\/author\/nel\/\"}]}<\/script>\n<!-- \/ Yoast SEO plugin. -->","yoast_head_json":{"title":"1 jour, 1 association | AS Caluire Athl\u00e9tisme - News Est Lyonnais","description":"1 jour, 1 association | AS Caluire Athl\u00e9tisme","robots":{"index":"index","follow":"follow","max-snippet":"max-snippet:-1","max-image-preview":"max-image-preview:large","max-video-preview":"max-video-preview:-1"},"canonical":"https:\/\/newsestlyonnais.fr\/site\/2020\/11\/29\/1-jour-1-association-as-caluire-athletisme\/","og_locale":"fr_FR","og_type":"article","og_title":"1 jour, 1 association | AS Caluire Athl\u00e9tisme - News Est Lyonnais","og_description":"1 jour, 1 association | AS Caluire Athl\u00e9tisme","og_url":"https:\/\/newsestlyonnais.fr\/site\/2020\/11\/29\/1-jour-1-association-as-caluire-athletisme\/","og_site_name":"News Est Lyonnais","article_author":"https:\/\/www.facebook.com\/pascal.oberson.1?fref=ts","article_published_time":"2020-11-29T07:30:30+00:00","article_modified_time":"2020-11-30T04:55:54+00:00","og_image":[{"width":841,"height":559,"url":"https:\/\/i0.wp.com\/newsestlyonnais.fr\/site\/wp-content\/uploads\/2020\/11\/Photo-3.jpg?fit=841%2C559&ssl=1","type":"image\/jpeg"}],"author":"R\u00e9dac. NEWS","twitter_card":"summary_large_image","twitter_misc":{"\u00c9crit par":"R\u00e9dac. NEWS","Dur\u00e9e de lecture estim\u00e9e":"3 minutes"},"schema":{"@context":"https:\/\/schema.org","@graph":[{"@type":"Article","@id":"https:\/\/newsestlyonnais.fr\/site\/2020\/11\/29\/1-jour-1-association-as-caluire-athletisme\/#article","isPartOf":{"@id":"https:\/\/newsestlyonnais.fr\/site\/2020\/11\/29\/1-jour-1-association-as-caluire-athletisme\/"},"author":{"name":"R\u00e9dac. NEWS","@id":"https:\/\/newsestlyonnais.fr\/site\/#\/schema\/person\/3230d5615f390bb808365d673001e887"},"headline":"1 jour, 1 association | AS Caluire Athl\u00e9tisme","datePublished":"2020-11-29T07:30:30+00:00","dateModified":"2020-11-30T04:55:54+00:00","mainEntityOfPage":{"@id":"https:\/\/newsestlyonnais.fr\/site\/2020\/11\/29\/1-jour-1-association-as-caluire-athletisme\/"},"wordCount":649,"commentCount":0,"publisher":{"@id":"https:\/\/newsestlyonnais.fr\/site\/#organization"},"image":{"@id":"https:\/\/newsestlyonnais.fr\/site\/2020\/11\/29\/1-jour-1-association-as-caluire-athletisme\/#primaryimage"},"thumbnailUrl":"https:\/\/newsestlyonnais.fr\/site\/wp-content\/uploads\/2020\/11\/Photo-3.jpg","keywords":["ATHLETISME","CALUIRE"],"articleSection":["1 jour, 1 association","Athl\u00e9 | Course pied | Marche","Caluire"],"inLanguage":"fr-FR","potentialAction":[{"@type":"CommentAction","name":"Comment","target":["https:\/\/newsestlyonnais.fr\/site\/2020\/11\/29\/1-jour-1-association-as-caluire-athletisme\/#respond"]}]},{"@type":"WebPage","@id":"https:\/\/newsestlyonnais.fr\/site\/2020\/11\/29\/1-jour-1-association-as-caluire-athletisme\/","url":"https:\/\/newsestlyonnais.fr\/site\/2020\/11\/29\/1-jour-1-association-as-caluire-athletisme\/","name":"1 jour, 1 association | AS Caluire Athl\u00e9tisme - News Est Lyonnais","isPartOf":{"@id":"https:\/\/newsestlyonnais.fr\/site\/#website"},"primaryImageOfPage":{"@id":"https:\/\/newsestlyonnais.fr\/site\/2020\/11\/29\/1-jour-1-association-as-caluire-athletisme\/#primaryimage"},"image":{"@id":"https:\/\/newsestlyonnais.fr\/site\/2020\/11\/29\/1-jour-1-association-as-caluire-athletisme\/#primaryimage"},"thumbnailUrl":"https:\/\/newsestlyonnais.fr\/site\/wp-content\/uploads\/2020\/11\/Photo-3.jpg","datePublished":"2020-11-29T07:30:30+00:00","dateModified":"2020-11-30T04:55:54+00:00","description":"1 jour, 1 association | AS Caluire Athl\u00e9tisme","breadcrumb":{"@id":"https:\/\/newsestlyonnais.fr\/site\/2020\/11\/29\/1-jour-1-association-as-caluire-athletisme\/#breadcrumb"},"inLanguage":"fr-FR","potentialAction":[{"@type":"ReadAction","target":["https:\/\/newsestlyonnais.fr\/site\/2020\/11\/29\/1-jour-1-association-as-caluire-athletisme\/"]}]},{"@type":"ImageObject","inLanguage":"fr-FR","@id":"https:\/\/newsestlyonnais.fr\/site\/2020\/11\/29\/1-jour-1-association-as-caluire-athletisme\/#primaryimage","url":"https:\/\/newsestlyonnais.fr\/site\/wp-content\/uploads\/2020\/11\/Photo-3.jpg","contentUrl":"https:\/\/newsestlyonnais.fr\/site\/wp-content\/uploads\/2020\/11\/Photo-3.jpg","width":841,"height":559},{"@type":"BreadcrumbList","@id":"https:\/\/newsestlyonnais.fr\/site\/2020\/11\/29\/1-jour-1-association-as-caluire-athletisme\/#breadcrumb","itemListElement":[{"@type":"ListItem","position":1,"name":"Accueil","item":"https:\/\/newsestlyonnais.fr\/site\/"},{"@type":"ListItem","position":2,"name":"1 jour, 1 association | AS Caluire Athl\u00e9tisme"}]},{"@type":"WebSite","@id":"https:\/\/newsestlyonnais.fr\/site\/#website","url":"https:\/\/newsestlyonnais.fr\/site\/","name":"News Est Lyonnais","description":"L&#039;actualit\u00e9 au plus pr\u00e8s","publisher":{"@id":"https:\/\/newsestlyonnais.fr\/site\/#organization"},"potentialAction":[{"@type":"SearchAction","target":{"@type":"EntryPoint","urlTemplate":"https:\/\/newsestlyonnais.fr\/site\/?s={search_term_string}"},"query-input":{"@type":"PropertyValueSpecification","valueRequired":true,"valueName":"search_term_string"}}],"inLanguage":"fr-FR"},{"@type":"Organization","@id":"https:\/\/newsestlyonnais.fr\/site\/#organization","name":"News EST LYONNAIS","url":"https:\/\/newsestlyonnais.fr\/site\/","logo":{"@type":"ImageObject","inLanguage":"fr-FR","@id":"https:\/\/newsestlyonnais.fr\/site\/#\/schema\/logo\/image\/","url":"","contentUrl":"","caption":"News EST LYONNAIS"},"image":{"@id":"https:\/\/newsestlyonnais.fr\/site\/#\/schema\/logo\/image\/"}},{"@type":"Person","@id":"https:\/\/newsestlyonnais.fr\/site\/#\/schema\/person\/3230d5615f390bb808365d673001e887","name":"R\u00e9dac. NEWS","sameAs":["http:\/\/www.newsestlyonnais.fr","https:\/\/www.facebook.com\/pascal.oberson.1?fref=ts","https:\/\/fr.linkedin.com\/in\/pascal-oberson-b17045113"],"url":"https:\/\/newsestlyonnais.fr\/site\/author\/nel\/"}]}},"_links":{"self":[{"href":"https:\/\/newsestlyonnais.fr\/site\/wp-json\/wp\/v2\/posts\/118767","targetHints":{"allow":["GET"]}}],"collection":[{"href":"https:\/\/newsestlyonnais.fr\/site\/wp-json\/wp\/v2\/posts"}],"about":[{"href":"https:\/\/newsestlyonnais.fr\/site\/wp-json\/wp\/v2\/types\/post"}],"author":[{"embeddable":true,"href":"https:\/\/newsestlyonnais.fr\/site\/wp-json\/wp\/v2\/users\/4"}],"replies":[{"embeddable":true,"href":"https:\/\/newsestlyonnais.fr\/site\/wp-json\/wp\/v2\/comments?post=118767"}],"version-history":[{"count":0,"href":"https:\/\/newsestlyonnais.fr\/site\/wp-json\/wp\/v2\/posts\/118767\/revisions"}],"wp:featuredmedia":[{"embeddable":true,"href":"https:\/\/newsestlyonnais.fr\/site\/wp-json\/wp\/v2\/media\/118779"}],"wp:attachment":[{"href":"https:\/\/newsestlyonnais.fr\/site\/wp-json\/wp\/v2\/media?parent=118767"}],"wp:term":[{"taxonomy":"category","embeddable":true,"href":"https:\/\/newsestlyonnais.fr\/site\/wp-json\/wp\/v2\/categories?post=118767"},{"taxonomy":"post_tag","embeddable":true,"href":"https:\/\/newsestlyonnais.fr\/site\/wp-json\/wp\/v2\/tags?post=118767"}],"curies":[{"name":"wp","href":"https:\/\/api.w.org\/{rel}","templated":true}]}}