{"id":119238,"date":"2020-12-09T08:28:34","date_gmt":"2020-12-09T07:28:34","guid":{"rendered":"http:\/\/newsestlyonnais.fr\/site\/?p=119238"},"modified":"2021-09-17T08:51:42","modified_gmt":"2021-09-17T07:51:42","slug":"1-jour-1-association-les-devils-de-bron-saint-priest","status":"publish","type":"post","link":"https:\/\/newsestlyonnais.fr\/site\/2020\/12\/09\/1-jour-1-association-les-devils-de-bron-saint-priest\/","title":{"rendered":"1 jour, 1 association | Les \u00ab\u00a0Devils de Bron-Saint-Priest\u00a0\u00bb"},"content":{"rendered":"<p>En ce mercredi, c\u2019est <strong>Sylviane Garcia, pr\u00e9sidente depuis 2005<\/strong>, qui r\u00e9pond aux questions de la r\u00e9daction :<\/p>\n<hr \/>\n<ul>\n<li><span style=\"font-size: 14pt;\"><strong><u>Quelle est son activit\u00e9 et effectif actuel<\/u><\/strong><\/span><strong><span style=\"font-size: 14pt;\"> ?<\/span> <\/strong><\/li>\n<\/ul>\n<p>\u00bb Activit\u00e9 principale : <strong>Baseball Softball<\/strong>. Effectif 2019\/2020 : <strong>127 adh\u00e9rents<\/strong>.<\/p>\n<p><strong>L\u2019effectif 2020\/2021 n\u2019est pas encore finalis\u00e9<\/strong> en cette p\u00e9riode tr\u00e8s compliqu\u00e9e \u00ab .<\/p>\n<hr \/>\n<ul>\n<li><span style=\"font-size: 14pt;\"><strong><u>Comment s\u2019\u00e9tait pass\u00e9 le 1\u00b0 confinement et aviez vous mis du personnel au ch\u00f4mage<\/u><\/strong><\/span><strong><span style=\"font-size: 14pt;\"> ?<\/span> <\/strong><\/li>\n<\/ul>\n<p>\u00bb Notre activit\u00e9 a compl\u00e8tement \u00e9t\u00e9 stopp\u00e9e lors du premier confinement, idem pour le deuxi\u00e8me confinement actuel. Nous avons continu\u00e9 \u00e0 faire des r\u00e9unions de comit\u00e9 directeur en visio. Des informations ont \u00e9t\u00e9 transmises r\u00e9guli\u00e8rement \u00e0 nos licenci\u00e9s pour ne pas perdre le contact \u00ab .<\/p>\n<hr \/>\n<ul>\n<li><span style=\"font-size: 14pt;\"><strong><u>Et la reprise des activit\u00e9s \u00e0 la rentr\u00e9e de septembre<\/u><\/strong> <strong>?<\/strong><\/span><\/li>\n<\/ul>\n<p>\u00bb La reprise s\u2019est bien pass\u00e9e dans l\u2019ensemble. <strong>Nous avons eu des nouveaux licenci\u00e9s<\/strong> en seniors et quelques jeunes m\u00eame si c\u2019est dans une moindre mesure par rapport aux ann\u00e9es pr\u00e9c\u00e9dentes en raison notamment de l\u2019annulation des animations de pr\u00e9-rentr\u00e9e.<\/p>\n<p><strong>Le fait d\u2019avoir obtenu le terrain de football des lumi\u00e8res \u00e0 Bron nous a beaucoup aid\u00e9s<\/strong>. Nous avons pu proposer des entra\u00eenements dans des supers conditions et m\u00eame des matchs d\u2019Open organis\u00e9s par la Ligue.<\/p>\n<p><strong>Malheureusement cette mise \u00e0 disposition est temporaire, nous sommes toujours \u00e0 la recherche du lieu de pratique p\u00e9renne du baseball softball<\/strong> \u00bb.<\/p>\n<hr \/>\n<ul>\n<li><span style=\"font-size: 14pt;\"><span style=\"text-decoration: underline;\"><strong>Avez-vous connu depuis une baisse de vos effectifs<\/strong><\/span> <strong>?<\/strong><\/span><\/li>\n<\/ul>\n<p>\u00bb <strong>La baisse des effectifs devrait se situer autour de 30 % parmi les comp\u00e9titeurs<\/strong> \u00ab .<\/p>\n<ul>\n<li><span style=\"font-size: 14pt;\"><span style=\"text-decoration: underline;\"><strong>Avez- vous \u00e9t\u00e9 contraints d\u2019annuler des \u00e9v\u00e8nements <\/strong><\/span>?<\/span><\/li>\n<\/ul>\n<p>\u00bb <strong>Nous avons d\u00fb annuler les championnats dans leur globalit\u00e9<\/strong> pour toutes nos \u00e9quipes puisque la saison de championnat commence en mars et se termine en juillet dans le baseball softball \u00ab .<\/p>\n<hr \/>\n<ul>\n<li><span style=\"font-size: 14pt;\"><strong><span style=\"text-decoration: underline;\">Comment se d\u00e9roule ce 2\u00b0 confinement<\/span> ?<\/strong><\/span><\/li>\n<\/ul>\n<p>\u00bb<strong> Idem que le premier, plus aucune activit\u00e9 sportive<\/strong> \u00ab .<\/p>\n<ul>\n<li><strong><span style=\"font-size: 14pt;\"><span style=\"text-decoration: underline;\">Cons\u00e9quences financi\u00e8res ou autres<\/span> ?<\/span> <\/strong><\/li>\n<\/ul>\n<p>\u00bb <strong>Les cons\u00e9quences sont importantes financi\u00e8rement<\/strong> puisque nous n\u2019avons plus aucune possibilit\u00e9 de faire des animations, type tournois notamment, pour lesquels les buvettes repr\u00e9sentent une part importante de nos recettes.<\/p>\n<p><strong> La baisse des licenci\u00e9s et la remise accord\u00e9e<\/strong> pour les renouvellements d\u2019adh\u00e9sion 2019\/2020<strong> a aussi une r\u00e9percussion financi\u00e8re<\/strong> ainsi que les frais qui ont \u00e9t\u00e9 occasionn\u00e9s par l\u2019achat de tout le mat\u00e9riel sanitaire n\u00e9cessaire pour l\u2019activit\u00e9 sportive \u00ab .<\/p>\n<hr \/>\n<ul>\n<li><span style=\"text-decoration: underline; font-size: 14pt;\"><strong>Et pour conclure<\/strong> <\/span><strong><span style=\"font-size: 14pt;\">?<\/span><br \/>\n<\/strong><\/li>\n<\/ul>\n<p>\u00bb <strong>2020 est une ann\u00e9e \u00e0 oublier au plus vite<\/strong> en esp\u00e9rant que sur la suivante nous pourrons retrouver un fonctionnement normal avec le retour de nos licenci\u00e9s, de nouvelles adh\u00e9sions et surtout un terrain d\u00e9finitif car ce souci s\u2019ajoute \u00e0 tous ceux rencontr\u00e9s avec la COVID 19.<\/p>\n<p><strong>En tant que sportif nous continuerons nos efforts pour assurer l\u2019avenir des Devils<\/strong> \u00ab .<\/p>\n<hr \/>\n<p><strong><span class=\"icon icon-email\"><img loading=\"lazy\" decoding=\"async\" class=\"alignleft wp-image-119454 size-full\" src=\"https:\/\/newsestlyonnais.fr\/site\/wp-content\/uploads\/2020\/12\/NEWSESTLYONNAIS-LOGO-Devils-BRON-250x150-1.png\" alt=\"\" width=\"250\" height=\"150\" data-attachment-id=\"119400\" data-permalink=\"https:\/\/newsestlyonnais.fr\/site\/2020\/12\/08\/1-jour-1-association-badminton-club-de-villeurbanne\/newsestlyonnais-logo-villeurbad\/\" data-orig-file=\"https:\/\/i2.wp.com\/newsestlyonnais.fr\/site\/wp-content\/uploads\/2020\/12\/NEWSESTLYONNAIS-LOGO-VILLEURBAD.png?fit=1000%2C200&amp;ssl=1\" data-orig-size=\"1000,200\" data-comments-opened=\"1\" data-image-meta=\"{&quot;aperture&quot;:&quot;0&quot;,&quot;credit&quot;:&quot;&quot;,&quot;camera&quot;:&quot;&quot;,&quot;caption&quot;:&quot;&quot;,&quot;created_timestamp&quot;:&quot;0&quot;,&quot;copyright&quot;:&quot;&quot;,&quot;focal_length&quot;:&quot;0&quot;,&quot;iso&quot;:&quot;0&quot;,&quot;shutter_speed&quot;:&quot;0&quot;,&quot;title&quot;:&quot;&quot;,&quot;orientation&quot;:&quot;0&quot;}\" data-image-title=\"NEWSESTLYONNAIS LOGO VILLEURBAD\" data-image-description=\"\" data-medium-file=\"https:\/\/i2.wp.com\/newsestlyonnais.fr\/site\/wp-content\/uploads\/2020\/12\/NEWSESTLYONNAIS-LOGO-VILLEURBAD.png?fit=400%2C80&amp;ssl=1\" data-large-file=\"https:\/\/i2.wp.com\/newsestlyonnais.fr\/site\/wp-content\/uploads\/2020\/12\/NEWSESTLYONNAIS-LOGO-VILLEURBAD.png?fit=650%2C130&amp;ssl=1\" data-recalc-dims=\"1\" srcset=\"https:\/\/newsestlyonnais.fr\/site\/wp-content\/uploads\/2020\/12\/NEWSESTLYONNAIS-LOGO-Devils-BRON-250x150-1.png 250w, https:\/\/newsestlyonnais.fr\/site\/wp-content\/uploads\/2020\/12\/NEWSESTLYONNAIS-LOGO-Devils-BRON-250x150-1-150x90.png 150w, https:\/\/newsestlyonnais.fr\/site\/wp-content\/uploads\/2020\/12\/NEWSESTLYONNAIS-LOGO-Devils-BRON-250x150-1-50x30.png 50w, https:\/\/newsestlyonnais.fr\/site\/wp-content\/uploads\/2020\/12\/NEWSESTLYONNAIS-LOGO-Devils-BRON-250x150-1-100x60.png 100w, https:\/\/newsestlyonnais.fr\/site\/wp-content\/uploads\/2020\/12\/NEWSESTLYONNAIS-LOGO-Devils-BRON-250x150-1-200x120.png 200w\" sizes=\"auto, (max-width: 250px) 100vw, 250px\" \/><\/span><\/strong><\/p>\n<p>&nbsp;<\/p>\n<p><strong><span class=\"icon icon-email\">ACTU du club sur : <span style=\"color: #0000ff;\"><a style=\"color: #0000ff;\" href=\"https:\/\/www.facebook.com\/devils.bsp\/\">https:\/\/www.facebook.com\/devils.bsp\/<\/a><\/span><\/span><\/strong><\/p>\n<p>&nbsp;<\/p>\n<hr \/>\n<p><img loading=\"lazy\" decoding=\"async\" class=\"aligncenter size-full wp-image-119457\" src=\"https:\/\/newsestlyonnais.fr\/site\/wp-content\/uploads\/2020\/12\/photo-journal-2.jpg\" alt=\"\" width=\"960\" height=\"720\" srcset=\"https:\/\/newsestlyonnais.fr\/site\/wp-content\/uploads\/2020\/12\/photo-journal-2.jpg 960w, https:\/\/newsestlyonnais.fr\/site\/wp-content\/uploads\/2020\/12\/photo-journal-2-400x300.jpg 400w, https:\/\/newsestlyonnais.fr\/site\/wp-content\/uploads\/2020\/12\/photo-journal-2-650x488.jpg 650w, https:\/\/newsestlyonnais.fr\/site\/wp-content\/uploads\/2020\/12\/photo-journal-2-250x188.jpg 250w, https:\/\/newsestlyonnais.fr\/site\/wp-content\/uploads\/2020\/12\/photo-journal-2-768x576.jpg 768w, https:\/\/newsestlyonnais.fr\/site\/wp-content\/uploads\/2020\/12\/photo-journal-2-150x113.jpg 150w, https:\/\/newsestlyonnais.fr\/site\/wp-content\/uploads\/2020\/12\/photo-journal-2-50x38.jpg 50w, https:\/\/newsestlyonnais.fr\/site\/wp-content\/uploads\/2020\/12\/photo-journal-2-100x75.jpg 100w, https:\/\/newsestlyonnais.fr\/site\/wp-content\/uploads\/2020\/12\/photo-journal-2-200x150.jpg 200w, https:\/\/newsestlyonnais.fr\/site\/wp-content\/uploads\/2020\/12\/photo-journal-2-300x225.jpg 300w, https:\/\/newsestlyonnais.fr\/site\/wp-content\/uploads\/2020\/12\/photo-journal-2-350x263.jpg 350w, https:\/\/newsestlyonnais.fr\/site\/wp-content\/uploads\/2020\/12\/photo-journal-2-450x338.jpg 450w, https:\/\/newsestlyonnais.fr\/site\/wp-content\/uploads\/2020\/12\/photo-journal-2-500x375.jpg 500w, https:\/\/newsestlyonnais.fr\/site\/wp-content\/uploads\/2020\/12\/photo-journal-2-550x413.jpg 550w, https:\/\/newsestlyonnais.fr\/site\/wp-content\/uploads\/2020\/12\/photo-journal-2-800x600.jpg 800w\" sizes=\"auto, (max-width: 960px) 100vw, 960px\" \/><\/p>\n","protected":false},"excerpt":{"rendered":"<p>D\u00e9couvrez quotidiennement une association pr\u00e9sent\u00e9e par un de ses dirigeants.<\/p>\n","protected":false},"author":4,"featured_media":119452,"comment_status":"open","ping_status":"open","sticky":false,"template":"","format":"standard","meta":{"footnotes":""},"categories":[3420,574,3898,19,166,1296],"tags":[3033,2072,3050],"class_list":["post-119238","post","type-post","status-publish","format-standard","has-post-thumbnail","hentry","category-1-jour-1-association","category-autres-sports","category-base-ball-foot-americain","category-bron","category-divers-sports","category-sain-priest","tag-baseball","tag-bron","tag-devils"],"yoast_head":"<!-- This site is optimized with the Yoast SEO plugin v27.2 - https:\/\/yoast.com\/product\/yoast-seo-wordpress\/ -->\n<title>1 jour, 1 association | Les &quot;Devils de Bron-Saint-Priest&quot; - News Est Lyonnais<\/title>\n<meta name=\"description\" content=\"1 jour, 1 association | Les Devils de Bron-Saint-Priest\" \/>\n<meta name=\"robots\" content=\"index, follow, max-snippet:-1, max-image-preview:large, max-video-preview:-1\" \/>\n<link rel=\"canonical\" href=\"https:\/\/newsestlyonnais.fr\/site\/2020\/12\/09\/1-jour-1-association-les-devils-de-bron-saint-priest\/\" \/>\n<meta property=\"og:locale\" content=\"fr_FR\" \/>\n<meta property=\"og:type\" content=\"article\" \/>\n<meta property=\"og:title\" content=\"1 jour, 1 association | Les &quot;Devils de Bron-Saint-Priest&quot; - News Est Lyonnais\" \/>\n<meta property=\"og:description\" content=\"1 jour, 1 association | Les Devils de Bron-Saint-Priest\" \/>\n<meta property=\"og:url\" content=\"https:\/\/newsestlyonnais.fr\/site\/2020\/12\/09\/1-jour-1-association-les-devils-de-bron-saint-priest\/\" \/>\n<meta property=\"og:site_name\" content=\"News Est Lyonnais\" \/>\n<meta property=\"article:author\" content=\"https:\/\/www.facebook.com\/pascal.oberson.1?fref=ts\" \/>\n<meta property=\"article:published_time\" content=\"2020-12-09T07:28:34+00:00\" \/>\n<meta property=\"article:modified_time\" content=\"2021-09-17T07:51:42+00:00\" \/>\n<meta property=\"og:image\" content=\"https:\/\/i2.wp.com\/newsestlyonnais.fr\/site\/wp-content\/uploads\/2020\/12\/photo-journal-3.jpg?fit=1200%2C900&ssl=1\" \/>\n\t<meta property=\"og:image:width\" content=\"1200\" \/>\n\t<meta property=\"og:image:height\" content=\"900\" \/>\n\t<meta property=\"og:image:type\" content=\"image\/jpeg\" \/>\n<meta name=\"author\" content=\"R\u00e9dac. NEWS\" \/>\n<meta name=\"twitter:card\" content=\"summary_large_image\" \/>\n<meta name=\"twitter:label1\" content=\"\u00c9crit par\" \/>\n\t<meta name=\"twitter:data1\" content=\"R\u00e9dac. NEWS\" \/>\n\t<meta name=\"twitter:label2\" content=\"Dur\u00e9e de lecture estim\u00e9e\" \/>\n\t<meta name=\"twitter:data2\" content=\"2 minutes\" \/>\n<script type=\"application\/ld+json\" class=\"yoast-schema-graph\">{\"@context\":\"https:\/\/schema.org\",\"@graph\":[{\"@type\":\"Article\",\"@id\":\"https:\/\/newsestlyonnais.fr\/site\/2020\/12\/09\/1-jour-1-association-les-devils-de-bron-saint-priest\/#article\",\"isPartOf\":{\"@id\":\"https:\/\/newsestlyonnais.fr\/site\/2020\/12\/09\/1-jour-1-association-les-devils-de-bron-saint-priest\/\"},\"author\":{\"name\":\"R\u00e9dac. NEWS\",\"@id\":\"https:\/\/newsestlyonnais.fr\/site\/#\/schema\/person\/3230d5615f390bb808365d673001e887\"},\"headline\":\"1 jour, 1 association | Les \u00ab\u00a0Devils de Bron-Saint-Priest\u00a0\u00bb\",\"datePublished\":\"2020-12-09T07:28:34+00:00\",\"dateModified\":\"2021-09-17T07:51:42+00:00\",\"mainEntityOfPage\":{\"@id\":\"https:\/\/newsestlyonnais.fr\/site\/2020\/12\/09\/1-jour-1-association-les-devils-de-bron-saint-priest\/\"},\"wordCount\":479,\"commentCount\":0,\"publisher\":{\"@id\":\"https:\/\/newsestlyonnais.fr\/site\/#organization\"},\"image\":{\"@id\":\"https:\/\/newsestlyonnais.fr\/site\/2020\/12\/09\/1-jour-1-association-les-devils-de-bron-saint-priest\/#primaryimage\"},\"thumbnailUrl\":\"https:\/\/newsestlyonnais.fr\/site\/wp-content\/uploads\/2020\/12\/photo-journal-3.jpg\",\"keywords\":[\"BASEBALL\",\"BRON\",\"DEVILS\"],\"articleSection\":[\"1 jour, 1 association\",\"Autres sports\",\"Base-Ball | Foot am\u00e9ricain\",\"Bron\",\"Divers Sports\",\"Saint-Priest\"],\"inLanguage\":\"fr-FR\",\"potentialAction\":[{\"@type\":\"CommentAction\",\"name\":\"Comment\",\"target\":[\"https:\/\/newsestlyonnais.fr\/site\/2020\/12\/09\/1-jour-1-association-les-devils-de-bron-saint-priest\/#respond\"]}]},{\"@type\":\"WebPage\",\"@id\":\"https:\/\/newsestlyonnais.fr\/site\/2020\/12\/09\/1-jour-1-association-les-devils-de-bron-saint-priest\/\",\"url\":\"https:\/\/newsestlyonnais.fr\/site\/2020\/12\/09\/1-jour-1-association-les-devils-de-bron-saint-priest\/\",\"name\":\"1 jour, 1 association | Les \\\"Devils de Bron-Saint-Priest\\\" - News Est Lyonnais\",\"isPartOf\":{\"@id\":\"https:\/\/newsestlyonnais.fr\/site\/#website\"},\"primaryImageOfPage\":{\"@id\":\"https:\/\/newsestlyonnais.fr\/site\/2020\/12\/09\/1-jour-1-association-les-devils-de-bron-saint-priest\/#primaryimage\"},\"image\":{\"@id\":\"https:\/\/newsestlyonnais.fr\/site\/2020\/12\/09\/1-jour-1-association-les-devils-de-bron-saint-priest\/#primaryimage\"},\"thumbnailUrl\":\"https:\/\/newsestlyonnais.fr\/site\/wp-content\/uploads\/2020\/12\/photo-journal-3.jpg\",\"datePublished\":\"2020-12-09T07:28:34+00:00\",\"dateModified\":\"2021-09-17T07:51:42+00:00\",\"description\":\"1 jour, 1 association | Les Devils de Bron-Saint-Priest\",\"breadcrumb\":{\"@id\":\"https:\/\/newsestlyonnais.fr\/site\/2020\/12\/09\/1-jour-1-association-les-devils-de-bron-saint-priest\/#breadcrumb\"},\"inLanguage\":\"fr-FR\",\"potentialAction\":[{\"@type\":\"ReadAction\",\"target\":[\"https:\/\/newsestlyonnais.fr\/site\/2020\/12\/09\/1-jour-1-association-les-devils-de-bron-saint-priest\/\"]}]},{\"@type\":\"ImageObject\",\"inLanguage\":\"fr-FR\",\"@id\":\"https:\/\/newsestlyonnais.fr\/site\/2020\/12\/09\/1-jour-1-association-les-devils-de-bron-saint-priest\/#primaryimage\",\"url\":\"https:\/\/newsestlyonnais.fr\/site\/wp-content\/uploads\/2020\/12\/photo-journal-3.jpg\",\"contentUrl\":\"https:\/\/newsestlyonnais.fr\/site\/wp-content\/uploads\/2020\/12\/photo-journal-3.jpg\",\"width\":1200,\"height\":900},{\"@type\":\"BreadcrumbList\",\"@id\":\"https:\/\/newsestlyonnais.fr\/site\/2020\/12\/09\/1-jour-1-association-les-devils-de-bron-saint-priest\/#breadcrumb\",\"itemListElement\":[{\"@type\":\"ListItem\",\"position\":1,\"name\":\"Accueil\",\"item\":\"https:\/\/newsestlyonnais.fr\/site\/\"},{\"@type\":\"ListItem\",\"position\":2,\"name\":\"1 jour, 1 association | Les \u00ab\u00a0Devils de Bron-Saint-Priest\u00a0\u00bb\"}]},{\"@type\":\"WebSite\",\"@id\":\"https:\/\/newsestlyonnais.fr\/site\/#website\",\"url\":\"https:\/\/newsestlyonnais.fr\/site\/\",\"name\":\"News Est Lyonnais\",\"description\":\"L&#039;actualit\u00e9 au plus pr\u00e8s\",\"publisher\":{\"@id\":\"https:\/\/newsestlyonnais.fr\/site\/#organization\"},\"potentialAction\":[{\"@type\":\"SearchAction\",\"target\":{\"@type\":\"EntryPoint\",\"urlTemplate\":\"https:\/\/newsestlyonnais.fr\/site\/?s={search_term_string}\"},\"query-input\":{\"@type\":\"PropertyValueSpecification\",\"valueRequired\":true,\"valueName\":\"search_term_string\"}}],\"inLanguage\":\"fr-FR\"},{\"@type\":\"Organization\",\"@id\":\"https:\/\/newsestlyonnais.fr\/site\/#organization\",\"name\":\"News EST LYONNAIS\",\"url\":\"https:\/\/newsestlyonnais.fr\/site\/\",\"logo\":{\"@type\":\"ImageObject\",\"inLanguage\":\"fr-FR\",\"@id\":\"https:\/\/newsestlyonnais.fr\/site\/#\/schema\/logo\/image\/\",\"url\":\"\",\"contentUrl\":\"\",\"caption\":\"News EST LYONNAIS\"},\"image\":{\"@id\":\"https:\/\/newsestlyonnais.fr\/site\/#\/schema\/logo\/image\/\"}},{\"@type\":\"Person\",\"@id\":\"https:\/\/newsestlyonnais.fr\/site\/#\/schema\/person\/3230d5615f390bb808365d673001e887\",\"name\":\"R\u00e9dac. NEWS\",\"sameAs\":[\"http:\/\/www.newsestlyonnais.fr\",\"https:\/\/www.facebook.com\/pascal.oberson.1?fref=ts\",\"https:\/\/fr.linkedin.com\/in\/pascal-oberson-b17045113\"],\"url\":\"https:\/\/newsestlyonnais.fr\/site\/author\/nel\/\"}]}<\/script>\n<!-- \/ Yoast SEO plugin. -->","yoast_head_json":{"title":"1 jour, 1 association | Les \"Devils de Bron-Saint-Priest\" - News Est Lyonnais","description":"1 jour, 1 association | Les Devils de Bron-Saint-Priest","robots":{"index":"index","follow":"follow","max-snippet":"max-snippet:-1","max-image-preview":"max-image-preview:large","max-video-preview":"max-video-preview:-1"},"canonical":"https:\/\/newsestlyonnais.fr\/site\/2020\/12\/09\/1-jour-1-association-les-devils-de-bron-saint-priest\/","og_locale":"fr_FR","og_type":"article","og_title":"1 jour, 1 association | Les \"Devils de Bron-Saint-Priest\" - News Est Lyonnais","og_description":"1 jour, 1 association | Les Devils de Bron-Saint-Priest","og_url":"https:\/\/newsestlyonnais.fr\/site\/2020\/12\/09\/1-jour-1-association-les-devils-de-bron-saint-priest\/","og_site_name":"News Est Lyonnais","article_author":"https:\/\/www.facebook.com\/pascal.oberson.1?fref=ts","article_published_time":"2020-12-09T07:28:34+00:00","article_modified_time":"2021-09-17T07:51:42+00:00","og_image":[{"width":1200,"height":900,"url":"https:\/\/i2.wp.com\/newsestlyonnais.fr\/site\/wp-content\/uploads\/2020\/12\/photo-journal-3.jpg?fit=1200%2C900&ssl=1","type":"image\/jpeg"}],"author":"R\u00e9dac. NEWS","twitter_card":"summary_large_image","twitter_misc":{"\u00c9crit par":"R\u00e9dac. NEWS","Dur\u00e9e de lecture estim\u00e9e":"2 minutes"},"schema":{"@context":"https:\/\/schema.org","@graph":[{"@type":"Article","@id":"https:\/\/newsestlyonnais.fr\/site\/2020\/12\/09\/1-jour-1-association-les-devils-de-bron-saint-priest\/#article","isPartOf":{"@id":"https:\/\/newsestlyonnais.fr\/site\/2020\/12\/09\/1-jour-1-association-les-devils-de-bron-saint-priest\/"},"author":{"name":"R\u00e9dac. NEWS","@id":"https:\/\/newsestlyonnais.fr\/site\/#\/schema\/person\/3230d5615f390bb808365d673001e887"},"headline":"1 jour, 1 association | Les \u00ab\u00a0Devils de Bron-Saint-Priest\u00a0\u00bb","datePublished":"2020-12-09T07:28:34+00:00","dateModified":"2021-09-17T07:51:42+00:00","mainEntityOfPage":{"@id":"https:\/\/newsestlyonnais.fr\/site\/2020\/12\/09\/1-jour-1-association-les-devils-de-bron-saint-priest\/"},"wordCount":479,"commentCount":0,"publisher":{"@id":"https:\/\/newsestlyonnais.fr\/site\/#organization"},"image":{"@id":"https:\/\/newsestlyonnais.fr\/site\/2020\/12\/09\/1-jour-1-association-les-devils-de-bron-saint-priest\/#primaryimage"},"thumbnailUrl":"https:\/\/newsestlyonnais.fr\/site\/wp-content\/uploads\/2020\/12\/photo-journal-3.jpg","keywords":["BASEBALL","BRON","DEVILS"],"articleSection":["1 jour, 1 association","Autres sports","Base-Ball | Foot am\u00e9ricain","Bron","Divers Sports","Saint-Priest"],"inLanguage":"fr-FR","potentialAction":[{"@type":"CommentAction","name":"Comment","target":["https:\/\/newsestlyonnais.fr\/site\/2020\/12\/09\/1-jour-1-association-les-devils-de-bron-saint-priest\/#respond"]}]},{"@type":"WebPage","@id":"https:\/\/newsestlyonnais.fr\/site\/2020\/12\/09\/1-jour-1-association-les-devils-de-bron-saint-priest\/","url":"https:\/\/newsestlyonnais.fr\/site\/2020\/12\/09\/1-jour-1-association-les-devils-de-bron-saint-priest\/","name":"1 jour, 1 association | Les \"Devils de Bron-Saint-Priest\" - News Est Lyonnais","isPartOf":{"@id":"https:\/\/newsestlyonnais.fr\/site\/#website"},"primaryImageOfPage":{"@id":"https:\/\/newsestlyonnais.fr\/site\/2020\/12\/09\/1-jour-1-association-les-devils-de-bron-saint-priest\/#primaryimage"},"image":{"@id":"https:\/\/newsestlyonnais.fr\/site\/2020\/12\/09\/1-jour-1-association-les-devils-de-bron-saint-priest\/#primaryimage"},"thumbnailUrl":"https:\/\/newsestlyonnais.fr\/site\/wp-content\/uploads\/2020\/12\/photo-journal-3.jpg","datePublished":"2020-12-09T07:28:34+00:00","dateModified":"2021-09-17T07:51:42+00:00","description":"1 jour, 1 association | Les Devils de Bron-Saint-Priest","breadcrumb":{"@id":"https:\/\/newsestlyonnais.fr\/site\/2020\/12\/09\/1-jour-1-association-les-devils-de-bron-saint-priest\/#breadcrumb"},"inLanguage":"fr-FR","potentialAction":[{"@type":"ReadAction","target":["https:\/\/newsestlyonnais.fr\/site\/2020\/12\/09\/1-jour-1-association-les-devils-de-bron-saint-priest\/"]}]},{"@type":"ImageObject","inLanguage":"fr-FR","@id":"https:\/\/newsestlyonnais.fr\/site\/2020\/12\/09\/1-jour-1-association-les-devils-de-bron-saint-priest\/#primaryimage","url":"https:\/\/newsestlyonnais.fr\/site\/wp-content\/uploads\/2020\/12\/photo-journal-3.jpg","contentUrl":"https:\/\/newsestlyonnais.fr\/site\/wp-content\/uploads\/2020\/12\/photo-journal-3.jpg","width":1200,"height":900},{"@type":"BreadcrumbList","@id":"https:\/\/newsestlyonnais.fr\/site\/2020\/12\/09\/1-jour-1-association-les-devils-de-bron-saint-priest\/#breadcrumb","itemListElement":[{"@type":"ListItem","position":1,"name":"Accueil","item":"https:\/\/newsestlyonnais.fr\/site\/"},{"@type":"ListItem","position":2,"name":"1 jour, 1 association | Les \u00ab\u00a0Devils de Bron-Saint-Priest\u00a0\u00bb"}]},{"@type":"WebSite","@id":"https:\/\/newsestlyonnais.fr\/site\/#website","url":"https:\/\/newsestlyonnais.fr\/site\/","name":"News Est Lyonnais","description":"L&#039;actualit\u00e9 au plus pr\u00e8s","publisher":{"@id":"https:\/\/newsestlyonnais.fr\/site\/#organization"},"potentialAction":[{"@type":"SearchAction","target":{"@type":"EntryPoint","urlTemplate":"https:\/\/newsestlyonnais.fr\/site\/?s={search_term_string}"},"query-input":{"@type":"PropertyValueSpecification","valueRequired":true,"valueName":"search_term_string"}}],"inLanguage":"fr-FR"},{"@type":"Organization","@id":"https:\/\/newsestlyonnais.fr\/site\/#organization","name":"News EST LYONNAIS","url":"https:\/\/newsestlyonnais.fr\/site\/","logo":{"@type":"ImageObject","inLanguage":"fr-FR","@id":"https:\/\/newsestlyonnais.fr\/site\/#\/schema\/logo\/image\/","url":"","contentUrl":"","caption":"News EST LYONNAIS"},"image":{"@id":"https:\/\/newsestlyonnais.fr\/site\/#\/schema\/logo\/image\/"}},{"@type":"Person","@id":"https:\/\/newsestlyonnais.fr\/site\/#\/schema\/person\/3230d5615f390bb808365d673001e887","name":"R\u00e9dac. NEWS","sameAs":["http:\/\/www.newsestlyonnais.fr","https:\/\/www.facebook.com\/pascal.oberson.1?fref=ts","https:\/\/fr.linkedin.com\/in\/pascal-oberson-b17045113"],"url":"https:\/\/newsestlyonnais.fr\/site\/author\/nel\/"}]}},"_links":{"self":[{"href":"https:\/\/newsestlyonnais.fr\/site\/wp-json\/wp\/v2\/posts\/119238","targetHints":{"allow":["GET"]}}],"collection":[{"href":"https:\/\/newsestlyonnais.fr\/site\/wp-json\/wp\/v2\/posts"}],"about":[{"href":"https:\/\/newsestlyonnais.fr\/site\/wp-json\/wp\/v2\/types\/post"}],"author":[{"embeddable":true,"href":"https:\/\/newsestlyonnais.fr\/site\/wp-json\/wp\/v2\/users\/4"}],"replies":[{"embeddable":true,"href":"https:\/\/newsestlyonnais.fr\/site\/wp-json\/wp\/v2\/comments?post=119238"}],"version-history":[{"count":0,"href":"https:\/\/newsestlyonnais.fr\/site\/wp-json\/wp\/v2\/posts\/119238\/revisions"}],"wp:featuredmedia":[{"embeddable":true,"href":"https:\/\/newsestlyonnais.fr\/site\/wp-json\/wp\/v2\/media\/119452"}],"wp:attachment":[{"href":"https:\/\/newsestlyonnais.fr\/site\/wp-json\/wp\/v2\/media?parent=119238"}],"wp:term":[{"taxonomy":"category","embeddable":true,"href":"https:\/\/newsestlyonnais.fr\/site\/wp-json\/wp\/v2\/categories?post=119238"},{"taxonomy":"post_tag","embeddable":true,"href":"https:\/\/newsestlyonnais.fr\/site\/wp-json\/wp\/v2\/tags?post=119238"}],"curies":[{"name":"wp","href":"https:\/\/api.w.org\/{rel}","templated":true}]}}