{"id":119325,"date":"2020-12-07T06:07:01","date_gmt":"2020-12-07T05:07:01","guid":{"rendered":"http:\/\/newsestlyonnais.fr\/site\/?p=119325"},"modified":"2020-12-08T05:42:21","modified_gmt":"2020-12-08T04:42:21","slug":"1-jour-1-association-le-judo-club-de-lest-lyonnais","status":"publish","type":"post","link":"https:\/\/newsestlyonnais.fr\/site\/2020\/12\/07\/1-jour-1-association-le-judo-club-de-lest-lyonnais\/","title":{"rendered":"1 jour, 1 association | Le Judo Club de l&rsquo;Est Lyonnais"},"content":{"rendered":"<p>En ce lundi, <strong>Nicolas Bernard (p<\/strong><strong>r\u00e9sident depuis juin 2019, <\/strong>double champion d&rsquo;Europe et vice-champion du monde v\u00e9t\u00e9rans) et <strong>St\u00e9phane Riello (responsable groupe cadets comp\u00e9tition)<\/strong>, r\u00e9pondent aux questions de la r\u00e9daction :<\/p>\n<hr \/>\n<ul>\n<li><strong><span style=\"font-size: 14pt;\"><span style=\"text-decoration: underline;\">Quelle est l\u2019activit\u00e9 principale du club et son effectif actuel<\/span> ?<\/span> <\/strong><\/li>\n<\/ul>\n<p>\u00bb Le <span style=\"color: #333333;\">Judo Club de l&rsquo;Est Lyonnais propose <strong>du judo loisirs et comp\u00e9titions de 4 ans \u00e0 adultes<\/strong>. Il est compos\u00e9 de <strong>2 sections sur Villeurbanne <\/strong>(Brosses et Gratte Ciel)<strong> et travaille en collaboration avec les clubs de Jonage, Meyzieu et Villette d\u2019Anthon<\/strong> afin de constituer un groupe \u00e9lite. <\/span><\/p>\n<p><span style=\"color: #333333;\"><strong>Les meilleurs athl\u00e8tes de ces clubs int\u00e8grent le JCEL, ce qui nous fait en amont de notre effectif un vivier de 350 judokas en plus<\/strong>.<\/span><\/p>\n<p>Son <span style=\"color: #ff3333;\">e<\/span>ffectif \u00e0 ce jour <span style=\"color: #333333;\">: <\/span><span style=\"color: #333333;\"><strong>196 judokas (dont 48 f\u00e9minines),<\/strong> 75 % ont moins de 18 ans <\/span>\u00ab .<\/p>\n<ul>\n<li><strong><span style=\"text-decoration: underline;\"><span style=\"font-size: 14pt;\">Comment s\u2019\u00e9tait pass\u00e9 le 1\u00b0 confinement et aviez vous mis du personnel au ch\u00f4mage<\/span><\/span> ? <\/strong><\/li>\n<\/ul>\n<p>\u00bb <span style=\"color: #333333;\">Lors du premier confinement notre activit\u00e9 \u00e0 malheureusement \u00e9t\u00e9 compl\u00e8tement \u00e0 l\u2019arr\u00eat. Nous avons cr\u00e9\u00e9 un suivi par notre page Facebook en proposant diverses activit\u00e9s en vid\u00e9o pour tout les \u00e2ges. Ceci \u00e9tait mis en place par les diff\u00e9rents professeurs du club.<\/span><\/p>\n<p><span style=\"color: #333333;\">Oui <strong>nous avons eu\u00a0 recours au ch\u00f4mage partiel car sans cela l&rsquo;association aurait pu \u00eatre en p\u00e9ril <\/strong><\/span><span style=\"color: #333333;\">\u00ab .<\/span><\/p>\n<hr \/>\n<ul>\n<li><strong><span style=\"text-decoration: underline;\"><span style=\"font-size: 14pt;\">Et la reprise des activit\u00e9s \u00e0 la rentr\u00e9e de septembre<\/span><\/span> ?<\/strong><\/li>\n<\/ul>\n<p>\u00bb\u00a0<span style=\"color: #333333;\"><strong>En cette rentr\u00e9e, les professeurs ont mis beaucoup d\u2019\u00e9nergie pour tenir la barre et rassurer les parents<\/strong> sur la limitation des risques dans notre activit\u00e9 avec un protocole sanitaire strict. Le club a investi dans des masques, des lingettes d\u00e9sinfectantes et du gel hydroalcoolique. Le protocole \u00e9tait bien respect\u00e9 par tous, et nous n\u2019avons pas eu de cas sur nos tapis.<\/span><\/p>\n<p><span style=\"color: #ff0000;\"><span style=\"color: #333333;\"> Cet arr\u00eat au retour des vacances de la Toussaint est vraiment dommage car des nouveaux judokas arrivaient encore pour des essais et des inscriptions mais du coup on risque de les perdre<\/span> <\/span>\u00ab .<\/p>\n<ul>\n<li><strong><span style=\"text-decoration: underline;\"><span style=\"font-size: 14pt;\">Avez-vous connu depuis, une baisse de vos effectifs<\/span><\/span> ?<\/strong><\/li>\n<\/ul>\n<p>\u00bb <strong>P<\/strong><span style=\"color: #333333;\"><strong>as de baisse sur l\u2019effectif global<\/strong> mais suppression d\u2019un cr\u00e9neau de 4\/5 ans sur une section car tr\u00e8s peu d\u2019inscrits alors que sur l\u2019autre section + 30% par rapport \u00e0 N-1 pour la m\u00eame cat\u00e9gorie d\u2019\u00e2ge. <strong>Le taux de renouvellement est de 50 %<\/strong> environ ce qui est en baisse (d\u2019habitude on tourne \u00e0 70 %). L\u00e9g\u00e8re baisse sur les jeunes entre 9 ans et 14 ans <strong>par contre une hausse chez nos adultes comp\u00e9titeurs<\/strong> avec les arriv\u00e9es de nouveaux athl\u00e8tes s\u00e9duis par notre projet sportif et nos bons r\u00e9sultats en seniors <\/span><span style=\"color: #333333;\">\u00ab .<\/span><\/p>\n<ul>\n<li><strong><span style=\"text-decoration: underline;\"><span style=\"font-size: 14pt;\">Avez-vous \u00e9t\u00e9 contraints d\u2019annuler des \u00e9v\u00e8nements ou comp\u00e9titions<\/span><\/span> ? <\/strong><\/li>\n<\/ul>\n<p>\u00bb <span style=\"color: #333333;\"><strong>Nous n\u2019avons pas pu participer \u00e0 des comp\u00e9titions importantes<\/strong> sur lesquelles nous avions des athl\u00e8tes engag\u00e9s suite aux annulations de la F\u00e9d\u00e9ration (Coupe de France Minimes, championnat individuel Seniors&#8230; et tous les interclubs et animations jeunes depuis mars). N\u00e9anmoins nous avons pu participer au championnat de France 1\u00b0 division par \u00e9quipe Seniors \u00e0 Brest d\u00e9but octobre. La pr\u00e9paration f\u00fbt difficile car nous n\u2019avions plus acc\u00e8s \u00e0 certaines salles pour nos seniors alors que nous \u00e9tions dans la derni\u00e8re ligne droite de pr\u00e9paration. <strong>Du coup oblig\u00e9s de multiplier les entrainements en ext\u00e9rieur avec la veste de kimono !<\/strong> <\/span>\u00ab .<\/p>\n<hr \/>\n<ul>\n<li><strong><span style=\"text-decoration: underline;\"><span style=\"font-size: 14pt;\">Comment se d\u00e9roule ce 2\u00b0 confinement<\/span><\/span> ?<\/strong><\/li>\n<\/ul>\n<p>\u00bb <span style=\"color: #333333;\"><strong>Cela \u00e9t\u00e9 un coup dur pour tous les acteurs du club<\/strong>. Les enfants \u00e9taient revenus avec un grand plaisir apr\u00e8s la 1\u00b0 p\u00e9riode d\u2019arr\u00eat et les professeurs \u00e9taient aussi tr\u00e8s contents de reprendre l\u2019enseignement et de les retrouver en septembre. Ils ont juste eu le temps avant les vacances de la Toussaint de faire le passage de ceinture initialement pr\u00e9vu en mai\/juin, et arr\u00eat total au bout d\u2019un mois et \u00bd de pratique. <\/span><\/p>\n<p><span style=\"color: #333333;\">Le club essaye de garder le contact avec ces judokas et leurs propose \u00e0 distance des activit\u00e9s diverses li\u00e9es \u00e0 notre sport <\/span>\u00bb.<\/p>\n<ul>\n<li><strong><span style=\"text-decoration: underline;\"><span style=\"font-size: 14pt;\">Cons\u00e9quences financi\u00e8res, sportives ou autres<\/span><\/span> ?<\/strong><\/li>\n<\/ul>\n<p>\u00bb <strong><span style=\"color: #333333;\">Premi\u00e8re <\/span><\/strong><span style=\"color: #ff0000;\"><span style=\"color: #333333;\"><strong>cons\u00e9quence et non des moindres c\u2019est financier<\/strong>. Nous avons re\u00e7u des demandes concernant un \u00e9ventuel remboursement de cotisations. Nous sommes conscients que cette p\u00e9riode si particuli\u00e8re engendre des cons\u00e9quences financi\u00e8res non n\u00e9gligeables au sein des familles. Mais il en est de m\u00eame au sein de notre association, dont <strong>les diff\u00e9rents professeurs que nous employons, sont particuli\u00e8rement impact\u00e9s<\/strong>. Comme toute association \u00e0 but non lucratif, nous n&rsquo;avons pas vocation \u00e0 gagner de l&rsquo;argent. Chaque ann\u00e9e, notre budget de fonctionnement nous permet tout juste de r\u00e9mun\u00e9rer nos professeurs, et de subvenir aux frais engendr\u00e9s par la pratique de notre sport (inscriptions comp\u00e9titions, frais de d\u00e9placements, location salles, etc..). <\/span><\/span><\/p>\n<p><span style=\"color: #ff0000;\"><span style=\"color: #333333;\"><strong>N\u00e9anmoins, l\u2019une des valeurs du judo, que le JCEL pr\u00f4ne est la Solidarit\u00e9<\/strong>. Du coup le conseil d\u2019administration du club, fera le point en fin de saison sur le nombre de cours qui n\u2019ont pas pu avoir lieu suite \u00e0 la crise sanitaire et fera un remboursement au prorata aux familles.<\/span> <\/span><\/p>\n<p align=\"JUSTIFY\"><span style=\"color: #333333;\"><strong>Nous avons peur de perdre aussi certains de nos sponsors<\/strong> qui ont eu eux \u00e9galement, un bilan financier mitig\u00e9 cette ann\u00e9e. On va s\u2019employer \u00e0 en trouver d\u2019 autres rapidement, d\u2019ailleurs <strong>nous profitons de cette interview pour passer un appel aux entreprises du coin,<\/strong> s\u2019ils veulent apparaitre sur nos dossards et publications qu\u2019ils n\u2019h\u00e9sitent pas \u00e0 nous contacter ! On esp\u00e8re \u00e9galement que les subventions diverses auxquelles nous faisons des dossiers chaque ann\u00e9e ne baisseront pas.<\/span><\/p>\n<p><span style=\"color: #333333;\"><strong>La deuxi\u00e8me cons\u00e9quence est sportive bien entendu<\/strong>. <strong>Certains risquent de se d\u00e9motiver<\/strong> en \u00e9tant coup\u00e9s de leurs copains et du manque d\u2019activit\u00e9 physique. <strong>Ils vont avoir du mal \u00e0 se remobiliser et se fixer <\/strong><\/span><span style=\"color: #333333;\"><strong>des objectifs<\/strong> car pour le moment nous n\u2019avons aucune vue sur les reprises de comp\u00e9titions. <strong>Le r\u00f4le des professeurs va \u00eatre l\u00e0 encore tr\u00e8s important<\/strong>, trouver les bons mots pour les remobiliser et se remettre rapidement au travail.<\/span><\/p>\n<p><span style=\"color: #ff0000;\"><span style=\"color: #333333;\">D\u00e8s la reprise des cours, les professeurs vont devoir rattraper cette p\u00e9riode d\u2019apprentissage essentielles \u00e0 la formation des jeunes judokas et avancer rapidement sur le programme afin que les acquisitions techniques soient maitris\u00e9es pour le passage de ceinture de mai\/juin 2021. Ils ont m\u00eame propos\u00e9 de travailler pendant les vacances et d\u2019adapter leurs emplois du temps pour rattraper des cours si nous pouvons acc\u00e9der aux salles <\/span><\/span>\u00bb.<\/p>\n<hr \/>\n<ul>\n<li><span style=\"text-decoration: underline;\"><strong><span style=\"font-size: 14pt;\">Et pour conclure<\/span><\/strong><\/span> <strong>?<br \/>\n<\/strong><\/li>\n<\/ul>\n<p>\u00bb <span style=\"color: #333333;\"><i>Pour commencer <strong>merci \u00e0 vous de nous avoir donn\u00e9 la parole et de vous int\u00e9resser aux associations sportives<\/strong> dans cette p\u00e9riode compliqu\u00e9e. <strong>Nous avons h\u00e2te de pouvoir reprendre, nous sommes pr\u00eats \u00e0 accueillir nos adh\u00e9rents et aussi des nouveaux<\/strong>. D\u00e8s autorisations du gouvernement et de la mairie, les portes du club seront ouvertes, n\u2019h\u00e9sitez pas \u00e0 nous contacter <\/i><i>ou consulter notre site internet. <\/i><\/span><\/p>\n<p><span style=\"color: #333333;\"> <span style=\"font-family: Calibri, sans-serif;\"><i><span style=\"font-family: georgia, palatino, serif;\"><strong>Le club est impact\u00e9 mais les b\u00e9n\u00e9voles et les professeurs vont tout mettre en \u0153uvre pour surmonter cette nouvelle crise sanitaire<\/strong> pour le bien de ses adh\u00e9rents, et la maxime du fondateur du judo Jigoro Kano prendra encore une fois tout son sens : \u00ab <strong>On ne juge pas un homme sur le nombre de fois qu\u2019il tombe mais sur le nombre de fois qu\u2019il se rel\u00e8ve <\/strong><\/span><\/i><\/span><\/span>\u00bb.<\/p>\n<hr \/>\n<p><img loading=\"lazy\" decoding=\"async\" class=\"alignleft wp-image-119333 size-full\" src=\"https:\/\/newsestlyonnais.fr\/site\/wp-content\/uploads\/2020\/12\/542a54975f946_logojcel.jpg\" alt=\"\" width=\"156\" height=\"86\" data-attachment-id=\"116561\" data-permalink=\"https:\/\/newsestlyonnais.fr\/site\/2020\/11\/10\/1-jour-1-association-genas-echecs\/siteon0-c14b5\/\" data-orig-file=\"https:\/\/i0.wp.com\/newsestlyonnais.fr\/site\/wp-content\/uploads\/2020\/11\/siteon0-c14b5.png?fit=137%2C100&amp;ssl=1\" data-orig-size=\"137,100\" data-comments-opened=\"1\" data-image-meta=\"{&quot;aperture&quot;:&quot;0&quot;,&quot;credit&quot;:&quot;&quot;,&quot;camera&quot;:&quot;&quot;,&quot;caption&quot;:&quot;&quot;,&quot;created_timestamp&quot;:&quot;0&quot;,&quot;copyright&quot;:&quot;&quot;,&quot;focal_length&quot;:&quot;0&quot;,&quot;iso&quot;:&quot;0&quot;,&quot;shutter_speed&quot;:&quot;0&quot;,&quot;title&quot;:&quot;&quot;,&quot;orientation&quot;:&quot;0&quot;}\" data-image-title=\"siteon0-c14b5\" data-image-description=\"\" data-medium-file=\"https:\/\/i0.wp.com\/newsestlyonnais.fr\/site\/wp-content\/uploads\/2020\/11\/siteon0-c14b5.png?fit=137%2C100&amp;ssl=1\" data-large-file=\"https:\/\/i0.wp.com\/newsestlyonnais.fr\/site\/wp-content\/uploads\/2020\/11\/siteon0-c14b5.png?fit=137%2C100&amp;ssl=1\" data-recalc-dims=\"1\" srcset=\"https:\/\/newsestlyonnais.fr\/site\/wp-content\/uploads\/2020\/12\/542a54975f946_logojcel.jpg 156w, https:\/\/newsestlyonnais.fr\/site\/wp-content\/uploads\/2020\/12\/542a54975f946_logojcel-150x83.jpg 150w, https:\/\/newsestlyonnais.fr\/site\/wp-content\/uploads\/2020\/12\/542a54975f946_logojcel-50x28.jpg 50w, https:\/\/newsestlyonnais.fr\/site\/wp-content\/uploads\/2020\/12\/542a54975f946_logojcel-100x55.jpg 100w\" sizes=\"auto, (max-width: 156px) 100vw, 156px\" \/><\/p>\n<ul>\n<li><em><strong>Tou<\/strong><\/em><em><strong>te l\u2019ACTU du club : <span style=\"color: #0000ff;\"><a style=\"color: #0000ff;\" href=\"https:\/\/jceljudo.sportsregions.fr\">https:\/\/jceljudo.sportsregions.fr<\/a><\/span><\/strong><\/em><\/li>\n<li><em><strong>Contact<\/strong> <\/em>:<a href=\"mailto:judo.jcel@gmail.com\"><span style=\"color: #ff0000;\"><i><b>judo.jcel@gmail.com<\/b><\/i><\/span><\/a><\/li>\n<\/ul>\n<div id='gallery-1' class='gallery galleryid-119325 gallery-columns-3 gallery-size-thumbnail'><figure class='gallery-item'>\n\t\t\t<div class='gallery-icon landscape'>\n\t\t\t\t<a href='https:\/\/newsestlyonnais.fr\/site\/2020\/12\/07\/1-jour-1-association-le-judo-club-de-lest-lyonnais\/img_20201008_182652\/'><img loading=\"lazy\" decoding=\"async\" width=\"150\" height=\"113\" src=\"https:\/\/newsestlyonnais.fr\/site\/wp-content\/uploads\/2020\/12\/IMG_20201008_182652-250x188.jpg\" class=\"attachment-thumbnail size-thumbnail\" alt=\"\" srcset=\"https:\/\/newsestlyonnais.fr\/site\/wp-content\/uploads\/2020\/12\/IMG_20201008_182652-250x188.jpg 250w, https:\/\/newsestlyonnais.fr\/site\/wp-content\/uploads\/2020\/12\/IMG_20201008_182652-400x300.jpg 400w, https:\/\/newsestlyonnais.fr\/site\/wp-content\/uploads\/2020\/12\/IMG_20201008_182652-650x488.jpg 650w, https:\/\/newsestlyonnais.fr\/site\/wp-content\/uploads\/2020\/12\/IMG_20201008_182652-768x576.jpg 768w, https:\/\/newsestlyonnais.fr\/site\/wp-content\/uploads\/2020\/12\/IMG_20201008_182652-150x113.jpg 150w, https:\/\/newsestlyonnais.fr\/site\/wp-content\/uploads\/2020\/12\/IMG_20201008_182652-50x38.jpg 50w, https:\/\/newsestlyonnais.fr\/site\/wp-content\/uploads\/2020\/12\/IMG_20201008_182652-100x75.jpg 100w, https:\/\/newsestlyonnais.fr\/site\/wp-content\/uploads\/2020\/12\/IMG_20201008_182652-200x150.jpg 200w, https:\/\/newsestlyonnais.fr\/site\/wp-content\/uploads\/2020\/12\/IMG_20201008_182652-300x225.jpg 300w, https:\/\/newsestlyonnais.fr\/site\/wp-content\/uploads\/2020\/12\/IMG_20201008_182652-350x263.jpg 350w, https:\/\/newsestlyonnais.fr\/site\/wp-content\/uploads\/2020\/12\/IMG_20201008_182652-450x338.jpg 450w, https:\/\/newsestlyonnais.fr\/site\/wp-content\/uploads\/2020\/12\/IMG_20201008_182652-500x375.jpg 500w, https:\/\/newsestlyonnais.fr\/site\/wp-content\/uploads\/2020\/12\/IMG_20201008_182652-550x413.jpg 550w, https:\/\/newsestlyonnais.fr\/site\/wp-content\/uploads\/2020\/12\/IMG_20201008_182652-800x600.jpg 800w, https:\/\/newsestlyonnais.fr\/site\/wp-content\/uploads\/2020\/12\/IMG_20201008_182652.jpg 1200w\" sizes=\"auto, (max-width: 150px) 100vw, 150px\" \/><\/a>\n\t\t\t<\/div><\/figure><figure class='gallery-item'>\n\t\t\t<div class='gallery-icon landscape'>\n\t\t\t\t<a href='https:\/\/newsestlyonnais.fr\/site\/2020\/12\/07\/1-jour-1-association-le-judo-club-de-lest-lyonnais\/120974846_10224137711249827_7565181777994389485_n\/'><img loading=\"lazy\" decoding=\"async\" width=\"150\" height=\"100\" src=\"https:\/\/newsestlyonnais.fr\/site\/wp-content\/uploads\/2020\/12\/120974846_10224137711249827_7565181777994389485_n-250x167.jpg\" class=\"attachment-thumbnail size-thumbnail\" alt=\"\" srcset=\"https:\/\/newsestlyonnais.fr\/site\/wp-content\/uploads\/2020\/12\/120974846_10224137711249827_7565181777994389485_n-250x167.jpg 250w, https:\/\/newsestlyonnais.fr\/site\/wp-content\/uploads\/2020\/12\/120974846_10224137711249827_7565181777994389485_n-400x267.jpg 400w, https:\/\/newsestlyonnais.fr\/site\/wp-content\/uploads\/2020\/12\/120974846_10224137711249827_7565181777994389485_n-650x433.jpg 650w, https:\/\/newsestlyonnais.fr\/site\/wp-content\/uploads\/2020\/12\/120974846_10224137711249827_7565181777994389485_n-768x512.jpg 768w, https:\/\/newsestlyonnais.fr\/site\/wp-content\/uploads\/2020\/12\/120974846_10224137711249827_7565181777994389485_n-150x100.jpg 150w, https:\/\/newsestlyonnais.fr\/site\/wp-content\/uploads\/2020\/12\/120974846_10224137711249827_7565181777994389485_n-50x33.jpg 50w, https:\/\/newsestlyonnais.fr\/site\/wp-content\/uploads\/2020\/12\/120974846_10224137711249827_7565181777994389485_n-100x67.jpg 100w, https:\/\/newsestlyonnais.fr\/site\/wp-content\/uploads\/2020\/12\/120974846_10224137711249827_7565181777994389485_n-200x133.jpg 200w, https:\/\/newsestlyonnais.fr\/site\/wp-content\/uploads\/2020\/12\/120974846_10224137711249827_7565181777994389485_n-300x200.jpg 300w, https:\/\/newsestlyonnais.fr\/site\/wp-content\/uploads\/2020\/12\/120974846_10224137711249827_7565181777994389485_n-350x233.jpg 350w, https:\/\/newsestlyonnais.fr\/site\/wp-content\/uploads\/2020\/12\/120974846_10224137711249827_7565181777994389485_n-450x300.jpg 450w, https:\/\/newsestlyonnais.fr\/site\/wp-content\/uploads\/2020\/12\/120974846_10224137711249827_7565181777994389485_n-500x333.jpg 500w, https:\/\/newsestlyonnais.fr\/site\/wp-content\/uploads\/2020\/12\/120974846_10224137711249827_7565181777994389485_n-550x367.jpg 550w, https:\/\/newsestlyonnais.fr\/site\/wp-content\/uploads\/2020\/12\/120974846_10224137711249827_7565181777994389485_n-800x533.jpg 800w, https:\/\/newsestlyonnais.fr\/site\/wp-content\/uploads\/2020\/12\/120974846_10224137711249827_7565181777994389485_n.jpg 960w\" sizes=\"auto, (max-width: 150px) 100vw, 150px\" \/><\/a>\n\t\t\t<\/div><\/figure><figure class='gallery-item'>\n\t\t\t<div class='gallery-icon portrait'>\n\t\t\t\t<a href='https:\/\/newsestlyonnais.fr\/site\/2020\/12\/07\/1-jour-1-association-le-judo-club-de-lest-lyonnais\/qrf\/'><img loading=\"lazy\" decoding=\"async\" width=\"116\" height=\"150\" src=\"https:\/\/newsestlyonnais.fr\/site\/wp-content\/uploads\/2020\/12\/IMG_20201013_190215-250x323.jpg\" class=\"attachment-thumbnail size-thumbnail\" alt=\"\" srcset=\"https:\/\/newsestlyonnais.fr\/site\/wp-content\/uploads\/2020\/12\/IMG_20201013_190215-250x323.jpg 250w, https:\/\/newsestlyonnais.fr\/site\/wp-content\/uploads\/2020\/12\/IMG_20201013_190215-400x517.jpg 400w, https:\/\/newsestlyonnais.fr\/site\/wp-content\/uploads\/2020\/12\/IMG_20201013_190215-650x840.jpg 650w, https:\/\/newsestlyonnais.fr\/site\/wp-content\/uploads\/2020\/12\/IMG_20201013_190215-768x992.jpg 768w, https:\/\/newsestlyonnais.fr\/site\/wp-content\/uploads\/2020\/12\/IMG_20201013_190215-150x194.jpg 150w, https:\/\/newsestlyonnais.fr\/site\/wp-content\/uploads\/2020\/12\/IMG_20201013_190215-50x65.jpg 50w, https:\/\/newsestlyonnais.fr\/site\/wp-content\/uploads\/2020\/12\/IMG_20201013_190215-100x129.jpg 100w, https:\/\/newsestlyonnais.fr\/site\/wp-content\/uploads\/2020\/12\/IMG_20201013_190215-200x258.jpg 200w, https:\/\/newsestlyonnais.fr\/site\/wp-content\/uploads\/2020\/12\/IMG_20201013_190215-300x388.jpg 300w, https:\/\/newsestlyonnais.fr\/site\/wp-content\/uploads\/2020\/12\/IMG_20201013_190215-350x452.jpg 350w, https:\/\/newsestlyonnais.fr\/site\/wp-content\/uploads\/2020\/12\/IMG_20201013_190215-450x581.jpg 450w, https:\/\/newsestlyonnais.fr\/site\/wp-content\/uploads\/2020\/12\/IMG_20201013_190215-500x646.jpg 500w, https:\/\/newsestlyonnais.fr\/site\/wp-content\/uploads\/2020\/12\/IMG_20201013_190215-550x710.jpg 550w, https:\/\/newsestlyonnais.fr\/site\/wp-content\/uploads\/2020\/12\/IMG_20201013_190215-800x1033.jpg 800w, https:\/\/newsestlyonnais.fr\/site\/wp-content\/uploads\/2020\/12\/IMG_20201013_190215.jpg 929w\" sizes=\"auto, (max-width: 116px) 100vw, 116px\" \/><\/a>\n\t\t\t<\/div><\/figure><figure class='gallery-item'>\n\t\t\t<div class='gallery-icon portrait'>\n\t\t\t\t<a href='https:\/\/newsestlyonnais.fr\/site\/2020\/12\/07\/1-jour-1-association-le-judo-club-de-lest-lyonnais\/img_20201024_110732\/'><img loading=\"lazy\" decoding=\"async\" width=\"113\" height=\"150\" src=\"https:\/\/newsestlyonnais.fr\/site\/wp-content\/uploads\/2020\/12\/IMG_20201024_110732-250x333.jpg\" class=\"attachment-thumbnail size-thumbnail\" alt=\"\" srcset=\"https:\/\/newsestlyonnais.fr\/site\/wp-content\/uploads\/2020\/12\/IMG_20201024_110732-250x333.jpg 250w, https:\/\/newsestlyonnais.fr\/site\/wp-content\/uploads\/2020\/12\/IMG_20201024_110732-400x533.jpg 400w, https:\/\/newsestlyonnais.fr\/site\/wp-content\/uploads\/2020\/12\/IMG_20201024_110732-650x867.jpg 650w, https:\/\/newsestlyonnais.fr\/site\/wp-content\/uploads\/2020\/12\/IMG_20201024_110732-768x1024.jpg 768w, https:\/\/newsestlyonnais.fr\/site\/wp-content\/uploads\/2020\/12\/IMG_20201024_110732-150x200.jpg 150w, https:\/\/newsestlyonnais.fr\/site\/wp-content\/uploads\/2020\/12\/IMG_20201024_110732-50x67.jpg 50w, https:\/\/newsestlyonnais.fr\/site\/wp-content\/uploads\/2020\/12\/IMG_20201024_110732-100x133.jpg 100w, https:\/\/newsestlyonnais.fr\/site\/wp-content\/uploads\/2020\/12\/IMG_20201024_110732-200x267.jpg 200w, https:\/\/newsestlyonnais.fr\/site\/wp-content\/uploads\/2020\/12\/IMG_20201024_110732-300x400.jpg 300w, https:\/\/newsestlyonnais.fr\/site\/wp-content\/uploads\/2020\/12\/IMG_20201024_110732-350x467.jpg 350w, https:\/\/newsestlyonnais.fr\/site\/wp-content\/uploads\/2020\/12\/IMG_20201024_110732-450x600.jpg 450w, https:\/\/newsestlyonnais.fr\/site\/wp-content\/uploads\/2020\/12\/IMG_20201024_110732-500x667.jpg 500w, https:\/\/newsestlyonnais.fr\/site\/wp-content\/uploads\/2020\/12\/IMG_20201024_110732-550x733.jpg 550w, https:\/\/newsestlyonnais.fr\/site\/wp-content\/uploads\/2020\/12\/IMG_20201024_110732-800x1067.jpg 800w, https:\/\/newsestlyonnais.fr\/site\/wp-content\/uploads\/2020\/12\/IMG_20201024_110732.jpg 900w\" sizes=\"auto, (max-width: 113px) 100vw, 113px\" \/><\/a>\n\t\t\t<\/div><\/figure>\n\t\t<\/div>\n\n","protected":false},"excerpt":{"rendered":"<p>D\u00e9couvrez quotidiennement une association pr\u00e9sent\u00e9e par un de ses dirigeants.<\/p>\n","protected":false},"author":4,"featured_media":119347,"comment_status":"open","ping_status":"open","sticky":false,"template":"","format":"standard","meta":{"footnotes":""},"categories":[3420,164,1303,1352,2994,24,29],"tags":[2339,3462],"class_list":["post-119325","post","type-post","status-publish","format-standard","has-post-thumbnail","hentry","category-1-jour-1-association","category-isere","category-jonage","category-judo","category-judo-karate-taekwondo-sports","category-meyzieu","category-villeurbanne","tag-judo","tag-judo-club-est-lyonnais"],"yoast_head":"<!-- This site is optimized with the Yoast SEO plugin v27.2 - https:\/\/yoast.com\/product\/yoast-seo-wordpress\/ -->\n<title>1 jour, 1 association | Le Judo Club de l&#039;Est Lyonnais - News Est Lyonnais<\/title>\n<meta name=\"description\" content=\"1 jour, 1 association | Le Judo Club de l&#039;Est Lyonnais\" \/>\n<meta name=\"robots\" content=\"index, follow, max-snippet:-1, max-image-preview:large, max-video-preview:-1\" \/>\n<link rel=\"canonical\" href=\"https:\/\/newsestlyonnais.fr\/site\/2020\/12\/07\/1-jour-1-association-le-judo-club-de-lest-lyonnais\/\" \/>\n<meta property=\"og:locale\" content=\"fr_FR\" \/>\n<meta property=\"og:type\" content=\"article\" \/>\n<meta property=\"og:title\" content=\"1 jour, 1 association | Le Judo Club de l&#039;Est Lyonnais - News Est Lyonnais\" \/>\n<meta property=\"og:description\" content=\"1 jour, 1 association | Le Judo Club de l&#039;Est Lyonnais\" \/>\n<meta property=\"og:url\" content=\"https:\/\/newsestlyonnais.fr\/site\/2020\/12\/07\/1-jour-1-association-le-judo-club-de-lest-lyonnais\/\" \/>\n<meta property=\"og:site_name\" content=\"News Est Lyonnais\" \/>\n<meta property=\"article:author\" content=\"https:\/\/www.facebook.com\/pascal.oberson.1?fref=ts\" \/>\n<meta property=\"article:published_time\" content=\"2020-12-07T05:07:01+00:00\" \/>\n<meta property=\"article:modified_time\" content=\"2020-12-08T04:42:21+00:00\" \/>\n<meta property=\"og:image\" content=\"https:\/\/i1.wp.com\/newsestlyonnais.fr\/site\/wp-content\/uploads\/2020\/12\/IMG_20200928_182409.jpg?fit=1200%2C900&ssl=1\" \/>\n\t<meta property=\"og:image:width\" content=\"1200\" \/>\n\t<meta property=\"og:image:height\" content=\"900\" \/>\n\t<meta property=\"og:image:type\" content=\"image\/jpeg\" \/>\n<meta name=\"author\" content=\"R\u00e9dac. NEWS\" \/>\n<meta name=\"twitter:card\" content=\"summary_large_image\" \/>\n<meta name=\"twitter:label1\" content=\"\u00c9crit par\" \/>\n\t<meta name=\"twitter:data1\" content=\"R\u00e9dac. NEWS\" \/>\n\t<meta name=\"twitter:label2\" content=\"Dur\u00e9e de lecture estim\u00e9e\" \/>\n\t<meta name=\"twitter:data2\" content=\"6 minutes\" \/>\n<script type=\"application\/ld+json\" class=\"yoast-schema-graph\">{\"@context\":\"https:\/\/schema.org\",\"@graph\":[{\"@type\":\"Article\",\"@id\":\"https:\/\/newsestlyonnais.fr\/site\/2020\/12\/07\/1-jour-1-association-le-judo-club-de-lest-lyonnais\/#article\",\"isPartOf\":{\"@id\":\"https:\/\/newsestlyonnais.fr\/site\/2020\/12\/07\/1-jour-1-association-le-judo-club-de-lest-lyonnais\/\"},\"author\":{\"name\":\"R\u00e9dac. NEWS\",\"@id\":\"https:\/\/newsestlyonnais.fr\/site\/#\/schema\/person\/3230d5615f390bb808365d673001e887\"},\"headline\":\"1 jour, 1 association | Le Judo Club de l&rsquo;Est Lyonnais\",\"datePublished\":\"2020-12-07T05:07:01+00:00\",\"dateModified\":\"2020-12-08T04:42:21+00:00\",\"mainEntityOfPage\":{\"@id\":\"https:\/\/newsestlyonnais.fr\/site\/2020\/12\/07\/1-jour-1-association-le-judo-club-de-lest-lyonnais\/\"},\"wordCount\":1253,\"commentCount\":0,\"publisher\":{\"@id\":\"https:\/\/newsestlyonnais.fr\/site\/#organization\"},\"image\":{\"@id\":\"https:\/\/newsestlyonnais.fr\/site\/2020\/12\/07\/1-jour-1-association-le-judo-club-de-lest-lyonnais\/#primaryimage\"},\"thumbnailUrl\":\"https:\/\/newsestlyonnais.fr\/site\/wp-content\/uploads\/2020\/12\/IMG_20200928_182409.jpg\",\"keywords\":[\"JUDO\",\"JUDO CLUB EST LYONNAIS\"],\"articleSection\":[\"1 jour, 1 association\",\"Is\u00e8re (38)\",\"Jonage\",\"Judo\",\"Judo| Karat\u00e9| Taekwondo\",\"Meyzieu\",\"Villeurbanne\"],\"inLanguage\":\"fr-FR\",\"potentialAction\":[{\"@type\":\"CommentAction\",\"name\":\"Comment\",\"target\":[\"https:\/\/newsestlyonnais.fr\/site\/2020\/12\/07\/1-jour-1-association-le-judo-club-de-lest-lyonnais\/#respond\"]}]},{\"@type\":\"WebPage\",\"@id\":\"https:\/\/newsestlyonnais.fr\/site\/2020\/12\/07\/1-jour-1-association-le-judo-club-de-lest-lyonnais\/\",\"url\":\"https:\/\/newsestlyonnais.fr\/site\/2020\/12\/07\/1-jour-1-association-le-judo-club-de-lest-lyonnais\/\",\"name\":\"1 jour, 1 association | Le Judo Club de l'Est Lyonnais - News Est Lyonnais\",\"isPartOf\":{\"@id\":\"https:\/\/newsestlyonnais.fr\/site\/#website\"},\"primaryImageOfPage\":{\"@id\":\"https:\/\/newsestlyonnais.fr\/site\/2020\/12\/07\/1-jour-1-association-le-judo-club-de-lest-lyonnais\/#primaryimage\"},\"image\":{\"@id\":\"https:\/\/newsestlyonnais.fr\/site\/2020\/12\/07\/1-jour-1-association-le-judo-club-de-lest-lyonnais\/#primaryimage\"},\"thumbnailUrl\":\"https:\/\/newsestlyonnais.fr\/site\/wp-content\/uploads\/2020\/12\/IMG_20200928_182409.jpg\",\"datePublished\":\"2020-12-07T05:07:01+00:00\",\"dateModified\":\"2020-12-08T04:42:21+00:00\",\"description\":\"1 jour, 1 association | Le Judo Club de l'Est Lyonnais\",\"breadcrumb\":{\"@id\":\"https:\/\/newsestlyonnais.fr\/site\/2020\/12\/07\/1-jour-1-association-le-judo-club-de-lest-lyonnais\/#breadcrumb\"},\"inLanguage\":\"fr-FR\",\"potentialAction\":[{\"@type\":\"ReadAction\",\"target\":[\"https:\/\/newsestlyonnais.fr\/site\/2020\/12\/07\/1-jour-1-association-le-judo-club-de-lest-lyonnais\/\"]}]},{\"@type\":\"ImageObject\",\"inLanguage\":\"fr-FR\",\"@id\":\"https:\/\/newsestlyonnais.fr\/site\/2020\/12\/07\/1-jour-1-association-le-judo-club-de-lest-lyonnais\/#primaryimage\",\"url\":\"https:\/\/newsestlyonnais.fr\/site\/wp-content\/uploads\/2020\/12\/IMG_20200928_182409.jpg\",\"contentUrl\":\"https:\/\/newsestlyonnais.fr\/site\/wp-content\/uploads\/2020\/12\/IMG_20200928_182409.jpg\",\"width\":1200,\"height\":900},{\"@type\":\"BreadcrumbList\",\"@id\":\"https:\/\/newsestlyonnais.fr\/site\/2020\/12\/07\/1-jour-1-association-le-judo-club-de-lest-lyonnais\/#breadcrumb\",\"itemListElement\":[{\"@type\":\"ListItem\",\"position\":1,\"name\":\"Accueil\",\"item\":\"https:\/\/newsestlyonnais.fr\/site\/\"},{\"@type\":\"ListItem\",\"position\":2,\"name\":\"1 jour, 1 association | Le Judo Club de l&rsquo;Est Lyonnais\"}]},{\"@type\":\"WebSite\",\"@id\":\"https:\/\/newsestlyonnais.fr\/site\/#website\",\"url\":\"https:\/\/newsestlyonnais.fr\/site\/\",\"name\":\"News Est Lyonnais\",\"description\":\"L&#039;actualit\u00e9 au plus pr\u00e8s\",\"publisher\":{\"@id\":\"https:\/\/newsestlyonnais.fr\/site\/#organization\"},\"potentialAction\":[{\"@type\":\"SearchAction\",\"target\":{\"@type\":\"EntryPoint\",\"urlTemplate\":\"https:\/\/newsestlyonnais.fr\/site\/?s={search_term_string}\"},\"query-input\":{\"@type\":\"PropertyValueSpecification\",\"valueRequired\":true,\"valueName\":\"search_term_string\"}}],\"inLanguage\":\"fr-FR\"},{\"@type\":\"Organization\",\"@id\":\"https:\/\/newsestlyonnais.fr\/site\/#organization\",\"name\":\"News EST LYONNAIS\",\"url\":\"https:\/\/newsestlyonnais.fr\/site\/\",\"logo\":{\"@type\":\"ImageObject\",\"inLanguage\":\"fr-FR\",\"@id\":\"https:\/\/newsestlyonnais.fr\/site\/#\/schema\/logo\/image\/\",\"url\":\"\",\"contentUrl\":\"\",\"caption\":\"News EST LYONNAIS\"},\"image\":{\"@id\":\"https:\/\/newsestlyonnais.fr\/site\/#\/schema\/logo\/image\/\"}},{\"@type\":\"Person\",\"@id\":\"https:\/\/newsestlyonnais.fr\/site\/#\/schema\/person\/3230d5615f390bb808365d673001e887\",\"name\":\"R\u00e9dac. NEWS\",\"sameAs\":[\"http:\/\/www.newsestlyonnais.fr\",\"https:\/\/www.facebook.com\/pascal.oberson.1?fref=ts\",\"https:\/\/fr.linkedin.com\/in\/pascal-oberson-b17045113\"],\"url\":\"https:\/\/newsestlyonnais.fr\/site\/author\/nel\/\"}]}<\/script>\n<!-- \/ Yoast SEO plugin. -->","yoast_head_json":{"title":"1 jour, 1 association | Le Judo Club de l'Est Lyonnais - News Est Lyonnais","description":"1 jour, 1 association | Le Judo Club de l'Est Lyonnais","robots":{"index":"index","follow":"follow","max-snippet":"max-snippet:-1","max-image-preview":"max-image-preview:large","max-video-preview":"max-video-preview:-1"},"canonical":"https:\/\/newsestlyonnais.fr\/site\/2020\/12\/07\/1-jour-1-association-le-judo-club-de-lest-lyonnais\/","og_locale":"fr_FR","og_type":"article","og_title":"1 jour, 1 association | Le Judo Club de l'Est Lyonnais - News Est Lyonnais","og_description":"1 jour, 1 association | Le Judo Club de l'Est Lyonnais","og_url":"https:\/\/newsestlyonnais.fr\/site\/2020\/12\/07\/1-jour-1-association-le-judo-club-de-lest-lyonnais\/","og_site_name":"News Est Lyonnais","article_author":"https:\/\/www.facebook.com\/pascal.oberson.1?fref=ts","article_published_time":"2020-12-07T05:07:01+00:00","article_modified_time":"2020-12-08T04:42:21+00:00","og_image":[{"width":1200,"height":900,"url":"https:\/\/i1.wp.com\/newsestlyonnais.fr\/site\/wp-content\/uploads\/2020\/12\/IMG_20200928_182409.jpg?fit=1200%2C900&ssl=1","type":"image\/jpeg"}],"author":"R\u00e9dac. NEWS","twitter_card":"summary_large_image","twitter_misc":{"\u00c9crit par":"R\u00e9dac. NEWS","Dur\u00e9e de lecture estim\u00e9e":"6 minutes"},"schema":{"@context":"https:\/\/schema.org","@graph":[{"@type":"Article","@id":"https:\/\/newsestlyonnais.fr\/site\/2020\/12\/07\/1-jour-1-association-le-judo-club-de-lest-lyonnais\/#article","isPartOf":{"@id":"https:\/\/newsestlyonnais.fr\/site\/2020\/12\/07\/1-jour-1-association-le-judo-club-de-lest-lyonnais\/"},"author":{"name":"R\u00e9dac. NEWS","@id":"https:\/\/newsestlyonnais.fr\/site\/#\/schema\/person\/3230d5615f390bb808365d673001e887"},"headline":"1 jour, 1 association | Le Judo Club de l&rsquo;Est Lyonnais","datePublished":"2020-12-07T05:07:01+00:00","dateModified":"2020-12-08T04:42:21+00:00","mainEntityOfPage":{"@id":"https:\/\/newsestlyonnais.fr\/site\/2020\/12\/07\/1-jour-1-association-le-judo-club-de-lest-lyonnais\/"},"wordCount":1253,"commentCount":0,"publisher":{"@id":"https:\/\/newsestlyonnais.fr\/site\/#organization"},"image":{"@id":"https:\/\/newsestlyonnais.fr\/site\/2020\/12\/07\/1-jour-1-association-le-judo-club-de-lest-lyonnais\/#primaryimage"},"thumbnailUrl":"https:\/\/newsestlyonnais.fr\/site\/wp-content\/uploads\/2020\/12\/IMG_20200928_182409.jpg","keywords":["JUDO","JUDO CLUB EST LYONNAIS"],"articleSection":["1 jour, 1 association","Is\u00e8re (38)","Jonage","Judo","Judo| Karat\u00e9| Taekwondo","Meyzieu","Villeurbanne"],"inLanguage":"fr-FR","potentialAction":[{"@type":"CommentAction","name":"Comment","target":["https:\/\/newsestlyonnais.fr\/site\/2020\/12\/07\/1-jour-1-association-le-judo-club-de-lest-lyonnais\/#respond"]}]},{"@type":"WebPage","@id":"https:\/\/newsestlyonnais.fr\/site\/2020\/12\/07\/1-jour-1-association-le-judo-club-de-lest-lyonnais\/","url":"https:\/\/newsestlyonnais.fr\/site\/2020\/12\/07\/1-jour-1-association-le-judo-club-de-lest-lyonnais\/","name":"1 jour, 1 association | Le Judo Club de l'Est Lyonnais - News Est Lyonnais","isPartOf":{"@id":"https:\/\/newsestlyonnais.fr\/site\/#website"},"primaryImageOfPage":{"@id":"https:\/\/newsestlyonnais.fr\/site\/2020\/12\/07\/1-jour-1-association-le-judo-club-de-lest-lyonnais\/#primaryimage"},"image":{"@id":"https:\/\/newsestlyonnais.fr\/site\/2020\/12\/07\/1-jour-1-association-le-judo-club-de-lest-lyonnais\/#primaryimage"},"thumbnailUrl":"https:\/\/newsestlyonnais.fr\/site\/wp-content\/uploads\/2020\/12\/IMG_20200928_182409.jpg","datePublished":"2020-12-07T05:07:01+00:00","dateModified":"2020-12-08T04:42:21+00:00","description":"1 jour, 1 association | Le Judo Club de l'Est Lyonnais","breadcrumb":{"@id":"https:\/\/newsestlyonnais.fr\/site\/2020\/12\/07\/1-jour-1-association-le-judo-club-de-lest-lyonnais\/#breadcrumb"},"inLanguage":"fr-FR","potentialAction":[{"@type":"ReadAction","target":["https:\/\/newsestlyonnais.fr\/site\/2020\/12\/07\/1-jour-1-association-le-judo-club-de-lest-lyonnais\/"]}]},{"@type":"ImageObject","inLanguage":"fr-FR","@id":"https:\/\/newsestlyonnais.fr\/site\/2020\/12\/07\/1-jour-1-association-le-judo-club-de-lest-lyonnais\/#primaryimage","url":"https:\/\/newsestlyonnais.fr\/site\/wp-content\/uploads\/2020\/12\/IMG_20200928_182409.jpg","contentUrl":"https:\/\/newsestlyonnais.fr\/site\/wp-content\/uploads\/2020\/12\/IMG_20200928_182409.jpg","width":1200,"height":900},{"@type":"BreadcrumbList","@id":"https:\/\/newsestlyonnais.fr\/site\/2020\/12\/07\/1-jour-1-association-le-judo-club-de-lest-lyonnais\/#breadcrumb","itemListElement":[{"@type":"ListItem","position":1,"name":"Accueil","item":"https:\/\/newsestlyonnais.fr\/site\/"},{"@type":"ListItem","position":2,"name":"1 jour, 1 association | Le Judo Club de l&rsquo;Est Lyonnais"}]},{"@type":"WebSite","@id":"https:\/\/newsestlyonnais.fr\/site\/#website","url":"https:\/\/newsestlyonnais.fr\/site\/","name":"News Est Lyonnais","description":"L&#039;actualit\u00e9 au plus pr\u00e8s","publisher":{"@id":"https:\/\/newsestlyonnais.fr\/site\/#organization"},"potentialAction":[{"@type":"SearchAction","target":{"@type":"EntryPoint","urlTemplate":"https:\/\/newsestlyonnais.fr\/site\/?s={search_term_string}"},"query-input":{"@type":"PropertyValueSpecification","valueRequired":true,"valueName":"search_term_string"}}],"inLanguage":"fr-FR"},{"@type":"Organization","@id":"https:\/\/newsestlyonnais.fr\/site\/#organization","name":"News EST LYONNAIS","url":"https:\/\/newsestlyonnais.fr\/site\/","logo":{"@type":"ImageObject","inLanguage":"fr-FR","@id":"https:\/\/newsestlyonnais.fr\/site\/#\/schema\/logo\/image\/","url":"","contentUrl":"","caption":"News EST LYONNAIS"},"image":{"@id":"https:\/\/newsestlyonnais.fr\/site\/#\/schema\/logo\/image\/"}},{"@type":"Person","@id":"https:\/\/newsestlyonnais.fr\/site\/#\/schema\/person\/3230d5615f390bb808365d673001e887","name":"R\u00e9dac. NEWS","sameAs":["http:\/\/www.newsestlyonnais.fr","https:\/\/www.facebook.com\/pascal.oberson.1?fref=ts","https:\/\/fr.linkedin.com\/in\/pascal-oberson-b17045113"],"url":"https:\/\/newsestlyonnais.fr\/site\/author\/nel\/"}]}},"_links":{"self":[{"href":"https:\/\/newsestlyonnais.fr\/site\/wp-json\/wp\/v2\/posts\/119325","targetHints":{"allow":["GET"]}}],"collection":[{"href":"https:\/\/newsestlyonnais.fr\/site\/wp-json\/wp\/v2\/posts"}],"about":[{"href":"https:\/\/newsestlyonnais.fr\/site\/wp-json\/wp\/v2\/types\/post"}],"author":[{"embeddable":true,"href":"https:\/\/newsestlyonnais.fr\/site\/wp-json\/wp\/v2\/users\/4"}],"replies":[{"embeddable":true,"href":"https:\/\/newsestlyonnais.fr\/site\/wp-json\/wp\/v2\/comments?post=119325"}],"version-history":[{"count":0,"href":"https:\/\/newsestlyonnais.fr\/site\/wp-json\/wp\/v2\/posts\/119325\/revisions"}],"wp:featuredmedia":[{"embeddable":true,"href":"https:\/\/newsestlyonnais.fr\/site\/wp-json\/wp\/v2\/media\/119347"}],"wp:attachment":[{"href":"https:\/\/newsestlyonnais.fr\/site\/wp-json\/wp\/v2\/media?parent=119325"}],"wp:term":[{"taxonomy":"category","embeddable":true,"href":"https:\/\/newsestlyonnais.fr\/site\/wp-json\/wp\/v2\/categories?post=119325"},{"taxonomy":"post_tag","embeddable":true,"href":"https:\/\/newsestlyonnais.fr\/site\/wp-json\/wp\/v2\/tags?post=119325"}],"curies":[{"name":"wp","href":"https:\/\/api.w.org\/{rel}","templated":true}]}}