{"id":119440,"date":"2020-12-08T06:21:07","date_gmt":"2020-12-08T05:21:07","guid":{"rendered":"http:\/\/newsestlyonnais.fr\/site\/?p=119440"},"modified":"2020-12-08T06:21:07","modified_gmt":"2020-12-08T05:21:07","slug":"genas-programme-des-activites-jeunesse-pour-la-fin-2020","status":"publish","type":"post","link":"https:\/\/newsestlyonnais.fr\/site\/2020\/12\/08\/genas-programme-des-activites-jeunesse-pour-la-fin-2020\/","title":{"rendered":"GENAS | Programme des activit\u00e9s jeunesse pour la fin 2020"},"content":{"rendered":"<p><em><strong><span style=\"text-decoration: underline;\">TU AS ENTRE 11 ET 17 ANS<\/span> ?<\/strong><\/em><\/p>\n<p>Tu souhaites profiter des activit\u00e9s, sorties ou stages propos\u00e9s par le secteur jeunesse de la Ville ?<br \/>\n<strong>D\u00e9couvre le programme concoct\u00e9 pour les vacances du 21 au 24 d\u00e9cembre 2020<\/strong> !<br \/>\nPetit + : tu peux aussi construire toi-m\u00eame le programme tout au long des vacances avec l\u2019aide de l\u2019\u00e9quipe d\u2019animation !<\/p>\n<hr \/>\n<p><span style=\"text-decoration: underline;\"><strong>ACCUEIL PR\u00c9-ADOS &#8211; 11-13 ANS<\/strong><\/span><\/p>\n<p><strong>Sur inscription &#8211; Nombre de places limit\u00e9<\/strong> &#8211; Participation financi\u00e8re annuelle demand\u00e9e. Tarif d\u00e9gressif en fonction du quotient familial.<br \/>\n14 h &#8211; 17 h 30, complexe sportif Marcel Gonzales, salle n\u00b01. (possibilit\u00e9 d\u2019arriver et de partir \u00e0 des horaires diff\u00e9rents en pr\u00e9venant les animateurs).<\/p>\n<p><strong>\u00c0 disposition<\/strong> : tennis de table, baby-foot, livres, jeux de soci\u00e9t\u00e9, jeux vid\u00e9o\u2026<br \/>\n<strong>Activit\u00e9s propos\u00e9es<\/strong> : loisirs cr\u00e9atifs, p\u00e2tisserie, sports (hand, foot, basket, badminton\u2026).<br \/>\nFermeture de l\u2019accueil pr\u00e9-ado \u00e0 16 h 30 le jeudi 24 d\u00e9cembre<\/p>\n<hr \/>\n<p><span style=\"text-decoration: underline;\"><em><strong>ACCUEIL JEUNESSE &#8211; PLUS DE 14 ANS<\/strong><\/em><\/span><\/p>\n<p><strong>Acc\u00e8s libre et gratuit<\/strong>. 14 h &#8211; 17 h 30, complexe sportif Marcel Gonzal\u00e8s, salle n\u00b02.<br \/>\n\u00c0 disposition : tennis de table, baby-foot, livres, connexion Internet, jeux de soci\u00e9t\u00e9, jeux vid\u00e9o, animations sportives, manuelles, d\u2019expression\u2026<br \/>\n<strong>Animation sur place<\/strong> par une \u00e9quipe d\u2019encadrement. Fermeture de l\u2019accueil jeunesse \u00e0 16 h 30, le jeudi 24 d\u00e9cembre<\/p>\n<hr \/>\n<p><span style=\"text-decoration: underline;\"><strong><em>ACTIVIT\u00c9S, SORTIES ET STAGES &#8211; 11-17 ANS<\/em><\/strong><\/span><\/p>\n<p><strong>Programm\u00e9es \u00e0 l\u2019avance<\/strong> par l\u2019\u00e9quipe d\u2019animation. Rdv pour les activit\u00e9s : complexe sportif Marcel Gonzal\u00e8s &#8211; Hall d\u2019entr\u00e9e.<\/p>\n<hr \/>\n<p><em><strong><span style=\"font-size: 14pt;\">&gt; <span style=\"text-decoration: underline;\">INFORMATION COVID-19<\/span><\/span> <\/strong><\/em><\/p>\n<ul>\n<li>Le port du masque est obligatoire pour toutes les activit\u00e9s durant les temps d\u2019ouverture.<\/li>\n<li>Les parents ne sont pas autoris\u00e9s \u00e0 rentrer dans l\u2019enceinte de l\u2019\u00e9tablissement.<\/li>\n<\/ul>\n<hr \/>\n<div class=\"WordSection1\">\n<p class=\"xxmsonormal\"><span style=\"line-height: 120%; font-family: georgia, palatino, serif; font-size: 12pt;\"><span style=\"text-decoration: underline;\"><em><strong>D\u00e9marrage des inscriptions<\/strong><\/em><\/span> :<\/span><\/p>\n<ul>\n<li><strong>M<\/strong><span style=\"line-height: 120%; font-family: georgia, palatino, serif; font-size: 12pt;\"><strong>ercredi 9 d\u00e9cembre \u00e0 12 h<\/strong>, sur le portail famille <strong>pour les Genassiens<\/strong>. <\/span><span style=\"line-height: 120%; font-family: georgia, palatino, serif; font-size: 12pt;\">Possibilit\u00e9 de s\u2019inscrire au guichet unique \u00e0 partir de 13 h, uniquement sur rdv. <\/span><\/li>\n<li><strong>Samedi 12 d\u00e9cembre au guichet unique, sur prise de rdv <\/strong><span style=\"line-height: 120%; font-family: georgia, palatino, serif; font-size: 12pt;\">pour les non-genassiens<\/span><\/li>\n<\/ul>\n<hr \/>\n<p><strong>Secteur Jeunesse \/ <\/strong>Direction Politique \u00c9ducative Locale \/ T\u00e9l. 04 72 47 11 28 \/ La Maison Daniel Quantin \u2013 14 rue R\u00e9aux &#8211; Genas<\/p>\n<\/div>\n","protected":false},"excerpt":{"rendered":"<p>Le Secteur Jeunesse de la Direction Politique \u00c9ducative Locale l&rsquo;a officiellement d\u00e9voil\u00e9.<\/p>\n","protected":false},"author":4,"featured_media":118591,"comment_status":"open","ping_status":"open","sticky":false,"template":"","format":"standard","meta":{"footnotes":""},"categories":[2217,270,171,1598],"tags":[2554,2005,2037],"class_list":["post-119440","post","type-post","status-publish","format-standard","has-post-thumbnail","hentry","category-breves-de-lest-lyonnais","category-cte-de-communes-c-c-e-l","category-enfance-jeunesse","category-genas","tag-activites","tag-genas","tag-jeunesse"],"yoast_head":"<!-- This site is optimized with the Yoast SEO plugin v27.2 - https:\/\/yoast.com\/product\/yoast-seo-wordpress\/ -->\n<title>GENAS | Programme des activit\u00e9s jeunesse pour la fin 2020 - News Est Lyonnais<\/title>\n<meta name=\"description\" content=\"GENAS | Programme des activit\u00e9s jeunesse pour la fin 2020\" \/>\n<meta name=\"robots\" content=\"index, follow, max-snippet:-1, max-image-preview:large, max-video-preview:-1\" \/>\n<link rel=\"canonical\" href=\"https:\/\/newsestlyonnais.fr\/site\/2020\/12\/08\/genas-programme-des-activites-jeunesse-pour-la-fin-2020\/\" \/>\n<meta property=\"og:locale\" content=\"fr_FR\" \/>\n<meta property=\"og:type\" content=\"article\" \/>\n<meta property=\"og:title\" content=\"GENAS | Programme des activit\u00e9s jeunesse pour la fin 2020 - News Est Lyonnais\" \/>\n<meta property=\"og:description\" content=\"GENAS | Programme des activit\u00e9s jeunesse pour la fin 2020\" \/>\n<meta property=\"og:url\" content=\"https:\/\/newsestlyonnais.fr\/site\/2020\/12\/08\/genas-programme-des-activites-jeunesse-pour-la-fin-2020\/\" \/>\n<meta property=\"og:site_name\" content=\"News Est Lyonnais\" \/>\n<meta property=\"article:author\" content=\"https:\/\/www.facebook.com\/pascal.oberson.1?fref=ts\" \/>\n<meta property=\"article:published_time\" content=\"2020-12-08T05:21:07+00:00\" \/>\n<meta property=\"og:image\" content=\"https:\/\/i1.wp.com\/newsestlyonnais.fr\/site\/wp-content\/uploads\/2020\/11\/NEWSESTLYONNAIS-HV-GENAS.jpg?fit=445%2C250&ssl=1\" \/>\n\t<meta property=\"og:image:width\" content=\"445\" \/>\n\t<meta property=\"og:image:height\" content=\"250\" \/>\n\t<meta property=\"og:image:type\" content=\"image\/jpeg\" \/>\n<meta name=\"author\" content=\"R\u00e9dac. NEWS\" \/>\n<meta name=\"twitter:card\" content=\"summary_large_image\" \/>\n<meta name=\"twitter:label1\" content=\"\u00c9crit par\" \/>\n\t<meta name=\"twitter:data1\" content=\"R\u00e9dac. NEWS\" \/>\n\t<meta name=\"twitter:label2\" content=\"Dur\u00e9e de lecture estim\u00e9e\" \/>\n\t<meta name=\"twitter:data2\" content=\"2 minutes\" \/>\n<script type=\"application\/ld+json\" class=\"yoast-schema-graph\">{\"@context\":\"https:\/\/schema.org\",\"@graph\":[{\"@type\":\"Article\",\"@id\":\"https:\/\/newsestlyonnais.fr\/site\/2020\/12\/08\/genas-programme-des-activites-jeunesse-pour-la-fin-2020\/#article\",\"isPartOf\":{\"@id\":\"https:\/\/newsestlyonnais.fr\/site\/2020\/12\/08\/genas-programme-des-activites-jeunesse-pour-la-fin-2020\/\"},\"author\":{\"name\":\"R\u00e9dac. NEWS\",\"@id\":\"https:\/\/newsestlyonnais.fr\/site\/#\/schema\/person\/3230d5615f390bb808365d673001e887\"},\"headline\":\"GENAS | Programme des activit\u00e9s jeunesse pour la fin 2020\",\"datePublished\":\"2020-12-08T05:21:07+00:00\",\"mainEntityOfPage\":{\"@id\":\"https:\/\/newsestlyonnais.fr\/site\/2020\/12\/08\/genas-programme-des-activites-jeunesse-pour-la-fin-2020\/\"},\"wordCount\":339,\"commentCount\":0,\"publisher\":{\"@id\":\"https:\/\/newsestlyonnais.fr\/site\/#organization\"},\"image\":{\"@id\":\"https:\/\/newsestlyonnais.fr\/site\/2020\/12\/08\/genas-programme-des-activites-jeunesse-pour-la-fin-2020\/#primaryimage\"},\"thumbnailUrl\":\"https:\/\/newsestlyonnais.fr\/site\/wp-content\/uploads\/2020\/11\/NEWSESTLYONNAIS-HV-GENAS.jpg\",\"keywords\":[\"ACTIVITES\",\"GENAS\",\"JEUNESSE\"],\"articleSection\":[\"Br\u00e8ves de l'Est lyonnais\",\"CCEL | Communes\",\"Enfance | Jeunesse\",\"Genas\"],\"inLanguage\":\"fr-FR\",\"potentialAction\":[{\"@type\":\"CommentAction\",\"name\":\"Comment\",\"target\":[\"https:\/\/newsestlyonnais.fr\/site\/2020\/12\/08\/genas-programme-des-activites-jeunesse-pour-la-fin-2020\/#respond\"]}]},{\"@type\":\"WebPage\",\"@id\":\"https:\/\/newsestlyonnais.fr\/site\/2020\/12\/08\/genas-programme-des-activites-jeunesse-pour-la-fin-2020\/\",\"url\":\"https:\/\/newsestlyonnais.fr\/site\/2020\/12\/08\/genas-programme-des-activites-jeunesse-pour-la-fin-2020\/\",\"name\":\"GENAS | Programme des activit\u00e9s jeunesse pour la fin 2020 - News Est Lyonnais\",\"isPartOf\":{\"@id\":\"https:\/\/newsestlyonnais.fr\/site\/#website\"},\"primaryImageOfPage\":{\"@id\":\"https:\/\/newsestlyonnais.fr\/site\/2020\/12\/08\/genas-programme-des-activites-jeunesse-pour-la-fin-2020\/#primaryimage\"},\"image\":{\"@id\":\"https:\/\/newsestlyonnais.fr\/site\/2020\/12\/08\/genas-programme-des-activites-jeunesse-pour-la-fin-2020\/#primaryimage\"},\"thumbnailUrl\":\"https:\/\/newsestlyonnais.fr\/site\/wp-content\/uploads\/2020\/11\/NEWSESTLYONNAIS-HV-GENAS.jpg\",\"datePublished\":\"2020-12-08T05:21:07+00:00\",\"description\":\"GENAS | Programme des activit\u00e9s jeunesse pour la fin 2020\",\"breadcrumb\":{\"@id\":\"https:\/\/newsestlyonnais.fr\/site\/2020\/12\/08\/genas-programme-des-activites-jeunesse-pour-la-fin-2020\/#breadcrumb\"},\"inLanguage\":\"fr-FR\",\"potentialAction\":[{\"@type\":\"ReadAction\",\"target\":[\"https:\/\/newsestlyonnais.fr\/site\/2020\/12\/08\/genas-programme-des-activites-jeunesse-pour-la-fin-2020\/\"]}]},{\"@type\":\"ImageObject\",\"inLanguage\":\"fr-FR\",\"@id\":\"https:\/\/newsestlyonnais.fr\/site\/2020\/12\/08\/genas-programme-des-activites-jeunesse-pour-la-fin-2020\/#primaryimage\",\"url\":\"https:\/\/newsestlyonnais.fr\/site\/wp-content\/uploads\/2020\/11\/NEWSESTLYONNAIS-HV-GENAS.jpg\",\"contentUrl\":\"https:\/\/newsestlyonnais.fr\/site\/wp-content\/uploads\/2020\/11\/NEWSESTLYONNAIS-HV-GENAS.jpg\",\"width\":445,\"height\":250},{\"@type\":\"BreadcrumbList\",\"@id\":\"https:\/\/newsestlyonnais.fr\/site\/2020\/12\/08\/genas-programme-des-activites-jeunesse-pour-la-fin-2020\/#breadcrumb\",\"itemListElement\":[{\"@type\":\"ListItem\",\"position\":1,\"name\":\"Accueil\",\"item\":\"https:\/\/newsestlyonnais.fr\/site\/\"},{\"@type\":\"ListItem\",\"position\":2,\"name\":\"GENAS | Programme des activit\u00e9s jeunesse pour la fin 2020\"}]},{\"@type\":\"WebSite\",\"@id\":\"https:\/\/newsestlyonnais.fr\/site\/#website\",\"url\":\"https:\/\/newsestlyonnais.fr\/site\/\",\"name\":\"News Est Lyonnais\",\"description\":\"L&#039;actualit\u00e9 au plus pr\u00e8s\",\"publisher\":{\"@id\":\"https:\/\/newsestlyonnais.fr\/site\/#organization\"},\"potentialAction\":[{\"@type\":\"SearchAction\",\"target\":{\"@type\":\"EntryPoint\",\"urlTemplate\":\"https:\/\/newsestlyonnais.fr\/site\/?s={search_term_string}\"},\"query-input\":{\"@type\":\"PropertyValueSpecification\",\"valueRequired\":true,\"valueName\":\"search_term_string\"}}],\"inLanguage\":\"fr-FR\"},{\"@type\":\"Organization\",\"@id\":\"https:\/\/newsestlyonnais.fr\/site\/#organization\",\"name\":\"News EST LYONNAIS\",\"url\":\"https:\/\/newsestlyonnais.fr\/site\/\",\"logo\":{\"@type\":\"ImageObject\",\"inLanguage\":\"fr-FR\",\"@id\":\"https:\/\/newsestlyonnais.fr\/site\/#\/schema\/logo\/image\/\",\"url\":\"\",\"contentUrl\":\"\",\"caption\":\"News EST LYONNAIS\"},\"image\":{\"@id\":\"https:\/\/newsestlyonnais.fr\/site\/#\/schema\/logo\/image\/\"}},{\"@type\":\"Person\",\"@id\":\"https:\/\/newsestlyonnais.fr\/site\/#\/schema\/person\/3230d5615f390bb808365d673001e887\",\"name\":\"R\u00e9dac. NEWS\",\"sameAs\":[\"http:\/\/www.newsestlyonnais.fr\",\"https:\/\/www.facebook.com\/pascal.oberson.1?fref=ts\",\"https:\/\/fr.linkedin.com\/in\/pascal-oberson-b17045113\"],\"url\":\"https:\/\/newsestlyonnais.fr\/site\/author\/nel\/\"}]}<\/script>\n<!-- \/ Yoast SEO plugin. -->","yoast_head_json":{"title":"GENAS | Programme des activit\u00e9s jeunesse pour la fin 2020 - News Est Lyonnais","description":"GENAS | Programme des activit\u00e9s jeunesse pour la fin 2020","robots":{"index":"index","follow":"follow","max-snippet":"max-snippet:-1","max-image-preview":"max-image-preview:large","max-video-preview":"max-video-preview:-1"},"canonical":"https:\/\/newsestlyonnais.fr\/site\/2020\/12\/08\/genas-programme-des-activites-jeunesse-pour-la-fin-2020\/","og_locale":"fr_FR","og_type":"article","og_title":"GENAS | Programme des activit\u00e9s jeunesse pour la fin 2020 - News Est Lyonnais","og_description":"GENAS | Programme des activit\u00e9s jeunesse pour la fin 2020","og_url":"https:\/\/newsestlyonnais.fr\/site\/2020\/12\/08\/genas-programme-des-activites-jeunesse-pour-la-fin-2020\/","og_site_name":"News Est Lyonnais","article_author":"https:\/\/www.facebook.com\/pascal.oberson.1?fref=ts","article_published_time":"2020-12-08T05:21:07+00:00","og_image":[{"width":445,"height":250,"url":"https:\/\/i1.wp.com\/newsestlyonnais.fr\/site\/wp-content\/uploads\/2020\/11\/NEWSESTLYONNAIS-HV-GENAS.jpg?fit=445%2C250&ssl=1","type":"image\/jpeg"}],"author":"R\u00e9dac. NEWS","twitter_card":"summary_large_image","twitter_misc":{"\u00c9crit par":"R\u00e9dac. NEWS","Dur\u00e9e de lecture estim\u00e9e":"2 minutes"},"schema":{"@context":"https:\/\/schema.org","@graph":[{"@type":"Article","@id":"https:\/\/newsestlyonnais.fr\/site\/2020\/12\/08\/genas-programme-des-activites-jeunesse-pour-la-fin-2020\/#article","isPartOf":{"@id":"https:\/\/newsestlyonnais.fr\/site\/2020\/12\/08\/genas-programme-des-activites-jeunesse-pour-la-fin-2020\/"},"author":{"name":"R\u00e9dac. NEWS","@id":"https:\/\/newsestlyonnais.fr\/site\/#\/schema\/person\/3230d5615f390bb808365d673001e887"},"headline":"GENAS | Programme des activit\u00e9s jeunesse pour la fin 2020","datePublished":"2020-12-08T05:21:07+00:00","mainEntityOfPage":{"@id":"https:\/\/newsestlyonnais.fr\/site\/2020\/12\/08\/genas-programme-des-activites-jeunesse-pour-la-fin-2020\/"},"wordCount":339,"commentCount":0,"publisher":{"@id":"https:\/\/newsestlyonnais.fr\/site\/#organization"},"image":{"@id":"https:\/\/newsestlyonnais.fr\/site\/2020\/12\/08\/genas-programme-des-activites-jeunesse-pour-la-fin-2020\/#primaryimage"},"thumbnailUrl":"https:\/\/newsestlyonnais.fr\/site\/wp-content\/uploads\/2020\/11\/NEWSESTLYONNAIS-HV-GENAS.jpg","keywords":["ACTIVITES","GENAS","JEUNESSE"],"articleSection":["Br\u00e8ves de l'Est lyonnais","CCEL | Communes","Enfance | Jeunesse","Genas"],"inLanguage":"fr-FR","potentialAction":[{"@type":"CommentAction","name":"Comment","target":["https:\/\/newsestlyonnais.fr\/site\/2020\/12\/08\/genas-programme-des-activites-jeunesse-pour-la-fin-2020\/#respond"]}]},{"@type":"WebPage","@id":"https:\/\/newsestlyonnais.fr\/site\/2020\/12\/08\/genas-programme-des-activites-jeunesse-pour-la-fin-2020\/","url":"https:\/\/newsestlyonnais.fr\/site\/2020\/12\/08\/genas-programme-des-activites-jeunesse-pour-la-fin-2020\/","name":"GENAS | Programme des activit\u00e9s jeunesse pour la fin 2020 - News Est Lyonnais","isPartOf":{"@id":"https:\/\/newsestlyonnais.fr\/site\/#website"},"primaryImageOfPage":{"@id":"https:\/\/newsestlyonnais.fr\/site\/2020\/12\/08\/genas-programme-des-activites-jeunesse-pour-la-fin-2020\/#primaryimage"},"image":{"@id":"https:\/\/newsestlyonnais.fr\/site\/2020\/12\/08\/genas-programme-des-activites-jeunesse-pour-la-fin-2020\/#primaryimage"},"thumbnailUrl":"https:\/\/newsestlyonnais.fr\/site\/wp-content\/uploads\/2020\/11\/NEWSESTLYONNAIS-HV-GENAS.jpg","datePublished":"2020-12-08T05:21:07+00:00","description":"GENAS | Programme des activit\u00e9s jeunesse pour la fin 2020","breadcrumb":{"@id":"https:\/\/newsestlyonnais.fr\/site\/2020\/12\/08\/genas-programme-des-activites-jeunesse-pour-la-fin-2020\/#breadcrumb"},"inLanguage":"fr-FR","potentialAction":[{"@type":"ReadAction","target":["https:\/\/newsestlyonnais.fr\/site\/2020\/12\/08\/genas-programme-des-activites-jeunesse-pour-la-fin-2020\/"]}]},{"@type":"ImageObject","inLanguage":"fr-FR","@id":"https:\/\/newsestlyonnais.fr\/site\/2020\/12\/08\/genas-programme-des-activites-jeunesse-pour-la-fin-2020\/#primaryimage","url":"https:\/\/newsestlyonnais.fr\/site\/wp-content\/uploads\/2020\/11\/NEWSESTLYONNAIS-HV-GENAS.jpg","contentUrl":"https:\/\/newsestlyonnais.fr\/site\/wp-content\/uploads\/2020\/11\/NEWSESTLYONNAIS-HV-GENAS.jpg","width":445,"height":250},{"@type":"BreadcrumbList","@id":"https:\/\/newsestlyonnais.fr\/site\/2020\/12\/08\/genas-programme-des-activites-jeunesse-pour-la-fin-2020\/#breadcrumb","itemListElement":[{"@type":"ListItem","position":1,"name":"Accueil","item":"https:\/\/newsestlyonnais.fr\/site\/"},{"@type":"ListItem","position":2,"name":"GENAS | Programme des activit\u00e9s jeunesse pour la fin 2020"}]},{"@type":"WebSite","@id":"https:\/\/newsestlyonnais.fr\/site\/#website","url":"https:\/\/newsestlyonnais.fr\/site\/","name":"News Est Lyonnais","description":"L&#039;actualit\u00e9 au plus pr\u00e8s","publisher":{"@id":"https:\/\/newsestlyonnais.fr\/site\/#organization"},"potentialAction":[{"@type":"SearchAction","target":{"@type":"EntryPoint","urlTemplate":"https:\/\/newsestlyonnais.fr\/site\/?s={search_term_string}"},"query-input":{"@type":"PropertyValueSpecification","valueRequired":true,"valueName":"search_term_string"}}],"inLanguage":"fr-FR"},{"@type":"Organization","@id":"https:\/\/newsestlyonnais.fr\/site\/#organization","name":"News EST LYONNAIS","url":"https:\/\/newsestlyonnais.fr\/site\/","logo":{"@type":"ImageObject","inLanguage":"fr-FR","@id":"https:\/\/newsestlyonnais.fr\/site\/#\/schema\/logo\/image\/","url":"","contentUrl":"","caption":"News EST LYONNAIS"},"image":{"@id":"https:\/\/newsestlyonnais.fr\/site\/#\/schema\/logo\/image\/"}},{"@type":"Person","@id":"https:\/\/newsestlyonnais.fr\/site\/#\/schema\/person\/3230d5615f390bb808365d673001e887","name":"R\u00e9dac. NEWS","sameAs":["http:\/\/www.newsestlyonnais.fr","https:\/\/www.facebook.com\/pascal.oberson.1?fref=ts","https:\/\/fr.linkedin.com\/in\/pascal-oberson-b17045113"],"url":"https:\/\/newsestlyonnais.fr\/site\/author\/nel\/"}]}},"_links":{"self":[{"href":"https:\/\/newsestlyonnais.fr\/site\/wp-json\/wp\/v2\/posts\/119440","targetHints":{"allow":["GET"]}}],"collection":[{"href":"https:\/\/newsestlyonnais.fr\/site\/wp-json\/wp\/v2\/posts"}],"about":[{"href":"https:\/\/newsestlyonnais.fr\/site\/wp-json\/wp\/v2\/types\/post"}],"author":[{"embeddable":true,"href":"https:\/\/newsestlyonnais.fr\/site\/wp-json\/wp\/v2\/users\/4"}],"replies":[{"embeddable":true,"href":"https:\/\/newsestlyonnais.fr\/site\/wp-json\/wp\/v2\/comments?post=119440"}],"version-history":[{"count":0,"href":"https:\/\/newsestlyonnais.fr\/site\/wp-json\/wp\/v2\/posts\/119440\/revisions"}],"wp:featuredmedia":[{"embeddable":true,"href":"https:\/\/newsestlyonnais.fr\/site\/wp-json\/wp\/v2\/media\/118591"}],"wp:attachment":[{"href":"https:\/\/newsestlyonnais.fr\/site\/wp-json\/wp\/v2\/media?parent=119440"}],"wp:term":[{"taxonomy":"category","embeddable":true,"href":"https:\/\/newsestlyonnais.fr\/site\/wp-json\/wp\/v2\/categories?post=119440"},{"taxonomy":"post_tag","embeddable":true,"href":"https:\/\/newsestlyonnais.fr\/site\/wp-json\/wp\/v2\/tags?post=119440"}],"curies":[{"name":"wp","href":"https:\/\/api.w.org\/{rel}","templated":true}]}}