{"id":119604,"date":"2020-12-11T07:12:39","date_gmt":"2020-12-11T06:12:39","guid":{"rendered":"http:\/\/newsestlyonnais.fr\/site\/?p=119604"},"modified":"2020-12-11T07:12:39","modified_gmt":"2020-12-11T06:12:39","slug":"meyzieu-en-decembre-la-ville-sillumine","status":"publish","type":"post","link":"https:\/\/newsestlyonnais.fr\/site\/2020\/12\/11\/meyzieu-en-decembre-la-ville-sillumine\/","title":{"rendered":"MEYZIEU | En d\u00e9cembre, la ville s&rsquo;illumine"},"content":{"rendered":"<p>Le temps est venu de pr\u00e9parer les d\u00e9corations qui d\u00e9ferlent \u00e0 Meyzieu en d\u00e9cembre. Et comme pour la confection des cadeaux qui garniront les pieds des sapins, un important travail est r\u00e9alis\u00e9 en amont par les agents des services techniques majolans.<\/p>\n<hr \/>\n<p><em><strong><span style=\"text-decoration: underline;\">Tourbillon de d\u00e9corations<\/span> <\/strong><\/em><\/p>\n<p><strong>\u00ab Pour remonter le moral des Majolans\u2026 \u00bb<\/strong><br \/>\nCette ann\u00e9e, au sein d\u2019un contexte si particulier, <strong>la Ville de Meyzieu choisit d\u2019arroser tout son territoire de f\u00e9erie<\/strong>. Par exemple, les enfants du groupe scolaire Jules Ferry d\u00e9couvrent trois rennes dans un enclos, \u00e0 la sortie de leur \u00e9cole. <strong>Vingt-huit sites sont concern\u00e9s<\/strong>. Pour d\u00e9corer certains d&rsquo;entre eux, la location d\u2019une nacelle de 25 m a \u00e9t\u00e9 n\u00e9cessaire.<\/p>\n<p><strong>\u00ab Notre travail sert aussi \u00e0 nous diff\u00e9rencier des autres communes \u00bb.<\/strong><\/p>\n<p>70 sapins dont 30 bleus et blancs \/ 1 grand sapin lumineux de 5,40 m\u00e8tres de haut \/ 18 rennes dont le fameux Rudolf en t\u00eate du tra\u00eeneau \/ 2 b\u00fbches de No\u00ebl g\u00e9antes \/ 40 boules lumineuses bleues et blanches \/ 700 rubans rouges, dor\u00e9es, argent\u00e9s et multicolores \/ 1 nouveau train \u00e0 vapeur en bois, d&rsquo;environ 2 tonnes \/ 300 boules de No\u00ebl \/ 1.800 rondelles de bois \/ 7 maisonnettes \/ le grand tra\u00eeneau \/ 1.500 m\u00e8tres de bolduc \/ de nombreux bonhommes de neige \/ 35 branches givr\u00e9es \/ 13 sapins uniques, en bois \/ 1 nouvelle charrette \/ 350 paquets cadeaux \/ 20 sucres d\u2019orges \/ 1 Y\u00e9ti et bien s\u00fbr\u2026 le P\u00e8re No\u00ebl !<\/p>\n<hr \/>\n<p><span style=\"text-decoration: underline;\"><em><strong>L\u2019esprit d\u2019\u00e9quipe<\/strong><\/em><\/span><\/p>\n<p><strong>Dix agents sur les vingt-cinq que compte le P\u00f4le paysage de la direction des services techniques, <\/strong><strong>se sont port\u00e9s volontaires pour la r\u00e9alisation de<\/strong> ces \u0153uvres d\u2019art.<\/p>\n<p>Une organisation qui fonctionne ainsi depuis 3 ans, avec chaque ann\u00e9e, de nouveaux agents volontaires. Cette \u00e9quipe \u00ab d\u00e9coration \u00bb confectionne pendant plusieurs semaines les r\u00e9alisations qu\u2019ils ont imagin\u00e9es ensemble, au cours de trois r\u00e9unions de concertation.<\/p>\n<p>\u00ab Nous prenons plaisir \u00e0 faire plaisir, en changeant quelque temps de m\u00e9tier \u00bb. Ainsi, les jardiniers troquent leur cisaille pour se<br \/>\nsaisir de la scie et du pinceau : un savoir-faire bien diff\u00e9rent de leur formation initiale, mais qu\u2019ils prennent soin d\u2019appr\u00e9hender avec plaisir et minutie. Chacun \u0153uvre en fonction de ses app\u00e9tences, de son go\u00fbt pour le pon\u00e7age, la d\u00e9coupe ou encore la peinture. <strong>Au final, ce sont plusieurs dizaines de sculptures et d\u00e9corations qui prennent vie sous leurs doigts !<\/strong><br \/>\nMais que deviendraient ces beaux ornements sans illuminations ? C\u2019est l\u00e0 qu\u2019interviennent les \u00e9lectriciens du p\u00f4le b\u00e2timent pr\u00eats \u00e0 \u00e9clairer Meyzieu de mille feux. Le tirage de nouveaux r\u00e9seaux d\u2019\u00e9lectricit\u00e9 est parfois n\u00e9cessaire.<\/p>\n<p>\u00ab <strong>On esp\u00e8re que cela va plaire aux Majolans et qu\u2019ils respecteront notre travail<\/strong> \u00bb. Enfin, l\u2019ensemble des agents du P\u00f4le paysage est \u00e0 pied d\u2019\u0153uvre pour l\u2019installation des d\u00e9corations n\u00e9cessitant deux semaines d\u2019intense labeur.<\/p>\n<hr \/>\n<p><span style=\"font-size: 12pt;\"><em><strong>Si Pinocchio \u00e9tait majolan\u2026<\/strong><\/em><\/span><\/p>\n<p>\u00ab J\u2019aime travailler une mati\u00e8re vivante \u00bb. <strong>Vous n\u2019imaginiez sans doute pas que tout le bois utilis\u00e9 par l\u2019\u00e9quipe est 100 % majolan<\/strong>. Il provient exclusivement des arbres, coup\u00e9s ou tomb\u00e9s et \u00e9vacu\u00e9s par les services de la Ville car jug\u00e9s mena\u00e7ants. Les essences sont alors tri\u00e9es puis, soit broy\u00e9es en copeaux pour pailler les massifs, soit r\u00e9utilis\u00e9es pour diverses embellissements, soit mis de c\u00f4t\u00e9 pour servir de base aux d\u00e9corations de No\u00ebl. Ainsi, les arbres au bois dur, tel que les ch\u00eanes, les robiniers, reprennent vie<br \/>\nsous la forme d\u2019un renne, d\u2019un tra\u00eeneau, d\u2019une maisonnette\u2026<\/p>\n<p>\u00ab Chaque renne est unique, car la cambrure de son corps ou l\u2019expression de son visage sont tout simplement issus de la tournure initiale de la grume qui aura servi \u00e0 lui faire prendre forme \u00bb.<\/p>\n<hr \/>\n<p><span style=\"text-decoration: underline;\"><em><strong>Quand les citrouilles deviennent carrosses<\/strong><\/em><\/span><\/p>\n<p>\u00ab <strong>Nous mettons en valeur nos espaces de mani\u00e8re diff\u00e9rentes<\/strong> \u00bb. Depuis 3 ans, l\u2019\u00e9quipe rivalise d\u2019ing\u00e9niosit\u00e9 pour d\u00e9corer Meyzieu. La premi\u00e8re ann\u00e9e o\u00f9 le souhait de faire \u00e9tinceler notre ville en hiver a \u00e9t\u00e9 formul\u00e9, les services techniques ont r\u00e9ussi ce pari<br \/>\nen utilisant seulement ce qu\u2019ils avaient en leur possession et du mat\u00e9riel de r\u00e9cup\u00e9ration.<br \/>\nChaque ann\u00e9e, le stock de d\u00e9coration s\u2019accro\u00eet de nouveaux objets. Cette ann\u00e9e, les grandes boules illumin\u00e9es en bleu et banc font leur entr\u00e9e. Pour autant, la fabrication de d\u00e9coration issue de mat\u00e9riel de r\u00e9cup\u00e9ration est toujours \u00e0 l\u2019honneur. Ainsi les gros bonhommes de neige fabriqu\u00e9s \u00e0 l\u2019aide de pneus prennent leurs quartiers sur le rond-point du Crottay. Les cadeaux emball\u00e9s avec soin sont en r\u00e9alit\u00e9 des cartons d\u2019emballages usag\u00e9s. Enfin, les sucres d\u2019orges sont fabriqu\u00e9s \u00e0 l\u2019aide de chutes de gaines \u00e9lectriques en PVC autrefois destin\u00e9es \u00e0 \u00eatre jet\u00e9es !<\/p>\n<hr \/>\n<p><em><strong><span style=\"text-decoration: underline;\">Siffler en travaillant<\/span>\u2026<\/strong><\/em><\/p>\n<p>\u00ab On s\u2019amuse \u00e0 travailler ! \u00bb Un seul renne, parmi les dix-huit r\u00e9alis\u00e9s = une journ\u00e9e de travail pour deux agents.<br \/>\nLe tra\u00eeneau, r\u00e9alis\u00e9 dans l\u2019ancien entrep\u00f4t de la Sofecome = deux semaines de travail pour trois agents.<br \/>\nLe train, LA nouveaut\u00e9 \u00e0 d\u00e9couvrir cette ann\u00e9e = une semaine de travail pour quatre agents.<\/p>\n<hr \/>\n<p><em><strong><span style=\"text-decoration: underline;\">L\u2019envers du d\u00e9cor<\/span>&#8230;<\/strong><\/em><\/p>\n<p>D\u00e9couvrez les coulisses des pr\u00e9paratifs, au sein des ateliers du Centre Technique municipal gr\u00e2ce \u00e0 l&rsquo;<strong>exposition photos install\u00e9e dans l\u2019atrium de l\u2019H\u00f4tel de Ville de Meyzieu depuis le 7 d\u00e9cembre<\/strong>.<br \/>\nEn raison du contexte sanitaire, et en fonction de l&rsquo;\u00e9volution des mesures gouvernementales, <strong>cette exposition n&rsquo;est, pour le moment, accessible qu&rsquo;aux visiteurs justifiant d&rsquo;un rendez-vous pris avec les services administratifs de la mairie<\/strong>.<\/p>\n<hr \/>\n<p><em><strong>Source : communiqu\u00e9 de presse et PHOTO A LA UNE \/ Droits r\u00e9serv\u00e9s Ville de Meyzieu.<\/strong> <\/em><\/p>\n","protected":false},"excerpt":{"rendered":"<p>Depuis fin octobre, un esprit de f\u00eates plane sur le Centre Technique Municipal.<\/p>\n","protected":false},"author":4,"featured_media":119619,"comment_status":"open","ping_status":"open","sticky":false,"template":"","format":"standard","meta":{"footnotes":""},"categories":[2217,24,18],"tags":[3465,2081],"class_list":["post-119604","post","type-post","status-publish","format-standard","has-post-thumbnail","hentry","category-breves-de-lest-lyonnais","category-meyzieu","category-sante-bien-etre-solidarite","tag-illuminations","tag-meyzieu"],"yoast_head":"<!-- This site is optimized with the Yoast SEO plugin v27.2 - https:\/\/yoast.com\/product\/yoast-seo-wordpress\/ -->\n<title>MEYZIEU | En d\u00e9cembre, la ville s&#039;illumine - News Est Lyonnais<\/title>\n<meta name=\"description\" content=\"MEYZIEU | En d\u00e9cembre, la ville s&#039;illumine\" \/>\n<meta name=\"robots\" content=\"index, follow, max-snippet:-1, max-image-preview:large, max-video-preview:-1\" \/>\n<link rel=\"canonical\" href=\"https:\/\/newsestlyonnais.fr\/site\/2020\/12\/11\/meyzieu-en-decembre-la-ville-sillumine\/\" \/>\n<meta property=\"og:locale\" content=\"fr_FR\" \/>\n<meta property=\"og:type\" content=\"article\" \/>\n<meta property=\"og:title\" content=\"MEYZIEU | En d\u00e9cembre, la ville s&#039;illumine - News Est Lyonnais\" \/>\n<meta property=\"og:description\" content=\"MEYZIEU | En d\u00e9cembre, la ville s&#039;illumine\" \/>\n<meta property=\"og:url\" content=\"https:\/\/newsestlyonnais.fr\/site\/2020\/12\/11\/meyzieu-en-decembre-la-ville-sillumine\/\" \/>\n<meta property=\"og:site_name\" content=\"News Est Lyonnais\" \/>\n<meta property=\"article:author\" content=\"https:\/\/www.facebook.com\/pascal.oberson.1?fref=ts\" \/>\n<meta property=\"article:published_time\" content=\"2020-12-11T06:12:39+00:00\" \/>\n<meta property=\"og:image\" content=\"https:\/\/i0.wp.com\/newsestlyonnais.fr\/site\/wp-content\/uploads\/2020\/12\/NEWSESTLYONNAIS-ILLUM-MEYZIEU.jpg?fit=1200%2C800&ssl=1\" \/>\n\t<meta property=\"og:image:width\" content=\"1200\" \/>\n\t<meta property=\"og:image:height\" content=\"800\" \/>\n\t<meta property=\"og:image:type\" content=\"image\/jpeg\" \/>\n<meta name=\"author\" content=\"R\u00e9dac. NEWS\" \/>\n<meta name=\"twitter:card\" content=\"summary_large_image\" \/>\n<meta name=\"twitter:label1\" content=\"\u00c9crit par\" \/>\n\t<meta name=\"twitter:data1\" content=\"R\u00e9dac. NEWS\" \/>\n\t<meta name=\"twitter:label2\" content=\"Dur\u00e9e de lecture estim\u00e9e\" \/>\n\t<meta name=\"twitter:data2\" content=\"5 minutes\" \/>\n<script type=\"application\/ld+json\" class=\"yoast-schema-graph\">{\"@context\":\"https:\/\/schema.org\",\"@graph\":[{\"@type\":\"Article\",\"@id\":\"https:\/\/newsestlyonnais.fr\/site\/2020\/12\/11\/meyzieu-en-decembre-la-ville-sillumine\/#article\",\"isPartOf\":{\"@id\":\"https:\/\/newsestlyonnais.fr\/site\/2020\/12\/11\/meyzieu-en-decembre-la-ville-sillumine\/\"},\"author\":{\"name\":\"R\u00e9dac. NEWS\",\"@id\":\"https:\/\/newsestlyonnais.fr\/site\/#\/schema\/person\/3230d5615f390bb808365d673001e887\"},\"headline\":\"MEYZIEU | En d\u00e9cembre, la ville s&rsquo;illumine\",\"datePublished\":\"2020-12-11T06:12:39+00:00\",\"mainEntityOfPage\":{\"@id\":\"https:\/\/newsestlyonnais.fr\/site\/2020\/12\/11\/meyzieu-en-decembre-la-ville-sillumine\/\"},\"wordCount\":967,\"commentCount\":0,\"publisher\":{\"@id\":\"https:\/\/newsestlyonnais.fr\/site\/#organization\"},\"image\":{\"@id\":\"https:\/\/newsestlyonnais.fr\/site\/2020\/12\/11\/meyzieu-en-decembre-la-ville-sillumine\/#primaryimage\"},\"thumbnailUrl\":\"https:\/\/newsestlyonnais.fr\/site\/wp-content\/uploads\/2020\/12\/NEWSESTLYONNAIS-ILLUM-MEYZIEU.jpg\",\"keywords\":[\"ILLUMINATIONS\",\"MEYZIEU\"],\"articleSection\":[\"Br\u00e8ves de l'Est lyonnais\",\"Meyzieu\",\"Sant\u00e9 | Bien Etre | Solidarit\u00e9\"],\"inLanguage\":\"fr-FR\",\"potentialAction\":[{\"@type\":\"CommentAction\",\"name\":\"Comment\",\"target\":[\"https:\/\/newsestlyonnais.fr\/site\/2020\/12\/11\/meyzieu-en-decembre-la-ville-sillumine\/#respond\"]}]},{\"@type\":\"WebPage\",\"@id\":\"https:\/\/newsestlyonnais.fr\/site\/2020\/12\/11\/meyzieu-en-decembre-la-ville-sillumine\/\",\"url\":\"https:\/\/newsestlyonnais.fr\/site\/2020\/12\/11\/meyzieu-en-decembre-la-ville-sillumine\/\",\"name\":\"MEYZIEU | En d\u00e9cembre, la ville s'illumine - News Est Lyonnais\",\"isPartOf\":{\"@id\":\"https:\/\/newsestlyonnais.fr\/site\/#website\"},\"primaryImageOfPage\":{\"@id\":\"https:\/\/newsestlyonnais.fr\/site\/2020\/12\/11\/meyzieu-en-decembre-la-ville-sillumine\/#primaryimage\"},\"image\":{\"@id\":\"https:\/\/newsestlyonnais.fr\/site\/2020\/12\/11\/meyzieu-en-decembre-la-ville-sillumine\/#primaryimage\"},\"thumbnailUrl\":\"https:\/\/newsestlyonnais.fr\/site\/wp-content\/uploads\/2020\/12\/NEWSESTLYONNAIS-ILLUM-MEYZIEU.jpg\",\"datePublished\":\"2020-12-11T06:12:39+00:00\",\"description\":\"MEYZIEU | En d\u00e9cembre, la ville s'illumine\",\"breadcrumb\":{\"@id\":\"https:\/\/newsestlyonnais.fr\/site\/2020\/12\/11\/meyzieu-en-decembre-la-ville-sillumine\/#breadcrumb\"},\"inLanguage\":\"fr-FR\",\"potentialAction\":[{\"@type\":\"ReadAction\",\"target\":[\"https:\/\/newsestlyonnais.fr\/site\/2020\/12\/11\/meyzieu-en-decembre-la-ville-sillumine\/\"]}]},{\"@type\":\"ImageObject\",\"inLanguage\":\"fr-FR\",\"@id\":\"https:\/\/newsestlyonnais.fr\/site\/2020\/12\/11\/meyzieu-en-decembre-la-ville-sillumine\/#primaryimage\",\"url\":\"https:\/\/newsestlyonnais.fr\/site\/wp-content\/uploads\/2020\/12\/NEWSESTLYONNAIS-ILLUM-MEYZIEU.jpg\",\"contentUrl\":\"https:\/\/newsestlyonnais.fr\/site\/wp-content\/uploads\/2020\/12\/NEWSESTLYONNAIS-ILLUM-MEYZIEU.jpg\",\"width\":1200,\"height\":800},{\"@type\":\"BreadcrumbList\",\"@id\":\"https:\/\/newsestlyonnais.fr\/site\/2020\/12\/11\/meyzieu-en-decembre-la-ville-sillumine\/#breadcrumb\",\"itemListElement\":[{\"@type\":\"ListItem\",\"position\":1,\"name\":\"Accueil\",\"item\":\"https:\/\/newsestlyonnais.fr\/site\/\"},{\"@type\":\"ListItem\",\"position\":2,\"name\":\"MEYZIEU | En d\u00e9cembre, la ville s&rsquo;illumine\"}]},{\"@type\":\"WebSite\",\"@id\":\"https:\/\/newsestlyonnais.fr\/site\/#website\",\"url\":\"https:\/\/newsestlyonnais.fr\/site\/\",\"name\":\"News Est Lyonnais\",\"description\":\"L&#039;actualit\u00e9 au plus pr\u00e8s\",\"publisher\":{\"@id\":\"https:\/\/newsestlyonnais.fr\/site\/#organization\"},\"potentialAction\":[{\"@type\":\"SearchAction\",\"target\":{\"@type\":\"EntryPoint\",\"urlTemplate\":\"https:\/\/newsestlyonnais.fr\/site\/?s={search_term_string}\"},\"query-input\":{\"@type\":\"PropertyValueSpecification\",\"valueRequired\":true,\"valueName\":\"search_term_string\"}}],\"inLanguage\":\"fr-FR\"},{\"@type\":\"Organization\",\"@id\":\"https:\/\/newsestlyonnais.fr\/site\/#organization\",\"name\":\"News EST LYONNAIS\",\"url\":\"https:\/\/newsestlyonnais.fr\/site\/\",\"logo\":{\"@type\":\"ImageObject\",\"inLanguage\":\"fr-FR\",\"@id\":\"https:\/\/newsestlyonnais.fr\/site\/#\/schema\/logo\/image\/\",\"url\":\"\",\"contentUrl\":\"\",\"caption\":\"News EST LYONNAIS\"},\"image\":{\"@id\":\"https:\/\/newsestlyonnais.fr\/site\/#\/schema\/logo\/image\/\"}},{\"@type\":\"Person\",\"@id\":\"https:\/\/newsestlyonnais.fr\/site\/#\/schema\/person\/3230d5615f390bb808365d673001e887\",\"name\":\"R\u00e9dac. NEWS\",\"sameAs\":[\"http:\/\/www.newsestlyonnais.fr\",\"https:\/\/www.facebook.com\/pascal.oberson.1?fref=ts\",\"https:\/\/fr.linkedin.com\/in\/pascal-oberson-b17045113\"],\"url\":\"https:\/\/newsestlyonnais.fr\/site\/author\/nel\/\"}]}<\/script>\n<!-- \/ Yoast SEO plugin. -->","yoast_head_json":{"title":"MEYZIEU | En d\u00e9cembre, la ville s'illumine - News Est Lyonnais","description":"MEYZIEU | En d\u00e9cembre, la ville s'illumine","robots":{"index":"index","follow":"follow","max-snippet":"max-snippet:-1","max-image-preview":"max-image-preview:large","max-video-preview":"max-video-preview:-1"},"canonical":"https:\/\/newsestlyonnais.fr\/site\/2020\/12\/11\/meyzieu-en-decembre-la-ville-sillumine\/","og_locale":"fr_FR","og_type":"article","og_title":"MEYZIEU | En d\u00e9cembre, la ville s'illumine - News Est Lyonnais","og_description":"MEYZIEU | En d\u00e9cembre, la ville s'illumine","og_url":"https:\/\/newsestlyonnais.fr\/site\/2020\/12\/11\/meyzieu-en-decembre-la-ville-sillumine\/","og_site_name":"News Est Lyonnais","article_author":"https:\/\/www.facebook.com\/pascal.oberson.1?fref=ts","article_published_time":"2020-12-11T06:12:39+00:00","og_image":[{"width":1200,"height":800,"url":"https:\/\/i0.wp.com\/newsestlyonnais.fr\/site\/wp-content\/uploads\/2020\/12\/NEWSESTLYONNAIS-ILLUM-MEYZIEU.jpg?fit=1200%2C800&ssl=1","type":"image\/jpeg"}],"author":"R\u00e9dac. NEWS","twitter_card":"summary_large_image","twitter_misc":{"\u00c9crit par":"R\u00e9dac. NEWS","Dur\u00e9e de lecture estim\u00e9e":"5 minutes"},"schema":{"@context":"https:\/\/schema.org","@graph":[{"@type":"Article","@id":"https:\/\/newsestlyonnais.fr\/site\/2020\/12\/11\/meyzieu-en-decembre-la-ville-sillumine\/#article","isPartOf":{"@id":"https:\/\/newsestlyonnais.fr\/site\/2020\/12\/11\/meyzieu-en-decembre-la-ville-sillumine\/"},"author":{"name":"R\u00e9dac. NEWS","@id":"https:\/\/newsestlyonnais.fr\/site\/#\/schema\/person\/3230d5615f390bb808365d673001e887"},"headline":"MEYZIEU | En d\u00e9cembre, la ville s&rsquo;illumine","datePublished":"2020-12-11T06:12:39+00:00","mainEntityOfPage":{"@id":"https:\/\/newsestlyonnais.fr\/site\/2020\/12\/11\/meyzieu-en-decembre-la-ville-sillumine\/"},"wordCount":967,"commentCount":0,"publisher":{"@id":"https:\/\/newsestlyonnais.fr\/site\/#organization"},"image":{"@id":"https:\/\/newsestlyonnais.fr\/site\/2020\/12\/11\/meyzieu-en-decembre-la-ville-sillumine\/#primaryimage"},"thumbnailUrl":"https:\/\/newsestlyonnais.fr\/site\/wp-content\/uploads\/2020\/12\/NEWSESTLYONNAIS-ILLUM-MEYZIEU.jpg","keywords":["ILLUMINATIONS","MEYZIEU"],"articleSection":["Br\u00e8ves de l'Est lyonnais","Meyzieu","Sant\u00e9 | Bien Etre | Solidarit\u00e9"],"inLanguage":"fr-FR","potentialAction":[{"@type":"CommentAction","name":"Comment","target":["https:\/\/newsestlyonnais.fr\/site\/2020\/12\/11\/meyzieu-en-decembre-la-ville-sillumine\/#respond"]}]},{"@type":"WebPage","@id":"https:\/\/newsestlyonnais.fr\/site\/2020\/12\/11\/meyzieu-en-decembre-la-ville-sillumine\/","url":"https:\/\/newsestlyonnais.fr\/site\/2020\/12\/11\/meyzieu-en-decembre-la-ville-sillumine\/","name":"MEYZIEU | En d\u00e9cembre, la ville s'illumine - News Est Lyonnais","isPartOf":{"@id":"https:\/\/newsestlyonnais.fr\/site\/#website"},"primaryImageOfPage":{"@id":"https:\/\/newsestlyonnais.fr\/site\/2020\/12\/11\/meyzieu-en-decembre-la-ville-sillumine\/#primaryimage"},"image":{"@id":"https:\/\/newsestlyonnais.fr\/site\/2020\/12\/11\/meyzieu-en-decembre-la-ville-sillumine\/#primaryimage"},"thumbnailUrl":"https:\/\/newsestlyonnais.fr\/site\/wp-content\/uploads\/2020\/12\/NEWSESTLYONNAIS-ILLUM-MEYZIEU.jpg","datePublished":"2020-12-11T06:12:39+00:00","description":"MEYZIEU | En d\u00e9cembre, la ville s'illumine","breadcrumb":{"@id":"https:\/\/newsestlyonnais.fr\/site\/2020\/12\/11\/meyzieu-en-decembre-la-ville-sillumine\/#breadcrumb"},"inLanguage":"fr-FR","potentialAction":[{"@type":"ReadAction","target":["https:\/\/newsestlyonnais.fr\/site\/2020\/12\/11\/meyzieu-en-decembre-la-ville-sillumine\/"]}]},{"@type":"ImageObject","inLanguage":"fr-FR","@id":"https:\/\/newsestlyonnais.fr\/site\/2020\/12\/11\/meyzieu-en-decembre-la-ville-sillumine\/#primaryimage","url":"https:\/\/newsestlyonnais.fr\/site\/wp-content\/uploads\/2020\/12\/NEWSESTLYONNAIS-ILLUM-MEYZIEU.jpg","contentUrl":"https:\/\/newsestlyonnais.fr\/site\/wp-content\/uploads\/2020\/12\/NEWSESTLYONNAIS-ILLUM-MEYZIEU.jpg","width":1200,"height":800},{"@type":"BreadcrumbList","@id":"https:\/\/newsestlyonnais.fr\/site\/2020\/12\/11\/meyzieu-en-decembre-la-ville-sillumine\/#breadcrumb","itemListElement":[{"@type":"ListItem","position":1,"name":"Accueil","item":"https:\/\/newsestlyonnais.fr\/site\/"},{"@type":"ListItem","position":2,"name":"MEYZIEU | En d\u00e9cembre, la ville s&rsquo;illumine"}]},{"@type":"WebSite","@id":"https:\/\/newsestlyonnais.fr\/site\/#website","url":"https:\/\/newsestlyonnais.fr\/site\/","name":"News Est Lyonnais","description":"L&#039;actualit\u00e9 au plus pr\u00e8s","publisher":{"@id":"https:\/\/newsestlyonnais.fr\/site\/#organization"},"potentialAction":[{"@type":"SearchAction","target":{"@type":"EntryPoint","urlTemplate":"https:\/\/newsestlyonnais.fr\/site\/?s={search_term_string}"},"query-input":{"@type":"PropertyValueSpecification","valueRequired":true,"valueName":"search_term_string"}}],"inLanguage":"fr-FR"},{"@type":"Organization","@id":"https:\/\/newsestlyonnais.fr\/site\/#organization","name":"News EST LYONNAIS","url":"https:\/\/newsestlyonnais.fr\/site\/","logo":{"@type":"ImageObject","inLanguage":"fr-FR","@id":"https:\/\/newsestlyonnais.fr\/site\/#\/schema\/logo\/image\/","url":"","contentUrl":"","caption":"News EST LYONNAIS"},"image":{"@id":"https:\/\/newsestlyonnais.fr\/site\/#\/schema\/logo\/image\/"}},{"@type":"Person","@id":"https:\/\/newsestlyonnais.fr\/site\/#\/schema\/person\/3230d5615f390bb808365d673001e887","name":"R\u00e9dac. NEWS","sameAs":["http:\/\/www.newsestlyonnais.fr","https:\/\/www.facebook.com\/pascal.oberson.1?fref=ts","https:\/\/fr.linkedin.com\/in\/pascal-oberson-b17045113"],"url":"https:\/\/newsestlyonnais.fr\/site\/author\/nel\/"}]}},"_links":{"self":[{"href":"https:\/\/newsestlyonnais.fr\/site\/wp-json\/wp\/v2\/posts\/119604","targetHints":{"allow":["GET"]}}],"collection":[{"href":"https:\/\/newsestlyonnais.fr\/site\/wp-json\/wp\/v2\/posts"}],"about":[{"href":"https:\/\/newsestlyonnais.fr\/site\/wp-json\/wp\/v2\/types\/post"}],"author":[{"embeddable":true,"href":"https:\/\/newsestlyonnais.fr\/site\/wp-json\/wp\/v2\/users\/4"}],"replies":[{"embeddable":true,"href":"https:\/\/newsestlyonnais.fr\/site\/wp-json\/wp\/v2\/comments?post=119604"}],"version-history":[{"count":0,"href":"https:\/\/newsestlyonnais.fr\/site\/wp-json\/wp\/v2\/posts\/119604\/revisions"}],"wp:featuredmedia":[{"embeddable":true,"href":"https:\/\/newsestlyonnais.fr\/site\/wp-json\/wp\/v2\/media\/119619"}],"wp:attachment":[{"href":"https:\/\/newsestlyonnais.fr\/site\/wp-json\/wp\/v2\/media?parent=119604"}],"wp:term":[{"taxonomy":"category","embeddable":true,"href":"https:\/\/newsestlyonnais.fr\/site\/wp-json\/wp\/v2\/categories?post=119604"},{"taxonomy":"post_tag","embeddable":true,"href":"https:\/\/newsestlyonnais.fr\/site\/wp-json\/wp\/v2\/tags?post=119604"}],"curies":[{"name":"wp","href":"https:\/\/api.w.org\/{rel}","templated":true}]}}