{"id":120180,"date":"2020-12-16T18:10:48","date_gmt":"2020-12-16T17:10:48","guid":{"rendered":"http:\/\/newsestlyonnais.fr\/site\/?p=120180"},"modified":"2020-12-19T10:10:44","modified_gmt":"2020-12-19T09:10:44","slug":"majosol-meyzieu-un-reseau-dentraide-devenu-necessaire","status":"publish","type":"post","link":"https:\/\/newsestlyonnais.fr\/site\/2020\/12\/16\/majosol-meyzieu-un-reseau-dentraide-devenu-necessaire\/","title":{"rendered":"Majosol Meyzieu \u00ab\u00a0un r\u00e9seau d&rsquo;entraide local devenu n\u00e9cessaire\u00a0\u00bb"},"content":{"rendered":"<p>En ce jeudi, c\u2019est <strong>Yannick Rossignol, Pr\u00e9sident depuis juillet 2015 de l&rsquo;association majolane, <\/strong>qui r\u00e9pond aux questions de la r\u00e9daction :<\/p>\n<hr \/>\n<ul>\n<li><span style=\"font-size: 14pt;\"><strong><u>Quelle est son activit\u00e9 et effectif actuel<\/u><\/strong><\/span><strong><span style=\"font-size: 14pt;\"> ?<\/span> <\/strong><\/li>\n<\/ul>\n<p>\u00bb Association \u00ab\u00a0MAJOSOL\u00a0\u00bb d&rsquo;<strong>\u00e9changes de services gratuits entre particuliers<\/strong>. <strong>120 adh\u00e9rents, (tous adultes)<\/strong> \u00ab .<\/p>\n<hr \/>\n<ul>\n<li><span style=\"font-size: 14pt;\"><strong><u>Comment s\u2019\u00e9tait pass\u00e9 le 1\u00b0 confinement et aviez vous mis du personnel au ch\u00f4mage<\/u><\/strong><\/span><strong><span style=\"font-size: 14pt;\"> ?<\/span> <\/strong><\/li>\n<\/ul>\n<p>\u00bb\u00a0 Activit\u00e9 r\u00e9duite entre adh\u00e9rents \/ pas de manifestations publiques organis\u00e9es par le bureau \/ pas de personnel salari\u00e9 \u00ab .<\/p>\n<hr \/>\n<ul>\n<li><span style=\"font-size: 14pt;\"><strong><u>Et la reprise des activit\u00e9s \u00e0 la rentr\u00e9e de septembre<\/u><\/strong> <strong>?<\/strong><\/span><\/li>\n<\/ul>\n<p>\u00bb Activit\u00e9 organis\u00e9e par le bureau \/ Assembl\u00e9e g\u00e9n\u00e9rale annul\u00e9e \u00bb.<\/p>\n<hr \/>\n<ul>\n<li><span style=\"font-size: 14pt;\"><span style=\"text-decoration: underline;\"><strong>Avez-vous connu depuis une baisse de vos effectifs<\/strong><\/span> <strong>?<\/strong><\/span><\/li>\n<\/ul>\n<p>\u00bb <strong>1\/3 des adh\u00e9rents n&rsquo;ont pas renouvel\u00e9<\/strong> leur adh\u00e9sion en octobre dernier \u00ab.<\/p>\n<ul>\n<li><span style=\"font-size: 14pt;\"><strong><span style=\"text-decoration: underline;\">Avez- vous \u00e9t\u00e9 contraints d\u2019annuler des \u00e9v\u00e8nements<\/span> ?<\/strong><\/span><\/li>\n<\/ul>\n<p>\u00bb\u00a0 Nous avons annul\u00e9 la derni\u00e8re participation \u00e0 la F\u00eate de la Musique ainsi qu&rsquo;\u00e0 la F\u00eate des Lumi\u00e8res o\u00f9 nous vendions de la nourriture pour gagner de l&rsquo;argent \u00ab .<\/p>\n<hr \/>\n<ul>\n<li><span style=\"font-size: 14pt;\"><strong><span style=\"text-decoration: underline;\">Comment se d\u00e9roule ce 2\u00b0 confinement<\/span> ?<\/strong><\/span><\/li>\n<\/ul>\n<p>\u00bb\u00a0 <strong>Avec le temps certains adh\u00e9rents \u00e9prouvent des difficult\u00e9s par rapport \u00e0 l&rsquo;isolement. Nous avons donc d\u00e9cid\u00e9 d&rsquo;appeler au t\u00e9l\u00e9phone chacun d&rsquo;entre eux pour garder un contact <\/strong> \u00ab .<\/p>\n<ul>\n<li><strong><span style=\"font-size: 14pt;\"><span style=\"text-decoration: underline;\">Cons\u00e9quences financi\u00e8res ou autres<\/span> ?<\/span> <\/strong><\/li>\n<\/ul>\n<p>\u00bb Cons\u00e9quences moindres car les frais de fonctionnement sont r\u00e9duits.\u00ab .<\/p>\n<hr \/>\n<ul>\n<li><span style=\"text-decoration: underline;\"><span style=\"font-size: 14pt;\"><strong>Et pour conclure<\/strong> <\/span><\/span><strong><span style=\"font-size: 14pt;\">?<\/span><br \/>\n<\/strong><\/li>\n<\/ul>\n<p>\u00bb <strong>Nous survivrons car le principe qui anime notre association est et restera pertinent apr\u00e8s le Covid<\/strong>.<\/p>\n<p><strong>D\u00e9velopper un r\u00e9seau d&rsquo;entraide local est plus que souhaitable, il est devenu n\u00e9cessaire par ces temps de pauvret\u00e9 accrue<\/strong> \u00ab.<\/p>\n<hr \/>\n<p><span style=\"font-size: 14pt;\"><strong><img loading=\"lazy\" decoding=\"async\" class=\"size-medium wp-image-120202 alignleft\" src=\"https:\/\/newsestlyonnais.fr\/site\/wp-content\/uploads\/2020\/12\/Logo-Majosol-page-001-400x566.jpg\" alt=\"\" width=\"212\" height=\"300\" srcset=\"https:\/\/newsestlyonnais.fr\/site\/wp-content\/uploads\/2020\/12\/Logo-Majosol-page-001-400x566.jpg 400w, https:\/\/newsestlyonnais.fr\/site\/wp-content\/uploads\/2020\/12\/Logo-Majosol-page-001-650x919.jpg 650w, https:\/\/newsestlyonnais.fr\/site\/wp-content\/uploads\/2020\/12\/Logo-Majosol-page-001-250x354.jpg 250w, https:\/\/newsestlyonnais.fr\/site\/wp-content\/uploads\/2020\/12\/Logo-Majosol-page-001-768x1086.jpg 768w, https:\/\/newsestlyonnais.fr\/site\/wp-content\/uploads\/2020\/12\/Logo-Majosol-page-001-1086x1536.jpg 1086w, https:\/\/newsestlyonnais.fr\/site\/wp-content\/uploads\/2020\/12\/Logo-Majosol-page-001-150x212.jpg 150w, https:\/\/newsestlyonnais.fr\/site\/wp-content\/uploads\/2020\/12\/Logo-Majosol-page-001-50x71.jpg 50w, https:\/\/newsestlyonnais.fr\/site\/wp-content\/uploads\/2020\/12\/Logo-Majosol-page-001-100x141.jpg 100w, https:\/\/newsestlyonnais.fr\/site\/wp-content\/uploads\/2020\/12\/Logo-Majosol-page-001-200x283.jpg 200w, https:\/\/newsestlyonnais.fr\/site\/wp-content\/uploads\/2020\/12\/Logo-Majosol-page-001-300x424.jpg 300w, https:\/\/newsestlyonnais.fr\/site\/wp-content\/uploads\/2020\/12\/Logo-Majosol-page-001-350x495.jpg 350w, https:\/\/newsestlyonnais.fr\/site\/wp-content\/uploads\/2020\/12\/Logo-Majosol-page-001-450x637.jpg 450w, https:\/\/newsestlyonnais.fr\/site\/wp-content\/uploads\/2020\/12\/Logo-Majosol-page-001-500x707.jpg 500w, https:\/\/newsestlyonnais.fr\/site\/wp-content\/uploads\/2020\/12\/Logo-Majosol-page-001-550x778.jpg 550w, https:\/\/newsestlyonnais.fr\/site\/wp-content\/uploads\/2020\/12\/Logo-Majosol-page-001-800x1132.jpg 800w, https:\/\/newsestlyonnais.fr\/site\/wp-content\/uploads\/2020\/12\/Logo-Majosol-page-001-1200x1697.jpg 1200w, https:\/\/newsestlyonnais.fr\/site\/wp-content\/uploads\/2020\/12\/Logo-Majosol-page-001.jpg 1240w\" sizes=\"auto, (max-width: 212px) 100vw, 212px\" \/><\/strong><\/span><\/p>\n<p>&nbsp;<\/p>\n<p>&nbsp;<\/p>\n<p><span style=\"font-size: 14pt;\"><span style=\"color: #0000ff;\"><a style=\"color: #0000ff;\" href=\"https:\/\/www.facebook.com\/majosol.meyzieu\"><span style=\"font-size: 12pt;\">https:\/\/www.facebook.com\/majosol.meyzieu<\/span><\/a><\/span><\/span><\/p>\n<p><strong>Contact<\/strong> : T\u00e9l. <span class=\"d2edcug0 hpfvmrgz qv66sw1b c1et5uql rrkovp55 a8c37x1j keod5gw0 nxhoafnm aigsh9s9 d3f4x2em fe6kdd0r mau55g9w c8b282yb iv3no6db jq4qci2q a3bd9o3v knj5qynh oo9gr5id hzawbc8m\" dir=\"auto\"><span class=\"d2edcug0 hpfvmrgz qv66sw1b c1et5uql rrkovp55 jq4qci2q a3bd9o3v knj5qynh oo9gr5id\">06.65.47.14.31<br \/>\n<\/span><\/span><\/p>\n<hr \/>\n<p>&nbsp;<\/p>\n","protected":false},"excerpt":{"rendered":"<p>1 jour, 1 association | Quotidiennement une association est pr\u00e9sent\u00e9e par un de ses dirigeants.<\/p>\n","protected":false},"author":4,"featured_media":120183,"comment_status":"open","ping_status":"open","sticky":false,"template":"","format":"standard","meta":{"footnotes":""},"categories":[3420,24,18],"tags":[3246,3468,2081],"class_list":["post-120180","post","type-post","status-publish","format-standard","has-post-thumbnail","hentry","category-1-jour-1-association","category-meyzieu","category-sante-bien-etre-solidarite","tag-entraide","tag-majosol","tag-meyzieu"],"yoast_head":"<!-- This site is optimized with the Yoast SEO plugin v27.2 - https:\/\/yoast.com\/product\/yoast-seo-wordpress\/ -->\n<title>Majosol Meyzieu &quot;un r\u00e9seau d&#039;entraide local devenu n\u00e9cessaire&quot; - News Est Lyonnais<\/title>\n<meta name=\"description\" content=\"MAJOSOL Meyzieu &quot; un r\u00e9seau d&#039;entraide devenu n\u00e9cessaire &quot;\" \/>\n<meta name=\"robots\" content=\"index, follow, max-snippet:-1, max-image-preview:large, max-video-preview:-1\" \/>\n<link rel=\"canonical\" href=\"https:\/\/newsestlyonnais.fr\/site\/2020\/12\/16\/majosol-meyzieu-un-reseau-dentraide-devenu-necessaire\/\" \/>\n<meta property=\"og:locale\" content=\"fr_FR\" \/>\n<meta property=\"og:type\" content=\"article\" \/>\n<meta property=\"og:title\" content=\"Majosol Meyzieu &quot;un r\u00e9seau d&#039;entraide local devenu n\u00e9cessaire&quot; - News Est Lyonnais\" \/>\n<meta property=\"og:description\" content=\"MAJOSOL Meyzieu &quot; un r\u00e9seau d&#039;entraide devenu n\u00e9cessaire &quot;\" \/>\n<meta property=\"og:url\" content=\"https:\/\/newsestlyonnais.fr\/site\/2020\/12\/16\/majosol-meyzieu-un-reseau-dentraide-devenu-necessaire\/\" \/>\n<meta property=\"og:site_name\" content=\"News Est Lyonnais\" \/>\n<meta property=\"article:author\" content=\"https:\/\/www.facebook.com\/pascal.oberson.1?fref=ts\" \/>\n<meta property=\"article:published_time\" content=\"2020-12-16T17:10:48+00:00\" \/>\n<meta property=\"article:modified_time\" content=\"2020-12-19T09:10:44+00:00\" \/>\n<meta property=\"og:image\" content=\"https:\/\/i2.wp.com\/newsestlyonnais.fr\/site\/wp-content\/uploads\/2020\/12\/50313632_359858084846322_6704648350844583936_o.png?fit=1200%2C1200&ssl=1\" \/>\n\t<meta property=\"og:image:width\" content=\"1200\" \/>\n\t<meta property=\"og:image:height\" content=\"1200\" \/>\n\t<meta property=\"og:image:type\" content=\"image\/png\" \/>\n<meta name=\"author\" content=\"R\u00e9dac. NEWS\" \/>\n<meta name=\"twitter:card\" content=\"summary_large_image\" \/>\n<meta name=\"twitter:label1\" content=\"\u00c9crit par\" \/>\n\t<meta name=\"twitter:data1\" content=\"R\u00e9dac. NEWS\" \/>\n\t<meta name=\"twitter:label2\" content=\"Dur\u00e9e de lecture estim\u00e9e\" \/>\n\t<meta name=\"twitter:data2\" content=\"1 minute\" \/>\n<script type=\"application\/ld+json\" class=\"yoast-schema-graph\">{\"@context\":\"https:\/\/schema.org\",\"@graph\":[{\"@type\":\"Article\",\"@id\":\"https:\/\/newsestlyonnais.fr\/site\/2020\/12\/16\/majosol-meyzieu-un-reseau-dentraide-devenu-necessaire\/#article\",\"isPartOf\":{\"@id\":\"https:\/\/newsestlyonnais.fr\/site\/2020\/12\/16\/majosol-meyzieu-un-reseau-dentraide-devenu-necessaire\/\"},\"author\":{\"name\":\"R\u00e9dac. NEWS\",\"@id\":\"https:\/\/newsestlyonnais.fr\/site\/#\/schema\/person\/3230d5615f390bb808365d673001e887\"},\"headline\":\"Majosol Meyzieu \u00ab\u00a0un r\u00e9seau d&rsquo;entraide local devenu n\u00e9cessaire\u00a0\u00bb\",\"datePublished\":\"2020-12-16T17:10:48+00:00\",\"dateModified\":\"2020-12-19T09:10:44+00:00\",\"mainEntityOfPage\":{\"@id\":\"https:\/\/newsestlyonnais.fr\/site\/2020\/12\/16\/majosol-meyzieu-un-reseau-dentraide-devenu-necessaire\/\"},\"wordCount\":286,\"commentCount\":0,\"publisher\":{\"@id\":\"https:\/\/newsestlyonnais.fr\/site\/#organization\"},\"image\":{\"@id\":\"https:\/\/newsestlyonnais.fr\/site\/2020\/12\/16\/majosol-meyzieu-un-reseau-dentraide-devenu-necessaire\/#primaryimage\"},\"thumbnailUrl\":\"https:\/\/newsestlyonnais.fr\/site\/wp-content\/uploads\/2020\/12\/50313632_359858084846322_6704648350844583936_o.png\",\"keywords\":[\"ENTRAIDE\",\"MAJOSOL\",\"MEYZIEU\"],\"articleSection\":[\"1 jour, 1 association\",\"Meyzieu\",\"Sant\u00e9 | Bien Etre | Solidarit\u00e9\"],\"inLanguage\":\"fr-FR\",\"potentialAction\":[{\"@type\":\"CommentAction\",\"name\":\"Comment\",\"target\":[\"https:\/\/newsestlyonnais.fr\/site\/2020\/12\/16\/majosol-meyzieu-un-reseau-dentraide-devenu-necessaire\/#respond\"]}]},{\"@type\":\"WebPage\",\"@id\":\"https:\/\/newsestlyonnais.fr\/site\/2020\/12\/16\/majosol-meyzieu-un-reseau-dentraide-devenu-necessaire\/\",\"url\":\"https:\/\/newsestlyonnais.fr\/site\/2020\/12\/16\/majosol-meyzieu-un-reseau-dentraide-devenu-necessaire\/\",\"name\":\"Majosol Meyzieu \\\"un r\u00e9seau d'entraide local devenu n\u00e9cessaire\\\" - News Est Lyonnais\",\"isPartOf\":{\"@id\":\"https:\/\/newsestlyonnais.fr\/site\/#website\"},\"primaryImageOfPage\":{\"@id\":\"https:\/\/newsestlyonnais.fr\/site\/2020\/12\/16\/majosol-meyzieu-un-reseau-dentraide-devenu-necessaire\/#primaryimage\"},\"image\":{\"@id\":\"https:\/\/newsestlyonnais.fr\/site\/2020\/12\/16\/majosol-meyzieu-un-reseau-dentraide-devenu-necessaire\/#primaryimage\"},\"thumbnailUrl\":\"https:\/\/newsestlyonnais.fr\/site\/wp-content\/uploads\/2020\/12\/50313632_359858084846322_6704648350844583936_o.png\",\"datePublished\":\"2020-12-16T17:10:48+00:00\",\"dateModified\":\"2020-12-19T09:10:44+00:00\",\"description\":\"MAJOSOL Meyzieu \\\" un r\u00e9seau d'entraide devenu n\u00e9cessaire \\\"\",\"breadcrumb\":{\"@id\":\"https:\/\/newsestlyonnais.fr\/site\/2020\/12\/16\/majosol-meyzieu-un-reseau-dentraide-devenu-necessaire\/#breadcrumb\"},\"inLanguage\":\"fr-FR\",\"potentialAction\":[{\"@type\":\"ReadAction\",\"target\":[\"https:\/\/newsestlyonnais.fr\/site\/2020\/12\/16\/majosol-meyzieu-un-reseau-dentraide-devenu-necessaire\/\"]}]},{\"@type\":\"ImageObject\",\"inLanguage\":\"fr-FR\",\"@id\":\"https:\/\/newsestlyonnais.fr\/site\/2020\/12\/16\/majosol-meyzieu-un-reseau-dentraide-devenu-necessaire\/#primaryimage\",\"url\":\"https:\/\/newsestlyonnais.fr\/site\/wp-content\/uploads\/2020\/12\/50313632_359858084846322_6704648350844583936_o.png\",\"contentUrl\":\"https:\/\/newsestlyonnais.fr\/site\/wp-content\/uploads\/2020\/12\/50313632_359858084846322_6704648350844583936_o.png\",\"width\":1200,\"height\":1200},{\"@type\":\"BreadcrumbList\",\"@id\":\"https:\/\/newsestlyonnais.fr\/site\/2020\/12\/16\/majosol-meyzieu-un-reseau-dentraide-devenu-necessaire\/#breadcrumb\",\"itemListElement\":[{\"@type\":\"ListItem\",\"position\":1,\"name\":\"Accueil\",\"item\":\"https:\/\/newsestlyonnais.fr\/site\/\"},{\"@type\":\"ListItem\",\"position\":2,\"name\":\"Majosol Meyzieu \u00ab\u00a0un r\u00e9seau d&rsquo;entraide local devenu n\u00e9cessaire\u00a0\u00bb\"}]},{\"@type\":\"WebSite\",\"@id\":\"https:\/\/newsestlyonnais.fr\/site\/#website\",\"url\":\"https:\/\/newsestlyonnais.fr\/site\/\",\"name\":\"News Est Lyonnais\",\"description\":\"L&#039;actualit\u00e9 au plus pr\u00e8s\",\"publisher\":{\"@id\":\"https:\/\/newsestlyonnais.fr\/site\/#organization\"},\"potentialAction\":[{\"@type\":\"SearchAction\",\"target\":{\"@type\":\"EntryPoint\",\"urlTemplate\":\"https:\/\/newsestlyonnais.fr\/site\/?s={search_term_string}\"},\"query-input\":{\"@type\":\"PropertyValueSpecification\",\"valueRequired\":true,\"valueName\":\"search_term_string\"}}],\"inLanguage\":\"fr-FR\"},{\"@type\":\"Organization\",\"@id\":\"https:\/\/newsestlyonnais.fr\/site\/#organization\",\"name\":\"News EST LYONNAIS\",\"url\":\"https:\/\/newsestlyonnais.fr\/site\/\",\"logo\":{\"@type\":\"ImageObject\",\"inLanguage\":\"fr-FR\",\"@id\":\"https:\/\/newsestlyonnais.fr\/site\/#\/schema\/logo\/image\/\",\"url\":\"\",\"contentUrl\":\"\",\"caption\":\"News EST LYONNAIS\"},\"image\":{\"@id\":\"https:\/\/newsestlyonnais.fr\/site\/#\/schema\/logo\/image\/\"}},{\"@type\":\"Person\",\"@id\":\"https:\/\/newsestlyonnais.fr\/site\/#\/schema\/person\/3230d5615f390bb808365d673001e887\",\"name\":\"R\u00e9dac. NEWS\",\"sameAs\":[\"http:\/\/www.newsestlyonnais.fr\",\"https:\/\/www.facebook.com\/pascal.oberson.1?fref=ts\",\"https:\/\/fr.linkedin.com\/in\/pascal-oberson-b17045113\"],\"url\":\"https:\/\/newsestlyonnais.fr\/site\/author\/nel\/\"}]}<\/script>\n<!-- \/ Yoast SEO plugin. -->","yoast_head_json":{"title":"Majosol Meyzieu \"un r\u00e9seau d'entraide local devenu n\u00e9cessaire\" - News Est Lyonnais","description":"MAJOSOL Meyzieu \" un r\u00e9seau d'entraide devenu n\u00e9cessaire \"","robots":{"index":"index","follow":"follow","max-snippet":"max-snippet:-1","max-image-preview":"max-image-preview:large","max-video-preview":"max-video-preview:-1"},"canonical":"https:\/\/newsestlyonnais.fr\/site\/2020\/12\/16\/majosol-meyzieu-un-reseau-dentraide-devenu-necessaire\/","og_locale":"fr_FR","og_type":"article","og_title":"Majosol Meyzieu \"un r\u00e9seau d'entraide local devenu n\u00e9cessaire\" - News Est Lyonnais","og_description":"MAJOSOL Meyzieu \" un r\u00e9seau d'entraide devenu n\u00e9cessaire \"","og_url":"https:\/\/newsestlyonnais.fr\/site\/2020\/12\/16\/majosol-meyzieu-un-reseau-dentraide-devenu-necessaire\/","og_site_name":"News Est Lyonnais","article_author":"https:\/\/www.facebook.com\/pascal.oberson.1?fref=ts","article_published_time":"2020-12-16T17:10:48+00:00","article_modified_time":"2020-12-19T09:10:44+00:00","og_image":[{"width":1200,"height":1200,"url":"https:\/\/i2.wp.com\/newsestlyonnais.fr\/site\/wp-content\/uploads\/2020\/12\/50313632_359858084846322_6704648350844583936_o.png?fit=1200%2C1200&ssl=1","type":"image\/png"}],"author":"R\u00e9dac. NEWS","twitter_card":"summary_large_image","twitter_misc":{"\u00c9crit par":"R\u00e9dac. NEWS","Dur\u00e9e de lecture estim\u00e9e":"1 minute"},"schema":{"@context":"https:\/\/schema.org","@graph":[{"@type":"Article","@id":"https:\/\/newsestlyonnais.fr\/site\/2020\/12\/16\/majosol-meyzieu-un-reseau-dentraide-devenu-necessaire\/#article","isPartOf":{"@id":"https:\/\/newsestlyonnais.fr\/site\/2020\/12\/16\/majosol-meyzieu-un-reseau-dentraide-devenu-necessaire\/"},"author":{"name":"R\u00e9dac. NEWS","@id":"https:\/\/newsestlyonnais.fr\/site\/#\/schema\/person\/3230d5615f390bb808365d673001e887"},"headline":"Majosol Meyzieu \u00ab\u00a0un r\u00e9seau d&rsquo;entraide local devenu n\u00e9cessaire\u00a0\u00bb","datePublished":"2020-12-16T17:10:48+00:00","dateModified":"2020-12-19T09:10:44+00:00","mainEntityOfPage":{"@id":"https:\/\/newsestlyonnais.fr\/site\/2020\/12\/16\/majosol-meyzieu-un-reseau-dentraide-devenu-necessaire\/"},"wordCount":286,"commentCount":0,"publisher":{"@id":"https:\/\/newsestlyonnais.fr\/site\/#organization"},"image":{"@id":"https:\/\/newsestlyonnais.fr\/site\/2020\/12\/16\/majosol-meyzieu-un-reseau-dentraide-devenu-necessaire\/#primaryimage"},"thumbnailUrl":"https:\/\/newsestlyonnais.fr\/site\/wp-content\/uploads\/2020\/12\/50313632_359858084846322_6704648350844583936_o.png","keywords":["ENTRAIDE","MAJOSOL","MEYZIEU"],"articleSection":["1 jour, 1 association","Meyzieu","Sant\u00e9 | Bien Etre | Solidarit\u00e9"],"inLanguage":"fr-FR","potentialAction":[{"@type":"CommentAction","name":"Comment","target":["https:\/\/newsestlyonnais.fr\/site\/2020\/12\/16\/majosol-meyzieu-un-reseau-dentraide-devenu-necessaire\/#respond"]}]},{"@type":"WebPage","@id":"https:\/\/newsestlyonnais.fr\/site\/2020\/12\/16\/majosol-meyzieu-un-reseau-dentraide-devenu-necessaire\/","url":"https:\/\/newsestlyonnais.fr\/site\/2020\/12\/16\/majosol-meyzieu-un-reseau-dentraide-devenu-necessaire\/","name":"Majosol Meyzieu \"un r\u00e9seau d'entraide local devenu n\u00e9cessaire\" - News Est Lyonnais","isPartOf":{"@id":"https:\/\/newsestlyonnais.fr\/site\/#website"},"primaryImageOfPage":{"@id":"https:\/\/newsestlyonnais.fr\/site\/2020\/12\/16\/majosol-meyzieu-un-reseau-dentraide-devenu-necessaire\/#primaryimage"},"image":{"@id":"https:\/\/newsestlyonnais.fr\/site\/2020\/12\/16\/majosol-meyzieu-un-reseau-dentraide-devenu-necessaire\/#primaryimage"},"thumbnailUrl":"https:\/\/newsestlyonnais.fr\/site\/wp-content\/uploads\/2020\/12\/50313632_359858084846322_6704648350844583936_o.png","datePublished":"2020-12-16T17:10:48+00:00","dateModified":"2020-12-19T09:10:44+00:00","description":"MAJOSOL Meyzieu \" un r\u00e9seau d'entraide devenu n\u00e9cessaire \"","breadcrumb":{"@id":"https:\/\/newsestlyonnais.fr\/site\/2020\/12\/16\/majosol-meyzieu-un-reseau-dentraide-devenu-necessaire\/#breadcrumb"},"inLanguage":"fr-FR","potentialAction":[{"@type":"ReadAction","target":["https:\/\/newsestlyonnais.fr\/site\/2020\/12\/16\/majosol-meyzieu-un-reseau-dentraide-devenu-necessaire\/"]}]},{"@type":"ImageObject","inLanguage":"fr-FR","@id":"https:\/\/newsestlyonnais.fr\/site\/2020\/12\/16\/majosol-meyzieu-un-reseau-dentraide-devenu-necessaire\/#primaryimage","url":"https:\/\/newsestlyonnais.fr\/site\/wp-content\/uploads\/2020\/12\/50313632_359858084846322_6704648350844583936_o.png","contentUrl":"https:\/\/newsestlyonnais.fr\/site\/wp-content\/uploads\/2020\/12\/50313632_359858084846322_6704648350844583936_o.png","width":1200,"height":1200},{"@type":"BreadcrumbList","@id":"https:\/\/newsestlyonnais.fr\/site\/2020\/12\/16\/majosol-meyzieu-un-reseau-dentraide-devenu-necessaire\/#breadcrumb","itemListElement":[{"@type":"ListItem","position":1,"name":"Accueil","item":"https:\/\/newsestlyonnais.fr\/site\/"},{"@type":"ListItem","position":2,"name":"Majosol Meyzieu \u00ab\u00a0un r\u00e9seau d&rsquo;entraide local devenu n\u00e9cessaire\u00a0\u00bb"}]},{"@type":"WebSite","@id":"https:\/\/newsestlyonnais.fr\/site\/#website","url":"https:\/\/newsestlyonnais.fr\/site\/","name":"News Est Lyonnais","description":"L&#039;actualit\u00e9 au plus pr\u00e8s","publisher":{"@id":"https:\/\/newsestlyonnais.fr\/site\/#organization"},"potentialAction":[{"@type":"SearchAction","target":{"@type":"EntryPoint","urlTemplate":"https:\/\/newsestlyonnais.fr\/site\/?s={search_term_string}"},"query-input":{"@type":"PropertyValueSpecification","valueRequired":true,"valueName":"search_term_string"}}],"inLanguage":"fr-FR"},{"@type":"Organization","@id":"https:\/\/newsestlyonnais.fr\/site\/#organization","name":"News EST LYONNAIS","url":"https:\/\/newsestlyonnais.fr\/site\/","logo":{"@type":"ImageObject","inLanguage":"fr-FR","@id":"https:\/\/newsestlyonnais.fr\/site\/#\/schema\/logo\/image\/","url":"","contentUrl":"","caption":"News EST LYONNAIS"},"image":{"@id":"https:\/\/newsestlyonnais.fr\/site\/#\/schema\/logo\/image\/"}},{"@type":"Person","@id":"https:\/\/newsestlyonnais.fr\/site\/#\/schema\/person\/3230d5615f390bb808365d673001e887","name":"R\u00e9dac. NEWS","sameAs":["http:\/\/www.newsestlyonnais.fr","https:\/\/www.facebook.com\/pascal.oberson.1?fref=ts","https:\/\/fr.linkedin.com\/in\/pascal-oberson-b17045113"],"url":"https:\/\/newsestlyonnais.fr\/site\/author\/nel\/"}]}},"_links":{"self":[{"href":"https:\/\/newsestlyonnais.fr\/site\/wp-json\/wp\/v2\/posts\/120180","targetHints":{"allow":["GET"]}}],"collection":[{"href":"https:\/\/newsestlyonnais.fr\/site\/wp-json\/wp\/v2\/posts"}],"about":[{"href":"https:\/\/newsestlyonnais.fr\/site\/wp-json\/wp\/v2\/types\/post"}],"author":[{"embeddable":true,"href":"https:\/\/newsestlyonnais.fr\/site\/wp-json\/wp\/v2\/users\/4"}],"replies":[{"embeddable":true,"href":"https:\/\/newsestlyonnais.fr\/site\/wp-json\/wp\/v2\/comments?post=120180"}],"version-history":[{"count":0,"href":"https:\/\/newsestlyonnais.fr\/site\/wp-json\/wp\/v2\/posts\/120180\/revisions"}],"wp:featuredmedia":[{"embeddable":true,"href":"https:\/\/newsestlyonnais.fr\/site\/wp-json\/wp\/v2\/media\/120183"}],"wp:attachment":[{"href":"https:\/\/newsestlyonnais.fr\/site\/wp-json\/wp\/v2\/media?parent=120180"}],"wp:term":[{"taxonomy":"category","embeddable":true,"href":"https:\/\/newsestlyonnais.fr\/site\/wp-json\/wp\/v2\/categories?post=120180"},{"taxonomy":"post_tag","embeddable":true,"href":"https:\/\/newsestlyonnais.fr\/site\/wp-json\/wp\/v2\/tags?post=120180"}],"curies":[{"name":"wp","href":"https:\/\/api.w.org\/{rel}","templated":true}]}}