{"id":121440,"date":"2021-01-01T18:11:22","date_gmt":"2021-01-01T17:11:22","guid":{"rendered":"http:\/\/newsestlyonnais.fr\/site\/?p=121440"},"modified":"2021-05-05T15:57:16","modified_gmt":"2021-05-05T14:57:16","slug":"decines-exposition-des-dessins-dherve-le-fur","status":"publish","type":"post","link":"https:\/\/newsestlyonnais.fr\/site\/2021\/01\/01\/decines-exposition-des-dessins-dherve-le-fur\/","title":{"rendered":"DECINES | Exposition des dessins d&rsquo;Herv\u00e9 Le Fur"},"content":{"rendered":"<p>Natif du Morbihan, <strong>Herv\u00e9 LE FUR s\u2019installe en 1990 \u00e0 Villeurbanne<\/strong>. En parall\u00e8le de sa passion artistique, il travaille comme technicien \u00e0 la Poste.<\/p>\n<p>D\u00e8s son plus jeune \u00e2ge, il commence \u00e0 reproduire des dessins de personnages BD. Il commence \u00e0 tester la peinture \u00e0 huile et la craie d\u2019art. Progressivement il se tourne vers le stylo \u00e0 bille et \u00e9volue vers les crayons graphites.<\/p>\n<p><strong>L\u2019artiste dessine comme il lit, de gauche \u00e0 droite, de haut en bas, ligne par ligne.<\/strong> \u00ab La patience, la lenteur d\u2019ex\u00e9cution et la pr\u00e9cision sont tr\u00e8s important dans la cr\u00e9ation d\u2019un portrait \u00bb<\/p>\n<hr \/>\n<p><em><strong>Suivez l&rsquo;artiste sur :<\/strong><\/em><\/p>\n<ul>\n<li><a href=\"https:\/\/www.facebook.com\/manvale.dessins\"><span style=\"color: #0000ff;\">https:\/\/www.facebook.com\/manvale.dessins<\/span><\/a><\/li>\n<li><span style=\"color: #0000ff;\"><a style=\"color: #0000ff;\" href=\"https:\/\/www.instagram.com\/herve.lefur_dessins\/?hl=fr\"><span style=\"color: #0000ff;\">https:\/\/www.instagram.com\/herve.lefur_dessins\/?hl=fr<\/span><\/a><\/span><\/li>\n<\/ul>\n<hr \/>\n<p>&nbsp;<\/p>\n","protected":false},"excerpt":{"rendered":"<p>Visible du 19 janvier au 13 f\u00e9vrier 2021 au premier \u00e9tage de la M\u00e9diath\u00e8que.<\/p>\n","protected":false},"author":4,"featured_media":121434,"comment_status":"open","ping_status":"open","sticky":false,"template":"","format":"standard","meta":{"footnotes":""},"categories":[3427,2217,21,3329],"tags":[2116,1993,3498],"class_list":["post-121440","post","type-post","status-publish","format-standard","has-post-thumbnail","hentry","category-arts-creatifs-dessin","category-breves-de-lest-lyonnais","category-decines-charpieu","category-expos-foires-musees-salons","tag-decines","tag-exposition","tag-herve-le-fur"],"yoast_head":"<!-- This site is optimized with the Yoast SEO plugin v27.2 - https:\/\/yoast.com\/product\/yoast-seo-wordpress\/ -->\n<title>DECINES | Exposition des dessins d&#039;Herv\u00e9 Le Fur - News Est Lyonnais<\/title>\n<meta name=\"description\" content=\"DECINES | Exposition des dessins d&#039;Herv\u00e9 Le Fur\" \/>\n<meta name=\"robots\" content=\"index, follow, max-snippet:-1, max-image-preview:large, max-video-preview:-1\" \/>\n<link rel=\"canonical\" href=\"https:\/\/newsestlyonnais.fr\/site\/2021\/01\/01\/decines-exposition-des-dessins-dherve-le-fur\/\" \/>\n<meta property=\"og:locale\" content=\"fr_FR\" \/>\n<meta property=\"og:type\" content=\"article\" \/>\n<meta property=\"og:title\" content=\"DECINES | Exposition des dessins d&#039;Herv\u00e9 Le Fur - News Est Lyonnais\" \/>\n<meta property=\"og:description\" content=\"DECINES | Exposition des dessins d&#039;Herv\u00e9 Le Fur\" \/>\n<meta property=\"og:url\" content=\"https:\/\/newsestlyonnais.fr\/site\/2021\/01\/01\/decines-exposition-des-dessins-dherve-le-fur\/\" \/>\n<meta property=\"og:site_name\" content=\"News Est Lyonnais\" \/>\n<meta property=\"article:author\" content=\"https:\/\/www.facebook.com\/pascal.oberson.1?fref=ts\" \/>\n<meta property=\"article:published_time\" content=\"2021-01-01T17:11:22+00:00\" \/>\n<meta property=\"article:modified_time\" content=\"2021-05-05T14:57:16+00:00\" \/>\n<meta property=\"og:image\" content=\"https:\/\/i2.wp.com\/newsestlyonnais.fr\/site\/wp-content\/uploads\/2021\/01\/8359_356_Exposition-Herve-le-Fur.jpg?fit=240%2C420&ssl=1\" \/>\n\t<meta property=\"og:image:width\" content=\"240\" \/>\n\t<meta property=\"og:image:height\" content=\"420\" \/>\n\t<meta property=\"og:image:type\" content=\"image\/jpeg\" \/>\n<meta name=\"author\" content=\"R\u00e9dac. NEWS\" \/>\n<meta name=\"twitter:card\" content=\"summary_large_image\" \/>\n<meta name=\"twitter:label1\" content=\"\u00c9crit par\" \/>\n\t<meta name=\"twitter:data1\" content=\"R\u00e9dac. NEWS\" \/>\n\t<meta name=\"twitter:label2\" content=\"Dur\u00e9e de lecture estim\u00e9e\" \/>\n\t<meta name=\"twitter:data2\" content=\"1 minute\" \/>\n<script type=\"application\/ld+json\" class=\"yoast-schema-graph\">{\"@context\":\"https:\/\/schema.org\",\"@graph\":[{\"@type\":\"Article\",\"@id\":\"https:\/\/newsestlyonnais.fr\/site\/2021\/01\/01\/decines-exposition-des-dessins-dherve-le-fur\/#article\",\"isPartOf\":{\"@id\":\"https:\/\/newsestlyonnais.fr\/site\/2021\/01\/01\/decines-exposition-des-dessins-dherve-le-fur\/\"},\"author\":{\"name\":\"R\u00e9dac. NEWS\",\"@id\":\"https:\/\/newsestlyonnais.fr\/site\/#\/schema\/person\/3230d5615f390bb808365d673001e887\"},\"headline\":\"DECINES | Exposition des dessins d&rsquo;Herv\u00e9 Le Fur\",\"datePublished\":\"2021-01-01T17:11:22+00:00\",\"dateModified\":\"2021-05-05T14:57:16+00:00\",\"mainEntityOfPage\":{\"@id\":\"https:\/\/newsestlyonnais.fr\/site\/2021\/01\/01\/decines-exposition-des-dessins-dherve-le-fur\/\"},\"wordCount\":128,\"commentCount\":0,\"publisher\":{\"@id\":\"https:\/\/newsestlyonnais.fr\/site\/#organization\"},\"image\":{\"@id\":\"https:\/\/newsestlyonnais.fr\/site\/2021\/01\/01\/decines-exposition-des-dessins-dherve-le-fur\/#primaryimage\"},\"thumbnailUrl\":\"https:\/\/newsestlyonnais.fr\/site\/wp-content\/uploads\/2021\/01\/8359_356_Exposition-Herve-le-Fur.jpg\",\"keywords\":[\"DECINES\",\"exposition\",\"Herv\u00e9 Le Fur\"],\"articleSection\":[\"Arts cr\u00e9atifs | Dessin\",\"Br\u00e8ves de l'Est lyonnais\",\"D\u00e9cines-Charpieu\",\"Expos | Foires | Mus\u00e9es | Salons\"],\"inLanguage\":\"fr-FR\",\"potentialAction\":[{\"@type\":\"CommentAction\",\"name\":\"Comment\",\"target\":[\"https:\/\/newsestlyonnais.fr\/site\/2021\/01\/01\/decines-exposition-des-dessins-dherve-le-fur\/#respond\"]}]},{\"@type\":\"WebPage\",\"@id\":\"https:\/\/newsestlyonnais.fr\/site\/2021\/01\/01\/decines-exposition-des-dessins-dherve-le-fur\/\",\"url\":\"https:\/\/newsestlyonnais.fr\/site\/2021\/01\/01\/decines-exposition-des-dessins-dherve-le-fur\/\",\"name\":\"DECINES | Exposition des dessins d'Herv\u00e9 Le Fur - News Est Lyonnais\",\"isPartOf\":{\"@id\":\"https:\/\/newsestlyonnais.fr\/site\/#website\"},\"primaryImageOfPage\":{\"@id\":\"https:\/\/newsestlyonnais.fr\/site\/2021\/01\/01\/decines-exposition-des-dessins-dherve-le-fur\/#primaryimage\"},\"image\":{\"@id\":\"https:\/\/newsestlyonnais.fr\/site\/2021\/01\/01\/decines-exposition-des-dessins-dherve-le-fur\/#primaryimage\"},\"thumbnailUrl\":\"https:\/\/newsestlyonnais.fr\/site\/wp-content\/uploads\/2021\/01\/8359_356_Exposition-Herve-le-Fur.jpg\",\"datePublished\":\"2021-01-01T17:11:22+00:00\",\"dateModified\":\"2021-05-05T14:57:16+00:00\",\"description\":\"DECINES | Exposition des dessins d'Herv\u00e9 Le Fur\",\"breadcrumb\":{\"@id\":\"https:\/\/newsestlyonnais.fr\/site\/2021\/01\/01\/decines-exposition-des-dessins-dherve-le-fur\/#breadcrumb\"},\"inLanguage\":\"fr-FR\",\"potentialAction\":[{\"@type\":\"ReadAction\",\"target\":[\"https:\/\/newsestlyonnais.fr\/site\/2021\/01\/01\/decines-exposition-des-dessins-dherve-le-fur\/\"]}]},{\"@type\":\"ImageObject\",\"inLanguage\":\"fr-FR\",\"@id\":\"https:\/\/newsestlyonnais.fr\/site\/2021\/01\/01\/decines-exposition-des-dessins-dherve-le-fur\/#primaryimage\",\"url\":\"https:\/\/newsestlyonnais.fr\/site\/wp-content\/uploads\/2021\/01\/8359_356_Exposition-Herve-le-Fur.jpg\",\"contentUrl\":\"https:\/\/newsestlyonnais.fr\/site\/wp-content\/uploads\/2021\/01\/8359_356_Exposition-Herve-le-Fur.jpg\",\"width\":240,\"height\":420},{\"@type\":\"BreadcrumbList\",\"@id\":\"https:\/\/newsestlyonnais.fr\/site\/2021\/01\/01\/decines-exposition-des-dessins-dherve-le-fur\/#breadcrumb\",\"itemListElement\":[{\"@type\":\"ListItem\",\"position\":1,\"name\":\"Accueil\",\"item\":\"https:\/\/newsestlyonnais.fr\/site\/\"},{\"@type\":\"ListItem\",\"position\":2,\"name\":\"DECINES | Exposition des dessins d&rsquo;Herv\u00e9 Le Fur\"}]},{\"@type\":\"WebSite\",\"@id\":\"https:\/\/newsestlyonnais.fr\/site\/#website\",\"url\":\"https:\/\/newsestlyonnais.fr\/site\/\",\"name\":\"News Est Lyonnais\",\"description\":\"L&#039;actualit\u00e9 au plus pr\u00e8s\",\"publisher\":{\"@id\":\"https:\/\/newsestlyonnais.fr\/site\/#organization\"},\"potentialAction\":[{\"@type\":\"SearchAction\",\"target\":{\"@type\":\"EntryPoint\",\"urlTemplate\":\"https:\/\/newsestlyonnais.fr\/site\/?s={search_term_string}\"},\"query-input\":{\"@type\":\"PropertyValueSpecification\",\"valueRequired\":true,\"valueName\":\"search_term_string\"}}],\"inLanguage\":\"fr-FR\"},{\"@type\":\"Organization\",\"@id\":\"https:\/\/newsestlyonnais.fr\/site\/#organization\",\"name\":\"News EST LYONNAIS\",\"url\":\"https:\/\/newsestlyonnais.fr\/site\/\",\"logo\":{\"@type\":\"ImageObject\",\"inLanguage\":\"fr-FR\",\"@id\":\"https:\/\/newsestlyonnais.fr\/site\/#\/schema\/logo\/image\/\",\"url\":\"\",\"contentUrl\":\"\",\"caption\":\"News EST LYONNAIS\"},\"image\":{\"@id\":\"https:\/\/newsestlyonnais.fr\/site\/#\/schema\/logo\/image\/\"}},{\"@type\":\"Person\",\"@id\":\"https:\/\/newsestlyonnais.fr\/site\/#\/schema\/person\/3230d5615f390bb808365d673001e887\",\"name\":\"R\u00e9dac. NEWS\",\"sameAs\":[\"http:\/\/www.newsestlyonnais.fr\",\"https:\/\/www.facebook.com\/pascal.oberson.1?fref=ts\",\"https:\/\/fr.linkedin.com\/in\/pascal-oberson-b17045113\"],\"url\":\"https:\/\/newsestlyonnais.fr\/site\/author\/nel\/\"}]}<\/script>\n<!-- \/ Yoast SEO plugin. -->","yoast_head_json":{"title":"DECINES | Exposition des dessins d'Herv\u00e9 Le Fur - News Est Lyonnais","description":"DECINES | Exposition des dessins d'Herv\u00e9 Le Fur","robots":{"index":"index","follow":"follow","max-snippet":"max-snippet:-1","max-image-preview":"max-image-preview:large","max-video-preview":"max-video-preview:-1"},"canonical":"https:\/\/newsestlyonnais.fr\/site\/2021\/01\/01\/decines-exposition-des-dessins-dherve-le-fur\/","og_locale":"fr_FR","og_type":"article","og_title":"DECINES | Exposition des dessins d'Herv\u00e9 Le Fur - News Est Lyonnais","og_description":"DECINES | Exposition des dessins d'Herv\u00e9 Le Fur","og_url":"https:\/\/newsestlyonnais.fr\/site\/2021\/01\/01\/decines-exposition-des-dessins-dherve-le-fur\/","og_site_name":"News Est Lyonnais","article_author":"https:\/\/www.facebook.com\/pascal.oberson.1?fref=ts","article_published_time":"2021-01-01T17:11:22+00:00","article_modified_time":"2021-05-05T14:57:16+00:00","og_image":[{"width":240,"height":420,"url":"https:\/\/i2.wp.com\/newsestlyonnais.fr\/site\/wp-content\/uploads\/2021\/01\/8359_356_Exposition-Herve-le-Fur.jpg?fit=240%2C420&ssl=1","type":"image\/jpeg"}],"author":"R\u00e9dac. NEWS","twitter_card":"summary_large_image","twitter_misc":{"\u00c9crit par":"R\u00e9dac. NEWS","Dur\u00e9e de lecture estim\u00e9e":"1 minute"},"schema":{"@context":"https:\/\/schema.org","@graph":[{"@type":"Article","@id":"https:\/\/newsestlyonnais.fr\/site\/2021\/01\/01\/decines-exposition-des-dessins-dherve-le-fur\/#article","isPartOf":{"@id":"https:\/\/newsestlyonnais.fr\/site\/2021\/01\/01\/decines-exposition-des-dessins-dherve-le-fur\/"},"author":{"name":"R\u00e9dac. NEWS","@id":"https:\/\/newsestlyonnais.fr\/site\/#\/schema\/person\/3230d5615f390bb808365d673001e887"},"headline":"DECINES | Exposition des dessins d&rsquo;Herv\u00e9 Le Fur","datePublished":"2021-01-01T17:11:22+00:00","dateModified":"2021-05-05T14:57:16+00:00","mainEntityOfPage":{"@id":"https:\/\/newsestlyonnais.fr\/site\/2021\/01\/01\/decines-exposition-des-dessins-dherve-le-fur\/"},"wordCount":128,"commentCount":0,"publisher":{"@id":"https:\/\/newsestlyonnais.fr\/site\/#organization"},"image":{"@id":"https:\/\/newsestlyonnais.fr\/site\/2021\/01\/01\/decines-exposition-des-dessins-dherve-le-fur\/#primaryimage"},"thumbnailUrl":"https:\/\/newsestlyonnais.fr\/site\/wp-content\/uploads\/2021\/01\/8359_356_Exposition-Herve-le-Fur.jpg","keywords":["DECINES","exposition","Herv\u00e9 Le Fur"],"articleSection":["Arts cr\u00e9atifs | Dessin","Br\u00e8ves de l'Est lyonnais","D\u00e9cines-Charpieu","Expos | Foires | Mus\u00e9es | Salons"],"inLanguage":"fr-FR","potentialAction":[{"@type":"CommentAction","name":"Comment","target":["https:\/\/newsestlyonnais.fr\/site\/2021\/01\/01\/decines-exposition-des-dessins-dherve-le-fur\/#respond"]}]},{"@type":"WebPage","@id":"https:\/\/newsestlyonnais.fr\/site\/2021\/01\/01\/decines-exposition-des-dessins-dherve-le-fur\/","url":"https:\/\/newsestlyonnais.fr\/site\/2021\/01\/01\/decines-exposition-des-dessins-dherve-le-fur\/","name":"DECINES | Exposition des dessins d'Herv\u00e9 Le Fur - News Est Lyonnais","isPartOf":{"@id":"https:\/\/newsestlyonnais.fr\/site\/#website"},"primaryImageOfPage":{"@id":"https:\/\/newsestlyonnais.fr\/site\/2021\/01\/01\/decines-exposition-des-dessins-dherve-le-fur\/#primaryimage"},"image":{"@id":"https:\/\/newsestlyonnais.fr\/site\/2021\/01\/01\/decines-exposition-des-dessins-dherve-le-fur\/#primaryimage"},"thumbnailUrl":"https:\/\/newsestlyonnais.fr\/site\/wp-content\/uploads\/2021\/01\/8359_356_Exposition-Herve-le-Fur.jpg","datePublished":"2021-01-01T17:11:22+00:00","dateModified":"2021-05-05T14:57:16+00:00","description":"DECINES | Exposition des dessins d'Herv\u00e9 Le Fur","breadcrumb":{"@id":"https:\/\/newsestlyonnais.fr\/site\/2021\/01\/01\/decines-exposition-des-dessins-dherve-le-fur\/#breadcrumb"},"inLanguage":"fr-FR","potentialAction":[{"@type":"ReadAction","target":["https:\/\/newsestlyonnais.fr\/site\/2021\/01\/01\/decines-exposition-des-dessins-dherve-le-fur\/"]}]},{"@type":"ImageObject","inLanguage":"fr-FR","@id":"https:\/\/newsestlyonnais.fr\/site\/2021\/01\/01\/decines-exposition-des-dessins-dherve-le-fur\/#primaryimage","url":"https:\/\/newsestlyonnais.fr\/site\/wp-content\/uploads\/2021\/01\/8359_356_Exposition-Herve-le-Fur.jpg","contentUrl":"https:\/\/newsestlyonnais.fr\/site\/wp-content\/uploads\/2021\/01\/8359_356_Exposition-Herve-le-Fur.jpg","width":240,"height":420},{"@type":"BreadcrumbList","@id":"https:\/\/newsestlyonnais.fr\/site\/2021\/01\/01\/decines-exposition-des-dessins-dherve-le-fur\/#breadcrumb","itemListElement":[{"@type":"ListItem","position":1,"name":"Accueil","item":"https:\/\/newsestlyonnais.fr\/site\/"},{"@type":"ListItem","position":2,"name":"DECINES | Exposition des dessins d&rsquo;Herv\u00e9 Le Fur"}]},{"@type":"WebSite","@id":"https:\/\/newsestlyonnais.fr\/site\/#website","url":"https:\/\/newsestlyonnais.fr\/site\/","name":"News Est Lyonnais","description":"L&#039;actualit\u00e9 au plus pr\u00e8s","publisher":{"@id":"https:\/\/newsestlyonnais.fr\/site\/#organization"},"potentialAction":[{"@type":"SearchAction","target":{"@type":"EntryPoint","urlTemplate":"https:\/\/newsestlyonnais.fr\/site\/?s={search_term_string}"},"query-input":{"@type":"PropertyValueSpecification","valueRequired":true,"valueName":"search_term_string"}}],"inLanguage":"fr-FR"},{"@type":"Organization","@id":"https:\/\/newsestlyonnais.fr\/site\/#organization","name":"News EST LYONNAIS","url":"https:\/\/newsestlyonnais.fr\/site\/","logo":{"@type":"ImageObject","inLanguage":"fr-FR","@id":"https:\/\/newsestlyonnais.fr\/site\/#\/schema\/logo\/image\/","url":"","contentUrl":"","caption":"News EST LYONNAIS"},"image":{"@id":"https:\/\/newsestlyonnais.fr\/site\/#\/schema\/logo\/image\/"}},{"@type":"Person","@id":"https:\/\/newsestlyonnais.fr\/site\/#\/schema\/person\/3230d5615f390bb808365d673001e887","name":"R\u00e9dac. NEWS","sameAs":["http:\/\/www.newsestlyonnais.fr","https:\/\/www.facebook.com\/pascal.oberson.1?fref=ts","https:\/\/fr.linkedin.com\/in\/pascal-oberson-b17045113"],"url":"https:\/\/newsestlyonnais.fr\/site\/author\/nel\/"}]}},"_links":{"self":[{"href":"https:\/\/newsestlyonnais.fr\/site\/wp-json\/wp\/v2\/posts\/121440","targetHints":{"allow":["GET"]}}],"collection":[{"href":"https:\/\/newsestlyonnais.fr\/site\/wp-json\/wp\/v2\/posts"}],"about":[{"href":"https:\/\/newsestlyonnais.fr\/site\/wp-json\/wp\/v2\/types\/post"}],"author":[{"embeddable":true,"href":"https:\/\/newsestlyonnais.fr\/site\/wp-json\/wp\/v2\/users\/4"}],"replies":[{"embeddable":true,"href":"https:\/\/newsestlyonnais.fr\/site\/wp-json\/wp\/v2\/comments?post=121440"}],"version-history":[{"count":0,"href":"https:\/\/newsestlyonnais.fr\/site\/wp-json\/wp\/v2\/posts\/121440\/revisions"}],"wp:featuredmedia":[{"embeddable":true,"href":"https:\/\/newsestlyonnais.fr\/site\/wp-json\/wp\/v2\/media\/121434"}],"wp:attachment":[{"href":"https:\/\/newsestlyonnais.fr\/site\/wp-json\/wp\/v2\/media?parent=121440"}],"wp:term":[{"taxonomy":"category","embeddable":true,"href":"https:\/\/newsestlyonnais.fr\/site\/wp-json\/wp\/v2\/categories?post=121440"},{"taxonomy":"post_tag","embeddable":true,"href":"https:\/\/newsestlyonnais.fr\/site\/wp-json\/wp\/v2\/tags?post=121440"}],"curies":[{"name":"wp","href":"https:\/\/api.w.org\/{rel}","templated":true}]}}