{"id":121447,"date":"2020-12-27T07:00:36","date_gmt":"2020-12-27T06:00:36","guid":{"rendered":"http:\/\/newsestlyonnais.fr\/site\/?p=121447"},"modified":"2021-02-26T15:15:51","modified_gmt":"2021-02-26T14:15:51","slug":"feyzin-participez-aux-rendez-vous-nature","status":"publish","type":"post","link":"https:\/\/newsestlyonnais.fr\/site\/2020\/12\/27\/feyzin-participez-aux-rendez-vous-nature\/","title":{"rendered":"FEYZIN | Participez aux rendez-vous nature"},"content":{"rendered":"<p><strong>Ceci en partenariat avec la M\u00e9tropole de Lyon, les Villes de Feyzin, Corbas et V\u00e9nissieux et d&rsquo;associations partenaires<\/strong> comme<span style=\"color: #0000ff;\">\u00a0<a style=\"color: #0000ff;\" href=\"https:\/\/www.lpo-rhone.fr\" target=\"_blank\" rel=\"noopener\">la LPO du Rh\u00f4ne<\/a><\/span>, <a href=\"http:\/\/www.auvergnerhonealpes.bio\/qui-sommes-nous\/ardab\" target=\"_blank\" rel=\"noopener\">l&rsquo;ARDAB<\/a>, <a href=\"https:\/\/www.facebook.com\/greine.despres\" target=\"_blank\" rel=\"noopener\"><span style=\"color: #0000ff;\">G&rsquo;reine des Pr\u00e8s<\/span><\/a> et <a href=\"https:\/\/www.arthropologia.org\" target=\"_blank\" rel=\"noopener\"><span style=\"color: #0000ff;\">Arthropologia<\/span><\/a>.<\/p>\n<hr \/>\n<p>D\u00e8s janvier 2021, d\u00e9couvrez <strong>plusieurs animations autour des oiseaux<\/strong>, en particulier pour appr\u00e9hender leur mode de vie hivernal (<strong>16 et 31 janvier<\/strong>), et des petites b\u00eates qui peuplent l&rsquo;espace naturel et pr\u00e9serv\u00e9 (<strong>9 f\u00e9vrier<\/strong>).<\/p>\n<p><strong>Le 3 f\u00e9vrie<\/strong>r au <span style=\"color: #0000ff;\"><a style=\"color: #0000ff;\" href=\"https:\/\/www.lefortdefeyzin.fr\" target=\"_blank\" rel=\"noopener\">Fort de Feyzin<\/a><\/span>, prenez part \u00e0 un temps d&rsquo;\u00e9changes autour de l&rsquo;agriculture biologique des Grandes Terres, avec la participation de Jean-Charles Jocteur de la SARL Menajoc.<\/p>\n<hr \/>\n<h2><span style=\"text-decoration: underline;\">Les sorties hivernales<\/span><\/h2>\n<ul>\n<li><span style=\"text-decoration: underline;\"><em><strong>Un food-truck pour les oiseaux<\/strong><\/em><\/span> (<strong>Samedi 16 janvier<\/strong> 2021, de 14 h \u00e0 16 h \/ Fort de Feyzin).<\/li>\n<\/ul>\n<p>Partir d&rsquo;un agrume pour nourrir les oiseaux et les humains ? C&rsquo;est possible ! Chaque participant apporte un agrume qu&rsquo;il transformera en mangeoire \u00e0 oiseaux et en jus ! Les participants doivent rapporter des oranges, citrons ou pamplemousses !<\/p>\n<p>Animation en partenariat avec la Ligue de Protection des Oiseaux du Rh\u00f4ne.<\/p>\n<ul>\n<li><span style=\"font-size: 12pt;\"><em><strong><span style=\"text-decoration: underline;\">Que font les oiseaux en hiver<\/span> ?<\/strong><\/em> (<strong>Dimanche 31 janvier<\/strong> 2021, de 10 h \u00e0 12 h et de 15 h \u00e0 17 h \/ Fort de Feyzin).<\/span><\/li>\n<\/ul>\n<p>D\u00e9couvrez comment se passe la vie des oiseaux des Grandes Terres qui ne migrent pas pour l&rsquo;hiver. \u00c0 cette occasion, la boulangerie du Fort sera ouverte.<\/p>\n<p>Animation en partenariat avec la Ligue de Protection des Oiseaux du Rh\u00f4ne.<\/p>\n<ul>\n<li><em><span style=\"text-decoration: underline;\"><strong>L&rsquo;agriculture bio des Grandes Terres <\/strong><\/span>(<\/em><strong>Mercredi 3 f\u00e9vrier<\/strong> 2021, de 18 h \u00e0 20 h \/ Fort de Feyzin).<\/li>\n<\/ul>\n<p>Un temps d&rsquo;\u00e9change pour mieux comprendre l&rsquo;agriculture biologique et ses enjeux. D\u00e9gustation de pains avec la participation de la SARL M\u00e9najoc.<\/p>\n<p>Animation en partenariat avec l&rsquo;Association Rh\u00f4ne-Loire pour le D\u00e9veloppement de l&rsquo;Agriculture Biologique (ARDAB).<\/p>\n<ul>\n<li><span style=\"text-decoration: underline;\"><em><strong>Petites bestioles des champs ou bois<\/strong><\/em><\/span> (<strong>Mercredi 9 f\u00e9vrier<\/strong> 2021, de 14 h \u00e0 16 h \/ Grandes Terres).<\/li>\n<\/ul>\n<p>Nos for\u00eats et nos prairies abritent une petite faune particuli\u00e8re : lucanes cerfs-volants, papillons sylvain, cloportes, lithobies, etc. Autant de b\u00eates que vous croiserez peut-\u00eatre lors d&rsquo;une balade \u00e0 la d\u00e9couverte des insectes et autres arthropodes.<\/p>\n<p>Animation en partenariat avec l&rsquo;association Anthropologia.<\/p>\n<ul>\n<li><span style=\"font-size: 12pt;\"><span style=\"text-decoration: underline;\"><em><strong>La biodiversit\u00e9 en hiver<\/strong><\/em><\/span> (<\/span><strong>Samedi 13 f\u00e9vrie<\/strong>r 2021, de 14 h \u00e0 16 h \/ Bois du Fort).<\/li>\n<\/ul>\n<p>Partez en balade \u00e0 la d\u00e9couverte de la biodiversit\u00e9 hivernale des bois du Fort<\/p>\n<hr \/>\n<p><strong>Programme complet rendez-vous nature<\/strong> : <a href=\"https:\/\/www.ville-feyzin.fr\/images\/zoom%20sur\/Programme_Rendez_vous_Nature_2020_2021.pdf\">https:\/\/www.ville-feyzin.fr\/images\/zoom%20sur\/Programme_Rendez_vous_Nature_2020_2021.pdf<\/a><\/p>\n<hr \/>\n<p>&nbsp;<\/p>\n","protected":false},"excerpt":{"rendered":"<p>Jusqu&rsquo;en juillet, des \u00e9v\u00e9nements gratuits organis\u00e9s dans le cadre du Projet Nature des Grandes Terres.<\/p>\n","protected":false},"author":4,"featured_media":121450,"comment_status":"open","ping_status":"open","sticky":false,"template":"","format":"standard","meta":{"footnotes":""},"categories":[1287,3010,1298],"tags":[2963,2359],"class_list":["post-121447","post","type-post","status-publish","format-standard","has-post-thumbnail","hentry","category-corbas-feyzin","category-nature-environnement-culture-et-loisirs","category-venissieux","tag-feyzin","tag-nature"],"yoast_head":"<!-- This site is optimized with the Yoast SEO plugin v27.2 - https:\/\/yoast.com\/product\/yoast-seo-wordpress\/ -->\n<title>FEYZIN | Participez aux rendez-vous nature - News Est Lyonnais<\/title>\n<meta name=\"description\" content=\"FEYZIN | Participez aux rendez-vous nature\" \/>\n<meta name=\"robots\" content=\"index, follow, max-snippet:-1, max-image-preview:large, max-video-preview:-1\" \/>\n<link rel=\"canonical\" href=\"https:\/\/newsestlyonnais.fr\/site\/2020\/12\/27\/feyzin-participez-aux-rendez-vous-nature\/\" \/>\n<meta property=\"og:locale\" content=\"fr_FR\" \/>\n<meta property=\"og:type\" content=\"article\" \/>\n<meta property=\"og:title\" content=\"FEYZIN | Participez aux rendez-vous nature - News Est Lyonnais\" \/>\n<meta property=\"og:description\" content=\"FEYZIN | Participez aux rendez-vous nature\" \/>\n<meta property=\"og:url\" content=\"https:\/\/newsestlyonnais.fr\/site\/2020\/12\/27\/feyzin-participez-aux-rendez-vous-nature\/\" \/>\n<meta property=\"og:site_name\" content=\"News Est Lyonnais\" \/>\n<meta property=\"article:author\" content=\"https:\/\/www.facebook.com\/pascal.oberson.1?fref=ts\" \/>\n<meta property=\"article:published_time\" content=\"2020-12-27T06:00:36+00:00\" \/>\n<meta property=\"article:modified_time\" content=\"2021-02-26T14:15:51+00:00\" \/>\n<meta property=\"og:image\" content=\"https:\/\/i0.wp.com\/newsestlyonnais.fr\/site\/wp-content\/uploads\/2021\/01\/affiche-rendez-vous-nature-2020-2021.jpg?fit=1182%2C1655&ssl=1\" \/>\n\t<meta property=\"og:image:width\" content=\"1182\" \/>\n\t<meta property=\"og:image:height\" content=\"1655\" \/>\n\t<meta property=\"og:image:type\" content=\"image\/jpeg\" \/>\n<meta name=\"author\" content=\"R\u00e9dac. NEWS\" \/>\n<meta name=\"twitter:card\" content=\"summary_large_image\" \/>\n<meta name=\"twitter:label1\" content=\"\u00c9crit par\" \/>\n\t<meta name=\"twitter:data1\" content=\"R\u00e9dac. NEWS\" \/>\n\t<meta name=\"twitter:label2\" content=\"Dur\u00e9e de lecture estim\u00e9e\" \/>\n\t<meta name=\"twitter:data2\" content=\"2 minutes\" \/>\n<script type=\"application\/ld+json\" class=\"yoast-schema-graph\">{\"@context\":\"https:\/\/schema.org\",\"@graph\":[{\"@type\":\"Article\",\"@id\":\"https:\/\/newsestlyonnais.fr\/site\/2020\/12\/27\/feyzin-participez-aux-rendez-vous-nature\/#article\",\"isPartOf\":{\"@id\":\"https:\/\/newsestlyonnais.fr\/site\/2020\/12\/27\/feyzin-participez-aux-rendez-vous-nature\/\"},\"author\":{\"name\":\"R\u00e9dac. NEWS\",\"@id\":\"https:\/\/newsestlyonnais.fr\/site\/#\/schema\/person\/3230d5615f390bb808365d673001e887\"},\"headline\":\"FEYZIN | Participez aux rendez-vous nature\",\"datePublished\":\"2020-12-27T06:00:36+00:00\",\"dateModified\":\"2021-02-26T14:15:51+00:00\",\"mainEntityOfPage\":{\"@id\":\"https:\/\/newsestlyonnais.fr\/site\/2020\/12\/27\/feyzin-participez-aux-rendez-vous-nature\/\"},\"wordCount\":395,\"commentCount\":0,\"publisher\":{\"@id\":\"https:\/\/newsestlyonnais.fr\/site\/#organization\"},\"image\":{\"@id\":\"https:\/\/newsestlyonnais.fr\/site\/2020\/12\/27\/feyzin-participez-aux-rendez-vous-nature\/#primaryimage\"},\"thumbnailUrl\":\"https:\/\/newsestlyonnais.fr\/site\/wp-content\/uploads\/2021\/01\/affiche-rendez-vous-nature-2020-2021.jpg\",\"keywords\":[\"FEYZIN\",\"NATURE\"],\"articleSection\":[\"Corbas | Feyzin\",\"Nature | Environnement | Chasse\",\"V\u00e9nissieux\"],\"inLanguage\":\"fr-FR\",\"potentialAction\":[{\"@type\":\"CommentAction\",\"name\":\"Comment\",\"target\":[\"https:\/\/newsestlyonnais.fr\/site\/2020\/12\/27\/feyzin-participez-aux-rendez-vous-nature\/#respond\"]}]},{\"@type\":\"WebPage\",\"@id\":\"https:\/\/newsestlyonnais.fr\/site\/2020\/12\/27\/feyzin-participez-aux-rendez-vous-nature\/\",\"url\":\"https:\/\/newsestlyonnais.fr\/site\/2020\/12\/27\/feyzin-participez-aux-rendez-vous-nature\/\",\"name\":\"FEYZIN | Participez aux rendez-vous nature - News Est Lyonnais\",\"isPartOf\":{\"@id\":\"https:\/\/newsestlyonnais.fr\/site\/#website\"},\"primaryImageOfPage\":{\"@id\":\"https:\/\/newsestlyonnais.fr\/site\/2020\/12\/27\/feyzin-participez-aux-rendez-vous-nature\/#primaryimage\"},\"image\":{\"@id\":\"https:\/\/newsestlyonnais.fr\/site\/2020\/12\/27\/feyzin-participez-aux-rendez-vous-nature\/#primaryimage\"},\"thumbnailUrl\":\"https:\/\/newsestlyonnais.fr\/site\/wp-content\/uploads\/2021\/01\/affiche-rendez-vous-nature-2020-2021.jpg\",\"datePublished\":\"2020-12-27T06:00:36+00:00\",\"dateModified\":\"2021-02-26T14:15:51+00:00\",\"description\":\"FEYZIN | Participez aux rendez-vous nature\",\"breadcrumb\":{\"@id\":\"https:\/\/newsestlyonnais.fr\/site\/2020\/12\/27\/feyzin-participez-aux-rendez-vous-nature\/#breadcrumb\"},\"inLanguage\":\"fr-FR\",\"potentialAction\":[{\"@type\":\"ReadAction\",\"target\":[\"https:\/\/newsestlyonnais.fr\/site\/2020\/12\/27\/feyzin-participez-aux-rendez-vous-nature\/\"]}]},{\"@type\":\"ImageObject\",\"inLanguage\":\"fr-FR\",\"@id\":\"https:\/\/newsestlyonnais.fr\/site\/2020\/12\/27\/feyzin-participez-aux-rendez-vous-nature\/#primaryimage\",\"url\":\"https:\/\/newsestlyonnais.fr\/site\/wp-content\/uploads\/2021\/01\/affiche-rendez-vous-nature-2020-2021.jpg\",\"contentUrl\":\"https:\/\/newsestlyonnais.fr\/site\/wp-content\/uploads\/2021\/01\/affiche-rendez-vous-nature-2020-2021.jpg\",\"width\":1182,\"height\":1655},{\"@type\":\"BreadcrumbList\",\"@id\":\"https:\/\/newsestlyonnais.fr\/site\/2020\/12\/27\/feyzin-participez-aux-rendez-vous-nature\/#breadcrumb\",\"itemListElement\":[{\"@type\":\"ListItem\",\"position\":1,\"name\":\"Accueil\",\"item\":\"https:\/\/newsestlyonnais.fr\/site\/\"},{\"@type\":\"ListItem\",\"position\":2,\"name\":\"FEYZIN | Participez aux rendez-vous nature\"}]},{\"@type\":\"WebSite\",\"@id\":\"https:\/\/newsestlyonnais.fr\/site\/#website\",\"url\":\"https:\/\/newsestlyonnais.fr\/site\/\",\"name\":\"News Est Lyonnais\",\"description\":\"L&#039;actualit\u00e9 au plus pr\u00e8s\",\"publisher\":{\"@id\":\"https:\/\/newsestlyonnais.fr\/site\/#organization\"},\"potentialAction\":[{\"@type\":\"SearchAction\",\"target\":{\"@type\":\"EntryPoint\",\"urlTemplate\":\"https:\/\/newsestlyonnais.fr\/site\/?s={search_term_string}\"},\"query-input\":{\"@type\":\"PropertyValueSpecification\",\"valueRequired\":true,\"valueName\":\"search_term_string\"}}],\"inLanguage\":\"fr-FR\"},{\"@type\":\"Organization\",\"@id\":\"https:\/\/newsestlyonnais.fr\/site\/#organization\",\"name\":\"News EST LYONNAIS\",\"url\":\"https:\/\/newsestlyonnais.fr\/site\/\",\"logo\":{\"@type\":\"ImageObject\",\"inLanguage\":\"fr-FR\",\"@id\":\"https:\/\/newsestlyonnais.fr\/site\/#\/schema\/logo\/image\/\",\"url\":\"\",\"contentUrl\":\"\",\"caption\":\"News EST LYONNAIS\"},\"image\":{\"@id\":\"https:\/\/newsestlyonnais.fr\/site\/#\/schema\/logo\/image\/\"}},{\"@type\":\"Person\",\"@id\":\"https:\/\/newsestlyonnais.fr\/site\/#\/schema\/person\/3230d5615f390bb808365d673001e887\",\"name\":\"R\u00e9dac. NEWS\",\"sameAs\":[\"http:\/\/www.newsestlyonnais.fr\",\"https:\/\/www.facebook.com\/pascal.oberson.1?fref=ts\",\"https:\/\/fr.linkedin.com\/in\/pascal-oberson-b17045113\"],\"url\":\"https:\/\/newsestlyonnais.fr\/site\/author\/nel\/\"}]}<\/script>\n<!-- \/ Yoast SEO plugin. -->","yoast_head_json":{"title":"FEYZIN | Participez aux rendez-vous nature - News Est Lyonnais","description":"FEYZIN | Participez aux rendez-vous nature","robots":{"index":"index","follow":"follow","max-snippet":"max-snippet:-1","max-image-preview":"max-image-preview:large","max-video-preview":"max-video-preview:-1"},"canonical":"https:\/\/newsestlyonnais.fr\/site\/2020\/12\/27\/feyzin-participez-aux-rendez-vous-nature\/","og_locale":"fr_FR","og_type":"article","og_title":"FEYZIN | Participez aux rendez-vous nature - News Est Lyonnais","og_description":"FEYZIN | Participez aux rendez-vous nature","og_url":"https:\/\/newsestlyonnais.fr\/site\/2020\/12\/27\/feyzin-participez-aux-rendez-vous-nature\/","og_site_name":"News Est Lyonnais","article_author":"https:\/\/www.facebook.com\/pascal.oberson.1?fref=ts","article_published_time":"2020-12-27T06:00:36+00:00","article_modified_time":"2021-02-26T14:15:51+00:00","og_image":[{"width":1182,"height":1655,"url":"https:\/\/i0.wp.com\/newsestlyonnais.fr\/site\/wp-content\/uploads\/2021\/01\/affiche-rendez-vous-nature-2020-2021.jpg?fit=1182%2C1655&ssl=1","type":"image\/jpeg"}],"author":"R\u00e9dac. NEWS","twitter_card":"summary_large_image","twitter_misc":{"\u00c9crit par":"R\u00e9dac. NEWS","Dur\u00e9e de lecture estim\u00e9e":"2 minutes"},"schema":{"@context":"https:\/\/schema.org","@graph":[{"@type":"Article","@id":"https:\/\/newsestlyonnais.fr\/site\/2020\/12\/27\/feyzin-participez-aux-rendez-vous-nature\/#article","isPartOf":{"@id":"https:\/\/newsestlyonnais.fr\/site\/2020\/12\/27\/feyzin-participez-aux-rendez-vous-nature\/"},"author":{"name":"R\u00e9dac. NEWS","@id":"https:\/\/newsestlyonnais.fr\/site\/#\/schema\/person\/3230d5615f390bb808365d673001e887"},"headline":"FEYZIN | Participez aux rendez-vous nature","datePublished":"2020-12-27T06:00:36+00:00","dateModified":"2021-02-26T14:15:51+00:00","mainEntityOfPage":{"@id":"https:\/\/newsestlyonnais.fr\/site\/2020\/12\/27\/feyzin-participez-aux-rendez-vous-nature\/"},"wordCount":395,"commentCount":0,"publisher":{"@id":"https:\/\/newsestlyonnais.fr\/site\/#organization"},"image":{"@id":"https:\/\/newsestlyonnais.fr\/site\/2020\/12\/27\/feyzin-participez-aux-rendez-vous-nature\/#primaryimage"},"thumbnailUrl":"https:\/\/newsestlyonnais.fr\/site\/wp-content\/uploads\/2021\/01\/affiche-rendez-vous-nature-2020-2021.jpg","keywords":["FEYZIN","NATURE"],"articleSection":["Corbas | Feyzin","Nature | Environnement | Chasse","V\u00e9nissieux"],"inLanguage":"fr-FR","potentialAction":[{"@type":"CommentAction","name":"Comment","target":["https:\/\/newsestlyonnais.fr\/site\/2020\/12\/27\/feyzin-participez-aux-rendez-vous-nature\/#respond"]}]},{"@type":"WebPage","@id":"https:\/\/newsestlyonnais.fr\/site\/2020\/12\/27\/feyzin-participez-aux-rendez-vous-nature\/","url":"https:\/\/newsestlyonnais.fr\/site\/2020\/12\/27\/feyzin-participez-aux-rendez-vous-nature\/","name":"FEYZIN | Participez aux rendez-vous nature - News Est Lyonnais","isPartOf":{"@id":"https:\/\/newsestlyonnais.fr\/site\/#website"},"primaryImageOfPage":{"@id":"https:\/\/newsestlyonnais.fr\/site\/2020\/12\/27\/feyzin-participez-aux-rendez-vous-nature\/#primaryimage"},"image":{"@id":"https:\/\/newsestlyonnais.fr\/site\/2020\/12\/27\/feyzin-participez-aux-rendez-vous-nature\/#primaryimage"},"thumbnailUrl":"https:\/\/newsestlyonnais.fr\/site\/wp-content\/uploads\/2021\/01\/affiche-rendez-vous-nature-2020-2021.jpg","datePublished":"2020-12-27T06:00:36+00:00","dateModified":"2021-02-26T14:15:51+00:00","description":"FEYZIN | Participez aux rendez-vous nature","breadcrumb":{"@id":"https:\/\/newsestlyonnais.fr\/site\/2020\/12\/27\/feyzin-participez-aux-rendez-vous-nature\/#breadcrumb"},"inLanguage":"fr-FR","potentialAction":[{"@type":"ReadAction","target":["https:\/\/newsestlyonnais.fr\/site\/2020\/12\/27\/feyzin-participez-aux-rendez-vous-nature\/"]}]},{"@type":"ImageObject","inLanguage":"fr-FR","@id":"https:\/\/newsestlyonnais.fr\/site\/2020\/12\/27\/feyzin-participez-aux-rendez-vous-nature\/#primaryimage","url":"https:\/\/newsestlyonnais.fr\/site\/wp-content\/uploads\/2021\/01\/affiche-rendez-vous-nature-2020-2021.jpg","contentUrl":"https:\/\/newsestlyonnais.fr\/site\/wp-content\/uploads\/2021\/01\/affiche-rendez-vous-nature-2020-2021.jpg","width":1182,"height":1655},{"@type":"BreadcrumbList","@id":"https:\/\/newsestlyonnais.fr\/site\/2020\/12\/27\/feyzin-participez-aux-rendez-vous-nature\/#breadcrumb","itemListElement":[{"@type":"ListItem","position":1,"name":"Accueil","item":"https:\/\/newsestlyonnais.fr\/site\/"},{"@type":"ListItem","position":2,"name":"FEYZIN | Participez aux rendez-vous nature"}]},{"@type":"WebSite","@id":"https:\/\/newsestlyonnais.fr\/site\/#website","url":"https:\/\/newsestlyonnais.fr\/site\/","name":"News Est Lyonnais","description":"L&#039;actualit\u00e9 au plus pr\u00e8s","publisher":{"@id":"https:\/\/newsestlyonnais.fr\/site\/#organization"},"potentialAction":[{"@type":"SearchAction","target":{"@type":"EntryPoint","urlTemplate":"https:\/\/newsestlyonnais.fr\/site\/?s={search_term_string}"},"query-input":{"@type":"PropertyValueSpecification","valueRequired":true,"valueName":"search_term_string"}}],"inLanguage":"fr-FR"},{"@type":"Organization","@id":"https:\/\/newsestlyonnais.fr\/site\/#organization","name":"News EST LYONNAIS","url":"https:\/\/newsestlyonnais.fr\/site\/","logo":{"@type":"ImageObject","inLanguage":"fr-FR","@id":"https:\/\/newsestlyonnais.fr\/site\/#\/schema\/logo\/image\/","url":"","contentUrl":"","caption":"News EST LYONNAIS"},"image":{"@id":"https:\/\/newsestlyonnais.fr\/site\/#\/schema\/logo\/image\/"}},{"@type":"Person","@id":"https:\/\/newsestlyonnais.fr\/site\/#\/schema\/person\/3230d5615f390bb808365d673001e887","name":"R\u00e9dac. NEWS","sameAs":["http:\/\/www.newsestlyonnais.fr","https:\/\/www.facebook.com\/pascal.oberson.1?fref=ts","https:\/\/fr.linkedin.com\/in\/pascal-oberson-b17045113"],"url":"https:\/\/newsestlyonnais.fr\/site\/author\/nel\/"}]}},"_links":{"self":[{"href":"https:\/\/newsestlyonnais.fr\/site\/wp-json\/wp\/v2\/posts\/121447","targetHints":{"allow":["GET"]}}],"collection":[{"href":"https:\/\/newsestlyonnais.fr\/site\/wp-json\/wp\/v2\/posts"}],"about":[{"href":"https:\/\/newsestlyonnais.fr\/site\/wp-json\/wp\/v2\/types\/post"}],"author":[{"embeddable":true,"href":"https:\/\/newsestlyonnais.fr\/site\/wp-json\/wp\/v2\/users\/4"}],"replies":[{"embeddable":true,"href":"https:\/\/newsestlyonnais.fr\/site\/wp-json\/wp\/v2\/comments?post=121447"}],"version-history":[{"count":0,"href":"https:\/\/newsestlyonnais.fr\/site\/wp-json\/wp\/v2\/posts\/121447\/revisions"}],"wp:featuredmedia":[{"embeddable":true,"href":"https:\/\/newsestlyonnais.fr\/site\/wp-json\/wp\/v2\/media\/121450"}],"wp:attachment":[{"href":"https:\/\/newsestlyonnais.fr\/site\/wp-json\/wp\/v2\/media?parent=121447"}],"wp:term":[{"taxonomy":"category","embeddable":true,"href":"https:\/\/newsestlyonnais.fr\/site\/wp-json\/wp\/v2\/categories?post=121447"},{"taxonomy":"post_tag","embeddable":true,"href":"https:\/\/newsestlyonnais.fr\/site\/wp-json\/wp\/v2\/tags?post=121447"}],"curies":[{"name":"wp","href":"https:\/\/api.w.org\/{rel}","templated":true}]}}