{"id":121989,"date":"2021-01-15T18:11:14","date_gmt":"2021-01-15T17:11:14","guid":{"rendered":"http:\/\/newsestlyonnais.fr\/site\/?p=121989"},"modified":"2022-02-18T12:45:32","modified_gmt":"2022-02-18T11:45:32","slug":"est-lyonnais-glossy-des-evenements-autour-de-la-beaute-du-bien-etre-et-de-la-mode","status":"publish","type":"post","link":"https:\/\/newsestlyonnais.fr\/site\/2021\/01\/15\/est-lyonnais-glossy-des-evenements-autour-de-la-beaute-du-bien-etre-et-de-la-mode\/","title":{"rendered":"EST-LYONNAIS | GLOSSY > \u00e9v\u00e9nements autour de la beaut\u00e9, mode et bien-\u00eatre"},"content":{"rendered":"<div>\n<p>Cette organisatrice d\u2019\u00e9v\u00e9nements les a s\u00e9lectionn\u00e9s pour <strong>accueillir vos instants dans la p\u00e9riph\u00e9rie Lyonnaise, l\u2019Is\u00e8re et d\u2019autres d\u00e9partements limitrophes en Rh\u00f4ne-Alpes.<\/strong><\/p>\n<hr \/>\n<p>\u00a0\u00bb Nous proposons des <strong>sorties d\u00e9tente<\/strong> pendant <strong>3 heures, <\/strong>entre filles, en famille, entre hommes avec la marque Manly.<\/p>\n<p><img loading=\"lazy\" decoding=\"async\" class=\"alignleft size-thumbnail wp-image-122459\" src=\"https:\/\/newsestlyonnais.fr\/site\/wp-content\/uploads\/2021\/01\/logo-instagram-1-1-250x114.jpg\" alt=\"\" width=\"150\" height=\"68\" srcset=\"https:\/\/newsestlyonnais.fr\/site\/wp-content\/uploads\/2021\/01\/logo-instagram-1-1-250x114.jpg 250w, https:\/\/newsestlyonnais.fr\/site\/wp-content\/uploads\/2021\/01\/logo-instagram-1-1-400x183.jpg 400w, https:\/\/newsestlyonnais.fr\/site\/wp-content\/uploads\/2021\/01\/logo-instagram-1-1-650x297.jpg 650w, https:\/\/newsestlyonnais.fr\/site\/wp-content\/uploads\/2021\/01\/logo-instagram-1-1-150x69.jpg 150w, https:\/\/newsestlyonnais.fr\/site\/wp-content\/uploads\/2021\/01\/logo-instagram-1-1-50x23.jpg 50w, https:\/\/newsestlyonnais.fr\/site\/wp-content\/uploads\/2021\/01\/logo-instagram-1-1-100x46.jpg 100w, https:\/\/newsestlyonnais.fr\/site\/wp-content\/uploads\/2021\/01\/logo-instagram-1-1-200x91.jpg 200w, https:\/\/newsestlyonnais.fr\/site\/wp-content\/uploads\/2021\/01\/logo-instagram-1-1-300x137.jpg 300w, https:\/\/newsestlyonnais.fr\/site\/wp-content\/uploads\/2021\/01\/logo-instagram-1-1-350x160.jpg 350w, https:\/\/newsestlyonnais.fr\/site\/wp-content\/uploads\/2021\/01\/logo-instagram-1-1-450x206.jpg 450w, https:\/\/newsestlyonnais.fr\/site\/wp-content\/uploads\/2021\/01\/logo-instagram-1-1-500x229.jpg 500w, https:\/\/newsestlyonnais.fr\/site\/wp-content\/uploads\/2021\/01\/logo-instagram-1-1-550x251.jpg 550w, https:\/\/newsestlyonnais.fr\/site\/wp-content\/uploads\/2021\/01\/logo-instagram-1-1.jpg 689w\" sizes=\"auto, (max-width: 150px) 100vw, 150px\" \/>Mais <strong>Glossy se privatise pour les anniversaires, enterrements de Vie de Jeunes Filles et de Gar\u00e7ons, Baby-shower et en entreprise.<\/strong><\/p>\n<p><span style=\"font-size: 14pt;\">Vous allez pouvoir vous faire chouchouter lors d\u2019<strong>ateliers beaut\u00e9, bien-\u00eatre<\/strong>\u2026<\/span><\/p>\n<p><strong>Il vous sera \u00e9galement possible de faire votre shopping\u00a0privil\u00e9gi\u00e9 gr\u00e2ce aux boutiques \u00e9ph\u00e9m\u00e8res<\/strong> en\u00a0d\u00e9couvrant\u00a0 les derni\u00e8res collections de Cr\u00e9ateurs en Z\u00e9ro d\u00e9chets, Pr\u00eat-\u00c0-Porter, Chaussures, Bijoux, Accessoires\u2026<\/p>\n<p><strong>Une pause d\u00e9tente rien que pour vous !<\/strong> <span style=\"text-decoration: underline;\">Sur r\u00e9servation via notre billetterie, 25 \u20ac ou 35 \u20ac pour Adultes \/ 15 \u20ac pour Enfants<\/span>.<\/p>\n<\/div>\n<div>\n<p class=\"gmail-font_7\"><em><strong>Et vous d\u00e9gusterez le cocktail offert pour entrer dans l&rsquo;ambiance conviviale Glossy ? ! \u00a0\u00bb<br \/>\n<\/strong><\/em><\/p>\n<hr \/>\n<p><span style=\"background-color: #000000; color: #ffffff;\"><em><strong>Prochain \u00e9v\u00e8nement : Samedi <span class=\"tojvnm2t a6sixzi8 abs2jz4q a8s20v7p t1p8iaqh k5wvi7nf q3lfd5jv pk4s997a bipmatt0 cebpdrjk qowsmv63 owwhemhu dp1hu0rb dhp61c6y iyyx5f41\">10 juillet \u00e0 partir de 14 H\u00a0 jusqu&rsquo;\u00e0 17 H<\/span><\/strong> <\/em><\/span><\/p>\n<p><em><strong><span class=\"tojvnm2t a6sixzi8 abs2jz4q a8s20v7p t1p8iaqh k5wvi7nf q3lfd5jv pk4s997a bipmatt0 cebpdrjk qowsmv63 owwhemhu dp1hu0rb dhp61c6y iyyx5f41\">Envie de d\u00e9compresser les filles ?<\/span><\/strong><\/em><\/p>\n<p><span class=\"tojvnm2t a6sixzi8 abs2jz4q a8s20v7p t1p8iaqh k5wvi7nf q3lfd5jv pk4s997a bipmatt0 cebpdrjk qowsmv63 owwhemhu dp1hu0rb dhp61c6y iyyx5f41\">Retrouvez-nous \u00e0 @MY-Restaurant le 10\/7 \u00e0 partir de 14 H jusqu&rsquo;\u00e0 17 H pour 3 h de pure d\u00e9tente, de bonne humeur bref d&rsquo;instants GLOSSY <\/span><\/p>\n<ul>\n<li><span class=\"tojvnm2t a6sixzi8 abs2jz4q a8s20v7p t1p8iaqh k5wvi7nf q3lfd5jv pk4s997a bipmatt0 cebpdrjk qowsmv63 owwhemhu dp1hu0rb dhp61c6y iyyx5f41\">Pour participer \u00e0 cette GLOSSY PARTY, l<em><strong>a r\u00e9servation est conseill\u00e9e<\/strong> <\/em><\/span><\/li>\n<li><span class=\"tojvnm2t a6sixzi8 abs2jz4q a8s20v7p t1p8iaqh k5wvi7nf q3lfd5jv pk4s997a bipmatt0 cebpdrjk qowsmv63 owwhemhu dp1hu0rb dhp61c6y iyyx5f41\">Soit en Message Priv\u00e9 <\/span><\/li>\n<li><span class=\"tojvnm2t a6sixzi8 abs2jz4q a8s20v7p t1p8iaqh k5wvi7nf q3lfd5jv pk4s997a bipmatt0 cebpdrjk qowsmv63 owwhemhu dp1hu0rb dhp61c6y iyyx5f41\">ou sur notre site de r\u00e9sa en ligne <span role=\"gridcell\"><a class=\"oajrlxb2 g5ia77u1 qu0x051f esr5mh6w e9989ue4 r7d6kgcz rq0escxv nhd2j8a9 nc684nl6 p7hjln8o kvgmc6g5 cxmmr5t8 oygrvhab hcukyx3x jb3vyjys rz4wbd8a qt6c0cv9 a8nywdso i1ao9s8h oo483o9r f1sip0of lzcic4wl oo9gr5id gpro0wi8\" tabindex=\"0\" role=\"link\" href=\"https:\/\/www.billetweb.fr\/partenaires-tropical-party-10juillet-st-priest?fbclid=IwAR23hoFtYh3kNgd5Yojk9slVfzxIg7jtYkcHMJn11c7xxjP1E8cG5_9oxHE\" target=\"_blank\" rel=\"nofollow noopener\">https:\/\/www.billetweb.fr\/partenaires-tropical-party-10juillet-st-priest<\/a><\/span>\u2063<\/span><\/li>\n<li><span class=\"tojvnm2t a6sixzi8 abs2jz4q a8s20v7p t1p8iaqh k5wvi7nf q3lfd5jv pk4s997a bipmatt0 cebpdrjk qowsmv63 owwhemhu dp1hu0rb dhp61c6y iyyx5f41\"> <span class=\"pq6dq46d tbxw36s4 knj5qynh kvgmc6g5 ditlmg2l oygrvhab nvdbi5me sf5mxxl7 gl3lb2sf hhz5lgdu\"><img loading=\"lazy\" decoding=\"async\" src=\"https:\/\/static.xx.fbcdn.net\/images\/emoji.php\/v9\/tba\/1\/16\/1f4e3.png\" alt=\"?\" width=\"16\" height=\"16\" \/><\/span> Infos Event : <span role=\"gridcell\"><a class=\"oajrlxb2 g5ia77u1 qu0x051f esr5mh6w e9989ue4 r7d6kgcz rq0escxv nhd2j8a9 nc684nl6 p7hjln8o kvgmc6g5 cxmmr5t8 oygrvhab hcukyx3x jb3vyjys rz4wbd8a qt6c0cv9 a8nywdso i1ao9s8h oo483o9r f1sip0of lzcic4wl oo9gr5id gpro0wi8\" tabindex=\"0\" role=\"link\" href=\"https:\/\/fb.me\/e\/1yB8nY5Za\" target=\"_blank\" rel=\"nofollow noopener\">https:\/\/fb.me\/e\/1yB8nY5Za<\/a><\/span> #organisationevenements #instantsglossy #sortiebeaut\u00e9entrecopines #sortie\u00e0lyon #bonplanfilles #girlboss #restaurant-my<\/span><\/li>\n<\/ul>\n<hr \/>\n<\/div>\n<hr \/>\n<div>\n<p class=\"gmail-font_7\"><del><span style=\"text-decoration: underline;\"><em><strong><span style=\"font-size: 14pt;\">Les prochaines dates d&rsquo;\u00e9v\u00e8nements<\/span><\/strong><\/em><\/span><\/del><em><strong><span style=\"font-size: 14pt;\"> : <\/span><\/strong><\/em><span style=\"text-decoration: underline;\"><em><strong><span style=\"font-size: 14pt;\">Ev\u00e8nements report\u00e9s !!<\/span><\/strong><\/em><\/span><del><span style=\"text-decoration: underline;\"><em><strong><span style=\"font-size: 14pt;\"><br \/>\n<\/span><\/strong><\/em><\/span><\/del><\/p>\n<ul>\n<li><del><strong>Dimanche 24 janvier<\/strong> 2021 \u00e0 LYON 1\u00b0<\/del><\/li>\n<li><del><strong>Jeudi 25 f\u00e9vrier<\/strong> 2021 \u00e0 GRENOBLE (Le Hub)<\/del><\/li>\n<li><del><strong>Samedi 6 mars<\/strong> 2021 \u00e0 BOURGOIN-JALLIEU<\/del><\/li>\n<\/ul>\n<div id='gallery-1' class='gallery galleryid-121989 gallery-columns-3 gallery-size-thumbnail'><figure class='gallery-item'>\n\t\t\t<div class='gallery-icon landscape'>\n\t\t\t\t<a href='https:\/\/newsestlyonnais.fr\/site\/2021\/01\/15\/est-lyonnais-glossy-des-evenements-autour-de-la-beaute-du-bien-etre-et-de-la-mode\/newsestlyonnais-glossy-lyon\/'><img loading=\"lazy\" decoding=\"async\" width=\"150\" height=\"85\" src=\"https:\/\/newsestlyonnais.fr\/site\/wp-content\/uploads\/2021\/01\/NEWSESTLYONNAIS-GLOSSY-LYON-250x141.jpg\" class=\"attachment-thumbnail size-thumbnail\" alt=\"\" aria-describedby=\"gallery-1-121996\" srcset=\"https:\/\/newsestlyonnais.fr\/site\/wp-content\/uploads\/2021\/01\/NEWSESTLYONNAIS-GLOSSY-LYON-250x141.jpg 250w, https:\/\/newsestlyonnais.fr\/site\/wp-content\/uploads\/2021\/01\/NEWSESTLYONNAIS-GLOSSY-LYON-400x225.jpg 400w, https:\/\/newsestlyonnais.fr\/site\/wp-content\/uploads\/2021\/01\/NEWSESTLYONNAIS-GLOSSY-LYON-650x366.jpg 650w, https:\/\/newsestlyonnais.fr\/site\/wp-content\/uploads\/2021\/01\/NEWSESTLYONNAIS-GLOSSY-LYON-768x432.jpg 768w, https:\/\/newsestlyonnais.fr\/site\/wp-content\/uploads\/2021\/01\/NEWSESTLYONNAIS-GLOSSY-LYON-150x84.jpg 150w, https:\/\/newsestlyonnais.fr\/site\/wp-content\/uploads\/2021\/01\/NEWSESTLYONNAIS-GLOSSY-LYON-50x28.jpg 50w, https:\/\/newsestlyonnais.fr\/site\/wp-content\/uploads\/2021\/01\/NEWSESTLYONNAIS-GLOSSY-LYON-100x56.jpg 100w, https:\/\/newsestlyonnais.fr\/site\/wp-content\/uploads\/2021\/01\/NEWSESTLYONNAIS-GLOSSY-LYON-200x113.jpg 200w, https:\/\/newsestlyonnais.fr\/site\/wp-content\/uploads\/2021\/01\/NEWSESTLYONNAIS-GLOSSY-LYON-300x169.jpg 300w, https:\/\/newsestlyonnais.fr\/site\/wp-content\/uploads\/2021\/01\/NEWSESTLYONNAIS-GLOSSY-LYON-350x197.jpg 350w, https:\/\/newsestlyonnais.fr\/site\/wp-content\/uploads\/2021\/01\/NEWSESTLYONNAIS-GLOSSY-LYON-450x253.jpg 450w, https:\/\/newsestlyonnais.fr\/site\/wp-content\/uploads\/2021\/01\/NEWSESTLYONNAIS-GLOSSY-LYON-500x281.jpg 500w, https:\/\/newsestlyonnais.fr\/site\/wp-content\/uploads\/2021\/01\/NEWSESTLYONNAIS-GLOSSY-LYON-550x309.jpg 550w, https:\/\/newsestlyonnais.fr\/site\/wp-content\/uploads\/2021\/01\/NEWSESTLYONNAIS-GLOSSY-LYON-800x450.jpg 800w, https:\/\/newsestlyonnais.fr\/site\/wp-content\/uploads\/2021\/01\/NEWSESTLYONNAIS-GLOSSY-LYON.jpg 1200w\" sizes=\"auto, (max-width: 150px) 100vw, 150px\" \/><\/a>\n\t\t\t<\/div>\n\t\t\t\t<figcaption class='wp-caption-text gallery-caption' id='gallery-1-121996'>\n\t\t\t\t  24 Janvier \u00e0 LYON  \n\t\t\t\t<\/figcaption><\/figure><figure class='gallery-item'>\n\t\t\t<div class='gallery-icon landscape'>\n\t\t\t\t<a href='https:\/\/newsestlyonnais.fr\/site\/2021\/01\/15\/est-lyonnais-glossy-des-evenements-autour-de-la-beaute-du-bien-etre-et-de-la-mode\/newsestlyonnais-glossy-grenoble\/'><img loading=\"lazy\" decoding=\"async\" width=\"150\" height=\"85\" src=\"https:\/\/newsestlyonnais.fr\/site\/wp-content\/uploads\/2021\/01\/NEWSESTLYONNAIS-GLOSSY-GRENOBLE-250x141.jpg\" class=\"attachment-thumbnail size-thumbnail\" alt=\"\" aria-describedby=\"gallery-1-121995\" srcset=\"https:\/\/newsestlyonnais.fr\/site\/wp-content\/uploads\/2021\/01\/NEWSESTLYONNAIS-GLOSSY-GRENOBLE-250x141.jpg 250w, https:\/\/newsestlyonnais.fr\/site\/wp-content\/uploads\/2021\/01\/NEWSESTLYONNAIS-GLOSSY-GRENOBLE-400x225.jpg 400w, https:\/\/newsestlyonnais.fr\/site\/wp-content\/uploads\/2021\/01\/NEWSESTLYONNAIS-GLOSSY-GRENOBLE-650x366.jpg 650w, https:\/\/newsestlyonnais.fr\/site\/wp-content\/uploads\/2021\/01\/NEWSESTLYONNAIS-GLOSSY-GRENOBLE-768x432.jpg 768w, https:\/\/newsestlyonnais.fr\/site\/wp-content\/uploads\/2021\/01\/NEWSESTLYONNAIS-GLOSSY-GRENOBLE-150x84.jpg 150w, https:\/\/newsestlyonnais.fr\/site\/wp-content\/uploads\/2021\/01\/NEWSESTLYONNAIS-GLOSSY-GRENOBLE-50x28.jpg 50w, https:\/\/newsestlyonnais.fr\/site\/wp-content\/uploads\/2021\/01\/NEWSESTLYONNAIS-GLOSSY-GRENOBLE-100x56.jpg 100w, https:\/\/newsestlyonnais.fr\/site\/wp-content\/uploads\/2021\/01\/NEWSESTLYONNAIS-GLOSSY-GRENOBLE-200x113.jpg 200w, https:\/\/newsestlyonnais.fr\/site\/wp-content\/uploads\/2021\/01\/NEWSESTLYONNAIS-GLOSSY-GRENOBLE-300x169.jpg 300w, https:\/\/newsestlyonnais.fr\/site\/wp-content\/uploads\/2021\/01\/NEWSESTLYONNAIS-GLOSSY-GRENOBLE-350x197.jpg 350w, https:\/\/newsestlyonnais.fr\/site\/wp-content\/uploads\/2021\/01\/NEWSESTLYONNAIS-GLOSSY-GRENOBLE-450x253.jpg 450w, https:\/\/newsestlyonnais.fr\/site\/wp-content\/uploads\/2021\/01\/NEWSESTLYONNAIS-GLOSSY-GRENOBLE-500x281.jpg 500w, https:\/\/newsestlyonnais.fr\/site\/wp-content\/uploads\/2021\/01\/NEWSESTLYONNAIS-GLOSSY-GRENOBLE-550x309.jpg 550w, https:\/\/newsestlyonnais.fr\/site\/wp-content\/uploads\/2021\/01\/NEWSESTLYONNAIS-GLOSSY-GRENOBLE-800x450.jpg 800w, https:\/\/newsestlyonnais.fr\/site\/wp-content\/uploads\/2021\/01\/NEWSESTLYONNAIS-GLOSSY-GRENOBLE.jpg 1200w\" sizes=\"auto, (max-width: 150px) 100vw, 150px\" \/><\/a>\n\t\t\t<\/div>\n\t\t\t\t<figcaption class='wp-caption-text gallery-caption' id='gallery-1-121995'>\n\t\t\t\t25 F\u00e9vrier \u00e0 Grenoble\n\t\t\t\t<\/figcaption><\/figure><figure class='gallery-item'>\n\t\t\t<div class='gallery-icon landscape'>\n\t\t\t\t<a href='https:\/\/newsestlyonnais.fr\/site\/2021\/01\/15\/est-lyonnais-glossy-des-evenements-autour-de-la-beaute-du-bien-etre-et-de-la-mode\/newsestlyonnais-glossy-bourgoin\/'><img loading=\"lazy\" decoding=\"async\" width=\"150\" height=\"85\" src=\"https:\/\/newsestlyonnais.fr\/site\/wp-content\/uploads\/2021\/01\/NEWSESTLYONNAIS-GLOSSY-BOURGOIN-250x141.jpg\" class=\"attachment-thumbnail size-thumbnail\" alt=\"\" aria-describedby=\"gallery-1-121997\" srcset=\"https:\/\/newsestlyonnais.fr\/site\/wp-content\/uploads\/2021\/01\/NEWSESTLYONNAIS-GLOSSY-BOURGOIN-250x141.jpg 250w, https:\/\/newsestlyonnais.fr\/site\/wp-content\/uploads\/2021\/01\/NEWSESTLYONNAIS-GLOSSY-BOURGOIN-400x225.jpg 400w, https:\/\/newsestlyonnais.fr\/site\/wp-content\/uploads\/2021\/01\/NEWSESTLYONNAIS-GLOSSY-BOURGOIN-650x366.jpg 650w, https:\/\/newsestlyonnais.fr\/site\/wp-content\/uploads\/2021\/01\/NEWSESTLYONNAIS-GLOSSY-BOURGOIN-768x432.jpg 768w, https:\/\/newsestlyonnais.fr\/site\/wp-content\/uploads\/2021\/01\/NEWSESTLYONNAIS-GLOSSY-BOURGOIN-150x84.jpg 150w, https:\/\/newsestlyonnais.fr\/site\/wp-content\/uploads\/2021\/01\/NEWSESTLYONNAIS-GLOSSY-BOURGOIN-50x28.jpg 50w, https:\/\/newsestlyonnais.fr\/site\/wp-content\/uploads\/2021\/01\/NEWSESTLYONNAIS-GLOSSY-BOURGOIN-100x56.jpg 100w, https:\/\/newsestlyonnais.fr\/site\/wp-content\/uploads\/2021\/01\/NEWSESTLYONNAIS-GLOSSY-BOURGOIN-200x113.jpg 200w, https:\/\/newsestlyonnais.fr\/site\/wp-content\/uploads\/2021\/01\/NEWSESTLYONNAIS-GLOSSY-BOURGOIN-300x169.jpg 300w, https:\/\/newsestlyonnais.fr\/site\/wp-content\/uploads\/2021\/01\/NEWSESTLYONNAIS-GLOSSY-BOURGOIN-350x197.jpg 350w, https:\/\/newsestlyonnais.fr\/site\/wp-content\/uploads\/2021\/01\/NEWSESTLYONNAIS-GLOSSY-BOURGOIN-450x253.jpg 450w, https:\/\/newsestlyonnais.fr\/site\/wp-content\/uploads\/2021\/01\/NEWSESTLYONNAIS-GLOSSY-BOURGOIN-500x281.jpg 500w, https:\/\/newsestlyonnais.fr\/site\/wp-content\/uploads\/2021\/01\/NEWSESTLYONNAIS-GLOSSY-BOURGOIN-550x309.jpg 550w, https:\/\/newsestlyonnais.fr\/site\/wp-content\/uploads\/2021\/01\/NEWSESTLYONNAIS-GLOSSY-BOURGOIN-800x450.jpg 800w, https:\/\/newsestlyonnais.fr\/site\/wp-content\/uploads\/2021\/01\/NEWSESTLYONNAIS-GLOSSY-BOURGOIN.jpg 1200w\" sizes=\"auto, (max-width: 150px) 100vw, 150px\" \/><\/a>\n\t\t\t<\/div>\n\t\t\t\t<figcaption class='wp-caption-text gallery-caption' id='gallery-1-121997'>\n\t\t\t\t6 Mars \u00e0 Bourgoin-Jallieu\n\t\t\t\t<\/figcaption><\/figure>\n\t\t<\/div>\n\n<hr \/>\n<p class=\"gmail-font_7\"><span style=\"text-decoration: underline;\"><em><strong><span style=\"font-size: 14pt;\"><img loading=\"lazy\" decoding=\"async\" class=\"alignleft size-thumbnail wp-image-122001\" src=\"https:\/\/newsestlyonnais.fr\/site\/wp-content\/uploads\/2021\/01\/LOGO-BLOG-250x250.jpg\" alt=\"\" width=\"150\" height=\"150\" srcset=\"https:\/\/newsestlyonnais.fr\/site\/wp-content\/uploads\/2021\/01\/LOGO-BLOG-250x250.jpg 250w, https:\/\/newsestlyonnais.fr\/site\/wp-content\/uploads\/2021\/01\/LOGO-BLOG-400x400.jpg 400w, https:\/\/newsestlyonnais.fr\/site\/wp-content\/uploads\/2021\/01\/LOGO-BLOG-150x150.jpg 150w, https:\/\/newsestlyonnais.fr\/site\/wp-content\/uploads\/2021\/01\/LOGO-BLOG-50x50.jpg 50w, https:\/\/newsestlyonnais.fr\/site\/wp-content\/uploads\/2021\/01\/LOGO-BLOG-100x100.jpg 100w, https:\/\/newsestlyonnais.fr\/site\/wp-content\/uploads\/2021\/01\/LOGO-BLOG-200x200.jpg 200w, https:\/\/newsestlyonnais.fr\/site\/wp-content\/uploads\/2021\/01\/LOGO-BLOG-300x300.jpg 300w, https:\/\/newsestlyonnais.fr\/site\/wp-content\/uploads\/2021\/01\/LOGO-BLOG-350x350.jpg 350w, https:\/\/newsestlyonnais.fr\/site\/wp-content\/uploads\/2021\/01\/LOGO-BLOG-450x450.jpg 450w, https:\/\/newsestlyonnais.fr\/site\/wp-content\/uploads\/2021\/01\/LOGO-BLOG.jpg 500w\" sizes=\"auto, (max-width: 150px) 100vw, 150px\" \/>Toutes les dates et l&rsquo;ACTU sur : <\/span><\/strong><\/em><\/span><\/p>\n<ul>\n<li><a href=\"https:\/\/www.instantglossy.com\/\" target=\"_blank\" rel=\"noopener\"><span style=\"color: #0000ff;\">https:\/\/www.instantglossy.com<\/span><\/a><span style=\"color: #0000ff;\"><span style=\"color: #333333;\"><strong>&gt;<\/strong><\/span><\/span><\/li>\n<li><a href=\"https:\/\/www.facebook.com\/instantsglossy\" target=\"_blank\" rel=\"noopener\"><span style=\"color: #0000ff;\">https:\/\/www.facebook.com\/instantsglossy<\/span><\/a><\/li>\n<li>Blog : <a href=\"https:\/\/sortiebeauteentrecopines.wordpress.com\/\" target=\"_blank\" rel=\"noopener\"><span style=\"color: #0000ff;\">https:\/\/sortiebeauteentrecopines.wordpress.com<\/span><\/a><\/li>\n<\/ul>\n<hr \/>\n<\/div>\n<div>\n<hr \/>\n<\/div>\n<div><\/div>\n<div>\n<div id='gallery-2' class='gallery galleryid-121989 gallery-columns-2 gallery-size-thumbnail'><figure class='gallery-item'>\n\t\t\t<div class='gallery-icon landscape'>\n\t\t\t\t<a href='https:\/\/newsestlyonnais.fr\/site\/2021\/01\/15\/est-lyonnais-glossy-des-evenements-autour-de-la-beaute-du-bien-etre-et-de-la-mode\/134533850_444223653424290_8570191029799572329_n\/'><img loading=\"lazy\" decoding=\"async\" width=\"150\" height=\"100\" src=\"https:\/\/newsestlyonnais.fr\/site\/wp-content\/uploads\/2021\/01\/134533850_444223653424290_8570191029799572329_n-250x166.jpg\" class=\"attachment-thumbnail size-thumbnail\" alt=\"\" srcset=\"https:\/\/newsestlyonnais.fr\/site\/wp-content\/uploads\/2021\/01\/134533850_444223653424290_8570191029799572329_n-250x166.jpg 250w, https:\/\/newsestlyonnais.fr\/site\/wp-content\/uploads\/2021\/01\/134533850_444223653424290_8570191029799572329_n-400x265.jpg 400w, https:\/\/newsestlyonnais.fr\/site\/wp-content\/uploads\/2021\/01\/134533850_444223653424290_8570191029799572329_n-650x430.jpg 650w, https:\/\/newsestlyonnais.fr\/site\/wp-content\/uploads\/2021\/01\/134533850_444223653424290_8570191029799572329_n-768x509.jpg 768w, https:\/\/newsestlyonnais.fr\/site\/wp-content\/uploads\/2021\/01\/134533850_444223653424290_8570191029799572329_n-150x99.jpg 150w, https:\/\/newsestlyonnais.fr\/site\/wp-content\/uploads\/2021\/01\/134533850_444223653424290_8570191029799572329_n-50x33.jpg 50w, https:\/\/newsestlyonnais.fr\/site\/wp-content\/uploads\/2021\/01\/134533850_444223653424290_8570191029799572329_n-100x66.jpg 100w, https:\/\/newsestlyonnais.fr\/site\/wp-content\/uploads\/2021\/01\/134533850_444223653424290_8570191029799572329_n-200x132.jpg 200w, https:\/\/newsestlyonnais.fr\/site\/wp-content\/uploads\/2021\/01\/134533850_444223653424290_8570191029799572329_n-300x199.jpg 300w, https:\/\/newsestlyonnais.fr\/site\/wp-content\/uploads\/2021\/01\/134533850_444223653424290_8570191029799572329_n-350x232.jpg 350w, https:\/\/newsestlyonnais.fr\/site\/wp-content\/uploads\/2021\/01\/134533850_444223653424290_8570191029799572329_n-450x298.jpg 450w, https:\/\/newsestlyonnais.fr\/site\/wp-content\/uploads\/2021\/01\/134533850_444223653424290_8570191029799572329_n-500x331.jpg 500w, https:\/\/newsestlyonnais.fr\/site\/wp-content\/uploads\/2021\/01\/134533850_444223653424290_8570191029799572329_n-550x364.jpg 550w, https:\/\/newsestlyonnais.fr\/site\/wp-content\/uploads\/2021\/01\/134533850_444223653424290_8570191029799572329_n-800x530.jpg 800w, https:\/\/newsestlyonnais.fr\/site\/wp-content\/uploads\/2021\/01\/134533850_444223653424290_8570191029799572329_n.jpg 885w\" sizes=\"auto, (max-width: 150px) 100vw, 150px\" \/><\/a>\n\t\t\t<\/div><\/figure><figure class='gallery-item'>\n\t\t\t<div class='gallery-icon portrait'>\n\t\t\t\t<a href='https:\/\/newsestlyonnais.fr\/site\/2021\/01\/15\/est-lyonnais-glossy-des-evenements-autour-de-la-beaute-du-bien-etre-et-de-la-mode\/presentation-glossy-party\/'><img loading=\"lazy\" decoding=\"async\" width=\"106\" height=\"150\" src=\"https:\/\/newsestlyonnais.fr\/site\/wp-content\/uploads\/2021\/01\/Presentation-Glossy-Party--250x354.jpg\" class=\"attachment-thumbnail size-thumbnail\" alt=\"\" srcset=\"https:\/\/newsestlyonnais.fr\/site\/wp-content\/uploads\/2021\/01\/Presentation-Glossy-Party--250x354.jpg 250w, https:\/\/newsestlyonnais.fr\/site\/wp-content\/uploads\/2021\/01\/Presentation-Glossy-Party--400x566.jpg 400w, https:\/\/newsestlyonnais.fr\/site\/wp-content\/uploads\/2021\/01\/Presentation-Glossy-Party--150x212.jpg 150w, https:\/\/newsestlyonnais.fr\/site\/wp-content\/uploads\/2021\/01\/Presentation-Glossy-Party--50x71.jpg 50w, https:\/\/newsestlyonnais.fr\/site\/wp-content\/uploads\/2021\/01\/Presentation-Glossy-Party--100x142.jpg 100w, https:\/\/newsestlyonnais.fr\/site\/wp-content\/uploads\/2021\/01\/Presentation-Glossy-Party--200x283.jpg 200w, https:\/\/newsestlyonnais.fr\/site\/wp-content\/uploads\/2021\/01\/Presentation-Glossy-Party--300x425.jpg 300w, https:\/\/newsestlyonnais.fr\/site\/wp-content\/uploads\/2021\/01\/Presentation-Glossy-Party--350x495.jpg 350w, https:\/\/newsestlyonnais.fr\/site\/wp-content\/uploads\/2021\/01\/Presentation-Glossy-Party-.jpg 414w\" sizes=\"auto, (max-width: 106px) 100vw, 106px\" \/><\/a>\n\t\t\t<\/div><\/figure>\n\t\t<\/div>\n\n<\/div>\n<div>\n<div>\n<hr \/>\n<\/div>\n<\/div>\n","protected":false},"excerpt":{"rendered":"<p>En partenariat avec la soci\u00e9t\u00e9 \u00ab\u00a0Glossy Cr\u00e9atrices d\u2019Instants\u00a0\u00bb, Elodie vous propose de d\u00e9couvrir des lieux de charme et cosy.<\/p>\n","protected":false},"author":4,"featured_media":122001,"comment_status":"open","ping_status":"open","sticky":false,"template":"","format":"standard","meta":{"footnotes":""},"categories":[1628,156,19,1620,270,4148,1295,1283,1280,1287,21,3421,1598,164,1303,1279,1625,24,1286,3330,1623,1297,1296,18,4151,1282,1293,4150,28,1298,29],"tags":[2120,3531],"class_list":["post-121989","post","type-post","status-publish","format-standard","has-post-thumbnail","hentry","category-publi-reportages","category-ain","category-bron","category-caluire","category-cte-de-communes-c-c-e-l","category-chaponnay","category-chaponnay-ternay-pays-dozon","category-chassieu-communes-diverses","category-colombier-saugnieu","category-corbas-feyzin","category-decines-charpieu","category-feminin-actu-au","category-genas","category-isere","category-jonage","category-jons-pusignan","category-lyon","category-meyzieu","category-mions","category-mode-spectacle","category-rillieux-la-pape","category-saint-fons","category-sain-priest","category-sante-bien-etre-solidarite","category-simandres-ternay","category-st-bonnet-st-laurent-de-mure","category-st-pierre-de-chandieu-toussieu","category-st-symphorien-dozon-serezin-du-rhone","category-vaulx-en-velin","category-venissieux","category-villeurbanne","tag-evenements","tag-glossy"],"yoast_head":"<!-- This site is optimized with the Yoast SEO plugin v27.2 - https:\/\/yoast.com\/product\/yoast-seo-wordpress\/ -->\n<title>EST-LYONNAIS | GLOSSY &gt; \u00e9v\u00e9nements autour de la beaut\u00e9, mode et bien-\u00eatre - News Est Lyonnais<\/title>\n<meta name=\"description\" content=\"EST-LYONNAIS | Glossy &gt; des \u00e9v\u00e9nements autour de la beaut\u00e9, du bien-\u00eatre et de la mode\" \/>\n<meta name=\"robots\" content=\"index, follow, max-snippet:-1, max-image-preview:large, max-video-preview:-1\" \/>\n<link rel=\"canonical\" href=\"https:\/\/newsestlyonnais.fr\/site\/2021\/01\/15\/est-lyonnais-glossy-des-evenements-autour-de-la-beaute-du-bien-etre-et-de-la-mode\/\" \/>\n<meta property=\"og:locale\" content=\"fr_FR\" \/>\n<meta property=\"og:type\" content=\"article\" \/>\n<meta property=\"og:title\" content=\"EST-LYONNAIS | GLOSSY &gt; \u00e9v\u00e9nements autour de la beaut\u00e9, mode et bien-\u00eatre - News Est Lyonnais\" \/>\n<meta property=\"og:description\" content=\"EST-LYONNAIS | Glossy &gt; des \u00e9v\u00e9nements autour de la beaut\u00e9, du bien-\u00eatre et de la mode\" \/>\n<meta property=\"og:url\" content=\"https:\/\/newsestlyonnais.fr\/site\/2021\/01\/15\/est-lyonnais-glossy-des-evenements-autour-de-la-beaute-du-bien-etre-et-de-la-mode\/\" \/>\n<meta property=\"og:site_name\" content=\"News Est Lyonnais\" \/>\n<meta property=\"article:author\" content=\"https:\/\/www.facebook.com\/pascal.oberson.1?fref=ts\" \/>\n<meta property=\"article:published_time\" content=\"2021-01-15T17:11:14+00:00\" \/>\n<meta property=\"article:modified_time\" content=\"2022-02-18T11:45:32+00:00\" \/>\n<meta property=\"og:image\" content=\"https:\/\/newsestlyonnais.fr\/site\/wp-content\/uploads\/2021\/01\/LOGO-BLOG.jpg\" \/>\n\t<meta property=\"og:image:width\" content=\"500\" \/>\n\t<meta property=\"og:image:height\" content=\"500\" \/>\n\t<meta property=\"og:image:type\" content=\"image\/jpeg\" \/>\n<meta name=\"author\" content=\"R\u00e9dac. NEWS\" \/>\n<meta name=\"twitter:card\" content=\"summary_large_image\" \/>\n<meta name=\"twitter:label1\" content=\"\u00c9crit par\" \/>\n\t<meta name=\"twitter:data1\" content=\"R\u00e9dac. NEWS\" \/>\n\t<meta name=\"twitter:label2\" content=\"Dur\u00e9e de lecture estim\u00e9e\" \/>\n\t<meta name=\"twitter:data2\" content=\"2 minutes\" \/>\n<script type=\"application\/ld+json\" class=\"yoast-schema-graph\">{\"@context\":\"https:\/\/schema.org\",\"@graph\":[{\"@type\":\"Article\",\"@id\":\"https:\/\/newsestlyonnais.fr\/site\/2021\/01\/15\/est-lyonnais-glossy-des-evenements-autour-de-la-beaute-du-bien-etre-et-de-la-mode\/#article\",\"isPartOf\":{\"@id\":\"https:\/\/newsestlyonnais.fr\/site\/2021\/01\/15\/est-lyonnais-glossy-des-evenements-autour-de-la-beaute-du-bien-etre-et-de-la-mode\/\"},\"author\":{\"name\":\"R\u00e9dac. NEWS\",\"@id\":\"https:\/\/newsestlyonnais.fr\/site\/#\/schema\/person\/3230d5615f390bb808365d673001e887\"},\"headline\":\"EST-LYONNAIS | GLOSSY > \u00e9v\u00e9nements autour de la beaut\u00e9, mode et bien-\u00eatre\",\"datePublished\":\"2021-01-15T17:11:14+00:00\",\"dateModified\":\"2022-02-18T11:45:32+00:00\",\"mainEntityOfPage\":{\"@id\":\"https:\/\/newsestlyonnais.fr\/site\/2021\/01\/15\/est-lyonnais-glossy-des-evenements-autour-de-la-beaute-du-bien-etre-et-de-la-mode\/\"},\"wordCount\":306,\"commentCount\":0,\"publisher\":{\"@id\":\"https:\/\/newsestlyonnais.fr\/site\/#organization\"},\"image\":{\"@id\":\"https:\/\/newsestlyonnais.fr\/site\/2021\/01\/15\/est-lyonnais-glossy-des-evenements-autour-de-la-beaute-du-bien-etre-et-de-la-mode\/#primaryimage\"},\"thumbnailUrl\":\"https:\/\/newsestlyonnais.fr\/site\/wp-content\/uploads\/2021\/01\/LOGO-BLOG.jpg\",\"keywords\":[\"EVENEMENTS\",\"Glossy\"],\"articleSection\":[\"1Publi-Reportages\",\"Ain (01)\",\"Bron\",\"Caluire\",\"CCEL | Communes\",\"Chaponnay\",\"Chaponnay | Ternay | Pays d'Ozon\",\"Chassieu | Communes diverses\",\"Colombier-Saugnieu\",\"Corbas | Feyzin\",\"D\u00e9cines-Charpieu\",\"F\u00e9minin (Actu au)\",\"Genas\",\"Is\u00e8re (38)\",\"Jonage\",\"Jons | Pusignan\",\"Lyon\",\"Meyzieu\",\"Mions\",\"Mode | Spectacle\",\"Rillieux-la-Pape\",\"Saint-Fons\",\"Saint-Priest\",\"Sant\u00e9 | Bien Etre | Solidarit\u00e9\",\"Simandres | Ternay\",\"St Bonnet | St Laurent de Mure\",\"St Pierre de Chandieu | Toussieu\",\"St Symphorien d'Ozon | S\u00e9r\u00e9zin du Rh\u00f4ne\",\"Vaulx-en-Velin\",\"V\u00e9nissieux\",\"Villeurbanne\"],\"inLanguage\":\"fr-FR\",\"potentialAction\":[{\"@type\":\"CommentAction\",\"name\":\"Comment\",\"target\":[\"https:\/\/newsestlyonnais.fr\/site\/2021\/01\/15\/est-lyonnais-glossy-des-evenements-autour-de-la-beaute-du-bien-etre-et-de-la-mode\/#respond\"]}]},{\"@type\":\"WebPage\",\"@id\":\"https:\/\/newsestlyonnais.fr\/site\/2021\/01\/15\/est-lyonnais-glossy-des-evenements-autour-de-la-beaute-du-bien-etre-et-de-la-mode\/\",\"url\":\"https:\/\/newsestlyonnais.fr\/site\/2021\/01\/15\/est-lyonnais-glossy-des-evenements-autour-de-la-beaute-du-bien-etre-et-de-la-mode\/\",\"name\":\"EST-LYONNAIS | GLOSSY > \u00e9v\u00e9nements autour de la beaut\u00e9, mode et bien-\u00eatre - News Est Lyonnais\",\"isPartOf\":{\"@id\":\"https:\/\/newsestlyonnais.fr\/site\/#website\"},\"primaryImageOfPage\":{\"@id\":\"https:\/\/newsestlyonnais.fr\/site\/2021\/01\/15\/est-lyonnais-glossy-des-evenements-autour-de-la-beaute-du-bien-etre-et-de-la-mode\/#primaryimage\"},\"image\":{\"@id\":\"https:\/\/newsestlyonnais.fr\/site\/2021\/01\/15\/est-lyonnais-glossy-des-evenements-autour-de-la-beaute-du-bien-etre-et-de-la-mode\/#primaryimage\"},\"thumbnailUrl\":\"https:\/\/newsestlyonnais.fr\/site\/wp-content\/uploads\/2021\/01\/LOGO-BLOG.jpg\",\"datePublished\":\"2021-01-15T17:11:14+00:00\",\"dateModified\":\"2022-02-18T11:45:32+00:00\",\"description\":\"EST-LYONNAIS | Glossy > des \u00e9v\u00e9nements autour de la beaut\u00e9, du bien-\u00eatre et de la mode\",\"breadcrumb\":{\"@id\":\"https:\/\/newsestlyonnais.fr\/site\/2021\/01\/15\/est-lyonnais-glossy-des-evenements-autour-de-la-beaute-du-bien-etre-et-de-la-mode\/#breadcrumb\"},\"inLanguage\":\"fr-FR\",\"potentialAction\":[{\"@type\":\"ReadAction\",\"target\":[\"https:\/\/newsestlyonnais.fr\/site\/2021\/01\/15\/est-lyonnais-glossy-des-evenements-autour-de-la-beaute-du-bien-etre-et-de-la-mode\/\"]}]},{\"@type\":\"ImageObject\",\"inLanguage\":\"fr-FR\",\"@id\":\"https:\/\/newsestlyonnais.fr\/site\/2021\/01\/15\/est-lyonnais-glossy-des-evenements-autour-de-la-beaute-du-bien-etre-et-de-la-mode\/#primaryimage\",\"url\":\"https:\/\/newsestlyonnais.fr\/site\/wp-content\/uploads\/2021\/01\/LOGO-BLOG.jpg\",\"contentUrl\":\"https:\/\/newsestlyonnais.fr\/site\/wp-content\/uploads\/2021\/01\/LOGO-BLOG.jpg\",\"width\":500,\"height\":500},{\"@type\":\"BreadcrumbList\",\"@id\":\"https:\/\/newsestlyonnais.fr\/site\/2021\/01\/15\/est-lyonnais-glossy-des-evenements-autour-de-la-beaute-du-bien-etre-et-de-la-mode\/#breadcrumb\",\"itemListElement\":[{\"@type\":\"ListItem\",\"position\":1,\"name\":\"Accueil\",\"item\":\"https:\/\/newsestlyonnais.fr\/site\/\"},{\"@type\":\"ListItem\",\"position\":2,\"name\":\"EST-LYONNAIS | GLOSSY > \u00e9v\u00e9nements autour de la beaut\u00e9, mode et bien-\u00eatre\"}]},{\"@type\":\"WebSite\",\"@id\":\"https:\/\/newsestlyonnais.fr\/site\/#website\",\"url\":\"https:\/\/newsestlyonnais.fr\/site\/\",\"name\":\"News Est Lyonnais\",\"description\":\"L&#039;actualit\u00e9 au plus pr\u00e8s\",\"publisher\":{\"@id\":\"https:\/\/newsestlyonnais.fr\/site\/#organization\"},\"potentialAction\":[{\"@type\":\"SearchAction\",\"target\":{\"@type\":\"EntryPoint\",\"urlTemplate\":\"https:\/\/newsestlyonnais.fr\/site\/?s={search_term_string}\"},\"query-input\":{\"@type\":\"PropertyValueSpecification\",\"valueRequired\":true,\"valueName\":\"search_term_string\"}}],\"inLanguage\":\"fr-FR\"},{\"@type\":\"Organization\",\"@id\":\"https:\/\/newsestlyonnais.fr\/site\/#organization\",\"name\":\"News EST LYONNAIS\",\"url\":\"https:\/\/newsestlyonnais.fr\/site\/\",\"logo\":{\"@type\":\"ImageObject\",\"inLanguage\":\"fr-FR\",\"@id\":\"https:\/\/newsestlyonnais.fr\/site\/#\/schema\/logo\/image\/\",\"url\":\"\",\"contentUrl\":\"\",\"caption\":\"News EST LYONNAIS\"},\"image\":{\"@id\":\"https:\/\/newsestlyonnais.fr\/site\/#\/schema\/logo\/image\/\"}},{\"@type\":\"Person\",\"@id\":\"https:\/\/newsestlyonnais.fr\/site\/#\/schema\/person\/3230d5615f390bb808365d673001e887\",\"name\":\"R\u00e9dac. NEWS\",\"sameAs\":[\"http:\/\/www.newsestlyonnais.fr\",\"https:\/\/www.facebook.com\/pascal.oberson.1?fref=ts\",\"https:\/\/fr.linkedin.com\/in\/pascal-oberson-b17045113\"],\"url\":\"https:\/\/newsestlyonnais.fr\/site\/author\/nel\/\"}]}<\/script>\n<!-- \/ Yoast SEO plugin. -->","yoast_head_json":{"title":"EST-LYONNAIS | GLOSSY > \u00e9v\u00e9nements autour de la beaut\u00e9, mode et bien-\u00eatre - News Est Lyonnais","description":"EST-LYONNAIS | Glossy > des \u00e9v\u00e9nements autour de la beaut\u00e9, du bien-\u00eatre et de la mode","robots":{"index":"index","follow":"follow","max-snippet":"max-snippet:-1","max-image-preview":"max-image-preview:large","max-video-preview":"max-video-preview:-1"},"canonical":"https:\/\/newsestlyonnais.fr\/site\/2021\/01\/15\/est-lyonnais-glossy-des-evenements-autour-de-la-beaute-du-bien-etre-et-de-la-mode\/","og_locale":"fr_FR","og_type":"article","og_title":"EST-LYONNAIS | GLOSSY > \u00e9v\u00e9nements autour de la beaut\u00e9, mode et bien-\u00eatre - News Est Lyonnais","og_description":"EST-LYONNAIS | Glossy > des \u00e9v\u00e9nements autour de la beaut\u00e9, du bien-\u00eatre et de la mode","og_url":"https:\/\/newsestlyonnais.fr\/site\/2021\/01\/15\/est-lyonnais-glossy-des-evenements-autour-de-la-beaute-du-bien-etre-et-de-la-mode\/","og_site_name":"News Est Lyonnais","article_author":"https:\/\/www.facebook.com\/pascal.oberson.1?fref=ts","article_published_time":"2021-01-15T17:11:14+00:00","article_modified_time":"2022-02-18T11:45:32+00:00","og_image":[{"width":500,"height":500,"url":"https:\/\/newsestlyonnais.fr\/site\/wp-content\/uploads\/2021\/01\/LOGO-BLOG.jpg","type":"image\/jpeg"}],"author":"R\u00e9dac. NEWS","twitter_card":"summary_large_image","twitter_misc":{"\u00c9crit par":"R\u00e9dac. NEWS","Dur\u00e9e de lecture estim\u00e9e":"2 minutes"},"schema":{"@context":"https:\/\/schema.org","@graph":[{"@type":"Article","@id":"https:\/\/newsestlyonnais.fr\/site\/2021\/01\/15\/est-lyonnais-glossy-des-evenements-autour-de-la-beaute-du-bien-etre-et-de-la-mode\/#article","isPartOf":{"@id":"https:\/\/newsestlyonnais.fr\/site\/2021\/01\/15\/est-lyonnais-glossy-des-evenements-autour-de-la-beaute-du-bien-etre-et-de-la-mode\/"},"author":{"name":"R\u00e9dac. NEWS","@id":"https:\/\/newsestlyonnais.fr\/site\/#\/schema\/person\/3230d5615f390bb808365d673001e887"},"headline":"EST-LYONNAIS | GLOSSY > \u00e9v\u00e9nements autour de la beaut\u00e9, mode et bien-\u00eatre","datePublished":"2021-01-15T17:11:14+00:00","dateModified":"2022-02-18T11:45:32+00:00","mainEntityOfPage":{"@id":"https:\/\/newsestlyonnais.fr\/site\/2021\/01\/15\/est-lyonnais-glossy-des-evenements-autour-de-la-beaute-du-bien-etre-et-de-la-mode\/"},"wordCount":306,"commentCount":0,"publisher":{"@id":"https:\/\/newsestlyonnais.fr\/site\/#organization"},"image":{"@id":"https:\/\/newsestlyonnais.fr\/site\/2021\/01\/15\/est-lyonnais-glossy-des-evenements-autour-de-la-beaute-du-bien-etre-et-de-la-mode\/#primaryimage"},"thumbnailUrl":"https:\/\/newsestlyonnais.fr\/site\/wp-content\/uploads\/2021\/01\/LOGO-BLOG.jpg","keywords":["EVENEMENTS","Glossy"],"articleSection":["1Publi-Reportages","Ain (01)","Bron","Caluire","CCEL | Communes","Chaponnay","Chaponnay | Ternay | Pays d'Ozon","Chassieu | Communes diverses","Colombier-Saugnieu","Corbas | Feyzin","D\u00e9cines-Charpieu","F\u00e9minin (Actu au)","Genas","Is\u00e8re (38)","Jonage","Jons | Pusignan","Lyon","Meyzieu","Mions","Mode | Spectacle","Rillieux-la-Pape","Saint-Fons","Saint-Priest","Sant\u00e9 | Bien Etre | Solidarit\u00e9","Simandres | Ternay","St Bonnet | St Laurent de Mure","St Pierre de Chandieu | Toussieu","St Symphorien d'Ozon | S\u00e9r\u00e9zin du Rh\u00f4ne","Vaulx-en-Velin","V\u00e9nissieux","Villeurbanne"],"inLanguage":"fr-FR","potentialAction":[{"@type":"CommentAction","name":"Comment","target":["https:\/\/newsestlyonnais.fr\/site\/2021\/01\/15\/est-lyonnais-glossy-des-evenements-autour-de-la-beaute-du-bien-etre-et-de-la-mode\/#respond"]}]},{"@type":"WebPage","@id":"https:\/\/newsestlyonnais.fr\/site\/2021\/01\/15\/est-lyonnais-glossy-des-evenements-autour-de-la-beaute-du-bien-etre-et-de-la-mode\/","url":"https:\/\/newsestlyonnais.fr\/site\/2021\/01\/15\/est-lyonnais-glossy-des-evenements-autour-de-la-beaute-du-bien-etre-et-de-la-mode\/","name":"EST-LYONNAIS | GLOSSY > \u00e9v\u00e9nements autour de la beaut\u00e9, mode et bien-\u00eatre - News Est Lyonnais","isPartOf":{"@id":"https:\/\/newsestlyonnais.fr\/site\/#website"},"primaryImageOfPage":{"@id":"https:\/\/newsestlyonnais.fr\/site\/2021\/01\/15\/est-lyonnais-glossy-des-evenements-autour-de-la-beaute-du-bien-etre-et-de-la-mode\/#primaryimage"},"image":{"@id":"https:\/\/newsestlyonnais.fr\/site\/2021\/01\/15\/est-lyonnais-glossy-des-evenements-autour-de-la-beaute-du-bien-etre-et-de-la-mode\/#primaryimage"},"thumbnailUrl":"https:\/\/newsestlyonnais.fr\/site\/wp-content\/uploads\/2021\/01\/LOGO-BLOG.jpg","datePublished":"2021-01-15T17:11:14+00:00","dateModified":"2022-02-18T11:45:32+00:00","description":"EST-LYONNAIS | Glossy > des \u00e9v\u00e9nements autour de la beaut\u00e9, du bien-\u00eatre et de la mode","breadcrumb":{"@id":"https:\/\/newsestlyonnais.fr\/site\/2021\/01\/15\/est-lyonnais-glossy-des-evenements-autour-de-la-beaute-du-bien-etre-et-de-la-mode\/#breadcrumb"},"inLanguage":"fr-FR","potentialAction":[{"@type":"ReadAction","target":["https:\/\/newsestlyonnais.fr\/site\/2021\/01\/15\/est-lyonnais-glossy-des-evenements-autour-de-la-beaute-du-bien-etre-et-de-la-mode\/"]}]},{"@type":"ImageObject","inLanguage":"fr-FR","@id":"https:\/\/newsestlyonnais.fr\/site\/2021\/01\/15\/est-lyonnais-glossy-des-evenements-autour-de-la-beaute-du-bien-etre-et-de-la-mode\/#primaryimage","url":"https:\/\/newsestlyonnais.fr\/site\/wp-content\/uploads\/2021\/01\/LOGO-BLOG.jpg","contentUrl":"https:\/\/newsestlyonnais.fr\/site\/wp-content\/uploads\/2021\/01\/LOGO-BLOG.jpg","width":500,"height":500},{"@type":"BreadcrumbList","@id":"https:\/\/newsestlyonnais.fr\/site\/2021\/01\/15\/est-lyonnais-glossy-des-evenements-autour-de-la-beaute-du-bien-etre-et-de-la-mode\/#breadcrumb","itemListElement":[{"@type":"ListItem","position":1,"name":"Accueil","item":"https:\/\/newsestlyonnais.fr\/site\/"},{"@type":"ListItem","position":2,"name":"EST-LYONNAIS | GLOSSY > \u00e9v\u00e9nements autour de la beaut\u00e9, mode et bien-\u00eatre"}]},{"@type":"WebSite","@id":"https:\/\/newsestlyonnais.fr\/site\/#website","url":"https:\/\/newsestlyonnais.fr\/site\/","name":"News Est Lyonnais","description":"L&#039;actualit\u00e9 au plus pr\u00e8s","publisher":{"@id":"https:\/\/newsestlyonnais.fr\/site\/#organization"},"potentialAction":[{"@type":"SearchAction","target":{"@type":"EntryPoint","urlTemplate":"https:\/\/newsestlyonnais.fr\/site\/?s={search_term_string}"},"query-input":{"@type":"PropertyValueSpecification","valueRequired":true,"valueName":"search_term_string"}}],"inLanguage":"fr-FR"},{"@type":"Organization","@id":"https:\/\/newsestlyonnais.fr\/site\/#organization","name":"News EST LYONNAIS","url":"https:\/\/newsestlyonnais.fr\/site\/","logo":{"@type":"ImageObject","inLanguage":"fr-FR","@id":"https:\/\/newsestlyonnais.fr\/site\/#\/schema\/logo\/image\/","url":"","contentUrl":"","caption":"News EST LYONNAIS"},"image":{"@id":"https:\/\/newsestlyonnais.fr\/site\/#\/schema\/logo\/image\/"}},{"@type":"Person","@id":"https:\/\/newsestlyonnais.fr\/site\/#\/schema\/person\/3230d5615f390bb808365d673001e887","name":"R\u00e9dac. NEWS","sameAs":["http:\/\/www.newsestlyonnais.fr","https:\/\/www.facebook.com\/pascal.oberson.1?fref=ts","https:\/\/fr.linkedin.com\/in\/pascal-oberson-b17045113"],"url":"https:\/\/newsestlyonnais.fr\/site\/author\/nel\/"}]}},"_links":{"self":[{"href":"https:\/\/newsestlyonnais.fr\/site\/wp-json\/wp\/v2\/posts\/121989","targetHints":{"allow":["GET"]}}],"collection":[{"href":"https:\/\/newsestlyonnais.fr\/site\/wp-json\/wp\/v2\/posts"}],"about":[{"href":"https:\/\/newsestlyonnais.fr\/site\/wp-json\/wp\/v2\/types\/post"}],"author":[{"embeddable":true,"href":"https:\/\/newsestlyonnais.fr\/site\/wp-json\/wp\/v2\/users\/4"}],"replies":[{"embeddable":true,"href":"https:\/\/newsestlyonnais.fr\/site\/wp-json\/wp\/v2\/comments?post=121989"}],"version-history":[{"count":0,"href":"https:\/\/newsestlyonnais.fr\/site\/wp-json\/wp\/v2\/posts\/121989\/revisions"}],"wp:featuredmedia":[{"embeddable":true,"href":"https:\/\/newsestlyonnais.fr\/site\/wp-json\/wp\/v2\/media\/122001"}],"wp:attachment":[{"href":"https:\/\/newsestlyonnais.fr\/site\/wp-json\/wp\/v2\/media?parent=121989"}],"wp:term":[{"taxonomy":"category","embeddable":true,"href":"https:\/\/newsestlyonnais.fr\/site\/wp-json\/wp\/v2\/categories?post=121989"},{"taxonomy":"post_tag","embeddable":true,"href":"https:\/\/newsestlyonnais.fr\/site\/wp-json\/wp\/v2\/tags?post=121989"}],"curies":[{"name":"wp","href":"https:\/\/api.w.org\/{rel}","templated":true}]}}