{"id":122040,"date":"2021-01-09T09:23:44","date_gmt":"2021-01-09T08:23:44","guid":{"rendered":"http:\/\/newsestlyonnais.fr\/site\/?p=122040"},"modified":"2021-01-09T09:23:44","modified_gmt":"2021-01-09T08:23:44","slug":"villeurbanne-asul-cloture-de-laction-solidaire-un-ballon-pour-le-burkina","status":"publish","type":"post","link":"https:\/\/newsestlyonnais.fr\/site\/2021\/01\/09\/villeurbanne-asul-cloture-de-laction-solidaire-un-ballon-pour-le-burkina\/","title":{"rendered":"VILLEURBANNE | ASUL > cl\u00f4ture de l&rsquo;action solidaire \u00ab Un Ballon pour le Burkina \u00bb"},"content":{"rendered":"<p>Tout le mat\u00e9riel r\u00e9colt\u00e9 tout au long de l&rsquo;ann\u00e9e a \u00e9t\u00e9 transport\u00e9 vendredi matin du stade Boiron Granger \u00e0 l&rsquo;association Bioport, \u00e0 Saint-Quentin-Fallavier.<\/p>\n<p><strong>Du mat\u00e9riel sportif r\u00e9cup\u00e9r\u00e9 par l&rsquo;ASUL<\/strong> (ballons, paires de chaussures, textile, etc.) aupr\u00e8s de particuliers, clubs et associations ne s&rsquo;en servant plus, <strong>pour continuer \u00e0 d\u00e9velopper la pratique du sport aupr\u00e8s des jeunes au Burkina-Faso.<\/strong><\/p>\n<hr \/>\n<p><span style=\"text-decoration: underline;\"><em><strong><img loading=\"lazy\" decoding=\"async\" class=\"alignleft size-full wp-image-122059\" src=\"https:\/\/newsestlyonnais.fr\/site\/wp-content\/uploads\/2021\/01\/136683660_3032800516940744_8697508032949007254_n.jpg\" alt=\"\" width=\"153\" height=\"206\" srcset=\"https:\/\/newsestlyonnais.fr\/site\/wp-content\/uploads\/2021\/01\/136683660_3032800516940744_8697508032949007254_n.jpg 153w, https:\/\/newsestlyonnais.fr\/site\/wp-content\/uploads\/2021\/01\/136683660_3032800516940744_8697508032949007254_n-150x202.jpg 150w, https:\/\/newsestlyonnais.fr\/site\/wp-content\/uploads\/2021\/01\/136683660_3032800516940744_8697508032949007254_n-50x67.jpg 50w, https:\/\/newsestlyonnais.fr\/site\/wp-content\/uploads\/2021\/01\/136683660_3032800516940744_8697508032949007254_n-100x135.jpg 100w\" sizes=\"auto, (max-width: 153px) 100vw, 153px\" \/>Bilan chiffr\u00e9 de cette septi\u00e8me \u00e9dition<\/strong><\/em><\/span> :<\/p>\n<ul>\n<li>300 cartons envoy\u00e9s<\/li>\n<li>4.200 v\u00eatements \/ 450 ballons<\/li>\n<li>160 sacs de sport \/ 130 paires de basket<\/li>\n<li>112 troph\u00e9es \/ 100 raquettes<\/li>\n<li>40 fleurets \/ 20 gants de boxe<\/li>\n<li><strong>35 donateurs<\/strong><\/li>\n<\/ul>\n<hr \/>\n<p><img loading=\"lazy\" decoding=\"async\" class=\"alignleft size-full wp-image-43132\" src=\"https:\/\/newsestlyonnais.fr\/site\/wp-content\/uploads\/2018\/01\/image001.png\" alt=\"NEWSESTLYONNAIS - LOGO ASUL\" width=\"120\" height=\"143\" \/><\/p>\n<p>&nbsp;<\/p>\n<ul>\n<li><strong>Contact : R\u00e9mi Tortonese (Coordinateur actions solidaires) : 04 78 53 18 71.<\/strong><\/li>\n<li><strong>Plus d&rsquo;infos :\u00a0<a href=\"https:\/\/www.asul.org\"><span style=\"color: #0000ff;\">https:\/\/www.asul.org<\/span><\/a> <\/strong><\/li>\n<\/ul>\n<hr \/>\n<p>&nbsp;<\/p>\n","protected":false},"excerpt":{"rendered":"<p>Depuis 2013, l\u2019Association Sportive Universitaire Lyonnaise (ASUL) collecte et envoie du mat\u00e9riel sportif au Burkina-Faso.<\/p>\n","protected":false},"author":4,"featured_media":122045,"comment_status":"open","ping_status":"open","sticky":false,"template":"","format":"standard","meta":{"footnotes":""},"categories":[30,574,166,18,29],"tags":[],"class_list":["post-122040","post","type-post","status-publish","format-standard","has-post-thumbnail","hentry","category-a-la-une","category-autres-sports","category-divers-sports","category-sante-bien-etre-solidarite","category-villeurbanne"],"yoast_head":"<!-- This site is optimized with the Yoast SEO plugin v27.2 - https:\/\/yoast.com\/product\/yoast-seo-wordpress\/ -->\n<title>VILLEURBANNE | ASUL &gt; cl\u00f4ture de l&#039;action solidaire \u00ab Un Ballon pour le Burkina \u00bb - News Est Lyonnais<\/title>\n<meta name=\"description\" content=\"VILLEURBANNE | ASUL &gt; cl\u00f4ture de l&#039;action solidaire \u00ab Un Ballon pour le Burkina \u00bb\" \/>\n<meta name=\"robots\" content=\"index, follow, max-snippet:-1, max-image-preview:large, max-video-preview:-1\" \/>\n<link rel=\"canonical\" href=\"https:\/\/newsestlyonnais.fr\/site\/2021\/01\/09\/villeurbanne-asul-cloture-de-laction-solidaire-un-ballon-pour-le-burkina\/\" \/>\n<meta property=\"og:locale\" content=\"fr_FR\" \/>\n<meta property=\"og:type\" content=\"article\" \/>\n<meta property=\"og:title\" content=\"VILLEURBANNE | ASUL &gt; cl\u00f4ture de l&#039;action solidaire \u00ab Un Ballon pour le Burkina \u00bb - News Est Lyonnais\" \/>\n<meta property=\"og:description\" content=\"VILLEURBANNE | ASUL &gt; cl\u00f4ture de l&#039;action solidaire \u00ab Un Ballon pour le Burkina \u00bb\" \/>\n<meta property=\"og:url\" content=\"https:\/\/newsestlyonnais.fr\/site\/2021\/01\/09\/villeurbanne-asul-cloture-de-laction-solidaire-un-ballon-pour-le-burkina\/\" \/>\n<meta property=\"og:site_name\" content=\"News Est Lyonnais\" \/>\n<meta property=\"article:author\" content=\"https:\/\/www.facebook.com\/pascal.oberson.1?fref=ts\" \/>\n<meta property=\"article:published_time\" content=\"2021-01-09T08:23:44+00:00\" \/>\n<meta property=\"og:image\" content=\"https:\/\/i1.wp.com\/newsestlyonnais.fr\/site\/wp-content\/uploads\/2021\/01\/137201966_930008260868386_4115938942987536175_n.jpg?fit=275%2C206&ssl=1\" \/>\n\t<meta property=\"og:image:width\" content=\"275\" \/>\n\t<meta property=\"og:image:height\" content=\"206\" \/>\n\t<meta property=\"og:image:type\" content=\"image\/jpeg\" \/>\n<meta name=\"author\" content=\"R\u00e9dac. NEWS\" \/>\n<meta name=\"twitter:card\" content=\"summary_large_image\" \/>\n<meta name=\"twitter:label1\" content=\"\u00c9crit par\" \/>\n\t<meta name=\"twitter:data1\" content=\"R\u00e9dac. NEWS\" \/>\n\t<meta name=\"twitter:label2\" content=\"Dur\u00e9e de lecture estim\u00e9e\" \/>\n\t<meta name=\"twitter:data2\" content=\"1 minute\" \/>\n<script type=\"application\/ld+json\" class=\"yoast-schema-graph\">{\"@context\":\"https:\/\/schema.org\",\"@graph\":[{\"@type\":\"Article\",\"@id\":\"https:\/\/newsestlyonnais.fr\/site\/2021\/01\/09\/villeurbanne-asul-cloture-de-laction-solidaire-un-ballon-pour-le-burkina\/#article\",\"isPartOf\":{\"@id\":\"https:\/\/newsestlyonnais.fr\/site\/2021\/01\/09\/villeurbanne-asul-cloture-de-laction-solidaire-un-ballon-pour-le-burkina\/\"},\"author\":{\"name\":\"R\u00e9dac. NEWS\",\"@id\":\"https:\/\/newsestlyonnais.fr\/site\/#\/schema\/person\/3230d5615f390bb808365d673001e887\"},\"headline\":\"VILLEURBANNE | ASUL > cl\u00f4ture de l&rsquo;action solidaire \u00ab Un Ballon pour le Burkina \u00bb\",\"datePublished\":\"2021-01-09T08:23:44+00:00\",\"mainEntityOfPage\":{\"@id\":\"https:\/\/newsestlyonnais.fr\/site\/2021\/01\/09\/villeurbanne-asul-cloture-de-laction-solidaire-un-ballon-pour-le-burkina\/\"},\"wordCount\":124,\"commentCount\":0,\"publisher\":{\"@id\":\"https:\/\/newsestlyonnais.fr\/site\/#organization\"},\"image\":{\"@id\":\"https:\/\/newsestlyonnais.fr\/site\/2021\/01\/09\/villeurbanne-asul-cloture-de-laction-solidaire-un-ballon-pour-le-burkina\/#primaryimage\"},\"thumbnailUrl\":\"https:\/\/newsestlyonnais.fr\/site\/wp-content\/uploads\/2021\/01\/137201966_930008260868386_4115938942987536175_n.jpg\",\"articleSection\":[\"\u00e0 la une\",\"Autres sports\",\"Divers Sports\",\"Sant\u00e9 | Bien Etre | Solidarit\u00e9\",\"Villeurbanne\"],\"inLanguage\":\"fr-FR\",\"potentialAction\":[{\"@type\":\"CommentAction\",\"name\":\"Comment\",\"target\":[\"https:\/\/newsestlyonnais.fr\/site\/2021\/01\/09\/villeurbanne-asul-cloture-de-laction-solidaire-un-ballon-pour-le-burkina\/#respond\"]}]},{\"@type\":\"WebPage\",\"@id\":\"https:\/\/newsestlyonnais.fr\/site\/2021\/01\/09\/villeurbanne-asul-cloture-de-laction-solidaire-un-ballon-pour-le-burkina\/\",\"url\":\"https:\/\/newsestlyonnais.fr\/site\/2021\/01\/09\/villeurbanne-asul-cloture-de-laction-solidaire-un-ballon-pour-le-burkina\/\",\"name\":\"VILLEURBANNE | ASUL > cl\u00f4ture de l'action solidaire \u00ab Un Ballon pour le Burkina \u00bb - News Est Lyonnais\",\"isPartOf\":{\"@id\":\"https:\/\/newsestlyonnais.fr\/site\/#website\"},\"primaryImageOfPage\":{\"@id\":\"https:\/\/newsestlyonnais.fr\/site\/2021\/01\/09\/villeurbanne-asul-cloture-de-laction-solidaire-un-ballon-pour-le-burkina\/#primaryimage\"},\"image\":{\"@id\":\"https:\/\/newsestlyonnais.fr\/site\/2021\/01\/09\/villeurbanne-asul-cloture-de-laction-solidaire-un-ballon-pour-le-burkina\/#primaryimage\"},\"thumbnailUrl\":\"https:\/\/newsestlyonnais.fr\/site\/wp-content\/uploads\/2021\/01\/137201966_930008260868386_4115938942987536175_n.jpg\",\"datePublished\":\"2021-01-09T08:23:44+00:00\",\"description\":\"VILLEURBANNE | ASUL > cl\u00f4ture de l'action solidaire \u00ab Un Ballon pour le Burkina \u00bb\",\"breadcrumb\":{\"@id\":\"https:\/\/newsestlyonnais.fr\/site\/2021\/01\/09\/villeurbanne-asul-cloture-de-laction-solidaire-un-ballon-pour-le-burkina\/#breadcrumb\"},\"inLanguage\":\"fr-FR\",\"potentialAction\":[{\"@type\":\"ReadAction\",\"target\":[\"https:\/\/newsestlyonnais.fr\/site\/2021\/01\/09\/villeurbanne-asul-cloture-de-laction-solidaire-un-ballon-pour-le-burkina\/\"]}]},{\"@type\":\"ImageObject\",\"inLanguage\":\"fr-FR\",\"@id\":\"https:\/\/newsestlyonnais.fr\/site\/2021\/01\/09\/villeurbanne-asul-cloture-de-laction-solidaire-un-ballon-pour-le-burkina\/#primaryimage\",\"url\":\"https:\/\/newsestlyonnais.fr\/site\/wp-content\/uploads\/2021\/01\/137201966_930008260868386_4115938942987536175_n.jpg\",\"contentUrl\":\"https:\/\/newsestlyonnais.fr\/site\/wp-content\/uploads\/2021\/01\/137201966_930008260868386_4115938942987536175_n.jpg\",\"width\":275,\"height\":206},{\"@type\":\"BreadcrumbList\",\"@id\":\"https:\/\/newsestlyonnais.fr\/site\/2021\/01\/09\/villeurbanne-asul-cloture-de-laction-solidaire-un-ballon-pour-le-burkina\/#breadcrumb\",\"itemListElement\":[{\"@type\":\"ListItem\",\"position\":1,\"name\":\"Accueil\",\"item\":\"https:\/\/newsestlyonnais.fr\/site\/\"},{\"@type\":\"ListItem\",\"position\":2,\"name\":\"VILLEURBANNE | ASUL > cl\u00f4ture de l&rsquo;action solidaire \u00ab Un Ballon pour le Burkina \u00bb\"}]},{\"@type\":\"WebSite\",\"@id\":\"https:\/\/newsestlyonnais.fr\/site\/#website\",\"url\":\"https:\/\/newsestlyonnais.fr\/site\/\",\"name\":\"News Est Lyonnais\",\"description\":\"L&#039;actualit\u00e9 au plus pr\u00e8s\",\"publisher\":{\"@id\":\"https:\/\/newsestlyonnais.fr\/site\/#organization\"},\"potentialAction\":[{\"@type\":\"SearchAction\",\"target\":{\"@type\":\"EntryPoint\",\"urlTemplate\":\"https:\/\/newsestlyonnais.fr\/site\/?s={search_term_string}\"},\"query-input\":{\"@type\":\"PropertyValueSpecification\",\"valueRequired\":true,\"valueName\":\"search_term_string\"}}],\"inLanguage\":\"fr-FR\"},{\"@type\":\"Organization\",\"@id\":\"https:\/\/newsestlyonnais.fr\/site\/#organization\",\"name\":\"News EST LYONNAIS\",\"url\":\"https:\/\/newsestlyonnais.fr\/site\/\",\"logo\":{\"@type\":\"ImageObject\",\"inLanguage\":\"fr-FR\",\"@id\":\"https:\/\/newsestlyonnais.fr\/site\/#\/schema\/logo\/image\/\",\"url\":\"\",\"contentUrl\":\"\",\"caption\":\"News EST LYONNAIS\"},\"image\":{\"@id\":\"https:\/\/newsestlyonnais.fr\/site\/#\/schema\/logo\/image\/\"}},{\"@type\":\"Person\",\"@id\":\"https:\/\/newsestlyonnais.fr\/site\/#\/schema\/person\/3230d5615f390bb808365d673001e887\",\"name\":\"R\u00e9dac. NEWS\",\"sameAs\":[\"http:\/\/www.newsestlyonnais.fr\",\"https:\/\/www.facebook.com\/pascal.oberson.1?fref=ts\",\"https:\/\/fr.linkedin.com\/in\/pascal-oberson-b17045113\"],\"url\":\"https:\/\/newsestlyonnais.fr\/site\/author\/nel\/\"}]}<\/script>\n<!-- \/ Yoast SEO plugin. -->","yoast_head_json":{"title":"VILLEURBANNE | ASUL > cl\u00f4ture de l'action solidaire \u00ab Un Ballon pour le Burkina \u00bb - News Est Lyonnais","description":"VILLEURBANNE | ASUL > cl\u00f4ture de l'action solidaire \u00ab Un Ballon pour le Burkina \u00bb","robots":{"index":"index","follow":"follow","max-snippet":"max-snippet:-1","max-image-preview":"max-image-preview:large","max-video-preview":"max-video-preview:-1"},"canonical":"https:\/\/newsestlyonnais.fr\/site\/2021\/01\/09\/villeurbanne-asul-cloture-de-laction-solidaire-un-ballon-pour-le-burkina\/","og_locale":"fr_FR","og_type":"article","og_title":"VILLEURBANNE | ASUL > cl\u00f4ture de l'action solidaire \u00ab Un Ballon pour le Burkina \u00bb - News Est Lyonnais","og_description":"VILLEURBANNE | ASUL > cl\u00f4ture de l'action solidaire \u00ab Un Ballon pour le Burkina \u00bb","og_url":"https:\/\/newsestlyonnais.fr\/site\/2021\/01\/09\/villeurbanne-asul-cloture-de-laction-solidaire-un-ballon-pour-le-burkina\/","og_site_name":"News Est Lyonnais","article_author":"https:\/\/www.facebook.com\/pascal.oberson.1?fref=ts","article_published_time":"2021-01-09T08:23:44+00:00","og_image":[{"width":275,"height":206,"url":"https:\/\/i1.wp.com\/newsestlyonnais.fr\/site\/wp-content\/uploads\/2021\/01\/137201966_930008260868386_4115938942987536175_n.jpg?fit=275%2C206&ssl=1","type":"image\/jpeg"}],"author":"R\u00e9dac. NEWS","twitter_card":"summary_large_image","twitter_misc":{"\u00c9crit par":"R\u00e9dac. NEWS","Dur\u00e9e de lecture estim\u00e9e":"1 minute"},"schema":{"@context":"https:\/\/schema.org","@graph":[{"@type":"Article","@id":"https:\/\/newsestlyonnais.fr\/site\/2021\/01\/09\/villeurbanne-asul-cloture-de-laction-solidaire-un-ballon-pour-le-burkina\/#article","isPartOf":{"@id":"https:\/\/newsestlyonnais.fr\/site\/2021\/01\/09\/villeurbanne-asul-cloture-de-laction-solidaire-un-ballon-pour-le-burkina\/"},"author":{"name":"R\u00e9dac. NEWS","@id":"https:\/\/newsestlyonnais.fr\/site\/#\/schema\/person\/3230d5615f390bb808365d673001e887"},"headline":"VILLEURBANNE | ASUL > cl\u00f4ture de l&rsquo;action solidaire \u00ab Un Ballon pour le Burkina \u00bb","datePublished":"2021-01-09T08:23:44+00:00","mainEntityOfPage":{"@id":"https:\/\/newsestlyonnais.fr\/site\/2021\/01\/09\/villeurbanne-asul-cloture-de-laction-solidaire-un-ballon-pour-le-burkina\/"},"wordCount":124,"commentCount":0,"publisher":{"@id":"https:\/\/newsestlyonnais.fr\/site\/#organization"},"image":{"@id":"https:\/\/newsestlyonnais.fr\/site\/2021\/01\/09\/villeurbanne-asul-cloture-de-laction-solidaire-un-ballon-pour-le-burkina\/#primaryimage"},"thumbnailUrl":"https:\/\/newsestlyonnais.fr\/site\/wp-content\/uploads\/2021\/01\/137201966_930008260868386_4115938942987536175_n.jpg","articleSection":["\u00e0 la une","Autres sports","Divers Sports","Sant\u00e9 | Bien Etre | Solidarit\u00e9","Villeurbanne"],"inLanguage":"fr-FR","potentialAction":[{"@type":"CommentAction","name":"Comment","target":["https:\/\/newsestlyonnais.fr\/site\/2021\/01\/09\/villeurbanne-asul-cloture-de-laction-solidaire-un-ballon-pour-le-burkina\/#respond"]}]},{"@type":"WebPage","@id":"https:\/\/newsestlyonnais.fr\/site\/2021\/01\/09\/villeurbanne-asul-cloture-de-laction-solidaire-un-ballon-pour-le-burkina\/","url":"https:\/\/newsestlyonnais.fr\/site\/2021\/01\/09\/villeurbanne-asul-cloture-de-laction-solidaire-un-ballon-pour-le-burkina\/","name":"VILLEURBANNE | ASUL > cl\u00f4ture de l'action solidaire \u00ab Un Ballon pour le Burkina \u00bb - News Est Lyonnais","isPartOf":{"@id":"https:\/\/newsestlyonnais.fr\/site\/#website"},"primaryImageOfPage":{"@id":"https:\/\/newsestlyonnais.fr\/site\/2021\/01\/09\/villeurbanne-asul-cloture-de-laction-solidaire-un-ballon-pour-le-burkina\/#primaryimage"},"image":{"@id":"https:\/\/newsestlyonnais.fr\/site\/2021\/01\/09\/villeurbanne-asul-cloture-de-laction-solidaire-un-ballon-pour-le-burkina\/#primaryimage"},"thumbnailUrl":"https:\/\/newsestlyonnais.fr\/site\/wp-content\/uploads\/2021\/01\/137201966_930008260868386_4115938942987536175_n.jpg","datePublished":"2021-01-09T08:23:44+00:00","description":"VILLEURBANNE | ASUL > cl\u00f4ture de l'action solidaire \u00ab Un Ballon pour le Burkina \u00bb","breadcrumb":{"@id":"https:\/\/newsestlyonnais.fr\/site\/2021\/01\/09\/villeurbanne-asul-cloture-de-laction-solidaire-un-ballon-pour-le-burkina\/#breadcrumb"},"inLanguage":"fr-FR","potentialAction":[{"@type":"ReadAction","target":["https:\/\/newsestlyonnais.fr\/site\/2021\/01\/09\/villeurbanne-asul-cloture-de-laction-solidaire-un-ballon-pour-le-burkina\/"]}]},{"@type":"ImageObject","inLanguage":"fr-FR","@id":"https:\/\/newsestlyonnais.fr\/site\/2021\/01\/09\/villeurbanne-asul-cloture-de-laction-solidaire-un-ballon-pour-le-burkina\/#primaryimage","url":"https:\/\/newsestlyonnais.fr\/site\/wp-content\/uploads\/2021\/01\/137201966_930008260868386_4115938942987536175_n.jpg","contentUrl":"https:\/\/newsestlyonnais.fr\/site\/wp-content\/uploads\/2021\/01\/137201966_930008260868386_4115938942987536175_n.jpg","width":275,"height":206},{"@type":"BreadcrumbList","@id":"https:\/\/newsestlyonnais.fr\/site\/2021\/01\/09\/villeurbanne-asul-cloture-de-laction-solidaire-un-ballon-pour-le-burkina\/#breadcrumb","itemListElement":[{"@type":"ListItem","position":1,"name":"Accueil","item":"https:\/\/newsestlyonnais.fr\/site\/"},{"@type":"ListItem","position":2,"name":"VILLEURBANNE | ASUL > cl\u00f4ture de l&rsquo;action solidaire \u00ab Un Ballon pour le Burkina \u00bb"}]},{"@type":"WebSite","@id":"https:\/\/newsestlyonnais.fr\/site\/#website","url":"https:\/\/newsestlyonnais.fr\/site\/","name":"News Est Lyonnais","description":"L&#039;actualit\u00e9 au plus pr\u00e8s","publisher":{"@id":"https:\/\/newsestlyonnais.fr\/site\/#organization"},"potentialAction":[{"@type":"SearchAction","target":{"@type":"EntryPoint","urlTemplate":"https:\/\/newsestlyonnais.fr\/site\/?s={search_term_string}"},"query-input":{"@type":"PropertyValueSpecification","valueRequired":true,"valueName":"search_term_string"}}],"inLanguage":"fr-FR"},{"@type":"Organization","@id":"https:\/\/newsestlyonnais.fr\/site\/#organization","name":"News EST LYONNAIS","url":"https:\/\/newsestlyonnais.fr\/site\/","logo":{"@type":"ImageObject","inLanguage":"fr-FR","@id":"https:\/\/newsestlyonnais.fr\/site\/#\/schema\/logo\/image\/","url":"","contentUrl":"","caption":"News EST LYONNAIS"},"image":{"@id":"https:\/\/newsestlyonnais.fr\/site\/#\/schema\/logo\/image\/"}},{"@type":"Person","@id":"https:\/\/newsestlyonnais.fr\/site\/#\/schema\/person\/3230d5615f390bb808365d673001e887","name":"R\u00e9dac. NEWS","sameAs":["http:\/\/www.newsestlyonnais.fr","https:\/\/www.facebook.com\/pascal.oberson.1?fref=ts","https:\/\/fr.linkedin.com\/in\/pascal-oberson-b17045113"],"url":"https:\/\/newsestlyonnais.fr\/site\/author\/nel\/"}]}},"_links":{"self":[{"href":"https:\/\/newsestlyonnais.fr\/site\/wp-json\/wp\/v2\/posts\/122040","targetHints":{"allow":["GET"]}}],"collection":[{"href":"https:\/\/newsestlyonnais.fr\/site\/wp-json\/wp\/v2\/posts"}],"about":[{"href":"https:\/\/newsestlyonnais.fr\/site\/wp-json\/wp\/v2\/types\/post"}],"author":[{"embeddable":true,"href":"https:\/\/newsestlyonnais.fr\/site\/wp-json\/wp\/v2\/users\/4"}],"replies":[{"embeddable":true,"href":"https:\/\/newsestlyonnais.fr\/site\/wp-json\/wp\/v2\/comments?post=122040"}],"version-history":[{"count":0,"href":"https:\/\/newsestlyonnais.fr\/site\/wp-json\/wp\/v2\/posts\/122040\/revisions"}],"wp:featuredmedia":[{"embeddable":true,"href":"https:\/\/newsestlyonnais.fr\/site\/wp-json\/wp\/v2\/media\/122045"}],"wp:attachment":[{"href":"https:\/\/newsestlyonnais.fr\/site\/wp-json\/wp\/v2\/media?parent=122040"}],"wp:term":[{"taxonomy":"category","embeddable":true,"href":"https:\/\/newsestlyonnais.fr\/site\/wp-json\/wp\/v2\/categories?post=122040"},{"taxonomy":"post_tag","embeddable":true,"href":"https:\/\/newsestlyonnais.fr\/site\/wp-json\/wp\/v2\/tags?post=122040"}],"curies":[{"name":"wp","href":"https:\/\/api.w.org\/{rel}","templated":true}]}}