{"id":122067,"date":"2021-01-09T15:29:52","date_gmt":"2021-01-09T14:29:52","guid":{"rendered":"http:\/\/newsestlyonnais.fr\/site\/?p=122067"},"modified":"2021-01-13T15:05:12","modified_gmt":"2021-01-13T14:05:12","slug":"vaulx-en-velin-lactu-de-la-commune-2","status":"publish","type":"post","link":"https:\/\/newsestlyonnais.fr\/site\/2021\/01\/09\/vaulx-en-velin-lactu-de-la-commune-2\/","title":{"rendered":"VAULX-EN-VELIN | L\u2019actu de la commune"},"content":{"rendered":"<p class=\"text-build-content\" style=\"margin: 7.5pt 0cm 7.5pt 0cm;\"><b><span style=\"font-size: 11.5pt; font-family: 'Arial','sans-serif'; color: black;\"><img loading=\"lazy\" decoding=\"async\" class=\"alignright wp-image-122070\" src=\"https:\/\/newsestlyonnais.fr\/site\/wp-content\/uploads\/2021\/01\/ims2l-250x78.jpg\" alt=\"\" width=\"250\" height=\"78\" srcset=\"https:\/\/newsestlyonnais.fr\/site\/wp-content\/uploads\/2021\/01\/ims2l-250x78.jpg 250w, https:\/\/newsestlyonnais.fr\/site\/wp-content\/uploads\/2021\/01\/ims2l-400x125.jpg 400w, https:\/\/newsestlyonnais.fr\/site\/wp-content\/uploads\/2021\/01\/ims2l-650x203.jpg 650w, https:\/\/newsestlyonnais.fr\/site\/wp-content\/uploads\/2021\/01\/ims2l-768x240.jpg 768w, https:\/\/newsestlyonnais.fr\/site\/wp-content\/uploads\/2021\/01\/ims2l-150x47.jpg 150w, https:\/\/newsestlyonnais.fr\/site\/wp-content\/uploads\/2021\/01\/ims2l-50x16.jpg 50w, https:\/\/newsestlyonnais.fr\/site\/wp-content\/uploads\/2021\/01\/ims2l-100x31.jpg 100w, https:\/\/newsestlyonnais.fr\/site\/wp-content\/uploads\/2021\/01\/ims2l-200x63.jpg 200w, https:\/\/newsestlyonnais.fr\/site\/wp-content\/uploads\/2021\/01\/ims2l-300x94.jpg 300w, https:\/\/newsestlyonnais.fr\/site\/wp-content\/uploads\/2021\/01\/ims2l-350x109.jpg 350w, https:\/\/newsestlyonnais.fr\/site\/wp-content\/uploads\/2021\/01\/ims2l-450x141.jpg 450w, https:\/\/newsestlyonnais.fr\/site\/wp-content\/uploads\/2021\/01\/ims2l-500x156.jpg 500w, https:\/\/newsestlyonnais.fr\/site\/wp-content\/uploads\/2021\/01\/ims2l-550x172.jpg 550w, https:\/\/newsestlyonnais.fr\/site\/wp-content\/uploads\/2021\/01\/ims2l.jpg 800w\" sizes=\"auto, (max-width: 250px) 100vw, 250px\" \/><span style=\"text-decoration: underline;\">Programme de remise en forme 100 % Vaudais<\/span>:<br \/>\n<\/span><\/b><\/p>\n<p><strong>&gt;&gt; Chaque vendredi, 1 rendez-vous sportif en vid\u00e9o :<br \/>\n<\/strong><\/p>\n<p data-testid=\"YUvgvCQaYA\">Bonne r\u00e9solution 2021 : et si vous preniez soin de vous ? Au mois de janvier, le service des Sports vous propose chaque semaine un entra\u00eenement sportif \u00e0 r\u00e9aliser chez vous.<\/p>\n<p><strong>Prochaine s\u00e9ance vendredi 15 janvier \u00e0 17 h<\/strong><\/p>\n<ul>\n<li>+ d&rsquo;infos sur : <span style=\"color: #0000ff;\"><a style=\"color: #0000ff;\" href=\"https:\/\/vaulx-en-velin.net\/actualites\/2021-01-08-programme-video-sport-vaudais\/\">https:\/\/vaulx-en-velin.net\/actualites\/2021-01-08-programme-video-sport-vaudais\/<\/a><\/span><\/li>\n<\/ul>\n<hr \/>\n<p class=\"text-build-content\" style=\"margin: 7.5pt 0cm 7.5pt 0cm;\"><b><span style=\"font-size: 11.5pt; font-family: 'Arial','sans-serif'; color: black;\"><span style=\"text-decoration: underline;\">Le march\u00e9 du Village fait son retour Place Boissier<\/span> !<\/span><\/b><\/p>\n<p class=\"text-build-content\" style=\"margin: 7.5pt 0cm 7.5pt 0cm;\" data-testid=\"Wd_oRvUNxm\"><b><span style=\"font-size: 10.5pt; font-family: 'Arial','sans-serif'; color: #006666;\">&gt;&gt; <\/span><\/b><span style=\"color: #333333;\"><strong><span style=\"font-size: 10.5pt; font-family: 'Arial', 'sans-serif';\"><span style=\"font-family: georgia, palatino, serif; font-size: 12pt;\">D\u00e8s mardi 12 janvier 2021<\/span><\/span><\/strong><\/span><\/p>\n<p class=\"text-build-content\" style=\"margin: 7.5pt 0cm 7.5pt 0cm;\" data-testid=\"Wd_oRvUNxm\"><span style=\"font-size: 10.5pt; font-family: 'Arial','sans-serif'; color: black;\">Retrouvez l\u2019ensemble des commer\u00e7ants habituels (produits alimentaires et manufactur\u00e9s) les mardi et dimanche, de 7 h \u00e0 12 h 30.<\/span><\/p>\n<p class=\"text-build-content\" style=\"margin: 7.5pt 0cm 7.5pt 0cm;\" data-testid=\"Wd_oRvUNxm\"><span style=\"font-size: 10.5pt; font-family: 'Arial','sans-serif'; color: black;\">Les jours de march\u00e9, les places de stationnement autour de la place Boissier ne seront plus accessibles. Bien vouloir stationner votre v\u00e9hicule, les lundi et samedi soirs, veilles de march\u00e9, sur les parkings alentours (derri\u00e8re l\u2019\u00e9cole Grandcl\u00e9ment, rue Saby\u2026). <\/span><\/p>\n<hr \/>\n<p><strong><span style=\"text-decoration: underline;\">Collecte des Sapins de NO\u00cbL<\/span> : <\/strong><br \/>\n<strong>&gt;&gt; Jusqu&rsquo;au 16 janvier 2021<\/strong><\/p>\n<p><strong>Faites un geste pour l&rsquo;environnement et d\u00e9posez votre sapin dans l&rsquo;un des points de collecte de Vaulx-en-Velin :<\/strong><\/p>\n<ul>\n<li>Angle rue Condorcet \/ rue Jules Romain<\/li>\n<li>Rue Duclos \/ place Beausoleil<\/li>\n<li>Rue Dumas \/ cimeti\u00e8re des Brosses<\/li>\n<\/ul>\n<p><em><strong><span style=\"font-size: 14pt;\">+ d&rsquo;infos sur le <span style=\"color: #0000ff;\"><a style=\"color: #0000ff;\" href=\"https:\/\/www.grandlyon.com\/services\/points-de-collecte-sapins.html?tx_glmetropoleannuaires_pi1%5Bcontroller%5D=Manager&amp;cHash=139afe306b33e9c734632be03848f773#equipment-results\">site de la M\u00e9tropole de Lyon<\/a><\/span>. <\/span><\/strong><\/em><\/p>\n<hr \/>\n<p><strong><span style=\"text-decoration: underline;\">Permanences de Soutien Psychologique<\/span> :<br \/>\n<\/strong><\/p>\n<p>Depuis le 1\u00b0 d\u00e9cembre 2020, <span style=\"color: #0000ff;\"><a style=\"color: #0000ff;\" href=\"http:\/\/o76g.mj.am\/lnk\/AUoAAB1h5ioAAcnPE-4AAGOsOgIAAP-H360AGe0nAATlvQBf-VuwC02Jw6CDTeqeVZ_utuhgzwADZfo\/29\/wK_bTrYiUzuqz4GV0fmzJg\/aHR0cDovL3d3dy5hcmhtLmZyL3F1aV9zb21tZXNfbm91cy9mb25kYXRpb25fYXJobQ\">la fondation ARHM<\/a><\/span> (Action Recherche Handicap et Sant\u00e9 Mentale), <a href=\"http:\/\/o76g.mj.am\/lnk\/AUoAAB1h5ioAAcnPE-4AAGOsOgIAAP-H360AGe0nAATlvQBf-VuwC02Jw6CDTeqeVZ_utuhgzwADZfo\/30\/aZOGG6iD8zxb9dKiUd9caA\/aHR0cHM6Ly93d3cuZ3JhbmRseW9uLmNvbS8\"><span style=\"color: #0000ff;\">la M\u00e9tropole de Lyon<\/span><\/a> et <a href=\"http:\/\/o76g.mj.am\/lnk\/AUoAAB1h5ioAAcnPE-4AAGOsOgIAAP-H360AGe0nAATlvQBf-VuwC02Jw6CDTeqeVZ_utuhgzwADZfo\/31\/6WaLwr4KCVQv2nJ-xMPjoQ\/aHR0cHM6Ly93d3cuZXNwYWlycy5vcmcv\"><span style=\"color: #0000ff;\">l\u2019association ESPAIRS<\/span><\/a> tiennent <strong>une permanence de soutien \u00e0 Vaulx-en-Velin, sur rendez-vous<\/strong>.<\/p>\n<ul>\n<li>Pour qui ? Les Vaudais, jeunes et adultes.<\/li>\n<li>Quand ? <strong>Les mercredi, jeudi et vendredi, jusqu\u2019au 1\u00b0 mars 2021<\/strong>.<\/li>\n<li>O\u00f9 ? \u00c0 la Maison de la M\u00e9tropole Jaur\u00e8s, 2 rue Georges Chevallier \u00e0 Vaulx-en Velin.<\/li>\n<\/ul>\n<p><strong>&gt;&gt; Prise de rendez-vous<\/strong><\/p>\n<ul>\n<li>Par mail \u00e0 <a href=\"mailto:point.ecoute.vaulx@grandlyon.com\">point.ecoute.vaulx@grandlyon.com<\/a><\/li>\n<li>Par t\u00e9l\u00e9phone au 07. 64. 78. 83. 38<\/li>\n<\/ul>\n<p>+ d&rsquo;infos sur : <a href=\"https:\/\/vaulx-en-velin.net\/agenda\/2020-12-01-permanence-de-soutien-psychologique\/\"><span style=\"color: #0000ff;\">https:\/\/vaulx-en-velin.net\/agenda\/2020-12-01-permanence-de-soutien-psychologique\/<\/span><\/a><\/p>\n<hr \/>\n<hr \/>\n<p><strong>Retrouvez toute l\u2019ACTU de la commune sur : <a href=\"https:\/\/vaulx-en-velin.net\"><span style=\"color: #0000ff;\">https:\/\/vaulx-en-velin.net<\/span><\/a><\/strong><\/p>\n<hr \/>\n<p>&nbsp;<\/p>\n","protected":false},"excerpt":{"rendered":"<p>Programme de remise en forme et retour du march\u00e9 du Village font partie de l&rsquo;actualit\u00e9 vaudaise en ce d\u00e9but d&rsquo;ann\u00e9e.<\/p>\n","protected":false},"author":4,"featured_media":85535,"comment_status":"open","ping_status":"open","sticky":false,"template":"","format":"standard","meta":{"footnotes":""},"categories":[574,2217,166,1380,18,28],"tags":[3517,2006],"class_list":["post-122067","post","type-post","status-publish","format-standard","has-post-thumbnail","hentry","category-autres-sports","category-breves-de-lest-lyonnais","category-divers-sports","category-marches","category-sante-bien-etre-solidarite","category-vaulx-en-velin","tag-actualite","tag-vaulx-en-velin"],"yoast_head":"<!-- This site is optimized with the Yoast SEO plugin v27.2 - https:\/\/yoast.com\/product\/yoast-seo-wordpress\/ -->\n<title>VAULX-EN-VELIN | L\u2019actu de la commune - News Est Lyonnais<\/title>\n<meta name=\"description\" content=\"VAULX-EN-VELIN | L\u2019actu de la commune\" \/>\n<meta name=\"robots\" content=\"index, follow, max-snippet:-1, max-image-preview:large, max-video-preview:-1\" \/>\n<link rel=\"canonical\" href=\"https:\/\/newsestlyonnais.fr\/site\/2021\/01\/09\/vaulx-en-velin-lactu-de-la-commune-2\/\" \/>\n<meta property=\"og:locale\" content=\"fr_FR\" \/>\n<meta property=\"og:type\" content=\"article\" \/>\n<meta property=\"og:title\" content=\"VAULX-EN-VELIN | L\u2019actu de la commune - News Est Lyonnais\" \/>\n<meta property=\"og:description\" content=\"VAULX-EN-VELIN | L\u2019actu de la commune\" \/>\n<meta property=\"og:url\" content=\"https:\/\/newsestlyonnais.fr\/site\/2021\/01\/09\/vaulx-en-velin-lactu-de-la-commune-2\/\" \/>\n<meta property=\"og:site_name\" content=\"News Est Lyonnais\" \/>\n<meta property=\"article:author\" content=\"https:\/\/www.facebook.com\/pascal.oberson.1?fref=ts\" \/>\n<meta property=\"article:published_time\" content=\"2021-01-09T14:29:52+00:00\" \/>\n<meta property=\"article:modified_time\" content=\"2021-01-13T14:05:12+00:00\" \/>\n<meta property=\"og:image\" content=\"https:\/\/i1.wp.com\/newsestlyonnais.fr\/site\/wp-content\/uploads\/2019\/09\/NEWSESTLYONNAIS-MAIRIE-VAULX.jpg?fit=1200%2C800&ssl=1\" \/>\n\t<meta property=\"og:image:width\" content=\"1200\" \/>\n\t<meta property=\"og:image:height\" content=\"800\" \/>\n\t<meta property=\"og:image:type\" content=\"image\/jpeg\" \/>\n<meta name=\"author\" content=\"R\u00e9dac. NEWS\" \/>\n<meta name=\"twitter:card\" content=\"summary_large_image\" \/>\n<meta name=\"twitter:label1\" content=\"\u00c9crit par\" \/>\n\t<meta name=\"twitter:data1\" content=\"R\u00e9dac. NEWS\" \/>\n\t<meta name=\"twitter:label2\" content=\"Dur\u00e9e de lecture estim\u00e9e\" \/>\n\t<meta name=\"twitter:data2\" content=\"1 minute\" \/>\n<script type=\"application\/ld+json\" class=\"yoast-schema-graph\">{\"@context\":\"https:\/\/schema.org\",\"@graph\":[{\"@type\":\"Article\",\"@id\":\"https:\/\/newsestlyonnais.fr\/site\/2021\/01\/09\/vaulx-en-velin-lactu-de-la-commune-2\/#article\",\"isPartOf\":{\"@id\":\"https:\/\/newsestlyonnais.fr\/site\/2021\/01\/09\/vaulx-en-velin-lactu-de-la-commune-2\/\"},\"author\":{\"name\":\"R\u00e9dac. NEWS\",\"@id\":\"https:\/\/newsestlyonnais.fr\/site\/#\/schema\/person\/3230d5615f390bb808365d673001e887\"},\"headline\":\"VAULX-EN-VELIN | L\u2019actu de la commune\",\"datePublished\":\"2021-01-09T14:29:52+00:00\",\"dateModified\":\"2021-01-13T14:05:12+00:00\",\"mainEntityOfPage\":{\"@id\":\"https:\/\/newsestlyonnais.fr\/site\/2021\/01\/09\/vaulx-en-velin-lactu-de-la-commune-2\/\"},\"wordCount\":305,\"commentCount\":0,\"publisher\":{\"@id\":\"https:\/\/newsestlyonnais.fr\/site\/#organization\"},\"image\":{\"@id\":\"https:\/\/newsestlyonnais.fr\/site\/2021\/01\/09\/vaulx-en-velin-lactu-de-la-commune-2\/#primaryimage\"},\"thumbnailUrl\":\"https:\/\/newsestlyonnais.fr\/site\/wp-content\/uploads\/2019\/09\/NEWSESTLYONNAIS-MAIRIE-VAULX.jpg\",\"keywords\":[\"ACTUALITE\",\"VAULX EN VELIN\"],\"articleSection\":[\"Autres sports\",\"Br\u00e8ves de l'Est lyonnais\",\"Divers Sports\",\"March\u00e9s\",\"Sant\u00e9 | Bien Etre | Solidarit\u00e9\",\"Vaulx-en-Velin\"],\"inLanguage\":\"fr-FR\",\"potentialAction\":[{\"@type\":\"CommentAction\",\"name\":\"Comment\",\"target\":[\"https:\/\/newsestlyonnais.fr\/site\/2021\/01\/09\/vaulx-en-velin-lactu-de-la-commune-2\/#respond\"]}]},{\"@type\":\"WebPage\",\"@id\":\"https:\/\/newsestlyonnais.fr\/site\/2021\/01\/09\/vaulx-en-velin-lactu-de-la-commune-2\/\",\"url\":\"https:\/\/newsestlyonnais.fr\/site\/2021\/01\/09\/vaulx-en-velin-lactu-de-la-commune-2\/\",\"name\":\"VAULX-EN-VELIN | L\u2019actu de la commune - News Est Lyonnais\",\"isPartOf\":{\"@id\":\"https:\/\/newsestlyonnais.fr\/site\/#website\"},\"primaryImageOfPage\":{\"@id\":\"https:\/\/newsestlyonnais.fr\/site\/2021\/01\/09\/vaulx-en-velin-lactu-de-la-commune-2\/#primaryimage\"},\"image\":{\"@id\":\"https:\/\/newsestlyonnais.fr\/site\/2021\/01\/09\/vaulx-en-velin-lactu-de-la-commune-2\/#primaryimage\"},\"thumbnailUrl\":\"https:\/\/newsestlyonnais.fr\/site\/wp-content\/uploads\/2019\/09\/NEWSESTLYONNAIS-MAIRIE-VAULX.jpg\",\"datePublished\":\"2021-01-09T14:29:52+00:00\",\"dateModified\":\"2021-01-13T14:05:12+00:00\",\"description\":\"VAULX-EN-VELIN | L\u2019actu de la commune\",\"breadcrumb\":{\"@id\":\"https:\/\/newsestlyonnais.fr\/site\/2021\/01\/09\/vaulx-en-velin-lactu-de-la-commune-2\/#breadcrumb\"},\"inLanguage\":\"fr-FR\",\"potentialAction\":[{\"@type\":\"ReadAction\",\"target\":[\"https:\/\/newsestlyonnais.fr\/site\/2021\/01\/09\/vaulx-en-velin-lactu-de-la-commune-2\/\"]}]},{\"@type\":\"ImageObject\",\"inLanguage\":\"fr-FR\",\"@id\":\"https:\/\/newsestlyonnais.fr\/site\/2021\/01\/09\/vaulx-en-velin-lactu-de-la-commune-2\/#primaryimage\",\"url\":\"https:\/\/newsestlyonnais.fr\/site\/wp-content\/uploads\/2019\/09\/NEWSESTLYONNAIS-MAIRIE-VAULX.jpg\",\"contentUrl\":\"https:\/\/newsestlyonnais.fr\/site\/wp-content\/uploads\/2019\/09\/NEWSESTLYONNAIS-MAIRIE-VAULX.jpg\",\"width\":1200,\"height\":800},{\"@type\":\"BreadcrumbList\",\"@id\":\"https:\/\/newsestlyonnais.fr\/site\/2021\/01\/09\/vaulx-en-velin-lactu-de-la-commune-2\/#breadcrumb\",\"itemListElement\":[{\"@type\":\"ListItem\",\"position\":1,\"name\":\"Accueil\",\"item\":\"https:\/\/newsestlyonnais.fr\/site\/\"},{\"@type\":\"ListItem\",\"position\":2,\"name\":\"VAULX-EN-VELIN | L\u2019actu de la commune\"}]},{\"@type\":\"WebSite\",\"@id\":\"https:\/\/newsestlyonnais.fr\/site\/#website\",\"url\":\"https:\/\/newsestlyonnais.fr\/site\/\",\"name\":\"News Est Lyonnais\",\"description\":\"L&#039;actualit\u00e9 au plus pr\u00e8s\",\"publisher\":{\"@id\":\"https:\/\/newsestlyonnais.fr\/site\/#organization\"},\"potentialAction\":[{\"@type\":\"SearchAction\",\"target\":{\"@type\":\"EntryPoint\",\"urlTemplate\":\"https:\/\/newsestlyonnais.fr\/site\/?s={search_term_string}\"},\"query-input\":{\"@type\":\"PropertyValueSpecification\",\"valueRequired\":true,\"valueName\":\"search_term_string\"}}],\"inLanguage\":\"fr-FR\"},{\"@type\":\"Organization\",\"@id\":\"https:\/\/newsestlyonnais.fr\/site\/#organization\",\"name\":\"News EST LYONNAIS\",\"url\":\"https:\/\/newsestlyonnais.fr\/site\/\",\"logo\":{\"@type\":\"ImageObject\",\"inLanguage\":\"fr-FR\",\"@id\":\"https:\/\/newsestlyonnais.fr\/site\/#\/schema\/logo\/image\/\",\"url\":\"\",\"contentUrl\":\"\",\"caption\":\"News EST LYONNAIS\"},\"image\":{\"@id\":\"https:\/\/newsestlyonnais.fr\/site\/#\/schema\/logo\/image\/\"}},{\"@type\":\"Person\",\"@id\":\"https:\/\/newsestlyonnais.fr\/site\/#\/schema\/person\/3230d5615f390bb808365d673001e887\",\"name\":\"R\u00e9dac. NEWS\",\"sameAs\":[\"http:\/\/www.newsestlyonnais.fr\",\"https:\/\/www.facebook.com\/pascal.oberson.1?fref=ts\",\"https:\/\/fr.linkedin.com\/in\/pascal-oberson-b17045113\"],\"url\":\"https:\/\/newsestlyonnais.fr\/site\/author\/nel\/\"}]}<\/script>\n<!-- \/ Yoast SEO plugin. -->","yoast_head_json":{"title":"VAULX-EN-VELIN | L\u2019actu de la commune - News Est Lyonnais","description":"VAULX-EN-VELIN | L\u2019actu de la commune","robots":{"index":"index","follow":"follow","max-snippet":"max-snippet:-1","max-image-preview":"max-image-preview:large","max-video-preview":"max-video-preview:-1"},"canonical":"https:\/\/newsestlyonnais.fr\/site\/2021\/01\/09\/vaulx-en-velin-lactu-de-la-commune-2\/","og_locale":"fr_FR","og_type":"article","og_title":"VAULX-EN-VELIN | L\u2019actu de la commune - News Est Lyonnais","og_description":"VAULX-EN-VELIN | L\u2019actu de la commune","og_url":"https:\/\/newsestlyonnais.fr\/site\/2021\/01\/09\/vaulx-en-velin-lactu-de-la-commune-2\/","og_site_name":"News Est Lyonnais","article_author":"https:\/\/www.facebook.com\/pascal.oberson.1?fref=ts","article_published_time":"2021-01-09T14:29:52+00:00","article_modified_time":"2021-01-13T14:05:12+00:00","og_image":[{"width":1200,"height":800,"url":"https:\/\/i1.wp.com\/newsestlyonnais.fr\/site\/wp-content\/uploads\/2019\/09\/NEWSESTLYONNAIS-MAIRIE-VAULX.jpg?fit=1200%2C800&ssl=1","type":"image\/jpeg"}],"author":"R\u00e9dac. NEWS","twitter_card":"summary_large_image","twitter_misc":{"\u00c9crit par":"R\u00e9dac. NEWS","Dur\u00e9e de lecture estim\u00e9e":"1 minute"},"schema":{"@context":"https:\/\/schema.org","@graph":[{"@type":"Article","@id":"https:\/\/newsestlyonnais.fr\/site\/2021\/01\/09\/vaulx-en-velin-lactu-de-la-commune-2\/#article","isPartOf":{"@id":"https:\/\/newsestlyonnais.fr\/site\/2021\/01\/09\/vaulx-en-velin-lactu-de-la-commune-2\/"},"author":{"name":"R\u00e9dac. NEWS","@id":"https:\/\/newsestlyonnais.fr\/site\/#\/schema\/person\/3230d5615f390bb808365d673001e887"},"headline":"VAULX-EN-VELIN | L\u2019actu de la commune","datePublished":"2021-01-09T14:29:52+00:00","dateModified":"2021-01-13T14:05:12+00:00","mainEntityOfPage":{"@id":"https:\/\/newsestlyonnais.fr\/site\/2021\/01\/09\/vaulx-en-velin-lactu-de-la-commune-2\/"},"wordCount":305,"commentCount":0,"publisher":{"@id":"https:\/\/newsestlyonnais.fr\/site\/#organization"},"image":{"@id":"https:\/\/newsestlyonnais.fr\/site\/2021\/01\/09\/vaulx-en-velin-lactu-de-la-commune-2\/#primaryimage"},"thumbnailUrl":"https:\/\/newsestlyonnais.fr\/site\/wp-content\/uploads\/2019\/09\/NEWSESTLYONNAIS-MAIRIE-VAULX.jpg","keywords":["ACTUALITE","VAULX EN VELIN"],"articleSection":["Autres sports","Br\u00e8ves de l'Est lyonnais","Divers Sports","March\u00e9s","Sant\u00e9 | Bien Etre | Solidarit\u00e9","Vaulx-en-Velin"],"inLanguage":"fr-FR","potentialAction":[{"@type":"CommentAction","name":"Comment","target":["https:\/\/newsestlyonnais.fr\/site\/2021\/01\/09\/vaulx-en-velin-lactu-de-la-commune-2\/#respond"]}]},{"@type":"WebPage","@id":"https:\/\/newsestlyonnais.fr\/site\/2021\/01\/09\/vaulx-en-velin-lactu-de-la-commune-2\/","url":"https:\/\/newsestlyonnais.fr\/site\/2021\/01\/09\/vaulx-en-velin-lactu-de-la-commune-2\/","name":"VAULX-EN-VELIN | L\u2019actu de la commune - News Est Lyonnais","isPartOf":{"@id":"https:\/\/newsestlyonnais.fr\/site\/#website"},"primaryImageOfPage":{"@id":"https:\/\/newsestlyonnais.fr\/site\/2021\/01\/09\/vaulx-en-velin-lactu-de-la-commune-2\/#primaryimage"},"image":{"@id":"https:\/\/newsestlyonnais.fr\/site\/2021\/01\/09\/vaulx-en-velin-lactu-de-la-commune-2\/#primaryimage"},"thumbnailUrl":"https:\/\/newsestlyonnais.fr\/site\/wp-content\/uploads\/2019\/09\/NEWSESTLYONNAIS-MAIRIE-VAULX.jpg","datePublished":"2021-01-09T14:29:52+00:00","dateModified":"2021-01-13T14:05:12+00:00","description":"VAULX-EN-VELIN | L\u2019actu de la commune","breadcrumb":{"@id":"https:\/\/newsestlyonnais.fr\/site\/2021\/01\/09\/vaulx-en-velin-lactu-de-la-commune-2\/#breadcrumb"},"inLanguage":"fr-FR","potentialAction":[{"@type":"ReadAction","target":["https:\/\/newsestlyonnais.fr\/site\/2021\/01\/09\/vaulx-en-velin-lactu-de-la-commune-2\/"]}]},{"@type":"ImageObject","inLanguage":"fr-FR","@id":"https:\/\/newsestlyonnais.fr\/site\/2021\/01\/09\/vaulx-en-velin-lactu-de-la-commune-2\/#primaryimage","url":"https:\/\/newsestlyonnais.fr\/site\/wp-content\/uploads\/2019\/09\/NEWSESTLYONNAIS-MAIRIE-VAULX.jpg","contentUrl":"https:\/\/newsestlyonnais.fr\/site\/wp-content\/uploads\/2019\/09\/NEWSESTLYONNAIS-MAIRIE-VAULX.jpg","width":1200,"height":800},{"@type":"BreadcrumbList","@id":"https:\/\/newsestlyonnais.fr\/site\/2021\/01\/09\/vaulx-en-velin-lactu-de-la-commune-2\/#breadcrumb","itemListElement":[{"@type":"ListItem","position":1,"name":"Accueil","item":"https:\/\/newsestlyonnais.fr\/site\/"},{"@type":"ListItem","position":2,"name":"VAULX-EN-VELIN | L\u2019actu de la commune"}]},{"@type":"WebSite","@id":"https:\/\/newsestlyonnais.fr\/site\/#website","url":"https:\/\/newsestlyonnais.fr\/site\/","name":"News Est Lyonnais","description":"L&#039;actualit\u00e9 au plus pr\u00e8s","publisher":{"@id":"https:\/\/newsestlyonnais.fr\/site\/#organization"},"potentialAction":[{"@type":"SearchAction","target":{"@type":"EntryPoint","urlTemplate":"https:\/\/newsestlyonnais.fr\/site\/?s={search_term_string}"},"query-input":{"@type":"PropertyValueSpecification","valueRequired":true,"valueName":"search_term_string"}}],"inLanguage":"fr-FR"},{"@type":"Organization","@id":"https:\/\/newsestlyonnais.fr\/site\/#organization","name":"News EST LYONNAIS","url":"https:\/\/newsestlyonnais.fr\/site\/","logo":{"@type":"ImageObject","inLanguage":"fr-FR","@id":"https:\/\/newsestlyonnais.fr\/site\/#\/schema\/logo\/image\/","url":"","contentUrl":"","caption":"News EST LYONNAIS"},"image":{"@id":"https:\/\/newsestlyonnais.fr\/site\/#\/schema\/logo\/image\/"}},{"@type":"Person","@id":"https:\/\/newsestlyonnais.fr\/site\/#\/schema\/person\/3230d5615f390bb808365d673001e887","name":"R\u00e9dac. NEWS","sameAs":["http:\/\/www.newsestlyonnais.fr","https:\/\/www.facebook.com\/pascal.oberson.1?fref=ts","https:\/\/fr.linkedin.com\/in\/pascal-oberson-b17045113"],"url":"https:\/\/newsestlyonnais.fr\/site\/author\/nel\/"}]}},"_links":{"self":[{"href":"https:\/\/newsestlyonnais.fr\/site\/wp-json\/wp\/v2\/posts\/122067","targetHints":{"allow":["GET"]}}],"collection":[{"href":"https:\/\/newsestlyonnais.fr\/site\/wp-json\/wp\/v2\/posts"}],"about":[{"href":"https:\/\/newsestlyonnais.fr\/site\/wp-json\/wp\/v2\/types\/post"}],"author":[{"embeddable":true,"href":"https:\/\/newsestlyonnais.fr\/site\/wp-json\/wp\/v2\/users\/4"}],"replies":[{"embeddable":true,"href":"https:\/\/newsestlyonnais.fr\/site\/wp-json\/wp\/v2\/comments?post=122067"}],"version-history":[{"count":0,"href":"https:\/\/newsestlyonnais.fr\/site\/wp-json\/wp\/v2\/posts\/122067\/revisions"}],"wp:featuredmedia":[{"embeddable":true,"href":"https:\/\/newsestlyonnais.fr\/site\/wp-json\/wp\/v2\/media\/85535"}],"wp:attachment":[{"href":"https:\/\/newsestlyonnais.fr\/site\/wp-json\/wp\/v2\/media?parent=122067"}],"wp:term":[{"taxonomy":"category","embeddable":true,"href":"https:\/\/newsestlyonnais.fr\/site\/wp-json\/wp\/v2\/categories?post=122067"},{"taxonomy":"post_tag","embeddable":true,"href":"https:\/\/newsestlyonnais.fr\/site\/wp-json\/wp\/v2\/tags?post=122067"}],"curies":[{"name":"wp","href":"https:\/\/api.w.org\/{rel}","templated":true}]}}