{"id":122239,"date":"2021-01-14T07:18:47","date_gmt":"2021-01-14T06:18:47","guid":{"rendered":"http:\/\/newsestlyonnais.fr\/site\/?p=122239"},"modified":"2021-01-15T06:42:03","modified_gmt":"2021-01-15T05:42:03","slug":"meyzieu-avenir-bevato-sans-lassociation-300-enfants-sans-instruction","status":"publish","type":"post","link":"https:\/\/newsestlyonnais.fr\/site\/2021\/01\/14\/meyzieu-avenir-bevato-sans-lassociation-300-enfants-sans-instruction\/","title":{"rendered":"MEYZIEU | Avenir Bevato \u00ab\u00a0sans l\u2019association 300 enfants sans instruction\u00a0\u00bb"},"content":{"rendered":"<p>En ce jeudi, c\u2019est<strong> Laza Berger, Pr\u00e9sidente et co-fondatrice de l\u2019association<\/strong><strong>, <\/strong>qui r\u00e9pond aux questions de la r\u00e9daction :<\/p>\n<hr \/>\n<ul>\n<li><span style=\"font-size: 14pt;\"><strong><u>Quelle est son activit\u00e9 et effectif actuel<\/u><\/strong><strong> ?<\/strong><\/span><\/li>\n<\/ul>\n<p>\u00bb C\u2019est <strong>une association humanitaire qui aide \u00e0 la scolarisation d\u2019environ 300 enfants sur 3 sites dans le sud-ouest malgache<\/strong> en collaboration avec un coll\u00e8ge priv\u00e9 que nous aidons de fa\u00e7on ponctuelle.<\/p>\n<p>Pour cela, <strong>nous effectuons des activit\u00e9s de lev\u00e9e de fonds en faisant la promotion de la culture malgache<\/strong> : soir\u00e9e dansante, vide-greniers, concerts, participation \u00e0 des \u00e9v\u00e8nements r\u00e9guliers comme la F\u00eate de la Musique ou le March\u00e9 des lumi\u00e8res solidaires de Meyzieu en tenant des stands de vente de produits artisanaux ou des sp\u00e9cialit\u00e9s culinaires malgaches.<\/p>\n<p><strong>Nous travaillons \u00e9galement en collaboration avec d\u2019autres associations<\/strong> comme par exemple <strong>l\u2019association majolane Cin\u00e9 Passion ou encore l\u2019association franco-malgache Club Mad<\/strong> situ\u00e9e \u00e0 Lyon 8\u00b0 pour ne citer que les partenariats sur le long terme.<\/p>\n<p>L\u2019association Club Mad \u0153uvre pour faire la promotion de la culture et de la langue malgaches. Et elle a aid\u00e9 certains \u00e9tudiants malgaches mis en difficult\u00e9 par cette pand\u00e9mie \u00e0 Lyon.<\/p>\n<p>Et l\u2019association Cin\u00e9 Passion n\u2019est plus \u00e0 pr\u00e9senter aux habitants de l\u2019Est Lyonnais. On tient un stand de sp\u00e9cialit\u00e9s culinaires lors de la projection de films malgaches du cin\u00e9ma de Meyzieu que nous organisons avec elle depuis plus de 5 ans.<\/p>\n<p><strong>C\u2019est le nom du village de mon p\u00e8re qui a \u00e9t\u00e9 choisi pour l\u2019association : \u00abBevato\u00bb.<\/strong><\/p>\n<p><strong>Nous avons environ une trentaine d\u2019adh\u00e9rents r\u00e9guliers et des adh\u00e9rents ponctuels<\/strong>. Des entreprises nous soutiennent aussi. Les dons que nous recevons sont d\u00e9ductibles d\u2019imp\u00f4ts \u00ab.<\/p>\n<hr \/>\n<ul>\n<li><span style=\"text-decoration: underline;\"><strong><span style=\"font-size: 14pt;\">Comment s\u2019\u00e9tait pass\u00e9 le 1\u00b0 confinement et aviez vous mis du personnel au ch\u00f4mage ?<\/span><\/strong><\/span><\/li>\n<\/ul>\n<p>\u00bb <strong>Nous n\u2019avons aucun salari\u00e9<\/strong>. Nous avons des b\u00e9n\u00e9voles en France et \u00e0 Madagascar. Nous avons cess\u00e9 rapidement nos activit\u00e9s lors du premier confinement et n\u2019avons d\u2019ailleurs pas particip\u00e9 au Forum des associations de Meyzieu pour ne prendre aucun risque.<\/p>\n<p>L\u2019\u00e9cole sur les trois sites \u00e0 Madagascar a \u00e9t\u00e9, un temps, \u00e9pargn\u00e9e et les \u00e9l\u00e8ves ont pu continuer \u00e0 \u00e9tudier. Puis Madagascar a \u00e9t\u00e9 \u00e0 son tour confin\u00e9. Faire revenir les enfants \u00e0 r\u00e9-\u00e9tudier n\u2019a pas \u00e9t\u00e9 ais\u00e9&#8230;.sachant que ce n\u2019est d\u00e9j\u00e0 pas \u00e9vident, c\u2019est la raison pour laquelle on dit qu\u2019on a \u00ab environ \u00bb 300 \u00e9l\u00e8ves, certains partent puis reviennent, l\u2019effectif est changeant.<\/p>\n<p><strong>Ici, on a essay\u00e9 de garder le lien avec les adh\u00e9rents et b\u00e9n\u00e9voles<\/strong>. On a d\u00fb les solliciter plus que d\u2019habitude vu l\u2019annulation de nos \u00e9v\u00e8nements et ils ont r\u00e9pondu pr\u00e9sents \u00ab.<\/p>\n<hr \/>\n<ul>\n<li><span style=\"text-decoration: underline;\"><span style=\"font-size: 14pt;\"><strong>Et la reprise des activit\u00e9s \u00e0 la rentr\u00e9e de septembre ?<\/strong><\/span><\/span><\/li>\n<\/ul>\n<p>\u00bb On a toujours eu l\u2019espoir que tout redevienne normal alors on a essay\u00e9 de maintenir nos \u00e9v\u00e8nements mais finalement, on en a r\u00e9alis\u00e9 aucun.<\/p>\n<p><strong>L\u00e0, on a d\u00e9j\u00e0 une date : le samedi 3 juillet 2021 pour le report de notre soir\u00e9e-anniversaire \u2026on ne sait pas si elle aura lieu\u2026<\/strong> \u00ab.<\/p>\n<ul>\n<li><span style=\"text-decoration: underline;\"><span style=\"font-size: 14pt;\"><strong>Avez-vous connu depuis une baisse de vos effectifs ?<\/strong><\/span><\/span><\/li>\n<\/ul>\n<p>\u00bb Nous avons toujours privil\u00e9gi\u00e9 les lev\u00e9es de fonds gr\u00e2ce aux \u00e9v\u00e8nements, et <strong>cette fois, il nous a fallu nous baser uniquement sur les dons.<\/strong><\/p>\n<p>Et l\u00e0, nous pouvons dire que <strong>les gens sont, malgr\u00e9 ce qu\u2019on peut penser, g\u00e9n\u00e9reux car ils n\u2019ont pas h\u00e9sit\u00e9 \u00e0 augmenter le montant qu\u2019ils donnent habituellement<\/strong> \u00ab.<\/p>\n<div data-canvas-width=\"576.6933333333335\">\n<hr \/>\n<\/div>\n<div data-canvas-width=\"535.861333333333\">\n<div data-canvas-width=\"413.3213333333334\">\n<ul>\n<li><span style=\"text-decoration: underline;\"><strong><span style=\"font-size: 14pt;\">Avez-vous \u00e9t\u00e9 contraints d\u2019annuler des \u00e9v\u00e8nements ?<\/span> <\/strong><\/span><\/li>\n<\/ul>\n<p>\u00bb <strong>Quatre \u00e9v\u00e8nements majeurs ont d\u00fb \u00eatre annul\u00e9s sans parler des activit\u00e9s pr\u00e9vues avec la Mairie de Meyzieu<\/strong> (f\u00eates des lumi\u00e8res et march\u00e9 des lumi\u00e8res solidaires). Le premier devait avoir lieu le 18 mars : un concert de gospel \u00e0 la salle des f\u00eates de Meyzieu avec une chorale advantiste malgache.<\/p>\n<p>Puis, au mois d\u2019ao\u00fbt, nous avions un vide-grenier de pr\u00e9vu. Une soir\u00e9e cin\u00e9ma d\u2019un film malgache qui venait de sortir en juin avec le cin\u00e9ma de Meyzieu et l\u2019association Cin\u00e9 Passion et <strong>notre 10\u00b0 anniversaire \u00e0 la salle des f\u00eates le 19 d\u00e9cembre a d\u00fb \u00eatre r\u00e9alis\u00e9 diff\u00e9remment.<\/strong> Nous avions fait une soir\u00e9e zoom qui \u00e9tait plut\u00f4t r\u00e9ussie mais qui ne nous a pas permis de r\u00e9colter des fonds \u00ab.<\/p>\n<hr \/>\n<ul>\n<li><span style=\"text-decoration: underline;\"><strong><span style=\"font-size: 14pt;\">Comment se d\u00e9roule ce 2\u00b0 confinement ?<\/span><\/strong><\/span><\/li>\n<\/ul>\n<p>\u00bb <strong>On continue sur notre lanc\u00e9e<\/strong> sachant que cette fois, certains b\u00e9n\u00e9voles travaillent en pr\u00e9sentiel comme moi-m\u00eame qui suis enseignante. Nous essayons de garder les liens et d\u2019\u00eatre actifs sur Facebook, notre r\u00e9seau social de pr\u00e9dilection \u00ab.<\/p>\n<ul>\n<li><span style=\"text-decoration: underline;\"><strong><span style=\"font-size: 14pt;\">Cons\u00e9quences financi\u00e8res ou autres ?<\/span><\/strong><\/span><\/li>\n<\/ul>\n<p>\u00bb L\u2019\u00e9cole que nous soutenons d\u00e9pend \u00e9norm\u00e9ment de nous. <strong>Sans l\u2019association, environ 300 enfants se retrouveraient sans instruction.<\/strong> Il va nous falloir trouver des id\u00e9es pour organiser des \u00e9v\u00e8nements qui nous permettraient de renflouer notre caisse assez rapidement.<\/p>\n<p>Par ailleurs, l\u2019organisation d\u2019\u00e9v\u00e8nements nous manque, tout comme rencontrer des personnes, discuter, \u00e9changer, bref une vie sociale \u00e9panouie \u00ab.<\/p>\n<hr \/>\n<\/div>\n<\/div>\n<div data-canvas-width=\"535.861333333333\">\n<ul>\n<li><span style=\"text-decoration: underline;\"><strong><span style=\"font-size: 14pt;\">Un petit mot de conclusion ?<\/span><\/strong><\/span><\/li>\n<\/ul>\n<p>\u00bb <strong>Le contexte actuel nous a tous chamboul\u00e9s<\/strong>. Cependant, au niveau de l\u2019association, <strong>il nous a permis de r\u00e9fl\u00e9chir \u00e0 trouver d\u2019autres moyens de lever des fonds et d\u2019essayer les nouvelles technologies<\/strong>.<\/p>\n<p>Nous avions alors fait une soir\u00e9e Zoom qui nous a donn\u00e9 l\u2019envie d\u2019en refaire. Les nouvelles technologies nous permettent de garder les liens mais n\u2019assurent aucune entr\u00e9e d\u2019argent.<\/p>\n<p>Nous avions peur que le confinement mette un arr\u00eat \u00e0 notre projet et <strong>pourtant les adh\u00e9rents, sympathisants et donateurs ne nous ont pas oubli\u00e9s<\/strong>. Un grand merci \u00e0 eux.<\/p>\n<p>Nous avons h\u00e2te de revenir \u00e0 la normale pour vivre sans cette crainte permanente de la Covid.<\/p>\n<p>J\u2019en profite pour vous parler de Lilo, le moteur de recherches fran\u00e7ais et solidaire qui permet de transformer les recherches en gouttes, qui, elles, deviennent des euros. Nous faisons partie des projets qu\u2019il soutient. Je vous encourage \u00e0 y aller et \u00e0 nous soutenir tout en faisant des recherches \u00ab.<\/p>\n<hr \/>\n<h1 class=\"heading__title\"><span style=\"font-size: 14pt;\"><img loading=\"lazy\" decoding=\"async\" class=\"alignleft size-thumbnail wp-image-122440\" src=\"https:\/\/newsestlyonnais.fr\/site\/wp-content\/uploads\/2021\/01\/AVENIR-BEVATO1--250x187.jpg\" alt=\"\" width=\"150\" height=\"112\" srcset=\"https:\/\/newsestlyonnais.fr\/site\/wp-content\/uploads\/2021\/01\/AVENIR-BEVATO1--250x187.jpg 250w, https:\/\/newsestlyonnais.fr\/site\/wp-content\/uploads\/2021\/01\/AVENIR-BEVATO1--150x112.jpg 150w, https:\/\/newsestlyonnais.fr\/site\/wp-content\/uploads\/2021\/01\/AVENIR-BEVATO1--50x37.jpg 50w, https:\/\/newsestlyonnais.fr\/site\/wp-content\/uploads\/2021\/01\/AVENIR-BEVATO1--100x75.jpg 100w, https:\/\/newsestlyonnais.fr\/site\/wp-content\/uploads\/2021\/01\/AVENIR-BEVATO1--200x150.jpg 200w, https:\/\/newsestlyonnais.fr\/site\/wp-content\/uploads\/2021\/01\/AVENIR-BEVATO1-.jpg 259w\" sizes=\"auto, (max-width: 150px) 100vw, 150px\" \/>AVENIR BEVATO Une goutte d&rsquo;eau pour l&rsquo;\u00eele rouge <\/span><\/h1>\n<h1 class=\"heading__title\"><span style=\"font-size: 14pt;\">8 rue de Paris \/ Meyzieu\u00a0 <\/span><span style=\"font-size: 12pt;\"><strong>Contact<\/strong> : <span style=\"color: #0000ff;\"><a class=\"new-window-off\" style=\"color: #0000ff;\">avenir.bevato@yahoo.fr<\/a><\/span><\/span><\/h1>\n<p><strong>A retrouver sur<\/strong> : <span style=\"color: #0000ff;\"><a style=\"color: #0000ff;\" href=\"https:\/\/www.facebook.com\/Avenir-Bevato-196793477060283\/?ref=page_internal\">https:\/\/www.facebook.com\/Avenir-Bevato-196793477060283\/?ref=page_internal<\/a><\/span><\/p>\n<hr \/>\n<p>&nbsp;<\/p>\n<\/div>\n","protected":false},"excerpt":{"rendered":"<p>1 jour, 1 association | Quotidiennement, une association est pr\u00e9sent\u00e9e par un de ses dirigeants.<\/p>\n","protected":false},"author":4,"featured_media":122439,"comment_status":"open","ping_status":"open","sticky":false,"template":"","format":"standard","meta":{"footnotes":""},"categories":[3420,24,18,173],"tags":[3525,2081,2044,2008],"class_list":["post-122239","post","type-post","status-publish","format-standard","has-post-thumbnail","hentry","category-1-jour-1-association","category-meyzieu","category-sante-bien-etre-solidarite","category-scolaire","tag-avenir-bevato","tag-meyzieu","tag-scolaire","tag-solidarite"],"yoast_head":"<!-- This site is optimized with the Yoast SEO plugin v27.2 - https:\/\/yoast.com\/product\/yoast-seo-wordpress\/ -->\n<title>MEYZIEU | Avenir Bevato &quot;sans l\u2019association 300 enfants sans instruction&quot; - News Est Lyonnais<\/title>\n<meta name=\"description\" content=\"MEYZIEU | Avenir Bevato &quot;Sans l\u2019association 300 enfants se retrouveraient sans instruction&quot;\" \/>\n<meta name=\"robots\" content=\"index, follow, max-snippet:-1, max-image-preview:large, max-video-preview:-1\" \/>\n<link rel=\"canonical\" href=\"https:\/\/newsestlyonnais.fr\/site\/2021\/01\/14\/meyzieu-avenir-bevato-sans-lassociation-300-enfants-sans-instruction\/\" \/>\n<meta property=\"og:locale\" content=\"fr_FR\" \/>\n<meta property=\"og:type\" content=\"article\" \/>\n<meta property=\"og:title\" content=\"MEYZIEU | Avenir Bevato &quot;sans l\u2019association 300 enfants sans instruction&quot; - News Est Lyonnais\" \/>\n<meta property=\"og:description\" content=\"MEYZIEU | Avenir Bevato &quot;Sans l\u2019association 300 enfants se retrouveraient sans instruction&quot;\" \/>\n<meta property=\"og:url\" content=\"https:\/\/newsestlyonnais.fr\/site\/2021\/01\/14\/meyzieu-avenir-bevato-sans-lassociation-300-enfants-sans-instruction\/\" \/>\n<meta property=\"og:site_name\" content=\"News Est Lyonnais\" \/>\n<meta property=\"article:author\" content=\"https:\/\/www.facebook.com\/pascal.oberson.1?fref=ts\" \/>\n<meta property=\"article:published_time\" content=\"2021-01-14T06:18:47+00:00\" \/>\n<meta property=\"article:modified_time\" content=\"2021-01-15T05:42:03+00:00\" \/>\n<meta property=\"og:image\" content=\"https:\/\/i0.wp.com\/newsestlyonnais.fr\/site\/wp-content\/uploads\/2021\/01\/15137463_1301571843249102_5488419255034584428_o.jpg?fit=1200%2C900&ssl=1\" \/>\n\t<meta property=\"og:image:width\" content=\"1200\" \/>\n\t<meta property=\"og:image:height\" content=\"900\" \/>\n\t<meta property=\"og:image:type\" content=\"image\/jpeg\" \/>\n<meta name=\"author\" content=\"R\u00e9dac. NEWS\" \/>\n<meta name=\"twitter:card\" content=\"summary_large_image\" \/>\n<meta name=\"twitter:label1\" content=\"\u00c9crit par\" \/>\n\t<meta name=\"twitter:data1\" content=\"R\u00e9dac. NEWS\" \/>\n\t<meta name=\"twitter:label2\" content=\"Dur\u00e9e de lecture estim\u00e9e\" \/>\n\t<meta name=\"twitter:data2\" content=\"5 minutes\" \/>\n<script type=\"application\/ld+json\" class=\"yoast-schema-graph\">{\"@context\":\"https:\/\/schema.org\",\"@graph\":[{\"@type\":\"Article\",\"@id\":\"https:\/\/newsestlyonnais.fr\/site\/2021\/01\/14\/meyzieu-avenir-bevato-sans-lassociation-300-enfants-sans-instruction\/#article\",\"isPartOf\":{\"@id\":\"https:\/\/newsestlyonnais.fr\/site\/2021\/01\/14\/meyzieu-avenir-bevato-sans-lassociation-300-enfants-sans-instruction\/\"},\"author\":{\"name\":\"R\u00e9dac. NEWS\",\"@id\":\"https:\/\/newsestlyonnais.fr\/site\/#\/schema\/person\/3230d5615f390bb808365d673001e887\"},\"headline\":\"MEYZIEU | Avenir Bevato \u00ab\u00a0sans l\u2019association 300 enfants sans instruction\u00a0\u00bb\",\"datePublished\":\"2021-01-14T06:18:47+00:00\",\"dateModified\":\"2021-01-15T05:42:03+00:00\",\"mainEntityOfPage\":{\"@id\":\"https:\/\/newsestlyonnais.fr\/site\/2021\/01\/14\/meyzieu-avenir-bevato-sans-lassociation-300-enfants-sans-instruction\/\"},\"wordCount\":1064,\"commentCount\":0,\"publisher\":{\"@id\":\"https:\/\/newsestlyonnais.fr\/site\/#organization\"},\"image\":{\"@id\":\"https:\/\/newsestlyonnais.fr\/site\/2021\/01\/14\/meyzieu-avenir-bevato-sans-lassociation-300-enfants-sans-instruction\/#primaryimage\"},\"thumbnailUrl\":\"https:\/\/newsestlyonnais.fr\/site\/wp-content\/uploads\/2021\/01\/15137463_1301571843249102_5488419255034584428_o.jpg\",\"keywords\":[\"AVENIR BEVATO\",\"MEYZIEU\",\"SCOLAIRE\",\"SOLIDARITE\"],\"articleSection\":[\"1 jour, 1 association\",\"Meyzieu\",\"Sant\u00e9 | Bien Etre | Solidarit\u00e9\",\"Scolaire\"],\"inLanguage\":\"fr-FR\",\"potentialAction\":[{\"@type\":\"CommentAction\",\"name\":\"Comment\",\"target\":[\"https:\/\/newsestlyonnais.fr\/site\/2021\/01\/14\/meyzieu-avenir-bevato-sans-lassociation-300-enfants-sans-instruction\/#respond\"]}]},{\"@type\":\"WebPage\",\"@id\":\"https:\/\/newsestlyonnais.fr\/site\/2021\/01\/14\/meyzieu-avenir-bevato-sans-lassociation-300-enfants-sans-instruction\/\",\"url\":\"https:\/\/newsestlyonnais.fr\/site\/2021\/01\/14\/meyzieu-avenir-bevato-sans-lassociation-300-enfants-sans-instruction\/\",\"name\":\"MEYZIEU | Avenir Bevato \\\"sans l\u2019association 300 enfants sans instruction\\\" - News Est Lyonnais\",\"isPartOf\":{\"@id\":\"https:\/\/newsestlyonnais.fr\/site\/#website\"},\"primaryImageOfPage\":{\"@id\":\"https:\/\/newsestlyonnais.fr\/site\/2021\/01\/14\/meyzieu-avenir-bevato-sans-lassociation-300-enfants-sans-instruction\/#primaryimage\"},\"image\":{\"@id\":\"https:\/\/newsestlyonnais.fr\/site\/2021\/01\/14\/meyzieu-avenir-bevato-sans-lassociation-300-enfants-sans-instruction\/#primaryimage\"},\"thumbnailUrl\":\"https:\/\/newsestlyonnais.fr\/site\/wp-content\/uploads\/2021\/01\/15137463_1301571843249102_5488419255034584428_o.jpg\",\"datePublished\":\"2021-01-14T06:18:47+00:00\",\"dateModified\":\"2021-01-15T05:42:03+00:00\",\"description\":\"MEYZIEU | Avenir Bevato \\\"Sans l\u2019association 300 enfants se retrouveraient sans instruction\\\"\",\"breadcrumb\":{\"@id\":\"https:\/\/newsestlyonnais.fr\/site\/2021\/01\/14\/meyzieu-avenir-bevato-sans-lassociation-300-enfants-sans-instruction\/#breadcrumb\"},\"inLanguage\":\"fr-FR\",\"potentialAction\":[{\"@type\":\"ReadAction\",\"target\":[\"https:\/\/newsestlyonnais.fr\/site\/2021\/01\/14\/meyzieu-avenir-bevato-sans-lassociation-300-enfants-sans-instruction\/\"]}]},{\"@type\":\"ImageObject\",\"inLanguage\":\"fr-FR\",\"@id\":\"https:\/\/newsestlyonnais.fr\/site\/2021\/01\/14\/meyzieu-avenir-bevato-sans-lassociation-300-enfants-sans-instruction\/#primaryimage\",\"url\":\"https:\/\/newsestlyonnais.fr\/site\/wp-content\/uploads\/2021\/01\/15137463_1301571843249102_5488419255034584428_o.jpg\",\"contentUrl\":\"https:\/\/newsestlyonnais.fr\/site\/wp-content\/uploads\/2021\/01\/15137463_1301571843249102_5488419255034584428_o.jpg\",\"width\":1200,\"height\":900},{\"@type\":\"BreadcrumbList\",\"@id\":\"https:\/\/newsestlyonnais.fr\/site\/2021\/01\/14\/meyzieu-avenir-bevato-sans-lassociation-300-enfants-sans-instruction\/#breadcrumb\",\"itemListElement\":[{\"@type\":\"ListItem\",\"position\":1,\"name\":\"Accueil\",\"item\":\"https:\/\/newsestlyonnais.fr\/site\/\"},{\"@type\":\"ListItem\",\"position\":2,\"name\":\"MEYZIEU | Avenir Bevato \u00ab\u00a0sans l\u2019association 300 enfants sans instruction\u00a0\u00bb\"}]},{\"@type\":\"WebSite\",\"@id\":\"https:\/\/newsestlyonnais.fr\/site\/#website\",\"url\":\"https:\/\/newsestlyonnais.fr\/site\/\",\"name\":\"News Est Lyonnais\",\"description\":\"L&#039;actualit\u00e9 au plus pr\u00e8s\",\"publisher\":{\"@id\":\"https:\/\/newsestlyonnais.fr\/site\/#organization\"},\"potentialAction\":[{\"@type\":\"SearchAction\",\"target\":{\"@type\":\"EntryPoint\",\"urlTemplate\":\"https:\/\/newsestlyonnais.fr\/site\/?s={search_term_string}\"},\"query-input\":{\"@type\":\"PropertyValueSpecification\",\"valueRequired\":true,\"valueName\":\"search_term_string\"}}],\"inLanguage\":\"fr-FR\"},{\"@type\":\"Organization\",\"@id\":\"https:\/\/newsestlyonnais.fr\/site\/#organization\",\"name\":\"News EST LYONNAIS\",\"url\":\"https:\/\/newsestlyonnais.fr\/site\/\",\"logo\":{\"@type\":\"ImageObject\",\"inLanguage\":\"fr-FR\",\"@id\":\"https:\/\/newsestlyonnais.fr\/site\/#\/schema\/logo\/image\/\",\"url\":\"\",\"contentUrl\":\"\",\"caption\":\"News EST LYONNAIS\"},\"image\":{\"@id\":\"https:\/\/newsestlyonnais.fr\/site\/#\/schema\/logo\/image\/\"}},{\"@type\":\"Person\",\"@id\":\"https:\/\/newsestlyonnais.fr\/site\/#\/schema\/person\/3230d5615f390bb808365d673001e887\",\"name\":\"R\u00e9dac. NEWS\",\"sameAs\":[\"http:\/\/www.newsestlyonnais.fr\",\"https:\/\/www.facebook.com\/pascal.oberson.1?fref=ts\",\"https:\/\/fr.linkedin.com\/in\/pascal-oberson-b17045113\"],\"url\":\"https:\/\/newsestlyonnais.fr\/site\/author\/nel\/\"}]}<\/script>\n<!-- \/ Yoast SEO plugin. -->","yoast_head_json":{"title":"MEYZIEU | Avenir Bevato \"sans l\u2019association 300 enfants sans instruction\" - News Est Lyonnais","description":"MEYZIEU | Avenir Bevato \"Sans l\u2019association 300 enfants se retrouveraient sans instruction\"","robots":{"index":"index","follow":"follow","max-snippet":"max-snippet:-1","max-image-preview":"max-image-preview:large","max-video-preview":"max-video-preview:-1"},"canonical":"https:\/\/newsestlyonnais.fr\/site\/2021\/01\/14\/meyzieu-avenir-bevato-sans-lassociation-300-enfants-sans-instruction\/","og_locale":"fr_FR","og_type":"article","og_title":"MEYZIEU | Avenir Bevato \"sans l\u2019association 300 enfants sans instruction\" - News Est Lyonnais","og_description":"MEYZIEU | Avenir Bevato \"Sans l\u2019association 300 enfants se retrouveraient sans instruction\"","og_url":"https:\/\/newsestlyonnais.fr\/site\/2021\/01\/14\/meyzieu-avenir-bevato-sans-lassociation-300-enfants-sans-instruction\/","og_site_name":"News Est Lyonnais","article_author":"https:\/\/www.facebook.com\/pascal.oberson.1?fref=ts","article_published_time":"2021-01-14T06:18:47+00:00","article_modified_time":"2021-01-15T05:42:03+00:00","og_image":[{"width":1200,"height":900,"url":"https:\/\/i0.wp.com\/newsestlyonnais.fr\/site\/wp-content\/uploads\/2021\/01\/15137463_1301571843249102_5488419255034584428_o.jpg?fit=1200%2C900&ssl=1","type":"image\/jpeg"}],"author":"R\u00e9dac. NEWS","twitter_card":"summary_large_image","twitter_misc":{"\u00c9crit par":"R\u00e9dac. NEWS","Dur\u00e9e de lecture estim\u00e9e":"5 minutes"},"schema":{"@context":"https:\/\/schema.org","@graph":[{"@type":"Article","@id":"https:\/\/newsestlyonnais.fr\/site\/2021\/01\/14\/meyzieu-avenir-bevato-sans-lassociation-300-enfants-sans-instruction\/#article","isPartOf":{"@id":"https:\/\/newsestlyonnais.fr\/site\/2021\/01\/14\/meyzieu-avenir-bevato-sans-lassociation-300-enfants-sans-instruction\/"},"author":{"name":"R\u00e9dac. NEWS","@id":"https:\/\/newsestlyonnais.fr\/site\/#\/schema\/person\/3230d5615f390bb808365d673001e887"},"headline":"MEYZIEU | Avenir Bevato \u00ab\u00a0sans l\u2019association 300 enfants sans instruction\u00a0\u00bb","datePublished":"2021-01-14T06:18:47+00:00","dateModified":"2021-01-15T05:42:03+00:00","mainEntityOfPage":{"@id":"https:\/\/newsestlyonnais.fr\/site\/2021\/01\/14\/meyzieu-avenir-bevato-sans-lassociation-300-enfants-sans-instruction\/"},"wordCount":1064,"commentCount":0,"publisher":{"@id":"https:\/\/newsestlyonnais.fr\/site\/#organization"},"image":{"@id":"https:\/\/newsestlyonnais.fr\/site\/2021\/01\/14\/meyzieu-avenir-bevato-sans-lassociation-300-enfants-sans-instruction\/#primaryimage"},"thumbnailUrl":"https:\/\/newsestlyonnais.fr\/site\/wp-content\/uploads\/2021\/01\/15137463_1301571843249102_5488419255034584428_o.jpg","keywords":["AVENIR BEVATO","MEYZIEU","SCOLAIRE","SOLIDARITE"],"articleSection":["1 jour, 1 association","Meyzieu","Sant\u00e9 | Bien Etre | Solidarit\u00e9","Scolaire"],"inLanguage":"fr-FR","potentialAction":[{"@type":"CommentAction","name":"Comment","target":["https:\/\/newsestlyonnais.fr\/site\/2021\/01\/14\/meyzieu-avenir-bevato-sans-lassociation-300-enfants-sans-instruction\/#respond"]}]},{"@type":"WebPage","@id":"https:\/\/newsestlyonnais.fr\/site\/2021\/01\/14\/meyzieu-avenir-bevato-sans-lassociation-300-enfants-sans-instruction\/","url":"https:\/\/newsestlyonnais.fr\/site\/2021\/01\/14\/meyzieu-avenir-bevato-sans-lassociation-300-enfants-sans-instruction\/","name":"MEYZIEU | Avenir Bevato \"sans l\u2019association 300 enfants sans instruction\" - News Est Lyonnais","isPartOf":{"@id":"https:\/\/newsestlyonnais.fr\/site\/#website"},"primaryImageOfPage":{"@id":"https:\/\/newsestlyonnais.fr\/site\/2021\/01\/14\/meyzieu-avenir-bevato-sans-lassociation-300-enfants-sans-instruction\/#primaryimage"},"image":{"@id":"https:\/\/newsestlyonnais.fr\/site\/2021\/01\/14\/meyzieu-avenir-bevato-sans-lassociation-300-enfants-sans-instruction\/#primaryimage"},"thumbnailUrl":"https:\/\/newsestlyonnais.fr\/site\/wp-content\/uploads\/2021\/01\/15137463_1301571843249102_5488419255034584428_o.jpg","datePublished":"2021-01-14T06:18:47+00:00","dateModified":"2021-01-15T05:42:03+00:00","description":"MEYZIEU | Avenir Bevato \"Sans l\u2019association 300 enfants se retrouveraient sans instruction\"","breadcrumb":{"@id":"https:\/\/newsestlyonnais.fr\/site\/2021\/01\/14\/meyzieu-avenir-bevato-sans-lassociation-300-enfants-sans-instruction\/#breadcrumb"},"inLanguage":"fr-FR","potentialAction":[{"@type":"ReadAction","target":["https:\/\/newsestlyonnais.fr\/site\/2021\/01\/14\/meyzieu-avenir-bevato-sans-lassociation-300-enfants-sans-instruction\/"]}]},{"@type":"ImageObject","inLanguage":"fr-FR","@id":"https:\/\/newsestlyonnais.fr\/site\/2021\/01\/14\/meyzieu-avenir-bevato-sans-lassociation-300-enfants-sans-instruction\/#primaryimage","url":"https:\/\/newsestlyonnais.fr\/site\/wp-content\/uploads\/2021\/01\/15137463_1301571843249102_5488419255034584428_o.jpg","contentUrl":"https:\/\/newsestlyonnais.fr\/site\/wp-content\/uploads\/2021\/01\/15137463_1301571843249102_5488419255034584428_o.jpg","width":1200,"height":900},{"@type":"BreadcrumbList","@id":"https:\/\/newsestlyonnais.fr\/site\/2021\/01\/14\/meyzieu-avenir-bevato-sans-lassociation-300-enfants-sans-instruction\/#breadcrumb","itemListElement":[{"@type":"ListItem","position":1,"name":"Accueil","item":"https:\/\/newsestlyonnais.fr\/site\/"},{"@type":"ListItem","position":2,"name":"MEYZIEU | Avenir Bevato \u00ab\u00a0sans l\u2019association 300 enfants sans instruction\u00a0\u00bb"}]},{"@type":"WebSite","@id":"https:\/\/newsestlyonnais.fr\/site\/#website","url":"https:\/\/newsestlyonnais.fr\/site\/","name":"News Est Lyonnais","description":"L&#039;actualit\u00e9 au plus pr\u00e8s","publisher":{"@id":"https:\/\/newsestlyonnais.fr\/site\/#organization"},"potentialAction":[{"@type":"SearchAction","target":{"@type":"EntryPoint","urlTemplate":"https:\/\/newsestlyonnais.fr\/site\/?s={search_term_string}"},"query-input":{"@type":"PropertyValueSpecification","valueRequired":true,"valueName":"search_term_string"}}],"inLanguage":"fr-FR"},{"@type":"Organization","@id":"https:\/\/newsestlyonnais.fr\/site\/#organization","name":"News EST LYONNAIS","url":"https:\/\/newsestlyonnais.fr\/site\/","logo":{"@type":"ImageObject","inLanguage":"fr-FR","@id":"https:\/\/newsestlyonnais.fr\/site\/#\/schema\/logo\/image\/","url":"","contentUrl":"","caption":"News EST LYONNAIS"},"image":{"@id":"https:\/\/newsestlyonnais.fr\/site\/#\/schema\/logo\/image\/"}},{"@type":"Person","@id":"https:\/\/newsestlyonnais.fr\/site\/#\/schema\/person\/3230d5615f390bb808365d673001e887","name":"R\u00e9dac. NEWS","sameAs":["http:\/\/www.newsestlyonnais.fr","https:\/\/www.facebook.com\/pascal.oberson.1?fref=ts","https:\/\/fr.linkedin.com\/in\/pascal-oberson-b17045113"],"url":"https:\/\/newsestlyonnais.fr\/site\/author\/nel\/"}]}},"_links":{"self":[{"href":"https:\/\/newsestlyonnais.fr\/site\/wp-json\/wp\/v2\/posts\/122239","targetHints":{"allow":["GET"]}}],"collection":[{"href":"https:\/\/newsestlyonnais.fr\/site\/wp-json\/wp\/v2\/posts"}],"about":[{"href":"https:\/\/newsestlyonnais.fr\/site\/wp-json\/wp\/v2\/types\/post"}],"author":[{"embeddable":true,"href":"https:\/\/newsestlyonnais.fr\/site\/wp-json\/wp\/v2\/users\/4"}],"replies":[{"embeddable":true,"href":"https:\/\/newsestlyonnais.fr\/site\/wp-json\/wp\/v2\/comments?post=122239"}],"version-history":[{"count":0,"href":"https:\/\/newsestlyonnais.fr\/site\/wp-json\/wp\/v2\/posts\/122239\/revisions"}],"wp:featuredmedia":[{"embeddable":true,"href":"https:\/\/newsestlyonnais.fr\/site\/wp-json\/wp\/v2\/media\/122439"}],"wp:attachment":[{"href":"https:\/\/newsestlyonnais.fr\/site\/wp-json\/wp\/v2\/media?parent=122239"}],"wp:term":[{"taxonomy":"category","embeddable":true,"href":"https:\/\/newsestlyonnais.fr\/site\/wp-json\/wp\/v2\/categories?post=122239"},{"taxonomy":"post_tag","embeddable":true,"href":"https:\/\/newsestlyonnais.fr\/site\/wp-json\/wp\/v2\/tags?post=122239"}],"curies":[{"name":"wp","href":"https:\/\/api.w.org\/{rel}","templated":true}]}}